{"id":46995,"date":"2023-09-20T12:26:40","date_gmt":"2023-09-20T10:26:40","guid":{"rendered":"https:\/\/www.esplac.cat\/?p=46995"},"modified":"2023-09-26T10:55:08","modified_gmt":"2023-09-26T08:55:08","slug":"tardes-lleure-antiracisme-arriben-esplac","status":"publish","type":"post","link":"https:\/\/www.esplac.cat\/en\/tardes-lleure-antiracisme-arriben-esplac\/","title":{"rendered":"Les primeres Tardes de Lleure i Antiracisme arriben a Esplac!"},"content":{"rendered":"<div class=\"fusion-fullwidth fullwidth-box fusion-builder-row-1 fusion-flex-container nonhundred-percent-fullwidth non-hundred-percent-height-scrolling\" style=\"--awb-border-radius-top-left:0px;--awb-border-radius-top-right:0px;--awb-border-radius-bottom-right:0px;--awb-border-radius-bottom-left:0px;--awb-flex-wrap:wrap;\" ><div class=\"fusion-builder-row fusion-row fusion-flex-align-items-flex-start fusion-flex-content-wrap\" style=\"max-width:1248px;margin-left: calc(-4% \/ 2 );margin-right: calc(-4% \/ 2 );\"><div class=\"fusion-layout-column fusion_builder_column fusion-builder-column-0 fusion_builder_column_1_1 1_1 fusion-flex-column\" style=\"--awb-bg-blend:overlay;--awb-bg-size:cover;--awb-width-large:100%;--awb-margin-top-large:0px;--awb-spacing-right-large:1.92%;--awb-margin-bottom-large:0px;--awb-spacing-left-large:1.92%;--awb-width-medium:100%;--awb-spacing-right-medium:1.92%;--awb-spacing-left-medium:1.92%;--awb-width-small:100%;--awb-spacing-right-small:1.92%;--awb-spacing-left-small:1.92%;\"><div class=\"fusion-column-wrapper fusion-flex-justify-content-flex-start fusion-content-layout-column\"><div class=\"fusion-text fusion-text-1\" style=\"--awb-text-transform:none;\"><h6><strong>Les Tardes de Lleure i Antiracisme ofereixen diferents espais de reflexi\u00f3 sobre com educar des d\u2019una perspectiva antiracista i decolonial. No t&#8217;ho pensis m\u00e9s, vine!<\/strong><\/h6>\n<p><span style=\"font-weight: 300;\">Durant els dies <strong>24, 25 i 26 d\u2019octubre<\/strong> tindr\u00e0 lloc la primera edici\u00f3 de les <span style=\"color: #f69d0b;\"><a style=\"color: #f69d0b;\" href=\"https:\/\/www.esplac.cat\/formacions\/tardes-lleure-i-antiracisme\/\" target=\"_blank\" rel=\"noopener\">Tardes de Lleure i Antiracisme<\/a><\/span>! Aquest nou espai formatiu neix amb la voluntat de reflexionar sobre <strong>com portem l\u2019antiracisme al dia a dia de les nostres entitats<\/strong>, des dels actes quotidians fins al plantejament educatiu o l\u2019estructura organitzativa.\u00a0<\/span><\/p>\n<p><span style=\"font-weight: 300;\">El racisme i el colonialisme s\u00f3n opressions estructurals, per\u00f2 m\u00e9s enll\u00e0 d&#8217;aix\u00f2, com impregnen els actes diaris, la comunicaci\u00f3 i el m\u00e8tode pedag\u00f2gic que seguim a les nostres entitats? Aprofundir\u00a0 en aquestes q\u00fcestions ens ajuda a entendre com opera el racisme i impacta directament en les estrat\u00e8gies que escollim per combatre\u2019l. Les Tardes de Lleure i Antiracisme volen ser una primera passa en aquest proc\u00e9s!\u00a0<\/span><\/p>\n<p><span style=\"font-weight: 300;\">Les formacions tindran lloc a l&#8217;Escola Lliure el Sol, Barcelona, de 18.30h a 20.30h. El cicle comptar\u00e0 amb 3 tallers; teniu l&#8217;opci\u00f3 d&#8217;escollir-ne un, dos o, fins i tot, participar als tres!<\/span><\/p>\n<p><span style=\"font-weight: 300;\"><strong>24 OCTUBRE. Pedagogies decolonials,<\/strong> a c\u00e0rrec de <\/span><span style=\"color: #f69d0b;\"><a style=\"color: #f69d0b;\" href=\"http:\/\/www.intervencionesdecoloniales.org\/\" target=\"_blank\" rel=\"noopener\">t.i.c.t.a.c<\/a><\/span><span style=\"font-weight: 300;\"> (taller de intervenciones cr\u00edticas transfeministas antirracistas combativas).<br \/>\n<\/span><span style=\"font-weight: 300;\">Les entitats de lleure creiem en l&#8217;educaci\u00f3 com una eina de transformaci\u00f3 social, per\u00f2&#8230; tenim clar quina transformaci\u00f3 volem? En aquest taller reflexionarem sobre la proposta pedag\u00f2gica que sostenim. Com constru\u00efm les relacions d&#8217;ensenyament i aprenentatge i a quin coneixement donem valor? Com q\u00fcestionem els factors estructurals que mantenen les desigualtats? Com ens enfrontem a les barreres sist\u00e8miques que cultiven i sostenen el racisme i el colonialisme?<\/span><\/p>\n<p><span style=\"font-weight: 300;\"><strong>25 OCTUBRE. Som antiracistes?<\/strong> Revisem la nostra organitzaci\u00f3, de la m\u00e0 de<\/span><span style=\"color: #f69d0b;\"><a style=\"color: #f69d0b;\" href=\"https:\/\/calala.org\/\" target=\"_blank\" rel=\"noopener\">\u00a0Calala<\/a><a style=\"color: #f69d0b;\" href=\"https:\/\/calala.org\/\" target=\"_blank\" rel=\"noopener\"> Fondo de Mujeres<\/a><\/span><span style=\"font-weight: 300;\"><strong>.<\/strong><br \/>\nEn aquest taller reflexionarem sobre els elements del racisme estructural que impregnen el dia a dia de les nostres entitats. Tamb\u00e9 treballarem estrat\u00e8gies per a poder identificar-los i revertir-los a partir de pr\u00e0ctiques antiracistes en \u00e0mbits com el relleu i la composici\u00f3 de l&#8217;equip de monis\/caps, el treball en xarxa, la relaci\u00f3 amb fam\u00edlies, aspectes pedag\u00f2gics, etc.<\/span><\/p>\n<p><span style=\"font-weight: 300;\"><strong>26 OCTUBRE. Art-Teatre<\/strong> per a una comunicaci\u00f3 antiracista, amb <span style=\"color: #f69d0b;\"><a style=\"color: #f69d0b;\" href=\"https:\/\/www.laxixateatre.org\/\" target=\"_blank\" rel=\"noopener\">La <\/a><\/span><\/span><span style=\"color: #f69d0b;\"><a style=\"color: #f69d0b;\" href=\"https:\/\/www.laxixateatre.org\/\" target=\"_blank\" rel=\"noopener\">Xixa Teatre<\/a><\/span><span style=\"font-weight: 300;\">.<br \/>\nEn aquest taller, a trav\u00e9s de l&#8217;art i el teatre, reflexionarem sobre quines formes de comunicaci\u00f3 tenim establertes a les nostres entitats i qu\u00e8 n&#8217;hem de canviar perqu\u00e8 siguin antiracistes. En resum, sacsejarem la manera en qu\u00e8 ens comuniquem!\u00a0<\/span><\/p>\n<p>Les <strong>inscripcions s\u2019obriran el dimecres 27 de setembre<\/strong> a trav\u00e9s del web de l\u2019<span style=\"color: #ffc779;\"><span style=\"color: #f69d0b;\"><a style=\"color: #f69d0b;\" href=\"https:\/\/escolaelsol.coop\/\" target=\"_blank\" rel=\"noopener\">Escola Lliure el Sol<\/a><\/span>.<\/span><\/p>\n\n\t\t<style type=\"text\/css\">\n\t\t\t#gallery-1 {\n\t\t\t\tmargin: auto;\n\t\t\t}\n\t\t\t#gallery-1 .gallery-item {\n\t\t\t\tfloat: left;\n\t\t\t\tmargin-top: 10px;\n\t\t\t\ttext-align: center;\n\t\t\t\twidth: 50%;\n\t\t\t}\n\t\t\t#gallery-1 img {\n\t\t\t\tborder: 2px solid #cfcfcf;\n\t\t\t}\n\t\t\t#gallery-1 .gallery-caption {\n\t\t\t\tmargin-left: 0;\n\t\t\t}\n\t\t\t\/* see gallery_shortcode() in wp-includes\/media.php *\/\n\t\t<\/style>\n\t\t<div id='gallery-1' class='gallery galleryid-46995 gallery-columns-2 gallery-size-fusion-600'><dl class='gallery-item'>\n\t\t\t<dt class='gallery-icon portrait'>\n\t\t\t\t<a data-rel=\"iLightbox[postimages]\" data-title=\"Cartell Tardes de Lleure i Antiracisme\" data-caption=\"\" href='https:\/\/www.esplac.cat\/en\/cartell-tardes-de-lleure-i-antiracisme-2-2\/'><img decoding=\"async\" width=\"600\" height=\"849\" src=\"https:\/\/www.esplac.cat\/wp-content\/uploads\/2023\/09\/Cartell-Tardes-de-Lleure-i-Antiracisme-2-600x849.jpg\" class=\"attachment-fusion-600 size-fusion-600\" alt=\"Tardes de Lleure i Antiracisme\" srcset=\"https:\/\/www.esplac.cat\/wp-content\/uploads\/2023\/09\/Cartell-Tardes-de-Lleure-i-Antiracisme-2-200x283.jpg 200w, https:\/\/www.esplac.cat\/wp-content\/uploads\/2023\/09\/Cartell-Tardes-de-Lleure-i-Antiracisme-2-212x300.jpg 212w, https:\/\/www.esplac.cat\/wp-content\/uploads\/2023\/09\/Cartell-Tardes-de-Lleure-i-Antiracisme-2-400x566.jpg 400w, https:\/\/www.esplac.cat\/wp-content\/uploads\/2023\/09\/Cartell-Tardes-de-Lleure-i-Antiracisme-2-600x849.jpg 600w, https:\/\/www.esplac.cat\/wp-content\/uploads\/2023\/09\/Cartell-Tardes-de-Lleure-i-Antiracisme-2-724x1024.jpg 724w, https:\/\/www.esplac.cat\/wp-content\/uploads\/2023\/09\/Cartell-Tardes-de-Lleure-i-Antiracisme-2-768x1086.jpg 768w, https:\/\/www.esplac.cat\/wp-content\/uploads\/2023\/09\/Cartell-Tardes-de-Lleure-i-Antiracisme-2-800x1132.jpg 800w, https:\/\/www.esplac.cat\/wp-content\/uploads\/2023\/09\/Cartell-Tardes-de-Lleure-i-Antiracisme-2-1086x1536.jpg 1086w, https:\/\/www.esplac.cat\/wp-content\/uploads\/2023\/09\/Cartell-Tardes-de-Lleure-i-Antiracisme-2-1200x1698.jpg 1200w, https:\/\/www.esplac.cat\/wp-content\/uploads\/2023\/09\/Cartell-Tardes-de-Lleure-i-Antiracisme-2-1448x2048.jpg 1448w, https:\/\/www.esplac.cat\/wp-content\/uploads\/2023\/09\/Cartell-Tardes-de-Lleure-i-Antiracisme-2.jpg 1587w\" sizes=\"(max-width: 600px) 100vw, 600px\" \/><\/a>\n\t\t\t<\/dt><\/dl><dl class='gallery-item'>\n\t\t\t<dt class='gallery-icon portrait'>\n\t\t\t\t<a data-rel=\"iLightbox[postimages]\" data-title=\"Cartell Tardes de Lleure i Antiracisme\" data-caption=\"\" href='https:\/\/www.esplac.cat\/en\/trainings\/tardes-lleure-i-antiracisme\/cartell-tardes-de-lleure-i-antiracisme-3-2\/'><img decoding=\"async\" width=\"600\" height=\"849\" src=\"https:\/\/www.esplac.cat\/wp-content\/uploads\/2023\/09\/Cartell-Tardes-de-Lleure-i-Antiracisme-3-600x849.jpg\" class=\"attachment-fusion-600 size-fusion-600\" alt=\"Tardes Lleure i Antiracisme\" srcset=\"https:\/\/www.esplac.cat\/wp-content\/uploads\/2023\/09\/Cartell-Tardes-de-Lleure-i-Antiracisme-3-200x283.jpg 200w, https:\/\/www.esplac.cat\/wp-content\/uploads\/2023\/09\/Cartell-Tardes-de-Lleure-i-Antiracisme-3-212x300.jpg 212w, https:\/\/www.esplac.cat\/wp-content\/uploads\/2023\/09\/Cartell-Tardes-de-Lleure-i-Antiracisme-3-400x566.jpg 400w, https:\/\/www.esplac.cat\/wp-content\/uploads\/2023\/09\/Cartell-Tardes-de-Lleure-i-Antiracisme-3-600x849.jpg 600w, https:\/\/www.esplac.cat\/wp-content\/uploads\/2023\/09\/Cartell-Tardes-de-Lleure-i-Antiracisme-3-724x1024.jpg 724w, https:\/\/www.esplac.cat\/wp-content\/uploads\/2023\/09\/Cartell-Tardes-de-Lleure-i-Antiracisme-3-768x1086.jpg 768w, https:\/\/www.esplac.cat\/wp-content\/uploads\/2023\/09\/Cartell-Tardes-de-Lleure-i-Antiracisme-3-800x1132.jpg 800w, https:\/\/www.esplac.cat\/wp-content\/uploads\/2023\/09\/Cartell-Tardes-de-Lleure-i-Antiracisme-3-1086x1536.jpg 1086w, https:\/\/www.esplac.cat\/wp-content\/uploads\/2023\/09\/Cartell-Tardes-de-Lleure-i-Antiracisme-3-1200x1698.jpg 1200w, https:\/\/www.esplac.cat\/wp-content\/uploads\/2023\/09\/Cartell-Tardes-de-Lleure-i-Antiracisme-3-1448x2048.jpg 1448w, https:\/\/www.esplac.cat\/wp-content\/uploads\/2023\/09\/Cartell-Tardes-de-Lleure-i-Antiracisme-3.jpg 1587w\" sizes=\"(max-width: 600px) 100vw, 600px\" \/><\/a>\n\t\t\t<\/dt><\/dl><br style=\"clear: both\" \/>\n\t\t<\/div>\n\n<\/div><\/div><\/div><\/div><\/div>\n","protected":false},"excerpt":{"rendered":"","protected":false},"author":3,"featured_media":46919,"comment_status":"closed","ping_status":"closed","sticky":false,"template":"","format":"standard","meta":{"om_disable_all_campaigns":false,"_monsterinsights_skip_tracking":false,"_monsterinsights_sitenote_active":false,"_monsterinsights_sitenote_note":"","_monsterinsights_sitenote_category":0,"_uf_show_specific_survey":0,"_uf_disable_surveys":false,"footnotes":""},"categories":[1330,1,1396],"tags":[],"class_list":["post-46995","post","type-post","status-publish","format-standard","has-post-thumbnail","hentry","category-jornades-interculturalitat","category-sense-categoria","category-socies"],"yoast_head":"<!-- This site is optimized with the Yoast SEO plugin v27.4 - https:\/\/yoast.com\/product\/yoast-seo-wordpress\/ -->\n<title>Les Tardes de Lleure i Antiracisme arriben a Esplac!<\/title>\n<meta name=\"description\" content=\"A les Tardes de Lleure i Antiracisme reflexionarem sobre com portem l\u2019antiracisme al dia a dia de les nostres entitats.\" \/>\n<meta name=\"robots\" content=\"index, follow, max-snippet:-1, max-image-preview:large, max-video-preview:-1\" \/>\n<link rel=\"canonical\" href=\"https:\/\/www.esplac.cat\/tardes-lleure-antiracisme-arriben-esplac\/\" \/>\n<meta property=\"og:locale\" content=\"en_US\" \/>\n<meta property=\"og:type\" content=\"article\" \/>\n<meta property=\"og:title\" content=\"Les Tardes de Lleure i Antiracisme arriben a Esplac!\" \/>\n<meta property=\"og:description\" content=\"A les Tardes de Lleure i Antiracisme reflexionarem sobre com portem l\u2019antiracisme al dia a dia de les nostres entitats.\" \/>\n<meta property=\"og:url\" content=\"https:\/\/www.esplac.cat\/tardes-lleure-antiracisme-arriben-esplac\/\" \/>\n<meta property=\"og:site_name\" content=\"Esplac\" \/>\n<meta property=\"article:published_time\" content=\"2023-09-20T10:26:40+00:00\" \/>\n<meta property=\"article:modified_time\" content=\"2023-09-26T08:55:08+00:00\" \/>\n<meta property=\"og:image\" content=\"https:\/\/www.esplac.cat\/wp-content\/uploads\/2023\/09\/Portades-Web-1-1.jpg\" \/>\n\t<meta property=\"og:image:width\" content=\"1697\" \/>\n\t<meta property=\"og:image:height\" content=\"700\" \/>\n\t<meta property=\"og:image:type\" content=\"image\/jpeg\" \/>\n<meta name=\"author\" content=\"Comunicaci\u00f3 Esplac\" \/>\n<meta name=\"twitter:card\" content=\"summary_large_image\" \/>\n<meta name=\"twitter:label1\" content=\"Written by\" \/>\n\t<meta name=\"twitter:data1\" content=\"Comunicaci\u00f3 Esplac\" \/>\n\t<meta name=\"twitter:label2\" content=\"Est. reading time\" \/>\n\t<meta name=\"twitter:data2\" content=\"3 minutes\" \/>\n<script type=\"application\/ld+json\" class=\"yoast-schema-graph\">{\"@context\":\"https:\\\/\\\/schema.org\",\"@graph\":[{\"@type\":\"Article\",\"@id\":\"https:\\\/\\\/www.esplac.cat\\\/tardes-lleure-antiracisme-arriben-esplac\\\/#article\",\"isPartOf\":{\"@id\":\"https:\\\/\\\/www.esplac.cat\\\/tardes-lleure-antiracisme-arriben-esplac\\\/\"},\"author\":{\"name\":\"Comunicaci\u00f3 Esplac\",\"@id\":\"https:\\\/\\\/www.esplac.cat\\\/#\\\/schema\\\/person\\\/908383cf240be18b68f8855d0583faca\"},\"headline\":\"Les primeres Tardes de Lleure i Antiracisme arriben a Esplac!\",\"datePublished\":\"2023-09-20T10:26:40+00:00\",\"dateModified\":\"2023-09-26T08:55:08+00:00\",\"mainEntityOfPage\":{\"@id\":\"https:\\\/\\\/www.esplac.cat\\\/tardes-lleure-antiracisme-arriben-esplac\\\/\"},\"wordCount\":649,\"publisher\":{\"@id\":\"https:\\\/\\\/www.esplac.cat\\\/#organization\"},\"image\":{\"@id\":\"https:\\\/\\\/www.esplac.cat\\\/tardes-lleure-antiracisme-arriben-esplac\\\/#primaryimage\"},\"thumbnailUrl\":\"https:\\\/\\\/www.esplac.cat\\\/wp-content\\\/uploads\\\/2023\\\/09\\\/Portades-Web-1-1.jpg\",\"articleSection\":[\"Jornades Interculturalitat\",\"Sense categoria\",\"S\u00f2cies\"],\"inLanguage\":\"en-US\"},{\"@type\":\"WebPage\",\"@id\":\"https:\\\/\\\/www.esplac.cat\\\/tardes-lleure-antiracisme-arriben-esplac\\\/\",\"url\":\"https:\\\/\\\/www.esplac.cat\\\/tardes-lleure-antiracisme-arriben-esplac\\\/\",\"name\":\"Les Tardes de Lleure i Antiracisme arriben a Esplac!\",\"isPartOf\":{\"@id\":\"https:\\\/\\\/www.esplac.cat\\\/#website\"},\"primaryImageOfPage\":{\"@id\":\"https:\\\/\\\/www.esplac.cat\\\/tardes-lleure-antiracisme-arriben-esplac\\\/#primaryimage\"},\"image\":{\"@id\":\"https:\\\/\\\/www.esplac.cat\\\/tardes-lleure-antiracisme-arriben-esplac\\\/#primaryimage\"},\"thumbnailUrl\":\"https:\\\/\\\/www.esplac.cat\\\/wp-content\\\/uploads\\\/2023\\\/09\\\/Portades-Web-1-1.jpg\",\"datePublished\":\"2023-09-20T10:26:40+00:00\",\"dateModified\":\"2023-09-26T08:55:08+00:00\",\"description\":\"A les Tardes de Lleure i Antiracisme reflexionarem sobre com portem l\u2019antiracisme al dia a dia de les nostres entitats.\",\"breadcrumb\":{\"@id\":\"https:\\\/\\\/www.esplac.cat\\\/tardes-lleure-antiracisme-arriben-esplac\\\/#breadcrumb\"},\"inLanguage\":\"en-US\",\"potentialAction\":[{\"@type\":\"ReadAction\",\"target\":[\"https:\\\/\\\/www.esplac.cat\\\/tardes-lleure-antiracisme-arriben-esplac\\\/\"]}]},{\"@type\":\"ImageObject\",\"inLanguage\":\"en-US\",\"@id\":\"https:\\\/\\\/www.esplac.cat\\\/tardes-lleure-antiracisme-arriben-esplac\\\/#primaryimage\",\"url\":\"https:\\\/\\\/www.esplac.cat\\\/wp-content\\\/uploads\\\/2023\\\/09\\\/Portades-Web-1-1.jpg\",\"contentUrl\":\"https:\\\/\\\/www.esplac.cat\\\/wp-content\\\/uploads\\\/2023\\\/09\\\/Portades-Web-1-1.jpg\",\"width\":1697,\"height\":700,\"caption\":\"Tardes Lleure Antiracisme 2023\"},{\"@type\":\"BreadcrumbList\",\"@id\":\"https:\\\/\\\/www.esplac.cat\\\/tardes-lleure-antiracisme-arriben-esplac\\\/#breadcrumb\",\"itemListElement\":[{\"@type\":\"ListItem\",\"position\":1,\"name\":\"Inici\",\"item\":\"https:\\\/\\\/www.esplac.cat\\\/en\\\/\"},{\"@type\":\"ListItem\",\"position\":2,\"name\":\"Les primeres Tardes de Lleure i Antiracisme arriben a Esplac!\"}]},{\"@type\":\"WebSite\",\"@id\":\"https:\\\/\\\/www.esplac.cat\\\/#website\",\"url\":\"https:\\\/\\\/www.esplac.cat\\\/\",\"name\":\"Esplac\",\"description\":\"Esplais Catalans\",\"publisher\":{\"@id\":\"https:\\\/\\\/www.esplac.cat\\\/#organization\"},\"potentialAction\":[{\"@type\":\"SearchAction\",\"target\":{\"@type\":\"EntryPoint\",\"urlTemplate\":\"https:\\\/\\\/www.esplac.cat\\\/?s={search_term_string}\"},\"query-input\":{\"@type\":\"PropertyValueSpecification\",\"valueRequired\":true,\"valueName\":\"search_term_string\"}}],\"inLanguage\":\"en-US\"},{\"@type\":\"Organization\",\"@id\":\"https:\\\/\\\/www.esplac.cat\\\/#organization\",\"name\":\"Esplac\",\"url\":\"https:\\\/\\\/www.esplac.cat\\\/\",\"logo\":{\"@type\":\"ImageObject\",\"inLanguage\":\"en-US\",\"@id\":\"https:\\\/\\\/www.esplac.cat\\\/#\\\/schema\\\/logo\\\/image\\\/\",\"url\":\"https:\\\/\\\/www.esplac.cat\\\/wp-content\\\/uploads\\\/2019\\\/08\\\/logox2.png\",\"contentUrl\":\"https:\\\/\\\/www.esplac.cat\\\/wp-content\\\/uploads\\\/2019\\\/08\\\/logox2.png\",\"width\":600,\"height\":295,\"caption\":\"Esplac\"},\"image\":{\"@id\":\"https:\\\/\\\/www.esplac.cat\\\/#\\\/schema\\\/logo\\\/image\\\/\"}},{\"@type\":\"Person\",\"@id\":\"https:\\\/\\\/www.esplac.cat\\\/#\\\/schema\\\/person\\\/908383cf240be18b68f8855d0583faca\",\"name\":\"Comunicaci\u00f3 Esplac\",\"image\":{\"@type\":\"ImageObject\",\"inLanguage\":\"en-US\",\"@id\":\"https:\\\/\\\/secure.gravatar.com\\\/avatar\\\/7a4cf8feb412a76ea4a740ca02d95b06b2907b5a6c648c2dd0a1082a093c3141?s=96&d=mm&r=g\",\"url\":\"https:\\\/\\\/secure.gravatar.com\\\/avatar\\\/7a4cf8feb412a76ea4a740ca02d95b06b2907b5a6c648c2dd0a1082a093c3141?s=96&d=mm&r=g\",\"contentUrl\":\"https:\\\/\\\/secure.gravatar.com\\\/avatar\\\/7a4cf8feb412a76ea4a740ca02d95b06b2907b5a6c648c2dd0a1082a093c3141?s=96&d=mm&r=g\",\"caption\":\"Comunicaci\u00f3 Esplac\"}}]}<\/script>\n<!-- \/ Yoast SEO plugin. -->","yoast_head_json":{"title":"Les Tardes de Lleure i Antiracisme arriben a Esplac!","description":"A les Tardes de Lleure i Antiracisme reflexionarem sobre com portem l\u2019antiracisme al dia a dia de les nostres entitats.","robots":{"index":"index","follow":"follow","max-snippet":"max-snippet:-1","max-image-preview":"max-image-preview:large","max-video-preview":"max-video-preview:-1"},"canonical":"https:\/\/www.esplac.cat\/tardes-lleure-antiracisme-arriben-esplac\/","og_locale":"en_US","og_type":"article","og_title":"Les Tardes de Lleure i Antiracisme arriben a Esplac!","og_description":"A les Tardes de Lleure i Antiracisme reflexionarem sobre com portem l\u2019antiracisme al dia a dia de les nostres entitats.","og_url":"https:\/\/www.esplac.cat\/tardes-lleure-antiracisme-arriben-esplac\/","og_site_name":"Esplac","article_published_time":"2023-09-20T10:26:40+00:00","article_modified_time":"2023-09-26T08:55:08+00:00","og_image":[{"width":1697,"height":700,"url":"https:\/\/www.esplac.cat\/wp-content\/uploads\/2023\/09\/Portades-Web-1-1.jpg","type":"image\/jpeg"}],"author":"Comunicaci\u00f3 Esplac","twitter_card":"summary_large_image","twitter_misc":{"Written by":"Comunicaci\u00f3 Esplac","Est. reading time":"3 minutes"},"schema":{"@context":"https:\/\/schema.org","@graph":[{"@type":"Article","@id":"https:\/\/www.esplac.cat\/tardes-lleure-antiracisme-arriben-esplac\/#article","isPartOf":{"@id":"https:\/\/www.esplac.cat\/tardes-lleure-antiracisme-arriben-esplac\/"},"author":{"name":"Comunicaci\u00f3 Esplac","@id":"https:\/\/www.esplac.cat\/#\/schema\/person\/908383cf240be18b68f8855d0583faca"},"headline":"Les primeres Tardes de Lleure i Antiracisme arriben a Esplac!","datePublished":"2023-09-20T10:26:40+00:00","dateModified":"2023-09-26T08:55:08+00:00","mainEntityOfPage":{"@id":"https:\/\/www.esplac.cat\/tardes-lleure-antiracisme-arriben-esplac\/"},"wordCount":649,"publisher":{"@id":"https:\/\/www.esplac.cat\/#organization"},"image":{"@id":"https:\/\/www.esplac.cat\/tardes-lleure-antiracisme-arriben-esplac\/#primaryimage"},"thumbnailUrl":"https:\/\/www.esplac.cat\/wp-content\/uploads\/2023\/09\/Portades-Web-1-1.jpg","articleSection":["Jornades Interculturalitat","Sense categoria","S\u00f2cies"],"inLanguage":"en-US"},{"@type":"WebPage","@id":"https:\/\/www.esplac.cat\/tardes-lleure-antiracisme-arriben-esplac\/","url":"https:\/\/www.esplac.cat\/tardes-lleure-antiracisme-arriben-esplac\/","name":"Les Tardes de Lleure i Antiracisme arriben a Esplac!","isPartOf":{"@id":"https:\/\/www.esplac.cat\/#website"},"primaryImageOfPage":{"@id":"https:\/\/www.esplac.cat\/tardes-lleure-antiracisme-arriben-esplac\/#primaryimage"},"image":{"@id":"https:\/\/www.esplac.cat\/tardes-lleure-antiracisme-arriben-esplac\/#primaryimage"},"thumbnailUrl":"https:\/\/www.esplac.cat\/wp-content\/uploads\/2023\/09\/Portades-Web-1-1.jpg","datePublished":"2023-09-20T10:26:40+00:00","dateModified":"2023-09-26T08:55:08+00:00","description":"A les Tardes de Lleure i Antiracisme reflexionarem sobre com portem l\u2019antiracisme al dia a dia de les nostres entitats.","breadcrumb":{"@id":"https:\/\/www.esplac.cat\/tardes-lleure-antiracisme-arriben-esplac\/#breadcrumb"},"inLanguage":"en-US","potentialAction":[{"@type":"ReadAction","target":["https:\/\/www.esplac.cat\/tardes-lleure-antiracisme-arriben-esplac\/"]}]},{"@type":"ImageObject","inLanguage":"en-US","@id":"https:\/\/www.esplac.cat\/tardes-lleure-antiracisme-arriben-esplac\/#primaryimage","url":"https:\/\/www.esplac.cat\/wp-content\/uploads\/2023\/09\/Portades-Web-1-1.jpg","contentUrl":"https:\/\/www.esplac.cat\/wp-content\/uploads\/2023\/09\/Portades-Web-1-1.jpg","width":1697,"height":700,"caption":"Tardes Lleure Antiracisme 2023"},{"@type":"BreadcrumbList","@id":"https:\/\/www.esplac.cat\/tardes-lleure-antiracisme-arriben-esplac\/#breadcrumb","itemListElement":[{"@type":"ListItem","position":1,"name":"Inici","item":"https:\/\/www.esplac.cat\/en\/"},{"@type":"ListItem","position":2,"name":"Les primeres Tardes de Lleure i Antiracisme arriben a Esplac!"}]},{"@type":"WebSite","@id":"https:\/\/www.esplac.cat\/#website","url":"https:\/\/www.esplac.cat\/","name":"Esplac","description":"Esplais Catalans","publisher":{"@id":"https:\/\/www.esplac.cat\/#organization"},"potentialAction":[{"@type":"SearchAction","target":{"@type":"EntryPoint","urlTemplate":"https:\/\/www.esplac.cat\/?s={search_term_string}"},"query-input":{"@type":"PropertyValueSpecification","valueRequired":true,"valueName":"search_term_string"}}],"inLanguage":"en-US"},{"@type":"Organization","@id":"https:\/\/www.esplac.cat\/#organization","name":"Esplac","url":"https:\/\/www.esplac.cat\/","logo":{"@type":"ImageObject","inLanguage":"en-US","@id":"https:\/\/www.esplac.cat\/#\/schema\/logo\/image\/","url":"https:\/\/www.esplac.cat\/wp-content\/uploads\/2019\/08\/logox2.png","contentUrl":"https:\/\/www.esplac.cat\/wp-content\/uploads\/2019\/08\/logox2.png","width":600,"height":295,"caption":"Esplac"},"image":{"@id":"https:\/\/www.esplac.cat\/#\/schema\/logo\/image\/"}},{"@type":"Person","@id":"https:\/\/www.esplac.cat\/#\/schema\/person\/908383cf240be18b68f8855d0583faca","name":"Comunicaci\u00f3 Esplac","image":{"@type":"ImageObject","inLanguage":"en-US","@id":"https:\/\/secure.gravatar.com\/avatar\/7a4cf8feb412a76ea4a740ca02d95b06b2907b5a6c648c2dd0a1082a093c3141?s=96&d=mm&r=g","url":"https:\/\/secure.gravatar.com\/avatar\/7a4cf8feb412a76ea4a740ca02d95b06b2907b5a6c648c2dd0a1082a093c3141?s=96&d=mm&r=g","contentUrl":"https:\/\/secure.gravatar.com\/avatar\/7a4cf8feb412a76ea4a740ca02d95b06b2907b5a6c648c2dd0a1082a093c3141?s=96&d=mm&r=g","caption":"Comunicaci\u00f3 Esplac"}}]}},"_links":{"self":[{"href":"https:\/\/www.esplac.cat\/en\/wp-json\/wp\/v2\/posts\/46995","targetHints":{"allow":["GET"]}}],"collection":[{"href":"https:\/\/www.esplac.cat\/en\/wp-json\/wp\/v2\/posts"}],"about":[{"href":"https:\/\/www.esplac.cat\/en\/wp-json\/wp\/v2\/types\/post"}],"author":[{"embeddable":true,"href":"https:\/\/www.esplac.cat\/en\/wp-json\/wp\/v2\/users\/3"}],"replies":[{"embeddable":true,"href":"https:\/\/www.esplac.cat\/en\/wp-json\/wp\/v2\/comments?post=46995"}],"version-history":[{"count":0,"href":"https:\/\/www.esplac.cat\/en\/wp-json\/wp\/v2\/posts\/46995\/revisions"}],"wp:featuredmedia":[{"embeddable":true,"href":"https:\/\/www.esplac.cat\/en\/wp-json\/wp\/v2\/media\/46919"}],"wp:attachment":[{"href":"https:\/\/www.esplac.cat\/en\/wp-json\/wp\/v2\/media?parent=46995"}],"wp:term":[{"taxonomy":"category","embeddable":true,"href":"https:\/\/www.esplac.cat\/en\/wp-json\/wp\/v2\/categories?post=46995"},{"taxonomy":"post_tag","embeddable":true,"href":"https:\/\/www.esplac.cat\/en\/wp-json\/wp\/v2\/tags?post=46995"}],"curies":[{"name":"wp","href":"https:\/\/api.w.org\/{rel}","templated":true}]}}