{"id":47034,"date":"2023-09-21T10:34:22","date_gmt":"2023-09-21T08:34:22","guid":{"rendered":"https:\/\/www.esplac.cat\/?p=47034"},"modified":"2023-09-21T17:06:07","modified_gmt":"2023-09-21T15:06:07","slug":"combatent-ecoansietat-x-edicio-jornades-ambientals","status":"publish","type":"post","link":"https:\/\/www.esplac.cat\/en\/combatent-ecoansietat-x-edicio-jornades-ambientals\/","title":{"rendered":"Combatent l&#8217;ecoansietat a la X edici\u00f3 de les Jornades Ambientals"},"content":{"rendered":"<h6><strong>El pr\u00f2xim diumenge 22 d\u2019octubre Esplais Catalans celebrar\u00e0 la desena edici\u00f3 de les Jornades Ambientals, una jornada per a reflexionar sobre l\u2019ecoansietat que ens provoca la crisi clim\u00e0tica que afecta el planeta i analitzar col\u00b7lectivament com aquesta afecta el dia a dia dels esplais<\/strong><\/h6>\n<p><span style=\"font-weight: 400;\">Un any m\u00e9s, la comissi\u00f3 <span style=\"color: #f69d0b;\"><a style=\"color: #f69d0b;\" href=\"https:\/\/www.esplac.cat\/comissions\/reduint-petjada\/\" target=\"_blank\" rel=\"noopener\">Reduint Petjada<\/a><\/span> organitza les <a href=\"https:\/\/www.esplac.cat\/formacions\/jornades-ambientals\/\" target=\"_blank\" rel=\"noopener\"><span style=\"color: #f69d0b;\">Jornades Ambientals<\/span><\/a>, un espai de formaci\u00f3, reflexi\u00f3 i debat pensat monitores i monitors, dirigents i s\u00f2cies d\u2019Esplac. Enguany la tem\u00e0tica girar\u00e0 entorn de l\u2019<\/span><b>ecoansietat. <\/b><span style=\"font-weight: 400;\">L\u2019ecoansietat \u00e9s una alteraci\u00f3 emocional i psicol\u00f2gica provocada per l\u2019estat i el futur del medi ambient i la natura.<\/span><span style=\"font-weight: 400;\"> Dit aix\u00ed s\u00f3n paraules molt grosses, p<\/span><span style=\"font-weight: 400;\">er\u00f2\u00a0 com afecta al nostre dia a dia? Des dels esplais, com podem treballar-ho? Estem generant espais col\u00b7lectius per parlar-ne?<\/span><\/p>\n<p><span style=\"font-weight: 400;\">Sota el t\u00edtol &#8220;<strong>Combatent l&#8217;ecoansietat<\/strong>&#8220;, a les Jornades Ambientals abordarem aquesta problem\u00e0tica a trav\u00e9s de tallers, pon\u00e8ncies i debats de la m\u00e0 d\u2019activistes, organitzacions i entitats relacionades amb la lluita pel medi ambient i els drets humans. La jornada arrencar\u00e0 amb una <strong>pon\u00e8ncia inicial<\/strong> a c\u00e0rrec de la <strong>J\u00falia Hosta<\/strong>, activista pel clima i antiga membre de la comissi\u00f3 Reduint Petjada. A mig mat\u00ed hi haur\u00e0 espai per a dos tallers simultanis; un sobre <strong>pensament cr\u00edtic a trav\u00e9s del teatre<\/strong>, a c\u00e0rrec de <span style=\"color: #f69d0b;\"><a style=\"color: #f69d0b;\" href=\"http:\/\/www.elcabdell.cat\/\" target=\"_blank\" rel=\"noopener\">El Cabdell<\/a><\/span>, i un altre per explorar a trav\u00e9s del fotoreportatge <strong>com l\u2019escalfament global afecta els drets humans<\/strong>, a c\u00e0rrec de <span style=\"color: #f69d0b;\"><a style=\"color: #f69d0b;\" href=\"https:\/\/www.ruidophoto.com\/es\/\" target=\"_blank\" rel=\"noopener\">RuidoPhoto<\/a><\/span>. Finalment, despr\u00e9s d&#8217;un dinar de carmanyola, a la tarda seguirem un taller participatiu i la cloenda de les jornades.\u00a0<\/span><\/p>\n<p><span style=\"font-weight: 400;\">Les jornades se celebraran a <strong>Can Crehuet<\/strong>, al barri d&#8217;Horta de Barcelona, de <strong>10h a 17h<\/strong>. Tota la informaci\u00f3 actualitzada la podreu trobar a l&#8217;<strong>apartat del web<\/strong> de les Jornades Ambientals, on tamb\u00e9 hi ha recollides les edicions anteriors d&#8217;aquestes jornades.<\/span><\/p>\n<p><img decoding=\"async\" class=\"aligncenter wp-image-47056 size-large\" src=\"https:\/\/www.esplac.cat\/wp-content\/uploads\/2023\/09\/Cartell_Instagram_Jornades_Ambientals-819x1024.jpg\" alt=\"JOrnades Ambientals ecoansietat\" width=\"819\" height=\"1024\" srcset=\"https:\/\/www.esplac.cat\/wp-content\/uploads\/2023\/09\/Cartell_Instagram_Jornades_Ambientals-200x250.jpg 200w, https:\/\/www.esplac.cat\/wp-content\/uploads\/2023\/09\/Cartell_Instagram_Jornades_Ambientals-240x300.jpg 240w, https:\/\/www.esplac.cat\/wp-content\/uploads\/2023\/09\/Cartell_Instagram_Jornades_Ambientals-400x500.jpg 400w, https:\/\/www.esplac.cat\/wp-content\/uploads\/2023\/09\/Cartell_Instagram_Jornades_Ambientals-600x750.jpg 600w, https:\/\/www.esplac.cat\/wp-content\/uploads\/2023\/09\/Cartell_Instagram_Jornades_Ambientals-768x960.jpg 768w, https:\/\/www.esplac.cat\/wp-content\/uploads\/2023\/09\/Cartell_Instagram_Jornades_Ambientals-800x1000.jpg 800w, https:\/\/www.esplac.cat\/wp-content\/uploads\/2023\/09\/Cartell_Instagram_Jornades_Ambientals-819x1024.jpg 819w, https:\/\/www.esplac.cat\/wp-content\/uploads\/2023\/09\/Cartell_Instagram_Jornades_Ambientals.jpg 1080w\" sizes=\"(max-width: 819px) 100vw, 819px\" \/><\/p>\n","protected":false},"excerpt":{"rendered":"<p>El pr\u00f2xim diumenge 22 d\u2019octubre Esplais Catalans celebrar\u00e0 la desena [&hellip;]<\/p>\n","protected":false},"author":3,"featured_media":46964,"comment_status":"closed","ping_status":"closed","sticky":false,"template":"","format":"standard","meta":{"om_disable_all_campaigns":false,"_monsterinsights_skip_tracking":false,"_monsterinsights_sitenote_active":false,"_monsterinsights_sitenote_note":"","_monsterinsights_sitenote_category":0,"_uf_show_specific_survey":0,"_uf_disable_surveys":false,"footnotes":""},"categories":[1159,1396],"tags":[],"class_list":["post-47034","post","type-post","status-publish","format-standard","has-post-thumbnail","hentry","category-jornades-ambientals","category-socies"],"yoast_head":"<!-- This site is optimized with the Yoast SEO plugin v27.4 - https:\/\/yoast.com\/product\/yoast-seo-wordpress\/ -->\n<title>Combatent l&#039;ecoansietat a la X edici\u00f3 de les Jornades Ambientals - Esplac<\/title>\n<meta name=\"description\" content=\"Com afecta l&#039;ecoanisetat al nostre dia a dia? Des dels esplais, com podem treballar-ho? Estem generant espais col\u00b7lectius per parlar-ne?\" \/>\n<meta name=\"robots\" content=\"index, follow, max-snippet:-1, max-image-preview:large, max-video-preview:-1\" \/>\n<link rel=\"canonical\" href=\"https:\/\/www.esplac.cat\/combatent-ecoansietat-x-edicio-jornades-ambientals\/\" \/>\n<meta property=\"og:locale\" content=\"en_US\" \/>\n<meta property=\"og:type\" content=\"article\" \/>\n<meta property=\"og:title\" content=\"Combatent l&#039;ecoansietat a la X edici\u00f3 de les Jornades Ambientals - Esplac\" \/>\n<meta property=\"og:description\" content=\"Com afecta l&#039;ecoanisetat al nostre dia a dia? Des dels esplais, com podem treballar-ho? Estem generant espais col\u00b7lectius per parlar-ne?\" \/>\n<meta property=\"og:url\" content=\"https:\/\/www.esplac.cat\/combatent-ecoansietat-x-edicio-jornades-ambientals\/\" \/>\n<meta property=\"og:site_name\" content=\"Esplac\" \/>\n<meta property=\"article:published_time\" content=\"2023-09-21T08:34:22+00:00\" \/>\n<meta property=\"article:modified_time\" content=\"2023-09-21T15:06:07+00:00\" \/>\n<meta property=\"og:image\" content=\"https:\/\/www.esplac.cat\/wp-content\/uploads\/2023\/09\/Portades-Web-2-1.jpg\" \/>\n\t<meta property=\"og:image:width\" content=\"1697\" \/>\n\t<meta property=\"og:image:height\" content=\"700\" \/>\n\t<meta property=\"og:image:type\" content=\"image\/jpeg\" \/>\n<meta name=\"author\" content=\"Comunicaci\u00f3 Esplac\" \/>\n<meta name=\"twitter:card\" content=\"summary_large_image\" \/>\n<meta name=\"twitter:label1\" content=\"Written by\" \/>\n\t<meta name=\"twitter:data1\" content=\"Comunicaci\u00f3 Esplac\" \/>\n\t<meta name=\"twitter:label2\" content=\"Est. reading time\" \/>\n\t<meta name=\"twitter:data2\" content=\"2 minutes\" \/>\n<script type=\"application\/ld+json\" class=\"yoast-schema-graph\">{\"@context\":\"https:\\\/\\\/schema.org\",\"@graph\":[{\"@type\":\"Article\",\"@id\":\"https:\\\/\\\/www.esplac.cat\\\/combatent-ecoansietat-x-edicio-jornades-ambientals\\\/#article\",\"isPartOf\":{\"@id\":\"https:\\\/\\\/www.esplac.cat\\\/combatent-ecoansietat-x-edicio-jornades-ambientals\\\/\"},\"author\":{\"name\":\"Comunicaci\u00f3 Esplac\",\"@id\":\"https:\\\/\\\/www.esplac.cat\\\/#\\\/schema\\\/person\\\/908383cf240be18b68f8855d0583faca\"},\"headline\":\"Combatent l&#8217;ecoansietat a la X edici\u00f3 de les Jornades Ambientals\",\"datePublished\":\"2023-09-21T08:34:22+00:00\",\"dateModified\":\"2023-09-21T15:06:07+00:00\",\"mainEntityOfPage\":{\"@id\":\"https:\\\/\\\/www.esplac.cat\\\/combatent-ecoansietat-x-edicio-jornades-ambientals\\\/\"},\"wordCount\":333,\"publisher\":{\"@id\":\"https:\\\/\\\/www.esplac.cat\\\/#organization\"},\"image\":{\"@id\":\"https:\\\/\\\/www.esplac.cat\\\/combatent-ecoansietat-x-edicio-jornades-ambientals\\\/#primaryimage\"},\"thumbnailUrl\":\"https:\\\/\\\/www.esplac.cat\\\/wp-content\\\/uploads\\\/2023\\\/09\\\/Portades-Web-2-1.jpg\",\"articleSection\":[\"Jornades ambientals\",\"S\u00f2cies\"],\"inLanguage\":\"en-US\"},{\"@type\":\"WebPage\",\"@id\":\"https:\\\/\\\/www.esplac.cat\\\/combatent-ecoansietat-x-edicio-jornades-ambientals\\\/\",\"url\":\"https:\\\/\\\/www.esplac.cat\\\/combatent-ecoansietat-x-edicio-jornades-ambientals\\\/\",\"name\":\"Combatent l'ecoansietat a la X edici\u00f3 de les Jornades Ambientals - Esplac\",\"isPartOf\":{\"@id\":\"https:\\\/\\\/www.esplac.cat\\\/#website\"},\"primaryImageOfPage\":{\"@id\":\"https:\\\/\\\/www.esplac.cat\\\/combatent-ecoansietat-x-edicio-jornades-ambientals\\\/#primaryimage\"},\"image\":{\"@id\":\"https:\\\/\\\/www.esplac.cat\\\/combatent-ecoansietat-x-edicio-jornades-ambientals\\\/#primaryimage\"},\"thumbnailUrl\":\"https:\\\/\\\/www.esplac.cat\\\/wp-content\\\/uploads\\\/2023\\\/09\\\/Portades-Web-2-1.jpg\",\"datePublished\":\"2023-09-21T08:34:22+00:00\",\"dateModified\":\"2023-09-21T15:06:07+00:00\",\"description\":\"Com afecta l'ecoanisetat al nostre dia a dia? Des dels esplais, com podem treballar-ho? Estem generant espais col\u00b7lectius per parlar-ne?\",\"breadcrumb\":{\"@id\":\"https:\\\/\\\/www.esplac.cat\\\/combatent-ecoansietat-x-edicio-jornades-ambientals\\\/#breadcrumb\"},\"inLanguage\":\"en-US\",\"potentialAction\":[{\"@type\":\"ReadAction\",\"target\":[\"https:\\\/\\\/www.esplac.cat\\\/combatent-ecoansietat-x-edicio-jornades-ambientals\\\/\"]}]},{\"@type\":\"ImageObject\",\"inLanguage\":\"en-US\",\"@id\":\"https:\\\/\\\/www.esplac.cat\\\/combatent-ecoansietat-x-edicio-jornades-ambientals\\\/#primaryimage\",\"url\":\"https:\\\/\\\/www.esplac.cat\\\/wp-content\\\/uploads\\\/2023\\\/09\\\/Portades-Web-2-1.jpg\",\"contentUrl\":\"https:\\\/\\\/www.esplac.cat\\\/wp-content\\\/uploads\\\/2023\\\/09\\\/Portades-Web-2-1.jpg\",\"width\":1697,\"height\":700,\"caption\":\"Jornades Ambientals 2023\"},{\"@type\":\"BreadcrumbList\",\"@id\":\"https:\\\/\\\/www.esplac.cat\\\/combatent-ecoansietat-x-edicio-jornades-ambientals\\\/#breadcrumb\",\"itemListElement\":[{\"@type\":\"ListItem\",\"position\":1,\"name\":\"Inici\",\"item\":\"https:\\\/\\\/www.esplac.cat\\\/en\\\/\"},{\"@type\":\"ListItem\",\"position\":2,\"name\":\"Combatent l&#8217;ecoansietat a la X edici\u00f3 de les Jornades Ambientals\"}]},{\"@type\":\"WebSite\",\"@id\":\"https:\\\/\\\/www.esplac.cat\\\/#website\",\"url\":\"https:\\\/\\\/www.esplac.cat\\\/\",\"name\":\"Esplac\",\"description\":\"Esplais Catalans\",\"publisher\":{\"@id\":\"https:\\\/\\\/www.esplac.cat\\\/#organization\"},\"potentialAction\":[{\"@type\":\"SearchAction\",\"target\":{\"@type\":\"EntryPoint\",\"urlTemplate\":\"https:\\\/\\\/www.esplac.cat\\\/?s={search_term_string}\"},\"query-input\":{\"@type\":\"PropertyValueSpecification\",\"valueRequired\":true,\"valueName\":\"search_term_string\"}}],\"inLanguage\":\"en-US\"},{\"@type\":\"Organization\",\"@id\":\"https:\\\/\\\/www.esplac.cat\\\/#organization\",\"name\":\"Esplac\",\"url\":\"https:\\\/\\\/www.esplac.cat\\\/\",\"logo\":{\"@type\":\"ImageObject\",\"inLanguage\":\"en-US\",\"@id\":\"https:\\\/\\\/www.esplac.cat\\\/#\\\/schema\\\/logo\\\/image\\\/\",\"url\":\"https:\\\/\\\/www.esplac.cat\\\/wp-content\\\/uploads\\\/2019\\\/08\\\/logox2.png\",\"contentUrl\":\"https:\\\/\\\/www.esplac.cat\\\/wp-content\\\/uploads\\\/2019\\\/08\\\/logox2.png\",\"width\":600,\"height\":295,\"caption\":\"Esplac\"},\"image\":{\"@id\":\"https:\\\/\\\/www.esplac.cat\\\/#\\\/schema\\\/logo\\\/image\\\/\"}},{\"@type\":\"Person\",\"@id\":\"https:\\\/\\\/www.esplac.cat\\\/#\\\/schema\\\/person\\\/908383cf240be18b68f8855d0583faca\",\"name\":\"Comunicaci\u00f3 Esplac\",\"image\":{\"@type\":\"ImageObject\",\"inLanguage\":\"en-US\",\"@id\":\"https:\\\/\\\/secure.gravatar.com\\\/avatar\\\/7a4cf8feb412a76ea4a740ca02d95b06b2907b5a6c648c2dd0a1082a093c3141?s=96&d=mm&r=g\",\"url\":\"https:\\\/\\\/secure.gravatar.com\\\/avatar\\\/7a4cf8feb412a76ea4a740ca02d95b06b2907b5a6c648c2dd0a1082a093c3141?s=96&d=mm&r=g\",\"contentUrl\":\"https:\\\/\\\/secure.gravatar.com\\\/avatar\\\/7a4cf8feb412a76ea4a740ca02d95b06b2907b5a6c648c2dd0a1082a093c3141?s=96&d=mm&r=g\",\"caption\":\"Comunicaci\u00f3 Esplac\"}}]}<\/script>\n<!-- \/ Yoast SEO plugin. -->","yoast_head_json":{"title":"Combatent l'ecoansietat a la X edici\u00f3 de les Jornades Ambientals - Esplac","description":"Com afecta l'ecoanisetat al nostre dia a dia? Des dels esplais, com podem treballar-ho? Estem generant espais col\u00b7lectius per parlar-ne?","robots":{"index":"index","follow":"follow","max-snippet":"max-snippet:-1","max-image-preview":"max-image-preview:large","max-video-preview":"max-video-preview:-1"},"canonical":"https:\/\/www.esplac.cat\/combatent-ecoansietat-x-edicio-jornades-ambientals\/","og_locale":"en_US","og_type":"article","og_title":"Combatent l'ecoansietat a la X edici\u00f3 de les Jornades Ambientals - Esplac","og_description":"Com afecta l'ecoanisetat al nostre dia a dia? Des dels esplais, com podem treballar-ho? Estem generant espais col\u00b7lectius per parlar-ne?","og_url":"https:\/\/www.esplac.cat\/combatent-ecoansietat-x-edicio-jornades-ambientals\/","og_site_name":"Esplac","article_published_time":"2023-09-21T08:34:22+00:00","article_modified_time":"2023-09-21T15:06:07+00:00","og_image":[{"width":1697,"height":700,"url":"https:\/\/www.esplac.cat\/wp-content\/uploads\/2023\/09\/Portades-Web-2-1.jpg","type":"image\/jpeg"}],"author":"Comunicaci\u00f3 Esplac","twitter_card":"summary_large_image","twitter_misc":{"Written by":"Comunicaci\u00f3 Esplac","Est. reading time":"2 minutes"},"schema":{"@context":"https:\/\/schema.org","@graph":[{"@type":"Article","@id":"https:\/\/www.esplac.cat\/combatent-ecoansietat-x-edicio-jornades-ambientals\/#article","isPartOf":{"@id":"https:\/\/www.esplac.cat\/combatent-ecoansietat-x-edicio-jornades-ambientals\/"},"author":{"name":"Comunicaci\u00f3 Esplac","@id":"https:\/\/www.esplac.cat\/#\/schema\/person\/908383cf240be18b68f8855d0583faca"},"headline":"Combatent l&#8217;ecoansietat a la X edici\u00f3 de les Jornades Ambientals","datePublished":"2023-09-21T08:34:22+00:00","dateModified":"2023-09-21T15:06:07+00:00","mainEntityOfPage":{"@id":"https:\/\/www.esplac.cat\/combatent-ecoansietat-x-edicio-jornades-ambientals\/"},"wordCount":333,"publisher":{"@id":"https:\/\/www.esplac.cat\/#organization"},"image":{"@id":"https:\/\/www.esplac.cat\/combatent-ecoansietat-x-edicio-jornades-ambientals\/#primaryimage"},"thumbnailUrl":"https:\/\/www.esplac.cat\/wp-content\/uploads\/2023\/09\/Portades-Web-2-1.jpg","articleSection":["Jornades ambientals","S\u00f2cies"],"inLanguage":"en-US"},{"@type":"WebPage","@id":"https:\/\/www.esplac.cat\/combatent-ecoansietat-x-edicio-jornades-ambientals\/","url":"https:\/\/www.esplac.cat\/combatent-ecoansietat-x-edicio-jornades-ambientals\/","name":"Combatent l'ecoansietat a la X edici\u00f3 de les Jornades Ambientals - Esplac","isPartOf":{"@id":"https:\/\/www.esplac.cat\/#website"},"primaryImageOfPage":{"@id":"https:\/\/www.esplac.cat\/combatent-ecoansietat-x-edicio-jornades-ambientals\/#primaryimage"},"image":{"@id":"https:\/\/www.esplac.cat\/combatent-ecoansietat-x-edicio-jornades-ambientals\/#primaryimage"},"thumbnailUrl":"https:\/\/www.esplac.cat\/wp-content\/uploads\/2023\/09\/Portades-Web-2-1.jpg","datePublished":"2023-09-21T08:34:22+00:00","dateModified":"2023-09-21T15:06:07+00:00","description":"Com afecta l'ecoanisetat al nostre dia a dia? Des dels esplais, com podem treballar-ho? Estem generant espais col\u00b7lectius per parlar-ne?","breadcrumb":{"@id":"https:\/\/www.esplac.cat\/combatent-ecoansietat-x-edicio-jornades-ambientals\/#breadcrumb"},"inLanguage":"en-US","potentialAction":[{"@type":"ReadAction","target":["https:\/\/www.esplac.cat\/combatent-ecoansietat-x-edicio-jornades-ambientals\/"]}]},{"@type":"ImageObject","inLanguage":"en-US","@id":"https:\/\/www.esplac.cat\/combatent-ecoansietat-x-edicio-jornades-ambientals\/#primaryimage","url":"https:\/\/www.esplac.cat\/wp-content\/uploads\/2023\/09\/Portades-Web-2-1.jpg","contentUrl":"https:\/\/www.esplac.cat\/wp-content\/uploads\/2023\/09\/Portades-Web-2-1.jpg","width":1697,"height":700,"caption":"Jornades Ambientals 2023"},{"@type":"BreadcrumbList","@id":"https:\/\/www.esplac.cat\/combatent-ecoansietat-x-edicio-jornades-ambientals\/#breadcrumb","itemListElement":[{"@type":"ListItem","position":1,"name":"Inici","item":"https:\/\/www.esplac.cat\/en\/"},{"@type":"ListItem","position":2,"name":"Combatent l&#8217;ecoansietat a la X edici\u00f3 de les Jornades Ambientals"}]},{"@type":"WebSite","@id":"https:\/\/www.esplac.cat\/#website","url":"https:\/\/www.esplac.cat\/","name":"Esplac","description":"Esplais Catalans","publisher":{"@id":"https:\/\/www.esplac.cat\/#organization"},"potentialAction":[{"@type":"SearchAction","target":{"@type":"EntryPoint","urlTemplate":"https:\/\/www.esplac.cat\/?s={search_term_string}"},"query-input":{"@type":"PropertyValueSpecification","valueRequired":true,"valueName":"search_term_string"}}],"inLanguage":"en-US"},{"@type":"Organization","@id":"https:\/\/www.esplac.cat\/#organization","name":"Esplac","url":"https:\/\/www.esplac.cat\/","logo":{"@type":"ImageObject","inLanguage":"en-US","@id":"https:\/\/www.esplac.cat\/#\/schema\/logo\/image\/","url":"https:\/\/www.esplac.cat\/wp-content\/uploads\/2019\/08\/logox2.png","contentUrl":"https:\/\/www.esplac.cat\/wp-content\/uploads\/2019\/08\/logox2.png","width":600,"height":295,"caption":"Esplac"},"image":{"@id":"https:\/\/www.esplac.cat\/#\/schema\/logo\/image\/"}},{"@type":"Person","@id":"https:\/\/www.esplac.cat\/#\/schema\/person\/908383cf240be18b68f8855d0583faca","name":"Comunicaci\u00f3 Esplac","image":{"@type":"ImageObject","inLanguage":"en-US","@id":"https:\/\/secure.gravatar.com\/avatar\/7a4cf8feb412a76ea4a740ca02d95b06b2907b5a6c648c2dd0a1082a093c3141?s=96&d=mm&r=g","url":"https:\/\/secure.gravatar.com\/avatar\/7a4cf8feb412a76ea4a740ca02d95b06b2907b5a6c648c2dd0a1082a093c3141?s=96&d=mm&r=g","contentUrl":"https:\/\/secure.gravatar.com\/avatar\/7a4cf8feb412a76ea4a740ca02d95b06b2907b5a6c648c2dd0a1082a093c3141?s=96&d=mm&r=g","caption":"Comunicaci\u00f3 Esplac"}}]}},"_links":{"self":[{"href":"https:\/\/www.esplac.cat\/en\/wp-json\/wp\/v2\/posts\/47034","targetHints":{"allow":["GET"]}}],"collection":[{"href":"https:\/\/www.esplac.cat\/en\/wp-json\/wp\/v2\/posts"}],"about":[{"href":"https:\/\/www.esplac.cat\/en\/wp-json\/wp\/v2\/types\/post"}],"author":[{"embeddable":true,"href":"https:\/\/www.esplac.cat\/en\/wp-json\/wp\/v2\/users\/3"}],"replies":[{"embeddable":true,"href":"https:\/\/www.esplac.cat\/en\/wp-json\/wp\/v2\/comments?post=47034"}],"version-history":[{"count":0,"href":"https:\/\/www.esplac.cat\/en\/wp-json\/wp\/v2\/posts\/47034\/revisions"}],"wp:featuredmedia":[{"embeddable":true,"href":"https:\/\/www.esplac.cat\/en\/wp-json\/wp\/v2\/media\/46964"}],"wp:attachment":[{"href":"https:\/\/www.esplac.cat\/en\/wp-json\/wp\/v2\/media?parent=47034"}],"wp:term":[{"taxonomy":"category","embeddable":true,"href":"https:\/\/www.esplac.cat\/en\/wp-json\/wp\/v2\/categories?post=47034"},{"taxonomy":"post_tag","embeddable":true,"href":"https:\/\/www.esplac.cat\/en\/wp-json\/wp\/v2\/tags?post=47034"}],"curies":[{"name":"wp","href":"https:\/\/api.w.org\/{rel}","templated":true}]}}