{"id":4710,"date":"2018-06-06T18:18:57","date_gmt":"2018-06-06T16:18:57","guid":{"rendered":"https:\/\/www.somesplai.cat\/?p=4710"},"modified":"2019-11-28T13:31:25","modified_gmt":"2019-11-28T12:31:25","slug":"amas-fest-40-anys-dspielbus","status":"publish","type":"post","link":"https:\/\/www.esplac.cat\/en\/amas-fest-40-anys-dspielbus\/","title":{"rendered":"AMAS Fest, 40 anys d&#8217;Spielbus!"},"content":{"rendered":"<p>Fa un parell de setmanes va tenir lloc l\u2019AMAS fest, celebrant els 40 anys de Spielbus. AMAS son les inicials d&#8217; Arbeitsgemeinschaft Mobile Animation Salzburg, que es tradueix a Grup de treball de animaci\u00f3 m\u00f2bil a Salzburg, subvencionat per l\u2019ajuntament. <strong>Doncs b\u00e9, aquesta \u00e9s l\u2019\u00e0rea on treballo jo.<\/strong><\/p>\n<p>Aquest projecte es va crear fa 40 anys i porta ja 32 anys funcionant, i es dedica a anar a diferents parcs de Salzburg amb un autob\u00fas (d&#8217;aqu\u00ed el nom Spielbus, que es tradueix&nbsp;en &#8220;autob\u00fas&nbsp;de jocs&#8221;), principalment a les zones m\u00e9s marginals. Hi ha tres organitzacions que porten el projecte: Kinderfreunde, Spektrum i Kinderwelt.<\/p>\n<p>El lema d\u2019aquest projecte es \u201c<strong>Jugar on viuen els nens<\/strong>\u201d, ja que a molts infants els seus pares no els deixen anar sols gaire lluny i, per tant, estan limitats al parc m\u00e9s proper a la seva casa. L\u2019objectiu del projecte \u00e9s incentivar el fet de jugar al parc en lloc de quedar-se a casa, i millorar la qualitat de vida dels infants i fam\u00edlies en l\u2019entorn de vida immediat en els districtes de Salzburg.<\/p>\n<p>El meu projecte per\u00f2, difereix una mica de la resta, ja que&nbsp;al KECK, plantegem objectius de curs, temes pedag\u00f2gics mensuals i una excursi\u00f3 al mes. Treballem en els mateixos parcs&nbsp;cada setmana, al barri d&#8217;Itzling, de manera que podem establir una relaci\u00f3 amb els infants que van sovint al parc, sabent que nosaltres venim.<br \/>\nQu\u00e8 fem un cop som al parc? \u00c9s una mica m\u00e9s complex d\u2019entendre; jo vaig arribar amb la mentalitat de l&#8217;esplai, i em va costar un temps entendre que simplement no podia funcionar als parcs, ja que potser prepares una activitat i no hi ha gaires&nbsp;infants aquell dia, o plou, o b\u00e9 simplement no hi volen participar perqu\u00e8 prefereixen dibuixar o jugar a futb\u00f2l. Ens hem d\u2019adaptar a les necessitats dels infants als parcs i treballar en valors a trav\u00e9s d\u2019activitats com manualitats, cuina i esports. Per exemple, treballem la resoluci\u00f3 de conflictes a trav\u00e9s del futb\u00f2l, alternatives saludables amb la cuina, creativitat amb les manualitats&#8230; A part, tenim a <em><strong>Momo<\/strong><\/em>, el nostre centre d\u2019inter\u00e8s, que ens ajuda a guiar qualsevol activitat cap al tema que es treballa aquell mes (respecte, refugiats, religi\u00f3, discapacitats, salut, qu\u00e8 s\u00e9 fer b\u00e9, etc.).<\/p>\n<p>Ara que el meu any de voluntariat est\u00e0 acabant, he trobat important fer una reflexi\u00f3 sobre el projecte en el que he estat treballant i comparar-lo amb la meva experi\u00e8ncia a l\u2019esplai, sent conscient que son dos projectes molt diferents, amb necessitats diferents. Tot i aix\u00ed, \u00e9s important reflexionar sobre qu\u00e8 he aportat i que m\u2019emporto.<\/p>\n<p class=\"aligncenter\"><a href=\"https:\/\/www.somesplai.cat\/wp-content\/uploads\/2018\/06\/WhatsApp-Image-2018-05-30-at-11.18.25-1.jpeg\"><img decoding=\"async\" class=\"aligncenter size-full wp-image-4712\" src=\"https:\/\/www.somesplai.cat\/wp-content\/uploads\/2018\/06\/WhatsApp-Image-2018-05-30-at-11.18.25-1.jpeg\" alt=\"WhatsApp Image 2018-05-30 at 11.18.25 (1)\" width=\"750\" height=\"563\"><\/a> <a href=\"https:\/\/www.somesplai.cat\/wp-content\/uploads\/2018\/06\/WhatsApp-Image-2018-05-30-at-11.20.41-1.jpeg\"><img decoding=\"async\" class=\"aligncenter size-full wp-image-4713\" src=\"https:\/\/www.somesplai.cat\/wp-content\/uploads\/2018\/06\/WhatsApp-Image-2018-05-30-at-11.20.41-1.jpeg\" alt=\"WhatsApp Image 2018-05-30 at 11.20.41 (1)\" width=\"960\" height=\"720\"><\/a><\/p>\n","protected":false},"excerpt":{"rendered":"<p>Fa un parell de setmanes va tenir lloc l\u2019AMAS fest, [&hellip;]<\/p>\n","protected":false},"author":3,"featured_media":4711,"comment_status":"closed","ping_status":"closed","sticky":false,"template":"","format":"standard","meta":{"om_disable_all_campaigns":false,"_monsterinsights_skip_tracking":false,"_monsterinsights_sitenote_active":false,"_monsterinsights_sitenote_note":"","_monsterinsights_sitenote_category":0,"_uf_show_specific_survey":0,"_uf_disable_surveys":false,"footnotes":""},"categories":[1168],"tags":[1180,1181,1182,693],"class_list":["post-4710","post","type-post","status-publish","format-standard","has-post-thumbnail","hentry","category-creuant_mirades","tag-amas-fest","tag-jugar","tag-keck","tag-kinderfreunde"],"yoast_head":"<!-- This site is optimized with the Yoast SEO plugin v27.5 - https:\/\/yoast.com\/product\/yoast-seo-wordpress\/ -->\n<title>AMAS Fest, 40 anys d&#039;Spielbus! - Esplac<\/title>\n<meta name=\"robots\" content=\"index, follow, max-snippet:-1, max-image-preview:large, max-video-preview:-1\" \/>\n<link rel=\"canonical\" href=\"https:\/\/www.esplac.cat\/amas-fest-40-anys-dspielbus\/\" \/>\n<meta property=\"og:locale\" content=\"en_US\" \/>\n<meta property=\"og:type\" content=\"article\" \/>\n<meta property=\"og:title\" content=\"AMAS Fest, 40 anys d&#039;Spielbus! - Esplac\" \/>\n<meta property=\"og:description\" content=\"Fa un parell de setmanes va tenir lloc l\u2019AMAS fest, [&hellip;]\" \/>\n<meta property=\"og:url\" content=\"https:\/\/www.esplac.cat\/amas-fest-40-anys-dspielbus\/\" \/>\n<meta property=\"og:site_name\" content=\"Esplac\" \/>\n<meta property=\"article:published_time\" content=\"2018-06-06T16:18:57+00:00\" \/>\n<meta property=\"article:modified_time\" content=\"2019-11-28T12:31:25+00:00\" \/>\n<meta property=\"og:image\" content=\"https:\/\/www.esplac.cat\/wp-content\/uploads\/2019\/11\/logo-open.jpg\" \/>\n\t<meta property=\"og:image:width\" content=\"1200\" \/>\n\t<meta property=\"og:image:height\" content=\"630\" \/>\n\t<meta property=\"og:image:type\" content=\"image\/jpeg\" \/>\n<meta name=\"author\" content=\"Comunicaci\u00f3 Esplac\" \/>\n<meta name=\"twitter:card\" content=\"summary_large_image\" \/>\n<meta name=\"twitter:label1\" content=\"Written by\" \/>\n\t<meta name=\"twitter:data1\" content=\"Comunicaci\u00f3 Esplac\" \/>\n\t<meta name=\"twitter:label2\" content=\"Est. reading time\" \/>\n\t<meta name=\"twitter:data2\" content=\"2 minutes\" \/>\n<script type=\"application\/ld+json\" class=\"yoast-schema-graph\">{\"@context\":\"https:\\\/\\\/schema.org\",\"@graph\":[{\"@type\":\"Article\",\"@id\":\"https:\\\/\\\/www.esplac.cat\\\/amas-fest-40-anys-dspielbus\\\/#article\",\"isPartOf\":{\"@id\":\"https:\\\/\\\/www.esplac.cat\\\/amas-fest-40-anys-dspielbus\\\/\"},\"author\":{\"name\":\"Comunicaci\u00f3 Esplac\",\"@id\":\"https:\\\/\\\/www.esplac.cat\\\/#\\\/schema\\\/person\\\/908383cf240be18b68f8855d0583faca\"},\"headline\":\"AMAS Fest, 40 anys d&#8217;Spielbus!\",\"datePublished\":\"2018-06-06T16:18:57+00:00\",\"dateModified\":\"2019-11-28T12:31:25+00:00\",\"mainEntityOfPage\":{\"@id\":\"https:\\\/\\\/www.esplac.cat\\\/amas-fest-40-anys-dspielbus\\\/\"},\"wordCount\":467,\"publisher\":{\"@id\":\"https:\\\/\\\/www.esplac.cat\\\/#organization\"},\"image\":{\"@id\":\"https:\\\/\\\/www.esplac.cat\\\/amas-fest-40-anys-dspielbus\\\/#primaryimage\"},\"thumbnailUrl\":\"\",\"keywords\":[\"AMAS fest\",\"Jugar\",\"Keck\",\"Kinderfreunde\"],\"articleSection\":[\"Creuant mirades\"],\"inLanguage\":\"en-US\"},{\"@type\":\"WebPage\",\"@id\":\"https:\\\/\\\/www.esplac.cat\\\/amas-fest-40-anys-dspielbus\\\/\",\"url\":\"https:\\\/\\\/www.esplac.cat\\\/amas-fest-40-anys-dspielbus\\\/\",\"name\":\"AMAS Fest, 40 anys d'Spielbus! - Esplac\",\"isPartOf\":{\"@id\":\"https:\\\/\\\/www.esplac.cat\\\/#website\"},\"primaryImageOfPage\":{\"@id\":\"https:\\\/\\\/www.esplac.cat\\\/amas-fest-40-anys-dspielbus\\\/#primaryimage\"},\"image\":{\"@id\":\"https:\\\/\\\/www.esplac.cat\\\/amas-fest-40-anys-dspielbus\\\/#primaryimage\"},\"thumbnailUrl\":\"\",\"datePublished\":\"2018-06-06T16:18:57+00:00\",\"dateModified\":\"2019-11-28T12:31:25+00:00\",\"breadcrumb\":{\"@id\":\"https:\\\/\\\/www.esplac.cat\\\/amas-fest-40-anys-dspielbus\\\/#breadcrumb\"},\"inLanguage\":\"en-US\",\"potentialAction\":[{\"@type\":\"ReadAction\",\"target\":[\"https:\\\/\\\/www.esplac.cat\\\/amas-fest-40-anys-dspielbus\\\/\"]}]},{\"@type\":\"ImageObject\",\"inLanguage\":\"en-US\",\"@id\":\"https:\\\/\\\/www.esplac.cat\\\/amas-fest-40-anys-dspielbus\\\/#primaryimage\",\"url\":\"\",\"contentUrl\":\"\"},{\"@type\":\"BreadcrumbList\",\"@id\":\"https:\\\/\\\/www.esplac.cat\\\/amas-fest-40-anys-dspielbus\\\/#breadcrumb\",\"itemListElement\":[{\"@type\":\"ListItem\",\"position\":1,\"name\":\"Inici\",\"item\":\"https:\\\/\\\/www.esplac.cat\\\/en\\\/\"},{\"@type\":\"ListItem\",\"position\":2,\"name\":\"AMAS Fest, 40 anys d&#8217;Spielbus!\"}]},{\"@type\":\"WebSite\",\"@id\":\"https:\\\/\\\/www.esplac.cat\\\/#website\",\"url\":\"https:\\\/\\\/www.esplac.cat\\\/\",\"name\":\"Esplac\",\"description\":\"Esplais Catalans\",\"publisher\":{\"@id\":\"https:\\\/\\\/www.esplac.cat\\\/#organization\"},\"potentialAction\":[{\"@type\":\"SearchAction\",\"target\":{\"@type\":\"EntryPoint\",\"urlTemplate\":\"https:\\\/\\\/www.esplac.cat\\\/?s={search_term_string}\"},\"query-input\":{\"@type\":\"PropertyValueSpecification\",\"valueRequired\":true,\"valueName\":\"search_term_string\"}}],\"inLanguage\":\"en-US\"},{\"@type\":\"Organization\",\"@id\":\"https:\\\/\\\/www.esplac.cat\\\/#organization\",\"name\":\"Esplac\",\"url\":\"https:\\\/\\\/www.esplac.cat\\\/\",\"logo\":{\"@type\":\"ImageObject\",\"inLanguage\":\"en-US\",\"@id\":\"https:\\\/\\\/www.esplac.cat\\\/#\\\/schema\\\/logo\\\/image\\\/\",\"url\":\"https:\\\/\\\/www.esplac.cat\\\/wp-content\\\/uploads\\\/2019\\\/08\\\/logox2.png\",\"contentUrl\":\"https:\\\/\\\/www.esplac.cat\\\/wp-content\\\/uploads\\\/2019\\\/08\\\/logox2.png\",\"width\":600,\"height\":295,\"caption\":\"Esplac\"},\"image\":{\"@id\":\"https:\\\/\\\/www.esplac.cat\\\/#\\\/schema\\\/logo\\\/image\\\/\"}},{\"@type\":\"Person\",\"@id\":\"https:\\\/\\\/www.esplac.cat\\\/#\\\/schema\\\/person\\\/908383cf240be18b68f8855d0583faca\",\"name\":\"Comunicaci\u00f3 Esplac\",\"image\":{\"@type\":\"ImageObject\",\"inLanguage\":\"en-US\",\"@id\":\"https:\\\/\\\/secure.gravatar.com\\\/avatar\\\/7a4cf8feb412a76ea4a740ca02d95b06b2907b5a6c648c2dd0a1082a093c3141?s=96&d=mm&r=g\",\"url\":\"https:\\\/\\\/secure.gravatar.com\\\/avatar\\\/7a4cf8feb412a76ea4a740ca02d95b06b2907b5a6c648c2dd0a1082a093c3141?s=96&d=mm&r=g\",\"contentUrl\":\"https:\\\/\\\/secure.gravatar.com\\\/avatar\\\/7a4cf8feb412a76ea4a740ca02d95b06b2907b5a6c648c2dd0a1082a093c3141?s=96&d=mm&r=g\",\"caption\":\"Comunicaci\u00f3 Esplac\"}}]}<\/script>\n<!-- \/ Yoast SEO plugin. -->","yoast_head_json":{"title":"AMAS Fest, 40 anys d'Spielbus! - Esplac","robots":{"index":"index","follow":"follow","max-snippet":"max-snippet:-1","max-image-preview":"max-image-preview:large","max-video-preview":"max-video-preview:-1"},"canonical":"https:\/\/www.esplac.cat\/amas-fest-40-anys-dspielbus\/","og_locale":"en_US","og_type":"article","og_title":"AMAS Fest, 40 anys d'Spielbus! - Esplac","og_description":"Fa un parell de setmanes va tenir lloc l\u2019AMAS fest, [&hellip;]","og_url":"https:\/\/www.esplac.cat\/amas-fest-40-anys-dspielbus\/","og_site_name":"Esplac","article_published_time":"2018-06-06T16:18:57+00:00","article_modified_time":"2019-11-28T12:31:25+00:00","og_image":[{"width":1200,"height":630,"url":"https:\/\/www.esplac.cat\/wp-content\/uploads\/2019\/11\/logo-open.jpg","type":"image\/jpeg"}],"author":"Comunicaci\u00f3 Esplac","twitter_card":"summary_large_image","twitter_misc":{"Written by":"Comunicaci\u00f3 Esplac","Est. reading time":"2 minutes"},"schema":{"@context":"https:\/\/schema.org","@graph":[{"@type":"Article","@id":"https:\/\/www.esplac.cat\/amas-fest-40-anys-dspielbus\/#article","isPartOf":{"@id":"https:\/\/www.esplac.cat\/amas-fest-40-anys-dspielbus\/"},"author":{"name":"Comunicaci\u00f3 Esplac","@id":"https:\/\/www.esplac.cat\/#\/schema\/person\/908383cf240be18b68f8855d0583faca"},"headline":"AMAS Fest, 40 anys d&#8217;Spielbus!","datePublished":"2018-06-06T16:18:57+00:00","dateModified":"2019-11-28T12:31:25+00:00","mainEntityOfPage":{"@id":"https:\/\/www.esplac.cat\/amas-fest-40-anys-dspielbus\/"},"wordCount":467,"publisher":{"@id":"https:\/\/www.esplac.cat\/#organization"},"image":{"@id":"https:\/\/www.esplac.cat\/amas-fest-40-anys-dspielbus\/#primaryimage"},"thumbnailUrl":"","keywords":["AMAS fest","Jugar","Keck","Kinderfreunde"],"articleSection":["Creuant mirades"],"inLanguage":"en-US"},{"@type":"WebPage","@id":"https:\/\/www.esplac.cat\/amas-fest-40-anys-dspielbus\/","url":"https:\/\/www.esplac.cat\/amas-fest-40-anys-dspielbus\/","name":"AMAS Fest, 40 anys d'Spielbus! - Esplac","isPartOf":{"@id":"https:\/\/www.esplac.cat\/#website"},"primaryImageOfPage":{"@id":"https:\/\/www.esplac.cat\/amas-fest-40-anys-dspielbus\/#primaryimage"},"image":{"@id":"https:\/\/www.esplac.cat\/amas-fest-40-anys-dspielbus\/#primaryimage"},"thumbnailUrl":"","datePublished":"2018-06-06T16:18:57+00:00","dateModified":"2019-11-28T12:31:25+00:00","breadcrumb":{"@id":"https:\/\/www.esplac.cat\/amas-fest-40-anys-dspielbus\/#breadcrumb"},"inLanguage":"en-US","potentialAction":[{"@type":"ReadAction","target":["https:\/\/www.esplac.cat\/amas-fest-40-anys-dspielbus\/"]}]},{"@type":"ImageObject","inLanguage":"en-US","@id":"https:\/\/www.esplac.cat\/amas-fest-40-anys-dspielbus\/#primaryimage","url":"","contentUrl":""},{"@type":"BreadcrumbList","@id":"https:\/\/www.esplac.cat\/amas-fest-40-anys-dspielbus\/#breadcrumb","itemListElement":[{"@type":"ListItem","position":1,"name":"Inici","item":"https:\/\/www.esplac.cat\/en\/"},{"@type":"ListItem","position":2,"name":"AMAS Fest, 40 anys d&#8217;Spielbus!"}]},{"@type":"WebSite","@id":"https:\/\/www.esplac.cat\/#website","url":"https:\/\/www.esplac.cat\/","name":"Esplac","description":"Esplais Catalans","publisher":{"@id":"https:\/\/www.esplac.cat\/#organization"},"potentialAction":[{"@type":"SearchAction","target":{"@type":"EntryPoint","urlTemplate":"https:\/\/www.esplac.cat\/?s={search_term_string}"},"query-input":{"@type":"PropertyValueSpecification","valueRequired":true,"valueName":"search_term_string"}}],"inLanguage":"en-US"},{"@type":"Organization","@id":"https:\/\/www.esplac.cat\/#organization","name":"Esplac","url":"https:\/\/www.esplac.cat\/","logo":{"@type":"ImageObject","inLanguage":"en-US","@id":"https:\/\/www.esplac.cat\/#\/schema\/logo\/image\/","url":"https:\/\/www.esplac.cat\/wp-content\/uploads\/2019\/08\/logox2.png","contentUrl":"https:\/\/www.esplac.cat\/wp-content\/uploads\/2019\/08\/logox2.png","width":600,"height":295,"caption":"Esplac"},"image":{"@id":"https:\/\/www.esplac.cat\/#\/schema\/logo\/image\/"}},{"@type":"Person","@id":"https:\/\/www.esplac.cat\/#\/schema\/person\/908383cf240be18b68f8855d0583faca","name":"Comunicaci\u00f3 Esplac","image":{"@type":"ImageObject","inLanguage":"en-US","@id":"https:\/\/secure.gravatar.com\/avatar\/7a4cf8feb412a76ea4a740ca02d95b06b2907b5a6c648c2dd0a1082a093c3141?s=96&d=mm&r=g","url":"https:\/\/secure.gravatar.com\/avatar\/7a4cf8feb412a76ea4a740ca02d95b06b2907b5a6c648c2dd0a1082a093c3141?s=96&d=mm&r=g","contentUrl":"https:\/\/secure.gravatar.com\/avatar\/7a4cf8feb412a76ea4a740ca02d95b06b2907b5a6c648c2dd0a1082a093c3141?s=96&d=mm&r=g","caption":"Comunicaci\u00f3 Esplac"}}]}},"_links":{"self":[{"href":"https:\/\/www.esplac.cat\/en\/wp-json\/wp\/v2\/posts\/4710","targetHints":{"allow":["GET"]}}],"collection":[{"href":"https:\/\/www.esplac.cat\/en\/wp-json\/wp\/v2\/posts"}],"about":[{"href":"https:\/\/www.esplac.cat\/en\/wp-json\/wp\/v2\/types\/post"}],"author":[{"embeddable":true,"href":"https:\/\/www.esplac.cat\/en\/wp-json\/wp\/v2\/users\/3"}],"replies":[{"embeddable":true,"href":"https:\/\/www.esplac.cat\/en\/wp-json\/wp\/v2\/comments?post=4710"}],"version-history":[{"count":0,"href":"https:\/\/www.esplac.cat\/en\/wp-json\/wp\/v2\/posts\/4710\/revisions"}],"wp:featuredmedia":[{"embeddable":true,"href":"https:\/\/www.esplac.cat\/en\/wp-json\/"}],"wp:attachment":[{"href":"https:\/\/www.esplac.cat\/en\/wp-json\/wp\/v2\/media?parent=4710"}],"wp:term":[{"taxonomy":"category","embeddable":true,"href":"https:\/\/www.esplac.cat\/en\/wp-json\/wp\/v2\/categories?post=4710"},{"taxonomy":"post_tag","embeddable":true,"href":"https:\/\/www.esplac.cat\/en\/wp-json\/wp\/v2\/tags?post=4710"}],"curies":[{"name":"wp","href":"https:\/\/api.w.org\/{rel}","templated":true}]}}