{"id":47146,"date":"2023-09-27T12:00:58","date_gmt":"2023-09-27T10:00:58","guid":{"rendered":"https:\/\/www.esplac.cat\/?p=47146"},"modified":"2023-09-28T12:47:21","modified_gmt":"2023-09-28T10:47:21","slug":"obren-les-incripcions-de-la-tardor-de-formacio","status":"publish","type":"post","link":"https:\/\/www.esplac.cat\/en\/obren-les-incripcions-de-la-tardor-de-formacio\/","title":{"rendered":"Obren les incripcions de la tardor de formaci\u00f3!"},"content":{"rendered":"<h6><strong>Arriba una tardor carregada de formaci\u00f3: ja us podeu inscriure a les Jornades Ambientals, les Tardes de Lleure i Antiracisme i les Jornades de Lleure i Feminismes!<\/strong><\/h6>\n<p>La proposta formativa d\u2019Esplac aquesta tardor ve carregada de novetats; aix\u00ed que pareu atenci\u00f3 i agafeu l\u2019agenda. Aquest octubre tornen les <strong>Jornades Ambientals<\/strong> i estrenem un nou format amb les <strong>Tardes de Lleure i Antiracisme<\/strong>. Al novembre, per altra banda, arriba una nova edici\u00f3 de les <strong>Jornades de Lleure i Feminismes<\/strong>. <strong>Les inscripcions ja estan obertes!<\/strong> A qu\u00e8 espereu per apuntar-vos-hi?<\/p>\n<p>El <strong>diumenge 22 d\u2019octubre<\/strong> arriba la desena edici\u00f3 de les <strong>JORNADES AMBIENTALS<\/strong>, aquest cop per parlar sobre com combatem l\u2019ecoansietat. Al <span style=\"color: #f69d0b;\"><strong><a style=\"color: #f69d0b;\" href=\"https:\/\/www.esplac.cat\/formacions\/jornades-ambientals\/\" target=\"_blank\" rel=\"noopener\">web d&#8217;esplac<\/a><\/strong><\/span> trobareu tot el que necessiteu saber sobre aquesta trobada! <span style=\"color: #f69d0b;\"><a style=\"color: #f69d0b;\" href=\"https:\/\/era.esplac.cat\/#\/gestio-esplac\/activitats\/viz\/6513ed378910e04e56b7142b\" target=\"_blank\" rel=\"noopener\"><strong>Podeu inscriure-us a trav\u00e9s de l&#8217;Era<\/strong><\/a><\/span>.<\/p>\n\n\t\t<style type=\"text\/css\">\n\t\t\t#gallery-1 {\n\t\t\t\tmargin: auto;\n\t\t\t}\n\t\t\t#gallery-1 .gallery-item {\n\t\t\t\tfloat: left;\n\t\t\t\tmargin-top: 10px;\n\t\t\t\ttext-align: center;\n\t\t\t\twidth: 50%;\n\t\t\t}\n\t\t\t#gallery-1 img {\n\t\t\t\tborder: 2px solid #cfcfcf;\n\t\t\t}\n\t\t\t#gallery-1 .gallery-caption {\n\t\t\t\tmargin-left: 0;\n\t\t\t}\n\t\t\t\/* see gallery_shortcode() in wp-includes\/media.php *\/\n\t\t<\/style>\n\t\t<div id='gallery-1' class='gallery galleryid-47146 gallery-columns-2 gallery-size-fusion-600'><dl class='gallery-item'>\n\t\t\t<dt class='gallery-icon portrait'>\n\t\t\t\t<a data-rel=\"iLightbox[postimages]\" data-title=\"JORNADES AMBIENTALS 2023\" data-caption=\"\" href='https:\/\/www.esplac.cat\/en\/trainings\/jornades-ambientals\/jornades-ambientals-2023-2\/'><img decoding=\"async\" width=\"600\" height=\"800\" src=\"https:\/\/www.esplac.cat\/wp-content\/uploads\/2023\/09\/JORNADES-AMBIENTALS-2023-600x800.jpg\" class=\"attachment-fusion-600 size-fusion-600\" alt=\"Jornades Ambientals 2023\" srcset=\"https:\/\/www.esplac.cat\/wp-content\/uploads\/2023\/09\/JORNADES-AMBIENTALS-2023-200x267.jpg 200w, https:\/\/www.esplac.cat\/wp-content\/uploads\/2023\/09\/JORNADES-AMBIENTALS-2023-225x300.jpg 225w, https:\/\/www.esplac.cat\/wp-content\/uploads\/2023\/09\/JORNADES-AMBIENTALS-2023-400x533.jpg 400w, https:\/\/www.esplac.cat\/wp-content\/uploads\/2023\/09\/JORNADES-AMBIENTALS-2023-600x800.jpg 600w, https:\/\/www.esplac.cat\/wp-content\/uploads\/2023\/09\/JORNADES-AMBIENTALS-2023-768x1024.jpg 768w, https:\/\/www.esplac.cat\/wp-content\/uploads\/2023\/09\/JORNADES-AMBIENTALS-2023-800x1067.jpg 800w, https:\/\/www.esplac.cat\/wp-content\/uploads\/2023\/09\/JORNADES-AMBIENTALS-2023-1152x1536.jpg 1152w, https:\/\/www.esplac.cat\/wp-content\/uploads\/2023\/09\/JORNADES-AMBIENTALS-2023-1200x1600.jpg 1200w, https:\/\/www.esplac.cat\/wp-content\/uploads\/2023\/09\/JORNADES-AMBIENTALS-2023-1536x2048.jpg 1536w, https:\/\/www.esplac.cat\/wp-content\/uploads\/2023\/09\/JORNADES-AMBIENTALS-2023-scaled.jpg 1920w\" sizes=\"(max-width: 600px) 100vw, 600px\" \/><\/a>\n\t\t\t<\/dt><\/dl><dl class='gallery-item'>\n\t\t\t<dt class='gallery-icon portrait'>\n\t\t\t\t<a data-rel=\"iLightbox[postimages]\" data-title=\"JORNADES AMBIENTALS 2023\" data-caption=\"\" href='https:\/\/www.esplac.cat\/en\/jornades-ambientals-2023-2-2\/'><img decoding=\"async\" width=\"600\" height=\"800\" src=\"https:\/\/www.esplac.cat\/wp-content\/uploads\/2023\/09\/JORNADES-AMBIENTALS-2023-1-600x800.jpg\" class=\"attachment-fusion-600 size-fusion-600\" alt=\"Jornades AMbientals 2023\" srcset=\"https:\/\/www.esplac.cat\/wp-content\/uploads\/2023\/09\/JORNADES-AMBIENTALS-2023-1-200x267.jpg 200w, https:\/\/www.esplac.cat\/wp-content\/uploads\/2023\/09\/JORNADES-AMBIENTALS-2023-1-225x300.jpg 225w, https:\/\/www.esplac.cat\/wp-content\/uploads\/2023\/09\/JORNADES-AMBIENTALS-2023-1-400x533.jpg 400w, https:\/\/www.esplac.cat\/wp-content\/uploads\/2023\/09\/JORNADES-AMBIENTALS-2023-1-600x800.jpg 600w, https:\/\/www.esplac.cat\/wp-content\/uploads\/2023\/09\/JORNADES-AMBIENTALS-2023-1-768x1024.jpg 768w, https:\/\/www.esplac.cat\/wp-content\/uploads\/2023\/09\/JORNADES-AMBIENTALS-2023-1-800x1067.jpg 800w, https:\/\/www.esplac.cat\/wp-content\/uploads\/2023\/09\/JORNADES-AMBIENTALS-2023-1-1152x1536.jpg 1152w, https:\/\/www.esplac.cat\/wp-content\/uploads\/2023\/09\/JORNADES-AMBIENTALS-2023-1-1200x1600.jpg 1200w, https:\/\/www.esplac.cat\/wp-content\/uploads\/2023\/09\/JORNADES-AMBIENTALS-2023-1-1536x2048.jpg 1536w, https:\/\/www.esplac.cat\/wp-content\/uploads\/2023\/09\/JORNADES-AMBIENTALS-2023-1-scaled.jpg 1920w\" sizes=\"(max-width: 600px) 100vw, 600px\" \/><\/a>\n\t\t\t<\/dt><\/dl><br style=\"clear: both\" \/>\n\t\t<\/div>\n\n<p>Els dies <strong>24, 25 i 26 d\u2019octubre<\/strong> arriba la primera edici\u00f3 de les <strong>TARDES DE LLEURE I ANTIRACISME <\/strong>. Aquesta proposta pret\u00e9n generar diferents espais de reflexi\u00f3 sobre com educar des d\u2019una perspectiva antiracista i decolonial. Al <strong><a href=\"https:\/\/www.esplac.cat\/formacions\/tardes-lleure-i-antiracisme\/\" target=\"_blank\" rel=\"noopener\"><span style=\"color: #f69d0b;\">web d&#8217;Esplac<\/span><\/a><\/strong> tamb\u00e9 trobareu tota la informaci\u00f3 necess\u00e0ria! <strong>Podeu apuntar-vos als tallers a trav\u00e9s del<\/strong> <span style=\"color: #f69d0b;\"><strong><a style=\"color: #f69d0b;\" href=\"https:\/\/escolaelsol.coop\/lleure\/\" target=\"_blank\" rel=\"noopener\">web de l&#8217;Escola Lliure el Sol<\/a>.<\/strong><\/span><\/p>\n\n\t\t<style type=\"text\/css\">\n\t\t\t#gallery-2 {\n\t\t\t\tmargin: auto;\n\t\t\t}\n\t\t\t#gallery-2 .gallery-item {\n\t\t\t\tfloat: left;\n\t\t\t\tmargin-top: 10px;\n\t\t\t\ttext-align: center;\n\t\t\t\twidth: 50%;\n\t\t\t}\n\t\t\t#gallery-2 img {\n\t\t\t\tborder: 2px solid #cfcfcf;\n\t\t\t}\n\t\t\t#gallery-2 .gallery-caption {\n\t\t\t\tmargin-left: 0;\n\t\t\t}\n\t\t\t\/* see gallery_shortcode() in wp-includes\/media.php *\/\n\t\t<\/style>\n\t\t<div id='gallery-2' class='gallery galleryid-47146 gallery-columns-2 gallery-size-fusion-600'><dl class='gallery-item'>\n\t\t\t<dt class='gallery-icon portrait'>\n\t\t\t\t<a data-rel=\"iLightbox[postimages]\" data-title=\"Cartell Tardes de Lleure i Antiracisme\" data-caption=\"\" href='https:\/\/www.esplac.cat\/en\/cartell-tardes-de-lleure-i-antiracisme-2-2\/'><img decoding=\"async\" width=\"600\" height=\"849\" src=\"https:\/\/www.esplac.cat\/wp-content\/uploads\/2023\/09\/Cartell-Tardes-de-Lleure-i-Antiracisme-2-600x849.jpg\" class=\"attachment-fusion-600 size-fusion-600\" alt=\"Tardes de Lleure i Antiracisme\" srcset=\"https:\/\/www.esplac.cat\/wp-content\/uploads\/2023\/09\/Cartell-Tardes-de-Lleure-i-Antiracisme-2-200x283.jpg 200w, https:\/\/www.esplac.cat\/wp-content\/uploads\/2023\/09\/Cartell-Tardes-de-Lleure-i-Antiracisme-2-212x300.jpg 212w, https:\/\/www.esplac.cat\/wp-content\/uploads\/2023\/09\/Cartell-Tardes-de-Lleure-i-Antiracisme-2-400x566.jpg 400w, https:\/\/www.esplac.cat\/wp-content\/uploads\/2023\/09\/Cartell-Tardes-de-Lleure-i-Antiracisme-2-600x849.jpg 600w, https:\/\/www.esplac.cat\/wp-content\/uploads\/2023\/09\/Cartell-Tardes-de-Lleure-i-Antiracisme-2-724x1024.jpg 724w, https:\/\/www.esplac.cat\/wp-content\/uploads\/2023\/09\/Cartell-Tardes-de-Lleure-i-Antiracisme-2-768x1086.jpg 768w, https:\/\/www.esplac.cat\/wp-content\/uploads\/2023\/09\/Cartell-Tardes-de-Lleure-i-Antiracisme-2-800x1132.jpg 800w, https:\/\/www.esplac.cat\/wp-content\/uploads\/2023\/09\/Cartell-Tardes-de-Lleure-i-Antiracisme-2-1086x1536.jpg 1086w, https:\/\/www.esplac.cat\/wp-content\/uploads\/2023\/09\/Cartell-Tardes-de-Lleure-i-Antiracisme-2-1200x1698.jpg 1200w, https:\/\/www.esplac.cat\/wp-content\/uploads\/2023\/09\/Cartell-Tardes-de-Lleure-i-Antiracisme-2-1448x2048.jpg 1448w, https:\/\/www.esplac.cat\/wp-content\/uploads\/2023\/09\/Cartell-Tardes-de-Lleure-i-Antiracisme-2.jpg 1587w\" sizes=\"(max-width: 600px) 100vw, 600px\" \/><\/a>\n\t\t\t<\/dt><\/dl><dl class='gallery-item'>\n\t\t\t<dt class='gallery-icon portrait'>\n\t\t\t\t<a data-rel=\"iLightbox[postimages]\" data-title=\"Cartell Tardes de Lleure i Antiracisme\" data-caption=\"\" href='https:\/\/www.esplac.cat\/en\/trainings\/tardes-lleure-i-antiracisme\/cartell-tardes-de-lleure-i-antiracisme-3-2\/'><img decoding=\"async\" width=\"600\" height=\"849\" src=\"https:\/\/www.esplac.cat\/wp-content\/uploads\/2023\/09\/Cartell-Tardes-de-Lleure-i-Antiracisme-3-600x849.jpg\" class=\"attachment-fusion-600 size-fusion-600\" alt=\"Tardes Lleure i Antiracisme\" srcset=\"https:\/\/www.esplac.cat\/wp-content\/uploads\/2023\/09\/Cartell-Tardes-de-Lleure-i-Antiracisme-3-200x283.jpg 200w, https:\/\/www.esplac.cat\/wp-content\/uploads\/2023\/09\/Cartell-Tardes-de-Lleure-i-Antiracisme-3-212x300.jpg 212w, https:\/\/www.esplac.cat\/wp-content\/uploads\/2023\/09\/Cartell-Tardes-de-Lleure-i-Antiracisme-3-400x566.jpg 400w, https:\/\/www.esplac.cat\/wp-content\/uploads\/2023\/09\/Cartell-Tardes-de-Lleure-i-Antiracisme-3-600x849.jpg 600w, https:\/\/www.esplac.cat\/wp-content\/uploads\/2023\/09\/Cartell-Tardes-de-Lleure-i-Antiracisme-3-724x1024.jpg 724w, https:\/\/www.esplac.cat\/wp-content\/uploads\/2023\/09\/Cartell-Tardes-de-Lleure-i-Antiracisme-3-768x1086.jpg 768w, https:\/\/www.esplac.cat\/wp-content\/uploads\/2023\/09\/Cartell-Tardes-de-Lleure-i-Antiracisme-3-800x1132.jpg 800w, https:\/\/www.esplac.cat\/wp-content\/uploads\/2023\/09\/Cartell-Tardes-de-Lleure-i-Antiracisme-3-1086x1536.jpg 1086w, https:\/\/www.esplac.cat\/wp-content\/uploads\/2023\/09\/Cartell-Tardes-de-Lleure-i-Antiracisme-3-1200x1698.jpg 1200w, https:\/\/www.esplac.cat\/wp-content\/uploads\/2023\/09\/Cartell-Tardes-de-Lleure-i-Antiracisme-3-1448x2048.jpg 1448w, https:\/\/www.esplac.cat\/wp-content\/uploads\/2023\/09\/Cartell-Tardes-de-Lleure-i-Antiracisme-3.jpg 1587w\" sizes=\"(max-width: 600px) 100vw, 600px\" \/><\/a>\n\t\t\t<\/dt><\/dl><br style=\"clear: both\" \/>\n\t\t<\/div>\n\n<p>El <strong>diumenge 5 de novembre<\/strong> \u00e9s el torn de les esperades <strong>JORNADES DE LLEURE I FEMINISMES<\/strong>, que aquest any celebren la seva tretzena edici\u00f3. La voluntat d\u2019aquest espai \u00e9s anar m\u00e9s enll\u00e0 de la teoria i dels discursos per formar-nos i reflexionar sobre com portem a la pr\u00e0ctica el feminisme interseccional. Altre cop, <span style=\"color: #f69d0b;\"><strong><a style=\"color: #f69d0b;\" href=\"https:\/\/www.esplac.cat\/formacions\/jornades-de-lleure-i-feminismes\/\" target=\"_blank\" rel=\"noopener\">al web<\/a> <\/strong><\/span>trobareu tots els detalls! <strong>Us podeu inscriure a trav\u00e9s de l&#8217;<\/strong><a href=\"https:\/\/escolaelsol.coop\/formacions\/JORNADES-DE-LLEURE-I-FEMINISMES-2023\/2982\/\" target=\"_blank\" rel=\"noopener\"><span style=\"color: #f69d0b;\"><strong>Escola Lliure el Sol<\/strong><\/span><\/a>.<\/p>\n\n\t\t<style type=\"text\/css\">\n\t\t\t#gallery-3 {\n\t\t\t\tmargin: auto;\n\t\t\t}\n\t\t\t#gallery-3 .gallery-item {\n\t\t\t\tfloat: left;\n\t\t\t\tmargin-top: 10px;\n\t\t\t\ttext-align: center;\n\t\t\t\twidth: 50%;\n\t\t\t}\n\t\t\t#gallery-3 img {\n\t\t\t\tborder: 2px solid #cfcfcf;\n\t\t\t}\n\t\t\t#gallery-3 .gallery-caption {\n\t\t\t\tmargin-left: 0;\n\t\t\t}\n\t\t\t\/* see gallery_shortcode() in wp-includes\/media.php *\/\n\t\t<\/style>\n\t\t<div id='gallery-3' class='gallery galleryid-47146 gallery-columns-2 gallery-size-fusion-600'><dl class='gallery-item'>\n\t\t\t<dt class='gallery-icon portrait'>\n\t\t\t\t<a data-rel=\"iLightbox[postimages]\" data-title=\"JLLIF23\" data-caption=\"\" href='https:\/\/www.esplac.cat\/en\/trainings\/jornades-de-lleure-i-feminisme-2011-2022\/jllif23-2-2\/'><img decoding=\"async\" width=\"600\" height=\"849\" src=\"https:\/\/www.esplac.cat\/wp-content\/uploads\/2023\/09\/JLLIF23-1-600x849.jpg\" class=\"attachment-fusion-600 size-fusion-600\" alt=\"\" srcset=\"https:\/\/www.esplac.cat\/wp-content\/uploads\/2023\/09\/JLLIF23-1-200x283.jpg 200w, https:\/\/www.esplac.cat\/wp-content\/uploads\/2023\/09\/JLLIF23-1-212x300.jpg 212w, https:\/\/www.esplac.cat\/wp-content\/uploads\/2023\/09\/JLLIF23-1-400x566.jpg 400w, https:\/\/www.esplac.cat\/wp-content\/uploads\/2023\/09\/JLLIF23-1-600x849.jpg 600w, https:\/\/www.esplac.cat\/wp-content\/uploads\/2023\/09\/JLLIF23-1-724x1024.jpg 724w, https:\/\/www.esplac.cat\/wp-content\/uploads\/2023\/09\/JLLIF23-1-768x1086.jpg 768w, https:\/\/www.esplac.cat\/wp-content\/uploads\/2023\/09\/JLLIF23-1-800x1132.jpg 800w, https:\/\/www.esplac.cat\/wp-content\/uploads\/2023\/09\/JLLIF23-1-1086x1536.jpg 1086w, https:\/\/www.esplac.cat\/wp-content\/uploads\/2023\/09\/JLLIF23-1-1200x1697.jpg 1200w, https:\/\/www.esplac.cat\/wp-content\/uploads\/2023\/09\/JLLIF23-1.jpg 1414w\" sizes=\"(max-width: 600px) 100vw, 600px\" \/><\/a>\n\t\t\t<\/dt><\/dl><dl class='gallery-item'>\n\t\t\t<dt class='gallery-icon portrait'>\n\t\t\t\t<a data-rel=\"iLightbox[postimages]\" data-title=\"JLLIF23_programaa\" data-caption=\"\" href='https:\/\/www.esplac.cat\/en\/trainings\/jornades-de-lleure-i-feminisme-2011-2022\/jllif23_programaa-2\/'><img decoding=\"async\" width=\"600\" height=\"849\" src=\"https:\/\/www.esplac.cat\/wp-content\/uploads\/2023\/09\/JLLIF23_programaa-600x849.jpg\" class=\"attachment-fusion-600 size-fusion-600\" alt=\"JLLIF23_programaa\" srcset=\"https:\/\/www.esplac.cat\/wp-content\/uploads\/2023\/09\/JLLIF23_programaa-200x283.jpg 200w, https:\/\/www.esplac.cat\/wp-content\/uploads\/2023\/09\/JLLIF23_programaa-212x300.jpg 212w, https:\/\/www.esplac.cat\/wp-content\/uploads\/2023\/09\/JLLIF23_programaa-400x566.jpg 400w, https:\/\/www.esplac.cat\/wp-content\/uploads\/2023\/09\/JLLIF23_programaa-600x849.jpg 600w, https:\/\/www.esplac.cat\/wp-content\/uploads\/2023\/09\/JLLIF23_programaa-724x1024.jpg 724w, https:\/\/www.esplac.cat\/wp-content\/uploads\/2023\/09\/JLLIF23_programaa-768x1086.jpg 768w, https:\/\/www.esplac.cat\/wp-content\/uploads\/2023\/09\/JLLIF23_programaa-800x1132.jpg 800w, https:\/\/www.esplac.cat\/wp-content\/uploads\/2023\/09\/JLLIF23_programaa-1086x1536.jpg 1086w, https:\/\/www.esplac.cat\/wp-content\/uploads\/2023\/09\/JLLIF23_programaa-1200x1697.jpg 1200w, https:\/\/www.esplac.cat\/wp-content\/uploads\/2023\/09\/JLLIF23_programaa-1448x2048.jpg 1448w, https:\/\/www.esplac.cat\/wp-content\/uploads\/2023\/09\/JLLIF23_programaa-scaled.jpg 1810w\" sizes=\"(max-width: 600px) 100vw, 600px\" \/><\/a>\n\t\t\t<\/dt><\/dl><br style=\"clear: both\" \/>\n\t\t<\/div>\n\n","protected":false},"excerpt":{"rendered":"<p>Arriba una tardor carregada de formaci\u00f3: ja us podeu inscriure [&hellip;]<\/p>\n","protected":false},"author":3,"featured_media":47180,"comment_status":"closed","ping_status":"closed","sticky":false,"template":"","format":"standard","meta":{"om_disable_all_campaigns":false,"_monsterinsights_skip_tracking":false,"_monsterinsights_sitenote_active":false,"_monsterinsights_sitenote_note":"","_monsterinsights_sitenote_category":0,"_uf_show_specific_survey":0,"_uf_disable_surveys":false,"footnotes":""},"categories":[1159,1158,1330,1],"tags":[],"class_list":["post-47146","post","type-post","status-publish","format-standard","has-post-thumbnail","hentry","category-jornades-ambientals","category-jornades-lleure-feminismes","category-jornades-interculturalitat","category-sense-categoria"],"yoast_head":"<!-- This site is optimized with the Yoast SEO plugin v27.4 - https:\/\/yoast.com\/product\/yoast-seo-wordpress\/ -->\n<title>Obren les incripcions de la tardor de formaci\u00f3! - Esplac<\/title>\n<meta name=\"description\" content=\"Ja us podeu inscriure a les Jornades Ambientals, les Tardes de Lleure i Antiracisme i les Jornades de Lleure i Feminismes!\" \/>\n<meta name=\"robots\" content=\"index, follow, max-snippet:-1, max-image-preview:large, max-video-preview:-1\" \/>\n<link rel=\"canonical\" href=\"https:\/\/www.esplac.cat\/obren-les-incripcions-de-la-tardor-de-formacio\/\" \/>\n<meta property=\"og:locale\" content=\"en_US\" \/>\n<meta property=\"og:type\" content=\"article\" \/>\n<meta property=\"og:title\" content=\"Obren les incripcions de la tardor de formaci\u00f3! - Esplac\" \/>\n<meta property=\"og:description\" content=\"Ja us podeu inscriure a les Jornades Ambientals, les Tardes de Lleure i Antiracisme i les Jornades de Lleure i Feminismes!\" \/>\n<meta property=\"og:url\" content=\"https:\/\/www.esplac.cat\/obren-les-incripcions-de-la-tardor-de-formacio\/\" \/>\n<meta property=\"og:site_name\" content=\"Esplac\" \/>\n<meta property=\"article:published_time\" content=\"2023-09-27T10:00:58+00:00\" \/>\n<meta property=\"article:modified_time\" content=\"2023-09-28T10:47:21+00:00\" \/>\n<meta property=\"og:image\" content=\"https:\/\/www.esplac.cat\/wp-content\/uploads\/2023\/09\/Portades-Web-1-2.jpg\" \/>\n\t<meta property=\"og:image:width\" content=\"1697\" \/>\n\t<meta property=\"og:image:height\" content=\"700\" \/>\n\t<meta property=\"og:image:type\" content=\"image\/jpeg\" \/>\n<meta name=\"author\" content=\"Comunicaci\u00f3 Esplac\" \/>\n<meta name=\"twitter:card\" content=\"summary_large_image\" \/>\n<meta name=\"twitter:label1\" content=\"Written by\" \/>\n\t<meta name=\"twitter:data1\" content=\"Comunicaci\u00f3 Esplac\" \/>\n\t<meta name=\"twitter:label2\" content=\"Est. reading time\" \/>\n\t<meta name=\"twitter:data2\" content=\"2 minutes\" \/>\n<script type=\"application\/ld+json\" class=\"yoast-schema-graph\">{\"@context\":\"https:\\\/\\\/schema.org\",\"@graph\":[{\"@type\":\"Article\",\"@id\":\"https:\\\/\\\/www.esplac.cat\\\/obren-les-incripcions-de-la-tardor-de-formacio\\\/#article\",\"isPartOf\":{\"@id\":\"https:\\\/\\\/www.esplac.cat\\\/obren-les-incripcions-de-la-tardor-de-formacio\\\/\"},\"author\":{\"name\":\"Comunicaci\u00f3 Esplac\",\"@id\":\"https:\\\/\\\/www.esplac.cat\\\/#\\\/schema\\\/person\\\/908383cf240be18b68f8855d0583faca\"},\"headline\":\"Obren les incripcions de la tardor de formaci\u00f3!\",\"datePublished\":\"2023-09-27T10:00:58+00:00\",\"dateModified\":\"2023-09-28T10:47:21+00:00\",\"mainEntityOfPage\":{\"@id\":\"https:\\\/\\\/www.esplac.cat\\\/obren-les-incripcions-de-la-tardor-de-formacio\\\/\"},\"wordCount\":289,\"publisher\":{\"@id\":\"https:\\\/\\\/www.esplac.cat\\\/#organization\"},\"image\":{\"@id\":\"https:\\\/\\\/www.esplac.cat\\\/obren-les-incripcions-de-la-tardor-de-formacio\\\/#primaryimage\"},\"thumbnailUrl\":\"https:\\\/\\\/www.esplac.cat\\\/wp-content\\\/uploads\\\/2023\\\/09\\\/Portades-Web-1-2.jpg\",\"articleSection\":[\"Jornades ambientals\",\"Jornades de Lleure i Feminismes\",\"Jornades Interculturalitat\",\"Sense categoria\"],\"inLanguage\":\"en-US\"},{\"@type\":\"WebPage\",\"@id\":\"https:\\\/\\\/www.esplac.cat\\\/obren-les-incripcions-de-la-tardor-de-formacio\\\/\",\"url\":\"https:\\\/\\\/www.esplac.cat\\\/obren-les-incripcions-de-la-tardor-de-formacio\\\/\",\"name\":\"Obren les incripcions de la tardor de formaci\u00f3! - Esplac\",\"isPartOf\":{\"@id\":\"https:\\\/\\\/www.esplac.cat\\\/#website\"},\"primaryImageOfPage\":{\"@id\":\"https:\\\/\\\/www.esplac.cat\\\/obren-les-incripcions-de-la-tardor-de-formacio\\\/#primaryimage\"},\"image\":{\"@id\":\"https:\\\/\\\/www.esplac.cat\\\/obren-les-incripcions-de-la-tardor-de-formacio\\\/#primaryimage\"},\"thumbnailUrl\":\"https:\\\/\\\/www.esplac.cat\\\/wp-content\\\/uploads\\\/2023\\\/09\\\/Portades-Web-1-2.jpg\",\"datePublished\":\"2023-09-27T10:00:58+00:00\",\"dateModified\":\"2023-09-28T10:47:21+00:00\",\"description\":\"Ja us podeu inscriure a les Jornades Ambientals, les Tardes de Lleure i Antiracisme i les Jornades de Lleure i Feminismes!\",\"breadcrumb\":{\"@id\":\"https:\\\/\\\/www.esplac.cat\\\/obren-les-incripcions-de-la-tardor-de-formacio\\\/#breadcrumb\"},\"inLanguage\":\"en-US\",\"potentialAction\":[{\"@type\":\"ReadAction\",\"target\":[\"https:\\\/\\\/www.esplac.cat\\\/obren-les-incripcions-de-la-tardor-de-formacio\\\/\"]}]},{\"@type\":\"ImageObject\",\"inLanguage\":\"en-US\",\"@id\":\"https:\\\/\\\/www.esplac.cat\\\/obren-les-incripcions-de-la-tardor-de-formacio\\\/#primaryimage\",\"url\":\"https:\\\/\\\/www.esplac.cat\\\/wp-content\\\/uploads\\\/2023\\\/09\\\/Portades-Web-1-2.jpg\",\"contentUrl\":\"https:\\\/\\\/www.esplac.cat\\\/wp-content\\\/uploads\\\/2023\\\/09\\\/Portades-Web-1-2.jpg\",\"width\":1697,\"height\":700,\"caption\":\"Jornades AMbientals 2023\"},{\"@type\":\"BreadcrumbList\",\"@id\":\"https:\\\/\\\/www.esplac.cat\\\/obren-les-incripcions-de-la-tardor-de-formacio\\\/#breadcrumb\",\"itemListElement\":[{\"@type\":\"ListItem\",\"position\":1,\"name\":\"Inici\",\"item\":\"https:\\\/\\\/www.esplac.cat\\\/en\\\/\"},{\"@type\":\"ListItem\",\"position\":2,\"name\":\"Obren les incripcions de la tardor de formaci\u00f3!\"}]},{\"@type\":\"WebSite\",\"@id\":\"https:\\\/\\\/www.esplac.cat\\\/#website\",\"url\":\"https:\\\/\\\/www.esplac.cat\\\/\",\"name\":\"Esplac\",\"description\":\"Esplais Catalans\",\"publisher\":{\"@id\":\"https:\\\/\\\/www.esplac.cat\\\/#organization\"},\"potentialAction\":[{\"@type\":\"SearchAction\",\"target\":{\"@type\":\"EntryPoint\",\"urlTemplate\":\"https:\\\/\\\/www.esplac.cat\\\/?s={search_term_string}\"},\"query-input\":{\"@type\":\"PropertyValueSpecification\",\"valueRequired\":true,\"valueName\":\"search_term_string\"}}],\"inLanguage\":\"en-US\"},{\"@type\":\"Organization\",\"@id\":\"https:\\\/\\\/www.esplac.cat\\\/#organization\",\"name\":\"Esplac\",\"url\":\"https:\\\/\\\/www.esplac.cat\\\/\",\"logo\":{\"@type\":\"ImageObject\",\"inLanguage\":\"en-US\",\"@id\":\"https:\\\/\\\/www.esplac.cat\\\/#\\\/schema\\\/logo\\\/image\\\/\",\"url\":\"https:\\\/\\\/www.esplac.cat\\\/wp-content\\\/uploads\\\/2019\\\/08\\\/logox2.png\",\"contentUrl\":\"https:\\\/\\\/www.esplac.cat\\\/wp-content\\\/uploads\\\/2019\\\/08\\\/logox2.png\",\"width\":600,\"height\":295,\"caption\":\"Esplac\"},\"image\":{\"@id\":\"https:\\\/\\\/www.esplac.cat\\\/#\\\/schema\\\/logo\\\/image\\\/\"}},{\"@type\":\"Person\",\"@id\":\"https:\\\/\\\/www.esplac.cat\\\/#\\\/schema\\\/person\\\/908383cf240be18b68f8855d0583faca\",\"name\":\"Comunicaci\u00f3 Esplac\",\"image\":{\"@type\":\"ImageObject\",\"inLanguage\":\"en-US\",\"@id\":\"https:\\\/\\\/secure.gravatar.com\\\/avatar\\\/7a4cf8feb412a76ea4a740ca02d95b06b2907b5a6c648c2dd0a1082a093c3141?s=96&d=mm&r=g\",\"url\":\"https:\\\/\\\/secure.gravatar.com\\\/avatar\\\/7a4cf8feb412a76ea4a740ca02d95b06b2907b5a6c648c2dd0a1082a093c3141?s=96&d=mm&r=g\",\"contentUrl\":\"https:\\\/\\\/secure.gravatar.com\\\/avatar\\\/7a4cf8feb412a76ea4a740ca02d95b06b2907b5a6c648c2dd0a1082a093c3141?s=96&d=mm&r=g\",\"caption\":\"Comunicaci\u00f3 Esplac\"}}]}<\/script>\n<!-- \/ Yoast SEO plugin. -->","yoast_head_json":{"title":"Obren les incripcions de la tardor de formaci\u00f3! - Esplac","description":"Ja us podeu inscriure a les Jornades Ambientals, les Tardes de Lleure i Antiracisme i les Jornades de Lleure i Feminismes!","robots":{"index":"index","follow":"follow","max-snippet":"max-snippet:-1","max-image-preview":"max-image-preview:large","max-video-preview":"max-video-preview:-1"},"canonical":"https:\/\/www.esplac.cat\/obren-les-incripcions-de-la-tardor-de-formacio\/","og_locale":"en_US","og_type":"article","og_title":"Obren les incripcions de la tardor de formaci\u00f3! - Esplac","og_description":"Ja us podeu inscriure a les Jornades Ambientals, les Tardes de Lleure i Antiracisme i les Jornades de Lleure i Feminismes!","og_url":"https:\/\/www.esplac.cat\/obren-les-incripcions-de-la-tardor-de-formacio\/","og_site_name":"Esplac","article_published_time":"2023-09-27T10:00:58+00:00","article_modified_time":"2023-09-28T10:47:21+00:00","og_image":[{"width":1697,"height":700,"url":"https:\/\/www.esplac.cat\/wp-content\/uploads\/2023\/09\/Portades-Web-1-2.jpg","type":"image\/jpeg"}],"author":"Comunicaci\u00f3 Esplac","twitter_card":"summary_large_image","twitter_misc":{"Written by":"Comunicaci\u00f3 Esplac","Est. reading time":"2 minutes"},"schema":{"@context":"https:\/\/schema.org","@graph":[{"@type":"Article","@id":"https:\/\/www.esplac.cat\/obren-les-incripcions-de-la-tardor-de-formacio\/#article","isPartOf":{"@id":"https:\/\/www.esplac.cat\/obren-les-incripcions-de-la-tardor-de-formacio\/"},"author":{"name":"Comunicaci\u00f3 Esplac","@id":"https:\/\/www.esplac.cat\/#\/schema\/person\/908383cf240be18b68f8855d0583faca"},"headline":"Obren les incripcions de la tardor de formaci\u00f3!","datePublished":"2023-09-27T10:00:58+00:00","dateModified":"2023-09-28T10:47:21+00:00","mainEntityOfPage":{"@id":"https:\/\/www.esplac.cat\/obren-les-incripcions-de-la-tardor-de-formacio\/"},"wordCount":289,"publisher":{"@id":"https:\/\/www.esplac.cat\/#organization"},"image":{"@id":"https:\/\/www.esplac.cat\/obren-les-incripcions-de-la-tardor-de-formacio\/#primaryimage"},"thumbnailUrl":"https:\/\/www.esplac.cat\/wp-content\/uploads\/2023\/09\/Portades-Web-1-2.jpg","articleSection":["Jornades ambientals","Jornades de Lleure i Feminismes","Jornades Interculturalitat","Sense categoria"],"inLanguage":"en-US"},{"@type":"WebPage","@id":"https:\/\/www.esplac.cat\/obren-les-incripcions-de-la-tardor-de-formacio\/","url":"https:\/\/www.esplac.cat\/obren-les-incripcions-de-la-tardor-de-formacio\/","name":"Obren les incripcions de la tardor de formaci\u00f3! - Esplac","isPartOf":{"@id":"https:\/\/www.esplac.cat\/#website"},"primaryImageOfPage":{"@id":"https:\/\/www.esplac.cat\/obren-les-incripcions-de-la-tardor-de-formacio\/#primaryimage"},"image":{"@id":"https:\/\/www.esplac.cat\/obren-les-incripcions-de-la-tardor-de-formacio\/#primaryimage"},"thumbnailUrl":"https:\/\/www.esplac.cat\/wp-content\/uploads\/2023\/09\/Portades-Web-1-2.jpg","datePublished":"2023-09-27T10:00:58+00:00","dateModified":"2023-09-28T10:47:21+00:00","description":"Ja us podeu inscriure a les Jornades Ambientals, les Tardes de Lleure i Antiracisme i les Jornades de Lleure i Feminismes!","breadcrumb":{"@id":"https:\/\/www.esplac.cat\/obren-les-incripcions-de-la-tardor-de-formacio\/#breadcrumb"},"inLanguage":"en-US","potentialAction":[{"@type":"ReadAction","target":["https:\/\/www.esplac.cat\/obren-les-incripcions-de-la-tardor-de-formacio\/"]}]},{"@type":"ImageObject","inLanguage":"en-US","@id":"https:\/\/www.esplac.cat\/obren-les-incripcions-de-la-tardor-de-formacio\/#primaryimage","url":"https:\/\/www.esplac.cat\/wp-content\/uploads\/2023\/09\/Portades-Web-1-2.jpg","contentUrl":"https:\/\/www.esplac.cat\/wp-content\/uploads\/2023\/09\/Portades-Web-1-2.jpg","width":1697,"height":700,"caption":"Jornades AMbientals 2023"},{"@type":"BreadcrumbList","@id":"https:\/\/www.esplac.cat\/obren-les-incripcions-de-la-tardor-de-formacio\/#breadcrumb","itemListElement":[{"@type":"ListItem","position":1,"name":"Inici","item":"https:\/\/www.esplac.cat\/en\/"},{"@type":"ListItem","position":2,"name":"Obren les incripcions de la tardor de formaci\u00f3!"}]},{"@type":"WebSite","@id":"https:\/\/www.esplac.cat\/#website","url":"https:\/\/www.esplac.cat\/","name":"Esplac","description":"Esplais Catalans","publisher":{"@id":"https:\/\/www.esplac.cat\/#organization"},"potentialAction":[{"@type":"SearchAction","target":{"@type":"EntryPoint","urlTemplate":"https:\/\/www.esplac.cat\/?s={search_term_string}"},"query-input":{"@type":"PropertyValueSpecification","valueRequired":true,"valueName":"search_term_string"}}],"inLanguage":"en-US"},{"@type":"Organization","@id":"https:\/\/www.esplac.cat\/#organization","name":"Esplac","url":"https:\/\/www.esplac.cat\/","logo":{"@type":"ImageObject","inLanguage":"en-US","@id":"https:\/\/www.esplac.cat\/#\/schema\/logo\/image\/","url":"https:\/\/www.esplac.cat\/wp-content\/uploads\/2019\/08\/logox2.png","contentUrl":"https:\/\/www.esplac.cat\/wp-content\/uploads\/2019\/08\/logox2.png","width":600,"height":295,"caption":"Esplac"},"image":{"@id":"https:\/\/www.esplac.cat\/#\/schema\/logo\/image\/"}},{"@type":"Person","@id":"https:\/\/www.esplac.cat\/#\/schema\/person\/908383cf240be18b68f8855d0583faca","name":"Comunicaci\u00f3 Esplac","image":{"@type":"ImageObject","inLanguage":"en-US","@id":"https:\/\/secure.gravatar.com\/avatar\/7a4cf8feb412a76ea4a740ca02d95b06b2907b5a6c648c2dd0a1082a093c3141?s=96&d=mm&r=g","url":"https:\/\/secure.gravatar.com\/avatar\/7a4cf8feb412a76ea4a740ca02d95b06b2907b5a6c648c2dd0a1082a093c3141?s=96&d=mm&r=g","contentUrl":"https:\/\/secure.gravatar.com\/avatar\/7a4cf8feb412a76ea4a740ca02d95b06b2907b5a6c648c2dd0a1082a093c3141?s=96&d=mm&r=g","caption":"Comunicaci\u00f3 Esplac"}}]}},"_links":{"self":[{"href":"https:\/\/www.esplac.cat\/en\/wp-json\/wp\/v2\/posts\/47146","targetHints":{"allow":["GET"]}}],"collection":[{"href":"https:\/\/www.esplac.cat\/en\/wp-json\/wp\/v2\/posts"}],"about":[{"href":"https:\/\/www.esplac.cat\/en\/wp-json\/wp\/v2\/types\/post"}],"author":[{"embeddable":true,"href":"https:\/\/www.esplac.cat\/en\/wp-json\/wp\/v2\/users\/3"}],"replies":[{"embeddable":true,"href":"https:\/\/www.esplac.cat\/en\/wp-json\/wp\/v2\/comments?post=47146"}],"version-history":[{"count":0,"href":"https:\/\/www.esplac.cat\/en\/wp-json\/wp\/v2\/posts\/47146\/revisions"}],"wp:featuredmedia":[{"embeddable":true,"href":"https:\/\/www.esplac.cat\/en\/wp-json\/wp\/v2\/media\/47180"}],"wp:attachment":[{"href":"https:\/\/www.esplac.cat\/en\/wp-json\/wp\/v2\/media?parent=47146"}],"wp:term":[{"taxonomy":"category","embeddable":true,"href":"https:\/\/www.esplac.cat\/en\/wp-json\/wp\/v2\/categories?post=47146"},{"taxonomy":"post_tag","embeddable":true,"href":"https:\/\/www.esplac.cat\/en\/wp-json\/wp\/v2\/tags?post=47146"}],"curies":[{"name":"wp","href":"https:\/\/api.w.org\/{rel}","templated":true}]}}