{"id":47156,"date":"2023-09-26T12:55:57","date_gmt":"2023-09-26T10:55:57","guid":{"rendered":"https:\/\/www.esplac.cat\/?p=47156"},"modified":"2023-09-26T12:55:57","modified_gmt":"2023-09-26T10:55:57","slug":"sector-bages-bergueda-la-cerdanya-arrenca-curs-forca","status":"publish","type":"post","link":"https:\/\/www.esplac.cat\/en\/sector-bages-bergueda-la-cerdanya-arrenca-curs-forca\/","title":{"rendered":"El sector Bages, Bergued\u00e0 i la Cerdanya arrenca el curs amb for\u00e7a!"},"content":{"rendered":"<h6><strong>El sector Bages, Bergued\u00e0 i la Cerdanya arrenca el curs amb un dissabte complet a Sant Salvador de Guardiola, amb l\u2019AGO del Sector com a activitat principal.<\/strong><\/h6>\n<p><span style=\"font-weight: 400;\">Com ja \u00e9s tradici\u00f3 en els \u00faltims anys, el <span style=\"color: #f69d0b;\"><strong><a style=\"color: #f69d0b;\" href=\"https:\/\/www.esplac.cat\/sectors-geografics\/bages-bergueda-cerdanya\/\" target=\"_blank\" rel=\"noopener\">Sector Bages Bergued\u00e0 i la Cerdanya<\/a><\/strong> <\/span>(BBC) ha comen\u00e7at el curs amb una trobada de monis per planificar el curs, formar-se i cohesionar les monitores i els monitors del sector. La jornada va comen\u00e7ar a les 10 del mat\u00ed, amb dos espais simultanis de <strong>formaci\u00f3 i debat<\/strong>. Un d\u2019ells el va impartir l\u2019Anna Gass\u00f3, que va generar un espai per reflexionar sobre com el capitalisme afecta la realitat dels esplais. Paral\u00b7lelament, l\u2019equip d\u2019EGS del sector va dinamitzar uns debats al votant de la salut mental, els h\u00e0bits i el poder transformatiu dels esplais.\u00a0<\/span><\/p>\n<p><span style=\"font-weight: 400;\">A la tarda va ser el torn de les reunions, amb la <strong>Reuni\u00f3 de Sector<\/strong> i l&#8217;<strong>Assemblea General Ordin\u00e0ria<\/strong> (AGO) de Sector. A m\u00e9s a m\u00e9s de repassar els temes d\u2019actualitat a Esplac, a l&#8217;AGO es va aprovar el <strong>Pla de Treball<\/strong> i el <strong>Calendari d\u2019aquest curs 23-24<\/strong>, amb debats interessants respecte com planificar les activitats al sector i la import\u00e0ncia de prioritzar esfor\u00e7os en \u00e8poques on la disponibilitat de forces no \u00e9s tan alta. Hi van assistir una quarantena de monitores i monitors de 7 esplais diferents.<\/span><\/p>\n<p><span style=\"font-weight: 400;\">El dia va concloure amb un magn\u00edfic sopar cuinat per exEGS i exmonis, que van fer un delici\u00f3s arr\u00f2s amb verduretes. Per acabar d&#8217;arrodonir-ho, el grup bagenc <strong>Declivi<\/strong> va posar la cirereta amb un concert ben energ\u00e8tic. <\/span><span style=\"font-weight: 400;\">Aix\u00ed doncs, el sector arrenca un nou curs, amb unes quantes activitats per fer i moltes ganes de tirar-lo endavant!<\/span><\/p>\n\n\t\t<style type=\"text\/css\">\n\t\t\t#gallery-1 {\n\t\t\t\tmargin: auto;\n\t\t\t}\n\t\t\t#gallery-1 .gallery-item {\n\t\t\t\tfloat: left;\n\t\t\t\tmargin-top: 10px;\n\t\t\t\ttext-align: center;\n\t\t\t\twidth: 50%;\n\t\t\t}\n\t\t\t#gallery-1 img {\n\t\t\t\tborder: 2px solid #cfcfcf;\n\t\t\t}\n\t\t\t#gallery-1 .gallery-caption {\n\t\t\t\tmargin-left: 0;\n\t\t\t}\n\t\t\t\/* see gallery_shortcode() in wp-includes\/media.php *\/\n\t\t<\/style>\n\t\t<div id='gallery-1' class='gallery galleryid-47156 gallery-columns-2 gallery-size-large'><dl class='gallery-item'>\n\t\t\t<dt class='gallery-icon landscape'>\n\t\t\t\t<a data-rel=\"iLightbox[postimages]\" data-title=\"1\" data-caption=\"\" href='https:\/\/www.esplac.cat\/en\/1-43-2\/'><img decoding=\"async\" width=\"1024\" height=\"1024\" src=\"https:\/\/www.esplac.cat\/wp-content\/uploads\/2023\/09\/1-3-1024x1024.jpg\" class=\"attachment-large size-large\" alt=\"Bages, Bergued\u00e0 i La Cerdanya\" srcset=\"https:\/\/www.esplac.cat\/wp-content\/uploads\/2023\/09\/1-3-66x66.jpg 66w, https:\/\/www.esplac.cat\/wp-content\/uploads\/2023\/09\/1-3-150x150.jpg 150w, https:\/\/www.esplac.cat\/wp-content\/uploads\/2023\/09\/1-3-200x200.jpg 200w, https:\/\/www.esplac.cat\/wp-content\/uploads\/2023\/09\/1-3-300x300.jpg 300w, https:\/\/www.esplac.cat\/wp-content\/uploads\/2023\/09\/1-3-400x400.jpg 400w, https:\/\/www.esplac.cat\/wp-content\/uploads\/2023\/09\/1-3-600x600.jpg 600w, https:\/\/www.esplac.cat\/wp-content\/uploads\/2023\/09\/1-3-768x768.jpg 768w, https:\/\/www.esplac.cat\/wp-content\/uploads\/2023\/09\/1-3-800x800.jpg 800w, https:\/\/www.esplac.cat\/wp-content\/uploads\/2023\/09\/1-3-1024x1024.jpg 1024w, https:\/\/www.esplac.cat\/wp-content\/uploads\/2023\/09\/1-3.jpg 1080w\" sizes=\"(max-width: 1024px) 100vw, 1024px\" \/><\/a>\n\t\t\t<\/dt><\/dl><dl class='gallery-item'>\n\t\t\t<dt class='gallery-icon landscape'>\n\t\t\t\t<a data-rel=\"iLightbox[postimages]\" data-title=\"2\" data-caption=\"\" href='https:\/\/www.esplac.cat\/en\/2-58-2\/'><img decoding=\"async\" width=\"1024\" height=\"1024\" src=\"https:\/\/www.esplac.cat\/wp-content\/uploads\/2023\/09\/2-3-1024x1024.jpg\" class=\"attachment-large size-large\" alt=\"Bages, Bergued\u00e0 i La Cerdanya\" srcset=\"https:\/\/www.esplac.cat\/wp-content\/uploads\/2023\/09\/2-3-66x66.jpg 66w, https:\/\/www.esplac.cat\/wp-content\/uploads\/2023\/09\/2-3-150x150.jpg 150w, https:\/\/www.esplac.cat\/wp-content\/uploads\/2023\/09\/2-3-200x200.jpg 200w, https:\/\/www.esplac.cat\/wp-content\/uploads\/2023\/09\/2-3-300x300.jpg 300w, https:\/\/www.esplac.cat\/wp-content\/uploads\/2023\/09\/2-3-400x400.jpg 400w, https:\/\/www.esplac.cat\/wp-content\/uploads\/2023\/09\/2-3-600x600.jpg 600w, https:\/\/www.esplac.cat\/wp-content\/uploads\/2023\/09\/2-3-768x768.jpg 768w, https:\/\/www.esplac.cat\/wp-content\/uploads\/2023\/09\/2-3-800x800.jpg 800w, https:\/\/www.esplac.cat\/wp-content\/uploads\/2023\/09\/2-3-1024x1024.jpg 1024w, https:\/\/www.esplac.cat\/wp-content\/uploads\/2023\/09\/2-3.jpg 1080w\" sizes=\"(max-width: 1024px) 100vw, 1024px\" \/><\/a>\n\t\t\t<\/dt><\/dl><br style=\"clear: both\" \/>\n\t\t<\/div>\n\n","protected":false},"excerpt":{"rendered":"<p>El sector Bages, Bergued\u00e0 i la Cerdanya arrenca el curs [&hellip;]<\/p>\n","protected":false},"author":3,"featured_media":47158,"comment_status":"closed","ping_status":"closed","sticky":false,"template":"","format":"standard","meta":{"om_disable_all_campaigns":false,"_monsterinsights_skip_tracking":false,"_monsterinsights_sitenote_active":false,"_monsterinsights_sitenote_note":"","_monsterinsights_sitenote_category":0,"_uf_show_specific_survey":0,"_uf_disable_surveys":false,"footnotes":""},"categories":[1110,1133],"tags":[],"class_list":["post-47156","post","type-post","status-publish","format-standard","has-post-thumbnail","hentry","category-activitats-sectors","category-sector-bages-bergueda-cerdanya"],"yoast_head":"<!-- This site is optimized with the Yoast SEO plugin v27.4 - https:\/\/yoast.com\/product\/yoast-seo-wordpress\/ -->\n<title>El sector Bages, Bergued\u00e0 i la Cerdanya arrenca el curs amb for\u00e7a! - Esplac<\/title>\n<meta name=\"description\" content=\"El Sector Bages, Bergued\u00e0 i la Cerdanya arrenca el curs amb un dissabte complet, amb l\u2019AGO del Sector com a activitat principal.\" \/>\n<meta name=\"robots\" content=\"index, follow, max-snippet:-1, max-image-preview:large, max-video-preview:-1\" \/>\n<link rel=\"canonical\" href=\"https:\/\/www.esplac.cat\/sector-bages-bergueda-la-cerdanya-arrenca-curs-forca\/\" \/>\n<meta property=\"og:locale\" content=\"en_US\" \/>\n<meta property=\"og:type\" content=\"article\" \/>\n<meta property=\"og:title\" content=\"El sector Bages, Bergued\u00e0 i la Cerdanya arrenca el curs amb for\u00e7a! - Esplac\" \/>\n<meta property=\"og:description\" content=\"El Sector Bages, Bergued\u00e0 i la Cerdanya arrenca el curs amb un dissabte complet, amb l\u2019AGO del Sector com a activitat principal.\" \/>\n<meta property=\"og:url\" content=\"https:\/\/www.esplac.cat\/sector-bages-bergueda-la-cerdanya-arrenca-curs-forca\/\" \/>\n<meta property=\"og:site_name\" content=\"Esplac\" \/>\n<meta property=\"article:published_time\" content=\"2023-09-26T10:55:57+00:00\" \/>\n<meta property=\"og:image\" content=\"https:\/\/www.esplac.cat\/wp-content\/uploads\/2023\/09\/Portades-Web-10.jpg\" \/>\n\t<meta property=\"og:image:width\" content=\"1697\" \/>\n\t<meta property=\"og:image:height\" content=\"700\" \/>\n\t<meta property=\"og:image:type\" content=\"image\/jpeg\" \/>\n<meta name=\"author\" content=\"Comunicaci\u00f3 Esplac\" \/>\n<meta name=\"twitter:card\" content=\"summary_large_image\" \/>\n<meta name=\"twitter:label1\" content=\"Written by\" \/>\n\t<meta name=\"twitter:data1\" content=\"Comunicaci\u00f3 Esplac\" \/>\n\t<meta name=\"twitter:label2\" content=\"Est. reading time\" \/>\n\t<meta name=\"twitter:data2\" content=\"2 minutes\" \/>\n<script type=\"application\/ld+json\" class=\"yoast-schema-graph\">{\"@context\":\"https:\\\/\\\/schema.org\",\"@graph\":[{\"@type\":\"Article\",\"@id\":\"https:\\\/\\\/www.esplac.cat\\\/sector-bages-bergueda-la-cerdanya-arrenca-curs-forca\\\/#article\",\"isPartOf\":{\"@id\":\"https:\\\/\\\/www.esplac.cat\\\/sector-bages-bergueda-la-cerdanya-arrenca-curs-forca\\\/\"},\"author\":{\"name\":\"Comunicaci\u00f3 Esplac\",\"@id\":\"https:\\\/\\\/www.esplac.cat\\\/#\\\/schema\\\/person\\\/908383cf240be18b68f8855d0583faca\"},\"headline\":\"El sector Bages, Bergued\u00e0 i la Cerdanya arrenca el curs amb for\u00e7a!\",\"datePublished\":\"2023-09-26T10:55:57+00:00\",\"mainEntityOfPage\":{\"@id\":\"https:\\\/\\\/www.esplac.cat\\\/sector-bages-bergueda-la-cerdanya-arrenca-curs-forca\\\/\"},\"wordCount\":313,\"publisher\":{\"@id\":\"https:\\\/\\\/www.esplac.cat\\\/#organization\"},\"image\":{\"@id\":\"https:\\\/\\\/www.esplac.cat\\\/sector-bages-bergueda-la-cerdanya-arrenca-curs-forca\\\/#primaryimage\"},\"thumbnailUrl\":\"https:\\\/\\\/www.esplac.cat\\\/wp-content\\\/uploads\\\/2023\\\/09\\\/Portades-Web-10.jpg\",\"articleSection\":[\"Activitats sectors\",\"Sector Bages, Bergued\u00e0 i La Cerdanya\"],\"inLanguage\":\"en-US\"},{\"@type\":\"WebPage\",\"@id\":\"https:\\\/\\\/www.esplac.cat\\\/sector-bages-bergueda-la-cerdanya-arrenca-curs-forca\\\/\",\"url\":\"https:\\\/\\\/www.esplac.cat\\\/sector-bages-bergueda-la-cerdanya-arrenca-curs-forca\\\/\",\"name\":\"El sector Bages, Bergued\u00e0 i la Cerdanya arrenca el curs amb for\u00e7a! - Esplac\",\"isPartOf\":{\"@id\":\"https:\\\/\\\/www.esplac.cat\\\/#website\"},\"primaryImageOfPage\":{\"@id\":\"https:\\\/\\\/www.esplac.cat\\\/sector-bages-bergueda-la-cerdanya-arrenca-curs-forca\\\/#primaryimage\"},\"image\":{\"@id\":\"https:\\\/\\\/www.esplac.cat\\\/sector-bages-bergueda-la-cerdanya-arrenca-curs-forca\\\/#primaryimage\"},\"thumbnailUrl\":\"https:\\\/\\\/www.esplac.cat\\\/wp-content\\\/uploads\\\/2023\\\/09\\\/Portades-Web-10.jpg\",\"datePublished\":\"2023-09-26T10:55:57+00:00\",\"description\":\"El Sector Bages, Bergued\u00e0 i la Cerdanya arrenca el curs amb un dissabte complet, amb l\u2019AGO del Sector com a activitat principal.\",\"breadcrumb\":{\"@id\":\"https:\\\/\\\/www.esplac.cat\\\/sector-bages-bergueda-la-cerdanya-arrenca-curs-forca\\\/#breadcrumb\"},\"inLanguage\":\"en-US\",\"potentialAction\":[{\"@type\":\"ReadAction\",\"target\":[\"https:\\\/\\\/www.esplac.cat\\\/sector-bages-bergueda-la-cerdanya-arrenca-curs-forca\\\/\"]}]},{\"@type\":\"ImageObject\",\"inLanguage\":\"en-US\",\"@id\":\"https:\\\/\\\/www.esplac.cat\\\/sector-bages-bergueda-la-cerdanya-arrenca-curs-forca\\\/#primaryimage\",\"url\":\"https:\\\/\\\/www.esplac.cat\\\/wp-content\\\/uploads\\\/2023\\\/09\\\/Portades-Web-10.jpg\",\"contentUrl\":\"https:\\\/\\\/www.esplac.cat\\\/wp-content\\\/uploads\\\/2023\\\/09\\\/Portades-Web-10.jpg\",\"width\":1697,\"height\":700,\"caption\":\"SEctor Bages, Bergued\u00e0 i La Cerdanya\"},{\"@type\":\"BreadcrumbList\",\"@id\":\"https:\\\/\\\/www.esplac.cat\\\/sector-bages-bergueda-la-cerdanya-arrenca-curs-forca\\\/#breadcrumb\",\"itemListElement\":[{\"@type\":\"ListItem\",\"position\":1,\"name\":\"Inici\",\"item\":\"https:\\\/\\\/www.esplac.cat\\\/en\\\/\"},{\"@type\":\"ListItem\",\"position\":2,\"name\":\"El sector Bages, Bergued\u00e0 i la Cerdanya arrenca el curs amb for\u00e7a!\"}]},{\"@type\":\"WebSite\",\"@id\":\"https:\\\/\\\/www.esplac.cat\\\/#website\",\"url\":\"https:\\\/\\\/www.esplac.cat\\\/\",\"name\":\"Esplac\",\"description\":\"Esplais Catalans\",\"publisher\":{\"@id\":\"https:\\\/\\\/www.esplac.cat\\\/#organization\"},\"potentialAction\":[{\"@type\":\"SearchAction\",\"target\":{\"@type\":\"EntryPoint\",\"urlTemplate\":\"https:\\\/\\\/www.esplac.cat\\\/?s={search_term_string}\"},\"query-input\":{\"@type\":\"PropertyValueSpecification\",\"valueRequired\":true,\"valueName\":\"search_term_string\"}}],\"inLanguage\":\"en-US\"},{\"@type\":\"Organization\",\"@id\":\"https:\\\/\\\/www.esplac.cat\\\/#organization\",\"name\":\"Esplac\",\"url\":\"https:\\\/\\\/www.esplac.cat\\\/\",\"logo\":{\"@type\":\"ImageObject\",\"inLanguage\":\"en-US\",\"@id\":\"https:\\\/\\\/www.esplac.cat\\\/#\\\/schema\\\/logo\\\/image\\\/\",\"url\":\"https:\\\/\\\/www.esplac.cat\\\/wp-content\\\/uploads\\\/2019\\\/08\\\/logox2.png\",\"contentUrl\":\"https:\\\/\\\/www.esplac.cat\\\/wp-content\\\/uploads\\\/2019\\\/08\\\/logox2.png\",\"width\":600,\"height\":295,\"caption\":\"Esplac\"},\"image\":{\"@id\":\"https:\\\/\\\/www.esplac.cat\\\/#\\\/schema\\\/logo\\\/image\\\/\"}},{\"@type\":\"Person\",\"@id\":\"https:\\\/\\\/www.esplac.cat\\\/#\\\/schema\\\/person\\\/908383cf240be18b68f8855d0583faca\",\"name\":\"Comunicaci\u00f3 Esplac\",\"image\":{\"@type\":\"ImageObject\",\"inLanguage\":\"en-US\",\"@id\":\"https:\\\/\\\/secure.gravatar.com\\\/avatar\\\/7a4cf8feb412a76ea4a740ca02d95b06b2907b5a6c648c2dd0a1082a093c3141?s=96&d=mm&r=g\",\"url\":\"https:\\\/\\\/secure.gravatar.com\\\/avatar\\\/7a4cf8feb412a76ea4a740ca02d95b06b2907b5a6c648c2dd0a1082a093c3141?s=96&d=mm&r=g\",\"contentUrl\":\"https:\\\/\\\/secure.gravatar.com\\\/avatar\\\/7a4cf8feb412a76ea4a740ca02d95b06b2907b5a6c648c2dd0a1082a093c3141?s=96&d=mm&r=g\",\"caption\":\"Comunicaci\u00f3 Esplac\"}}]}<\/script>\n<!-- \/ Yoast SEO plugin. -->","yoast_head_json":{"title":"El sector Bages, Bergued\u00e0 i la Cerdanya arrenca el curs amb for\u00e7a! - Esplac","description":"El Sector Bages, Bergued\u00e0 i la Cerdanya arrenca el curs amb un dissabte complet, amb l\u2019AGO del Sector com a activitat principal.","robots":{"index":"index","follow":"follow","max-snippet":"max-snippet:-1","max-image-preview":"max-image-preview:large","max-video-preview":"max-video-preview:-1"},"canonical":"https:\/\/www.esplac.cat\/sector-bages-bergueda-la-cerdanya-arrenca-curs-forca\/","og_locale":"en_US","og_type":"article","og_title":"El sector Bages, Bergued\u00e0 i la Cerdanya arrenca el curs amb for\u00e7a! - Esplac","og_description":"El Sector Bages, Bergued\u00e0 i la Cerdanya arrenca el curs amb un dissabte complet, amb l\u2019AGO del Sector com a activitat principal.","og_url":"https:\/\/www.esplac.cat\/sector-bages-bergueda-la-cerdanya-arrenca-curs-forca\/","og_site_name":"Esplac","article_published_time":"2023-09-26T10:55:57+00:00","og_image":[{"width":1697,"height":700,"url":"https:\/\/www.esplac.cat\/wp-content\/uploads\/2023\/09\/Portades-Web-10.jpg","type":"image\/jpeg"}],"author":"Comunicaci\u00f3 Esplac","twitter_card":"summary_large_image","twitter_misc":{"Written by":"Comunicaci\u00f3 Esplac","Est. reading time":"2 minutes"},"schema":{"@context":"https:\/\/schema.org","@graph":[{"@type":"Article","@id":"https:\/\/www.esplac.cat\/sector-bages-bergueda-la-cerdanya-arrenca-curs-forca\/#article","isPartOf":{"@id":"https:\/\/www.esplac.cat\/sector-bages-bergueda-la-cerdanya-arrenca-curs-forca\/"},"author":{"name":"Comunicaci\u00f3 Esplac","@id":"https:\/\/www.esplac.cat\/#\/schema\/person\/908383cf240be18b68f8855d0583faca"},"headline":"El sector Bages, Bergued\u00e0 i la Cerdanya arrenca el curs amb for\u00e7a!","datePublished":"2023-09-26T10:55:57+00:00","mainEntityOfPage":{"@id":"https:\/\/www.esplac.cat\/sector-bages-bergueda-la-cerdanya-arrenca-curs-forca\/"},"wordCount":313,"publisher":{"@id":"https:\/\/www.esplac.cat\/#organization"},"image":{"@id":"https:\/\/www.esplac.cat\/sector-bages-bergueda-la-cerdanya-arrenca-curs-forca\/#primaryimage"},"thumbnailUrl":"https:\/\/www.esplac.cat\/wp-content\/uploads\/2023\/09\/Portades-Web-10.jpg","articleSection":["Activitats sectors","Sector Bages, Bergued\u00e0 i La Cerdanya"],"inLanguage":"en-US"},{"@type":"WebPage","@id":"https:\/\/www.esplac.cat\/sector-bages-bergueda-la-cerdanya-arrenca-curs-forca\/","url":"https:\/\/www.esplac.cat\/sector-bages-bergueda-la-cerdanya-arrenca-curs-forca\/","name":"El sector Bages, Bergued\u00e0 i la Cerdanya arrenca el curs amb for\u00e7a! - Esplac","isPartOf":{"@id":"https:\/\/www.esplac.cat\/#website"},"primaryImageOfPage":{"@id":"https:\/\/www.esplac.cat\/sector-bages-bergueda-la-cerdanya-arrenca-curs-forca\/#primaryimage"},"image":{"@id":"https:\/\/www.esplac.cat\/sector-bages-bergueda-la-cerdanya-arrenca-curs-forca\/#primaryimage"},"thumbnailUrl":"https:\/\/www.esplac.cat\/wp-content\/uploads\/2023\/09\/Portades-Web-10.jpg","datePublished":"2023-09-26T10:55:57+00:00","description":"El Sector Bages, Bergued\u00e0 i la Cerdanya arrenca el curs amb un dissabte complet, amb l\u2019AGO del Sector com a activitat principal.","breadcrumb":{"@id":"https:\/\/www.esplac.cat\/sector-bages-bergueda-la-cerdanya-arrenca-curs-forca\/#breadcrumb"},"inLanguage":"en-US","potentialAction":[{"@type":"ReadAction","target":["https:\/\/www.esplac.cat\/sector-bages-bergueda-la-cerdanya-arrenca-curs-forca\/"]}]},{"@type":"ImageObject","inLanguage":"en-US","@id":"https:\/\/www.esplac.cat\/sector-bages-bergueda-la-cerdanya-arrenca-curs-forca\/#primaryimage","url":"https:\/\/www.esplac.cat\/wp-content\/uploads\/2023\/09\/Portades-Web-10.jpg","contentUrl":"https:\/\/www.esplac.cat\/wp-content\/uploads\/2023\/09\/Portades-Web-10.jpg","width":1697,"height":700,"caption":"SEctor Bages, Bergued\u00e0 i La Cerdanya"},{"@type":"BreadcrumbList","@id":"https:\/\/www.esplac.cat\/sector-bages-bergueda-la-cerdanya-arrenca-curs-forca\/#breadcrumb","itemListElement":[{"@type":"ListItem","position":1,"name":"Inici","item":"https:\/\/www.esplac.cat\/en\/"},{"@type":"ListItem","position":2,"name":"El sector Bages, Bergued\u00e0 i la Cerdanya arrenca el curs amb for\u00e7a!"}]},{"@type":"WebSite","@id":"https:\/\/www.esplac.cat\/#website","url":"https:\/\/www.esplac.cat\/","name":"Esplac","description":"Esplais Catalans","publisher":{"@id":"https:\/\/www.esplac.cat\/#organization"},"potentialAction":[{"@type":"SearchAction","target":{"@type":"EntryPoint","urlTemplate":"https:\/\/www.esplac.cat\/?s={search_term_string}"},"query-input":{"@type":"PropertyValueSpecification","valueRequired":true,"valueName":"search_term_string"}}],"inLanguage":"en-US"},{"@type":"Organization","@id":"https:\/\/www.esplac.cat\/#organization","name":"Esplac","url":"https:\/\/www.esplac.cat\/","logo":{"@type":"ImageObject","inLanguage":"en-US","@id":"https:\/\/www.esplac.cat\/#\/schema\/logo\/image\/","url":"https:\/\/www.esplac.cat\/wp-content\/uploads\/2019\/08\/logox2.png","contentUrl":"https:\/\/www.esplac.cat\/wp-content\/uploads\/2019\/08\/logox2.png","width":600,"height":295,"caption":"Esplac"},"image":{"@id":"https:\/\/www.esplac.cat\/#\/schema\/logo\/image\/"}},{"@type":"Person","@id":"https:\/\/www.esplac.cat\/#\/schema\/person\/908383cf240be18b68f8855d0583faca","name":"Comunicaci\u00f3 Esplac","image":{"@type":"ImageObject","inLanguage":"en-US","@id":"https:\/\/secure.gravatar.com\/avatar\/7a4cf8feb412a76ea4a740ca02d95b06b2907b5a6c648c2dd0a1082a093c3141?s=96&d=mm&r=g","url":"https:\/\/secure.gravatar.com\/avatar\/7a4cf8feb412a76ea4a740ca02d95b06b2907b5a6c648c2dd0a1082a093c3141?s=96&d=mm&r=g","contentUrl":"https:\/\/secure.gravatar.com\/avatar\/7a4cf8feb412a76ea4a740ca02d95b06b2907b5a6c648c2dd0a1082a093c3141?s=96&d=mm&r=g","caption":"Comunicaci\u00f3 Esplac"}}]}},"_links":{"self":[{"href":"https:\/\/www.esplac.cat\/en\/wp-json\/wp\/v2\/posts\/47156","targetHints":{"allow":["GET"]}}],"collection":[{"href":"https:\/\/www.esplac.cat\/en\/wp-json\/wp\/v2\/posts"}],"about":[{"href":"https:\/\/www.esplac.cat\/en\/wp-json\/wp\/v2\/types\/post"}],"author":[{"embeddable":true,"href":"https:\/\/www.esplac.cat\/en\/wp-json\/wp\/v2\/users\/3"}],"replies":[{"embeddable":true,"href":"https:\/\/www.esplac.cat\/en\/wp-json\/wp\/v2\/comments?post=47156"}],"version-history":[{"count":0,"href":"https:\/\/www.esplac.cat\/en\/wp-json\/wp\/v2\/posts\/47156\/revisions"}],"wp:featuredmedia":[{"embeddable":true,"href":"https:\/\/www.esplac.cat\/en\/wp-json\/wp\/v2\/media\/47158"}],"wp:attachment":[{"href":"https:\/\/www.esplac.cat\/en\/wp-json\/wp\/v2\/media?parent=47156"}],"wp:term":[{"taxonomy":"category","embeddable":true,"href":"https:\/\/www.esplac.cat\/en\/wp-json\/wp\/v2\/categories?post=47156"},{"taxonomy":"post_tag","embeddable":true,"href":"https:\/\/www.esplac.cat\/en\/wp-json\/wp\/v2\/tags?post=47156"}],"curies":[{"name":"wp","href":"https:\/\/api.w.org\/{rel}","templated":true}]}}