{"id":47229,"date":"2023-09-29T12:09:43","date_gmt":"2023-09-29T10:09:43","guid":{"rendered":"https:\/\/www.esplac.cat\/?p=47229"},"modified":"2023-09-29T12:14:21","modified_gmt":"2023-09-29T10:14:21","slug":"sector-penedes-garraf-anoia-calcat-ago","status":"publish","type":"post","link":"https:\/\/www.esplac.cat\/en\/sector-penedes-garraf-anoia-calcat-ago\/","title":{"rendered":"El Sector Pened\u00e8s, Garraf i Anoia arranca el curs amb el Cal\u00e7a\u2019t i l\u2019AGO de Sector!"},"content":{"rendered":"<h6><b>El Sector Pened\u00e8s, Garraf i Anoia comen\u00e7a el curs amb energia amb un cap de setmana de formacions i de cohesi\u00f3!<\/b><\/h6>\n<p><span style=\"font-weight: 300;\">El cap de setmana del 23 i 24 de setembre les monitores i els monitors del <a href=\"https:\/\/www.esplac.cat\/sectors-geografics\/penedes-garraf-i-anoia\/\" target=\"_blank\" rel=\"noopener\"><span style=\"color: #f69d0b;\"><strong>Sector Pened\u00e8s, Garraf i Anoia<\/strong><\/span><\/a> es van reunir a Santa Coloma de Queralt per celebrar el <strong>Cal\u00e7a\u2019t<\/strong> i l\u2019<strong>AGO de Sector<\/strong>. En total, una cinquantena de monitores de 6 esplais diferents es van aplegar al local del nou esplai del sector, <strong><span style=\"color: #f69d0b;\"><a style=\"color: #f69d0b;\" href=\"https:\/\/www.instagram.com\/esplaicalnialet\/\" target=\"_blank\" rel=\"noopener\">Cal Nialet<\/a>.<\/span><\/strong>\u00a0<\/span><\/p>\n<p><span style=\"font-weight: 300;\">El sector va donar el tret de sortida al cap de setmana amb un <strong>mat\u00ed formatiu<\/strong>, on es van fer dues formacions paral\u00b7leles de la m\u00e0 de l\u2019<span style=\"color: #f69d0b;\"><strong><a style=\"color: #f69d0b;\" href=\"https:\/\/escolaelsol.coop\/\" target=\"_blank\" rel=\"noopener\">Escola Lliure el Sol<\/a><\/strong><\/span>. Una tractava sobre <strong>alternatives al c\u00e0stig<\/strong> i l&#8217;altra sobre com <strong>millorar la din\u00e0mica i la cohesi\u00f3 en equips<\/strong>. Alhora, les tresoreres de tots els esplais del sector van celebrar la <strong>Reuni\u00f3 de Tresoreres<\/strong> d&#8217;aquest curs.\u00a0<\/span><\/p>\n<p><span style=\"font-weight: 300;\">A la tarda, el sector va celebrar l\u2019<strong>Assemblea General Ordin\u00e0ria (AGO) de Sector<\/strong>. L\u2019assemblea va comen\u00e7ar amb el tancament del curs passat, amb la presentaci\u00f3 i l\u2019aprovaci\u00f3 de la mem\u00f2ria. Seguidament, es van definir conjuntament els objectius del sector per al nou curs i es va generar un espai per a reformular les activitats de sector.<\/span><\/p>\n<p><span style=\"font-weight: 300;\">A m\u00e9s, el Sector Pened\u00e8s, Garraf i Anoia celebra l&#8217;entrada d&#8217;una nova EGS. La J\u00falia s\u2019afegeix enguany, amb moltes ganes i motivaci\u00f3, a l\u2019Equip General del Sector! Amb tot, el sector PGA surt<\/span><span style=\"font-weight: 300;\"> de l\u2019AGO amb les energies renovades i amb ganes de dur a terme tot el que s&#8217;han proposat!<\/span><\/p>\n<p><img decoding=\"async\" class=\"aligncenter wp-image-47238 size-fusion-600\" src=\"https:\/\/www.esplac.cat\/wp-content\/uploads\/2023\/09\/Nou-branding_post-600x600.jpg\" alt=\"Sector Pened\u00e8s Garraf i Anoia\" width=\"600\" height=\"600\" srcset=\"https:\/\/www.esplac.cat\/wp-content\/uploads\/2023\/09\/Nou-branding_post-66x66.jpg 66w, https:\/\/www.esplac.cat\/wp-content\/uploads\/2023\/09\/Nou-branding_post-150x150.jpg 150w, https:\/\/www.esplac.cat\/wp-content\/uploads\/2023\/09\/Nou-branding_post-200x200.jpg 200w, https:\/\/www.esplac.cat\/wp-content\/uploads\/2023\/09\/Nou-branding_post-300x300.jpg 300w, https:\/\/www.esplac.cat\/wp-content\/uploads\/2023\/09\/Nou-branding_post-400x400.jpg 400w, https:\/\/www.esplac.cat\/wp-content\/uploads\/2023\/09\/Nou-branding_post-600x600.jpg 600w, https:\/\/www.esplac.cat\/wp-content\/uploads\/2023\/09\/Nou-branding_post-768x768.jpg 768w, https:\/\/www.esplac.cat\/wp-content\/uploads\/2023\/09\/Nou-branding_post-800x800.jpg 800w, https:\/\/www.esplac.cat\/wp-content\/uploads\/2023\/09\/Nou-branding_post-1024x1024.jpg 1024w, https:\/\/www.esplac.cat\/wp-content\/uploads\/2023\/09\/Nou-branding_post.jpg 1080w\" sizes=\"(max-width: 600px) 100vw, 600px\" \/><\/p>\n","protected":false},"excerpt":{"rendered":"<p>El Sector Pened\u00e8s, Garraf i Anoia comen\u00e7a el curs amb [&hellip;]<\/p>\n","protected":false},"author":3,"featured_media":47233,"comment_status":"closed","ping_status":"closed","sticky":false,"template":"","format":"standard","meta":{"om_disable_all_campaigns":false,"_monsterinsights_skip_tracking":false,"_monsterinsights_sitenote_active":false,"_monsterinsights_sitenote_note":"","_monsterinsights_sitenote_category":0,"_uf_show_specific_survey":0,"_uf_disable_surveys":false,"footnotes":""},"categories":[1110,1],"tags":[],"class_list":["post-47229","post","type-post","status-publish","format-standard","has-post-thumbnail","hentry","category-activitats-sectors","category-sense-categoria"],"yoast_head":"<!-- This site is optimized with the Yoast SEO plugin v27.5 - https:\/\/yoast.com\/product\/yoast-seo-wordpress\/ -->\n<title>El Sector PGA arrenca el nou curs amb el Cal\u00e7a&#039;t i l&#039;AGO!<\/title>\n<meta name=\"description\" content=\"El Sector Pend\u00e8s, Garraf i Anoia comen\u00e7a el curs amb energia amb un cap de setmana de formacions i de cohesi\u00f3!\" \/>\n<meta name=\"robots\" content=\"index, follow, max-snippet:-1, max-image-preview:large, max-video-preview:-1\" \/>\n<link rel=\"canonical\" href=\"https:\/\/www.esplac.cat\/sector-penedes-garraf-anoia-calcat-ago\/\" \/>\n<meta property=\"og:locale\" content=\"en_US\" \/>\n<meta property=\"og:type\" content=\"article\" \/>\n<meta property=\"og:title\" content=\"El Sector PGA arrenca el nou curs amb el Cal\u00e7a&#039;t i l&#039;AGO!\" \/>\n<meta property=\"og:description\" content=\"El Sector Pend\u00e8s, Garraf i Anoia comen\u00e7a el curs amb energia amb un cap de setmana de formacions i de cohesi\u00f3!\" \/>\n<meta property=\"og:url\" content=\"https:\/\/www.esplac.cat\/sector-penedes-garraf-anoia-calcat-ago\/\" \/>\n<meta property=\"og:site_name\" content=\"Esplac\" \/>\n<meta property=\"article:published_time\" content=\"2023-09-29T10:09:43+00:00\" \/>\n<meta property=\"article:modified_time\" content=\"2023-09-29T10:14:21+00:00\" \/>\n<meta property=\"og:image\" content=\"https:\/\/www.esplac.cat\/wp-content\/uploads\/2023\/09\/Portades-Web-12.jpg\" \/>\n\t<meta property=\"og:image:width\" content=\"1697\" \/>\n\t<meta property=\"og:image:height\" content=\"700\" \/>\n\t<meta property=\"og:image:type\" content=\"image\/jpeg\" \/>\n<meta name=\"author\" content=\"Comunicaci\u00f3 Esplac\" \/>\n<meta name=\"twitter:card\" content=\"summary_large_image\" \/>\n<meta name=\"twitter:label1\" content=\"Written by\" \/>\n\t<meta name=\"twitter:data1\" content=\"Comunicaci\u00f3 Esplac\" \/>\n\t<meta name=\"twitter:label2\" content=\"Est. reading time\" \/>\n\t<meta name=\"twitter:data2\" content=\"2 minutes\" \/>\n<script type=\"application\/ld+json\" class=\"yoast-schema-graph\">{\"@context\":\"https:\\\/\\\/schema.org\",\"@graph\":[{\"@type\":\"Article\",\"@id\":\"https:\\\/\\\/www.esplac.cat\\\/sector-penedes-garraf-anoia-calcat-ago\\\/#article\",\"isPartOf\":{\"@id\":\"https:\\\/\\\/www.esplac.cat\\\/sector-penedes-garraf-anoia-calcat-ago\\\/\"},\"author\":{\"name\":\"Comunicaci\u00f3 Esplac\",\"@id\":\"https:\\\/\\\/www.esplac.cat\\\/#\\\/schema\\\/person\\\/908383cf240be18b68f8855d0583faca\"},\"headline\":\"El Sector Pened\u00e8s, Garraf i Anoia arranca el curs amb el Cal\u00e7a\u2019t i l\u2019AGO de Sector!\",\"datePublished\":\"2023-09-29T10:09:43+00:00\",\"dateModified\":\"2023-09-29T10:14:21+00:00\",\"mainEntityOfPage\":{\"@id\":\"https:\\\/\\\/www.esplac.cat\\\/sector-penedes-garraf-anoia-calcat-ago\\\/\"},\"wordCount\":297,\"publisher\":{\"@id\":\"https:\\\/\\\/www.esplac.cat\\\/#organization\"},\"image\":{\"@id\":\"https:\\\/\\\/www.esplac.cat\\\/sector-penedes-garraf-anoia-calcat-ago\\\/#primaryimage\"},\"thumbnailUrl\":\"https:\\\/\\\/www.esplac.cat\\\/wp-content\\\/uploads\\\/2023\\\/09\\\/Portades-Web-12.jpg\",\"articleSection\":[\"Activitats sectors\",\"Sense categoria\"],\"inLanguage\":\"en-US\"},{\"@type\":\"WebPage\",\"@id\":\"https:\\\/\\\/www.esplac.cat\\\/sector-penedes-garraf-anoia-calcat-ago\\\/\",\"url\":\"https:\\\/\\\/www.esplac.cat\\\/sector-penedes-garraf-anoia-calcat-ago\\\/\",\"name\":\"El Sector PGA arrenca el nou curs amb el Cal\u00e7a't i l'AGO!\",\"isPartOf\":{\"@id\":\"https:\\\/\\\/www.esplac.cat\\\/#website\"},\"primaryImageOfPage\":{\"@id\":\"https:\\\/\\\/www.esplac.cat\\\/sector-penedes-garraf-anoia-calcat-ago\\\/#primaryimage\"},\"image\":{\"@id\":\"https:\\\/\\\/www.esplac.cat\\\/sector-penedes-garraf-anoia-calcat-ago\\\/#primaryimage\"},\"thumbnailUrl\":\"https:\\\/\\\/www.esplac.cat\\\/wp-content\\\/uploads\\\/2023\\\/09\\\/Portades-Web-12.jpg\",\"datePublished\":\"2023-09-29T10:09:43+00:00\",\"dateModified\":\"2023-09-29T10:14:21+00:00\",\"description\":\"El Sector Pend\u00e8s, Garraf i Anoia comen\u00e7a el curs amb energia amb un cap de setmana de formacions i de cohesi\u00f3!\",\"breadcrumb\":{\"@id\":\"https:\\\/\\\/www.esplac.cat\\\/sector-penedes-garraf-anoia-calcat-ago\\\/#breadcrumb\"},\"inLanguage\":\"en-US\",\"potentialAction\":[{\"@type\":\"ReadAction\",\"target\":[\"https:\\\/\\\/www.esplac.cat\\\/sector-penedes-garraf-anoia-calcat-ago\\\/\"]}]},{\"@type\":\"ImageObject\",\"inLanguage\":\"en-US\",\"@id\":\"https:\\\/\\\/www.esplac.cat\\\/sector-penedes-garraf-anoia-calcat-ago\\\/#primaryimage\",\"url\":\"https:\\\/\\\/www.esplac.cat\\\/wp-content\\\/uploads\\\/2023\\\/09\\\/Portades-Web-12.jpg\",\"contentUrl\":\"https:\\\/\\\/www.esplac.cat\\\/wp-content\\\/uploads\\\/2023\\\/09\\\/Portades-Web-12.jpg\",\"width\":1697,\"height\":700,\"caption\":\"Sector Pened\u00e8s Garraf i Anoia\"},{\"@type\":\"BreadcrumbList\",\"@id\":\"https:\\\/\\\/www.esplac.cat\\\/sector-penedes-garraf-anoia-calcat-ago\\\/#breadcrumb\",\"itemListElement\":[{\"@type\":\"ListItem\",\"position\":1,\"name\":\"Inici\",\"item\":\"https:\\\/\\\/www.esplac.cat\\\/en\\\/\"},{\"@type\":\"ListItem\",\"position\":2,\"name\":\"El Sector Pened\u00e8s, Garraf i Anoia arranca el curs amb el Cal\u00e7a\u2019t i l\u2019AGO de Sector!\"}]},{\"@type\":\"WebSite\",\"@id\":\"https:\\\/\\\/www.esplac.cat\\\/#website\",\"url\":\"https:\\\/\\\/www.esplac.cat\\\/\",\"name\":\"Esplac\",\"description\":\"Esplais Catalans\",\"publisher\":{\"@id\":\"https:\\\/\\\/www.esplac.cat\\\/#organization\"},\"potentialAction\":[{\"@type\":\"SearchAction\",\"target\":{\"@type\":\"EntryPoint\",\"urlTemplate\":\"https:\\\/\\\/www.esplac.cat\\\/?s={search_term_string}\"},\"query-input\":{\"@type\":\"PropertyValueSpecification\",\"valueRequired\":true,\"valueName\":\"search_term_string\"}}],\"inLanguage\":\"en-US\"},{\"@type\":\"Organization\",\"@id\":\"https:\\\/\\\/www.esplac.cat\\\/#organization\",\"name\":\"Esplac\",\"url\":\"https:\\\/\\\/www.esplac.cat\\\/\",\"logo\":{\"@type\":\"ImageObject\",\"inLanguage\":\"en-US\",\"@id\":\"https:\\\/\\\/www.esplac.cat\\\/#\\\/schema\\\/logo\\\/image\\\/\",\"url\":\"https:\\\/\\\/www.esplac.cat\\\/wp-content\\\/uploads\\\/2019\\\/08\\\/logox2.png\",\"contentUrl\":\"https:\\\/\\\/www.esplac.cat\\\/wp-content\\\/uploads\\\/2019\\\/08\\\/logox2.png\",\"width\":600,\"height\":295,\"caption\":\"Esplac\"},\"image\":{\"@id\":\"https:\\\/\\\/www.esplac.cat\\\/#\\\/schema\\\/logo\\\/image\\\/\"}},{\"@type\":\"Person\",\"@id\":\"https:\\\/\\\/www.esplac.cat\\\/#\\\/schema\\\/person\\\/908383cf240be18b68f8855d0583faca\",\"name\":\"Comunicaci\u00f3 Esplac\",\"image\":{\"@type\":\"ImageObject\",\"inLanguage\":\"en-US\",\"@id\":\"https:\\\/\\\/secure.gravatar.com\\\/avatar\\\/7a4cf8feb412a76ea4a740ca02d95b06b2907b5a6c648c2dd0a1082a093c3141?s=96&d=mm&r=g\",\"url\":\"https:\\\/\\\/secure.gravatar.com\\\/avatar\\\/7a4cf8feb412a76ea4a740ca02d95b06b2907b5a6c648c2dd0a1082a093c3141?s=96&d=mm&r=g\",\"contentUrl\":\"https:\\\/\\\/secure.gravatar.com\\\/avatar\\\/7a4cf8feb412a76ea4a740ca02d95b06b2907b5a6c648c2dd0a1082a093c3141?s=96&d=mm&r=g\",\"caption\":\"Comunicaci\u00f3 Esplac\"}}]}<\/script>\n<!-- \/ Yoast SEO plugin. -->","yoast_head_json":{"title":"El Sector PGA arrenca el nou curs amb el Cal\u00e7a't i l'AGO!","description":"El Sector Pend\u00e8s, Garraf i Anoia comen\u00e7a el curs amb energia amb un cap de setmana de formacions i de cohesi\u00f3!","robots":{"index":"index","follow":"follow","max-snippet":"max-snippet:-1","max-image-preview":"max-image-preview:large","max-video-preview":"max-video-preview:-1"},"canonical":"https:\/\/www.esplac.cat\/sector-penedes-garraf-anoia-calcat-ago\/","og_locale":"en_US","og_type":"article","og_title":"El Sector PGA arrenca el nou curs amb el Cal\u00e7a't i l'AGO!","og_description":"El Sector Pend\u00e8s, Garraf i Anoia comen\u00e7a el curs amb energia amb un cap de setmana de formacions i de cohesi\u00f3!","og_url":"https:\/\/www.esplac.cat\/sector-penedes-garraf-anoia-calcat-ago\/","og_site_name":"Esplac","article_published_time":"2023-09-29T10:09:43+00:00","article_modified_time":"2023-09-29T10:14:21+00:00","og_image":[{"width":1697,"height":700,"url":"https:\/\/www.esplac.cat\/wp-content\/uploads\/2023\/09\/Portades-Web-12.jpg","type":"image\/jpeg"}],"author":"Comunicaci\u00f3 Esplac","twitter_card":"summary_large_image","twitter_misc":{"Written by":"Comunicaci\u00f3 Esplac","Est. reading time":"2 minutes"},"schema":{"@context":"https:\/\/schema.org","@graph":[{"@type":"Article","@id":"https:\/\/www.esplac.cat\/sector-penedes-garraf-anoia-calcat-ago\/#article","isPartOf":{"@id":"https:\/\/www.esplac.cat\/sector-penedes-garraf-anoia-calcat-ago\/"},"author":{"name":"Comunicaci\u00f3 Esplac","@id":"https:\/\/www.esplac.cat\/#\/schema\/person\/908383cf240be18b68f8855d0583faca"},"headline":"El Sector Pened\u00e8s, Garraf i Anoia arranca el curs amb el Cal\u00e7a\u2019t i l\u2019AGO de Sector!","datePublished":"2023-09-29T10:09:43+00:00","dateModified":"2023-09-29T10:14:21+00:00","mainEntityOfPage":{"@id":"https:\/\/www.esplac.cat\/sector-penedes-garraf-anoia-calcat-ago\/"},"wordCount":297,"publisher":{"@id":"https:\/\/www.esplac.cat\/#organization"},"image":{"@id":"https:\/\/www.esplac.cat\/sector-penedes-garraf-anoia-calcat-ago\/#primaryimage"},"thumbnailUrl":"https:\/\/www.esplac.cat\/wp-content\/uploads\/2023\/09\/Portades-Web-12.jpg","articleSection":["Activitats sectors","Sense categoria"],"inLanguage":"en-US"},{"@type":"WebPage","@id":"https:\/\/www.esplac.cat\/sector-penedes-garraf-anoia-calcat-ago\/","url":"https:\/\/www.esplac.cat\/sector-penedes-garraf-anoia-calcat-ago\/","name":"El Sector PGA arrenca el nou curs amb el Cal\u00e7a't i l'AGO!","isPartOf":{"@id":"https:\/\/www.esplac.cat\/#website"},"primaryImageOfPage":{"@id":"https:\/\/www.esplac.cat\/sector-penedes-garraf-anoia-calcat-ago\/#primaryimage"},"image":{"@id":"https:\/\/www.esplac.cat\/sector-penedes-garraf-anoia-calcat-ago\/#primaryimage"},"thumbnailUrl":"https:\/\/www.esplac.cat\/wp-content\/uploads\/2023\/09\/Portades-Web-12.jpg","datePublished":"2023-09-29T10:09:43+00:00","dateModified":"2023-09-29T10:14:21+00:00","description":"El Sector Pend\u00e8s, Garraf i Anoia comen\u00e7a el curs amb energia amb un cap de setmana de formacions i de cohesi\u00f3!","breadcrumb":{"@id":"https:\/\/www.esplac.cat\/sector-penedes-garraf-anoia-calcat-ago\/#breadcrumb"},"inLanguage":"en-US","potentialAction":[{"@type":"ReadAction","target":["https:\/\/www.esplac.cat\/sector-penedes-garraf-anoia-calcat-ago\/"]}]},{"@type":"ImageObject","inLanguage":"en-US","@id":"https:\/\/www.esplac.cat\/sector-penedes-garraf-anoia-calcat-ago\/#primaryimage","url":"https:\/\/www.esplac.cat\/wp-content\/uploads\/2023\/09\/Portades-Web-12.jpg","contentUrl":"https:\/\/www.esplac.cat\/wp-content\/uploads\/2023\/09\/Portades-Web-12.jpg","width":1697,"height":700,"caption":"Sector Pened\u00e8s Garraf i Anoia"},{"@type":"BreadcrumbList","@id":"https:\/\/www.esplac.cat\/sector-penedes-garraf-anoia-calcat-ago\/#breadcrumb","itemListElement":[{"@type":"ListItem","position":1,"name":"Inici","item":"https:\/\/www.esplac.cat\/en\/"},{"@type":"ListItem","position":2,"name":"El Sector Pened\u00e8s, Garraf i Anoia arranca el curs amb el Cal\u00e7a\u2019t i l\u2019AGO de Sector!"}]},{"@type":"WebSite","@id":"https:\/\/www.esplac.cat\/#website","url":"https:\/\/www.esplac.cat\/","name":"Esplac","description":"Esplais Catalans","publisher":{"@id":"https:\/\/www.esplac.cat\/#organization"},"potentialAction":[{"@type":"SearchAction","target":{"@type":"EntryPoint","urlTemplate":"https:\/\/www.esplac.cat\/?s={search_term_string}"},"query-input":{"@type":"PropertyValueSpecification","valueRequired":true,"valueName":"search_term_string"}}],"inLanguage":"en-US"},{"@type":"Organization","@id":"https:\/\/www.esplac.cat\/#organization","name":"Esplac","url":"https:\/\/www.esplac.cat\/","logo":{"@type":"ImageObject","inLanguage":"en-US","@id":"https:\/\/www.esplac.cat\/#\/schema\/logo\/image\/","url":"https:\/\/www.esplac.cat\/wp-content\/uploads\/2019\/08\/logox2.png","contentUrl":"https:\/\/www.esplac.cat\/wp-content\/uploads\/2019\/08\/logox2.png","width":600,"height":295,"caption":"Esplac"},"image":{"@id":"https:\/\/www.esplac.cat\/#\/schema\/logo\/image\/"}},{"@type":"Person","@id":"https:\/\/www.esplac.cat\/#\/schema\/person\/908383cf240be18b68f8855d0583faca","name":"Comunicaci\u00f3 Esplac","image":{"@type":"ImageObject","inLanguage":"en-US","@id":"https:\/\/secure.gravatar.com\/avatar\/7a4cf8feb412a76ea4a740ca02d95b06b2907b5a6c648c2dd0a1082a093c3141?s=96&d=mm&r=g","url":"https:\/\/secure.gravatar.com\/avatar\/7a4cf8feb412a76ea4a740ca02d95b06b2907b5a6c648c2dd0a1082a093c3141?s=96&d=mm&r=g","contentUrl":"https:\/\/secure.gravatar.com\/avatar\/7a4cf8feb412a76ea4a740ca02d95b06b2907b5a6c648c2dd0a1082a093c3141?s=96&d=mm&r=g","caption":"Comunicaci\u00f3 Esplac"}}]}},"_links":{"self":[{"href":"https:\/\/www.esplac.cat\/en\/wp-json\/wp\/v2\/posts\/47229","targetHints":{"allow":["GET"]}}],"collection":[{"href":"https:\/\/www.esplac.cat\/en\/wp-json\/wp\/v2\/posts"}],"about":[{"href":"https:\/\/www.esplac.cat\/en\/wp-json\/wp\/v2\/types\/post"}],"author":[{"embeddable":true,"href":"https:\/\/www.esplac.cat\/en\/wp-json\/wp\/v2\/users\/3"}],"replies":[{"embeddable":true,"href":"https:\/\/www.esplac.cat\/en\/wp-json\/wp\/v2\/comments?post=47229"}],"version-history":[{"count":0,"href":"https:\/\/www.esplac.cat\/en\/wp-json\/wp\/v2\/posts\/47229\/revisions"}],"wp:featuredmedia":[{"embeddable":true,"href":"https:\/\/www.esplac.cat\/en\/wp-json\/wp\/v2\/media\/47233"}],"wp:attachment":[{"href":"https:\/\/www.esplac.cat\/en\/wp-json\/wp\/v2\/media?parent=47229"}],"wp:term":[{"taxonomy":"category","embeddable":true,"href":"https:\/\/www.esplac.cat\/en\/wp-json\/wp\/v2\/categories?post=47229"},{"taxonomy":"post_tag","embeddable":true,"href":"https:\/\/www.esplac.cat\/en\/wp-json\/wp\/v2\/tags?post=47229"}],"curies":[{"name":"wp","href":"https:\/\/api.w.org\/{rel}","templated":true}]}}