{"id":47349,"date":"2023-10-04T10:07:28","date_gmt":"2023-10-04T08:07:28","guid":{"rendered":"https:\/\/www.esplac.cat\/?p=47349"},"modified":"2023-10-04T11:55:09","modified_gmt":"2023-10-04T09:55:09","slug":"sector-ripolles-osona-moianes-celebra-ago-castelltercol","status":"publish","type":"post","link":"https:\/\/www.esplac.cat\/en\/sector-ripolles-osona-moianes-celebra-ago-castelltercol\/","title":{"rendered":"El Sector Ripoll\u00e8s, Osona i Moian\u00e8s celebra l\u2019AGO a Castellter\u00e7ol"},"content":{"rendered":"<h6><b>Un any m\u00e9s, el Sector Ripoll\u00e8s, Osona i Moian\u00e8s arrenca el curs amb assemblees i formacions.<\/b><\/h6>\n<p><span style=\"font-weight: 300;\">L\u2019esplai Draks de Castellter\u00e7ol va acollir la jornada de treball, cohesi\u00f3 i diversi\u00f3 que tothom del <span style=\"color: #f69d0b;\"><strong><a style=\"color: #f69d0b;\" href=\"https:\/\/www.esplac.cat\/sectors-geografics\/ripolles-osona-i-moianes\/\" target=\"_blank\" rel=\"noopener\">Sector Ripoll\u00e8s, Osona i Moian\u00e8s<\/a><\/strong><\/span> esperava amb \u00e0nsia. El dia va comen\u00e7ar relativament puntual a les 10 del mat\u00ed, amb la <strong>Reuni\u00f3 de Sector<\/strong> i la <strong>Reuni\u00f3 de Tresoreres<\/strong>. A la Reuni\u00f3 de Sector es van tractar els temes habituals d\u2019Esplac i del sector. Per altra banda, a la reuni\u00f3 de tresoreres es va donar informaci\u00f3 corresponent a les beques, distribucions i temes econ\u00f2mics. En acabar, i despr\u00e9s d\u2019una petita pausa, va tenir lloc l\u2019<strong>Assemblea General Ordin\u00e0ria del Sector<\/strong>, on es va aprovar la <strong>Mem\u00f2ria del curs passat<\/strong>, el <strong>Pla de Treball<\/strong> i el <strong>Calendari<\/strong> d\u2019aquest nou curs. A m\u00e9s, es va aprovar l\u2019entrada de tres <strong>noves incorporacions a l\u2019Equip General del Sector<\/strong>! \u201cNo sabem molt b\u00e9 com hem arribat aqu\u00ed, per\u00f2 venim amb moltes ganes!\u201d, afirmen les tres noves EGS, que venen de l\u2019Esplai El Creixent.<\/span><\/p>\n<p><span style=\"font-weight: 300;\">La tarda va seguir despr\u00e9s d\u2019un dinar de carmanyola, on, com diuen a Manlleu, <\/span><i><span style=\"font-weight: 300;\">cadasc\u00fa es va portar lo seu. <\/span><\/i><span style=\"font-weight: 300;\">L\u2019EGS i la CPS van dinamitzar les dues <strong>formacions<\/strong> de la tarda. La primera era una din\u00e0mica sobre <strong>q<\/strong><\/span><span style=\"font-weight: 300;\"><strong>u\u00e8 \u00e9s Esplac, <\/strong><\/span><span style=\"font-weight: 300;\">per revisar el coneixement de les monitores i monitors sobre l\u2019associaci\u00f3. La segona era una din\u00e0mica per con\u00e8ixer <strong>com funciona l\u2019Era<\/strong> i els seus procediments principals.<\/span><\/p>\n<p><span style=\"font-weight: 300;\">Despr\u00e9s d\u2019aquest dia tan intens, tothom va poder gaudir d\u2019un magn\u00edfic sopar a c\u00e0rrec del sector i algunes monitores es van quedar a dormir a Cal Recader per acabar-ho de rematar. En general, va ser una jornada molt productiva que va comptar amb la <strong>participaci\u00f3 de 5 esplais<\/strong> (<span style=\"color: #f69d0b;\"><strong><a style=\"color: #f69d0b;\" href=\"https:\/\/esplailes100teies.wixsite.com\/esplailes100teies\" target=\"_blank\" rel=\"noopener\">100teies<\/a><\/strong><\/span>, <span style=\"color: #f69d0b;\"><strong><a style=\"color: #f69d0b;\" href=\"https:\/\/www.instagram.com\/esplaidrakscastelltercol\/\" target=\"_blank\" rel=\"noopener\">Draks<\/a><\/strong><\/span>, <span style=\"color: #f69d0b;\"><strong><a style=\"color: #f69d0b;\" href=\"https:\/\/www.instagram.com\/esplaielcreixent\/\" target=\"_blank\" rel=\"noopener\">El Creixent<\/a><\/strong><\/span>, <span style=\"color: #f69d0b;\"><strong><a style=\"color: #f69d0b;\" href=\"https:\/\/elcasalot.wixsite.com\/elcasalot\" target=\"_blank\" rel=\"noopener\">El Casalot<\/a><\/strong><\/span> i <span style=\"color: #f69d0b;\"><strong><a style=\"color: #f69d0b;\" href=\"https:\/\/www.guitxiguitxi.net\/\" target=\"_blank\" rel=\"noopener\">G\u00fcitxi-G\u00fcitxi<\/a><\/strong><\/span>) i pr\u00e0cticament una trentena de monitores i monitors que ja esperen amb ganes la seg\u00fcent activitat del sector!<\/span><\/p>\n\n\t\t<style type=\"text\/css\">\n\t\t\t#gallery-1 {\n\t\t\t\tmargin: auto;\n\t\t\t}\n\t\t\t#gallery-1 .gallery-item {\n\t\t\t\tfloat: left;\n\t\t\t\tmargin-top: 10px;\n\t\t\t\ttext-align: center;\n\t\t\t\twidth: 50%;\n\t\t\t}\n\t\t\t#gallery-1 img {\n\t\t\t\tborder: 2px solid #cfcfcf;\n\t\t\t}\n\t\t\t#gallery-1 .gallery-caption {\n\t\t\t\tmargin-left: 0;\n\t\t\t}\n\t\t\t\/* see gallery_shortcode() in wp-includes\/media.php *\/\n\t\t<\/style>\n\t\t<div id='gallery-1' class='gallery galleryid-47349 gallery-columns-2 gallery-size-fusion-600'><dl class='gallery-item'>\n\t\t\t<dt class='gallery-icon landscape'>\n\t\t\t\t<a data-rel=\"iLightbox[postimages]\" data-title=\"2\" data-caption=\"\" href='https:\/\/www.esplac.cat\/en\/2-60-2\/'><img decoding=\"async\" width=\"600\" height=\"600\" src=\"https:\/\/www.esplac.cat\/wp-content\/uploads\/2023\/10\/2-1-600x600.jpg\" class=\"attachment-fusion-600 size-fusion-600\" alt=\"Sector Ripoll\u00e8s Osona i Moian\u00e8s\" srcset=\"https:\/\/www.esplac.cat\/wp-content\/uploads\/2023\/10\/2-1-66x66.jpg 66w, https:\/\/www.esplac.cat\/wp-content\/uploads\/2023\/10\/2-1-150x150.jpg 150w, https:\/\/www.esplac.cat\/wp-content\/uploads\/2023\/10\/2-1-200x200.jpg 200w, https:\/\/www.esplac.cat\/wp-content\/uploads\/2023\/10\/2-1-300x300.jpg 300w, https:\/\/www.esplac.cat\/wp-content\/uploads\/2023\/10\/2-1-400x400.jpg 400w, https:\/\/www.esplac.cat\/wp-content\/uploads\/2023\/10\/2-1-600x600.jpg 600w, https:\/\/www.esplac.cat\/wp-content\/uploads\/2023\/10\/2-1-768x768.jpg 768w, https:\/\/www.esplac.cat\/wp-content\/uploads\/2023\/10\/2-1-800x800.jpg 800w, https:\/\/www.esplac.cat\/wp-content\/uploads\/2023\/10\/2-1-1024x1024.jpg 1024w, https:\/\/www.esplac.cat\/wp-content\/uploads\/2023\/10\/2-1.jpg 1080w\" sizes=\"(max-width: 600px) 100vw, 600px\" \/><\/a>\n\t\t\t<\/dt><\/dl><dl class='gallery-item'>\n\t\t\t<dt class='gallery-icon landscape'>\n\t\t\t\t<a data-rel=\"iLightbox[postimages]\" data-title=\"1\" data-caption=\"\" href='https:\/\/www.esplac.cat\/en\/1-45-2\/'><img decoding=\"async\" width=\"600\" height=\"600\" src=\"https:\/\/www.esplac.cat\/wp-content\/uploads\/2023\/10\/1-1-600x600.jpg\" class=\"attachment-fusion-600 size-fusion-600\" alt=\"Sector Ripoll\u00e8s Osona i Moian\u00e8s\" srcset=\"https:\/\/www.esplac.cat\/wp-content\/uploads\/2023\/10\/1-1-66x66.jpg 66w, https:\/\/www.esplac.cat\/wp-content\/uploads\/2023\/10\/1-1-150x150.jpg 150w, https:\/\/www.esplac.cat\/wp-content\/uploads\/2023\/10\/1-1-200x200.jpg 200w, https:\/\/www.esplac.cat\/wp-content\/uploads\/2023\/10\/1-1-300x300.jpg 300w, https:\/\/www.esplac.cat\/wp-content\/uploads\/2023\/10\/1-1-400x400.jpg 400w, https:\/\/www.esplac.cat\/wp-content\/uploads\/2023\/10\/1-1-600x600.jpg 600w, https:\/\/www.esplac.cat\/wp-content\/uploads\/2023\/10\/1-1-768x768.jpg 768w, https:\/\/www.esplac.cat\/wp-content\/uploads\/2023\/10\/1-1-800x800.jpg 800w, https:\/\/www.esplac.cat\/wp-content\/uploads\/2023\/10\/1-1-1024x1024.jpg 1024w, https:\/\/www.esplac.cat\/wp-content\/uploads\/2023\/10\/1-1.jpg 1080w\" sizes=\"(max-width: 600px) 100vw, 600px\" \/><\/a>\n\t\t\t<\/dt><\/dl><br style=\"clear: both\" \/>\n\t\t<\/div>\n\n","protected":false},"excerpt":{"rendered":"<p>Un any m\u00e9s, el Sector Ripoll\u00e8s, Osona i Moian\u00e8s arrenca [&hellip;]<\/p>\n","protected":false},"author":3,"featured_media":47352,"comment_status":"closed","ping_status":"closed","sticky":false,"template":"","format":"link","meta":{"om_disable_all_campaigns":false,"_monsterinsights_skip_tracking":false,"_monsterinsights_sitenote_active":false,"_monsterinsights_sitenote_note":"","_monsterinsights_sitenote_category":0,"_uf_show_specific_survey":0,"_uf_disable_surveys":false,"footnotes":""},"categories":[1110,1120],"tags":[],"class_list":["post-47349","post","type-post","status-publish","format-link","has-post-thumbnail","hentry","category-activitats-sectors","category-sector-ripolles-osona-i-moianes","post_format-post-format-link"],"yoast_head":"<!-- This site is optimized with the Yoast SEO plugin v27.5 - https:\/\/yoast.com\/product\/yoast-seo-wordpress\/ -->\n<title>El Sector Ripoll\u00e8s, Osona i Moian\u00e8s celebra l\u2019AGO a Castellter\u00e7ol - Esplac<\/title>\n<meta name=\"description\" content=\"Un any m\u00e9s, el Sector Ripoll\u00e8s, Osona i Moian\u00e8s arrenca el curs amb l&#039;Assemblea General Ordin\u00e0ria del Sector i formacions.\" \/>\n<meta name=\"robots\" content=\"index, follow, max-snippet:-1, max-image-preview:large, max-video-preview:-1\" \/>\n<link rel=\"canonical\" href=\"https:\/\/www.esplac.cat\/sector-ripolles-osona-moianes-celebra-ago-castelltercol\/\" \/>\n<meta property=\"og:locale\" content=\"en_US\" \/>\n<meta property=\"og:type\" content=\"article\" \/>\n<meta property=\"og:title\" content=\"El Sector Ripoll\u00e8s, Osona i Moian\u00e8s celebra l\u2019AGO a Castellter\u00e7ol - Esplac\" \/>\n<meta property=\"og:description\" content=\"Un any m\u00e9s, el Sector Ripoll\u00e8s, Osona i Moian\u00e8s arrenca el curs amb l&#039;Assemblea General Ordin\u00e0ria del Sector i formacions.\" \/>\n<meta property=\"og:url\" content=\"https:\/\/www.esplac.cat\/sector-ripolles-osona-moianes-celebra-ago-castelltercol\/\" \/>\n<meta property=\"og:site_name\" content=\"Esplac\" \/>\n<meta property=\"article:published_time\" content=\"2023-10-04T08:07:28+00:00\" \/>\n<meta property=\"article:modified_time\" content=\"2023-10-04T09:55:09+00:00\" \/>\n<meta property=\"og:image\" content=\"https:\/\/www.esplac.cat\/wp-content\/uploads\/2023\/10\/Portades-Web-1.jpg\" \/>\n\t<meta property=\"og:image:width\" content=\"1697\" \/>\n\t<meta property=\"og:image:height\" content=\"700\" \/>\n\t<meta property=\"og:image:type\" content=\"image\/jpeg\" \/>\n<meta name=\"author\" content=\"Comunicaci\u00f3 Esplac\" \/>\n<meta name=\"twitter:card\" content=\"summary_large_image\" \/>\n<meta name=\"twitter:label1\" content=\"Written by\" \/>\n\t<meta name=\"twitter:data1\" content=\"Comunicaci\u00f3 Esplac\" \/>\n\t<meta name=\"twitter:label2\" content=\"Est. reading time\" \/>\n\t<meta name=\"twitter:data2\" content=\"2 minutes\" \/>\n<script type=\"application\/ld+json\" class=\"yoast-schema-graph\">{\"@context\":\"https:\\\/\\\/schema.org\",\"@graph\":[{\"@type\":\"Article\",\"@id\":\"https:\\\/\\\/www.esplac.cat\\\/sector-ripolles-osona-moianes-celebra-ago-castelltercol\\\/#article\",\"isPartOf\":{\"@id\":\"https:\\\/\\\/www.esplac.cat\\\/sector-ripolles-osona-moianes-celebra-ago-castelltercol\\\/\"},\"author\":{\"name\":\"Comunicaci\u00f3 Esplac\",\"@id\":\"https:\\\/\\\/www.esplac.cat\\\/#\\\/schema\\\/person\\\/908383cf240be18b68f8855d0583faca\"},\"headline\":\"El Sector Ripoll\u00e8s, Osona i Moian\u00e8s celebra l\u2019AGO a Castellter\u00e7ol\",\"datePublished\":\"2023-10-04T08:07:28+00:00\",\"dateModified\":\"2023-10-04T09:55:09+00:00\",\"mainEntityOfPage\":{\"@id\":\"https:\\\/\\\/www.esplac.cat\\\/sector-ripolles-osona-moianes-celebra-ago-castelltercol\\\/\"},\"wordCount\":365,\"publisher\":{\"@id\":\"https:\\\/\\\/www.esplac.cat\\\/#organization\"},\"image\":{\"@id\":\"https:\\\/\\\/www.esplac.cat\\\/sector-ripolles-osona-moianes-celebra-ago-castelltercol\\\/#primaryimage\"},\"thumbnailUrl\":\"https:\\\/\\\/www.esplac.cat\\\/wp-content\\\/uploads\\\/2023\\\/10\\\/Portades-Web-1.jpg\",\"articleSection\":[\"Activitats sectors\",\"Sector Ripoll\u00e8s, Osona i Moian\u00e8s\"],\"inLanguage\":\"en-US\"},{\"@type\":\"WebPage\",\"@id\":\"https:\\\/\\\/www.esplac.cat\\\/sector-ripolles-osona-moianes-celebra-ago-castelltercol\\\/\",\"url\":\"https:\\\/\\\/www.esplac.cat\\\/sector-ripolles-osona-moianes-celebra-ago-castelltercol\\\/\",\"name\":\"El Sector Ripoll\u00e8s, Osona i Moian\u00e8s celebra l\u2019AGO a Castellter\u00e7ol - Esplac\",\"isPartOf\":{\"@id\":\"https:\\\/\\\/www.esplac.cat\\\/#website\"},\"primaryImageOfPage\":{\"@id\":\"https:\\\/\\\/www.esplac.cat\\\/sector-ripolles-osona-moianes-celebra-ago-castelltercol\\\/#primaryimage\"},\"image\":{\"@id\":\"https:\\\/\\\/www.esplac.cat\\\/sector-ripolles-osona-moianes-celebra-ago-castelltercol\\\/#primaryimage\"},\"thumbnailUrl\":\"https:\\\/\\\/www.esplac.cat\\\/wp-content\\\/uploads\\\/2023\\\/10\\\/Portades-Web-1.jpg\",\"datePublished\":\"2023-10-04T08:07:28+00:00\",\"dateModified\":\"2023-10-04T09:55:09+00:00\",\"description\":\"Un any m\u00e9s, el Sector Ripoll\u00e8s, Osona i Moian\u00e8s arrenca el curs amb l'Assemblea General Ordin\u00e0ria del Sector i formacions.\",\"breadcrumb\":{\"@id\":\"https:\\\/\\\/www.esplac.cat\\\/sector-ripolles-osona-moianes-celebra-ago-castelltercol\\\/#breadcrumb\"},\"inLanguage\":\"en-US\",\"potentialAction\":[{\"@type\":\"ReadAction\",\"target\":[\"https:\\\/\\\/www.esplac.cat\\\/sector-ripolles-osona-moianes-celebra-ago-castelltercol\\\/\"]}]},{\"@type\":\"ImageObject\",\"inLanguage\":\"en-US\",\"@id\":\"https:\\\/\\\/www.esplac.cat\\\/sector-ripolles-osona-moianes-celebra-ago-castelltercol\\\/#primaryimage\",\"url\":\"https:\\\/\\\/www.esplac.cat\\\/wp-content\\\/uploads\\\/2023\\\/10\\\/Portades-Web-1.jpg\",\"contentUrl\":\"https:\\\/\\\/www.esplac.cat\\\/wp-content\\\/uploads\\\/2023\\\/10\\\/Portades-Web-1.jpg\",\"width\":1697,\"height\":700,\"caption\":\"Sector Ripoll\u00e8s Osona i Moian\u00e8s\"},{\"@type\":\"BreadcrumbList\",\"@id\":\"https:\\\/\\\/www.esplac.cat\\\/sector-ripolles-osona-moianes-celebra-ago-castelltercol\\\/#breadcrumb\",\"itemListElement\":[{\"@type\":\"ListItem\",\"position\":1,\"name\":\"Inici\",\"item\":\"https:\\\/\\\/www.esplac.cat\\\/en\\\/\"},{\"@type\":\"ListItem\",\"position\":2,\"name\":\"El Sector Ripoll\u00e8s, Osona i Moian\u00e8s celebra l\u2019AGO a Castellter\u00e7ol\"}]},{\"@type\":\"WebSite\",\"@id\":\"https:\\\/\\\/www.esplac.cat\\\/#website\",\"url\":\"https:\\\/\\\/www.esplac.cat\\\/\",\"name\":\"Esplac\",\"description\":\"Esplais Catalans\",\"publisher\":{\"@id\":\"https:\\\/\\\/www.esplac.cat\\\/#organization\"},\"potentialAction\":[{\"@type\":\"SearchAction\",\"target\":{\"@type\":\"EntryPoint\",\"urlTemplate\":\"https:\\\/\\\/www.esplac.cat\\\/?s={search_term_string}\"},\"query-input\":{\"@type\":\"PropertyValueSpecification\",\"valueRequired\":true,\"valueName\":\"search_term_string\"}}],\"inLanguage\":\"en-US\"},{\"@type\":\"Organization\",\"@id\":\"https:\\\/\\\/www.esplac.cat\\\/#organization\",\"name\":\"Esplac\",\"url\":\"https:\\\/\\\/www.esplac.cat\\\/\",\"logo\":{\"@type\":\"ImageObject\",\"inLanguage\":\"en-US\",\"@id\":\"https:\\\/\\\/www.esplac.cat\\\/#\\\/schema\\\/logo\\\/image\\\/\",\"url\":\"https:\\\/\\\/www.esplac.cat\\\/wp-content\\\/uploads\\\/2019\\\/08\\\/logox2.png\",\"contentUrl\":\"https:\\\/\\\/www.esplac.cat\\\/wp-content\\\/uploads\\\/2019\\\/08\\\/logox2.png\",\"width\":600,\"height\":295,\"caption\":\"Esplac\"},\"image\":{\"@id\":\"https:\\\/\\\/www.esplac.cat\\\/#\\\/schema\\\/logo\\\/image\\\/\"}},{\"@type\":\"Person\",\"@id\":\"https:\\\/\\\/www.esplac.cat\\\/#\\\/schema\\\/person\\\/908383cf240be18b68f8855d0583faca\",\"name\":\"Comunicaci\u00f3 Esplac\",\"image\":{\"@type\":\"ImageObject\",\"inLanguage\":\"en-US\",\"@id\":\"https:\\\/\\\/secure.gravatar.com\\\/avatar\\\/7a4cf8feb412a76ea4a740ca02d95b06b2907b5a6c648c2dd0a1082a093c3141?s=96&d=mm&r=g\",\"url\":\"https:\\\/\\\/secure.gravatar.com\\\/avatar\\\/7a4cf8feb412a76ea4a740ca02d95b06b2907b5a6c648c2dd0a1082a093c3141?s=96&d=mm&r=g\",\"contentUrl\":\"https:\\\/\\\/secure.gravatar.com\\\/avatar\\\/7a4cf8feb412a76ea4a740ca02d95b06b2907b5a6c648c2dd0a1082a093c3141?s=96&d=mm&r=g\",\"caption\":\"Comunicaci\u00f3 Esplac\"}}]}<\/script>\n<!-- \/ Yoast SEO plugin. -->","yoast_head_json":{"title":"El Sector Ripoll\u00e8s, Osona i Moian\u00e8s celebra l\u2019AGO a Castellter\u00e7ol - Esplac","description":"Un any m\u00e9s, el Sector Ripoll\u00e8s, Osona i Moian\u00e8s arrenca el curs amb l'Assemblea General Ordin\u00e0ria del Sector i formacions.","robots":{"index":"index","follow":"follow","max-snippet":"max-snippet:-1","max-image-preview":"max-image-preview:large","max-video-preview":"max-video-preview:-1"},"canonical":"https:\/\/www.esplac.cat\/sector-ripolles-osona-moianes-celebra-ago-castelltercol\/","og_locale":"en_US","og_type":"article","og_title":"El Sector Ripoll\u00e8s, Osona i Moian\u00e8s celebra l\u2019AGO a Castellter\u00e7ol - Esplac","og_description":"Un any m\u00e9s, el Sector Ripoll\u00e8s, Osona i Moian\u00e8s arrenca el curs amb l'Assemblea General Ordin\u00e0ria del Sector i formacions.","og_url":"https:\/\/www.esplac.cat\/sector-ripolles-osona-moianes-celebra-ago-castelltercol\/","og_site_name":"Esplac","article_published_time":"2023-10-04T08:07:28+00:00","article_modified_time":"2023-10-04T09:55:09+00:00","og_image":[{"width":1697,"height":700,"url":"https:\/\/www.esplac.cat\/wp-content\/uploads\/2023\/10\/Portades-Web-1.jpg","type":"image\/jpeg"}],"author":"Comunicaci\u00f3 Esplac","twitter_card":"summary_large_image","twitter_misc":{"Written by":"Comunicaci\u00f3 Esplac","Est. reading time":"2 minutes"},"schema":{"@context":"https:\/\/schema.org","@graph":[{"@type":"Article","@id":"https:\/\/www.esplac.cat\/sector-ripolles-osona-moianes-celebra-ago-castelltercol\/#article","isPartOf":{"@id":"https:\/\/www.esplac.cat\/sector-ripolles-osona-moianes-celebra-ago-castelltercol\/"},"author":{"name":"Comunicaci\u00f3 Esplac","@id":"https:\/\/www.esplac.cat\/#\/schema\/person\/908383cf240be18b68f8855d0583faca"},"headline":"El Sector Ripoll\u00e8s, Osona i Moian\u00e8s celebra l\u2019AGO a Castellter\u00e7ol","datePublished":"2023-10-04T08:07:28+00:00","dateModified":"2023-10-04T09:55:09+00:00","mainEntityOfPage":{"@id":"https:\/\/www.esplac.cat\/sector-ripolles-osona-moianes-celebra-ago-castelltercol\/"},"wordCount":365,"publisher":{"@id":"https:\/\/www.esplac.cat\/#organization"},"image":{"@id":"https:\/\/www.esplac.cat\/sector-ripolles-osona-moianes-celebra-ago-castelltercol\/#primaryimage"},"thumbnailUrl":"https:\/\/www.esplac.cat\/wp-content\/uploads\/2023\/10\/Portades-Web-1.jpg","articleSection":["Activitats sectors","Sector Ripoll\u00e8s, Osona i Moian\u00e8s"],"inLanguage":"en-US"},{"@type":"WebPage","@id":"https:\/\/www.esplac.cat\/sector-ripolles-osona-moianes-celebra-ago-castelltercol\/","url":"https:\/\/www.esplac.cat\/sector-ripolles-osona-moianes-celebra-ago-castelltercol\/","name":"El Sector Ripoll\u00e8s, Osona i Moian\u00e8s celebra l\u2019AGO a Castellter\u00e7ol - Esplac","isPartOf":{"@id":"https:\/\/www.esplac.cat\/#website"},"primaryImageOfPage":{"@id":"https:\/\/www.esplac.cat\/sector-ripolles-osona-moianes-celebra-ago-castelltercol\/#primaryimage"},"image":{"@id":"https:\/\/www.esplac.cat\/sector-ripolles-osona-moianes-celebra-ago-castelltercol\/#primaryimage"},"thumbnailUrl":"https:\/\/www.esplac.cat\/wp-content\/uploads\/2023\/10\/Portades-Web-1.jpg","datePublished":"2023-10-04T08:07:28+00:00","dateModified":"2023-10-04T09:55:09+00:00","description":"Un any m\u00e9s, el Sector Ripoll\u00e8s, Osona i Moian\u00e8s arrenca el curs amb l'Assemblea General Ordin\u00e0ria del Sector i formacions.","breadcrumb":{"@id":"https:\/\/www.esplac.cat\/sector-ripolles-osona-moianes-celebra-ago-castelltercol\/#breadcrumb"},"inLanguage":"en-US","potentialAction":[{"@type":"ReadAction","target":["https:\/\/www.esplac.cat\/sector-ripolles-osona-moianes-celebra-ago-castelltercol\/"]}]},{"@type":"ImageObject","inLanguage":"en-US","@id":"https:\/\/www.esplac.cat\/sector-ripolles-osona-moianes-celebra-ago-castelltercol\/#primaryimage","url":"https:\/\/www.esplac.cat\/wp-content\/uploads\/2023\/10\/Portades-Web-1.jpg","contentUrl":"https:\/\/www.esplac.cat\/wp-content\/uploads\/2023\/10\/Portades-Web-1.jpg","width":1697,"height":700,"caption":"Sector Ripoll\u00e8s Osona i Moian\u00e8s"},{"@type":"BreadcrumbList","@id":"https:\/\/www.esplac.cat\/sector-ripolles-osona-moianes-celebra-ago-castelltercol\/#breadcrumb","itemListElement":[{"@type":"ListItem","position":1,"name":"Inici","item":"https:\/\/www.esplac.cat\/en\/"},{"@type":"ListItem","position":2,"name":"El Sector Ripoll\u00e8s, Osona i Moian\u00e8s celebra l\u2019AGO a Castellter\u00e7ol"}]},{"@type":"WebSite","@id":"https:\/\/www.esplac.cat\/#website","url":"https:\/\/www.esplac.cat\/","name":"Esplac","description":"Esplais Catalans","publisher":{"@id":"https:\/\/www.esplac.cat\/#organization"},"potentialAction":[{"@type":"SearchAction","target":{"@type":"EntryPoint","urlTemplate":"https:\/\/www.esplac.cat\/?s={search_term_string}"},"query-input":{"@type":"PropertyValueSpecification","valueRequired":true,"valueName":"search_term_string"}}],"inLanguage":"en-US"},{"@type":"Organization","@id":"https:\/\/www.esplac.cat\/#organization","name":"Esplac","url":"https:\/\/www.esplac.cat\/","logo":{"@type":"ImageObject","inLanguage":"en-US","@id":"https:\/\/www.esplac.cat\/#\/schema\/logo\/image\/","url":"https:\/\/www.esplac.cat\/wp-content\/uploads\/2019\/08\/logox2.png","contentUrl":"https:\/\/www.esplac.cat\/wp-content\/uploads\/2019\/08\/logox2.png","width":600,"height":295,"caption":"Esplac"},"image":{"@id":"https:\/\/www.esplac.cat\/#\/schema\/logo\/image\/"}},{"@type":"Person","@id":"https:\/\/www.esplac.cat\/#\/schema\/person\/908383cf240be18b68f8855d0583faca","name":"Comunicaci\u00f3 Esplac","image":{"@type":"ImageObject","inLanguage":"en-US","@id":"https:\/\/secure.gravatar.com\/avatar\/7a4cf8feb412a76ea4a740ca02d95b06b2907b5a6c648c2dd0a1082a093c3141?s=96&d=mm&r=g","url":"https:\/\/secure.gravatar.com\/avatar\/7a4cf8feb412a76ea4a740ca02d95b06b2907b5a6c648c2dd0a1082a093c3141?s=96&d=mm&r=g","contentUrl":"https:\/\/secure.gravatar.com\/avatar\/7a4cf8feb412a76ea4a740ca02d95b06b2907b5a6c648c2dd0a1082a093c3141?s=96&d=mm&r=g","caption":"Comunicaci\u00f3 Esplac"}}]}},"_links":{"self":[{"href":"https:\/\/www.esplac.cat\/en\/wp-json\/wp\/v2\/posts\/47349","targetHints":{"allow":["GET"]}}],"collection":[{"href":"https:\/\/www.esplac.cat\/en\/wp-json\/wp\/v2\/posts"}],"about":[{"href":"https:\/\/www.esplac.cat\/en\/wp-json\/wp\/v2\/types\/post"}],"author":[{"embeddable":true,"href":"https:\/\/www.esplac.cat\/en\/wp-json\/wp\/v2\/users\/3"}],"replies":[{"embeddable":true,"href":"https:\/\/www.esplac.cat\/en\/wp-json\/wp\/v2\/comments?post=47349"}],"version-history":[{"count":0,"href":"https:\/\/www.esplac.cat\/en\/wp-json\/wp\/v2\/posts\/47349\/revisions"}],"wp:featuredmedia":[{"embeddable":true,"href":"https:\/\/www.esplac.cat\/en\/wp-json\/wp\/v2\/media\/47352"}],"wp:attachment":[{"href":"https:\/\/www.esplac.cat\/en\/wp-json\/wp\/v2\/media?parent=47349"}],"wp:term":[{"taxonomy":"category","embeddable":true,"href":"https:\/\/www.esplac.cat\/en\/wp-json\/wp\/v2\/categories?post=47349"},{"taxonomy":"post_tag","embeddable":true,"href":"https:\/\/www.esplac.cat\/en\/wp-json\/wp\/v2\/tags?post=47349"}],"curies":[{"name":"wp","href":"https:\/\/api.w.org\/{rel}","templated":true}]}}