{"id":4760,"date":"2018-06-28T12:10:33","date_gmt":"2018-06-28T10:10:33","guid":{"rendered":"https:\/\/www.somesplai.cat\/?p=4760"},"modified":"2019-11-28T13:31:25","modified_gmt":"2019-11-28T12:31:25","slug":"sant-antonio-la-festa-major","status":"publish","type":"post","link":"https:\/\/www.esplac.cat\/en\/sant-antonio-la-festa-major\/","title":{"rendered":"Sant Antonio: la festa major"},"content":{"rendered":"<h5 class=\"p1\" style=\"text-align: justify;\">29-juny-2018<\/h5>\n<p style=\"text-align: justify;\"><strong>Cira Diakhaby<\/strong>, exmonitora de l\u2019<a href=\"http:\/\/esplaixango.com\/\" target=\"_blank\" rel=\"noopener noreferrer\">Esplai Xang\u00f3<\/a>, ex-EGS del Sector Barcelona, membre de l\u2019Espai de Coordinaci\u00f3 Internacional i actualment participant en un SVE a Lisboa.<\/p>\n<hr>\n<p class=\"p1\" style=\"text-align: justify;\"><span class=\"s1\">Els cargols surten despr\u00e9s de la pluja, les flors amb la primavera i els Lisboetes amb la calor. A finals de maig els barris del centre de la ciutat comencen a omplir-se de colors i olors. Colors de banderoles, llumetes i garlandes. Olors d\u2019alf\u00e0brega, de sardina i de &#8220;caldo verde&#8221;.<\/span><\/p>\n<p class=\"p1\" style=\"text-align: justify;\"><span class=\"s1\">I doncs, aqu\u00ed a Lisboa, Santo Antonio de Padova patr\u00f3 de la ciutat junt a Sa\u00f5 Vicente, aconsegueix treure a tots els ciutadans al carrer.<\/span><\/p>\n<p class=\"p1\" style=\"text-align: justify;\">&nbsp;<\/p>\n<p class=\"p1\" style=\"text-align: justify;\"><strong><span class=\"s1\">Qui \u00e9s Santo Antonio pels Lisboetes?<\/span><\/strong><\/p>\n<p class=\"p1\" style=\"text-align: justify;\"><span class=\"s1\">Santo Antonio de Padova, que no \u00e9s el mateix que Sant Antoni Abat (el del porquet, dels tres tombs i les fogueres) \u00e9s un senyor calb, vestit de frara que porta a l\u2019infant Jesus sobre un llibre. \u00c9s considerat patr\u00f3 dels amputats, dels animals, dels esterils, dels barques, dels vells, de les embarassades, dels pescadors, dels agricultors, viatjants i mariners, dels caballs i dels burros, dels pobres i dels oprimits i s\u2019invoca per trobar coses perdudes, per tenir fills, per evitar naufragis i per aconeguir parella.<\/span><\/p>\n<p class=\"p1\" style=\"text-align: justify;\"><span class=\"s1\">Els brasilers&nbsp;tenen la tradici\u00f3&nbsp;a l&#8217;hora de buscar&nbsp;alguna cosa o&nbsp;buscar&nbsp;parella, treure l\u2019infant del Sant i no&nbsp;retornar-lo&nbsp;fins que troben all\u00f2 que busquen.<\/span><\/p>\n<p class=\"p1\" style=\"text-align: justify;\"><span class=\"s1\">La ciutat de normal \u00e9s plena de figures de Sant Antoni, per\u00f2 al juny apareix en altars decorats. Aquesta figura religiosa ha passat a formar part de la tradici\u00f3.<\/span><\/p>\n<p class=\"p1\" style=\"text-align: justify;\">&nbsp;<\/p>\n<p class=\"p2\" style=\"text-align: justify;\"><strong><span class=\"s2\">Que s\u2019hi fa?<\/span><\/strong><\/p>\n<p class=\"p1\" style=\"text-align: justify;\"><span class=\"s1\">Al&nbsp;mes de juny \u00e9s la&nbsp;<a href=\"https:\/\/youtu.be\/COlu7kuNbx4\" target=\"_blank\" rel=\"noopener noreferrer\">festa major<\/a>. Als&nbsp;<strong>barris d\u2019Alfama<\/strong>&nbsp;i de&nbsp;<strong>Mouraria <\/strong>es pot veure&nbsp;que&nbsp;tots els dies hi ha barraquetes amb menjar, beguda i sona m\u00fasica (la mateixa per tots els carrers)<span class=\"Apple-converted-space\">&nbsp;&nbsp;<\/span>de &#8220;pachanga&#8221;&nbsp;portuguesa estil &#8220;La barbacoa&#8221; i &#8220;La&nbsp;macarena&#8221;.<\/span><\/p>\n<p class=\"p1\" style=\"text-align: justify;\"><span class=\"s1\">A part del dia a dia, hi ha grans esdeveniments el dia de Santo Antonio (13 de juny) que marquen aquesta festa.<\/span><\/p>\n<p class=\"p1\" style=\"text-align: justify;\"><span class=\"s1\">La pre-festa comen\u00e7a el dia 12 amb les bodes. Cada any l\u2019ajuntament de Lisboa paga totes les despesses del casament de setze parelles Lisboetes. Algunes bodes es celebren a la catedral i unes altres a l\u2019ajuntament, i totes elles fan un tomb per la ciutat amb cotxes antics i per la nit desfilen a les martxes.<\/span><\/p>\n<p class=\"p1\" style=\"text-align: justify;\"><span class=\"s1\">Per la nit del mateix dia, per l\u2019avinguda Liberdade, la m\u00e9s gran de la ciutat, desfilen tots els barris amb comparssa. Cadasc\u00fa escull una tem\u00e0tica, es disfressen, preparen una coreografia i fins i tot porten &#8220;atrezzo&#8221;. Van baixant acompanyats per la banda del barri, aquest any a comp\u00e0s de la can\u00e7\u00f3 de&nbsp;<i>Vasco \u00e9 Saudade<\/i>&nbsp;commemorant els 120 anys del naixement de Vasco Santana. Ballant, saludant i cridan la&nbsp;<strong><i>MARCHA \u00c9 LINDA<\/i><\/strong><i>,&nbsp;<\/i>els barris van baixant fins arribar davant de la llotja on hi ha un jurat que avalua i premia els millors barris, i all\u00e0 fan la coreografia preparada.<\/span><\/p>\n<p class=\"p1\" style=\"text-align: justify;\"><span class=\"s1\">Aquest any hi hav\u00eda comparses que anaven de pescadors, de tabarners, de vitralls d\u2019esglesia, de sardines, de cel&#8230; Els guanyadors van ser el&nbsp;<strong>barri de Mouraria<\/strong>&nbsp;(equiparat al Raval de Barcelona) que anaven vestits de &#8220;toreros&#8221;.<\/span><\/p>\n<p class=\"p1\" style=\"text-align: justify;\">&nbsp;<\/p>\n<p class=\"p1\" style=\"text-align: justify;\"><strong><span class=\"s1\">S\u00edmbols t\u00edpics de les festes<\/span><\/strong><\/p>\n<p class=\"p1\" style=\"text-align: justify;\"><span class=\"s1\"><strong>La Sardina:<\/strong>&nbsp;Santo Antonio inagura la temporada de sardines, per aix\u00f2 \u00e9s el menjar oficial de la festa, passades per la brassa omplen tot el carrer d\u2019olor a mar, pots menjar-les amb p\u00e0 o al plat amb patates. \u00c9s un dels s\u00edmbols m\u00e9s rellevants de la ciutat, fins i tot es fa un concurs de disseny de sardines on pot participar persones de totes les edats i proced\u00e8ncies. Les guanyadores les imprimeixen en gran i les pengen per tota la ciutat.<\/span><\/p>\n<p class=\"p1\" style=\"text-align: justify;\"><span class=\"s1\"><strong>El Majerico:<\/strong>&nbsp;la alf\u00e0brega petita \u00e9s molt t\u00edpica de la festa, decora carrers i places. La tradici\u00f3 explica que els nois&nbsp;ho&nbsp;regalen&nbsp;a les noies amb un clavell de paper clavat amb una noteta on&nbsp;escriuen&nbsp;un refrany d\u2019amor popular. Existeix un mite que diu que no pots olorar la planta directament, si l\u2019olores, en uns dies la planta mor, per tant l\u2019has de tocar amb la m\u00e0 i olorar&nbsp;el que queda impregnat en ella.&nbsp;&nbsp;<\/span><\/p>\n<p class=\"p1\" style=\"text-align: justify;\"><span class=\"s1\"><strong>Santo Antonio:<\/strong>&nbsp;El patr\u00f3 apareix en parets, en portes i finestres, i en petits altars que la gent posa diners. \u00c9s el protagonista de la festa major i t\u00e9 moltes dites en el seu honor:<\/span><\/p>\n<p class=\"p1\" style=\"text-align: justify;\">&nbsp;<\/p>\n<p class=\"p1\" style=\"text-align: justify;\"><span class=\"s1\">\u201cSanto Antonio de Lisboa,<\/span><\/p>\n<p class=\"p1\" style=\"text-align: justify;\"><span class=\"s1\">Casamenteiro das mo\u00e7as;<\/span><\/p>\n<p class=\"p1\" style=\"text-align: justify;\"><span class=\"s1\">Que casadas deixas muitas<\/span><\/p>\n<p class=\"p1\" style=\"text-align: justify;\"><span class=\"s1\">e solteiras deixas poucas.\u201d<\/span><\/p>\n<p class=\"p1\" style=\"text-align: justify;\">&nbsp;<\/p>\n<p class=\"p1\" style=\"text-align: justify;\"><span class=\"s1\">\u201cSanto Antonio est\u00e1 a chegar,<\/span><\/p>\n<p class=\"p1\" style=\"text-align: justify;\"><span class=\"s1\">o amor est\u00e1 no ar.<\/span><\/p>\n<p class=\"p1\" style=\"text-align: justify;\"><span class=\"s1\">Vou buscar o meu par<\/span><\/p>\n<p class=\"p1\" style=\"text-align: justify;\"><span class=\"s1\">para conmigo dan\u00e7ar.&#8221;<\/span><\/p>\n<p class=\"p1\" style=\"text-align: justify;\">&nbsp;<\/p>\n<p class=\"p1\" style=\"text-align: justify;\"><a href=\"https:\/\/www.somesplai.cat\/wp-content\/uploads\/2018\/06\/creuantmirades.png\"><img decoding=\"async\" class=\"aligncenter size-full wp-image-4767\" src=\"https:\/\/www.somesplai.cat\/wp-content\/uploads\/2018\/06\/creuantmirades.png\" alt=\"creuantmirades\" width=\"847\" height=\"350\"><\/a><\/p>\n","protected":false},"excerpt":{"rendered":"<p>29-juny-2018 Cira Diakhaby, exmonitora de l\u2019Esplai Xang\u00f3, ex-EGS del Sector [&hellip;]<\/p>\n","protected":false},"author":3,"featured_media":4775,"comment_status":"closed","ping_status":"closed","sticky":false,"template":"","format":"standard","meta":{"om_disable_all_campaigns":false,"_monsterinsights_skip_tracking":false,"_monsterinsights_sitenote_active":false,"_monsterinsights_sitenote_note":"","_monsterinsights_sitenote_category":0,"_uf_show_specific_survey":0,"_uf_disable_surveys":false,"footnotes":""},"categories":[1168],"tags":[1183,1175,1184],"class_list":["post-4760","post","type-post","status-publish","format-standard","has-post-thumbnail","hentry","category-creuant_mirades","tag-festa-major","tag-lisboa","tag-sant-antonio"],"yoast_head":"<!-- This site is optimized with the Yoast SEO plugin v27.5 - https:\/\/yoast.com\/product\/yoast-seo-wordpress\/ -->\n<title>Sant Antonio: la festa major - Esplac<\/title>\n<meta name=\"robots\" content=\"index, follow, max-snippet:-1, max-image-preview:large, max-video-preview:-1\" \/>\n<link rel=\"canonical\" href=\"https:\/\/www.esplac.cat\/sant-antonio-la-festa-major\/\" \/>\n<meta property=\"og:locale\" content=\"en_US\" \/>\n<meta property=\"og:type\" content=\"article\" \/>\n<meta property=\"og:title\" content=\"Sant Antonio: la festa major - Esplac\" \/>\n<meta property=\"og:description\" content=\"29-juny-2018 Cira Diakhaby, exmonitora de l\u2019Esplai Xang\u00f3, ex-EGS del Sector [&hellip;]\" \/>\n<meta property=\"og:url\" content=\"https:\/\/www.esplac.cat\/sant-antonio-la-festa-major\/\" \/>\n<meta property=\"og:site_name\" content=\"Esplac\" \/>\n<meta property=\"article:published_time\" content=\"2018-06-28T10:10:33+00:00\" \/>\n<meta property=\"article:modified_time\" content=\"2019-11-28T12:31:25+00:00\" \/>\n<meta property=\"og:image\" content=\"https:\/\/www.esplac.cat\/wp-content\/uploads\/2019\/11\/logo-open.jpg\" \/>\n\t<meta property=\"og:image:width\" content=\"1200\" \/>\n\t<meta property=\"og:image:height\" content=\"630\" \/>\n\t<meta property=\"og:image:type\" content=\"image\/jpeg\" \/>\n<meta name=\"author\" content=\"Comunicaci\u00f3 Esplac\" \/>\n<meta name=\"twitter:card\" content=\"summary_large_image\" \/>\n<meta name=\"twitter:label1\" content=\"Written by\" \/>\n\t<meta name=\"twitter:data1\" content=\"Comunicaci\u00f3 Esplac\" \/>\n\t<meta name=\"twitter:label2\" content=\"Est. reading time\" \/>\n\t<meta name=\"twitter:data2\" content=\"4 minutes\" \/>\n<script type=\"application\/ld+json\" class=\"yoast-schema-graph\">{\"@context\":\"https:\\\/\\\/schema.org\",\"@graph\":[{\"@type\":\"Article\",\"@id\":\"https:\\\/\\\/www.esplac.cat\\\/sant-antonio-la-festa-major\\\/#article\",\"isPartOf\":{\"@id\":\"https:\\\/\\\/www.esplac.cat\\\/sant-antonio-la-festa-major\\\/\"},\"author\":{\"name\":\"Comunicaci\u00f3 Esplac\",\"@id\":\"https:\\\/\\\/www.esplac.cat\\\/#\\\/schema\\\/person\\\/908383cf240be18b68f8855d0583faca\"},\"headline\":\"Sant Antonio: la festa major\",\"datePublished\":\"2018-06-28T10:10:33+00:00\",\"dateModified\":\"2019-11-28T12:31:25+00:00\",\"mainEntityOfPage\":{\"@id\":\"https:\\\/\\\/www.esplac.cat\\\/sant-antonio-la-festa-major\\\/\"},\"wordCount\":816,\"publisher\":{\"@id\":\"https:\\\/\\\/www.esplac.cat\\\/#organization\"},\"image\":{\"@id\":\"https:\\\/\\\/www.esplac.cat\\\/sant-antonio-la-festa-major\\\/#primaryimage\"},\"thumbnailUrl\":\"\",\"keywords\":[\"Festa major\",\"lisboa\",\"Sant Antonio\"],\"articleSection\":[\"Creuant mirades\"],\"inLanguage\":\"en-US\"},{\"@type\":\"WebPage\",\"@id\":\"https:\\\/\\\/www.esplac.cat\\\/sant-antonio-la-festa-major\\\/\",\"url\":\"https:\\\/\\\/www.esplac.cat\\\/sant-antonio-la-festa-major\\\/\",\"name\":\"Sant Antonio: la festa major - Esplac\",\"isPartOf\":{\"@id\":\"https:\\\/\\\/www.esplac.cat\\\/#website\"},\"primaryImageOfPage\":{\"@id\":\"https:\\\/\\\/www.esplac.cat\\\/sant-antonio-la-festa-major\\\/#primaryimage\"},\"image\":{\"@id\":\"https:\\\/\\\/www.esplac.cat\\\/sant-antonio-la-festa-major\\\/#primaryimage\"},\"thumbnailUrl\":\"\",\"datePublished\":\"2018-06-28T10:10:33+00:00\",\"dateModified\":\"2019-11-28T12:31:25+00:00\",\"breadcrumb\":{\"@id\":\"https:\\\/\\\/www.esplac.cat\\\/sant-antonio-la-festa-major\\\/#breadcrumb\"},\"inLanguage\":\"en-US\",\"potentialAction\":[{\"@type\":\"ReadAction\",\"target\":[\"https:\\\/\\\/www.esplac.cat\\\/sant-antonio-la-festa-major\\\/\"]}]},{\"@type\":\"ImageObject\",\"inLanguage\":\"en-US\",\"@id\":\"https:\\\/\\\/www.esplac.cat\\\/sant-antonio-la-festa-major\\\/#primaryimage\",\"url\":\"\",\"contentUrl\":\"\"},{\"@type\":\"BreadcrumbList\",\"@id\":\"https:\\\/\\\/www.esplac.cat\\\/sant-antonio-la-festa-major\\\/#breadcrumb\",\"itemListElement\":[{\"@type\":\"ListItem\",\"position\":1,\"name\":\"Inici\",\"item\":\"https:\\\/\\\/www.esplac.cat\\\/en\\\/\"},{\"@type\":\"ListItem\",\"position\":2,\"name\":\"Sant Antonio: la festa major\"}]},{\"@type\":\"WebSite\",\"@id\":\"https:\\\/\\\/www.esplac.cat\\\/#website\",\"url\":\"https:\\\/\\\/www.esplac.cat\\\/\",\"name\":\"Esplac\",\"description\":\"Esplais Catalans\",\"publisher\":{\"@id\":\"https:\\\/\\\/www.esplac.cat\\\/#organization\"},\"potentialAction\":[{\"@type\":\"SearchAction\",\"target\":{\"@type\":\"EntryPoint\",\"urlTemplate\":\"https:\\\/\\\/www.esplac.cat\\\/?s={search_term_string}\"},\"query-input\":{\"@type\":\"PropertyValueSpecification\",\"valueRequired\":true,\"valueName\":\"search_term_string\"}}],\"inLanguage\":\"en-US\"},{\"@type\":\"Organization\",\"@id\":\"https:\\\/\\\/www.esplac.cat\\\/#organization\",\"name\":\"Esplac\",\"url\":\"https:\\\/\\\/www.esplac.cat\\\/\",\"logo\":{\"@type\":\"ImageObject\",\"inLanguage\":\"en-US\",\"@id\":\"https:\\\/\\\/www.esplac.cat\\\/#\\\/schema\\\/logo\\\/image\\\/\",\"url\":\"https:\\\/\\\/www.esplac.cat\\\/wp-content\\\/uploads\\\/2019\\\/08\\\/logox2.png\",\"contentUrl\":\"https:\\\/\\\/www.esplac.cat\\\/wp-content\\\/uploads\\\/2019\\\/08\\\/logox2.png\",\"width\":600,\"height\":295,\"caption\":\"Esplac\"},\"image\":{\"@id\":\"https:\\\/\\\/www.esplac.cat\\\/#\\\/schema\\\/logo\\\/image\\\/\"}},{\"@type\":\"Person\",\"@id\":\"https:\\\/\\\/www.esplac.cat\\\/#\\\/schema\\\/person\\\/908383cf240be18b68f8855d0583faca\",\"name\":\"Comunicaci\u00f3 Esplac\",\"image\":{\"@type\":\"ImageObject\",\"inLanguage\":\"en-US\",\"@id\":\"https:\\\/\\\/secure.gravatar.com\\\/avatar\\\/7a4cf8feb412a76ea4a740ca02d95b06b2907b5a6c648c2dd0a1082a093c3141?s=96&d=mm&r=g\",\"url\":\"https:\\\/\\\/secure.gravatar.com\\\/avatar\\\/7a4cf8feb412a76ea4a740ca02d95b06b2907b5a6c648c2dd0a1082a093c3141?s=96&d=mm&r=g\",\"contentUrl\":\"https:\\\/\\\/secure.gravatar.com\\\/avatar\\\/7a4cf8feb412a76ea4a740ca02d95b06b2907b5a6c648c2dd0a1082a093c3141?s=96&d=mm&r=g\",\"caption\":\"Comunicaci\u00f3 Esplac\"}}]}<\/script>\n<!-- \/ Yoast SEO plugin. -->","yoast_head_json":{"title":"Sant Antonio: la festa major - Esplac","robots":{"index":"index","follow":"follow","max-snippet":"max-snippet:-1","max-image-preview":"max-image-preview:large","max-video-preview":"max-video-preview:-1"},"canonical":"https:\/\/www.esplac.cat\/sant-antonio-la-festa-major\/","og_locale":"en_US","og_type":"article","og_title":"Sant Antonio: la festa major - Esplac","og_description":"29-juny-2018 Cira Diakhaby, exmonitora de l\u2019Esplai Xang\u00f3, ex-EGS del Sector [&hellip;]","og_url":"https:\/\/www.esplac.cat\/sant-antonio-la-festa-major\/","og_site_name":"Esplac","article_published_time":"2018-06-28T10:10:33+00:00","article_modified_time":"2019-11-28T12:31:25+00:00","og_image":[{"width":1200,"height":630,"url":"https:\/\/www.esplac.cat\/wp-content\/uploads\/2019\/11\/logo-open.jpg","type":"image\/jpeg"}],"author":"Comunicaci\u00f3 Esplac","twitter_card":"summary_large_image","twitter_misc":{"Written by":"Comunicaci\u00f3 Esplac","Est. reading time":"4 minutes"},"schema":{"@context":"https:\/\/schema.org","@graph":[{"@type":"Article","@id":"https:\/\/www.esplac.cat\/sant-antonio-la-festa-major\/#article","isPartOf":{"@id":"https:\/\/www.esplac.cat\/sant-antonio-la-festa-major\/"},"author":{"name":"Comunicaci\u00f3 Esplac","@id":"https:\/\/www.esplac.cat\/#\/schema\/person\/908383cf240be18b68f8855d0583faca"},"headline":"Sant Antonio: la festa major","datePublished":"2018-06-28T10:10:33+00:00","dateModified":"2019-11-28T12:31:25+00:00","mainEntityOfPage":{"@id":"https:\/\/www.esplac.cat\/sant-antonio-la-festa-major\/"},"wordCount":816,"publisher":{"@id":"https:\/\/www.esplac.cat\/#organization"},"image":{"@id":"https:\/\/www.esplac.cat\/sant-antonio-la-festa-major\/#primaryimage"},"thumbnailUrl":"","keywords":["Festa major","lisboa","Sant Antonio"],"articleSection":["Creuant mirades"],"inLanguage":"en-US"},{"@type":"WebPage","@id":"https:\/\/www.esplac.cat\/sant-antonio-la-festa-major\/","url":"https:\/\/www.esplac.cat\/sant-antonio-la-festa-major\/","name":"Sant Antonio: la festa major - Esplac","isPartOf":{"@id":"https:\/\/www.esplac.cat\/#website"},"primaryImageOfPage":{"@id":"https:\/\/www.esplac.cat\/sant-antonio-la-festa-major\/#primaryimage"},"image":{"@id":"https:\/\/www.esplac.cat\/sant-antonio-la-festa-major\/#primaryimage"},"thumbnailUrl":"","datePublished":"2018-06-28T10:10:33+00:00","dateModified":"2019-11-28T12:31:25+00:00","breadcrumb":{"@id":"https:\/\/www.esplac.cat\/sant-antonio-la-festa-major\/#breadcrumb"},"inLanguage":"en-US","potentialAction":[{"@type":"ReadAction","target":["https:\/\/www.esplac.cat\/sant-antonio-la-festa-major\/"]}]},{"@type":"ImageObject","inLanguage":"en-US","@id":"https:\/\/www.esplac.cat\/sant-antonio-la-festa-major\/#primaryimage","url":"","contentUrl":""},{"@type":"BreadcrumbList","@id":"https:\/\/www.esplac.cat\/sant-antonio-la-festa-major\/#breadcrumb","itemListElement":[{"@type":"ListItem","position":1,"name":"Inici","item":"https:\/\/www.esplac.cat\/en\/"},{"@type":"ListItem","position":2,"name":"Sant Antonio: la festa major"}]},{"@type":"WebSite","@id":"https:\/\/www.esplac.cat\/#website","url":"https:\/\/www.esplac.cat\/","name":"Esplac","description":"Esplais Catalans","publisher":{"@id":"https:\/\/www.esplac.cat\/#organization"},"potentialAction":[{"@type":"SearchAction","target":{"@type":"EntryPoint","urlTemplate":"https:\/\/www.esplac.cat\/?s={search_term_string}"},"query-input":{"@type":"PropertyValueSpecification","valueRequired":true,"valueName":"search_term_string"}}],"inLanguage":"en-US"},{"@type":"Organization","@id":"https:\/\/www.esplac.cat\/#organization","name":"Esplac","url":"https:\/\/www.esplac.cat\/","logo":{"@type":"ImageObject","inLanguage":"en-US","@id":"https:\/\/www.esplac.cat\/#\/schema\/logo\/image\/","url":"https:\/\/www.esplac.cat\/wp-content\/uploads\/2019\/08\/logox2.png","contentUrl":"https:\/\/www.esplac.cat\/wp-content\/uploads\/2019\/08\/logox2.png","width":600,"height":295,"caption":"Esplac"},"image":{"@id":"https:\/\/www.esplac.cat\/#\/schema\/logo\/image\/"}},{"@type":"Person","@id":"https:\/\/www.esplac.cat\/#\/schema\/person\/908383cf240be18b68f8855d0583faca","name":"Comunicaci\u00f3 Esplac","image":{"@type":"ImageObject","inLanguage":"en-US","@id":"https:\/\/secure.gravatar.com\/avatar\/7a4cf8feb412a76ea4a740ca02d95b06b2907b5a6c648c2dd0a1082a093c3141?s=96&d=mm&r=g","url":"https:\/\/secure.gravatar.com\/avatar\/7a4cf8feb412a76ea4a740ca02d95b06b2907b5a6c648c2dd0a1082a093c3141?s=96&d=mm&r=g","contentUrl":"https:\/\/secure.gravatar.com\/avatar\/7a4cf8feb412a76ea4a740ca02d95b06b2907b5a6c648c2dd0a1082a093c3141?s=96&d=mm&r=g","caption":"Comunicaci\u00f3 Esplac"}}]}},"_links":{"self":[{"href":"https:\/\/www.esplac.cat\/en\/wp-json\/wp\/v2\/posts\/4760","targetHints":{"allow":["GET"]}}],"collection":[{"href":"https:\/\/www.esplac.cat\/en\/wp-json\/wp\/v2\/posts"}],"about":[{"href":"https:\/\/www.esplac.cat\/en\/wp-json\/wp\/v2\/types\/post"}],"author":[{"embeddable":true,"href":"https:\/\/www.esplac.cat\/en\/wp-json\/wp\/v2\/users\/3"}],"replies":[{"embeddable":true,"href":"https:\/\/www.esplac.cat\/en\/wp-json\/wp\/v2\/comments?post=4760"}],"version-history":[{"count":0,"href":"https:\/\/www.esplac.cat\/en\/wp-json\/wp\/v2\/posts\/4760\/revisions"}],"wp:featuredmedia":[{"embeddable":true,"href":"https:\/\/www.esplac.cat\/en\/wp-json\/"}],"wp:attachment":[{"href":"https:\/\/www.esplac.cat\/en\/wp-json\/wp\/v2\/media?parent=4760"}],"wp:term":[{"taxonomy":"category","embeddable":true,"href":"https:\/\/www.esplac.cat\/en\/wp-json\/wp\/v2\/categories?post=4760"},{"taxonomy":"post_tag","embeddable":true,"href":"https:\/\/www.esplac.cat\/en\/wp-json\/wp\/v2\/tags?post=4760"}],"curies":[{"name":"wp","href":"https:\/\/api.w.org\/{rel}","templated":true}]}}