{"id":47880,"date":"2023-10-20T09:57:50","date_gmt":"2023-10-20T07:57:50","guid":{"rendered":"https:\/\/www.esplac.cat\/?p=47880"},"modified":"2023-10-20T09:57:50","modified_gmt":"2023-10-20T07:57:50","slug":"sector-barcelona-nord-est-engega-curs-ago-sector","status":"publish","type":"post","link":"https:\/\/www.esplac.cat\/en\/sector-barcelona-nord-est-engega-curs-ago-sector\/","title":{"rendered":"El Sector Barcelona Nord-Est engega el curs amb l\u2019AGO de Sector a la Casa Groga"},"content":{"rendered":"<h6><b>El dimarts 17 d\u2019octubre el Sector Barcelona Nord-Est ha celebrat la seva primera Assemblea General Ordin\u00e0ria (AGO) de Sector, on hi han participat 5 esplais.<\/b><\/h6>\n<h4><span style=\"font-weight: 300;\">L\u2019Assemblea s\u2019ha dut a terme a l\u2019<strong>Espai Jove la Casa Groga<\/strong>, local de l\u2019<span style=\"color: #f69d0b;\"><a style=\"color: #f69d0b;\" href=\"https:\/\/www.instagram.com\/esplaixiroc_fp\/\" target=\"_blank\" rel=\"noopener\"><strong>Esplai Xiroc<\/strong><\/a> <\/span>situat al Fort Pienc, i ha comptat amb la participaci\u00f3 d\u2019una desena monitores i monitors referents dels esplais de Barcelona Nord-Est, l\u2019Equip General de Sector, la Coordinadora de Projectes de Sector i representants de l\u2019Equip de Coordinaci\u00f3 d\u2019Esplac.\u00a0<\/span><\/h4>\n<h4><span style=\"font-weight: 300;\">El <strong>Sector Barcelona<\/strong> s\u2019acomiadava tot just fa un any en la seva \u00faltima AGO conjunta. En aquella assemblea, els 25 esplais dels 3 subsectors van aprovar la seva separaci\u00f3 i la conseq\u00fcent creaci\u00f3 dels nous sectors <span style=\"color: #f69d0b;\"><strong><a style=\"color: #f69d0b;\" href=\"https:\/\/www.esplac.cat\/sectors-geografics\/barcelona-sud\/\" target=\"_blank\" rel=\"noopener\">Barcelona Sud<\/a><\/strong><\/span>, <span style=\"color: #f69d0b;\"><strong><a style=\"color: #f69d0b;\" href=\"https:\/\/www.esplac.cat\/sectors-geografics\/barcelona-oest\/\" target=\"_blank\" rel=\"noopener\">Barcelona Oest<\/a><\/strong><\/span> i<span style=\"color: #f69d0b;\"><strong><a style=\"color: #f69d0b;\" href=\"https:\/\/www.esplac.cat\/sectors-geografics\/barcelona-nord-est\/\" target=\"_blank\" rel=\"noopener\"> Barcelona Nord-Est<\/a><\/strong><\/span>.<\/span><\/h4>\n<h4><span style=\"font-weight: 300;\">L\u2019assemblea d\u2019enguany ha aprovat el <strong>Pla de Treball del curs 2023-24<\/strong>, amb les activitats de sector que es duran a terme, aix\u00ed com la mem\u00f2ria del curs passat. Com a novetat a destacar, les monitores i monitors del Sector han decidit crear una nova comissi\u00f3 per preparar i dissenyar diferents debats pedag\u00f2gics que puguin enriquir al conjunt d\u2019esplais del territori.<\/span><\/h4>\n<h4><span style=\"font-weight: 300;\">En les properes reunions de sector, previsiblement de cara al gener o febrer, se celebrar\u00e0 l\u2019<strong>Assemblea General Extraordin\u00e0ria<\/strong> del sector en qu\u00e8 es votar\u00e0 el <strong>Pressupost del curs 2023-24<\/strong>.<\/span><\/h4>\n","protected":false},"excerpt":{"rendered":"<p>El dimarts 17 d\u2019octubre el Sector Barcelona Nord-Est ha celebrat [&hellip;]<\/p>\n","protected":false},"author":3,"featured_media":47881,"comment_status":"closed","ping_status":"closed","sticky":false,"template":"","format":"standard","meta":{"om_disable_all_campaigns":false,"_monsterinsights_skip_tracking":false,"_monsterinsights_sitenote_active":false,"_monsterinsights_sitenote_note":"","_monsterinsights_sitenote_category":0,"_uf_show_specific_survey":0,"_uf_disable_surveys":false,"footnotes":""},"categories":[1128,1398],"tags":[],"class_list":["post-47880","post","type-post","status-publish","format-standard","has-post-thumbnail","hentry","category-sector-barcelona","category-sector-barcelona-nord-est"],"yoast_head":"<!-- This site is optimized with the Yoast SEO plugin v27.4 - https:\/\/yoast.com\/product\/yoast-seo-wordpress\/ -->\n<title>El Sector Barcelona Nord-Est engega el curs amb l\u2019AGO de Sector<\/title>\n<meta name=\"description\" content=\"El Sector Barcelona Nord-Est ha celebrat la seva primera Assemblea General Ordin\u00e0ria (AGO) de Sector, on hi han participat 5 esplais.\" \/>\n<meta name=\"robots\" content=\"index, follow, max-snippet:-1, max-image-preview:large, max-video-preview:-1\" \/>\n<link rel=\"canonical\" href=\"https:\/\/www.esplac.cat\/sector-barcelona-nord-est-engega-curs-ago-sector\/\" \/>\n<meta property=\"og:locale\" content=\"en_US\" \/>\n<meta property=\"og:type\" content=\"article\" \/>\n<meta property=\"og:title\" content=\"El Sector Barcelona Nord-Est engega el curs amb l\u2019AGO de Sector\" \/>\n<meta property=\"og:description\" content=\"El Sector Barcelona Nord-Est ha celebrat la seva primera Assemblea General Ordin\u00e0ria (AGO) de Sector, on hi han participat 5 esplais.\" \/>\n<meta property=\"og:url\" content=\"https:\/\/www.esplac.cat\/sector-barcelona-nord-est-engega-curs-ago-sector\/\" \/>\n<meta property=\"og:site_name\" content=\"Esplac\" \/>\n<meta property=\"article:published_time\" content=\"2023-10-20T07:57:50+00:00\" \/>\n<meta property=\"og:image\" content=\"https:\/\/www.esplac.cat\/wp-content\/uploads\/2023\/10\/Portades-Web-1-1.jpg\" \/>\n\t<meta property=\"og:image:width\" content=\"1697\" \/>\n\t<meta property=\"og:image:height\" content=\"700\" \/>\n\t<meta property=\"og:image:type\" content=\"image\/jpeg\" \/>\n<meta name=\"author\" content=\"Comunicaci\u00f3 Esplac\" \/>\n<meta name=\"twitter:card\" content=\"summary_large_image\" \/>\n<meta name=\"twitter:label1\" content=\"Written by\" \/>\n\t<meta name=\"twitter:data1\" content=\"Comunicaci\u00f3 Esplac\" \/>\n\t<meta name=\"twitter:label2\" content=\"Est. reading time\" \/>\n\t<meta name=\"twitter:data2\" content=\"2 minutes\" \/>\n<script type=\"application\/ld+json\" class=\"yoast-schema-graph\">{\"@context\":\"https:\\\/\\\/schema.org\",\"@graph\":[{\"@type\":\"Article\",\"@id\":\"https:\\\/\\\/www.esplac.cat\\\/sector-barcelona-nord-est-engega-curs-ago-sector\\\/#article\",\"isPartOf\":{\"@id\":\"https:\\\/\\\/www.esplac.cat\\\/sector-barcelona-nord-est-engega-curs-ago-sector\\\/\"},\"author\":{\"name\":\"Comunicaci\u00f3 Esplac\",\"@id\":\"https:\\\/\\\/www.esplac.cat\\\/#\\\/schema\\\/person\\\/908383cf240be18b68f8855d0583faca\"},\"headline\":\"El Sector Barcelona Nord-Est engega el curs amb l\u2019AGO de Sector a la Casa Groga\",\"datePublished\":\"2023-10-20T07:57:50+00:00\",\"mainEntityOfPage\":{\"@id\":\"https:\\\/\\\/www.esplac.cat\\\/sector-barcelona-nord-est-engega-curs-ago-sector\\\/\"},\"wordCount\":241,\"publisher\":{\"@id\":\"https:\\\/\\\/www.esplac.cat\\\/#organization\"},\"image\":{\"@id\":\"https:\\\/\\\/www.esplac.cat\\\/sector-barcelona-nord-est-engega-curs-ago-sector\\\/#primaryimage\"},\"thumbnailUrl\":\"https:\\\/\\\/www.esplac.cat\\\/wp-content\\\/uploads\\\/2023\\\/10\\\/Portades-Web-1-1.jpg\",\"articleSection\":[\"Sector Barcelona\",\"Sector Barcelona Nord-Est\"],\"inLanguage\":\"en-US\"},{\"@type\":\"WebPage\",\"@id\":\"https:\\\/\\\/www.esplac.cat\\\/sector-barcelona-nord-est-engega-curs-ago-sector\\\/\",\"url\":\"https:\\\/\\\/www.esplac.cat\\\/sector-barcelona-nord-est-engega-curs-ago-sector\\\/\",\"name\":\"El Sector Barcelona Nord-Est engega el curs amb l\u2019AGO de Sector\",\"isPartOf\":{\"@id\":\"https:\\\/\\\/www.esplac.cat\\\/#website\"},\"primaryImageOfPage\":{\"@id\":\"https:\\\/\\\/www.esplac.cat\\\/sector-barcelona-nord-est-engega-curs-ago-sector\\\/#primaryimage\"},\"image\":{\"@id\":\"https:\\\/\\\/www.esplac.cat\\\/sector-barcelona-nord-est-engega-curs-ago-sector\\\/#primaryimage\"},\"thumbnailUrl\":\"https:\\\/\\\/www.esplac.cat\\\/wp-content\\\/uploads\\\/2023\\\/10\\\/Portades-Web-1-1.jpg\",\"datePublished\":\"2023-10-20T07:57:50+00:00\",\"description\":\"El Sector Barcelona Nord-Est ha celebrat la seva primera Assemblea General Ordin\u00e0ria (AGO) de Sector, on hi han participat 5 esplais.\",\"breadcrumb\":{\"@id\":\"https:\\\/\\\/www.esplac.cat\\\/sector-barcelona-nord-est-engega-curs-ago-sector\\\/#breadcrumb\"},\"inLanguage\":\"en-US\",\"potentialAction\":[{\"@type\":\"ReadAction\",\"target\":[\"https:\\\/\\\/www.esplac.cat\\\/sector-barcelona-nord-est-engega-curs-ago-sector\\\/\"]}]},{\"@type\":\"ImageObject\",\"inLanguage\":\"en-US\",\"@id\":\"https:\\\/\\\/www.esplac.cat\\\/sector-barcelona-nord-est-engega-curs-ago-sector\\\/#primaryimage\",\"url\":\"https:\\\/\\\/www.esplac.cat\\\/wp-content\\\/uploads\\\/2023\\\/10\\\/Portades-Web-1-1.jpg\",\"contentUrl\":\"https:\\\/\\\/www.esplac.cat\\\/wp-content\\\/uploads\\\/2023\\\/10\\\/Portades-Web-1-1.jpg\",\"width\":1697,\"height\":700,\"caption\":\"AGO BCN Nord-Est\"},{\"@type\":\"BreadcrumbList\",\"@id\":\"https:\\\/\\\/www.esplac.cat\\\/sector-barcelona-nord-est-engega-curs-ago-sector\\\/#breadcrumb\",\"itemListElement\":[{\"@type\":\"ListItem\",\"position\":1,\"name\":\"Inici\",\"item\":\"https:\\\/\\\/www.esplac.cat\\\/en\\\/\"},{\"@type\":\"ListItem\",\"position\":2,\"name\":\"El Sector Barcelona Nord-Est engega el curs amb l\u2019AGO de Sector a la Casa Groga\"}]},{\"@type\":\"WebSite\",\"@id\":\"https:\\\/\\\/www.esplac.cat\\\/#website\",\"url\":\"https:\\\/\\\/www.esplac.cat\\\/\",\"name\":\"Esplac\",\"description\":\"Esplais Catalans\",\"publisher\":{\"@id\":\"https:\\\/\\\/www.esplac.cat\\\/#organization\"},\"potentialAction\":[{\"@type\":\"SearchAction\",\"target\":{\"@type\":\"EntryPoint\",\"urlTemplate\":\"https:\\\/\\\/www.esplac.cat\\\/?s={search_term_string}\"},\"query-input\":{\"@type\":\"PropertyValueSpecification\",\"valueRequired\":true,\"valueName\":\"search_term_string\"}}],\"inLanguage\":\"en-US\"},{\"@type\":\"Organization\",\"@id\":\"https:\\\/\\\/www.esplac.cat\\\/#organization\",\"name\":\"Esplac\",\"url\":\"https:\\\/\\\/www.esplac.cat\\\/\",\"logo\":{\"@type\":\"ImageObject\",\"inLanguage\":\"en-US\",\"@id\":\"https:\\\/\\\/www.esplac.cat\\\/#\\\/schema\\\/logo\\\/image\\\/\",\"url\":\"https:\\\/\\\/www.esplac.cat\\\/wp-content\\\/uploads\\\/2019\\\/08\\\/logox2.png\",\"contentUrl\":\"https:\\\/\\\/www.esplac.cat\\\/wp-content\\\/uploads\\\/2019\\\/08\\\/logox2.png\",\"width\":600,\"height\":295,\"caption\":\"Esplac\"},\"image\":{\"@id\":\"https:\\\/\\\/www.esplac.cat\\\/#\\\/schema\\\/logo\\\/image\\\/\"}},{\"@type\":\"Person\",\"@id\":\"https:\\\/\\\/www.esplac.cat\\\/#\\\/schema\\\/person\\\/908383cf240be18b68f8855d0583faca\",\"name\":\"Comunicaci\u00f3 Esplac\",\"image\":{\"@type\":\"ImageObject\",\"inLanguage\":\"en-US\",\"@id\":\"https:\\\/\\\/secure.gravatar.com\\\/avatar\\\/7a4cf8feb412a76ea4a740ca02d95b06b2907b5a6c648c2dd0a1082a093c3141?s=96&d=mm&r=g\",\"url\":\"https:\\\/\\\/secure.gravatar.com\\\/avatar\\\/7a4cf8feb412a76ea4a740ca02d95b06b2907b5a6c648c2dd0a1082a093c3141?s=96&d=mm&r=g\",\"contentUrl\":\"https:\\\/\\\/secure.gravatar.com\\\/avatar\\\/7a4cf8feb412a76ea4a740ca02d95b06b2907b5a6c648c2dd0a1082a093c3141?s=96&d=mm&r=g\",\"caption\":\"Comunicaci\u00f3 Esplac\"}}]}<\/script>\n<!-- \/ Yoast SEO plugin. -->","yoast_head_json":{"title":"El Sector Barcelona Nord-Est engega el curs amb l\u2019AGO de Sector","description":"El Sector Barcelona Nord-Est ha celebrat la seva primera Assemblea General Ordin\u00e0ria (AGO) de Sector, on hi han participat 5 esplais.","robots":{"index":"index","follow":"follow","max-snippet":"max-snippet:-1","max-image-preview":"max-image-preview:large","max-video-preview":"max-video-preview:-1"},"canonical":"https:\/\/www.esplac.cat\/sector-barcelona-nord-est-engega-curs-ago-sector\/","og_locale":"en_US","og_type":"article","og_title":"El Sector Barcelona Nord-Est engega el curs amb l\u2019AGO de Sector","og_description":"El Sector Barcelona Nord-Est ha celebrat la seva primera Assemblea General Ordin\u00e0ria (AGO) de Sector, on hi han participat 5 esplais.","og_url":"https:\/\/www.esplac.cat\/sector-barcelona-nord-est-engega-curs-ago-sector\/","og_site_name":"Esplac","article_published_time":"2023-10-20T07:57:50+00:00","og_image":[{"width":1697,"height":700,"url":"https:\/\/www.esplac.cat\/wp-content\/uploads\/2023\/10\/Portades-Web-1-1.jpg","type":"image\/jpeg"}],"author":"Comunicaci\u00f3 Esplac","twitter_card":"summary_large_image","twitter_misc":{"Written by":"Comunicaci\u00f3 Esplac","Est. reading time":"2 minutes"},"schema":{"@context":"https:\/\/schema.org","@graph":[{"@type":"Article","@id":"https:\/\/www.esplac.cat\/sector-barcelona-nord-est-engega-curs-ago-sector\/#article","isPartOf":{"@id":"https:\/\/www.esplac.cat\/sector-barcelona-nord-est-engega-curs-ago-sector\/"},"author":{"name":"Comunicaci\u00f3 Esplac","@id":"https:\/\/www.esplac.cat\/#\/schema\/person\/908383cf240be18b68f8855d0583faca"},"headline":"El Sector Barcelona Nord-Est engega el curs amb l\u2019AGO de Sector a la Casa Groga","datePublished":"2023-10-20T07:57:50+00:00","mainEntityOfPage":{"@id":"https:\/\/www.esplac.cat\/sector-barcelona-nord-est-engega-curs-ago-sector\/"},"wordCount":241,"publisher":{"@id":"https:\/\/www.esplac.cat\/#organization"},"image":{"@id":"https:\/\/www.esplac.cat\/sector-barcelona-nord-est-engega-curs-ago-sector\/#primaryimage"},"thumbnailUrl":"https:\/\/www.esplac.cat\/wp-content\/uploads\/2023\/10\/Portades-Web-1-1.jpg","articleSection":["Sector Barcelona","Sector Barcelona Nord-Est"],"inLanguage":"en-US"},{"@type":"WebPage","@id":"https:\/\/www.esplac.cat\/sector-barcelona-nord-est-engega-curs-ago-sector\/","url":"https:\/\/www.esplac.cat\/sector-barcelona-nord-est-engega-curs-ago-sector\/","name":"El Sector Barcelona Nord-Est engega el curs amb l\u2019AGO de Sector","isPartOf":{"@id":"https:\/\/www.esplac.cat\/#website"},"primaryImageOfPage":{"@id":"https:\/\/www.esplac.cat\/sector-barcelona-nord-est-engega-curs-ago-sector\/#primaryimage"},"image":{"@id":"https:\/\/www.esplac.cat\/sector-barcelona-nord-est-engega-curs-ago-sector\/#primaryimage"},"thumbnailUrl":"https:\/\/www.esplac.cat\/wp-content\/uploads\/2023\/10\/Portades-Web-1-1.jpg","datePublished":"2023-10-20T07:57:50+00:00","description":"El Sector Barcelona Nord-Est ha celebrat la seva primera Assemblea General Ordin\u00e0ria (AGO) de Sector, on hi han participat 5 esplais.","breadcrumb":{"@id":"https:\/\/www.esplac.cat\/sector-barcelona-nord-est-engega-curs-ago-sector\/#breadcrumb"},"inLanguage":"en-US","potentialAction":[{"@type":"ReadAction","target":["https:\/\/www.esplac.cat\/sector-barcelona-nord-est-engega-curs-ago-sector\/"]}]},{"@type":"ImageObject","inLanguage":"en-US","@id":"https:\/\/www.esplac.cat\/sector-barcelona-nord-est-engega-curs-ago-sector\/#primaryimage","url":"https:\/\/www.esplac.cat\/wp-content\/uploads\/2023\/10\/Portades-Web-1-1.jpg","contentUrl":"https:\/\/www.esplac.cat\/wp-content\/uploads\/2023\/10\/Portades-Web-1-1.jpg","width":1697,"height":700,"caption":"AGO BCN Nord-Est"},{"@type":"BreadcrumbList","@id":"https:\/\/www.esplac.cat\/sector-barcelona-nord-est-engega-curs-ago-sector\/#breadcrumb","itemListElement":[{"@type":"ListItem","position":1,"name":"Inici","item":"https:\/\/www.esplac.cat\/en\/"},{"@type":"ListItem","position":2,"name":"El Sector Barcelona Nord-Est engega el curs amb l\u2019AGO de Sector a la Casa Groga"}]},{"@type":"WebSite","@id":"https:\/\/www.esplac.cat\/#website","url":"https:\/\/www.esplac.cat\/","name":"Esplac","description":"Esplais Catalans","publisher":{"@id":"https:\/\/www.esplac.cat\/#organization"},"potentialAction":[{"@type":"SearchAction","target":{"@type":"EntryPoint","urlTemplate":"https:\/\/www.esplac.cat\/?s={search_term_string}"},"query-input":{"@type":"PropertyValueSpecification","valueRequired":true,"valueName":"search_term_string"}}],"inLanguage":"en-US"},{"@type":"Organization","@id":"https:\/\/www.esplac.cat\/#organization","name":"Esplac","url":"https:\/\/www.esplac.cat\/","logo":{"@type":"ImageObject","inLanguage":"en-US","@id":"https:\/\/www.esplac.cat\/#\/schema\/logo\/image\/","url":"https:\/\/www.esplac.cat\/wp-content\/uploads\/2019\/08\/logox2.png","contentUrl":"https:\/\/www.esplac.cat\/wp-content\/uploads\/2019\/08\/logox2.png","width":600,"height":295,"caption":"Esplac"},"image":{"@id":"https:\/\/www.esplac.cat\/#\/schema\/logo\/image\/"}},{"@type":"Person","@id":"https:\/\/www.esplac.cat\/#\/schema\/person\/908383cf240be18b68f8855d0583faca","name":"Comunicaci\u00f3 Esplac","image":{"@type":"ImageObject","inLanguage":"en-US","@id":"https:\/\/secure.gravatar.com\/avatar\/7a4cf8feb412a76ea4a740ca02d95b06b2907b5a6c648c2dd0a1082a093c3141?s=96&d=mm&r=g","url":"https:\/\/secure.gravatar.com\/avatar\/7a4cf8feb412a76ea4a740ca02d95b06b2907b5a6c648c2dd0a1082a093c3141?s=96&d=mm&r=g","contentUrl":"https:\/\/secure.gravatar.com\/avatar\/7a4cf8feb412a76ea4a740ca02d95b06b2907b5a6c648c2dd0a1082a093c3141?s=96&d=mm&r=g","caption":"Comunicaci\u00f3 Esplac"}}]}},"_links":{"self":[{"href":"https:\/\/www.esplac.cat\/en\/wp-json\/wp\/v2\/posts\/47880","targetHints":{"allow":["GET"]}}],"collection":[{"href":"https:\/\/www.esplac.cat\/en\/wp-json\/wp\/v2\/posts"}],"about":[{"href":"https:\/\/www.esplac.cat\/en\/wp-json\/wp\/v2\/types\/post"}],"author":[{"embeddable":true,"href":"https:\/\/www.esplac.cat\/en\/wp-json\/wp\/v2\/users\/3"}],"replies":[{"embeddable":true,"href":"https:\/\/www.esplac.cat\/en\/wp-json\/wp\/v2\/comments?post=47880"}],"version-history":[{"count":0,"href":"https:\/\/www.esplac.cat\/en\/wp-json\/wp\/v2\/posts\/47880\/revisions"}],"wp:featuredmedia":[{"embeddable":true,"href":"https:\/\/www.esplac.cat\/en\/wp-json\/wp\/v2\/media\/47881"}],"wp:attachment":[{"href":"https:\/\/www.esplac.cat\/en\/wp-json\/wp\/v2\/media?parent=47880"}],"wp:term":[{"taxonomy":"category","embeddable":true,"href":"https:\/\/www.esplac.cat\/en\/wp-json\/wp\/v2\/categories?post=47880"},{"taxonomy":"post_tag","embeddable":true,"href":"https:\/\/www.esplac.cat\/en\/wp-json\/wp\/v2\/tags?post=47880"}],"curies":[{"name":"wp","href":"https:\/\/api.w.org\/{rel}","templated":true}]}}