{"id":47885,"date":"2023-10-20T10:20:08","date_gmt":"2023-10-20T08:20:08","guid":{"rendered":"https:\/\/www.esplac.cat\/?p=47885"},"modified":"2023-10-20T10:23:17","modified_gmt":"2023-10-20T08:23:17","slug":"sector-valles-oriental-comenca-curs-ago","status":"publish","type":"post","link":"https:\/\/www.esplac.cat\/en\/sector-valles-oriental-comenca-curs-ago\/","title":{"rendered":"El Sector Vall\u00e8s Oriental comen\u00e7a el curs amb l\u2019AGO!"},"content":{"rendered":"<h6><b>Les monitores i monitors del Sector Vall\u00e8s Oriental ja han planificat el curs 2023-24 i estan llestes per engegar motors.<\/b><\/h6>\n<p><span style=\"font-weight: 300;\">El <strong><a href=\"https:\/\/www.esplac.cat\/sectors-geografics\/valles-oriental\/\" target=\"_blank\" rel=\"noopener\"><span style=\"color: #f69d0b;\">Sector Vall\u00e8s Oriental<\/span><\/a><\/strong> ha fet coincidir la Reuni\u00f3 de Sector d\u2019octubre amb l\u2019<strong>Assemblea General Ordin\u00e0ria<\/strong> (AGO) del sector. Aquesta ha tingut lloc al local de l\u2019<strong><span style=\"color: #f69d0b;\"><a style=\"color: #f69d0b;\" href=\"https:\/\/www.instagram.com\/ce.elrefugi\/\" target=\"_blank\" rel=\"noopener\">esplai El Refugi<\/a><\/span><\/strong>, Santa Perp\u00e8tua de Mogoda, reunint a monitores dels diferents esplais del territori.<\/span><\/p>\n<p><span style=\"font-weight: 300;\">Les monitores i monitors del sector han pogut discutir les activitats i objectius que es plantegen pel nou curs abans d\u2019aprovar la documentaci\u00f3 presentada; <strong>Mem\u00f2ria del curs 2022-23<\/strong> i <strong>Pla de Treball del curs 2023-24<\/strong>.\u00a0<\/span><\/p>\n<p><span style=\"font-weight: 300;\">Enguany el Sector ha decidit prioritzar les activitats amb infants, dedicant m\u00e9s forces a la <strong>Trobada d\u2019Infants i Joves<\/strong>, l\u2019activitat m\u00e9s gran i amb m\u00e9s recorregut del Sector. Tamb\u00e9 han planificat altres activitats com ara la <strong>Cuquivetllada<\/strong>, el <strong>Domingueo Formatiu<\/strong> i el <strong>CIM (Curs d\u2019Iniciaci\u00f3 al Monitoratge)<\/strong>.\u00a0<\/span><\/p>\n<p><span style=\"font-weight: 300;\">En aquesta mateixa assemblea, s\u2019han acomiadat dues membres de l\u2019EGS, la Paula Duaso i la Mireia Bartolom\u00e9, amb un gran recorregut al Sector, i ha entrat amb un entusiasme desbordant l\u2019\u00c0lex Amaro, monitor de l\u2019<span style=\"color: #f69d0b;\"><strong><a style=\"color: #f69d0b;\" href=\"https:\/\/www.instagram.com\/esplaielboto\/\" target=\"_blank\" rel=\"noopener\">esplai el Bot\u00f3<\/a><\/strong><\/span>.<\/span><\/p>\n<p><span style=\"font-weight: 300;\">El Sector encara el curs amb moltes ganes i amb energia renovada per continuar teixint xarxa amb infants, joves i monitores del territori!<\/span><\/p>\n","protected":false},"excerpt":{"rendered":"<p>Les monitores i monitors del Sector Vall\u00e8s Oriental ja han [&hellip;]<\/p>\n","protected":false},"author":3,"featured_media":47887,"comment_status":"closed","ping_status":"closed","sticky":false,"template":"","format":"standard","meta":{"om_disable_all_campaigns":false,"_monsterinsights_skip_tracking":false,"_monsterinsights_sitenote_active":false,"_monsterinsights_sitenote_note":"","_monsterinsights_sitenote_category":0,"_uf_show_specific_survey":0,"_uf_disable_surveys":false,"footnotes":""},"categories":[1125],"tags":[],"class_list":["post-47885","post","type-post","status-publish","format-standard","has-post-thumbnail","hentry","category-sector-valles-oriental"],"yoast_head":"<!-- This site is optimized with the Yoast SEO plugin v27.4 - https:\/\/yoast.com\/product\/yoast-seo-wordpress\/ -->\n<title>El Sector Vall\u00e8s Oriental comen\u00e7a el curs amb l\u2019AGO! - Esplac<\/title>\n<meta name=\"description\" content=\"Les monitores i monitors del Sector Vall\u00e8s Oriental ja han planificat el curs 2023-24 i estan llestes per engegar motors.\" \/>\n<meta name=\"robots\" content=\"index, follow, max-snippet:-1, max-image-preview:large, max-video-preview:-1\" \/>\n<link rel=\"canonical\" href=\"https:\/\/www.esplac.cat\/sector-valles-oriental-comenca-curs-ago\/\" \/>\n<meta property=\"og:locale\" content=\"en_US\" \/>\n<meta property=\"og:type\" content=\"article\" \/>\n<meta property=\"og:title\" content=\"El Sector Vall\u00e8s Oriental comen\u00e7a el curs amb l\u2019AGO! - Esplac\" \/>\n<meta property=\"og:description\" content=\"Les monitores i monitors del Sector Vall\u00e8s Oriental ja han planificat el curs 2023-24 i estan llestes per engegar motors.\" \/>\n<meta property=\"og:url\" content=\"https:\/\/www.esplac.cat\/sector-valles-oriental-comenca-curs-ago\/\" \/>\n<meta property=\"og:site_name\" content=\"Esplac\" \/>\n<meta property=\"article:published_time\" content=\"2023-10-20T08:20:08+00:00\" \/>\n<meta property=\"article:modified_time\" content=\"2023-10-20T08:23:17+00:00\" \/>\n<meta property=\"og:image\" content=\"https:\/\/www.esplac.cat\/wp-content\/uploads\/2023\/10\/Portades-Web-2-1.jpg\" \/>\n\t<meta property=\"og:image:width\" content=\"1697\" \/>\n\t<meta property=\"og:image:height\" content=\"700\" \/>\n\t<meta property=\"og:image:type\" content=\"image\/jpeg\" \/>\n<meta name=\"author\" content=\"Comunicaci\u00f3 Esplac\" \/>\n<meta name=\"twitter:card\" content=\"summary_large_image\" \/>\n<meta name=\"twitter:label1\" content=\"Written by\" \/>\n\t<meta name=\"twitter:data1\" content=\"Comunicaci\u00f3 Esplac\" \/>\n\t<meta name=\"twitter:label2\" content=\"Est. reading time\" \/>\n\t<meta name=\"twitter:data2\" content=\"2 minutes\" \/>\n<script type=\"application\/ld+json\" class=\"yoast-schema-graph\">{\"@context\":\"https:\\\/\\\/schema.org\",\"@graph\":[{\"@type\":\"Article\",\"@id\":\"https:\\\/\\\/www.esplac.cat\\\/sector-valles-oriental-comenca-curs-ago\\\/#article\",\"isPartOf\":{\"@id\":\"https:\\\/\\\/www.esplac.cat\\\/sector-valles-oriental-comenca-curs-ago\\\/\"},\"author\":{\"name\":\"Comunicaci\u00f3 Esplac\",\"@id\":\"https:\\\/\\\/www.esplac.cat\\\/#\\\/schema\\\/person\\\/908383cf240be18b68f8855d0583faca\"},\"headline\":\"El Sector Vall\u00e8s Oriental comen\u00e7a el curs amb l\u2019AGO!\",\"datePublished\":\"2023-10-20T08:20:08+00:00\",\"dateModified\":\"2023-10-20T08:23:17+00:00\",\"mainEntityOfPage\":{\"@id\":\"https:\\\/\\\/www.esplac.cat\\\/sector-valles-oriental-comenca-curs-ago\\\/\"},\"wordCount\":234,\"publisher\":{\"@id\":\"https:\\\/\\\/www.esplac.cat\\\/#organization\"},\"image\":{\"@id\":\"https:\\\/\\\/www.esplac.cat\\\/sector-valles-oriental-comenca-curs-ago\\\/#primaryimage\"},\"thumbnailUrl\":\"https:\\\/\\\/www.esplac.cat\\\/wp-content\\\/uploads\\\/2023\\\/10\\\/Portades-Web-2-1.jpg\",\"articleSection\":[\"Sector Vall\u00e8s Oriental\"],\"inLanguage\":\"en-US\"},{\"@type\":\"WebPage\",\"@id\":\"https:\\\/\\\/www.esplac.cat\\\/sector-valles-oriental-comenca-curs-ago\\\/\",\"url\":\"https:\\\/\\\/www.esplac.cat\\\/sector-valles-oriental-comenca-curs-ago\\\/\",\"name\":\"El Sector Vall\u00e8s Oriental comen\u00e7a el curs amb l\u2019AGO! - Esplac\",\"isPartOf\":{\"@id\":\"https:\\\/\\\/www.esplac.cat\\\/#website\"},\"primaryImageOfPage\":{\"@id\":\"https:\\\/\\\/www.esplac.cat\\\/sector-valles-oriental-comenca-curs-ago\\\/#primaryimage\"},\"image\":{\"@id\":\"https:\\\/\\\/www.esplac.cat\\\/sector-valles-oriental-comenca-curs-ago\\\/#primaryimage\"},\"thumbnailUrl\":\"https:\\\/\\\/www.esplac.cat\\\/wp-content\\\/uploads\\\/2023\\\/10\\\/Portades-Web-2-1.jpg\",\"datePublished\":\"2023-10-20T08:20:08+00:00\",\"dateModified\":\"2023-10-20T08:23:17+00:00\",\"description\":\"Les monitores i monitors del Sector Vall\u00e8s Oriental ja han planificat el curs 2023-24 i estan llestes per engegar motors.\",\"breadcrumb\":{\"@id\":\"https:\\\/\\\/www.esplac.cat\\\/sector-valles-oriental-comenca-curs-ago\\\/#breadcrumb\"},\"inLanguage\":\"en-US\",\"potentialAction\":[{\"@type\":\"ReadAction\",\"target\":[\"https:\\\/\\\/www.esplac.cat\\\/sector-valles-oriental-comenca-curs-ago\\\/\"]}]},{\"@type\":\"ImageObject\",\"inLanguage\":\"en-US\",\"@id\":\"https:\\\/\\\/www.esplac.cat\\\/sector-valles-oriental-comenca-curs-ago\\\/#primaryimage\",\"url\":\"https:\\\/\\\/www.esplac.cat\\\/wp-content\\\/uploads\\\/2023\\\/10\\\/Portades-Web-2-1.jpg\",\"contentUrl\":\"https:\\\/\\\/www.esplac.cat\\\/wp-content\\\/uploads\\\/2023\\\/10\\\/Portades-Web-2-1.jpg\",\"width\":1697,\"height\":700,\"caption\":\"Sector Vall\u00e8s Oriental\"},{\"@type\":\"BreadcrumbList\",\"@id\":\"https:\\\/\\\/www.esplac.cat\\\/sector-valles-oriental-comenca-curs-ago\\\/#breadcrumb\",\"itemListElement\":[{\"@type\":\"ListItem\",\"position\":1,\"name\":\"Inici\",\"item\":\"https:\\\/\\\/www.esplac.cat\\\/en\\\/\"},{\"@type\":\"ListItem\",\"position\":2,\"name\":\"El Sector Vall\u00e8s Oriental comen\u00e7a el curs amb l\u2019AGO!\"}]},{\"@type\":\"WebSite\",\"@id\":\"https:\\\/\\\/www.esplac.cat\\\/#website\",\"url\":\"https:\\\/\\\/www.esplac.cat\\\/\",\"name\":\"Esplac\",\"description\":\"Esplais Catalans\",\"publisher\":{\"@id\":\"https:\\\/\\\/www.esplac.cat\\\/#organization\"},\"potentialAction\":[{\"@type\":\"SearchAction\",\"target\":{\"@type\":\"EntryPoint\",\"urlTemplate\":\"https:\\\/\\\/www.esplac.cat\\\/?s={search_term_string}\"},\"query-input\":{\"@type\":\"PropertyValueSpecification\",\"valueRequired\":true,\"valueName\":\"search_term_string\"}}],\"inLanguage\":\"en-US\"},{\"@type\":\"Organization\",\"@id\":\"https:\\\/\\\/www.esplac.cat\\\/#organization\",\"name\":\"Esplac\",\"url\":\"https:\\\/\\\/www.esplac.cat\\\/\",\"logo\":{\"@type\":\"ImageObject\",\"inLanguage\":\"en-US\",\"@id\":\"https:\\\/\\\/www.esplac.cat\\\/#\\\/schema\\\/logo\\\/image\\\/\",\"url\":\"https:\\\/\\\/www.esplac.cat\\\/wp-content\\\/uploads\\\/2019\\\/08\\\/logox2.png\",\"contentUrl\":\"https:\\\/\\\/www.esplac.cat\\\/wp-content\\\/uploads\\\/2019\\\/08\\\/logox2.png\",\"width\":600,\"height\":295,\"caption\":\"Esplac\"},\"image\":{\"@id\":\"https:\\\/\\\/www.esplac.cat\\\/#\\\/schema\\\/logo\\\/image\\\/\"}},{\"@type\":\"Person\",\"@id\":\"https:\\\/\\\/www.esplac.cat\\\/#\\\/schema\\\/person\\\/908383cf240be18b68f8855d0583faca\",\"name\":\"Comunicaci\u00f3 Esplac\",\"image\":{\"@type\":\"ImageObject\",\"inLanguage\":\"en-US\",\"@id\":\"https:\\\/\\\/secure.gravatar.com\\\/avatar\\\/7a4cf8feb412a76ea4a740ca02d95b06b2907b5a6c648c2dd0a1082a093c3141?s=96&d=mm&r=g\",\"url\":\"https:\\\/\\\/secure.gravatar.com\\\/avatar\\\/7a4cf8feb412a76ea4a740ca02d95b06b2907b5a6c648c2dd0a1082a093c3141?s=96&d=mm&r=g\",\"contentUrl\":\"https:\\\/\\\/secure.gravatar.com\\\/avatar\\\/7a4cf8feb412a76ea4a740ca02d95b06b2907b5a6c648c2dd0a1082a093c3141?s=96&d=mm&r=g\",\"caption\":\"Comunicaci\u00f3 Esplac\"}}]}<\/script>\n<!-- \/ Yoast SEO plugin. -->","yoast_head_json":{"title":"El Sector Vall\u00e8s Oriental comen\u00e7a el curs amb l\u2019AGO! - Esplac","description":"Les monitores i monitors del Sector Vall\u00e8s Oriental ja han planificat el curs 2023-24 i estan llestes per engegar motors.","robots":{"index":"index","follow":"follow","max-snippet":"max-snippet:-1","max-image-preview":"max-image-preview:large","max-video-preview":"max-video-preview:-1"},"canonical":"https:\/\/www.esplac.cat\/sector-valles-oriental-comenca-curs-ago\/","og_locale":"en_US","og_type":"article","og_title":"El Sector Vall\u00e8s Oriental comen\u00e7a el curs amb l\u2019AGO! - Esplac","og_description":"Les monitores i monitors del Sector Vall\u00e8s Oriental ja han planificat el curs 2023-24 i estan llestes per engegar motors.","og_url":"https:\/\/www.esplac.cat\/sector-valles-oriental-comenca-curs-ago\/","og_site_name":"Esplac","article_published_time":"2023-10-20T08:20:08+00:00","article_modified_time":"2023-10-20T08:23:17+00:00","og_image":[{"width":1697,"height":700,"url":"https:\/\/www.esplac.cat\/wp-content\/uploads\/2023\/10\/Portades-Web-2-1.jpg","type":"image\/jpeg"}],"author":"Comunicaci\u00f3 Esplac","twitter_card":"summary_large_image","twitter_misc":{"Written by":"Comunicaci\u00f3 Esplac","Est. reading time":"2 minutes"},"schema":{"@context":"https:\/\/schema.org","@graph":[{"@type":"Article","@id":"https:\/\/www.esplac.cat\/sector-valles-oriental-comenca-curs-ago\/#article","isPartOf":{"@id":"https:\/\/www.esplac.cat\/sector-valles-oriental-comenca-curs-ago\/"},"author":{"name":"Comunicaci\u00f3 Esplac","@id":"https:\/\/www.esplac.cat\/#\/schema\/person\/908383cf240be18b68f8855d0583faca"},"headline":"El Sector Vall\u00e8s Oriental comen\u00e7a el curs amb l\u2019AGO!","datePublished":"2023-10-20T08:20:08+00:00","dateModified":"2023-10-20T08:23:17+00:00","mainEntityOfPage":{"@id":"https:\/\/www.esplac.cat\/sector-valles-oriental-comenca-curs-ago\/"},"wordCount":234,"publisher":{"@id":"https:\/\/www.esplac.cat\/#organization"},"image":{"@id":"https:\/\/www.esplac.cat\/sector-valles-oriental-comenca-curs-ago\/#primaryimage"},"thumbnailUrl":"https:\/\/www.esplac.cat\/wp-content\/uploads\/2023\/10\/Portades-Web-2-1.jpg","articleSection":["Sector Vall\u00e8s Oriental"],"inLanguage":"en-US"},{"@type":"WebPage","@id":"https:\/\/www.esplac.cat\/sector-valles-oriental-comenca-curs-ago\/","url":"https:\/\/www.esplac.cat\/sector-valles-oriental-comenca-curs-ago\/","name":"El Sector Vall\u00e8s Oriental comen\u00e7a el curs amb l\u2019AGO! - Esplac","isPartOf":{"@id":"https:\/\/www.esplac.cat\/#website"},"primaryImageOfPage":{"@id":"https:\/\/www.esplac.cat\/sector-valles-oriental-comenca-curs-ago\/#primaryimage"},"image":{"@id":"https:\/\/www.esplac.cat\/sector-valles-oriental-comenca-curs-ago\/#primaryimage"},"thumbnailUrl":"https:\/\/www.esplac.cat\/wp-content\/uploads\/2023\/10\/Portades-Web-2-1.jpg","datePublished":"2023-10-20T08:20:08+00:00","dateModified":"2023-10-20T08:23:17+00:00","description":"Les monitores i monitors del Sector Vall\u00e8s Oriental ja han planificat el curs 2023-24 i estan llestes per engegar motors.","breadcrumb":{"@id":"https:\/\/www.esplac.cat\/sector-valles-oriental-comenca-curs-ago\/#breadcrumb"},"inLanguage":"en-US","potentialAction":[{"@type":"ReadAction","target":["https:\/\/www.esplac.cat\/sector-valles-oriental-comenca-curs-ago\/"]}]},{"@type":"ImageObject","inLanguage":"en-US","@id":"https:\/\/www.esplac.cat\/sector-valles-oriental-comenca-curs-ago\/#primaryimage","url":"https:\/\/www.esplac.cat\/wp-content\/uploads\/2023\/10\/Portades-Web-2-1.jpg","contentUrl":"https:\/\/www.esplac.cat\/wp-content\/uploads\/2023\/10\/Portades-Web-2-1.jpg","width":1697,"height":700,"caption":"Sector Vall\u00e8s Oriental"},{"@type":"BreadcrumbList","@id":"https:\/\/www.esplac.cat\/sector-valles-oriental-comenca-curs-ago\/#breadcrumb","itemListElement":[{"@type":"ListItem","position":1,"name":"Inici","item":"https:\/\/www.esplac.cat\/en\/"},{"@type":"ListItem","position":2,"name":"El Sector Vall\u00e8s Oriental comen\u00e7a el curs amb l\u2019AGO!"}]},{"@type":"WebSite","@id":"https:\/\/www.esplac.cat\/#website","url":"https:\/\/www.esplac.cat\/","name":"Esplac","description":"Esplais Catalans","publisher":{"@id":"https:\/\/www.esplac.cat\/#organization"},"potentialAction":[{"@type":"SearchAction","target":{"@type":"EntryPoint","urlTemplate":"https:\/\/www.esplac.cat\/?s={search_term_string}"},"query-input":{"@type":"PropertyValueSpecification","valueRequired":true,"valueName":"search_term_string"}}],"inLanguage":"en-US"},{"@type":"Organization","@id":"https:\/\/www.esplac.cat\/#organization","name":"Esplac","url":"https:\/\/www.esplac.cat\/","logo":{"@type":"ImageObject","inLanguage":"en-US","@id":"https:\/\/www.esplac.cat\/#\/schema\/logo\/image\/","url":"https:\/\/www.esplac.cat\/wp-content\/uploads\/2019\/08\/logox2.png","contentUrl":"https:\/\/www.esplac.cat\/wp-content\/uploads\/2019\/08\/logox2.png","width":600,"height":295,"caption":"Esplac"},"image":{"@id":"https:\/\/www.esplac.cat\/#\/schema\/logo\/image\/"}},{"@type":"Person","@id":"https:\/\/www.esplac.cat\/#\/schema\/person\/908383cf240be18b68f8855d0583faca","name":"Comunicaci\u00f3 Esplac","image":{"@type":"ImageObject","inLanguage":"en-US","@id":"https:\/\/secure.gravatar.com\/avatar\/7a4cf8feb412a76ea4a740ca02d95b06b2907b5a6c648c2dd0a1082a093c3141?s=96&d=mm&r=g","url":"https:\/\/secure.gravatar.com\/avatar\/7a4cf8feb412a76ea4a740ca02d95b06b2907b5a6c648c2dd0a1082a093c3141?s=96&d=mm&r=g","contentUrl":"https:\/\/secure.gravatar.com\/avatar\/7a4cf8feb412a76ea4a740ca02d95b06b2907b5a6c648c2dd0a1082a093c3141?s=96&d=mm&r=g","caption":"Comunicaci\u00f3 Esplac"}}]}},"_links":{"self":[{"href":"https:\/\/www.esplac.cat\/en\/wp-json\/wp\/v2\/posts\/47885","targetHints":{"allow":["GET"]}}],"collection":[{"href":"https:\/\/www.esplac.cat\/en\/wp-json\/wp\/v2\/posts"}],"about":[{"href":"https:\/\/www.esplac.cat\/en\/wp-json\/wp\/v2\/types\/post"}],"author":[{"embeddable":true,"href":"https:\/\/www.esplac.cat\/en\/wp-json\/wp\/v2\/users\/3"}],"replies":[{"embeddable":true,"href":"https:\/\/www.esplac.cat\/en\/wp-json\/wp\/v2\/comments?post=47885"}],"version-history":[{"count":0,"href":"https:\/\/www.esplac.cat\/en\/wp-json\/wp\/v2\/posts\/47885\/revisions"}],"wp:featuredmedia":[{"embeddable":true,"href":"https:\/\/www.esplac.cat\/en\/wp-json\/wp\/v2\/media\/47887"}],"wp:attachment":[{"href":"https:\/\/www.esplac.cat\/en\/wp-json\/wp\/v2\/media?parent=47885"}],"wp:term":[{"taxonomy":"category","embeddable":true,"href":"https:\/\/www.esplac.cat\/en\/wp-json\/wp\/v2\/categories?post=47885"},{"taxonomy":"post_tag","embeddable":true,"href":"https:\/\/www.esplac.cat\/en\/wp-json\/wp\/v2\/tags?post=47885"}],"curies":[{"name":"wp","href":"https:\/\/api.w.org\/{rel}","templated":true}]}}