{"id":47935,"date":"2023-10-25T12:19:43","date_gmt":"2023-10-25T10:19:43","guid":{"rendered":"https:\/\/www.esplac.cat\/?p=47935"},"modified":"2023-11-03T13:06:18","modified_gmt":"2023-11-03T11:06:18","slug":"el-sector-barcelona-oest-celebra-lago-a-lespai-jove-fontana","status":"publish","type":"post","link":"https:\/\/www.esplac.cat\/en\/el-sector-barcelona-oest-celebra-lago-a-lespai-jove-fontana\/","title":{"rendered":"El Sector Barcelona Oest celebra l\u2019AGO a l\u2019Espai Jove Fontana"},"content":{"rendered":"<h6><span style=\"font-weight: 300;\"><b>El dijous 19 d\u2019octubre el Sector Barcelona Oest ha celebrat la seva primera Assemblea General Ordin\u00e0ria (AGO) de sector, on hi han participat 4 esplais.<\/b><\/span><\/h6>\n<p>L\u2019Assemblea s\u2019ha dut a terme a l\u2019<span style=\"color: #f69d0b;\"><strong><a style=\"color: #f69d0b;\" href=\"https:\/\/lafontana.org\/\" target=\"_blank\" rel=\"noopener\">Espai Jove Fontana<\/a><\/strong><\/span>, espai utilitzat per l\u2019esplai Espurna de Gr\u00e0cia i Matinada-P\u00f2rtics, situat a Gr\u00e0cia, i ha comptat amb la participaci\u00f3 d\u2019una desena <span style=\"font-weight: 300;\">monitores i monitors referents dels esplais de Barcelona Oest, l\u2019Equip General de Sector, la Coordinadora de Projectes de Sector i el Pau Casanovas com a representant de l\u2019Equip de Coordinaci\u00f3 d\u2019Esplac.\u00a0<\/span><\/p>\n<p>Per primera vegada, el <span style=\"color: #f69d0b;\"><strong><a style=\"color: #f69d0b;\" href=\"https:\/\/www.esplac.cat\/sectors-geografics\/barcelona-oest\/\" target=\"_blank\" rel=\"noopener\">Sector Barcelona Oest<\/a><\/strong><\/span> celebrava l\u2019AGO d\u2019inici de curs com a sector separat de la resta, just un any despr\u00e9s de l\u2019\u00faltima AGO de Barcelona conjunta, en la qual es va aprovar la seva separaci\u00f3.<\/p>\n<p>L\u2019assemblea d\u2019enguany ha aprovat el <strong>Pla de Treball del curs 2023-24<\/strong>, amb les activitats de sector que es duran a terme, aix\u00ed com la <strong>mem\u00f2ria del curs passat.<\/strong> Pel que fa a les activitats d\u2019aquest curs que encetem, s\u2019ha recuperat la <strong>trobada de referents<\/strong>, celebrada el mateix dia de l\u2019AGO i s\u2019est\u00e0 replantejant el format de la <strong>Konjuntivitits<\/strong> per adequar-la millor a les necessitats del sector.<\/p>\n<p>En les pr\u00f2ximes reunions de sector, previsiblement de cara al gener o febrer, se celebrar\u00e0 l\u2019<strong>Assemblea General Extraordin\u00e0ria<\/strong> del sector en qu\u00e8 es votar\u00e0 el Pressupost del curs 2023-24.<\/p>\n","protected":false},"excerpt":{"rendered":"<p>El dijous 19 d\u2019octubre el Sector Barcelona Oest ha celebrat [&hellip;]<\/p>\n","protected":false},"author":3,"featured_media":47936,"comment_status":"closed","ping_status":"closed","sticky":false,"template":"","format":"standard","meta":{"om_disable_all_campaigns":false,"_monsterinsights_skip_tracking":false,"_monsterinsights_sitenote_active":false,"_monsterinsights_sitenote_note":"","_monsterinsights_sitenote_category":0,"_uf_show_specific_survey":0,"_uf_disable_surveys":false,"footnotes":""},"categories":[1128,1399],"tags":[],"class_list":["post-47935","post","type-post","status-publish","format-standard","has-post-thumbnail","hentry","category-sector-barcelona","category-sector-barcelona-oest"],"yoast_head":"<!-- This site is optimized with the Yoast SEO plugin v27.4 - https:\/\/yoast.com\/product\/yoast-seo-wordpress\/ -->\n<title>El Sector Barcelona Oest celebra l\u2019AGO a l\u2019Espai Jove Fontana - Esplac<\/title>\n<meta name=\"description\" content=\"El dijous 19 d\u2019octubre el Sector Barcelona Oest ha celebrat la seva primera AGO de sector, on hi han participat 4 esplais.\" \/>\n<meta name=\"robots\" content=\"index, follow, max-snippet:-1, max-image-preview:large, max-video-preview:-1\" \/>\n<link rel=\"canonical\" href=\"https:\/\/www.esplac.cat\/el-sector-barcelona-oest-celebra-lago-a-lespai-jove-fontana\/\" \/>\n<meta property=\"og:locale\" content=\"en_US\" \/>\n<meta property=\"og:type\" content=\"article\" \/>\n<meta property=\"og:title\" content=\"El Sector Barcelona Oest celebra l\u2019AGO a l\u2019Espai Jove Fontana - Esplac\" \/>\n<meta property=\"og:description\" content=\"El dijous 19 d\u2019octubre el Sector Barcelona Oest ha celebrat la seva primera AGO de sector, on hi han participat 4 esplais.\" \/>\n<meta property=\"og:url\" content=\"https:\/\/www.esplac.cat\/el-sector-barcelona-oest-celebra-lago-a-lespai-jove-fontana\/\" \/>\n<meta property=\"og:site_name\" content=\"Esplac\" \/>\n<meta property=\"article:published_time\" content=\"2023-10-25T10:19:43+00:00\" \/>\n<meta property=\"article:modified_time\" content=\"2023-11-03T11:06:18+00:00\" \/>\n<meta property=\"og:image\" content=\"https:\/\/www.esplac.cat\/wp-content\/uploads\/2023\/10\/Portades-Web-6.jpg\" \/>\n\t<meta property=\"og:image:width\" content=\"1697\" \/>\n\t<meta property=\"og:image:height\" content=\"700\" \/>\n\t<meta property=\"og:image:type\" content=\"image\/jpeg\" \/>\n<meta name=\"author\" content=\"Comunicaci\u00f3 Esplac\" \/>\n<meta name=\"twitter:card\" content=\"summary_large_image\" \/>\n<meta name=\"twitter:label1\" content=\"Written by\" \/>\n\t<meta name=\"twitter:data1\" content=\"Comunicaci\u00f3 Esplac\" \/>\n\t<meta name=\"twitter:label2\" content=\"Est. reading time\" \/>\n\t<meta name=\"twitter:data2\" content=\"2 minutes\" \/>\n<script type=\"application\/ld+json\" class=\"yoast-schema-graph\">{\"@context\":\"https:\\\/\\\/schema.org\",\"@graph\":[{\"@type\":\"Article\",\"@id\":\"https:\\\/\\\/www.esplac.cat\\\/el-sector-barcelona-oest-celebra-lago-a-lespai-jove-fontana\\\/#article\",\"isPartOf\":{\"@id\":\"https:\\\/\\\/www.esplac.cat\\\/el-sector-barcelona-oest-celebra-lago-a-lespai-jove-fontana\\\/\"},\"author\":{\"name\":\"Comunicaci\u00f3 Esplac\",\"@id\":\"https:\\\/\\\/www.esplac.cat\\\/#\\\/schema\\\/person\\\/908383cf240be18b68f8855d0583faca\"},\"headline\":\"El Sector Barcelona Oest celebra l\u2019AGO a l\u2019Espai Jove Fontana\",\"datePublished\":\"2023-10-25T10:19:43+00:00\",\"dateModified\":\"2023-11-03T11:06:18+00:00\",\"mainEntityOfPage\":{\"@id\":\"https:\\\/\\\/www.esplac.cat\\\/el-sector-barcelona-oest-celebra-lago-a-lespai-jove-fontana\\\/\"},\"wordCount\":255,\"publisher\":{\"@id\":\"https:\\\/\\\/www.esplac.cat\\\/#organization\"},\"image\":{\"@id\":\"https:\\\/\\\/www.esplac.cat\\\/el-sector-barcelona-oest-celebra-lago-a-lespai-jove-fontana\\\/#primaryimage\"},\"thumbnailUrl\":\"https:\\\/\\\/www.esplac.cat\\\/wp-content\\\/uploads\\\/2023\\\/10\\\/Portades-Web-6.jpg\",\"articleSection\":[\"Sector Barcelona\",\"Sector Barcelona Oest\"],\"inLanguage\":\"en-US\"},{\"@type\":\"WebPage\",\"@id\":\"https:\\\/\\\/www.esplac.cat\\\/el-sector-barcelona-oest-celebra-lago-a-lespai-jove-fontana\\\/\",\"url\":\"https:\\\/\\\/www.esplac.cat\\\/el-sector-barcelona-oest-celebra-lago-a-lespai-jove-fontana\\\/\",\"name\":\"El Sector Barcelona Oest celebra l\u2019AGO a l\u2019Espai Jove Fontana - Esplac\",\"isPartOf\":{\"@id\":\"https:\\\/\\\/www.esplac.cat\\\/#website\"},\"primaryImageOfPage\":{\"@id\":\"https:\\\/\\\/www.esplac.cat\\\/el-sector-barcelona-oest-celebra-lago-a-lespai-jove-fontana\\\/#primaryimage\"},\"image\":{\"@id\":\"https:\\\/\\\/www.esplac.cat\\\/el-sector-barcelona-oest-celebra-lago-a-lespai-jove-fontana\\\/#primaryimage\"},\"thumbnailUrl\":\"https:\\\/\\\/www.esplac.cat\\\/wp-content\\\/uploads\\\/2023\\\/10\\\/Portades-Web-6.jpg\",\"datePublished\":\"2023-10-25T10:19:43+00:00\",\"dateModified\":\"2023-11-03T11:06:18+00:00\",\"description\":\"El dijous 19 d\u2019octubre el Sector Barcelona Oest ha celebrat la seva primera AGO de sector, on hi han participat 4 esplais.\",\"breadcrumb\":{\"@id\":\"https:\\\/\\\/www.esplac.cat\\\/el-sector-barcelona-oest-celebra-lago-a-lespai-jove-fontana\\\/#breadcrumb\"},\"inLanguage\":\"en-US\",\"potentialAction\":[{\"@type\":\"ReadAction\",\"target\":[\"https:\\\/\\\/www.esplac.cat\\\/el-sector-barcelona-oest-celebra-lago-a-lespai-jove-fontana\\\/\"]}]},{\"@type\":\"ImageObject\",\"inLanguage\":\"en-US\",\"@id\":\"https:\\\/\\\/www.esplac.cat\\\/el-sector-barcelona-oest-celebra-lago-a-lespai-jove-fontana\\\/#primaryimage\",\"url\":\"https:\\\/\\\/www.esplac.cat\\\/wp-content\\\/uploads\\\/2023\\\/10\\\/Portades-Web-6.jpg\",\"contentUrl\":\"https:\\\/\\\/www.esplac.cat\\\/wp-content\\\/uploads\\\/2023\\\/10\\\/Portades-Web-6.jpg\",\"width\":1697,\"height\":700,\"caption\":\"Sector Barcelona Oest\"},{\"@type\":\"BreadcrumbList\",\"@id\":\"https:\\\/\\\/www.esplac.cat\\\/el-sector-barcelona-oest-celebra-lago-a-lespai-jove-fontana\\\/#breadcrumb\",\"itemListElement\":[{\"@type\":\"ListItem\",\"position\":1,\"name\":\"Inici\",\"item\":\"https:\\\/\\\/www.esplac.cat\\\/en\\\/\"},{\"@type\":\"ListItem\",\"position\":2,\"name\":\"El Sector Barcelona Oest celebra l\u2019AGO a l\u2019Espai Jove Fontana\"}]},{\"@type\":\"WebSite\",\"@id\":\"https:\\\/\\\/www.esplac.cat\\\/#website\",\"url\":\"https:\\\/\\\/www.esplac.cat\\\/\",\"name\":\"Esplac\",\"description\":\"Esplais Catalans\",\"publisher\":{\"@id\":\"https:\\\/\\\/www.esplac.cat\\\/#organization\"},\"potentialAction\":[{\"@type\":\"SearchAction\",\"target\":{\"@type\":\"EntryPoint\",\"urlTemplate\":\"https:\\\/\\\/www.esplac.cat\\\/?s={search_term_string}\"},\"query-input\":{\"@type\":\"PropertyValueSpecification\",\"valueRequired\":true,\"valueName\":\"search_term_string\"}}],\"inLanguage\":\"en-US\"},{\"@type\":\"Organization\",\"@id\":\"https:\\\/\\\/www.esplac.cat\\\/#organization\",\"name\":\"Esplac\",\"url\":\"https:\\\/\\\/www.esplac.cat\\\/\",\"logo\":{\"@type\":\"ImageObject\",\"inLanguage\":\"en-US\",\"@id\":\"https:\\\/\\\/www.esplac.cat\\\/#\\\/schema\\\/logo\\\/image\\\/\",\"url\":\"https:\\\/\\\/www.esplac.cat\\\/wp-content\\\/uploads\\\/2019\\\/08\\\/logox2.png\",\"contentUrl\":\"https:\\\/\\\/www.esplac.cat\\\/wp-content\\\/uploads\\\/2019\\\/08\\\/logox2.png\",\"width\":600,\"height\":295,\"caption\":\"Esplac\"},\"image\":{\"@id\":\"https:\\\/\\\/www.esplac.cat\\\/#\\\/schema\\\/logo\\\/image\\\/\"}},{\"@type\":\"Person\",\"@id\":\"https:\\\/\\\/www.esplac.cat\\\/#\\\/schema\\\/person\\\/908383cf240be18b68f8855d0583faca\",\"name\":\"Comunicaci\u00f3 Esplac\",\"image\":{\"@type\":\"ImageObject\",\"inLanguage\":\"en-US\",\"@id\":\"https:\\\/\\\/secure.gravatar.com\\\/avatar\\\/7a4cf8feb412a76ea4a740ca02d95b06b2907b5a6c648c2dd0a1082a093c3141?s=96&d=mm&r=g\",\"url\":\"https:\\\/\\\/secure.gravatar.com\\\/avatar\\\/7a4cf8feb412a76ea4a740ca02d95b06b2907b5a6c648c2dd0a1082a093c3141?s=96&d=mm&r=g\",\"contentUrl\":\"https:\\\/\\\/secure.gravatar.com\\\/avatar\\\/7a4cf8feb412a76ea4a740ca02d95b06b2907b5a6c648c2dd0a1082a093c3141?s=96&d=mm&r=g\",\"caption\":\"Comunicaci\u00f3 Esplac\"}}]}<\/script>\n<!-- \/ Yoast SEO plugin. -->","yoast_head_json":{"title":"El Sector Barcelona Oest celebra l\u2019AGO a l\u2019Espai Jove Fontana - Esplac","description":"El dijous 19 d\u2019octubre el Sector Barcelona Oest ha celebrat la seva primera AGO de sector, on hi han participat 4 esplais.","robots":{"index":"index","follow":"follow","max-snippet":"max-snippet:-1","max-image-preview":"max-image-preview:large","max-video-preview":"max-video-preview:-1"},"canonical":"https:\/\/www.esplac.cat\/el-sector-barcelona-oest-celebra-lago-a-lespai-jove-fontana\/","og_locale":"en_US","og_type":"article","og_title":"El Sector Barcelona Oest celebra l\u2019AGO a l\u2019Espai Jove Fontana - Esplac","og_description":"El dijous 19 d\u2019octubre el Sector Barcelona Oest ha celebrat la seva primera AGO de sector, on hi han participat 4 esplais.","og_url":"https:\/\/www.esplac.cat\/el-sector-barcelona-oest-celebra-lago-a-lespai-jove-fontana\/","og_site_name":"Esplac","article_published_time":"2023-10-25T10:19:43+00:00","article_modified_time":"2023-11-03T11:06:18+00:00","og_image":[{"width":1697,"height":700,"url":"https:\/\/www.esplac.cat\/wp-content\/uploads\/2023\/10\/Portades-Web-6.jpg","type":"image\/jpeg"}],"author":"Comunicaci\u00f3 Esplac","twitter_card":"summary_large_image","twitter_misc":{"Written by":"Comunicaci\u00f3 Esplac","Est. reading time":"2 minutes"},"schema":{"@context":"https:\/\/schema.org","@graph":[{"@type":"Article","@id":"https:\/\/www.esplac.cat\/el-sector-barcelona-oest-celebra-lago-a-lespai-jove-fontana\/#article","isPartOf":{"@id":"https:\/\/www.esplac.cat\/el-sector-barcelona-oest-celebra-lago-a-lespai-jove-fontana\/"},"author":{"name":"Comunicaci\u00f3 Esplac","@id":"https:\/\/www.esplac.cat\/#\/schema\/person\/908383cf240be18b68f8855d0583faca"},"headline":"El Sector Barcelona Oest celebra l\u2019AGO a l\u2019Espai Jove Fontana","datePublished":"2023-10-25T10:19:43+00:00","dateModified":"2023-11-03T11:06:18+00:00","mainEntityOfPage":{"@id":"https:\/\/www.esplac.cat\/el-sector-barcelona-oest-celebra-lago-a-lespai-jove-fontana\/"},"wordCount":255,"publisher":{"@id":"https:\/\/www.esplac.cat\/#organization"},"image":{"@id":"https:\/\/www.esplac.cat\/el-sector-barcelona-oest-celebra-lago-a-lespai-jove-fontana\/#primaryimage"},"thumbnailUrl":"https:\/\/www.esplac.cat\/wp-content\/uploads\/2023\/10\/Portades-Web-6.jpg","articleSection":["Sector Barcelona","Sector Barcelona Oest"],"inLanguage":"en-US"},{"@type":"WebPage","@id":"https:\/\/www.esplac.cat\/el-sector-barcelona-oest-celebra-lago-a-lespai-jove-fontana\/","url":"https:\/\/www.esplac.cat\/el-sector-barcelona-oest-celebra-lago-a-lespai-jove-fontana\/","name":"El Sector Barcelona Oest celebra l\u2019AGO a l\u2019Espai Jove Fontana - Esplac","isPartOf":{"@id":"https:\/\/www.esplac.cat\/#website"},"primaryImageOfPage":{"@id":"https:\/\/www.esplac.cat\/el-sector-barcelona-oest-celebra-lago-a-lespai-jove-fontana\/#primaryimage"},"image":{"@id":"https:\/\/www.esplac.cat\/el-sector-barcelona-oest-celebra-lago-a-lespai-jove-fontana\/#primaryimage"},"thumbnailUrl":"https:\/\/www.esplac.cat\/wp-content\/uploads\/2023\/10\/Portades-Web-6.jpg","datePublished":"2023-10-25T10:19:43+00:00","dateModified":"2023-11-03T11:06:18+00:00","description":"El dijous 19 d\u2019octubre el Sector Barcelona Oest ha celebrat la seva primera AGO de sector, on hi han participat 4 esplais.","breadcrumb":{"@id":"https:\/\/www.esplac.cat\/el-sector-barcelona-oest-celebra-lago-a-lespai-jove-fontana\/#breadcrumb"},"inLanguage":"en-US","potentialAction":[{"@type":"ReadAction","target":["https:\/\/www.esplac.cat\/el-sector-barcelona-oest-celebra-lago-a-lespai-jove-fontana\/"]}]},{"@type":"ImageObject","inLanguage":"en-US","@id":"https:\/\/www.esplac.cat\/el-sector-barcelona-oest-celebra-lago-a-lespai-jove-fontana\/#primaryimage","url":"https:\/\/www.esplac.cat\/wp-content\/uploads\/2023\/10\/Portades-Web-6.jpg","contentUrl":"https:\/\/www.esplac.cat\/wp-content\/uploads\/2023\/10\/Portades-Web-6.jpg","width":1697,"height":700,"caption":"Sector Barcelona Oest"},{"@type":"BreadcrumbList","@id":"https:\/\/www.esplac.cat\/el-sector-barcelona-oest-celebra-lago-a-lespai-jove-fontana\/#breadcrumb","itemListElement":[{"@type":"ListItem","position":1,"name":"Inici","item":"https:\/\/www.esplac.cat\/en\/"},{"@type":"ListItem","position":2,"name":"El Sector Barcelona Oest celebra l\u2019AGO a l\u2019Espai Jove Fontana"}]},{"@type":"WebSite","@id":"https:\/\/www.esplac.cat\/#website","url":"https:\/\/www.esplac.cat\/","name":"Esplac","description":"Esplais Catalans","publisher":{"@id":"https:\/\/www.esplac.cat\/#organization"},"potentialAction":[{"@type":"SearchAction","target":{"@type":"EntryPoint","urlTemplate":"https:\/\/www.esplac.cat\/?s={search_term_string}"},"query-input":{"@type":"PropertyValueSpecification","valueRequired":true,"valueName":"search_term_string"}}],"inLanguage":"en-US"},{"@type":"Organization","@id":"https:\/\/www.esplac.cat\/#organization","name":"Esplac","url":"https:\/\/www.esplac.cat\/","logo":{"@type":"ImageObject","inLanguage":"en-US","@id":"https:\/\/www.esplac.cat\/#\/schema\/logo\/image\/","url":"https:\/\/www.esplac.cat\/wp-content\/uploads\/2019\/08\/logox2.png","contentUrl":"https:\/\/www.esplac.cat\/wp-content\/uploads\/2019\/08\/logox2.png","width":600,"height":295,"caption":"Esplac"},"image":{"@id":"https:\/\/www.esplac.cat\/#\/schema\/logo\/image\/"}},{"@type":"Person","@id":"https:\/\/www.esplac.cat\/#\/schema\/person\/908383cf240be18b68f8855d0583faca","name":"Comunicaci\u00f3 Esplac","image":{"@type":"ImageObject","inLanguage":"en-US","@id":"https:\/\/secure.gravatar.com\/avatar\/7a4cf8feb412a76ea4a740ca02d95b06b2907b5a6c648c2dd0a1082a093c3141?s=96&d=mm&r=g","url":"https:\/\/secure.gravatar.com\/avatar\/7a4cf8feb412a76ea4a740ca02d95b06b2907b5a6c648c2dd0a1082a093c3141?s=96&d=mm&r=g","contentUrl":"https:\/\/secure.gravatar.com\/avatar\/7a4cf8feb412a76ea4a740ca02d95b06b2907b5a6c648c2dd0a1082a093c3141?s=96&d=mm&r=g","caption":"Comunicaci\u00f3 Esplac"}}]}},"_links":{"self":[{"href":"https:\/\/www.esplac.cat\/en\/wp-json\/wp\/v2\/posts\/47935","targetHints":{"allow":["GET"]}}],"collection":[{"href":"https:\/\/www.esplac.cat\/en\/wp-json\/wp\/v2\/posts"}],"about":[{"href":"https:\/\/www.esplac.cat\/en\/wp-json\/wp\/v2\/types\/post"}],"author":[{"embeddable":true,"href":"https:\/\/www.esplac.cat\/en\/wp-json\/wp\/v2\/users\/3"}],"replies":[{"embeddable":true,"href":"https:\/\/www.esplac.cat\/en\/wp-json\/wp\/v2\/comments?post=47935"}],"version-history":[{"count":0,"href":"https:\/\/www.esplac.cat\/en\/wp-json\/wp\/v2\/posts\/47935\/revisions"}],"wp:featuredmedia":[{"embeddable":true,"href":"https:\/\/www.esplac.cat\/en\/wp-json\/wp\/v2\/media\/47936"}],"wp:attachment":[{"href":"https:\/\/www.esplac.cat\/en\/wp-json\/wp\/v2\/media?parent=47935"}],"wp:term":[{"taxonomy":"category","embeddable":true,"href":"https:\/\/www.esplac.cat\/en\/wp-json\/wp\/v2\/categories?post=47935"},{"taxonomy":"post_tag","embeddable":true,"href":"https:\/\/www.esplac.cat\/en\/wp-json\/wp\/v2\/tags?post=47935"}],"curies":[{"name":"wp","href":"https:\/\/api.w.org\/{rel}","templated":true}]}}