{"id":47941,"date":"2023-10-26T09:40:40","date_gmt":"2023-10-26T07:40:40","guid":{"rendered":"https:\/\/www.esplac.cat\/?p=47941"},"modified":"2023-10-26T09:40:40","modified_gmt":"2023-10-26T07:40:40","slug":"sector-valles-occidental-celebra-ago-record-participacio","status":"publish","type":"post","link":"https:\/\/www.esplac.cat\/en\/sector-valles-occidental-celebra-ago-record-participacio\/","title":{"rendered":"El Sector Vall\u00e8s Occidental celebra l\u2019AGO amb un r\u00e8cord de participaci\u00f3!"},"content":{"rendered":"<h6><strong>El dimecres 18 d\u2019octubre el Sector Vall\u00e8s Occidental va celebrar la seva AGO a Terrassa, on va aprovar la incorporaci\u00f3 de dues noves persones a l\u2019Equip General de Sector.\u00a0<\/strong><\/h6>\n<h4><span style=\"font-weight: 400;\">L\u2019Assemblea va reunir a m\u00e9s de 30 monitores i monitors de tots els esplais del <span style=\"color: #f69d0b;\"><strong><a style=\"color: #f69d0b;\" href=\"https:\/\/www.esplac.cat\/sectors-geografics\/valles-occidental\/\" target=\"_blank\" rel=\"noopener\">Sector Vall\u00e8s Occidental<\/a><\/strong><\/span> al local de l\u2019<span style=\"color: #f69d0b;\"><strong><a style=\"color: #f69d0b;\" href=\"https:\/\/esplailafera.wordpress.com\/\" target=\"_blank\" rel=\"noopener\">Esplai La Fera<\/a><\/strong>,<\/span> a la cocapital vallesana. En aquesta, es van votar els documents de la <strong>Mem\u00f2ria del curs passat<\/strong> i el <strong>Pla de Treball 2023-24<\/strong>. Tamb\u00e9 es van votar les <strong>candidatures a l\u2019EGS<\/strong>, al qual s\u2019han incorporat la Paula i la Judit.<\/span><\/h4>\n<h4><span style=\"font-weight: 400;\">Cal destacar l\u2019alta <strong>participaci\u00f3<\/strong> en aquesta AGO, en la qual han vingut referents dels 10 esplais que conformen el sector. Aquest fet ha carregat d\u2019energia el Vall\u00e8s Occidental,\u00a0<\/span><\/h4>\n<p><span style=\"font-weight: 300;\">A l&#8217;assemblea s\u2019han aprovat per unanimitat tant la Mem\u00f2ria de Sector del curs passat com el Pla de Treball del curs vinent, el qual mant\u00e9 les activitats centrals del sector com la <strong>Monitrobada<\/strong> i la <strong>TGS-TJ<\/strong>. L&#8217;objectiu \u00e9s seguir enfortint el vincle entre els esplais del sector i tamb\u00e9 amb Esplac.\u00a0<\/span><\/p>\n<p><span style=\"font-weight: 300;\">A l\u2019hora, l\u2019Equip General de Sector es renova amb la sortida de dues EGS i l\u2019entrada de dues m\u00e9s, que comencen el curs amb moltes ganes de representar el sector al Gran Comit\u00e8 i vetllar pel desenvolupament del sector.<\/span><span style=\"font-weight: 400;\">\u00a0<\/span><\/p>\n<h4><span style=\"font-weight: 400;\">L\u2019AGO del sector va ser precedida per la reuni\u00f3 de sector d\u2019octubre, en qu\u00e8 es van comen\u00e7ar a tancar temes com el <strong>Curs d\u2019Iniciaci\u00f3 al Monitoratge<\/strong>, aix\u00ed com la presentaci\u00f3 de la documentaci\u00f3 que es votar\u00e0 a l\u2019<strong>AGO d\u2019Esplac<\/strong> el pr\u00f2xim mes de desembre.<\/span><\/h4>\n","protected":false},"excerpt":{"rendered":"<p>El dimecres 18 d\u2019octubre el Sector Vall\u00e8s Occidental va celebrar [&hellip;]<\/p>\n","protected":false},"author":3,"featured_media":47942,"comment_status":"closed","ping_status":"closed","sticky":false,"template":"","format":"standard","meta":{"om_disable_all_campaigns":false,"_monsterinsights_skip_tracking":false,"_monsterinsights_sitenote_active":false,"_monsterinsights_sitenote_note":"","_monsterinsights_sitenote_category":0,"_uf_show_specific_survey":0,"_uf_disable_surveys":false,"footnotes":""},"categories":[1118],"tags":[],"class_list":["post-47941","post","type-post","status-publish","format-standard","has-post-thumbnail","hentry","category-sector-valles-occidental-activitats-sectors"],"yoast_head":"<!-- This site is optimized with the Yoast SEO plugin v27.5 - https:\/\/yoast.com\/product\/yoast-seo-wordpress\/ -->\n<title>El Sector Vall\u00e8s Occidental celebra l\u2019AGO!<\/title>\n<meta name=\"description\" content=\"El Sector Vall\u00e8s Occidental celebra la seva AGO a Terrassa, amb la participaci\u00f3 de tots els esplais del sector.\" \/>\n<meta name=\"robots\" content=\"index, follow, max-snippet:-1, max-image-preview:large, max-video-preview:-1\" \/>\n<link rel=\"canonical\" href=\"https:\/\/www.esplac.cat\/sector-valles-occidental-celebra-ago-record-participacio\/\" \/>\n<meta property=\"og:locale\" content=\"en_US\" \/>\n<meta property=\"og:type\" content=\"article\" \/>\n<meta property=\"og:title\" content=\"El Sector Vall\u00e8s Occidental celebra l\u2019AGO!\" \/>\n<meta property=\"og:description\" content=\"El Sector Vall\u00e8s Occidental celebra la seva AGO a Terrassa, amb la participaci\u00f3 de tots els esplais del sector.\" \/>\n<meta property=\"og:url\" content=\"https:\/\/www.esplac.cat\/sector-valles-occidental-celebra-ago-record-participacio\/\" \/>\n<meta property=\"og:site_name\" content=\"Esplac\" \/>\n<meta property=\"article:published_time\" content=\"2023-10-26T07:40:40+00:00\" \/>\n<meta property=\"og:image\" content=\"https:\/\/www.esplac.cat\/wp-content\/uploads\/2023\/10\/Portades-Web-7.jpg\" \/>\n\t<meta property=\"og:image:width\" content=\"1697\" \/>\n\t<meta property=\"og:image:height\" content=\"700\" \/>\n\t<meta property=\"og:image:type\" content=\"image\/jpeg\" \/>\n<meta name=\"author\" content=\"Comunicaci\u00f3 Esplac\" \/>\n<meta name=\"twitter:card\" content=\"summary_large_image\" \/>\n<meta name=\"twitter:label1\" content=\"Written by\" \/>\n\t<meta name=\"twitter:data1\" content=\"Comunicaci\u00f3 Esplac\" \/>\n\t<meta name=\"twitter:label2\" content=\"Est. reading time\" \/>\n\t<meta name=\"twitter:data2\" content=\"2 minutes\" \/>\n<script type=\"application\/ld+json\" class=\"yoast-schema-graph\">{\"@context\":\"https:\\\/\\\/schema.org\",\"@graph\":[{\"@type\":\"Article\",\"@id\":\"https:\\\/\\\/www.esplac.cat\\\/sector-valles-occidental-celebra-ago-record-participacio\\\/#article\",\"isPartOf\":{\"@id\":\"https:\\\/\\\/www.esplac.cat\\\/sector-valles-occidental-celebra-ago-record-participacio\\\/\"},\"author\":{\"name\":\"Comunicaci\u00f3 Esplac\",\"@id\":\"https:\\\/\\\/www.esplac.cat\\\/#\\\/schema\\\/person\\\/908383cf240be18b68f8855d0583faca\"},\"headline\":\"El Sector Vall\u00e8s Occidental celebra l\u2019AGO amb un r\u00e8cord de participaci\u00f3!\",\"datePublished\":\"2023-10-26T07:40:40+00:00\",\"mainEntityOfPage\":{\"@id\":\"https:\\\/\\\/www.esplac.cat\\\/sector-valles-occidental-celebra-ago-record-participacio\\\/\"},\"wordCount\":294,\"publisher\":{\"@id\":\"https:\\\/\\\/www.esplac.cat\\\/#organization\"},\"image\":{\"@id\":\"https:\\\/\\\/www.esplac.cat\\\/sector-valles-occidental-celebra-ago-record-participacio\\\/#primaryimage\"},\"thumbnailUrl\":\"https:\\\/\\\/www.esplac.cat\\\/wp-content\\\/uploads\\\/2023\\\/10\\\/Portades-Web-7.jpg\",\"articleSection\":[\"Sector Vall\u00e8s Occidental\"],\"inLanguage\":\"en-US\"},{\"@type\":\"WebPage\",\"@id\":\"https:\\\/\\\/www.esplac.cat\\\/sector-valles-occidental-celebra-ago-record-participacio\\\/\",\"url\":\"https:\\\/\\\/www.esplac.cat\\\/sector-valles-occidental-celebra-ago-record-participacio\\\/\",\"name\":\"El Sector Vall\u00e8s Occidental celebra l\u2019AGO!\",\"isPartOf\":{\"@id\":\"https:\\\/\\\/www.esplac.cat\\\/#website\"},\"primaryImageOfPage\":{\"@id\":\"https:\\\/\\\/www.esplac.cat\\\/sector-valles-occidental-celebra-ago-record-participacio\\\/#primaryimage\"},\"image\":{\"@id\":\"https:\\\/\\\/www.esplac.cat\\\/sector-valles-occidental-celebra-ago-record-participacio\\\/#primaryimage\"},\"thumbnailUrl\":\"https:\\\/\\\/www.esplac.cat\\\/wp-content\\\/uploads\\\/2023\\\/10\\\/Portades-Web-7.jpg\",\"datePublished\":\"2023-10-26T07:40:40+00:00\",\"description\":\"El Sector Vall\u00e8s Occidental celebra la seva AGO a Terrassa, amb la participaci\u00f3 de tots els esplais del sector.\",\"breadcrumb\":{\"@id\":\"https:\\\/\\\/www.esplac.cat\\\/sector-valles-occidental-celebra-ago-record-participacio\\\/#breadcrumb\"},\"inLanguage\":\"en-US\",\"potentialAction\":[{\"@type\":\"ReadAction\",\"target\":[\"https:\\\/\\\/www.esplac.cat\\\/sector-valles-occidental-celebra-ago-record-participacio\\\/\"]}]},{\"@type\":\"ImageObject\",\"inLanguage\":\"en-US\",\"@id\":\"https:\\\/\\\/www.esplac.cat\\\/sector-valles-occidental-celebra-ago-record-participacio\\\/#primaryimage\",\"url\":\"https:\\\/\\\/www.esplac.cat\\\/wp-content\\\/uploads\\\/2023\\\/10\\\/Portades-Web-7.jpg\",\"contentUrl\":\"https:\\\/\\\/www.esplac.cat\\\/wp-content\\\/uploads\\\/2023\\\/10\\\/Portades-Web-7.jpg\",\"width\":1697,\"height\":700,\"caption\":\"Sector Vall\u00e8s Occidental\"},{\"@type\":\"BreadcrumbList\",\"@id\":\"https:\\\/\\\/www.esplac.cat\\\/sector-valles-occidental-celebra-ago-record-participacio\\\/#breadcrumb\",\"itemListElement\":[{\"@type\":\"ListItem\",\"position\":1,\"name\":\"Inici\",\"item\":\"https:\\\/\\\/www.esplac.cat\\\/en\\\/\"},{\"@type\":\"ListItem\",\"position\":2,\"name\":\"El Sector Vall\u00e8s Occidental celebra l\u2019AGO amb un r\u00e8cord de participaci\u00f3!\"}]},{\"@type\":\"WebSite\",\"@id\":\"https:\\\/\\\/www.esplac.cat\\\/#website\",\"url\":\"https:\\\/\\\/www.esplac.cat\\\/\",\"name\":\"Esplac\",\"description\":\"Esplais Catalans\",\"publisher\":{\"@id\":\"https:\\\/\\\/www.esplac.cat\\\/#organization\"},\"potentialAction\":[{\"@type\":\"SearchAction\",\"target\":{\"@type\":\"EntryPoint\",\"urlTemplate\":\"https:\\\/\\\/www.esplac.cat\\\/?s={search_term_string}\"},\"query-input\":{\"@type\":\"PropertyValueSpecification\",\"valueRequired\":true,\"valueName\":\"search_term_string\"}}],\"inLanguage\":\"en-US\"},{\"@type\":\"Organization\",\"@id\":\"https:\\\/\\\/www.esplac.cat\\\/#organization\",\"name\":\"Esplac\",\"url\":\"https:\\\/\\\/www.esplac.cat\\\/\",\"logo\":{\"@type\":\"ImageObject\",\"inLanguage\":\"en-US\",\"@id\":\"https:\\\/\\\/www.esplac.cat\\\/#\\\/schema\\\/logo\\\/image\\\/\",\"url\":\"https:\\\/\\\/www.esplac.cat\\\/wp-content\\\/uploads\\\/2019\\\/08\\\/logox2.png\",\"contentUrl\":\"https:\\\/\\\/www.esplac.cat\\\/wp-content\\\/uploads\\\/2019\\\/08\\\/logox2.png\",\"width\":600,\"height\":295,\"caption\":\"Esplac\"},\"image\":{\"@id\":\"https:\\\/\\\/www.esplac.cat\\\/#\\\/schema\\\/logo\\\/image\\\/\"}},{\"@type\":\"Person\",\"@id\":\"https:\\\/\\\/www.esplac.cat\\\/#\\\/schema\\\/person\\\/908383cf240be18b68f8855d0583faca\",\"name\":\"Comunicaci\u00f3 Esplac\",\"image\":{\"@type\":\"ImageObject\",\"inLanguage\":\"en-US\",\"@id\":\"https:\\\/\\\/secure.gravatar.com\\\/avatar\\\/7a4cf8feb412a76ea4a740ca02d95b06b2907b5a6c648c2dd0a1082a093c3141?s=96&d=mm&r=g\",\"url\":\"https:\\\/\\\/secure.gravatar.com\\\/avatar\\\/7a4cf8feb412a76ea4a740ca02d95b06b2907b5a6c648c2dd0a1082a093c3141?s=96&d=mm&r=g\",\"contentUrl\":\"https:\\\/\\\/secure.gravatar.com\\\/avatar\\\/7a4cf8feb412a76ea4a740ca02d95b06b2907b5a6c648c2dd0a1082a093c3141?s=96&d=mm&r=g\",\"caption\":\"Comunicaci\u00f3 Esplac\"}}]}<\/script>\n<!-- \/ Yoast SEO plugin. -->","yoast_head_json":{"title":"El Sector Vall\u00e8s Occidental celebra l\u2019AGO!","description":"El Sector Vall\u00e8s Occidental celebra la seva AGO a Terrassa, amb la participaci\u00f3 de tots els esplais del sector.","robots":{"index":"index","follow":"follow","max-snippet":"max-snippet:-1","max-image-preview":"max-image-preview:large","max-video-preview":"max-video-preview:-1"},"canonical":"https:\/\/www.esplac.cat\/sector-valles-occidental-celebra-ago-record-participacio\/","og_locale":"en_US","og_type":"article","og_title":"El Sector Vall\u00e8s Occidental celebra l\u2019AGO!","og_description":"El Sector Vall\u00e8s Occidental celebra la seva AGO a Terrassa, amb la participaci\u00f3 de tots els esplais del sector.","og_url":"https:\/\/www.esplac.cat\/sector-valles-occidental-celebra-ago-record-participacio\/","og_site_name":"Esplac","article_published_time":"2023-10-26T07:40:40+00:00","og_image":[{"width":1697,"height":700,"url":"https:\/\/www.esplac.cat\/wp-content\/uploads\/2023\/10\/Portades-Web-7.jpg","type":"image\/jpeg"}],"author":"Comunicaci\u00f3 Esplac","twitter_card":"summary_large_image","twitter_misc":{"Written by":"Comunicaci\u00f3 Esplac","Est. reading time":"2 minutes"},"schema":{"@context":"https:\/\/schema.org","@graph":[{"@type":"Article","@id":"https:\/\/www.esplac.cat\/sector-valles-occidental-celebra-ago-record-participacio\/#article","isPartOf":{"@id":"https:\/\/www.esplac.cat\/sector-valles-occidental-celebra-ago-record-participacio\/"},"author":{"name":"Comunicaci\u00f3 Esplac","@id":"https:\/\/www.esplac.cat\/#\/schema\/person\/908383cf240be18b68f8855d0583faca"},"headline":"El Sector Vall\u00e8s Occidental celebra l\u2019AGO amb un r\u00e8cord de participaci\u00f3!","datePublished":"2023-10-26T07:40:40+00:00","mainEntityOfPage":{"@id":"https:\/\/www.esplac.cat\/sector-valles-occidental-celebra-ago-record-participacio\/"},"wordCount":294,"publisher":{"@id":"https:\/\/www.esplac.cat\/#organization"},"image":{"@id":"https:\/\/www.esplac.cat\/sector-valles-occidental-celebra-ago-record-participacio\/#primaryimage"},"thumbnailUrl":"https:\/\/www.esplac.cat\/wp-content\/uploads\/2023\/10\/Portades-Web-7.jpg","articleSection":["Sector Vall\u00e8s Occidental"],"inLanguage":"en-US"},{"@type":"WebPage","@id":"https:\/\/www.esplac.cat\/sector-valles-occidental-celebra-ago-record-participacio\/","url":"https:\/\/www.esplac.cat\/sector-valles-occidental-celebra-ago-record-participacio\/","name":"El Sector Vall\u00e8s Occidental celebra l\u2019AGO!","isPartOf":{"@id":"https:\/\/www.esplac.cat\/#website"},"primaryImageOfPage":{"@id":"https:\/\/www.esplac.cat\/sector-valles-occidental-celebra-ago-record-participacio\/#primaryimage"},"image":{"@id":"https:\/\/www.esplac.cat\/sector-valles-occidental-celebra-ago-record-participacio\/#primaryimage"},"thumbnailUrl":"https:\/\/www.esplac.cat\/wp-content\/uploads\/2023\/10\/Portades-Web-7.jpg","datePublished":"2023-10-26T07:40:40+00:00","description":"El Sector Vall\u00e8s Occidental celebra la seva AGO a Terrassa, amb la participaci\u00f3 de tots els esplais del sector.","breadcrumb":{"@id":"https:\/\/www.esplac.cat\/sector-valles-occidental-celebra-ago-record-participacio\/#breadcrumb"},"inLanguage":"en-US","potentialAction":[{"@type":"ReadAction","target":["https:\/\/www.esplac.cat\/sector-valles-occidental-celebra-ago-record-participacio\/"]}]},{"@type":"ImageObject","inLanguage":"en-US","@id":"https:\/\/www.esplac.cat\/sector-valles-occidental-celebra-ago-record-participacio\/#primaryimage","url":"https:\/\/www.esplac.cat\/wp-content\/uploads\/2023\/10\/Portades-Web-7.jpg","contentUrl":"https:\/\/www.esplac.cat\/wp-content\/uploads\/2023\/10\/Portades-Web-7.jpg","width":1697,"height":700,"caption":"Sector Vall\u00e8s Occidental"},{"@type":"BreadcrumbList","@id":"https:\/\/www.esplac.cat\/sector-valles-occidental-celebra-ago-record-participacio\/#breadcrumb","itemListElement":[{"@type":"ListItem","position":1,"name":"Inici","item":"https:\/\/www.esplac.cat\/en\/"},{"@type":"ListItem","position":2,"name":"El Sector Vall\u00e8s Occidental celebra l\u2019AGO amb un r\u00e8cord de participaci\u00f3!"}]},{"@type":"WebSite","@id":"https:\/\/www.esplac.cat\/#website","url":"https:\/\/www.esplac.cat\/","name":"Esplac","description":"Esplais Catalans","publisher":{"@id":"https:\/\/www.esplac.cat\/#organization"},"potentialAction":[{"@type":"SearchAction","target":{"@type":"EntryPoint","urlTemplate":"https:\/\/www.esplac.cat\/?s={search_term_string}"},"query-input":{"@type":"PropertyValueSpecification","valueRequired":true,"valueName":"search_term_string"}}],"inLanguage":"en-US"},{"@type":"Organization","@id":"https:\/\/www.esplac.cat\/#organization","name":"Esplac","url":"https:\/\/www.esplac.cat\/","logo":{"@type":"ImageObject","inLanguage":"en-US","@id":"https:\/\/www.esplac.cat\/#\/schema\/logo\/image\/","url":"https:\/\/www.esplac.cat\/wp-content\/uploads\/2019\/08\/logox2.png","contentUrl":"https:\/\/www.esplac.cat\/wp-content\/uploads\/2019\/08\/logox2.png","width":600,"height":295,"caption":"Esplac"},"image":{"@id":"https:\/\/www.esplac.cat\/#\/schema\/logo\/image\/"}},{"@type":"Person","@id":"https:\/\/www.esplac.cat\/#\/schema\/person\/908383cf240be18b68f8855d0583faca","name":"Comunicaci\u00f3 Esplac","image":{"@type":"ImageObject","inLanguage":"en-US","@id":"https:\/\/secure.gravatar.com\/avatar\/7a4cf8feb412a76ea4a740ca02d95b06b2907b5a6c648c2dd0a1082a093c3141?s=96&d=mm&r=g","url":"https:\/\/secure.gravatar.com\/avatar\/7a4cf8feb412a76ea4a740ca02d95b06b2907b5a6c648c2dd0a1082a093c3141?s=96&d=mm&r=g","contentUrl":"https:\/\/secure.gravatar.com\/avatar\/7a4cf8feb412a76ea4a740ca02d95b06b2907b5a6c648c2dd0a1082a093c3141?s=96&d=mm&r=g","caption":"Comunicaci\u00f3 Esplac"}}]}},"_links":{"self":[{"href":"https:\/\/www.esplac.cat\/en\/wp-json\/wp\/v2\/posts\/47941","targetHints":{"allow":["GET"]}}],"collection":[{"href":"https:\/\/www.esplac.cat\/en\/wp-json\/wp\/v2\/posts"}],"about":[{"href":"https:\/\/www.esplac.cat\/en\/wp-json\/wp\/v2\/types\/post"}],"author":[{"embeddable":true,"href":"https:\/\/www.esplac.cat\/en\/wp-json\/wp\/v2\/users\/3"}],"replies":[{"embeddable":true,"href":"https:\/\/www.esplac.cat\/en\/wp-json\/wp\/v2\/comments?post=47941"}],"version-history":[{"count":0,"href":"https:\/\/www.esplac.cat\/en\/wp-json\/wp\/v2\/posts\/47941\/revisions"}],"wp:featuredmedia":[{"embeddable":true,"href":"https:\/\/www.esplac.cat\/en\/wp-json\/wp\/v2\/media\/47942"}],"wp:attachment":[{"href":"https:\/\/www.esplac.cat\/en\/wp-json\/wp\/v2\/media?parent=47941"}],"wp:term":[{"taxonomy":"category","embeddable":true,"href":"https:\/\/www.esplac.cat\/en\/wp-json\/wp\/v2\/categories?post=47941"},{"taxonomy":"post_tag","embeddable":true,"href":"https:\/\/www.esplac.cat\/en\/wp-json\/wp\/v2\/tags?post=47941"}],"curies":[{"name":"wp","href":"https:\/\/api.w.org\/{rel}","templated":true}]}}