{"id":47958,"date":"2023-10-31T14:21:32","date_gmt":"2023-10-31T12:21:32","guid":{"rendered":"https:\/\/www.esplac.cat\/?p=47958"},"modified":"2023-10-31T14:25:14","modified_gmt":"2023-10-31T12:25:14","slug":"exit-participacio-trobada-monis-sector-barcelona-2","status":"publish","type":"post","link":"https:\/\/www.esplac.cat\/en\/exit-participacio-trobada-monis-sector-barcelona-2\/","title":{"rendered":"\u00c8xit de participaci\u00f3 a la Trobada de Monis del Sector Barcelona!"},"content":{"rendered":"<h6><b>La Trobada de Monis del Sector Barcelona ha reunit 290 monitores i monitors de m\u00e9s de 20 esplais diferents, seguint la tradici\u00f3 hist\u00f2rica d\u2019aquest esdeveniment.<\/b><\/h6>\n<p><span style=\"font-weight: 400;\">Un any m\u00e9s, la <strong>Trobada de Monis del Sector Barcelona<\/strong> ha sigut un \u00e8xit en tots els sentits. Aquesta \u00e9s una de les activitats amb m\u00e9s pes dins del sector i, com sempre, s\u2019ha fet conjuntament amb els tres sectors de Barcelona. La trobada s&#8217;ha celebrat el cap de setmana del 28 i 29 d\u2019octubre a <strong>Corr\u00f3 d\u2019Amunt<\/strong>, al terreny d\u2019acampada <span style=\"color: #f69d0b;\"><strong><a style=\"color: #f69d0b;\" href=\"https:\/\/www.decolonies.com\/casadecolonies\/capuxi\" target=\"_blank\" rel=\"noopener\">Can Puigoriol Xic<\/a><\/strong><\/span>.<\/span><\/p>\n<p><span style=\"font-weight: 400;\">La trobada s\u2019ha realitzat gr\u00e0cies a la preparaci\u00f3 pr\u00e8via per part de la comissi\u00f3, on hi han participat 20 monis d\u2019esplais diferents (tot un r\u00e8cord!). Al llarg de la preparaci\u00f3 s\u2019ha decidit quines formacions es volien fer i quines activitats de cohesi\u00f3 vertebrarien la trobada. Finalment s&#8217;han fet les seg\u00fcents <strong>formacions<\/strong>: Treball amb Fam\u00edlies, Masculinitats, Gesti\u00f3 de Conflictes, Prevenci\u00f3 i detecci\u00f3 de l\u2019Ab\u00fas Sexual Infantil, Finan\u00e7ament \u00e8tic a la nostra entitat, Treball en xarxa i comunitari, Lideratges democr\u00e0tics, Comunicaci\u00f3 No Violenta, Treball amb Adolescents, Relleu a les entitats i Participaci\u00f3 democr\u00e0tica.\u00a0<\/span><\/p>\n<p><span style=\"font-weight: 400;\">Despr\u00e9s de les formacions, va arribar el moment de plantar les tendes i sopar. A continuaci\u00f3, es va celebrar el m\u00edtic <strong>concurs de ball<\/strong> a l\u2019estil <em>Got Talent<\/em>. Enguany, els tres guanyadors han sigut del <a href=\"https:\/\/www.esplac.cat\/sectors-geografics\/barcelona-nord-est\/\" target=\"_blank\" rel=\"noopener\"><strong><span style=\"color: #f69d0b;\">Sector Barcelona Nord-Est<\/span><\/strong><\/a>! En primera posici\u00f3 ha quedat l\u2019Esplai Torxa i, seguidament, l\u2019Esplai Kasperle i l\u2019Esplai Xang\u00f3, els quals van ser premiats amb material per marxar de ruta (una tenda, una hamaca i una manta t\u00e8rmica).<\/span><\/p>\n<p><span style=\"font-weight: 400;\">Diumenge, es va fer un torneig de v\u00f2lei i despr\u00e9s es van dinar les <em>fajitas<\/em> que havia preparat la comissi\u00f3, conjuntament amb l\u2019EGS! <\/span><span style=\"font-weight: 400;\">El Sector est\u00e0 molt content de la trobada. De ben segur que ha estat plena d\u2019an\u00e8cdotes i aprenentatges!\u00a0<\/span><\/p>\n\n\t\t<style type=\"text\/css\">\n\t\t\t#gallery-1 {\n\t\t\t\tmargin: auto;\n\t\t\t}\n\t\t\t#gallery-1 .gallery-item {\n\t\t\t\tfloat: left;\n\t\t\t\tmargin-top: 10px;\n\t\t\t\ttext-align: center;\n\t\t\t\twidth: 50%;\n\t\t\t}\n\t\t\t#gallery-1 img {\n\t\t\t\tborder: 2px solid #cfcfcf;\n\t\t\t}\n\t\t\t#gallery-1 .gallery-caption {\n\t\t\t\tmargin-left: 0;\n\t\t\t}\n\t\t\t\/* see gallery_shortcode() in wp-includes\/media.php *\/\n\t\t<\/style>\n\t\t<div id='gallery-1' class='gallery galleryid-47958 gallery-columns-2 gallery-size-fusion-800'><dl class='gallery-item'>\n\t\t\t<dt class='gallery-icon landscape'>\n\t\t\t\t<a data-rel=\"iLightbox[postimages]\" data-title=\"1\" data-caption=\"\" href='https:\/\/www.esplac.cat\/en\/1-50-2\/'><img decoding=\"async\" width=\"800\" height=\"800\" src=\"https:\/\/www.esplac.cat\/wp-content\/uploads\/2023\/10\/1-6-800x800.jpg\" class=\"attachment-fusion-800 size-fusion-800\" alt=\"\" srcset=\"https:\/\/www.esplac.cat\/wp-content\/uploads\/2023\/10\/1-6-66x66.jpg 66w, https:\/\/www.esplac.cat\/wp-content\/uploads\/2023\/10\/1-6-150x150.jpg 150w, https:\/\/www.esplac.cat\/wp-content\/uploads\/2023\/10\/1-6-200x200.jpg 200w, https:\/\/www.esplac.cat\/wp-content\/uploads\/2023\/10\/1-6-300x300.jpg 300w, https:\/\/www.esplac.cat\/wp-content\/uploads\/2023\/10\/1-6-400x400.jpg 400w, https:\/\/www.esplac.cat\/wp-content\/uploads\/2023\/10\/1-6-600x600.jpg 600w, https:\/\/www.esplac.cat\/wp-content\/uploads\/2023\/10\/1-6-768x768.jpg 768w, https:\/\/www.esplac.cat\/wp-content\/uploads\/2023\/10\/1-6-800x800.jpg 800w, https:\/\/www.esplac.cat\/wp-content\/uploads\/2023\/10\/1-6-1024x1024.jpg 1024w, https:\/\/www.esplac.cat\/wp-content\/uploads\/2023\/10\/1-6.jpg 1080w\" sizes=\"(max-width: 800px) 100vw, 800px\" \/><\/a>\n\t\t\t<\/dt><\/dl><dl class='gallery-item'>\n\t\t\t<dt class='gallery-icon landscape'>\n\t\t\t\t<a data-rel=\"iLightbox[postimages]\" data-title=\"2\" data-caption=\"\" href='https:\/\/www.esplac.cat\/en\/2-65-2\/'><img decoding=\"async\" width=\"800\" height=\"800\" src=\"https:\/\/www.esplac.cat\/wp-content\/uploads\/2023\/10\/2-5-800x800.jpg\" class=\"attachment-fusion-800 size-fusion-800\" alt=\"\" srcset=\"https:\/\/www.esplac.cat\/wp-content\/uploads\/2023\/10\/2-5-66x66.jpg 66w, https:\/\/www.esplac.cat\/wp-content\/uploads\/2023\/10\/2-5-150x150.jpg 150w, https:\/\/www.esplac.cat\/wp-content\/uploads\/2023\/10\/2-5-200x200.jpg 200w, https:\/\/www.esplac.cat\/wp-content\/uploads\/2023\/10\/2-5-300x300.jpg 300w, https:\/\/www.esplac.cat\/wp-content\/uploads\/2023\/10\/2-5-400x400.jpg 400w, https:\/\/www.esplac.cat\/wp-content\/uploads\/2023\/10\/2-5-600x600.jpg 600w, https:\/\/www.esplac.cat\/wp-content\/uploads\/2023\/10\/2-5-768x768.jpg 768w, https:\/\/www.esplac.cat\/wp-content\/uploads\/2023\/10\/2-5-800x800.jpg 800w, https:\/\/www.esplac.cat\/wp-content\/uploads\/2023\/10\/2-5-1024x1024.jpg 1024w, https:\/\/www.esplac.cat\/wp-content\/uploads\/2023\/10\/2-5.jpg 1080w\" sizes=\"(max-width: 800px) 100vw, 800px\" \/><\/a>\n\t\t\t<\/dt><\/dl><br style=\"clear: both\" \/><dl class='gallery-item'>\n\t\t\t<dt class='gallery-icon landscape'>\n\t\t\t\t<a data-rel=\"iLightbox[postimages]\" data-title=\"3\" data-caption=\"\" href='https:\/\/www.esplac.cat\/en\/3-38-2\/'><img decoding=\"async\" width=\"800\" height=\"800\" src=\"https:\/\/www.esplac.cat\/wp-content\/uploads\/2023\/10\/3-4-800x800.jpg\" class=\"attachment-fusion-800 size-fusion-800\" alt=\"\" srcset=\"https:\/\/www.esplac.cat\/wp-content\/uploads\/2023\/10\/3-4-66x66.jpg 66w, https:\/\/www.esplac.cat\/wp-content\/uploads\/2023\/10\/3-4-150x150.jpg 150w, https:\/\/www.esplac.cat\/wp-content\/uploads\/2023\/10\/3-4-200x200.jpg 200w, https:\/\/www.esplac.cat\/wp-content\/uploads\/2023\/10\/3-4-300x300.jpg 300w, https:\/\/www.esplac.cat\/wp-content\/uploads\/2023\/10\/3-4-400x400.jpg 400w, https:\/\/www.esplac.cat\/wp-content\/uploads\/2023\/10\/3-4-600x600.jpg 600w, https:\/\/www.esplac.cat\/wp-content\/uploads\/2023\/10\/3-4-768x768.jpg 768w, https:\/\/www.esplac.cat\/wp-content\/uploads\/2023\/10\/3-4-800x800.jpg 800w, https:\/\/www.esplac.cat\/wp-content\/uploads\/2023\/10\/3-4-1024x1024.jpg 1024w, https:\/\/www.esplac.cat\/wp-content\/uploads\/2023\/10\/3-4.jpg 1080w\" sizes=\"(max-width: 800px) 100vw, 800px\" \/><\/a>\n\t\t\t<\/dt><\/dl><dl class='gallery-item'>\n\t\t\t<dt class='gallery-icon landscape'>\n\t\t\t\t<a data-rel=\"iLightbox[postimages]\" data-title=\"4\" data-caption=\"\" href='https:\/\/www.esplac.cat\/en\/4-24-2\/'><img decoding=\"async\" width=\"800\" height=\"800\" src=\"https:\/\/www.esplac.cat\/wp-content\/uploads\/2023\/10\/4-3-800x800.jpg\" class=\"attachment-fusion-800 size-fusion-800\" alt=\"\" srcset=\"https:\/\/www.esplac.cat\/wp-content\/uploads\/2023\/10\/4-3-66x66.jpg 66w, https:\/\/www.esplac.cat\/wp-content\/uploads\/2023\/10\/4-3-150x150.jpg 150w, https:\/\/www.esplac.cat\/wp-content\/uploads\/2023\/10\/4-3-200x200.jpg 200w, https:\/\/www.esplac.cat\/wp-content\/uploads\/2023\/10\/4-3-300x300.jpg 300w, https:\/\/www.esplac.cat\/wp-content\/uploads\/2023\/10\/4-3-400x400.jpg 400w, https:\/\/www.esplac.cat\/wp-content\/uploads\/2023\/10\/4-3-600x600.jpg 600w, https:\/\/www.esplac.cat\/wp-content\/uploads\/2023\/10\/4-3-768x768.jpg 768w, https:\/\/www.esplac.cat\/wp-content\/uploads\/2023\/10\/4-3-800x800.jpg 800w, https:\/\/www.esplac.cat\/wp-content\/uploads\/2023\/10\/4-3-1024x1024.jpg 1024w, https:\/\/www.esplac.cat\/wp-content\/uploads\/2023\/10\/4-3.jpg 1080w\" sizes=\"(max-width: 800px) 100vw, 800px\" \/><\/a>\n\t\t\t<\/dt><\/dl><br style=\"clear: both\" \/>\n\t\t<\/div>\n\n","protected":false},"excerpt":{"rendered":"<p>La Trobada de Monis del Sector Barcelona ha reunit 290 [&hellip;]<\/p>\n","protected":false},"author":3,"featured_media":47960,"comment_status":"closed","ping_status":"closed","sticky":false,"template":"","format":"standard","meta":{"om_disable_all_campaigns":false,"_monsterinsights_skip_tracking":false,"_monsterinsights_sitenote_active":false,"_monsterinsights_sitenote_note":"","_monsterinsights_sitenote_category":0,"_uf_show_specific_survey":0,"_uf_disable_surveys":false,"footnotes":""},"categories":[1128,1398,1399,1397,1],"tags":[],"class_list":["post-47958","post","type-post","status-publish","format-standard","has-post-thumbnail","hentry","category-sector-barcelona","category-sector-barcelona-nord-est","category-sector-barcelona-oest","category-sector-barcelona-sud","category-sense-categoria"],"yoast_head":"<!-- This site is optimized with the Yoast SEO plugin v27.4 - https:\/\/yoast.com\/product\/yoast-seo-wordpress\/ -->\n<title>\u00c8xit de participaci\u00f3 a la Trobada de Monis del Sector Barcelona! - Esplac<\/title>\n<meta name=\"description\" content=\"La Trobada de Monis del Sector Barcelona ha reunit 290 monitores i monitors, de m\u00e9s de 20 esplais diferents.\" \/>\n<meta name=\"robots\" content=\"index, follow, max-snippet:-1, max-image-preview:large, max-video-preview:-1\" \/>\n<link rel=\"canonical\" href=\"https:\/\/www.esplac.cat\/exit-participacio-trobada-monis-sector-barcelona-2\/\" \/>\n<meta property=\"og:locale\" content=\"en_US\" \/>\n<meta property=\"og:type\" content=\"article\" \/>\n<meta property=\"og:title\" content=\"\u00c8xit de participaci\u00f3 a la Trobada de Monis del Sector Barcelona! - Esplac\" \/>\n<meta property=\"og:description\" content=\"La Trobada de Monis del Sector Barcelona ha reunit 290 monitores i monitors, de m\u00e9s de 20 esplais diferents.\" \/>\n<meta property=\"og:url\" content=\"https:\/\/www.esplac.cat\/exit-participacio-trobada-monis-sector-barcelona-2\/\" \/>\n<meta property=\"og:site_name\" content=\"Esplac\" \/>\n<meta property=\"article:published_time\" content=\"2023-10-31T12:21:32+00:00\" \/>\n<meta property=\"article:modified_time\" content=\"2023-10-31T12:25:14+00:00\" \/>\n<meta property=\"og:image\" content=\"https:\/\/www.esplac.cat\/wp-content\/uploads\/2023\/10\/Portades-Web-8.jpg\" \/>\n\t<meta property=\"og:image:width\" content=\"1697\" \/>\n\t<meta property=\"og:image:height\" content=\"700\" \/>\n\t<meta property=\"og:image:type\" content=\"image\/jpeg\" \/>\n<meta name=\"author\" content=\"Comunicaci\u00f3 Esplac\" \/>\n<meta name=\"twitter:card\" content=\"summary_large_image\" \/>\n<meta name=\"twitter:label1\" content=\"Written by\" \/>\n\t<meta name=\"twitter:data1\" content=\"Comunicaci\u00f3 Esplac\" \/>\n\t<meta name=\"twitter:label2\" content=\"Est. reading time\" \/>\n\t<meta name=\"twitter:data2\" content=\"2 minutes\" \/>\n<script type=\"application\/ld+json\" class=\"yoast-schema-graph\">{\"@context\":\"https:\\\/\\\/schema.org\",\"@graph\":[{\"@type\":\"Article\",\"@id\":\"https:\\\/\\\/www.esplac.cat\\\/exit-participacio-trobada-monis-sector-barcelona-2\\\/#article\",\"isPartOf\":{\"@id\":\"https:\\\/\\\/www.esplac.cat\\\/exit-participacio-trobada-monis-sector-barcelona-2\\\/\"},\"author\":{\"name\":\"Comunicaci\u00f3 Esplac\",\"@id\":\"https:\\\/\\\/www.esplac.cat\\\/#\\\/schema\\\/person\\\/908383cf240be18b68f8855d0583faca\"},\"headline\":\"\u00c8xit de participaci\u00f3 a la Trobada de Monis del Sector Barcelona!\",\"datePublished\":\"2023-10-31T12:21:32+00:00\",\"dateModified\":\"2023-10-31T12:25:14+00:00\",\"mainEntityOfPage\":{\"@id\":\"https:\\\/\\\/www.esplac.cat\\\/exit-participacio-trobada-monis-sector-barcelona-2\\\/\"},\"wordCount\":339,\"publisher\":{\"@id\":\"https:\\\/\\\/www.esplac.cat\\\/#organization\"},\"image\":{\"@id\":\"https:\\\/\\\/www.esplac.cat\\\/exit-participacio-trobada-monis-sector-barcelona-2\\\/#primaryimage\"},\"thumbnailUrl\":\"https:\\\/\\\/www.esplac.cat\\\/wp-content\\\/uploads\\\/2023\\\/10\\\/Portades-Web-8.jpg\",\"articleSection\":[\"Sector Barcelona\",\"Sector Barcelona Nord-Est\",\"Sector Barcelona Oest\",\"Sector Barcelona Sud\",\"Sense categoria\"],\"inLanguage\":\"en-US\"},{\"@type\":\"WebPage\",\"@id\":\"https:\\\/\\\/www.esplac.cat\\\/exit-participacio-trobada-monis-sector-barcelona-2\\\/\",\"url\":\"https:\\\/\\\/www.esplac.cat\\\/exit-participacio-trobada-monis-sector-barcelona-2\\\/\",\"name\":\"\u00c8xit de participaci\u00f3 a la Trobada de Monis del Sector Barcelona! - Esplac\",\"isPartOf\":{\"@id\":\"https:\\\/\\\/www.esplac.cat\\\/#website\"},\"primaryImageOfPage\":{\"@id\":\"https:\\\/\\\/www.esplac.cat\\\/exit-participacio-trobada-monis-sector-barcelona-2\\\/#primaryimage\"},\"image\":{\"@id\":\"https:\\\/\\\/www.esplac.cat\\\/exit-participacio-trobada-monis-sector-barcelona-2\\\/#primaryimage\"},\"thumbnailUrl\":\"https:\\\/\\\/www.esplac.cat\\\/wp-content\\\/uploads\\\/2023\\\/10\\\/Portades-Web-8.jpg\",\"datePublished\":\"2023-10-31T12:21:32+00:00\",\"dateModified\":\"2023-10-31T12:25:14+00:00\",\"description\":\"La Trobada de Monis del Sector Barcelona ha reunit 290 monitores i monitors, de m\u00e9s de 20 esplais diferents.\",\"breadcrumb\":{\"@id\":\"https:\\\/\\\/www.esplac.cat\\\/exit-participacio-trobada-monis-sector-barcelona-2\\\/#breadcrumb\"},\"inLanguage\":\"en-US\",\"potentialAction\":[{\"@type\":\"ReadAction\",\"target\":[\"https:\\\/\\\/www.esplac.cat\\\/exit-participacio-trobada-monis-sector-barcelona-2\\\/\"]}]},{\"@type\":\"ImageObject\",\"inLanguage\":\"en-US\",\"@id\":\"https:\\\/\\\/www.esplac.cat\\\/exit-participacio-trobada-monis-sector-barcelona-2\\\/#primaryimage\",\"url\":\"https:\\\/\\\/www.esplac.cat\\\/wp-content\\\/uploads\\\/2023\\\/10\\\/Portades-Web-8.jpg\",\"contentUrl\":\"https:\\\/\\\/www.esplac.cat\\\/wp-content\\\/uploads\\\/2023\\\/10\\\/Portades-Web-8.jpg\",\"width\":1697,\"height\":700,\"caption\":\"Trobada Monis Sector Barcelona\"},{\"@type\":\"BreadcrumbList\",\"@id\":\"https:\\\/\\\/www.esplac.cat\\\/exit-participacio-trobada-monis-sector-barcelona-2\\\/#breadcrumb\",\"itemListElement\":[{\"@type\":\"ListItem\",\"position\":1,\"name\":\"Inici\",\"item\":\"https:\\\/\\\/www.esplac.cat\\\/en\\\/\"},{\"@type\":\"ListItem\",\"position\":2,\"name\":\"\u00c8xit de participaci\u00f3 a la Trobada de Monis del Sector Barcelona!\"}]},{\"@type\":\"WebSite\",\"@id\":\"https:\\\/\\\/www.esplac.cat\\\/#website\",\"url\":\"https:\\\/\\\/www.esplac.cat\\\/\",\"name\":\"Esplac\",\"description\":\"Esplais Catalans\",\"publisher\":{\"@id\":\"https:\\\/\\\/www.esplac.cat\\\/#organization\"},\"potentialAction\":[{\"@type\":\"SearchAction\",\"target\":{\"@type\":\"EntryPoint\",\"urlTemplate\":\"https:\\\/\\\/www.esplac.cat\\\/?s={search_term_string}\"},\"query-input\":{\"@type\":\"PropertyValueSpecification\",\"valueRequired\":true,\"valueName\":\"search_term_string\"}}],\"inLanguage\":\"en-US\"},{\"@type\":\"Organization\",\"@id\":\"https:\\\/\\\/www.esplac.cat\\\/#organization\",\"name\":\"Esplac\",\"url\":\"https:\\\/\\\/www.esplac.cat\\\/\",\"logo\":{\"@type\":\"ImageObject\",\"inLanguage\":\"en-US\",\"@id\":\"https:\\\/\\\/www.esplac.cat\\\/#\\\/schema\\\/logo\\\/image\\\/\",\"url\":\"https:\\\/\\\/www.esplac.cat\\\/wp-content\\\/uploads\\\/2019\\\/08\\\/logox2.png\",\"contentUrl\":\"https:\\\/\\\/www.esplac.cat\\\/wp-content\\\/uploads\\\/2019\\\/08\\\/logox2.png\",\"width\":600,\"height\":295,\"caption\":\"Esplac\"},\"image\":{\"@id\":\"https:\\\/\\\/www.esplac.cat\\\/#\\\/schema\\\/logo\\\/image\\\/\"}},{\"@type\":\"Person\",\"@id\":\"https:\\\/\\\/www.esplac.cat\\\/#\\\/schema\\\/person\\\/908383cf240be18b68f8855d0583faca\",\"name\":\"Comunicaci\u00f3 Esplac\",\"image\":{\"@type\":\"ImageObject\",\"inLanguage\":\"en-US\",\"@id\":\"https:\\\/\\\/secure.gravatar.com\\\/avatar\\\/7a4cf8feb412a76ea4a740ca02d95b06b2907b5a6c648c2dd0a1082a093c3141?s=96&d=mm&r=g\",\"url\":\"https:\\\/\\\/secure.gravatar.com\\\/avatar\\\/7a4cf8feb412a76ea4a740ca02d95b06b2907b5a6c648c2dd0a1082a093c3141?s=96&d=mm&r=g\",\"contentUrl\":\"https:\\\/\\\/secure.gravatar.com\\\/avatar\\\/7a4cf8feb412a76ea4a740ca02d95b06b2907b5a6c648c2dd0a1082a093c3141?s=96&d=mm&r=g\",\"caption\":\"Comunicaci\u00f3 Esplac\"}}]}<\/script>\n<!-- \/ Yoast SEO plugin. -->","yoast_head_json":{"title":"\u00c8xit de participaci\u00f3 a la Trobada de Monis del Sector Barcelona! - Esplac","description":"La Trobada de Monis del Sector Barcelona ha reunit 290 monitores i monitors, de m\u00e9s de 20 esplais diferents.","robots":{"index":"index","follow":"follow","max-snippet":"max-snippet:-1","max-image-preview":"max-image-preview:large","max-video-preview":"max-video-preview:-1"},"canonical":"https:\/\/www.esplac.cat\/exit-participacio-trobada-monis-sector-barcelona-2\/","og_locale":"en_US","og_type":"article","og_title":"\u00c8xit de participaci\u00f3 a la Trobada de Monis del Sector Barcelona! - Esplac","og_description":"La Trobada de Monis del Sector Barcelona ha reunit 290 monitores i monitors, de m\u00e9s de 20 esplais diferents.","og_url":"https:\/\/www.esplac.cat\/exit-participacio-trobada-monis-sector-barcelona-2\/","og_site_name":"Esplac","article_published_time":"2023-10-31T12:21:32+00:00","article_modified_time":"2023-10-31T12:25:14+00:00","og_image":[{"width":1697,"height":700,"url":"https:\/\/www.esplac.cat\/wp-content\/uploads\/2023\/10\/Portades-Web-8.jpg","type":"image\/jpeg"}],"author":"Comunicaci\u00f3 Esplac","twitter_card":"summary_large_image","twitter_misc":{"Written by":"Comunicaci\u00f3 Esplac","Est. reading time":"2 minutes"},"schema":{"@context":"https:\/\/schema.org","@graph":[{"@type":"Article","@id":"https:\/\/www.esplac.cat\/exit-participacio-trobada-monis-sector-barcelona-2\/#article","isPartOf":{"@id":"https:\/\/www.esplac.cat\/exit-participacio-trobada-monis-sector-barcelona-2\/"},"author":{"name":"Comunicaci\u00f3 Esplac","@id":"https:\/\/www.esplac.cat\/#\/schema\/person\/908383cf240be18b68f8855d0583faca"},"headline":"\u00c8xit de participaci\u00f3 a la Trobada de Monis del Sector Barcelona!","datePublished":"2023-10-31T12:21:32+00:00","dateModified":"2023-10-31T12:25:14+00:00","mainEntityOfPage":{"@id":"https:\/\/www.esplac.cat\/exit-participacio-trobada-monis-sector-barcelona-2\/"},"wordCount":339,"publisher":{"@id":"https:\/\/www.esplac.cat\/#organization"},"image":{"@id":"https:\/\/www.esplac.cat\/exit-participacio-trobada-monis-sector-barcelona-2\/#primaryimage"},"thumbnailUrl":"https:\/\/www.esplac.cat\/wp-content\/uploads\/2023\/10\/Portades-Web-8.jpg","articleSection":["Sector Barcelona","Sector Barcelona Nord-Est","Sector Barcelona Oest","Sector Barcelona Sud","Sense categoria"],"inLanguage":"en-US"},{"@type":"WebPage","@id":"https:\/\/www.esplac.cat\/exit-participacio-trobada-monis-sector-barcelona-2\/","url":"https:\/\/www.esplac.cat\/exit-participacio-trobada-monis-sector-barcelona-2\/","name":"\u00c8xit de participaci\u00f3 a la Trobada de Monis del Sector Barcelona! - Esplac","isPartOf":{"@id":"https:\/\/www.esplac.cat\/#website"},"primaryImageOfPage":{"@id":"https:\/\/www.esplac.cat\/exit-participacio-trobada-monis-sector-barcelona-2\/#primaryimage"},"image":{"@id":"https:\/\/www.esplac.cat\/exit-participacio-trobada-monis-sector-barcelona-2\/#primaryimage"},"thumbnailUrl":"https:\/\/www.esplac.cat\/wp-content\/uploads\/2023\/10\/Portades-Web-8.jpg","datePublished":"2023-10-31T12:21:32+00:00","dateModified":"2023-10-31T12:25:14+00:00","description":"La Trobada de Monis del Sector Barcelona ha reunit 290 monitores i monitors, de m\u00e9s de 20 esplais diferents.","breadcrumb":{"@id":"https:\/\/www.esplac.cat\/exit-participacio-trobada-monis-sector-barcelona-2\/#breadcrumb"},"inLanguage":"en-US","potentialAction":[{"@type":"ReadAction","target":["https:\/\/www.esplac.cat\/exit-participacio-trobada-monis-sector-barcelona-2\/"]}]},{"@type":"ImageObject","inLanguage":"en-US","@id":"https:\/\/www.esplac.cat\/exit-participacio-trobada-monis-sector-barcelona-2\/#primaryimage","url":"https:\/\/www.esplac.cat\/wp-content\/uploads\/2023\/10\/Portades-Web-8.jpg","contentUrl":"https:\/\/www.esplac.cat\/wp-content\/uploads\/2023\/10\/Portades-Web-8.jpg","width":1697,"height":700,"caption":"Trobada Monis Sector Barcelona"},{"@type":"BreadcrumbList","@id":"https:\/\/www.esplac.cat\/exit-participacio-trobada-monis-sector-barcelona-2\/#breadcrumb","itemListElement":[{"@type":"ListItem","position":1,"name":"Inici","item":"https:\/\/www.esplac.cat\/en\/"},{"@type":"ListItem","position":2,"name":"\u00c8xit de participaci\u00f3 a la Trobada de Monis del Sector Barcelona!"}]},{"@type":"WebSite","@id":"https:\/\/www.esplac.cat\/#website","url":"https:\/\/www.esplac.cat\/","name":"Esplac","description":"Esplais Catalans","publisher":{"@id":"https:\/\/www.esplac.cat\/#organization"},"potentialAction":[{"@type":"SearchAction","target":{"@type":"EntryPoint","urlTemplate":"https:\/\/www.esplac.cat\/?s={search_term_string}"},"query-input":{"@type":"PropertyValueSpecification","valueRequired":true,"valueName":"search_term_string"}}],"inLanguage":"en-US"},{"@type":"Organization","@id":"https:\/\/www.esplac.cat\/#organization","name":"Esplac","url":"https:\/\/www.esplac.cat\/","logo":{"@type":"ImageObject","inLanguage":"en-US","@id":"https:\/\/www.esplac.cat\/#\/schema\/logo\/image\/","url":"https:\/\/www.esplac.cat\/wp-content\/uploads\/2019\/08\/logox2.png","contentUrl":"https:\/\/www.esplac.cat\/wp-content\/uploads\/2019\/08\/logox2.png","width":600,"height":295,"caption":"Esplac"},"image":{"@id":"https:\/\/www.esplac.cat\/#\/schema\/logo\/image\/"}},{"@type":"Person","@id":"https:\/\/www.esplac.cat\/#\/schema\/person\/908383cf240be18b68f8855d0583faca","name":"Comunicaci\u00f3 Esplac","image":{"@type":"ImageObject","inLanguage":"en-US","@id":"https:\/\/secure.gravatar.com\/avatar\/7a4cf8feb412a76ea4a740ca02d95b06b2907b5a6c648c2dd0a1082a093c3141?s=96&d=mm&r=g","url":"https:\/\/secure.gravatar.com\/avatar\/7a4cf8feb412a76ea4a740ca02d95b06b2907b5a6c648c2dd0a1082a093c3141?s=96&d=mm&r=g","contentUrl":"https:\/\/secure.gravatar.com\/avatar\/7a4cf8feb412a76ea4a740ca02d95b06b2907b5a6c648c2dd0a1082a093c3141?s=96&d=mm&r=g","caption":"Comunicaci\u00f3 Esplac"}}]}},"_links":{"self":[{"href":"https:\/\/www.esplac.cat\/en\/wp-json\/wp\/v2\/posts\/47958","targetHints":{"allow":["GET"]}}],"collection":[{"href":"https:\/\/www.esplac.cat\/en\/wp-json\/wp\/v2\/posts"}],"about":[{"href":"https:\/\/www.esplac.cat\/en\/wp-json\/wp\/v2\/types\/post"}],"author":[{"embeddable":true,"href":"https:\/\/www.esplac.cat\/en\/wp-json\/wp\/v2\/users\/3"}],"replies":[{"embeddable":true,"href":"https:\/\/www.esplac.cat\/en\/wp-json\/wp\/v2\/comments?post=47958"}],"version-history":[{"count":0,"href":"https:\/\/www.esplac.cat\/en\/wp-json\/wp\/v2\/posts\/47958\/revisions"}],"wp:featuredmedia":[{"embeddable":true,"href":"https:\/\/www.esplac.cat\/en\/wp-json\/wp\/v2\/media\/47960"}],"wp:attachment":[{"href":"https:\/\/www.esplac.cat\/en\/wp-json\/wp\/v2\/media?parent=47958"}],"wp:term":[{"taxonomy":"category","embeddable":true,"href":"https:\/\/www.esplac.cat\/en\/wp-json\/wp\/v2\/categories?post=47958"},{"taxonomy":"post_tag","embeddable":true,"href":"https:\/\/www.esplac.cat\/en\/wp-json\/wp\/v2\/tags?post=47958"}],"curies":[{"name":"wp","href":"https:\/\/api.w.org\/{rel}","templated":true}]}}