{"id":48189,"date":"2023-11-16T14:58:10","date_gmt":"2023-11-16T12:58:10","guid":{"rendered":"https:\/\/www.esplac.cat\/?p=48189"},"modified":"2024-10-15T08:58:07","modified_gmt":"2024-10-15T06:58:07","slug":"esplais-catalans-celebrem-dia-universal-drets-infants-23","status":"publish","type":"post","link":"https:\/\/www.esplac.cat\/en\/esplais-catalans-celebrem-dia-universal-drets-infants-23\/","title":{"rendered":"Esplais Catalans celebrem el Dia Universal dels Drets dels Infants arreu del territori"},"content":{"rendered":"<div class=\"fusion-fullwidth fullwidth-box fusion-builder-row-1 fusion-flex-container nonhundred-percent-fullwidth non-hundred-percent-height-scrolling\" style=\"--awb-border-radius-top-left:0px;--awb-border-radius-top-right:0px;--awb-border-radius-bottom-right:0px;--awb-border-radius-bottom-left:0px;--awb-flex-wrap:wrap;\" ><div class=\"fusion-builder-row fusion-row fusion-flex-align-items-flex-start fusion-flex-content-wrap\" style=\"max-width:1248px;margin-left: calc(-4% \/ 2 );margin-right: calc(-4% \/ 2 );\"><div class=\"fusion-layout-column fusion_builder_column fusion-builder-column-0 fusion_builder_column_1_1 1_1 fusion-flex-column\" style=\"--awb-bg-size:cover;--awb-width-large:100%;--awb-margin-top-large:0px;--awb-spacing-right-large:1.92%;--awb-margin-bottom-large:0px;--awb-spacing-left-large:1.92%;--awb-width-medium:100%;--awb-spacing-right-medium:1.92%;--awb-spacing-left-medium:1.92%;--awb-width-small:100%;--awb-spacing-right-small:1.92%;--awb-spacing-left-small:1.92%;\"><div class=\"fusion-column-wrapper fusion-flex-justify-content-flex-start fusion-content-layout-column\"><div class=\"fusion-text fusion-text-1\"><h6><strong>El dilluns 20 de novembre \u00e9s el Dia Universal dels Drets dels Infants (DUDI) i, com cada any, els esplais d\u2019Esplac surten al carrer per reivindicar-los. Descobreix tot el que es far\u00e0 durant el cap de setmana!<\/strong><\/h6>\n<h5><strong>Sector Baix Llobregat<\/strong><\/h5>\n<p>Per al <span style=\"color: #f69d0b;\"><a style=\"color: #f69d0b;\" href=\"https:\/\/www.esplac.cat\/sectors-geografics\/baix-llobregat\/\" target=\"_blank\" rel=\"noopener\">Sector Baix Llobregat<\/a><\/span>, el cap de setmana del <strong>18 i 19 de novembre<\/strong> arriba carregat d\u2019activitats! L\u2019Escola Pau Vila, a <strong>El Papiol<\/strong>, ser\u00e0 el centre neur\u00e0lgic de les accions.<\/p>\n<p>Els grups d\u2019infants dels diferents esplais del sector arrencaran el mat\u00ed del dissabte amb <strong>jocs de coneixen\u00e7a<\/strong> i un seguit d\u2019<strong>activitats relacionades amb els drets dels infants<\/strong>. Despr\u00e9s d\u2019un dinar conjunt de carmanyola, arribar\u00e0 el moment de l\u2019<strong>acci\u00f3 unit\u00e0ria<\/strong>, on tamb\u00e9 hi participaran els grups de joves. Els esplais del sector gaudiran plegats d\u2019un concert de <b>M\u00e9s Tumacat<\/b>.<\/p>\n<p>Despr\u00e9s de l\u2019espectacle, els grups d\u2019infants berenaran plegats i marxaran,i arribar\u00e0 el moment de les <strong>activitats de joves<\/strong>! Durant el vespre, les monitores i monitors de l&#8217;<span style=\"color: #f69d0b;\"><a style=\"color: #f69d0b;\" href=\"https:\/\/www.instagram.com\/explore\/locations\/1631713490415969\/esplai-pa-amb-tomaquet\/\" target=\"_blank\" rel=\"noopener\">Esplai Pa amb Tom\u00e0quet<\/a><\/span> dinamitzaran amb joves un espai de Pd&#8217;s. Per tancar un dia tan intens, els esplais passaran la nit al Poliesportiu municipal.<\/p>\n<h5><strong>Sector Camp de Tarragona i Pened\u00e8s, Garraf i Anoia<\/strong><\/h5>\n<p>El dissabte <strong>18 de novembre<\/strong> se celebra una <strong>trobada d&#8217;entitats de lleure del Camp de Tarragona<\/strong> per a reivindicar els drets dels infants, on tamb\u00e9 hi participaran els esplais del <span style=\"color: #f69d0b;\"><a style=\"color: #f69d0b;\" href=\"https:\/\/www.esplac.cat\/sectors-geografics\/penedes-garraf-i-anoia\/\" target=\"_blank\" rel=\"noopener\">Sector Pened\u00e8s, Garraf i Anoia<\/a><\/span>. La trobada tindr\u00e0 lloc a Vila-Seca, amb activitats previstes durant tot el dia.<\/p>\n<p>La jornada comen\u00e7ar\u00e0 al mat\u00ed amb <strong>activitats per grups<\/strong>, on cada franja d\u2019edat treballar\u00e0 un dret dels infants concret. En acabat, les entitats gaudiran d\u2019un dinar conjunt. A la tarda se celebrar\u00e0 l\u2019<strong>acte unitari<\/strong> al Parc de la Riera, que comptar\u00e0 amb diversos parlaments i l\u2019actuaci\u00f3 de la txaranga Tocats de l&#8217;Ala.<\/p>\n<h5><strong>Sector Ripoll\u00e8s, Osona i Moian\u00e8s<\/strong><\/h5>\n<p>Qui tamb\u00e9 espera un cap de setmana de no parar \u00e9s el <span style=\"color: #f69d0b;\"><a style=\"color: #f69d0b;\" href=\"https:\/\/www.esplac.cat\/sectors-geografics\/ripolles-osona-i-moianes\/\" target=\"_blank\" rel=\"noopener\">Sector Ripoll\u00e8s, Osona i Moian\u00e8s<\/a><\/span>. Els esplais d\u2019aquest sector es trobaran a Tona el divendres 17 de novembre a la tarda. Despr\u00e9s de fer <strong>jocs de coneixen\u00e7a<\/strong> per grups d\u2019edat, els esplais soparan i passaran la nit plegats.<\/p>\n<p>Durant el mat\u00ed de dissabte, infants i joves gaudiran de les activitats que cada esplai ha preparat i, en acabat, recorreran el centre de Tona en una <strong>manifestaci\u00f3<\/strong> que arrencar\u00e0 a les 12:30h. Es preveu que hi participin m\u00e9s de 150 persones de 4 esplais del sector.<\/p>\n<h5><b>Sector Vall\u00e8s Occidental<\/b><\/h5>\n<p>El <span style=\"color: #f69d0b;\"><a style=\"color: #f69d0b;\" href=\"https:\/\/www.esplac.cat\/sectors-geografics\/valles-occidental\/\" target=\"_blank\" rel=\"noopener\">Sector Vall\u00e8s Occidental <\/a><\/span>tampoc es perdr\u00e0 aquesta data tan assenyalada. Per una banda, l\u2019esplai <strong>El Piolet<\/strong> ha organitzat diferents activitats a <strong>Barber\u00e0 del Vall\u00e8s<\/strong> el dissabte 18 de novembre a a tarda. Els m\u00e9s petits participaran d&#8217;activitats programades per l&#8217;ajuntament d\u2019aquesta localitat, mentre que joves i grans faran activitats pel seu compte. En acabat, tots els grups de l\u2019esplai es retrobaran per gaudir d\u2019una <strong>xocolatada<\/strong> conjuntament amb les fam\u00edlies.<\/p>\n<p>D&#8217;altra banda, el mateix dissabte a la tarda, els <strong>esplais de Terrassa<\/strong> (<strong>Farfalla<\/strong>, <strong>La Fera<\/strong> i <strong>Bonaire<\/strong>) faran una <strong>activitat conjunta<\/strong>. La trobada comen\u00e7ar\u00e0 amb diferents activitats per grups d\u2019edat\u00a0 i, en acabat, se celebrar\u00e0 un <strong>acte unitari<\/strong>. Es preveu la participaci\u00f3 de 160 infants, joves i monis.<\/p>\n<p><img decoding=\"async\" class=\"aligncenter wp-image-51271 size-fusion-600\" src=\"https:\/\/www.esplac.cat\/wp-content\/uploads\/2023\/11\/20N-DIA-UNIVERSAL-DELS-DRETS-DELS-INFANTS-1-600x750.jpg\" alt=\"\" width=\"600\" height=\"750\" srcset=\"https:\/\/www.esplac.cat\/wp-content\/uploads\/2023\/11\/20N-DIA-UNIVERSAL-DELS-DRETS-DELS-INFANTS-1-200x250.jpg 200w, https:\/\/www.esplac.cat\/wp-content\/uploads\/2023\/11\/20N-DIA-UNIVERSAL-DELS-DRETS-DELS-INFANTS-1-240x300.jpg 240w, https:\/\/www.esplac.cat\/wp-content\/uploads\/2023\/11\/20N-DIA-UNIVERSAL-DELS-DRETS-DELS-INFANTS-1-400x500.jpg 400w, https:\/\/www.esplac.cat\/wp-content\/uploads\/2023\/11\/20N-DIA-UNIVERSAL-DELS-DRETS-DELS-INFANTS-1-600x750.jpg 600w, https:\/\/www.esplac.cat\/wp-content\/uploads\/2023\/11\/20N-DIA-UNIVERSAL-DELS-DRETS-DELS-INFANTS-1-768x960.jpg 768w, https:\/\/www.esplac.cat\/wp-content\/uploads\/2023\/11\/20N-DIA-UNIVERSAL-DELS-DRETS-DELS-INFANTS-1-800x1000.jpg 800w, https:\/\/www.esplac.cat\/wp-content\/uploads\/2023\/11\/20N-DIA-UNIVERSAL-DELS-DRETS-DELS-INFANTS-1-819x1024.jpg 819w, https:\/\/www.esplac.cat\/wp-content\/uploads\/2023\/11\/20N-DIA-UNIVERSAL-DELS-DRETS-DELS-INFANTS-1.jpg 1080w\" sizes=\"(max-width: 600px) 100vw, 600px\" \/><\/p>\n<\/div><\/div><\/div><\/div><\/div>\n","protected":false},"excerpt":{"rendered":"","protected":false},"author":3,"featured_media":48193,"comment_status":"closed","ping_status":"closed","sticky":false,"template":"","format":"standard","meta":{"om_disable_all_campaigns":false,"_monsterinsights_skip_tracking":false,"_monsterinsights_sitenote_active":false,"_monsterinsights_sitenote_note":"","_monsterinsights_sitenote_category":0,"_uf_show_specific_survey":0,"_uf_disable_surveys":false,"footnotes":""},"categories":[1135,1],"tags":[],"class_list":["post-48189","post","type-post","status-publish","format-standard","has-post-thumbnail","hentry","category-20-n-drets-dels-infants","category-sense-categoria"],"yoast_head":"<!-- This site is optimized with the Yoast SEO plugin v27.5 - https:\/\/yoast.com\/product\/yoast-seo-wordpress\/ -->\n<title>Esplais Catalans celebrem el Dia Universal dels Drets dels Infants<\/title>\n<meta name=\"description\" content=\"El 20 de novembre \u00e9s el Dia Universal dels Drets dels Infants i, com cada any, els esplais d\u2019Esplac surten al carrer per reivindicar-los.\" \/>\n<meta name=\"robots\" content=\"index, follow, max-snippet:-1, max-image-preview:large, max-video-preview:-1\" \/>\n<link rel=\"canonical\" href=\"https:\/\/www.esplac.cat\/esplais-catalans-celebrem-dia-universal-drets-infants-23\/\" \/>\n<meta property=\"og:locale\" content=\"en_US\" \/>\n<meta property=\"og:type\" content=\"article\" \/>\n<meta property=\"og:title\" content=\"Esplais Catalans celebrem el Dia Universal dels Drets dels Infants\" \/>\n<meta property=\"og:description\" content=\"El 20 de novembre \u00e9s el Dia Universal dels Drets dels Infants i, com cada any, els esplais d\u2019Esplac surten al carrer per reivindicar-los.\" \/>\n<meta property=\"og:url\" content=\"https:\/\/www.esplac.cat\/esplais-catalans-celebrem-dia-universal-drets-infants-23\/\" \/>\n<meta property=\"og:site_name\" content=\"Esplac\" \/>\n<meta property=\"article:published_time\" content=\"2023-11-16T12:58:10+00:00\" \/>\n<meta property=\"article:modified_time\" content=\"2024-10-15T06:58:07+00:00\" \/>\n<meta property=\"og:image\" content=\"https:\/\/www.esplac.cat\/wp-content\/uploads\/2023\/11\/Portades-Web-5.jpg\" \/>\n\t<meta property=\"og:image:width\" content=\"1697\" \/>\n\t<meta property=\"og:image:height\" content=\"700\" \/>\n\t<meta property=\"og:image:type\" content=\"image\/jpeg\" \/>\n<meta name=\"author\" content=\"Comunicaci\u00f3 Esplac\" \/>\n<meta name=\"twitter:card\" content=\"summary_large_image\" \/>\n<meta name=\"twitter:label1\" content=\"Written by\" \/>\n\t<meta name=\"twitter:data1\" content=\"Comunicaci\u00f3 Esplac\" \/>\n\t<meta name=\"twitter:label2\" content=\"Est. reading time\" \/>\n\t<meta name=\"twitter:data2\" content=\"4 minutes\" \/>\n<script type=\"application\/ld+json\" class=\"yoast-schema-graph\">{\"@context\":\"https:\\\/\\\/schema.org\",\"@graph\":[{\"@type\":\"Article\",\"@id\":\"https:\\\/\\\/www.esplac.cat\\\/esplais-catalans-celebrem-dia-universal-drets-infants-23\\\/#article\",\"isPartOf\":{\"@id\":\"https:\\\/\\\/www.esplac.cat\\\/esplais-catalans-celebrem-dia-universal-drets-infants-23\\\/\"},\"author\":{\"name\":\"Comunicaci\u00f3 Esplac\",\"@id\":\"https:\\\/\\\/www.esplac.cat\\\/#\\\/schema\\\/person\\\/908383cf240be18b68f8855d0583faca\"},\"headline\":\"Esplais Catalans celebrem el Dia Universal dels Drets dels Infants arreu del territori\",\"datePublished\":\"2023-11-16T12:58:10+00:00\",\"dateModified\":\"2024-10-15T06:58:07+00:00\",\"mainEntityOfPage\":{\"@id\":\"https:\\\/\\\/www.esplac.cat\\\/esplais-catalans-celebrem-dia-universal-drets-infants-23\\\/\"},\"wordCount\":817,\"publisher\":{\"@id\":\"https:\\\/\\\/www.esplac.cat\\\/#organization\"},\"image\":{\"@id\":\"https:\\\/\\\/www.esplac.cat\\\/esplais-catalans-celebrem-dia-universal-drets-infants-23\\\/#primaryimage\"},\"thumbnailUrl\":\"https:\\\/\\\/www.esplac.cat\\\/wp-content\\\/uploads\\\/2023\\\/11\\\/Portades-Web-5.jpg\",\"articleSection\":[\"20-N: Drets dels infants\",\"Sense categoria\"],\"inLanguage\":\"en-US\"},{\"@type\":\"WebPage\",\"@id\":\"https:\\\/\\\/www.esplac.cat\\\/esplais-catalans-celebrem-dia-universal-drets-infants-23\\\/\",\"url\":\"https:\\\/\\\/www.esplac.cat\\\/esplais-catalans-celebrem-dia-universal-drets-infants-23\\\/\",\"name\":\"Esplais Catalans celebrem el Dia Universal dels Drets dels Infants\",\"isPartOf\":{\"@id\":\"https:\\\/\\\/www.esplac.cat\\\/#website\"},\"primaryImageOfPage\":{\"@id\":\"https:\\\/\\\/www.esplac.cat\\\/esplais-catalans-celebrem-dia-universal-drets-infants-23\\\/#primaryimage\"},\"image\":{\"@id\":\"https:\\\/\\\/www.esplac.cat\\\/esplais-catalans-celebrem-dia-universal-drets-infants-23\\\/#primaryimage\"},\"thumbnailUrl\":\"https:\\\/\\\/www.esplac.cat\\\/wp-content\\\/uploads\\\/2023\\\/11\\\/Portades-Web-5.jpg\",\"datePublished\":\"2023-11-16T12:58:10+00:00\",\"dateModified\":\"2024-10-15T06:58:07+00:00\",\"description\":\"El 20 de novembre \u00e9s el Dia Universal dels Drets dels Infants i, com cada any, els esplais d\u2019Esplac surten al carrer per reivindicar-los.\",\"breadcrumb\":{\"@id\":\"https:\\\/\\\/www.esplac.cat\\\/esplais-catalans-celebrem-dia-universal-drets-infants-23\\\/#breadcrumb\"},\"inLanguage\":\"en-US\",\"potentialAction\":[{\"@type\":\"ReadAction\",\"target\":[\"https:\\\/\\\/www.esplac.cat\\\/esplais-catalans-celebrem-dia-universal-drets-infants-23\\\/\"]}]},{\"@type\":\"ImageObject\",\"inLanguage\":\"en-US\",\"@id\":\"https:\\\/\\\/www.esplac.cat\\\/esplais-catalans-celebrem-dia-universal-drets-infants-23\\\/#primaryimage\",\"url\":\"https:\\\/\\\/www.esplac.cat\\\/wp-content\\\/uploads\\\/2023\\\/11\\\/Portades-Web-5.jpg\",\"contentUrl\":\"https:\\\/\\\/www.esplac.cat\\\/wp-content\\\/uploads\\\/2023\\\/11\\\/Portades-Web-5.jpg\",\"width\":1697,\"height\":700,\"caption\":\"Drets Infants\"},{\"@type\":\"BreadcrumbList\",\"@id\":\"https:\\\/\\\/www.esplac.cat\\\/esplais-catalans-celebrem-dia-universal-drets-infants-23\\\/#breadcrumb\",\"itemListElement\":[{\"@type\":\"ListItem\",\"position\":1,\"name\":\"Inici\",\"item\":\"https:\\\/\\\/www.esplac.cat\\\/en\\\/\"},{\"@type\":\"ListItem\",\"position\":2,\"name\":\"Esplais Catalans celebrem el Dia Universal dels Drets dels Infants arreu del territori\"}]},{\"@type\":\"WebSite\",\"@id\":\"https:\\\/\\\/www.esplac.cat\\\/#website\",\"url\":\"https:\\\/\\\/www.esplac.cat\\\/\",\"name\":\"Esplac\",\"description\":\"Esplais Catalans\",\"publisher\":{\"@id\":\"https:\\\/\\\/www.esplac.cat\\\/#organization\"},\"potentialAction\":[{\"@type\":\"SearchAction\",\"target\":{\"@type\":\"EntryPoint\",\"urlTemplate\":\"https:\\\/\\\/www.esplac.cat\\\/?s={search_term_string}\"},\"query-input\":{\"@type\":\"PropertyValueSpecification\",\"valueRequired\":true,\"valueName\":\"search_term_string\"}}],\"inLanguage\":\"en-US\"},{\"@type\":\"Organization\",\"@id\":\"https:\\\/\\\/www.esplac.cat\\\/#organization\",\"name\":\"Esplac\",\"url\":\"https:\\\/\\\/www.esplac.cat\\\/\",\"logo\":{\"@type\":\"ImageObject\",\"inLanguage\":\"en-US\",\"@id\":\"https:\\\/\\\/www.esplac.cat\\\/#\\\/schema\\\/logo\\\/image\\\/\",\"url\":\"https:\\\/\\\/www.esplac.cat\\\/wp-content\\\/uploads\\\/2019\\\/08\\\/logox2.png\",\"contentUrl\":\"https:\\\/\\\/www.esplac.cat\\\/wp-content\\\/uploads\\\/2019\\\/08\\\/logox2.png\",\"width\":600,\"height\":295,\"caption\":\"Esplac\"},\"image\":{\"@id\":\"https:\\\/\\\/www.esplac.cat\\\/#\\\/schema\\\/logo\\\/image\\\/\"}},{\"@type\":\"Person\",\"@id\":\"https:\\\/\\\/www.esplac.cat\\\/#\\\/schema\\\/person\\\/908383cf240be18b68f8855d0583faca\",\"name\":\"Comunicaci\u00f3 Esplac\",\"image\":{\"@type\":\"ImageObject\",\"inLanguage\":\"en-US\",\"@id\":\"https:\\\/\\\/secure.gravatar.com\\\/avatar\\\/7a4cf8feb412a76ea4a740ca02d95b06b2907b5a6c648c2dd0a1082a093c3141?s=96&d=mm&r=g\",\"url\":\"https:\\\/\\\/secure.gravatar.com\\\/avatar\\\/7a4cf8feb412a76ea4a740ca02d95b06b2907b5a6c648c2dd0a1082a093c3141?s=96&d=mm&r=g\",\"contentUrl\":\"https:\\\/\\\/secure.gravatar.com\\\/avatar\\\/7a4cf8feb412a76ea4a740ca02d95b06b2907b5a6c648c2dd0a1082a093c3141?s=96&d=mm&r=g\",\"caption\":\"Comunicaci\u00f3 Esplac\"}}]}<\/script>\n<!-- \/ Yoast SEO plugin. -->","yoast_head_json":{"title":"Esplais Catalans celebrem el Dia Universal dels Drets dels Infants","description":"El 20 de novembre \u00e9s el Dia Universal dels Drets dels Infants i, com cada any, els esplais d\u2019Esplac surten al carrer per reivindicar-los.","robots":{"index":"index","follow":"follow","max-snippet":"max-snippet:-1","max-image-preview":"max-image-preview:large","max-video-preview":"max-video-preview:-1"},"canonical":"https:\/\/www.esplac.cat\/esplais-catalans-celebrem-dia-universal-drets-infants-23\/","og_locale":"en_US","og_type":"article","og_title":"Esplais Catalans celebrem el Dia Universal dels Drets dels Infants","og_description":"El 20 de novembre \u00e9s el Dia Universal dels Drets dels Infants i, com cada any, els esplais d\u2019Esplac surten al carrer per reivindicar-los.","og_url":"https:\/\/www.esplac.cat\/esplais-catalans-celebrem-dia-universal-drets-infants-23\/","og_site_name":"Esplac","article_published_time":"2023-11-16T12:58:10+00:00","article_modified_time":"2024-10-15T06:58:07+00:00","og_image":[{"width":1697,"height":700,"url":"https:\/\/www.esplac.cat\/wp-content\/uploads\/2023\/11\/Portades-Web-5.jpg","type":"image\/jpeg"}],"author":"Comunicaci\u00f3 Esplac","twitter_card":"summary_large_image","twitter_misc":{"Written by":"Comunicaci\u00f3 Esplac","Est. reading time":"4 minutes"},"schema":{"@context":"https:\/\/schema.org","@graph":[{"@type":"Article","@id":"https:\/\/www.esplac.cat\/esplais-catalans-celebrem-dia-universal-drets-infants-23\/#article","isPartOf":{"@id":"https:\/\/www.esplac.cat\/esplais-catalans-celebrem-dia-universal-drets-infants-23\/"},"author":{"name":"Comunicaci\u00f3 Esplac","@id":"https:\/\/www.esplac.cat\/#\/schema\/person\/908383cf240be18b68f8855d0583faca"},"headline":"Esplais Catalans celebrem el Dia Universal dels Drets dels Infants arreu del territori","datePublished":"2023-11-16T12:58:10+00:00","dateModified":"2024-10-15T06:58:07+00:00","mainEntityOfPage":{"@id":"https:\/\/www.esplac.cat\/esplais-catalans-celebrem-dia-universal-drets-infants-23\/"},"wordCount":817,"publisher":{"@id":"https:\/\/www.esplac.cat\/#organization"},"image":{"@id":"https:\/\/www.esplac.cat\/esplais-catalans-celebrem-dia-universal-drets-infants-23\/#primaryimage"},"thumbnailUrl":"https:\/\/www.esplac.cat\/wp-content\/uploads\/2023\/11\/Portades-Web-5.jpg","articleSection":["20-N: Drets dels infants","Sense categoria"],"inLanguage":"en-US"},{"@type":"WebPage","@id":"https:\/\/www.esplac.cat\/esplais-catalans-celebrem-dia-universal-drets-infants-23\/","url":"https:\/\/www.esplac.cat\/esplais-catalans-celebrem-dia-universal-drets-infants-23\/","name":"Esplais Catalans celebrem el Dia Universal dels Drets dels Infants","isPartOf":{"@id":"https:\/\/www.esplac.cat\/#website"},"primaryImageOfPage":{"@id":"https:\/\/www.esplac.cat\/esplais-catalans-celebrem-dia-universal-drets-infants-23\/#primaryimage"},"image":{"@id":"https:\/\/www.esplac.cat\/esplais-catalans-celebrem-dia-universal-drets-infants-23\/#primaryimage"},"thumbnailUrl":"https:\/\/www.esplac.cat\/wp-content\/uploads\/2023\/11\/Portades-Web-5.jpg","datePublished":"2023-11-16T12:58:10+00:00","dateModified":"2024-10-15T06:58:07+00:00","description":"El 20 de novembre \u00e9s el Dia Universal dels Drets dels Infants i, com cada any, els esplais d\u2019Esplac surten al carrer per reivindicar-los.","breadcrumb":{"@id":"https:\/\/www.esplac.cat\/esplais-catalans-celebrem-dia-universal-drets-infants-23\/#breadcrumb"},"inLanguage":"en-US","potentialAction":[{"@type":"ReadAction","target":["https:\/\/www.esplac.cat\/esplais-catalans-celebrem-dia-universal-drets-infants-23\/"]}]},{"@type":"ImageObject","inLanguage":"en-US","@id":"https:\/\/www.esplac.cat\/esplais-catalans-celebrem-dia-universal-drets-infants-23\/#primaryimage","url":"https:\/\/www.esplac.cat\/wp-content\/uploads\/2023\/11\/Portades-Web-5.jpg","contentUrl":"https:\/\/www.esplac.cat\/wp-content\/uploads\/2023\/11\/Portades-Web-5.jpg","width":1697,"height":700,"caption":"Drets Infants"},{"@type":"BreadcrumbList","@id":"https:\/\/www.esplac.cat\/esplais-catalans-celebrem-dia-universal-drets-infants-23\/#breadcrumb","itemListElement":[{"@type":"ListItem","position":1,"name":"Inici","item":"https:\/\/www.esplac.cat\/en\/"},{"@type":"ListItem","position":2,"name":"Esplais Catalans celebrem el Dia Universal dels Drets dels Infants arreu del territori"}]},{"@type":"WebSite","@id":"https:\/\/www.esplac.cat\/#website","url":"https:\/\/www.esplac.cat\/","name":"Esplac","description":"Esplais Catalans","publisher":{"@id":"https:\/\/www.esplac.cat\/#organization"},"potentialAction":[{"@type":"SearchAction","target":{"@type":"EntryPoint","urlTemplate":"https:\/\/www.esplac.cat\/?s={search_term_string}"},"query-input":{"@type":"PropertyValueSpecification","valueRequired":true,"valueName":"search_term_string"}}],"inLanguage":"en-US"},{"@type":"Organization","@id":"https:\/\/www.esplac.cat\/#organization","name":"Esplac","url":"https:\/\/www.esplac.cat\/","logo":{"@type":"ImageObject","inLanguage":"en-US","@id":"https:\/\/www.esplac.cat\/#\/schema\/logo\/image\/","url":"https:\/\/www.esplac.cat\/wp-content\/uploads\/2019\/08\/logox2.png","contentUrl":"https:\/\/www.esplac.cat\/wp-content\/uploads\/2019\/08\/logox2.png","width":600,"height":295,"caption":"Esplac"},"image":{"@id":"https:\/\/www.esplac.cat\/#\/schema\/logo\/image\/"}},{"@type":"Person","@id":"https:\/\/www.esplac.cat\/#\/schema\/person\/908383cf240be18b68f8855d0583faca","name":"Comunicaci\u00f3 Esplac","image":{"@type":"ImageObject","inLanguage":"en-US","@id":"https:\/\/secure.gravatar.com\/avatar\/7a4cf8feb412a76ea4a740ca02d95b06b2907b5a6c648c2dd0a1082a093c3141?s=96&d=mm&r=g","url":"https:\/\/secure.gravatar.com\/avatar\/7a4cf8feb412a76ea4a740ca02d95b06b2907b5a6c648c2dd0a1082a093c3141?s=96&d=mm&r=g","contentUrl":"https:\/\/secure.gravatar.com\/avatar\/7a4cf8feb412a76ea4a740ca02d95b06b2907b5a6c648c2dd0a1082a093c3141?s=96&d=mm&r=g","caption":"Comunicaci\u00f3 Esplac"}}]}},"_links":{"self":[{"href":"https:\/\/www.esplac.cat\/en\/wp-json\/wp\/v2\/posts\/48189","targetHints":{"allow":["GET"]}}],"collection":[{"href":"https:\/\/www.esplac.cat\/en\/wp-json\/wp\/v2\/posts"}],"about":[{"href":"https:\/\/www.esplac.cat\/en\/wp-json\/wp\/v2\/types\/post"}],"author":[{"embeddable":true,"href":"https:\/\/www.esplac.cat\/en\/wp-json\/wp\/v2\/users\/3"}],"replies":[{"embeddable":true,"href":"https:\/\/www.esplac.cat\/en\/wp-json\/wp\/v2\/comments?post=48189"}],"version-history":[{"count":1,"href":"https:\/\/www.esplac.cat\/en\/wp-json\/wp\/v2\/posts\/48189\/revisions"}],"predecessor-version":[{"id":51274,"href":"https:\/\/www.esplac.cat\/en\/wp-json\/wp\/v2\/posts\/48189\/revisions\/51274"}],"wp:featuredmedia":[{"embeddable":true,"href":"https:\/\/www.esplac.cat\/en\/wp-json\/wp\/v2\/media\/48193"}],"wp:attachment":[{"href":"https:\/\/www.esplac.cat\/en\/wp-json\/wp\/v2\/media?parent=48189"}],"wp:term":[{"taxonomy":"category","embeddable":true,"href":"https:\/\/www.esplac.cat\/en\/wp-json\/wp\/v2\/categories?post=48189"},{"taxonomy":"post_tag","embeddable":true,"href":"https:\/\/www.esplac.cat\/en\/wp-json\/wp\/v2\/tags?post=48189"}],"curies":[{"name":"wp","href":"https:\/\/api.w.org\/{rel}","templated":true}]}}