{"id":48304,"date":"2023-12-04T10:24:04","date_gmt":"2023-12-04T08:24:04","guid":{"rendered":"https:\/\/www.esplac.cat\/?p=48304"},"modified":"2023-12-12T10:47:05","modified_gmt":"2023-12-12T08:47:05","slug":"ago-2023","status":"publish","type":"post","link":"https:\/\/www.esplac.cat\/en\/ago-2023\/","title":{"rendered":"Esplais Catalans exigim la fi del genocidi al poble palest\u00ed i renovem els seus Estatuts, el Reglament de R\u00e8gim Intern i l\u2019Equip de Coordinaci\u00f3 en la XLII Assemblea General Ordin\u00e0ria de l\u2019entitat"},"content":{"rendered":"<div class=\"fusion-fullwidth fullwidth-box fusion-builder-row-1 fusion-flex-container nonhundred-percent-fullwidth non-hundred-percent-height-scrolling\" style=\"--awb-border-radius-top-left:0px;--awb-border-radius-top-right:0px;--awb-border-radius-bottom-right:0px;--awb-border-radius-bottom-left:0px;--awb-flex-wrap:wrap;\" ><div class=\"fusion-builder-row fusion-row fusion-flex-align-items-flex-start fusion-flex-content-wrap\" style=\"max-width:1248px;margin-left: calc(-4% \/ 2 );margin-right: calc(-4% \/ 2 );\"><div class=\"fusion-layout-column fusion_builder_column fusion-builder-column-0 fusion_builder_column_1_1 1_1 fusion-flex-column\" style=\"--awb-bg-size:cover;--awb-width-large:100%;--awb-margin-top-large:0px;--awb-spacing-right-large:1.92%;--awb-margin-bottom-large:0px;--awb-spacing-left-large:1.92%;--awb-width-medium:100%;--awb-spacing-right-medium:1.92%;--awb-spacing-left-medium:1.92%;--awb-width-small:100%;--awb-spacing-right-small:1.92%;--awb-spacing-left-small:1.92%;\"><div class=\"fusion-column-wrapper fusion-flex-justify-content-flex-start fusion-content-layout-column\"><div class=\"fusion-text fusion-text-1\"><h6><strong>Aquest darrer cap de setmana, l\u2019associaci\u00f3 Esplais Catalans \u2013 Esplac ha celebrat la seva 42a Assemblea General Ordin\u00e0ria, l\u2019\u00f2rgan de decisi\u00f3 m\u00e9s important de l\u2019entitat, a Vilassar de Dalt.<\/strong><\/h6>\n<h6><strong>Els esplais assistents han aprovat els nous Estatuts de l&#8217;associaci\u00f3, canvis en el Reglament de R\u00e8gim Intern i el Codi \u00c8tic i la incorporaci\u00f3 de nous membre a l\u2019Equip de Coordinaci\u00f3 i a les Representants de Comissions, l\u2019elecci\u00f3 de la nova presid\u00e8ncia a c\u00e0rrec de Cristina Gotzens, i la ratificaci\u00f3 de la Secretaria General i de l\u2019Interventor de Comptes, entre altres destacats.<\/strong><\/h6>\n<p><span style=\"font-weight: 300;\">Esplais Catalans &#8211; Esplac hem celebrat, aquest cap de setmana 2 i 3 de desembre, la seva <\/span><b>42ena Assemblea General Ordin\u00e0ria<\/b><span style=\"font-weight: 300;\">, el m\u00e0xim espai de decisi\u00f3 de l\u2019entitat. Aquest cop, Vilassar de Dalt ha acollit l\u2019Assemblea, al Teatre la Massa i a diversos equipaments municipals.\u00a0<\/span><\/p>\n<p><span style=\"font-weight: 300;\">Al voltant de<\/span><b> 200 <\/b><b>monitores <\/b><b>i monitors<\/b><span style=\"font-weight: 300;\"> de<\/span> <b>60 <\/b><b>esplais d\u2019arreu del territori<\/b><span style=\"font-weight: 300;\"> hem aprovat els principals projectes de l\u2019associaci\u00f3 pel curs vinent, aix\u00ed com els posicionaments de l&#8217;entitat. Tamb\u00e9 han assistit representants de les principals associacions infantils, juvenils i pol\u00edtiques catalanes.\u00a0<\/span><\/p>\n<p><b>L\u2019AGO XLII, al detall<\/b><\/p>\n<p><span style=\"font-weight: 300;\">Durant l\u2019acte s\u2019ha aprovat<\/span><b> la presid\u00e8ncia, a c\u00e0rrec de Cristina Gotzens<\/b><span style=\"font-weight: 300;\">.\u00a0 A m\u00e9s, s\u2019ha ratificat la figura de <\/span><b>Secretaria General<\/b><span style=\"font-weight: 300;\">, que realitza la Clara Bricull\u00e9 des de fa 3 anys. La Secret\u00e0ria General \u00e9s una persona alliberada de l\u2019Equip de Coordinaci\u00f3 que treballa a l\u2019associaci\u00f3 per tal de coordinar i assegurar que s\u2019efectuen les l\u00ednies pol\u00edtiques. A m\u00e9s, s\u2019han renovat i incorporat uns altres <\/span><b>6 membres a l\u2019Equip de Coordinaci\u00f3<\/b><span style=\"font-weight: 300;\">: Pau Mora, Mireia Bartolom\u00e9, Paula Duaso, Martina Picas, Ona Serra i Mariona Guill\u00e9n i s\u2019ha ratificat l\u2019Interventor de Comptes per Eduard Fernando.<\/span><\/p>\n<p><span style=\"font-weight: 300;\">El Pla de Treball 2023-24, aprovat aquest cap de setmana, aposta per la creaci\u00f3 de continguts i visibilitzaci\u00f3 de referents infantils i juvenils a trav\u00e9s de la creaci\u00f3 de <\/span><a href=\"http:\/\/lapiqueta.cat\"><b>lapiqueta.cat<\/b><\/a><span style=\"font-weight: 300;\">, la <\/span><b>nova revista digital d\u2019Esplac<\/b><span style=\"font-weight: 300;\"> dedicada a infants i joves. A m\u00e9s, s\u2019ha manifestat la voluntat de <\/span><b>seguir treballant i reclamant locals dignes<\/b><span style=\"font-weight: 300;\"> on fer esplai els dissabtes, aix\u00ed com de realitzar els Campaments Pedag\u00f2gics d\u2019Esplac amb la voluntat de generar discurs a l\u2019entitat.\u00a0<\/span><\/p>\n<p><span style=\"font-weight: 300;\">Un dels altres punts destacats de l\u2019Assemblea ha estat la incorporaci\u00f3 de canvis estructurals en la documentaci\u00f3 que han perm\u00e8s la <\/span><b>renovaci\u00f3 d\u2019Estatuts, el Reglament de R\u00e8gim intern i el Codi \u00c8tic d\u2019Esplais Catalans<\/b><span style=\"font-weight: 300;\">.\u00a0 <\/span><span style=\"font-weight: 300;\">L\u2019Equip de Coordinaci\u00f3 ha valorat la seva satisfacci\u00f3 en haver fet la revisi\u00f3 i aprovaci\u00f3 dels Estatuts i Reglament de R\u00e8gim Intern i recalquen que \u00e9s molt positiva la participaci\u00f3 activa dels esplais durant l\u2019Assemblea General Ordin\u00e0ria. Concretament, en l\u2019aprovaci\u00f3 del Pressupost, que feia anys que no s\u2019esmenava i que reafirma el poder decisi\u00f3 dels esplais sobre l\u2019entitat.\u00a0<\/span><\/p>\n<p><span style=\"font-weight: 300;\">L&#8217;Assemblea ha finalitzat amb l\u2019<\/span><b>associaci\u00f3 de l\u2019entitat a <\/b><a href=\"https:\/\/fets.org\/\"><b>FETS<\/b><\/a><span style=\"font-weight: 300;\">, Finan\u00e7ament \u00c8tic i Solidari, apostant per la banca \u00e8tica, aix\u00ed com s\u2019ha exigit la<\/span><b> fi del genocidi al poble palest\u00ed <\/b><span style=\"font-weight: 300;\">per part d\u2019Israel amb la votaci\u00f3 per unanimitat de la resoluci\u00f3 Just\u00edcia per Palestina<\/span><span style=\"font-weight: 300;\">! <\/span><\/p>\n<\/div><div class=\"awb-gallery-wrapper awb-gallery-wrapper-1 button-span-no\" style=\"--more-btn-alignment:center;\"><div style=\"margin:-2px;--awb-bordersize:10px;\" class=\"fusion-gallery fusion-gallery-container fusion-grid-2 fusion-columns-total-4 fusion-gallery-layout-grid fusion-gallery-1\"><div style=\"padding:2.5px;\" class=\"fusion-grid-column fusion-gallery-column fusion-gallery-column-2 hover-type-none\"><div class=\"fusion-gallery-image\"><a href=\"https:\/\/www.esplac.cat\/wp-content\/uploads\/2023\/12\/53390240141_146ae7ab40_c.jpg\" rel=\"noreferrer\" data-rel=\"iLightbox[gallery_image_1]\" class=\"fusion-lightbox\" target=\"_self\"><img decoding=\"async\" src=\"https:\/\/www.esplac.cat\/wp-content\/uploads\/2023\/12\/53390240141_146ae7ab40_c.jpg\" width=\"799\" height=\"533\" alt=\"\" title=\"53390240141_146ae7ab40_c\" aria-label=\"53390240141_146ae7ab40_c\" class=\"img-responsive wp-image-48361\" srcset=\"https:\/\/www.esplac.cat\/wp-content\/uploads\/2023\/12\/53390240141_146ae7ab40_c-200x133.jpg 200w, https:\/\/www.esplac.cat\/wp-content\/uploads\/2023\/12\/53390240141_146ae7ab40_c-400x267.jpg 400w, https:\/\/www.esplac.cat\/wp-content\/uploads\/2023\/12\/53390240141_146ae7ab40_c-600x400.jpg 600w, https:\/\/www.esplac.cat\/wp-content\/uploads\/2023\/12\/53390240141_146ae7ab40_c.jpg 799w\" sizes=\"(min-width: 2200px) 100vw, (min-width: 712px) 599px, (min-width: 640px) 712px, \" \/><\/a><\/div><\/div><div style=\"padding:2.5px;\" class=\"fusion-grid-column fusion-gallery-column fusion-gallery-column-2 hover-type-none\"><div class=\"fusion-gallery-image\"><a href=\"https:\/\/www.esplac.cat\/wp-content\/uploads\/2023\/12\/53390427053_a9df7906f6_c.jpg\" rel=\"noreferrer\" data-rel=\"iLightbox[gallery_image_1]\" class=\"fusion-lightbox\" target=\"_self\"><img decoding=\"async\" src=\"https:\/\/www.esplac.cat\/wp-content\/uploads\/2023\/12\/53390427053_a9df7906f6_c.jpg\" width=\"799\" height=\"533\" alt=\"\" title=\"53390427053_a9df7906f6_c\" aria-label=\"53390427053_a9df7906f6_c\" class=\"img-responsive wp-image-48364\" srcset=\"https:\/\/www.esplac.cat\/wp-content\/uploads\/2023\/12\/53390427053_a9df7906f6_c-200x133.jpg 200w, https:\/\/www.esplac.cat\/wp-content\/uploads\/2023\/12\/53390427053_a9df7906f6_c-400x267.jpg 400w, https:\/\/www.esplac.cat\/wp-content\/uploads\/2023\/12\/53390427053_a9df7906f6_c-600x400.jpg 600w, https:\/\/www.esplac.cat\/wp-content\/uploads\/2023\/12\/53390427053_a9df7906f6_c.jpg 799w\" sizes=\"(min-width: 2200px) 100vw, (min-width: 712px) 599px, (min-width: 640px) 712px, \" \/><\/a><\/div><\/div><div class=\"clearfix\"><\/div><div style=\"padding:2.5px;\" class=\"fusion-grid-column fusion-gallery-column fusion-gallery-column-2 hover-type-none\"><div class=\"fusion-gallery-image\"><a href=\"https:\/\/www.esplac.cat\/wp-content\/uploads\/2023\/12\/53390678520_de14dc54d6_c.jpg\" rel=\"noreferrer\" data-rel=\"iLightbox[gallery_image_1]\" class=\"fusion-lightbox\" target=\"_self\"><img decoding=\"async\" src=\"https:\/\/www.esplac.cat\/wp-content\/uploads\/2023\/12\/53390678520_de14dc54d6_c.jpg\" width=\"799\" height=\"533\" alt=\"\" title=\"53390678520_de14dc54d6_c\" aria-label=\"53390678520_de14dc54d6_c\" class=\"img-responsive wp-image-48367\" srcset=\"https:\/\/www.esplac.cat\/wp-content\/uploads\/2023\/12\/53390678520_de14dc54d6_c-200x133.jpg 200w, https:\/\/www.esplac.cat\/wp-content\/uploads\/2023\/12\/53390678520_de14dc54d6_c-400x267.jpg 400w, https:\/\/www.esplac.cat\/wp-content\/uploads\/2023\/12\/53390678520_de14dc54d6_c-600x400.jpg 600w, https:\/\/www.esplac.cat\/wp-content\/uploads\/2023\/12\/53390678520_de14dc54d6_c.jpg 799w\" sizes=\"(min-width: 2200px) 100vw, (min-width: 712px) 599px, (min-width: 640px) 712px, \" \/><\/a><\/div><\/div><div style=\"padding:2.5px;\" class=\"fusion-grid-column fusion-gallery-column fusion-gallery-column-2 hover-type-none\"><div class=\"fusion-gallery-image\"><a href=\"https:\/\/www.esplac.cat\/wp-content\/uploads\/2023\/12\/53390550479_e07f965cce_c.jpg\" rel=\"noreferrer\" data-rel=\"iLightbox[gallery_image_1]\" class=\"fusion-lightbox\" target=\"_self\"><img decoding=\"async\" src=\"https:\/\/www.esplac.cat\/wp-content\/uploads\/2023\/12\/53390550479_e07f965cce_c.jpg\" width=\"799\" height=\"533\" alt=\"\" title=\"53390550479_e07f965cce_c\" aria-label=\"53390550479_e07f965cce_c\" class=\"img-responsive wp-image-48370\" srcset=\"https:\/\/www.esplac.cat\/wp-content\/uploads\/2023\/12\/53390550479_e07f965cce_c-200x133.jpg 200w, https:\/\/www.esplac.cat\/wp-content\/uploads\/2023\/12\/53390550479_e07f965cce_c-400x267.jpg 400w, https:\/\/www.esplac.cat\/wp-content\/uploads\/2023\/12\/53390550479_e07f965cce_c-600x400.jpg 600w, https:\/\/www.esplac.cat\/wp-content\/uploads\/2023\/12\/53390550479_e07f965cce_c.jpg 799w\" sizes=\"(min-width: 2200px) 100vw, (min-width: 712px) 599px, (min-width: 640px) 712px, \" \/><\/a><\/div><\/div><div class=\"clearfix\"><\/div><\/div><\/div><div style=\"text-align:center;\"><a class=\"fusion-button button-flat fusion-button-default-size button-default fusion-button-default button-1 fusion-button-default-span fusion-button-default-type\" style=\"--button_margin-top:20px;--button_margin-bottom:20px;\" target=\"_self\" href=\"https:\/\/www.flickr.com\/photos\/esplaiscatalans\/albums\/72177720313295857\/with\/53389318852\"><span class=\"fusion-button-text\">GALERIA DE FOTOS<\/span><\/a><\/div><\/div><\/div><\/div><\/div>\n","protected":false},"excerpt":{"rendered":"","protected":false},"author":3,"featured_media":48305,"comment_status":"closed","ping_status":"closed","sticky":false,"template":"","format":"standard","meta":{"om_disable_all_campaigns":false,"_monsterinsights_skip_tracking":false,"_monsterinsights_sitenote_active":false,"_monsterinsights_sitenote_note":"","_monsterinsights_sitenote_category":0,"_uf_show_specific_survey":0,"_uf_disable_surveys":false,"footnotes":""},"categories":[1111,1134],"tags":[],"class_list":["post-48304","post","type-post","status-publish","format-standard","has-post-thumbnail","hentry","category-activitats-esplac","category-assemblea-general-ordinaria"],"yoast_head":"<!-- This site is optimized with the Yoast SEO plugin v27.4 - https:\/\/yoast.com\/product\/yoast-seo-wordpress\/ -->\n<title>Esplais Catalans exigim la fi del genocidi al poble palest\u00ed i renovem els seus Estatuts, el Reglament de R\u00e8gim Intern i l\u2019Equip de Coordinaci\u00f3 en la XLII Assemblea General Ordin\u00e0ria de l\u2019entitat - Esplac<\/title>\n<meta name=\"robots\" content=\"index, follow, max-snippet:-1, max-image-preview:large, max-video-preview:-1\" \/>\n<link rel=\"canonical\" href=\"https:\/\/www.esplac.cat\/ago-2023\/\" \/>\n<meta property=\"og:locale\" content=\"en_US\" \/>\n<meta property=\"og:type\" content=\"article\" \/>\n<meta property=\"og:title\" content=\"Esplais Catalans exigim la fi del genocidi al poble palest\u00ed i renovem els seus Estatuts, el Reglament de R\u00e8gim Intern i l\u2019Equip de Coordinaci\u00f3 en la XLII Assemblea General Ordin\u00e0ria de l\u2019entitat - Esplac\" \/>\n<meta property=\"og:url\" content=\"https:\/\/www.esplac.cat\/ago-2023\/\" \/>\n<meta property=\"og:site_name\" content=\"Esplac\" \/>\n<meta property=\"article:published_time\" content=\"2023-12-04T08:24:04+00:00\" \/>\n<meta property=\"article:modified_time\" content=\"2023-12-12T08:47:05+00:00\" \/>\n<meta property=\"og:image\" content=\"https:\/\/www.esplac.cat\/wp-content\/uploads\/2023\/12\/Portades-Web.png\" \/>\n\t<meta property=\"og:image:width\" content=\"1697\" \/>\n\t<meta property=\"og:image:height\" content=\"700\" \/>\n\t<meta property=\"og:image:type\" content=\"image\/png\" \/>\n<meta name=\"author\" content=\"Comunicaci\u00f3 Esplac\" \/>\n<meta name=\"twitter:card\" content=\"summary_large_image\" \/>\n<meta name=\"twitter:label1\" content=\"Written by\" \/>\n\t<meta name=\"twitter:data1\" content=\"Comunicaci\u00f3 Esplac\" \/>\n\t<meta name=\"twitter:label2\" content=\"Est. reading time\" \/>\n\t<meta name=\"twitter:data2\" content=\"4 minutes\" \/>\n<script type=\"application\/ld+json\" class=\"yoast-schema-graph\">{\"@context\":\"https:\\\/\\\/schema.org\",\"@graph\":[{\"@type\":\"Article\",\"@id\":\"https:\\\/\\\/www.esplac.cat\\\/ago-2023\\\/#article\",\"isPartOf\":{\"@id\":\"https:\\\/\\\/www.esplac.cat\\\/ago-2023\\\/\"},\"author\":{\"name\":\"Comunicaci\u00f3 Esplac\",\"@id\":\"https:\\\/\\\/www.esplac.cat\\\/#\\\/schema\\\/person\\\/908383cf240be18b68f8855d0583faca\"},\"headline\":\"Esplais Catalans exigim la fi del genocidi al poble palest\u00ed i renovem els seus Estatuts, el Reglament de R\u00e8gim Intern i l\u2019Equip de Coordinaci\u00f3 en la XLII Assemblea General Ordin\u00e0ria de l\u2019entitat\",\"datePublished\":\"2023-12-04T08:24:04+00:00\",\"dateModified\":\"2023-12-12T08:47:05+00:00\",\"mainEntityOfPage\":{\"@id\":\"https:\\\/\\\/www.esplac.cat\\\/ago-2023\\\/\"},\"wordCount\":1247,\"publisher\":{\"@id\":\"https:\\\/\\\/www.esplac.cat\\\/#organization\"},\"image\":{\"@id\":\"https:\\\/\\\/www.esplac.cat\\\/ago-2023\\\/#primaryimage\"},\"thumbnailUrl\":\"https:\\\/\\\/www.esplac.cat\\\/wp-content\\\/uploads\\\/2023\\\/12\\\/Portades-Web.png\",\"articleSection\":[\"Activitats esplac\",\"Assemblea General Ordin\u00e0ria\"],\"inLanguage\":\"en-US\"},{\"@type\":\"WebPage\",\"@id\":\"https:\\\/\\\/www.esplac.cat\\\/ago-2023\\\/\",\"url\":\"https:\\\/\\\/www.esplac.cat\\\/ago-2023\\\/\",\"name\":\"Esplais Catalans exigim la fi del genocidi al poble palest\u00ed i renovem els seus Estatuts, el Reglament de R\u00e8gim Intern i l\u2019Equip de Coordinaci\u00f3 en la XLII Assemblea General Ordin\u00e0ria de l\u2019entitat - Esplac\",\"isPartOf\":{\"@id\":\"https:\\\/\\\/www.esplac.cat\\\/#website\"},\"primaryImageOfPage\":{\"@id\":\"https:\\\/\\\/www.esplac.cat\\\/ago-2023\\\/#primaryimage\"},\"image\":{\"@id\":\"https:\\\/\\\/www.esplac.cat\\\/ago-2023\\\/#primaryimage\"},\"thumbnailUrl\":\"https:\\\/\\\/www.esplac.cat\\\/wp-content\\\/uploads\\\/2023\\\/12\\\/Portades-Web.png\",\"datePublished\":\"2023-12-04T08:24:04+00:00\",\"dateModified\":\"2023-12-12T08:47:05+00:00\",\"breadcrumb\":{\"@id\":\"https:\\\/\\\/www.esplac.cat\\\/ago-2023\\\/#breadcrumb\"},\"inLanguage\":\"en-US\",\"potentialAction\":[{\"@type\":\"ReadAction\",\"target\":[\"https:\\\/\\\/www.esplac.cat\\\/ago-2023\\\/\"]}]},{\"@type\":\"ImageObject\",\"inLanguage\":\"en-US\",\"@id\":\"https:\\\/\\\/www.esplac.cat\\\/ago-2023\\\/#primaryimage\",\"url\":\"https:\\\/\\\/www.esplac.cat\\\/wp-content\\\/uploads\\\/2023\\\/12\\\/Portades-Web.png\",\"contentUrl\":\"https:\\\/\\\/www.esplac.cat\\\/wp-content\\\/uploads\\\/2023\\\/12\\\/Portades-Web.png\",\"width\":1697,\"height\":700},{\"@type\":\"BreadcrumbList\",\"@id\":\"https:\\\/\\\/www.esplac.cat\\\/ago-2023\\\/#breadcrumb\",\"itemListElement\":[{\"@type\":\"ListItem\",\"position\":1,\"name\":\"Inici\",\"item\":\"https:\\\/\\\/www.esplac.cat\\\/en\\\/\"},{\"@type\":\"ListItem\",\"position\":2,\"name\":\"Esplais Catalans exigim la fi del genocidi al poble palest\u00ed i renovem els seus Estatuts, el Reglament de R\u00e8gim Intern i l\u2019Equip de Coordinaci\u00f3 en la XLII Assemblea General Ordin\u00e0ria de l\u2019entitat\"}]},{\"@type\":\"WebSite\",\"@id\":\"https:\\\/\\\/www.esplac.cat\\\/#website\",\"url\":\"https:\\\/\\\/www.esplac.cat\\\/\",\"name\":\"Esplac\",\"description\":\"Esplais Catalans\",\"publisher\":{\"@id\":\"https:\\\/\\\/www.esplac.cat\\\/#organization\"},\"potentialAction\":[{\"@type\":\"SearchAction\",\"target\":{\"@type\":\"EntryPoint\",\"urlTemplate\":\"https:\\\/\\\/www.esplac.cat\\\/?s={search_term_string}\"},\"query-input\":{\"@type\":\"PropertyValueSpecification\",\"valueRequired\":true,\"valueName\":\"search_term_string\"}}],\"inLanguage\":\"en-US\"},{\"@type\":\"Organization\",\"@id\":\"https:\\\/\\\/www.esplac.cat\\\/#organization\",\"name\":\"Esplac\",\"url\":\"https:\\\/\\\/www.esplac.cat\\\/\",\"logo\":{\"@type\":\"ImageObject\",\"inLanguage\":\"en-US\",\"@id\":\"https:\\\/\\\/www.esplac.cat\\\/#\\\/schema\\\/logo\\\/image\\\/\",\"url\":\"https:\\\/\\\/www.esplac.cat\\\/wp-content\\\/uploads\\\/2019\\\/08\\\/logox2.png\",\"contentUrl\":\"https:\\\/\\\/www.esplac.cat\\\/wp-content\\\/uploads\\\/2019\\\/08\\\/logox2.png\",\"width\":600,\"height\":295,\"caption\":\"Esplac\"},\"image\":{\"@id\":\"https:\\\/\\\/www.esplac.cat\\\/#\\\/schema\\\/logo\\\/image\\\/\"}},{\"@type\":\"Person\",\"@id\":\"https:\\\/\\\/www.esplac.cat\\\/#\\\/schema\\\/person\\\/908383cf240be18b68f8855d0583faca\",\"name\":\"Comunicaci\u00f3 Esplac\",\"image\":{\"@type\":\"ImageObject\",\"inLanguage\":\"en-US\",\"@id\":\"https:\\\/\\\/secure.gravatar.com\\\/avatar\\\/7a4cf8feb412a76ea4a740ca02d95b06b2907b5a6c648c2dd0a1082a093c3141?s=96&d=mm&r=g\",\"url\":\"https:\\\/\\\/secure.gravatar.com\\\/avatar\\\/7a4cf8feb412a76ea4a740ca02d95b06b2907b5a6c648c2dd0a1082a093c3141?s=96&d=mm&r=g\",\"contentUrl\":\"https:\\\/\\\/secure.gravatar.com\\\/avatar\\\/7a4cf8feb412a76ea4a740ca02d95b06b2907b5a6c648c2dd0a1082a093c3141?s=96&d=mm&r=g\",\"caption\":\"Comunicaci\u00f3 Esplac\"}}]}<\/script>\n<!-- \/ Yoast SEO plugin. -->","yoast_head_json":{"title":"Esplais Catalans exigim la fi del genocidi al poble palest\u00ed i renovem els seus Estatuts, el Reglament de R\u00e8gim Intern i l\u2019Equip de Coordinaci\u00f3 en la XLII Assemblea General Ordin\u00e0ria de l\u2019entitat - Esplac","robots":{"index":"index","follow":"follow","max-snippet":"max-snippet:-1","max-image-preview":"max-image-preview:large","max-video-preview":"max-video-preview:-1"},"canonical":"https:\/\/www.esplac.cat\/ago-2023\/","og_locale":"en_US","og_type":"article","og_title":"Esplais Catalans exigim la fi del genocidi al poble palest\u00ed i renovem els seus Estatuts, el Reglament de R\u00e8gim Intern i l\u2019Equip de Coordinaci\u00f3 en la XLII Assemblea General Ordin\u00e0ria de l\u2019entitat - Esplac","og_url":"https:\/\/www.esplac.cat\/ago-2023\/","og_site_name":"Esplac","article_published_time":"2023-12-04T08:24:04+00:00","article_modified_time":"2023-12-12T08:47:05+00:00","og_image":[{"width":1697,"height":700,"url":"https:\/\/www.esplac.cat\/wp-content\/uploads\/2023\/12\/Portades-Web.png","type":"image\/png"}],"author":"Comunicaci\u00f3 Esplac","twitter_card":"summary_large_image","twitter_misc":{"Written by":"Comunicaci\u00f3 Esplac","Est. reading time":"4 minutes"},"schema":{"@context":"https:\/\/schema.org","@graph":[{"@type":"Article","@id":"https:\/\/www.esplac.cat\/ago-2023\/#article","isPartOf":{"@id":"https:\/\/www.esplac.cat\/ago-2023\/"},"author":{"name":"Comunicaci\u00f3 Esplac","@id":"https:\/\/www.esplac.cat\/#\/schema\/person\/908383cf240be18b68f8855d0583faca"},"headline":"Esplais Catalans exigim la fi del genocidi al poble palest\u00ed i renovem els seus Estatuts, el Reglament de R\u00e8gim Intern i l\u2019Equip de Coordinaci\u00f3 en la XLII Assemblea General Ordin\u00e0ria de l\u2019entitat","datePublished":"2023-12-04T08:24:04+00:00","dateModified":"2023-12-12T08:47:05+00:00","mainEntityOfPage":{"@id":"https:\/\/www.esplac.cat\/ago-2023\/"},"wordCount":1247,"publisher":{"@id":"https:\/\/www.esplac.cat\/#organization"},"image":{"@id":"https:\/\/www.esplac.cat\/ago-2023\/#primaryimage"},"thumbnailUrl":"https:\/\/www.esplac.cat\/wp-content\/uploads\/2023\/12\/Portades-Web.png","articleSection":["Activitats esplac","Assemblea General Ordin\u00e0ria"],"inLanguage":"en-US"},{"@type":"WebPage","@id":"https:\/\/www.esplac.cat\/ago-2023\/","url":"https:\/\/www.esplac.cat\/ago-2023\/","name":"Esplais Catalans exigim la fi del genocidi al poble palest\u00ed i renovem els seus Estatuts, el Reglament de R\u00e8gim Intern i l\u2019Equip de Coordinaci\u00f3 en la XLII Assemblea General Ordin\u00e0ria de l\u2019entitat - Esplac","isPartOf":{"@id":"https:\/\/www.esplac.cat\/#website"},"primaryImageOfPage":{"@id":"https:\/\/www.esplac.cat\/ago-2023\/#primaryimage"},"image":{"@id":"https:\/\/www.esplac.cat\/ago-2023\/#primaryimage"},"thumbnailUrl":"https:\/\/www.esplac.cat\/wp-content\/uploads\/2023\/12\/Portades-Web.png","datePublished":"2023-12-04T08:24:04+00:00","dateModified":"2023-12-12T08:47:05+00:00","breadcrumb":{"@id":"https:\/\/www.esplac.cat\/ago-2023\/#breadcrumb"},"inLanguage":"en-US","potentialAction":[{"@type":"ReadAction","target":["https:\/\/www.esplac.cat\/ago-2023\/"]}]},{"@type":"ImageObject","inLanguage":"en-US","@id":"https:\/\/www.esplac.cat\/ago-2023\/#primaryimage","url":"https:\/\/www.esplac.cat\/wp-content\/uploads\/2023\/12\/Portades-Web.png","contentUrl":"https:\/\/www.esplac.cat\/wp-content\/uploads\/2023\/12\/Portades-Web.png","width":1697,"height":700},{"@type":"BreadcrumbList","@id":"https:\/\/www.esplac.cat\/ago-2023\/#breadcrumb","itemListElement":[{"@type":"ListItem","position":1,"name":"Inici","item":"https:\/\/www.esplac.cat\/en\/"},{"@type":"ListItem","position":2,"name":"Esplais Catalans exigim la fi del genocidi al poble palest\u00ed i renovem els seus Estatuts, el Reglament de R\u00e8gim Intern i l\u2019Equip de Coordinaci\u00f3 en la XLII Assemblea General Ordin\u00e0ria de l\u2019entitat"}]},{"@type":"WebSite","@id":"https:\/\/www.esplac.cat\/#website","url":"https:\/\/www.esplac.cat\/","name":"Esplac","description":"Esplais Catalans","publisher":{"@id":"https:\/\/www.esplac.cat\/#organization"},"potentialAction":[{"@type":"SearchAction","target":{"@type":"EntryPoint","urlTemplate":"https:\/\/www.esplac.cat\/?s={search_term_string}"},"query-input":{"@type":"PropertyValueSpecification","valueRequired":true,"valueName":"search_term_string"}}],"inLanguage":"en-US"},{"@type":"Organization","@id":"https:\/\/www.esplac.cat\/#organization","name":"Esplac","url":"https:\/\/www.esplac.cat\/","logo":{"@type":"ImageObject","inLanguage":"en-US","@id":"https:\/\/www.esplac.cat\/#\/schema\/logo\/image\/","url":"https:\/\/www.esplac.cat\/wp-content\/uploads\/2019\/08\/logox2.png","contentUrl":"https:\/\/www.esplac.cat\/wp-content\/uploads\/2019\/08\/logox2.png","width":600,"height":295,"caption":"Esplac"},"image":{"@id":"https:\/\/www.esplac.cat\/#\/schema\/logo\/image\/"}},{"@type":"Person","@id":"https:\/\/www.esplac.cat\/#\/schema\/person\/908383cf240be18b68f8855d0583faca","name":"Comunicaci\u00f3 Esplac","image":{"@type":"ImageObject","inLanguage":"en-US","@id":"https:\/\/secure.gravatar.com\/avatar\/7a4cf8feb412a76ea4a740ca02d95b06b2907b5a6c648c2dd0a1082a093c3141?s=96&d=mm&r=g","url":"https:\/\/secure.gravatar.com\/avatar\/7a4cf8feb412a76ea4a740ca02d95b06b2907b5a6c648c2dd0a1082a093c3141?s=96&d=mm&r=g","contentUrl":"https:\/\/secure.gravatar.com\/avatar\/7a4cf8feb412a76ea4a740ca02d95b06b2907b5a6c648c2dd0a1082a093c3141?s=96&d=mm&r=g","caption":"Comunicaci\u00f3 Esplac"}}]}},"_links":{"self":[{"href":"https:\/\/www.esplac.cat\/en\/wp-json\/wp\/v2\/posts\/48304","targetHints":{"allow":["GET"]}}],"collection":[{"href":"https:\/\/www.esplac.cat\/en\/wp-json\/wp\/v2\/posts"}],"about":[{"href":"https:\/\/www.esplac.cat\/en\/wp-json\/wp\/v2\/types\/post"}],"author":[{"embeddable":true,"href":"https:\/\/www.esplac.cat\/en\/wp-json\/wp\/v2\/users\/3"}],"replies":[{"embeddable":true,"href":"https:\/\/www.esplac.cat\/en\/wp-json\/wp\/v2\/comments?post=48304"}],"version-history":[{"count":5,"href":"https:\/\/www.esplac.cat\/en\/wp-json\/wp\/v2\/posts\/48304\/revisions"}],"predecessor-version":[{"id":48373,"href":"https:\/\/www.esplac.cat\/en\/wp-json\/wp\/v2\/posts\/48304\/revisions\/48373"}],"wp:featuredmedia":[{"embeddable":true,"href":"https:\/\/www.esplac.cat\/en\/wp-json\/wp\/v2\/media\/48305"}],"wp:attachment":[{"href":"https:\/\/www.esplac.cat\/en\/wp-json\/wp\/v2\/media?parent=48304"}],"wp:term":[{"taxonomy":"category","embeddable":true,"href":"https:\/\/www.esplac.cat\/en\/wp-json\/wp\/v2\/categories?post=48304"},{"taxonomy":"post_tag","embeddable":true,"href":"https:\/\/www.esplac.cat\/en\/wp-json\/wp\/v2\/tags?post=48304"}],"curies":[{"name":"wp","href":"https:\/\/api.w.org\/{rel}","templated":true}]}}