{"id":48445,"date":"2024-01-09T13:13:05","date_gmt":"2024-01-09T11:13:05","guid":{"rendered":"https:\/\/www.esplac.cat\/?p=48445"},"modified":"2024-01-09T13:49:18","modified_gmt":"2024-01-09T11:49:18","slug":"descobreix-qui-es-qui-nou-equip-coordinacio-esplac","status":"publish","type":"post","link":"https:\/\/www.esplac.cat\/en\/descobreix-qui-es-qui-nou-equip-coordinacio-esplac\/","title":{"rendered":"Descobreix qui \u00e9s qui al nou Equip de Coordinaci\u00f3 d&#8217;Esplac!"},"content":{"rendered":"<div class=\"fusion-fullwidth fullwidth-box fusion-builder-row-1 fusion-flex-container has-pattern-background has-mask-background nonhundred-percent-fullwidth non-hundred-percent-height-scrolling\" style=\"--awb-border-radius-top-left:0px;--awb-border-radius-top-right:0px;--awb-border-radius-bottom-right:0px;--awb-border-radius-bottom-left:0px;--awb-flex-wrap:wrap;\" ><div class=\"fusion-builder-row fusion-row fusion-flex-align-items-flex-start fusion-flex-content-wrap\" style=\"max-width:1248px;margin-left: calc(-4% \/ 2 );margin-right: calc(-4% \/ 2 );\"><div class=\"fusion-layout-column fusion_builder_column fusion-builder-column-0 fusion_builder_column_1_1 1_1 fusion-flex-column\" style=\"--awb-bg-size:cover;--awb-width-large:100%;--awb-margin-top-large:0px;--awb-spacing-right-large:1.92%;--awb-margin-bottom-large:20px;--awb-spacing-left-large:1.92%;--awb-width-medium:100%;--awb-order-medium:0;--awb-spacing-right-medium:1.92%;--awb-spacing-left-medium:1.92%;--awb-width-small:100%;--awb-order-small:0;--awb-spacing-right-small:1.92%;--awb-spacing-left-small:1.92%;\"><div class=\"fusion-column-wrapper fusion-column-has-shadow fusion-flex-justify-content-flex-start fusion-content-layout-column\"><div class=\"fusion-text fusion-text-1\"><h6><strong>A l\u2019Assemblea General Ordin\u00e0ria, els esplais d\u2019Esplac van escollir les persones que formaran part de l\u2019Equip de Coordinaci\u00f3 (Equico) aquest curs 2022\/24. Cada membre es referent d\u2019un Sector Geogr\u00e0fic i s\u2019encarrega d\u2019unes tasques concretes.<\/strong><\/h6>\n<p>L\u2019<strong>Equip de Coordinaci\u00f3<\/strong>\u00a0del curs 2023-2024 compta amb un total de 8 persones. La presidenta d\u2019Esplac \u00e9s la <b>Cristina Gotzens<\/b>. T\u00e9 24 anys i ve de l\u2019esplai Xirusplai (Badalona). La Cristina aquest curs \u00e9s referent del Sector Barcelona Sud, el Sector Vall\u00e8s Oriental, el projecte Locals, l&#8217;\u00c0rea de Comunicaci\u00f3, el proc\u00e9s de creaci\u00f3 i execuci\u00f3 del Pla Estrat\u00e8gic, l&#8217;<span style=\"color: #f69d0b;\"><strong><a style=\"color: #f69d0b;\" href=\"https:\/\/www.esplac.cat\/formacions\/escola-esplac\/\" target=\"_blank\" rel=\"noopener\">Escola d&#8217;Esplac<\/a><\/strong><\/span> i les <span style=\"color: #f69d0b;\"><strong><a style=\"color: #f69d0b;\" href=\"https:\/\/www.esplac.cat\/formacions\/jornades-lleure-feminsimes\/\" target=\"_blank\" rel=\"noopener\">Jornades de Lleure i Feminismes<\/a><\/strong><\/span>. Tamb\u00e9 formar\u00e0 part de l&#8217;Equip gestor de protocol i ser\u00e0 l&#8217;encarregada de la relaci\u00f3 d&#8217;Esplac amb la <span style=\"color: #f69d0b;\"><a style=\"color: #f69d0b;\" href=\"https:\/\/www.ferrerguardia.org\/es\/\" target=\"_blank\" rel=\"noopener noreferrer\"><strong>Fundaci\u00f3 Francesc Ferrer i Gu\u00e0rdia<\/strong> <\/a><\/span>i amb l&#8217;administraci\u00f3 p\u00fablica. Com a cosa curiosa, ens ha confessat que el seu grup de m\u00fasica preferit \u00e9s Iseo &amp; Dodosound!<\/p>\n<p>Com a vicepresidenta tenim a la <strong>Paula Duaso.\u00a0<\/strong>T\u00e9 25 anys i ve de l&#8217;esplai El Bot\u00f3 (Palau-solit\u00e0 i Plegamans). Enguany \u00e9s referent del Sector Bages, Bergued\u00e0 i La Cerdanya, el Sector Vall\u00e8s Occidental, el projecte de La Piqueta, l&#8217;\u00c0rea de Gesti\u00f3 de Recursos i el proc\u00e9s de creaci\u00f3 i execuci\u00f3 del Pla de transici\u00f3 feminista. Tamb\u00e9 forma part com a suplent de l&#8217;Equip gestor de protocol i ser\u00e0 l&#8217;encarregada de la relaci\u00f3 d&#8217;Esplac amb l&#8217;associaci\u00f3 <strong><span style=\"color: #f69d0b;\"><a style=\"color: #f69d0b;\" href=\"https:\/\/fets.org\/\" target=\"_blank\" rel=\"noopener\">FETS<\/a><\/span><\/strong>, la Xarxa d&#8217;Economia Solid\u00e0ria (<span style=\"color: #f69d0b;\"><strong><a style=\"color: #f69d0b;\" href=\"https:\/\/xes.cat\/\" target=\"_blank\" rel=\"noopener\">XES<\/a><\/strong><\/span>) i l&#8217;administraci\u00f3 p\u00fablica. El seu grup de m\u00fasica preferit \u00e9s ni m\u00e9s ni menys que La Oreja de Van Gogh (per\u00f2 la versi\u00f3 antiga, la bona!).<\/p>\n<p>A la vicepresid\u00e8ncia segona tenim a la <strong>Mariona Guill\u00e9n<\/strong>. T\u00e9 24 anys i ve de l&#8217;esplai Puigcastellar (Santa Coloma de Gramenet). Durant aquest curs la Mariona \u00e9s referent del Sector Maresme, el Sector Girona, la <span style=\"color: #f69d0b;\"><strong><a style=\"color: #f69d0b;\" href=\"https:\/\/www.esplac.cat\/comissions\/reduint-petjada\/\" target=\"_blank\" rel=\"noopener\">Comissi\u00f3 Reduint Petjada<\/a><\/strong><\/span>, l&#8217;\u00c0rea de Prevenci\u00f3 i detecci\u00f3 d&#8217;ASI i l&#8217;Escola d&#8217;Esplac. A m\u00e9s, tamb\u00e9 forma part de la Comissi\u00f3 de Compliment i ser\u00e0 l&#8217;encarregada de la relaci\u00f3 d&#8217;Esplac amb l&#8217;associaci\u00f3 FETS i la XES. La seva artista preferida? La S\u00edlvia P\u00e9rez Cruz!<\/p>\n<p>La <strong>Mireia Bartolom\u00e9 <\/strong>\u00e9s la secret\u00e0ria. T\u00e9 25 anys i tamb\u00e9 ve de l&#8217;esplai El Bot\u00f3. Aquest curs \u00e9s referent del Sector Camp de Tarragona, el Sector Barcelona Oest, la <strong><span style=\"color: #f69d0b;\"><a style=\"color: #f69d0b;\" href=\"https:\/\/www.esplac.cat\/comissions\/linies-pedgogiques\/\" target=\"_blank\" rel=\"noopener\">Comissi\u00f3 L\u00ednies Pedag\u00f2giques<\/a><\/span><\/strong>, l&#8217;\u00c0rea d&#8217;organitzaci\u00f3, la trobada de s\u00f2cies i l&#8217;<span style=\"color: #f69d0b;\"><a style=\"color: #f69d0b;\" href=\"https:\/\/www.esplac.cat\/trobades\/esplaiada\/\" target=\"_blank\" rel=\"noopener\"><strong>Esplaiada<\/strong><\/a><\/span>. Els seus grups de m\u00fasica preferits s\u00f3n dos: Manel i La Sra. Tomasa. No en podia escollir nom\u00e9s un!<\/p>\n<p>El <strong>Pau Mora <\/strong>\u00e9s el tresorer<strong>.<\/strong> T\u00e9 26 anys i ve de l&#8217;esplai Espurna de Gr\u00e0cia (Barcelona). Enguany el Pau \u00e9s referent del Sector Baix Llobregat, el projecte d&#8217;Inclusi\u00f3 i Diversitat, l&#8217;\u00c0rea d&#8217;inform\u00e0tica, l&#8217;\u00c0rea de Gesti\u00f3 de Recursos, el Petit comit\u00e8 de relleu i la campanya de s\u00f2cies. Tamb\u00e9 forma part de la Comissi\u00f3 de Compliment i ser\u00e0 l&#8217;encarregat de la relaci\u00f3 d&#8217;Esplac amb <span style=\"color: #f69d0b;\"><strong><a style=\"color: #f69d0b;\" href=\"https:\/\/incoop.cat\/\" target=\"_blank\" rel=\"noopener\">Incoop<\/a><\/strong><\/span>, el Consell de la Juventut de Barcelona (<strong><span style=\"color: #f69d0b;\"><a style=\"color: #f69d0b;\" href=\"https:\/\/www.cjb.cat\/\" target=\"_blank\" rel=\"noopener\">CJB<\/a><\/span><\/strong>), l&#8217;associaci\u00f3 FETS i la XES. El seu grup de m\u00fasica preferit \u00e9s el Pony Pisador!<\/p>\n<p>Com a vocal tenim a la <strong>Martina Picas<\/strong>. T\u00e9 22 anys i ve de l&#8217;esplai Sarau (Sant Cugat del Vall\u00e8s). Aquest any \u00e9s referent del Sector Ripoll\u00e8s, Osona i Moian\u00e8s, el Scetor Barcelona Nord-Est, la Comissi\u00f3 Internacional i l&#8217;\u00c0rea de Formaci\u00f3. A m\u00e9s, s&#8217;encarregar\u00e0 de la relaci\u00f3 d&#8217;Esplac amb el Consell Nacional de la Joventit de Catalunya (<strong><span style=\"color: #f69d0b;\"><a style=\"color: #f69d0b;\" href=\"https:\/\/cnjc.cat\/ca\" target=\"_blank\" rel=\"noopener\">CNJC<\/a><\/span><\/strong>), l&#8217;<span style=\"color: #f69d0b;\"><a style=\"color: #f69d0b;\" href=\"https:\/\/escolaelsol.coop\/\" target=\"_blank\" rel=\"noopener\"><strong>Escola Lliure el Sol<\/strong><\/a><\/span>, l&#8217;<strong><span style=\"color: #f69d0b;\"><a style=\"color: #f69d0b;\" href=\"https:\/\/ifm-sei.org\/\" target=\"_blank\" rel=\"noopener\">IFM-SEI<\/a><\/span><\/strong> i <span style=\"color: #f69d0b;\"><strong><a style=\"color: #f69d0b;\" href=\"https:\/\/focir.cat\/ca\/\" target=\"_blank\" rel=\"noopener\">FOCIR<\/a><\/strong><\/span>. A la Martina li encanta escoltar La Plazuela.<\/p>\n<p>Tamb\u00e9 com a vocal tenim a l<strong>&#8216;Ona Serra<\/strong>. T\u00e9 23 anys i tamb\u00e9 ve de l&#8217;esplai Sarau. Aquest curs \u00e9s referent del Sector Pened\u00e8s, Garraf i Anoia, el Sector Baix Bes\u00f2s, la <span style=\"color: #f69d0b;\"><strong><a style=\"color: #f69d0b;\" href=\"https:\/\/www.esplac.cat\/comissions\/generes-sexualitats-diverses-dissidents\/\" target=\"_blank\" rel=\"noopener\">Comissi\u00f3 GSDD<\/a><\/strong><\/span>, l&#8217;\u00c0rea d&#8217;Atenci\u00f3 Personalitzada, el Grup de Posicionaments i el Petit comit\u00e8 de cures. Tamb\u00e9 ser\u00e0 l&#8217;encarregada de la relaci\u00f3 d&#8217;Esplac amb el CNJC i <strong><span style=\"color: #f69d0b;\"><a style=\"color: #f69d0b;\" href=\"https:\/\/www.lafede.cat\/ca\/\" target=\"_blank\" rel=\"noopener\">LaFede<\/a><\/span><\/strong>. El seu grup de m\u00fasica preferit \u00e9s Marala!<\/p>\n<p>I, per acabar, com a Secret\u00e0ria General tenim a la<strong>\u00a0Clara Bricull\u00e9<\/strong>. T\u00e9 28 anys i ve l\u2019esplai MIV (Vilafranca del Pened\u00e8s). La Clara \u00e9s la referent de l&#8217;\u00c0rea d&#8217;Organitzaci\u00f3, l&#8217;\u00c0rea de Formaci\u00f3 i el proc\u00e9s de creaci\u00f3 i execuci\u00f3 del Pla de transici\u00f3 feminista. Pel que fa a la m\u00fasica, \u00e9s molt fan de Maria Arnal.<\/p>\n<p>A m\u00e9s a m\u00e9s d\u2019aquest equip tan bo, Esplac tamb\u00e9 comptem amb les figures de\u00a0<strong>Representants de Comissi\u00f3<\/strong>\u00a0i amb els\u00a0<strong>Equips Generals dels Sectors<\/strong>. Les primeres, com el seu nom indica, s\u00f3n portaveus i representants de les opinions preses i les l\u00ednies marcades en cada comissi\u00f3. Els Equips Generals dels sectors estan formats per les persones que coordinen l\u2019acci\u00f3 dels sectors geogr\u00e0fics amb unes funcions semblants a l\u2019Equip de Coordinaci\u00f3, per\u00f2 en l\u2019\u00e0mbit del sector geogr\u00e0fic. Totes elles, igual que l\u2019Equico, ho fan\u00a0<strong>de manera volunt\u00e0ria<\/strong>.<\/p>\n<p>Podeu veure quines cares fan totes aquestes persones<a href=\"https:\/\/esplac.cat\/equips\" target=\"_blank\" rel=\"noopener noreferrer\">\u00a0<strong><span style=\"color: #f69d0b;\">a la p\u00e0gina \u201cEquips\u201d d\u2019aquest web<\/span><\/strong><\/a><strong><span style=\"color: #f69d0b;\">.<\/span><\/strong> All\u00e0, tamb\u00e9 hi trobareu a la\u00a0<strong>Secretaria T\u00e8cnica<\/strong>, els i les treballadores que fan la feina quotidiana d\u2019Esplais Catalans, contribuint al desenvolupament dels projectes i donant suport als esplais.<\/p>\n<\/div><div class=\"fusion-image-element \" style=\"text-align:center;--awb-caption-title-font-family:var(--h2_typography-font-family);--awb-caption-title-font-weight:var(--h2_typography-font-weight);--awb-caption-title-font-style:var(--h2_typography-font-style);--awb-caption-title-size:var(--h2_typography-font-size);--awb-caption-title-transform:var(--h2_typography-text-transform);--awb-caption-title-line-height:var(--h2_typography-line-height);--awb-caption-title-letter-spacing:var(--h2_typography-letter-spacing);\"><span class=\" fusion-imageframe imageframe-none imageframe-1 hover-type-none\"><img decoding=\"async\" width=\"2000\" height=\"1050\" alt=\"Equip de Coordinaci\u00f3\" title=\"Infografia Equico 2024 1\" src=\"https:\/\/www.esplac.cat\/wp-content\/uploads\/2024\/01\/Infografia-Equico-2024-1.png\" class=\"img-responsive wp-image-48456\" srcset=\"https:\/\/www.esplac.cat\/wp-content\/uploads\/2024\/01\/Infografia-Equico-2024-1-200x105.png 200w, https:\/\/www.esplac.cat\/wp-content\/uploads\/2024\/01\/Infografia-Equico-2024-1-400x210.png 400w, https:\/\/www.esplac.cat\/wp-content\/uploads\/2024\/01\/Infografia-Equico-2024-1-600x315.png 600w, https:\/\/www.esplac.cat\/wp-content\/uploads\/2024\/01\/Infografia-Equico-2024-1-800x420.png 800w, https:\/\/www.esplac.cat\/wp-content\/uploads\/2024\/01\/Infografia-Equico-2024-1-1200x630.png 1200w, https:\/\/www.esplac.cat\/wp-content\/uploads\/2024\/01\/Infografia-Equico-2024-1.png 2000w\" sizes=\"(max-width: 1024px) 100vw, (max-width: 640px) 100vw, 1200px\" \/><\/span><\/div><div class=\"fusion-image-element \" style=\"text-align:center;--awb-caption-title-font-family:var(--h2_typography-font-family);--awb-caption-title-font-weight:var(--h2_typography-font-weight);--awb-caption-title-font-style:var(--h2_typography-font-style);--awb-caption-title-size:var(--h2_typography-font-size);--awb-caption-title-transform:var(--h2_typography-text-transform);--awb-caption-title-line-height:var(--h2_typography-line-height);--awb-caption-title-letter-spacing:var(--h2_typography-letter-spacing);\"><span class=\" fusion-imageframe imageframe-none imageframe-2 hover-type-none\"><img decoding=\"async\" width=\"2000\" height=\"1050\" alt=\"Equip de Coordinaci\u00f3\" title=\"Infografia Equico 2\" src=\"https:\/\/www.esplac.cat\/wp-content\/uploads\/2024\/01\/Infografia-Equico-2.png\" class=\"img-responsive wp-image-48459\" srcset=\"https:\/\/www.esplac.cat\/wp-content\/uploads\/2024\/01\/Infografia-Equico-2-200x105.png 200w, https:\/\/www.esplac.cat\/wp-content\/uploads\/2024\/01\/Infografia-Equico-2-400x210.png 400w, https:\/\/www.esplac.cat\/wp-content\/uploads\/2024\/01\/Infografia-Equico-2-600x315.png 600w, https:\/\/www.esplac.cat\/wp-content\/uploads\/2024\/01\/Infografia-Equico-2-800x420.png 800w, https:\/\/www.esplac.cat\/wp-content\/uploads\/2024\/01\/Infografia-Equico-2-1200x630.png 1200w, https:\/\/www.esplac.cat\/wp-content\/uploads\/2024\/01\/Infografia-Equico-2.png 2000w\" sizes=\"(max-width: 1024px) 100vw, (max-width: 640px) 100vw, 1200px\" \/><\/span><\/div><\/div><\/div><\/div><\/div>\n","protected":false},"excerpt":{"rendered":"","protected":false},"author":3,"featured_media":48465,"comment_status":"closed","ping_status":"closed","sticky":false,"template":"","format":"standard","meta":{"om_disable_all_campaigns":false,"_monsterinsights_skip_tracking":false,"_monsterinsights_sitenote_active":false,"_monsterinsights_sitenote_note":"","_monsterinsights_sitenote_category":0,"_uf_show_specific_survey":0,"_uf_disable_surveys":false,"footnotes":""},"categories":[1339,1],"tags":[],"class_list":["post-48445","post","type-post","status-publish","format-standard","has-post-thumbnail","hentry","category-equip-de-coordinacio","category-sense-categoria"],"yoast_head":"<!-- This site is optimized with the Yoast SEO plugin v27.4 - https:\/\/yoast.com\/product\/yoast-seo-wordpress\/ -->\n<title>Descobreix qui \u00e9s qui al nou Equip de Coordinaci\u00f3 d&#039;Esplac! - Esplac<\/title>\n<meta name=\"description\" content=\"L\u2019Equip de Coordinaci\u00f3 (Equico) del curs 2023-2024 compta amb un total de 8 persones. Descobreix qui \u00e9s qui!\" \/>\n<meta name=\"robots\" content=\"index, follow, max-snippet:-1, max-image-preview:large, max-video-preview:-1\" \/>\n<link rel=\"canonical\" href=\"https:\/\/www.esplac.cat\/descobreix-qui-es-qui-nou-equip-coordinacio-esplac\/\" \/>\n<meta property=\"og:locale\" content=\"en_US\" \/>\n<meta property=\"og:type\" content=\"article\" \/>\n<meta property=\"og:title\" content=\"Descobreix qui \u00e9s qui al nou Equip de Coordinaci\u00f3 d&#039;Esplac! - Esplac\" \/>\n<meta property=\"og:description\" content=\"L\u2019Equip de Coordinaci\u00f3 (Equico) del curs 2023-2024 compta amb un total de 8 persones. Descobreix qui \u00e9s qui!\" \/>\n<meta property=\"og:url\" content=\"https:\/\/www.esplac.cat\/descobreix-qui-es-qui-nou-equip-coordinacio-esplac\/\" \/>\n<meta property=\"og:site_name\" content=\"Esplac\" \/>\n<meta property=\"article:published_time\" content=\"2024-01-09T11:13:05+00:00\" \/>\n<meta property=\"article:modified_time\" content=\"2024-01-09T11:49:18+00:00\" \/>\n<meta property=\"og:image\" content=\"https:\/\/www.esplac.cat\/wp-content\/uploads\/2024\/01\/Portades-Web-1.jpg\" \/>\n\t<meta property=\"og:image:width\" content=\"1697\" \/>\n\t<meta property=\"og:image:height\" content=\"700\" \/>\n\t<meta property=\"og:image:type\" content=\"image\/jpeg\" \/>\n<meta name=\"author\" content=\"Comunicaci\u00f3 Esplac\" \/>\n<meta name=\"twitter:card\" content=\"summary_large_image\" \/>\n<meta name=\"twitter:label1\" content=\"Written by\" \/>\n\t<meta name=\"twitter:data1\" content=\"Comunicaci\u00f3 Esplac\" \/>\n\t<meta name=\"twitter:label2\" content=\"Est. reading time\" \/>\n\t<meta name=\"twitter:data2\" content=\"6 minutes\" \/>\n<script type=\"application\/ld+json\" class=\"yoast-schema-graph\">{\"@context\":\"https:\\\/\\\/schema.org\",\"@graph\":[{\"@type\":\"Article\",\"@id\":\"https:\\\/\\\/www.esplac.cat\\\/descobreix-qui-es-qui-nou-equip-coordinacio-esplac\\\/#article\",\"isPartOf\":{\"@id\":\"https:\\\/\\\/www.esplac.cat\\\/descobreix-qui-es-qui-nou-equip-coordinacio-esplac\\\/\"},\"author\":{\"name\":\"Comunicaci\u00f3 Esplac\",\"@id\":\"https:\\\/\\\/www.esplac.cat\\\/#\\\/schema\\\/person\\\/908383cf240be18b68f8855d0583faca\"},\"headline\":\"Descobreix qui \u00e9s qui al nou Equip de Coordinaci\u00f3 d&#8217;Esplac!\",\"datePublished\":\"2024-01-09T11:13:05+00:00\",\"dateModified\":\"2024-01-09T11:49:18+00:00\",\"mainEntityOfPage\":{\"@id\":\"https:\\\/\\\/www.esplac.cat\\\/descobreix-qui-es-qui-nou-equip-coordinacio-esplac\\\/\"},\"wordCount\":2460,\"publisher\":{\"@id\":\"https:\\\/\\\/www.esplac.cat\\\/#organization\"},\"image\":{\"@id\":\"https:\\\/\\\/www.esplac.cat\\\/descobreix-qui-es-qui-nou-equip-coordinacio-esplac\\\/#primaryimage\"},\"thumbnailUrl\":\"https:\\\/\\\/www.esplac.cat\\\/wp-content\\\/uploads\\\/2024\\\/01\\\/Portades-Web-1.jpg\",\"articleSection\":[\"Equip de Coordinaci\u00f3\",\"Sense categoria\"],\"inLanguage\":\"en-US\"},{\"@type\":\"WebPage\",\"@id\":\"https:\\\/\\\/www.esplac.cat\\\/descobreix-qui-es-qui-nou-equip-coordinacio-esplac\\\/\",\"url\":\"https:\\\/\\\/www.esplac.cat\\\/descobreix-qui-es-qui-nou-equip-coordinacio-esplac\\\/\",\"name\":\"Descobreix qui \u00e9s qui al nou Equip de Coordinaci\u00f3 d'Esplac! - Esplac\",\"isPartOf\":{\"@id\":\"https:\\\/\\\/www.esplac.cat\\\/#website\"},\"primaryImageOfPage\":{\"@id\":\"https:\\\/\\\/www.esplac.cat\\\/descobreix-qui-es-qui-nou-equip-coordinacio-esplac\\\/#primaryimage\"},\"image\":{\"@id\":\"https:\\\/\\\/www.esplac.cat\\\/descobreix-qui-es-qui-nou-equip-coordinacio-esplac\\\/#primaryimage\"},\"thumbnailUrl\":\"https:\\\/\\\/www.esplac.cat\\\/wp-content\\\/uploads\\\/2024\\\/01\\\/Portades-Web-1.jpg\",\"datePublished\":\"2024-01-09T11:13:05+00:00\",\"dateModified\":\"2024-01-09T11:49:18+00:00\",\"description\":\"L\u2019Equip de Coordinaci\u00f3 (Equico) del curs 2023-2024 compta amb un total de 8 persones. Descobreix qui \u00e9s qui!\",\"breadcrumb\":{\"@id\":\"https:\\\/\\\/www.esplac.cat\\\/descobreix-qui-es-qui-nou-equip-coordinacio-esplac\\\/#breadcrumb\"},\"inLanguage\":\"en-US\",\"potentialAction\":[{\"@type\":\"ReadAction\",\"target\":[\"https:\\\/\\\/www.esplac.cat\\\/descobreix-qui-es-qui-nou-equip-coordinacio-esplac\\\/\"]}]},{\"@type\":\"ImageObject\",\"inLanguage\":\"en-US\",\"@id\":\"https:\\\/\\\/www.esplac.cat\\\/descobreix-qui-es-qui-nou-equip-coordinacio-esplac\\\/#primaryimage\",\"url\":\"https:\\\/\\\/www.esplac.cat\\\/wp-content\\\/uploads\\\/2024\\\/01\\\/Portades-Web-1.jpg\",\"contentUrl\":\"https:\\\/\\\/www.esplac.cat\\\/wp-content\\\/uploads\\\/2024\\\/01\\\/Portades-Web-1.jpg\",\"width\":1697,\"height\":700},{\"@type\":\"BreadcrumbList\",\"@id\":\"https:\\\/\\\/www.esplac.cat\\\/descobreix-qui-es-qui-nou-equip-coordinacio-esplac\\\/#breadcrumb\",\"itemListElement\":[{\"@type\":\"ListItem\",\"position\":1,\"name\":\"Inici\",\"item\":\"https:\\\/\\\/www.esplac.cat\\\/en\\\/\"},{\"@type\":\"ListItem\",\"position\":2,\"name\":\"Descobreix qui \u00e9s qui al nou Equip de Coordinaci\u00f3 d&#8217;Esplac!\"}]},{\"@type\":\"WebSite\",\"@id\":\"https:\\\/\\\/www.esplac.cat\\\/#website\",\"url\":\"https:\\\/\\\/www.esplac.cat\\\/\",\"name\":\"Esplac\",\"description\":\"Esplais Catalans\",\"publisher\":{\"@id\":\"https:\\\/\\\/www.esplac.cat\\\/#organization\"},\"potentialAction\":[{\"@type\":\"SearchAction\",\"target\":{\"@type\":\"EntryPoint\",\"urlTemplate\":\"https:\\\/\\\/www.esplac.cat\\\/?s={search_term_string}\"},\"query-input\":{\"@type\":\"PropertyValueSpecification\",\"valueRequired\":true,\"valueName\":\"search_term_string\"}}],\"inLanguage\":\"en-US\"},{\"@type\":\"Organization\",\"@id\":\"https:\\\/\\\/www.esplac.cat\\\/#organization\",\"name\":\"Esplac\",\"url\":\"https:\\\/\\\/www.esplac.cat\\\/\",\"logo\":{\"@type\":\"ImageObject\",\"inLanguage\":\"en-US\",\"@id\":\"https:\\\/\\\/www.esplac.cat\\\/#\\\/schema\\\/logo\\\/image\\\/\",\"url\":\"https:\\\/\\\/www.esplac.cat\\\/wp-content\\\/uploads\\\/2019\\\/08\\\/logox2.png\",\"contentUrl\":\"https:\\\/\\\/www.esplac.cat\\\/wp-content\\\/uploads\\\/2019\\\/08\\\/logox2.png\",\"width\":600,\"height\":295,\"caption\":\"Esplac\"},\"image\":{\"@id\":\"https:\\\/\\\/www.esplac.cat\\\/#\\\/schema\\\/logo\\\/image\\\/\"}},{\"@type\":\"Person\",\"@id\":\"https:\\\/\\\/www.esplac.cat\\\/#\\\/schema\\\/person\\\/908383cf240be18b68f8855d0583faca\",\"name\":\"Comunicaci\u00f3 Esplac\",\"image\":{\"@type\":\"ImageObject\",\"inLanguage\":\"en-US\",\"@id\":\"https:\\\/\\\/secure.gravatar.com\\\/avatar\\\/7a4cf8feb412a76ea4a740ca02d95b06b2907b5a6c648c2dd0a1082a093c3141?s=96&d=mm&r=g\",\"url\":\"https:\\\/\\\/secure.gravatar.com\\\/avatar\\\/7a4cf8feb412a76ea4a740ca02d95b06b2907b5a6c648c2dd0a1082a093c3141?s=96&d=mm&r=g\",\"contentUrl\":\"https:\\\/\\\/secure.gravatar.com\\\/avatar\\\/7a4cf8feb412a76ea4a740ca02d95b06b2907b5a6c648c2dd0a1082a093c3141?s=96&d=mm&r=g\",\"caption\":\"Comunicaci\u00f3 Esplac\"}}]}<\/script>\n<!-- \/ Yoast SEO plugin. -->","yoast_head_json":{"title":"Descobreix qui \u00e9s qui al nou Equip de Coordinaci\u00f3 d'Esplac! - Esplac","description":"L\u2019Equip de Coordinaci\u00f3 (Equico) del curs 2023-2024 compta amb un total de 8 persones. Descobreix qui \u00e9s qui!","robots":{"index":"index","follow":"follow","max-snippet":"max-snippet:-1","max-image-preview":"max-image-preview:large","max-video-preview":"max-video-preview:-1"},"canonical":"https:\/\/www.esplac.cat\/descobreix-qui-es-qui-nou-equip-coordinacio-esplac\/","og_locale":"en_US","og_type":"article","og_title":"Descobreix qui \u00e9s qui al nou Equip de Coordinaci\u00f3 d'Esplac! - Esplac","og_description":"L\u2019Equip de Coordinaci\u00f3 (Equico) del curs 2023-2024 compta amb un total de 8 persones. Descobreix qui \u00e9s qui!","og_url":"https:\/\/www.esplac.cat\/descobreix-qui-es-qui-nou-equip-coordinacio-esplac\/","og_site_name":"Esplac","article_published_time":"2024-01-09T11:13:05+00:00","article_modified_time":"2024-01-09T11:49:18+00:00","og_image":[{"width":1697,"height":700,"url":"https:\/\/www.esplac.cat\/wp-content\/uploads\/2024\/01\/Portades-Web-1.jpg","type":"image\/jpeg"}],"author":"Comunicaci\u00f3 Esplac","twitter_card":"summary_large_image","twitter_misc":{"Written by":"Comunicaci\u00f3 Esplac","Est. reading time":"6 minutes"},"schema":{"@context":"https:\/\/schema.org","@graph":[{"@type":"Article","@id":"https:\/\/www.esplac.cat\/descobreix-qui-es-qui-nou-equip-coordinacio-esplac\/#article","isPartOf":{"@id":"https:\/\/www.esplac.cat\/descobreix-qui-es-qui-nou-equip-coordinacio-esplac\/"},"author":{"name":"Comunicaci\u00f3 Esplac","@id":"https:\/\/www.esplac.cat\/#\/schema\/person\/908383cf240be18b68f8855d0583faca"},"headline":"Descobreix qui \u00e9s qui al nou Equip de Coordinaci\u00f3 d&#8217;Esplac!","datePublished":"2024-01-09T11:13:05+00:00","dateModified":"2024-01-09T11:49:18+00:00","mainEntityOfPage":{"@id":"https:\/\/www.esplac.cat\/descobreix-qui-es-qui-nou-equip-coordinacio-esplac\/"},"wordCount":2460,"publisher":{"@id":"https:\/\/www.esplac.cat\/#organization"},"image":{"@id":"https:\/\/www.esplac.cat\/descobreix-qui-es-qui-nou-equip-coordinacio-esplac\/#primaryimage"},"thumbnailUrl":"https:\/\/www.esplac.cat\/wp-content\/uploads\/2024\/01\/Portades-Web-1.jpg","articleSection":["Equip de Coordinaci\u00f3","Sense categoria"],"inLanguage":"en-US"},{"@type":"WebPage","@id":"https:\/\/www.esplac.cat\/descobreix-qui-es-qui-nou-equip-coordinacio-esplac\/","url":"https:\/\/www.esplac.cat\/descobreix-qui-es-qui-nou-equip-coordinacio-esplac\/","name":"Descobreix qui \u00e9s qui al nou Equip de Coordinaci\u00f3 d'Esplac! - Esplac","isPartOf":{"@id":"https:\/\/www.esplac.cat\/#website"},"primaryImageOfPage":{"@id":"https:\/\/www.esplac.cat\/descobreix-qui-es-qui-nou-equip-coordinacio-esplac\/#primaryimage"},"image":{"@id":"https:\/\/www.esplac.cat\/descobreix-qui-es-qui-nou-equip-coordinacio-esplac\/#primaryimage"},"thumbnailUrl":"https:\/\/www.esplac.cat\/wp-content\/uploads\/2024\/01\/Portades-Web-1.jpg","datePublished":"2024-01-09T11:13:05+00:00","dateModified":"2024-01-09T11:49:18+00:00","description":"L\u2019Equip de Coordinaci\u00f3 (Equico) del curs 2023-2024 compta amb un total de 8 persones. Descobreix qui \u00e9s qui!","breadcrumb":{"@id":"https:\/\/www.esplac.cat\/descobreix-qui-es-qui-nou-equip-coordinacio-esplac\/#breadcrumb"},"inLanguage":"en-US","potentialAction":[{"@type":"ReadAction","target":["https:\/\/www.esplac.cat\/descobreix-qui-es-qui-nou-equip-coordinacio-esplac\/"]}]},{"@type":"ImageObject","inLanguage":"en-US","@id":"https:\/\/www.esplac.cat\/descobreix-qui-es-qui-nou-equip-coordinacio-esplac\/#primaryimage","url":"https:\/\/www.esplac.cat\/wp-content\/uploads\/2024\/01\/Portades-Web-1.jpg","contentUrl":"https:\/\/www.esplac.cat\/wp-content\/uploads\/2024\/01\/Portades-Web-1.jpg","width":1697,"height":700},{"@type":"BreadcrumbList","@id":"https:\/\/www.esplac.cat\/descobreix-qui-es-qui-nou-equip-coordinacio-esplac\/#breadcrumb","itemListElement":[{"@type":"ListItem","position":1,"name":"Inici","item":"https:\/\/www.esplac.cat\/en\/"},{"@type":"ListItem","position":2,"name":"Descobreix qui \u00e9s qui al nou Equip de Coordinaci\u00f3 d&#8217;Esplac!"}]},{"@type":"WebSite","@id":"https:\/\/www.esplac.cat\/#website","url":"https:\/\/www.esplac.cat\/","name":"Esplac","description":"Esplais Catalans","publisher":{"@id":"https:\/\/www.esplac.cat\/#organization"},"potentialAction":[{"@type":"SearchAction","target":{"@type":"EntryPoint","urlTemplate":"https:\/\/www.esplac.cat\/?s={search_term_string}"},"query-input":{"@type":"PropertyValueSpecification","valueRequired":true,"valueName":"search_term_string"}}],"inLanguage":"en-US"},{"@type":"Organization","@id":"https:\/\/www.esplac.cat\/#organization","name":"Esplac","url":"https:\/\/www.esplac.cat\/","logo":{"@type":"ImageObject","inLanguage":"en-US","@id":"https:\/\/www.esplac.cat\/#\/schema\/logo\/image\/","url":"https:\/\/www.esplac.cat\/wp-content\/uploads\/2019\/08\/logox2.png","contentUrl":"https:\/\/www.esplac.cat\/wp-content\/uploads\/2019\/08\/logox2.png","width":600,"height":295,"caption":"Esplac"},"image":{"@id":"https:\/\/www.esplac.cat\/#\/schema\/logo\/image\/"}},{"@type":"Person","@id":"https:\/\/www.esplac.cat\/#\/schema\/person\/908383cf240be18b68f8855d0583faca","name":"Comunicaci\u00f3 Esplac","image":{"@type":"ImageObject","inLanguage":"en-US","@id":"https:\/\/secure.gravatar.com\/avatar\/7a4cf8feb412a76ea4a740ca02d95b06b2907b5a6c648c2dd0a1082a093c3141?s=96&d=mm&r=g","url":"https:\/\/secure.gravatar.com\/avatar\/7a4cf8feb412a76ea4a740ca02d95b06b2907b5a6c648c2dd0a1082a093c3141?s=96&d=mm&r=g","contentUrl":"https:\/\/secure.gravatar.com\/avatar\/7a4cf8feb412a76ea4a740ca02d95b06b2907b5a6c648c2dd0a1082a093c3141?s=96&d=mm&r=g","caption":"Comunicaci\u00f3 Esplac"}}]}},"_links":{"self":[{"href":"https:\/\/www.esplac.cat\/en\/wp-json\/wp\/v2\/posts\/48445","targetHints":{"allow":["GET"]}}],"collection":[{"href":"https:\/\/www.esplac.cat\/en\/wp-json\/wp\/v2\/posts"}],"about":[{"href":"https:\/\/www.esplac.cat\/en\/wp-json\/wp\/v2\/types\/post"}],"author":[{"embeddable":true,"href":"https:\/\/www.esplac.cat\/en\/wp-json\/wp\/v2\/users\/3"}],"replies":[{"embeddable":true,"href":"https:\/\/www.esplac.cat\/en\/wp-json\/wp\/v2\/comments?post=48445"}],"version-history":[{"count":13,"href":"https:\/\/www.esplac.cat\/en\/wp-json\/wp\/v2\/posts\/48445\/revisions"}],"predecessor-version":[{"id":48470,"href":"https:\/\/www.esplac.cat\/en\/wp-json\/wp\/v2\/posts\/48445\/revisions\/48470"}],"wp:featuredmedia":[{"embeddable":true,"href":"https:\/\/www.esplac.cat\/en\/wp-json\/wp\/v2\/media\/48465"}],"wp:attachment":[{"href":"https:\/\/www.esplac.cat\/en\/wp-json\/wp\/v2\/media?parent=48445"}],"wp:term":[{"taxonomy":"category","embeddable":true,"href":"https:\/\/www.esplac.cat\/en\/wp-json\/wp\/v2\/categories?post=48445"},{"taxonomy":"post_tag","embeddable":true,"href":"https:\/\/www.esplac.cat\/en\/wp-json\/wp\/v2\/tags?post=48445"}],"curies":[{"name":"wp","href":"https:\/\/api.w.org\/{rel}","templated":true}]}}