{"id":48683,"date":"2024-01-29T11:13:21","date_gmt":"2024-01-29T09:13:21","guid":{"rendered":"https:\/\/www.esplac.cat\/?p=48683"},"modified":"2024-01-30T10:47:48","modified_gmt":"2024-01-30T08:47:48","slug":"winter-school-2023","status":"publish","type":"post","link":"https:\/\/www.esplac.cat\/en\/winter-school-2023\/","title":{"rendered":"Winter School 2023: &#8220;Destaquem l&#8217;horitzontalitat en el tracte de formadors i ponents&#8221;."},"content":{"rendered":"<p><div class=\"fusion-fullwidth fullwidth-box fusion-builder-row-1 fusion-flex-container has-pattern-background has-mask-background nonhundred-percent-fullwidth non-hundred-percent-height-scrolling\" style=\"--awb-border-radius-top-left:0px;--awb-border-radius-top-right:0px;--awb-border-radius-bottom-right:0px;--awb-border-radius-bottom-left:0px;--awb-flex-wrap:wrap;\" ><div class=\"fusion-builder-row fusion-row fusion-flex-align-items-flex-start fusion-flex-content-wrap\" style=\"max-width:1248px;margin-left: calc(-4% \/ 2 );margin-right: calc(-4% \/ 2 );\"><div class=\"fusion-layout-column fusion_builder_column fusion-builder-column-0 fusion_builder_column_1_1 1_1 fusion-flex-column\" style=\"--awb-bg-size:cover;--awb-width-large:100%;--awb-margin-top-large:0px;--awb-spacing-right-large:1.92%;--awb-margin-bottom-large:20px;--awb-spacing-left-large:1.92%;--awb-width-medium:100%;--awb-order-medium:0;--awb-spacing-right-medium:1.92%;--awb-spacing-left-medium:1.92%;--awb-width-small:100%;--awb-order-small:0;--awb-spacing-right-small:1.92%;--awb-spacing-left-small:1.92%;\"><div class=\"fusion-column-wrapper fusion-column-has-shadow fusion-flex-justify-content-flex-start fusion-content-layout-column\"><div class=\"fusion-text fusion-text-1\"><h6><strong>Descobreix tot el que va passar a la Winter School del 2023!<\/strong><\/h6>\n<p>A finals de desembre del 2023, un grup de 8 monis d\u2019Esplac, va assistir a la tradicional <strong>Winter School<\/strong> al centre\u00a0<strong>Kurt L\u00f6wenstein,<\/strong> a pocs kil\u00f2metres de Berl\u00edn. Al llarg d\u2019una setmana, van tenir l&#8217;oportunitat de compartir, amb altres joves d\u2019entitats d\u2019arreu, una experi\u00e8ncia formativa que valoren molt positivament. Cadascuna de les monitores i monitors va poder triar el tema que m\u00e9s li motivava per centrar-se al llarg d\u2019aquella setmana. Entre d\u2019altres, les tem\u00e0tiques abordades van ser <strong>l&#8217;abolici\u00f3 de les presons<\/strong>,<strong> la cultura de la pau<\/strong>, <strong>l\u2019abordatge del trauma a trav\u00e9s de l&#8217;art<\/strong> i <strong>la lluita contra el feixisme.<\/strong><\/p>\n<p>La diversitat de les formacions va permetre als monitors adquirir una visi\u00f3 global dels reptes socials contemporanis, i el fet de tractar-la a trav\u00e9s de metodologies d\u2019educaci\u00f3 no formal, va ser clau per aprofundir-hi. Tanmateix, el fet poder <strong>compartir experi\u00e8ncies amb altres joves d&#8217;arreu del m\u00f3n<\/strong> va ser un punt clau en l\u2019aprenentatge. Aquest intercanvi va fomentar la comprensi\u00f3 i la cooperaci\u00f3 entre diferents entitats, consolidant la idea que la col\u00b7laboraci\u00f3 internacional \u00e9s fonamental per abordar q\u00fcestions socials complexes.<\/p>\n<p>El format de la formaci\u00f3 ha sigut una q\u00fcesti\u00f3 molt destacada per totes les monitores. L&#8217;horitzontalitat dels ponents i formadors va ser particularment apreciada, estimulant aix\u00ed un entorn de di\u00e0leg i aprenentatge mutu. Les monis comparteixen que aquesta experi\u00e8ncia internacional els ha donat ganes de <strong>traslladar tot el que han apr\u00e9s als seus esplais<\/strong> i fer un bon retorn amb els seus grups, a trav\u00e9s de din\u00e0miques i activitats. A m\u00e9s, tenen ganes de continuar participant en formacions internacionals.<\/p>\n<\/div><div style=\"text-align:center;\"><a class=\"fusion-button button-flat fusion-button-default-size button-default fusion-button-default button-1 fusion-button-default-span fusion-button-default-type\" style=\"--button_margin-top:30px;--button_margin-bottom:30px;\" target=\"_blank\" rel=\"noopener noreferrer\" href=\"https:\/\/youtu.be\/I_pIi3f1GWk\"><span class=\"fusion-button-text\">NO ET PERDIS EL V\u00cdDEO!<\/span><\/a><\/div><\/div><\/div><\/div><\/div><div class=\"fusion-fullwidth fullwidth-box fusion-builder-row-2 fusion-flex-container has-pattern-background has-mask-background nonhundred-percent-fullwidth non-hundred-percent-height-scrolling\" style=\"--awb-border-radius-top-left:0px;--awb-border-radius-top-right:0px;--awb-border-radius-bottom-right:0px;--awb-border-radius-bottom-left:0px;--awb-flex-wrap:wrap;\" ><div class=\"fusion-builder-row fusion-row fusion-flex-align-items-flex-start fusion-flex-content-wrap\" style=\"max-width:1248px;margin-left: calc(-4% \/ 2 );margin-right: calc(-4% \/ 2 );\"><div class=\"fusion-layout-column fusion_builder_column fusion-builder-column-1 fusion_builder_column_1_1 1_1 fusion-flex-column\" style=\"--awb-bg-size:cover;--awb-width-large:100%;--awb-margin-top-large:0px;--awb-spacing-right-large:1.92%;--awb-margin-bottom-large:20px;--awb-spacing-left-large:1.92%;--awb-width-medium:100%;--awb-order-medium:0;--awb-spacing-right-medium:1.92%;--awb-spacing-left-medium:1.92%;--awb-width-small:100%;--awb-order-small:0;--awb-spacing-right-small:1.92%;--awb-spacing-left-small:1.92%;\"><div class=\"fusion-column-wrapper fusion-column-has-shadow fusion-flex-justify-content-flex-start fusion-content-layout-column\"><div class=\"awb-gallery-wrapper awb-gallery-wrapper-1 button-span-no\" style=\"--more-btn-alignment:center;\"><div style=\"margin:-2px;--awb-bordersize:0px;\" class=\"fusion-gallery fusion-gallery-container fusion-grid-2 fusion-columns-total-4 fusion-gallery-layout-grid fusion-gallery-1\"><div style=\"padding:2.5px;\" class=\"fusion-grid-column fusion-gallery-column fusion-gallery-column-2 hover-type-none\"><div class=\"fusion-gallery-image\"><a href=\"https:\/\/www.esplac.cat\/wp-content\/uploads\/2024\/01\/1.jpg\" rel=\"noreferrer\" data-rel=\"iLightbox[gallery_image_1]\" class=\"fusion-lightbox\" target=\"_self\"><img decoding=\"async\" src=\"https:\/\/www.esplac.cat\/wp-content\/uploads\/2024\/01\/1.jpg\" width=\"1080\" height=\"1080\" alt=\"Winter School \" title=\"1\" aria-label=\"1\" class=\"img-responsive wp-image-48691\" srcset=\"https:\/\/www.esplac.cat\/wp-content\/uploads\/2024\/01\/1-200x200.jpg 200w, https:\/\/www.esplac.cat\/wp-content\/uploads\/2024\/01\/1-400x400.jpg 400w, https:\/\/www.esplac.cat\/wp-content\/uploads\/2024\/01\/1-600x600.jpg 600w, https:\/\/www.esplac.cat\/wp-content\/uploads\/2024\/01\/1-800x800.jpg 800w, https:\/\/www.esplac.cat\/wp-content\/uploads\/2024\/01\/1.jpg 1080w\" sizes=\"(min-width: 2200px) 100vw, (min-width: 712px) 599px, (min-width: 640px) 712px, \" \/><\/a><\/div><\/div><div style=\"padding:2.5px;\" class=\"fusion-grid-column fusion-gallery-column fusion-gallery-column-2 hover-type-none\"><div class=\"fusion-gallery-image\"><a href=\"https:\/\/www.esplac.cat\/wp-content\/uploads\/2024\/01\/2.jpg\" rel=\"noreferrer\" data-rel=\"iLightbox[gallery_image_1]\" class=\"fusion-lightbox\" target=\"_self\"><img decoding=\"async\" src=\"https:\/\/www.esplac.cat\/wp-content\/uploads\/2024\/01\/2.jpg\" width=\"1080\" height=\"1080\" alt=\"Winter School \" title=\"2\" aria-label=\"2\" class=\"img-responsive wp-image-48695\" srcset=\"https:\/\/www.esplac.cat\/wp-content\/uploads\/2024\/01\/2-200x200.jpg 200w, https:\/\/www.esplac.cat\/wp-content\/uploads\/2024\/01\/2-400x400.jpg 400w, https:\/\/www.esplac.cat\/wp-content\/uploads\/2024\/01\/2-600x600.jpg 600w, https:\/\/www.esplac.cat\/wp-content\/uploads\/2024\/01\/2-800x800.jpg 800w, https:\/\/www.esplac.cat\/wp-content\/uploads\/2024\/01\/2.jpg 1080w\" sizes=\"(min-width: 2200px) 100vw, (min-width: 712px) 599px, (min-width: 640px) 712px, \" \/><\/a><\/div><\/div><div class=\"clearfix\"><\/div><div style=\"padding:2.5px;\" class=\"fusion-grid-column fusion-gallery-column fusion-gallery-column-2 hover-type-none\"><div class=\"fusion-gallery-image\"><a href=\"https:\/\/www.esplac.cat\/wp-content\/uploads\/2024\/01\/3.jpg\" rel=\"noreferrer\" data-rel=\"iLightbox[gallery_image_1]\" class=\"fusion-lightbox\" target=\"_self\"><img decoding=\"async\" src=\"https:\/\/www.esplac.cat\/wp-content\/uploads\/2024\/01\/3.jpg\" width=\"1080\" height=\"1080\" alt=\"Winter School \" title=\"3\" aria-label=\"3\" class=\"img-responsive wp-image-48698\" srcset=\"https:\/\/www.esplac.cat\/wp-content\/uploads\/2024\/01\/3-200x200.jpg 200w, https:\/\/www.esplac.cat\/wp-content\/uploads\/2024\/01\/3-400x400.jpg 400w, https:\/\/www.esplac.cat\/wp-content\/uploads\/2024\/01\/3-600x600.jpg 600w, https:\/\/www.esplac.cat\/wp-content\/uploads\/2024\/01\/3-800x800.jpg 800w, https:\/\/www.esplac.cat\/wp-content\/uploads\/2024\/01\/3.jpg 1080w\" sizes=\"(min-width: 2200px) 100vw, (min-width: 712px) 599px, (min-width: 640px) 712px, \" \/><\/a><\/div><\/div><div style=\"padding:2.5px;\" class=\"fusion-grid-column fusion-gallery-column fusion-gallery-column-2 hover-type-none\"><div class=\"fusion-gallery-image\"><a href=\"https:\/\/www.esplac.cat\/wp-content\/uploads\/2024\/01\/4.jpg\" rel=\"noreferrer\" data-rel=\"iLightbox[gallery_image_1]\" class=\"fusion-lightbox\" target=\"_self\"><img decoding=\"async\" src=\"https:\/\/www.esplac.cat\/wp-content\/uploads\/2024\/01\/4.jpg\" width=\"1080\" height=\"1080\" alt=\"Winter School \" title=\"4\" aria-label=\"4\" class=\"img-responsive wp-image-48701\" srcset=\"https:\/\/www.esplac.cat\/wp-content\/uploads\/2024\/01\/4-200x200.jpg 200w, https:\/\/www.esplac.cat\/wp-content\/uploads\/2024\/01\/4-400x400.jpg 400w, https:\/\/www.esplac.cat\/wp-content\/uploads\/2024\/01\/4-600x600.jpg 600w, https:\/\/www.esplac.cat\/wp-content\/uploads\/2024\/01\/4-800x800.jpg 800w, https:\/\/www.esplac.cat\/wp-content\/uploads\/2024\/01\/4.jpg 1080w\" sizes=\"(min-width: 2200px) 100vw, (min-width: 712px) 599px, (min-width: 640px) 712px, \" \/><\/a><\/div><\/div><div class=\"clearfix\"><\/div><\/div><\/div><\/div><\/div><\/div><\/div><\/p>\n","protected":false},"excerpt":{"rendered":"","protected":false},"author":3,"featured_media":48685,"comment_status":"closed","ping_status":"closed","sticky":false,"template":"","format":"standard","meta":{"om_disable_all_campaigns":false,"_monsterinsights_skip_tracking":false,"_monsterinsights_sitenote_active":false,"_monsterinsights_sitenote_note":"","_monsterinsights_sitenote_category":0,"_uf_show_specific_survey":0,"_uf_disable_surveys":false,"footnotes":""},"categories":[1168],"tags":[],"class_list":["post-48683","post","type-post","status-publish","format-standard","has-post-thumbnail","hentry","category-creuant_mirades"],"yoast_head":"<!-- This site is optimized with the Yoast SEO plugin v27.5 - https:\/\/yoast.com\/product\/yoast-seo-wordpress\/ -->\n<title>Com ha sigut la Winter School 2023?<\/title>\n<meta name=\"description\" content=\"Al finals de desembre del 2023, un grup de 8 monis d\u2019Esplac, va assistir a la tradicional Winter School. Descobreix tot el que va passar!\" \/>\n<meta name=\"robots\" content=\"index, follow, max-snippet:-1, max-image-preview:large, max-video-preview:-1\" \/>\n<link rel=\"canonical\" href=\"https:\/\/www.esplac.cat\/winter-school-2023\/\" \/>\n<meta property=\"og:locale\" content=\"en_US\" \/>\n<meta property=\"og:type\" content=\"article\" \/>\n<meta property=\"og:title\" content=\"Com ha sigut la Winter School 2023?\" \/>\n<meta property=\"og:description\" content=\"Al finals de desembre del 2023, un grup de 8 monis d\u2019Esplac, va assistir a la tradicional Winter School. Descobreix tot el que va passar!\" \/>\n<meta property=\"og:url\" content=\"https:\/\/www.esplac.cat\/winter-school-2023\/\" \/>\n<meta property=\"og:site_name\" content=\"Esplac\" \/>\n<meta property=\"article:published_time\" content=\"2024-01-29T09:13:21+00:00\" \/>\n<meta property=\"article:modified_time\" content=\"2024-01-30T08:47:48+00:00\" \/>\n<meta property=\"og:image\" content=\"https:\/\/www.esplac.cat\/wp-content\/uploads\/2024\/01\/Portades-Web-4.jpg\" \/>\n\t<meta property=\"og:image:width\" content=\"1697\" \/>\n\t<meta property=\"og:image:height\" content=\"700\" \/>\n\t<meta property=\"og:image:type\" content=\"image\/jpeg\" \/>\n<meta name=\"author\" content=\"Comunicaci\u00f3 Esplac\" \/>\n<meta name=\"twitter:card\" content=\"summary_large_image\" \/>\n<meta name=\"twitter:label1\" content=\"Written by\" \/>\n\t<meta name=\"twitter:data1\" content=\"Comunicaci\u00f3 Esplac\" \/>\n\t<meta name=\"twitter:label2\" content=\"Est. reading time\" \/>\n\t<meta name=\"twitter:data2\" content=\"1 minute\" \/>\n<script type=\"application\/ld+json\" class=\"yoast-schema-graph\">{\"@context\":\"https:\\\/\\\/schema.org\",\"@graph\":[{\"@type\":\"Article\",\"@id\":\"https:\\\/\\\/www.esplac.cat\\\/winter-school-2023\\\/#article\",\"isPartOf\":{\"@id\":\"https:\\\/\\\/www.esplac.cat\\\/winter-school-2023\\\/\"},\"author\":{\"name\":\"Comunicaci\u00f3 Esplac\",\"@id\":\"https:\\\/\\\/www.esplac.cat\\\/#\\\/schema\\\/person\\\/908383cf240be18b68f8855d0583faca\"},\"headline\":\"Winter School 2023: &#8220;Destaquem l&#8217;horitzontalitat en el tracte de formadors i ponents&#8221;.\",\"datePublished\":\"2024-01-29T09:13:21+00:00\",\"dateModified\":\"2024-01-30T08:47:48+00:00\",\"mainEntityOfPage\":{\"@id\":\"https:\\\/\\\/www.esplac.cat\\\/winter-school-2023\\\/\"},\"wordCount\":2636,\"publisher\":{\"@id\":\"https:\\\/\\\/www.esplac.cat\\\/#organization\"},\"image\":{\"@id\":\"https:\\\/\\\/www.esplac.cat\\\/winter-school-2023\\\/#primaryimage\"},\"thumbnailUrl\":\"https:\\\/\\\/www.esplac.cat\\\/wp-content\\\/uploads\\\/2024\\\/01\\\/Portades-Web-4.jpg\",\"articleSection\":[\"Creuant mirades\"],\"inLanguage\":\"en-US\"},{\"@type\":\"WebPage\",\"@id\":\"https:\\\/\\\/www.esplac.cat\\\/winter-school-2023\\\/\",\"url\":\"https:\\\/\\\/www.esplac.cat\\\/winter-school-2023\\\/\",\"name\":\"Com ha sigut la Winter School 2023?\",\"isPartOf\":{\"@id\":\"https:\\\/\\\/www.esplac.cat\\\/#website\"},\"primaryImageOfPage\":{\"@id\":\"https:\\\/\\\/www.esplac.cat\\\/winter-school-2023\\\/#primaryimage\"},\"image\":{\"@id\":\"https:\\\/\\\/www.esplac.cat\\\/winter-school-2023\\\/#primaryimage\"},\"thumbnailUrl\":\"https:\\\/\\\/www.esplac.cat\\\/wp-content\\\/uploads\\\/2024\\\/01\\\/Portades-Web-4.jpg\",\"datePublished\":\"2024-01-29T09:13:21+00:00\",\"dateModified\":\"2024-01-30T08:47:48+00:00\",\"description\":\"Al finals de desembre del 2023, un grup de 8 monis d\u2019Esplac, va assistir a la tradicional Winter School. Descobreix tot el que va passar!\",\"breadcrumb\":{\"@id\":\"https:\\\/\\\/www.esplac.cat\\\/winter-school-2023\\\/#breadcrumb\"},\"inLanguage\":\"en-US\",\"potentialAction\":[{\"@type\":\"ReadAction\",\"target\":[\"https:\\\/\\\/www.esplac.cat\\\/winter-school-2023\\\/\"]}]},{\"@type\":\"ImageObject\",\"inLanguage\":\"en-US\",\"@id\":\"https:\\\/\\\/www.esplac.cat\\\/winter-school-2023\\\/#primaryimage\",\"url\":\"https:\\\/\\\/www.esplac.cat\\\/wp-content\\\/uploads\\\/2024\\\/01\\\/Portades-Web-4.jpg\",\"contentUrl\":\"https:\\\/\\\/www.esplac.cat\\\/wp-content\\\/uploads\\\/2024\\\/01\\\/Portades-Web-4.jpg\",\"width\":1697,\"height\":700,\"caption\":\"Winter School\"},{\"@type\":\"BreadcrumbList\",\"@id\":\"https:\\\/\\\/www.esplac.cat\\\/winter-school-2023\\\/#breadcrumb\",\"itemListElement\":[{\"@type\":\"ListItem\",\"position\":1,\"name\":\"Inici\",\"item\":\"https:\\\/\\\/www.esplac.cat\\\/en\\\/\"},{\"@type\":\"ListItem\",\"position\":2,\"name\":\"Winter School 2023: &#8220;Destaquem l&#8217;horitzontalitat en el tracte de formadors i ponents&#8221;.\"}]},{\"@type\":\"WebSite\",\"@id\":\"https:\\\/\\\/www.esplac.cat\\\/#website\",\"url\":\"https:\\\/\\\/www.esplac.cat\\\/\",\"name\":\"Esplac\",\"description\":\"Esplais Catalans\",\"publisher\":{\"@id\":\"https:\\\/\\\/www.esplac.cat\\\/#organization\"},\"potentialAction\":[{\"@type\":\"SearchAction\",\"target\":{\"@type\":\"EntryPoint\",\"urlTemplate\":\"https:\\\/\\\/www.esplac.cat\\\/?s={search_term_string}\"},\"query-input\":{\"@type\":\"PropertyValueSpecification\",\"valueRequired\":true,\"valueName\":\"search_term_string\"}}],\"inLanguage\":\"en-US\"},{\"@type\":\"Organization\",\"@id\":\"https:\\\/\\\/www.esplac.cat\\\/#organization\",\"name\":\"Esplac\",\"url\":\"https:\\\/\\\/www.esplac.cat\\\/\",\"logo\":{\"@type\":\"ImageObject\",\"inLanguage\":\"en-US\",\"@id\":\"https:\\\/\\\/www.esplac.cat\\\/#\\\/schema\\\/logo\\\/image\\\/\",\"url\":\"https:\\\/\\\/www.esplac.cat\\\/wp-content\\\/uploads\\\/2019\\\/08\\\/logox2.png\",\"contentUrl\":\"https:\\\/\\\/www.esplac.cat\\\/wp-content\\\/uploads\\\/2019\\\/08\\\/logox2.png\",\"width\":600,\"height\":295,\"caption\":\"Esplac\"},\"image\":{\"@id\":\"https:\\\/\\\/www.esplac.cat\\\/#\\\/schema\\\/logo\\\/image\\\/\"}},{\"@type\":\"Person\",\"@id\":\"https:\\\/\\\/www.esplac.cat\\\/#\\\/schema\\\/person\\\/908383cf240be18b68f8855d0583faca\",\"name\":\"Comunicaci\u00f3 Esplac\",\"image\":{\"@type\":\"ImageObject\",\"inLanguage\":\"en-US\",\"@id\":\"https:\\\/\\\/secure.gravatar.com\\\/avatar\\\/7a4cf8feb412a76ea4a740ca02d95b06b2907b5a6c648c2dd0a1082a093c3141?s=96&d=mm&r=g\",\"url\":\"https:\\\/\\\/secure.gravatar.com\\\/avatar\\\/7a4cf8feb412a76ea4a740ca02d95b06b2907b5a6c648c2dd0a1082a093c3141?s=96&d=mm&r=g\",\"contentUrl\":\"https:\\\/\\\/secure.gravatar.com\\\/avatar\\\/7a4cf8feb412a76ea4a740ca02d95b06b2907b5a6c648c2dd0a1082a093c3141?s=96&d=mm&r=g\",\"caption\":\"Comunicaci\u00f3 Esplac\"}}]}<\/script>\n<!-- \/ Yoast SEO plugin. -->","yoast_head_json":{"title":"Com ha sigut la Winter School 2023?","description":"Al finals de desembre del 2023, un grup de 8 monis d\u2019Esplac, va assistir a la tradicional Winter School. Descobreix tot el que va passar!","robots":{"index":"index","follow":"follow","max-snippet":"max-snippet:-1","max-image-preview":"max-image-preview:large","max-video-preview":"max-video-preview:-1"},"canonical":"https:\/\/www.esplac.cat\/winter-school-2023\/","og_locale":"en_US","og_type":"article","og_title":"Com ha sigut la Winter School 2023?","og_description":"Al finals de desembre del 2023, un grup de 8 monis d\u2019Esplac, va assistir a la tradicional Winter School. Descobreix tot el que va passar!","og_url":"https:\/\/www.esplac.cat\/winter-school-2023\/","og_site_name":"Esplac","article_published_time":"2024-01-29T09:13:21+00:00","article_modified_time":"2024-01-30T08:47:48+00:00","og_image":[{"width":1697,"height":700,"url":"https:\/\/www.esplac.cat\/wp-content\/uploads\/2024\/01\/Portades-Web-4.jpg","type":"image\/jpeg"}],"author":"Comunicaci\u00f3 Esplac","twitter_card":"summary_large_image","twitter_misc":{"Written by":"Comunicaci\u00f3 Esplac","Est. reading time":"1 minute"},"schema":{"@context":"https:\/\/schema.org","@graph":[{"@type":"Article","@id":"https:\/\/www.esplac.cat\/winter-school-2023\/#article","isPartOf":{"@id":"https:\/\/www.esplac.cat\/winter-school-2023\/"},"author":{"name":"Comunicaci\u00f3 Esplac","@id":"https:\/\/www.esplac.cat\/#\/schema\/person\/908383cf240be18b68f8855d0583faca"},"headline":"Winter School 2023: &#8220;Destaquem l&#8217;horitzontalitat en el tracte de formadors i ponents&#8221;.","datePublished":"2024-01-29T09:13:21+00:00","dateModified":"2024-01-30T08:47:48+00:00","mainEntityOfPage":{"@id":"https:\/\/www.esplac.cat\/winter-school-2023\/"},"wordCount":2636,"publisher":{"@id":"https:\/\/www.esplac.cat\/#organization"},"image":{"@id":"https:\/\/www.esplac.cat\/winter-school-2023\/#primaryimage"},"thumbnailUrl":"https:\/\/www.esplac.cat\/wp-content\/uploads\/2024\/01\/Portades-Web-4.jpg","articleSection":["Creuant mirades"],"inLanguage":"en-US"},{"@type":"WebPage","@id":"https:\/\/www.esplac.cat\/winter-school-2023\/","url":"https:\/\/www.esplac.cat\/winter-school-2023\/","name":"Com ha sigut la Winter School 2023?","isPartOf":{"@id":"https:\/\/www.esplac.cat\/#website"},"primaryImageOfPage":{"@id":"https:\/\/www.esplac.cat\/winter-school-2023\/#primaryimage"},"image":{"@id":"https:\/\/www.esplac.cat\/winter-school-2023\/#primaryimage"},"thumbnailUrl":"https:\/\/www.esplac.cat\/wp-content\/uploads\/2024\/01\/Portades-Web-4.jpg","datePublished":"2024-01-29T09:13:21+00:00","dateModified":"2024-01-30T08:47:48+00:00","description":"Al finals de desembre del 2023, un grup de 8 monis d\u2019Esplac, va assistir a la tradicional Winter School. Descobreix tot el que va passar!","breadcrumb":{"@id":"https:\/\/www.esplac.cat\/winter-school-2023\/#breadcrumb"},"inLanguage":"en-US","potentialAction":[{"@type":"ReadAction","target":["https:\/\/www.esplac.cat\/winter-school-2023\/"]}]},{"@type":"ImageObject","inLanguage":"en-US","@id":"https:\/\/www.esplac.cat\/winter-school-2023\/#primaryimage","url":"https:\/\/www.esplac.cat\/wp-content\/uploads\/2024\/01\/Portades-Web-4.jpg","contentUrl":"https:\/\/www.esplac.cat\/wp-content\/uploads\/2024\/01\/Portades-Web-4.jpg","width":1697,"height":700,"caption":"Winter School"},{"@type":"BreadcrumbList","@id":"https:\/\/www.esplac.cat\/winter-school-2023\/#breadcrumb","itemListElement":[{"@type":"ListItem","position":1,"name":"Inici","item":"https:\/\/www.esplac.cat\/en\/"},{"@type":"ListItem","position":2,"name":"Winter School 2023: &#8220;Destaquem l&#8217;horitzontalitat en el tracte de formadors i ponents&#8221;."}]},{"@type":"WebSite","@id":"https:\/\/www.esplac.cat\/#website","url":"https:\/\/www.esplac.cat\/","name":"Esplac","description":"Esplais Catalans","publisher":{"@id":"https:\/\/www.esplac.cat\/#organization"},"potentialAction":[{"@type":"SearchAction","target":{"@type":"EntryPoint","urlTemplate":"https:\/\/www.esplac.cat\/?s={search_term_string}"},"query-input":{"@type":"PropertyValueSpecification","valueRequired":true,"valueName":"search_term_string"}}],"inLanguage":"en-US"},{"@type":"Organization","@id":"https:\/\/www.esplac.cat\/#organization","name":"Esplac","url":"https:\/\/www.esplac.cat\/","logo":{"@type":"ImageObject","inLanguage":"en-US","@id":"https:\/\/www.esplac.cat\/#\/schema\/logo\/image\/","url":"https:\/\/www.esplac.cat\/wp-content\/uploads\/2019\/08\/logox2.png","contentUrl":"https:\/\/www.esplac.cat\/wp-content\/uploads\/2019\/08\/logox2.png","width":600,"height":295,"caption":"Esplac"},"image":{"@id":"https:\/\/www.esplac.cat\/#\/schema\/logo\/image\/"}},{"@type":"Person","@id":"https:\/\/www.esplac.cat\/#\/schema\/person\/908383cf240be18b68f8855d0583faca","name":"Comunicaci\u00f3 Esplac","image":{"@type":"ImageObject","inLanguage":"en-US","@id":"https:\/\/secure.gravatar.com\/avatar\/7a4cf8feb412a76ea4a740ca02d95b06b2907b5a6c648c2dd0a1082a093c3141?s=96&d=mm&r=g","url":"https:\/\/secure.gravatar.com\/avatar\/7a4cf8feb412a76ea4a740ca02d95b06b2907b5a6c648c2dd0a1082a093c3141?s=96&d=mm&r=g","contentUrl":"https:\/\/secure.gravatar.com\/avatar\/7a4cf8feb412a76ea4a740ca02d95b06b2907b5a6c648c2dd0a1082a093c3141?s=96&d=mm&r=g","caption":"Comunicaci\u00f3 Esplac"}}]}},"_links":{"self":[{"href":"https:\/\/www.esplac.cat\/en\/wp-json\/wp\/v2\/posts\/48683","targetHints":{"allow":["GET"]}}],"collection":[{"href":"https:\/\/www.esplac.cat\/en\/wp-json\/wp\/v2\/posts"}],"about":[{"href":"https:\/\/www.esplac.cat\/en\/wp-json\/wp\/v2\/types\/post"}],"author":[{"embeddable":true,"href":"https:\/\/www.esplac.cat\/en\/wp-json\/wp\/v2\/users\/3"}],"replies":[{"embeddable":true,"href":"https:\/\/www.esplac.cat\/en\/wp-json\/wp\/v2\/comments?post=48683"}],"version-history":[{"count":13,"href":"https:\/\/www.esplac.cat\/en\/wp-json\/wp\/v2\/posts\/48683\/revisions"}],"predecessor-version":[{"id":48776,"href":"https:\/\/www.esplac.cat\/en\/wp-json\/wp\/v2\/posts\/48683\/revisions\/48776"}],"wp:featuredmedia":[{"embeddable":true,"href":"https:\/\/www.esplac.cat\/en\/wp-json\/wp\/v2\/media\/48685"}],"wp:attachment":[{"href":"https:\/\/www.esplac.cat\/en\/wp-json\/wp\/v2\/media?parent=48683"}],"wp:term":[{"taxonomy":"category","embeddable":true,"href":"https:\/\/www.esplac.cat\/en\/wp-json\/wp\/v2\/categories?post=48683"},{"taxonomy":"post_tag","embeddable":true,"href":"https:\/\/www.esplac.cat\/en\/wp-json\/wp\/v2\/tags?post=48683"}],"curies":[{"name":"wp","href":"https:\/\/api.w.org\/{rel}","templated":true}]}}