{"id":48734,"date":"2024-01-29T14:45:41","date_gmt":"2024-01-29T12:45:41","guid":{"rendered":"https:\/\/www.esplac.cat\/?p=48734"},"modified":"2024-01-29T15:18:33","modified_gmt":"2024-01-29T13:18:33","slug":"pirimer-gran-comite-2024","status":"publish","type":"post","link":"https:\/\/www.esplac.cat\/en\/pirimer-gran-comite-2024\/","title":{"rendered":"Esplac comen\u00e7a a treballar el Pla Estrat\u00e8gic al primer Gran Comit\u00e8 del 2024"},"content":{"rendered":"<div class=\"fusion-fullwidth fullwidth-box fusion-builder-row-1 fusion-flex-container has-pattern-background has-mask-background nonhundred-percent-fullwidth non-hundred-percent-height-scrolling\" style=\"--awb-border-radius-top-left:0px;--awb-border-radius-top-right:0px;--awb-border-radius-bottom-right:0px;--awb-border-radius-bottom-left:0px;--awb-flex-wrap:wrap;\" ><div class=\"fusion-builder-row fusion-row fusion-flex-align-items-flex-start fusion-flex-content-wrap\" style=\"max-width:1248px;margin-left: calc(-4% \/ 2 );margin-right: calc(-4% \/ 2 );\"><div class=\"fusion-layout-column fusion_builder_column fusion-builder-column-0 fusion_builder_column_1_1 1_1 fusion-flex-column\" style=\"--awb-bg-size:cover;--awb-width-large:100%;--awb-margin-top-large:0px;--awb-spacing-right-large:1.92%;--awb-margin-bottom-large:20px;--awb-spacing-left-large:1.92%;--awb-width-medium:100%;--awb-order-medium:0;--awb-spacing-right-medium:1.92%;--awb-spacing-left-medium:1.92%;--awb-width-small:100%;--awb-order-small:0;--awb-spacing-right-small:1.92%;--awb-spacing-left-small:1.92%;\"><div class=\"fusion-column-wrapper fusion-column-has-shadow fusion-flex-justify-content-flex-start fusion-content-layout-column\"><div class=\"fusion-text fusion-text-1\"><h6><strong>Dirigents d\u2019Esplais Catalans s\u2019han reunit durant el cap de setmana del 27 i 28 de gener per comen\u00e7ar a treballar el Pla Estrat\u00e8gic, parlar de l&#8217;Esplaiada 2025 i fer formaci\u00f3 sobre com prevenir i abordar l&#8217;Ab\u00fas Sexual Infantil des de l&#8217;entitat.<\/strong><\/h6>\n<p>El cap de setmana del 27 i 28 de gener s&#8217;ha celebrat la primera tancada del <strong>Gran Comit\u00e8<\/strong> de l&#8217;any, la qual ha tingut lloc a una casa de col\u00f2nies de <strong>Sant Pere de Ribes<\/strong> (<a href=\"https:\/\/www.esplac.cat\/sectors-geografics\/penedes-garraf-i-anoia\/\" target=\"_blank\" rel=\"noopener\"><strong><span style=\"color: #f69d0b;\">Sector Pened\u00e8s, Garraf i Anoia<\/span><\/strong><\/a>). Aquesta ha estat la primera trobada despr\u00e9s de l&#8217;<strong>Assemblea General Ordin\u00e0ria<\/strong> (AGO) celebrada el mes de desembre, on els esplais van votar tot el que es far\u00e0 durant el curs. El Gran Comit\u00e8 \u00e9s un dels \u00f2rgans de participaci\u00f3 m\u00e9s importants d&#8217;Esplac, on estan representats tots els \u00f2rgans de decisi\u00f3 i els espais de treball de l\u2019associaci\u00f3. Al final d&#8217;aquesta not\u00edcia podeu veure qui hi participa! En ell es proposen, es discuteixen i s\u2019aproven l\u00ednies de treball, accions i projectes concrets.<\/p>\n<p>El dissabte al mat\u00ed s&#8217;ha fet una<strong> formaci\u00f3 sobre Ab\u00fas Sexual Infantil <\/strong>(ASI), a c\u00e0rrec de la<span style=\"color: #f69d0b;\"> <strong><a style=\"color: #f69d0b;\" href=\"https:\/\/fbernadet.org\/\" target=\"_blank\" rel=\"noopener\">Fundaci\u00f3 Vicki Vernadet<\/a><\/strong><\/span>, entitat amb qui Esplac col\u00b7labora. La sessi\u00f3 ha servit per treballar de quina manera abordar l&#8217;ASI des de l&#8217;associaci\u00f3 i com a dirigents. A la tarda, per altra banda, s&#8217;ha fet <strong>valoraci\u00f3 dels diferents equips d&#8217;Esplac<\/strong>, des dels sectors fins a la Secretaria T\u00e8cnica, passant pels projectes i comissions. L&#8217;objectiu era tenir una mirada global sobre la situaci\u00f3 d&#8217;Esplac i detectar cap a on es vol caminar com a entitat. Aix\u00ed s&#8217;ha comen\u00e7at a treballar el <strong>Pla Estrat\u00e8gic<\/strong> de l&#8217;associaci\u00f3, un document que s&#8217;ha de revisar durant aquest curs.<\/p>\n<p>El Pla Estrat\u00e8gic \u00e9s el document que recull els objectius que vol assolir l\u2019associaci\u00f3 durant els 3 cursos vinents. Enguany toca renovar-lo per als cursos 2024-2025, 2025-2026 i 2026-2027. Durant el Gran Comit\u00e8 s&#8217;ha planificat com es treballar\u00e0 durant tot el curs la revisi\u00f3 d&#8217;aquest document, un proc\u00e9s participatiu que implica als esplais, als sectors i fins i tot a les s\u00f2cies d&#8217;Esplac. Estigueu atentes i atents!<\/p>\n<p>A m\u00e9s, dissabte tamb\u00e9 s&#8217;ha parlat de l&#8217;<strong>Esplaiada 2025<\/strong>. El Grup de Treball que organitzar\u00e0 la trobada ja est\u00e0 en marxa i ha comen\u00e7at amb els preparatius d&#8217;un dels esdeveniments m\u00e9s esperats del curs vinent. Diumenge, per acabar, s&#8217;ha parlat de l&#8217;organitzaci\u00f3 de l&#8217;<strong>Escola d&#8217;Esplac<\/strong> que tindr\u00e0 lloc el mes d&#8217;abril (i on encara us podeu inscriure) i s&#8217;ha continuat treballant en el Pla Estrat\u00e8gic.<\/p>\n<p>Un cap de setmana intens per comen\u00e7ar l&#8217;any amb molta for\u00e7a!<\/p>\n<p><strong>*Qui \u00e9s qui al Gran Comit\u00e8?<\/strong><\/p>\n<ul>\n<li><strong>L\u2019Equip de Coordinaci\u00f3 (Equico) s<\/strong>\u00f3n les persones volunt\u00e0ries que lideren l\u2019associaci\u00f3 i que s\u00f3n escollides a l\u2019Assemblea General Ordin\u00e0ria per un mandat de 2 anys.<\/li>\n<li><strong>Els Equips Generals dels Sectors (EGS)<\/strong> s\u00f3n les persones que coordinen l\u2019acci\u00f3 dels sectors geogr\u00e0fics amb unes funcions semblants a l\u2019Equip de Coordinaci\u00f3 per\u00f2 en l\u2019\u00e0mbit del Sector Geogr\u00e0fic.<\/li>\n<li><strong>Les Representants de les Comissions (RdC)\u00a0<\/strong>s\u00f3n les persones que representen cada comissi\u00f3 i que aporten una visi\u00f3 especialitzada i transversal en les decisions que es prenen a l\u2019entitat.<\/li>\n<li><strong>La Coordinaci\u00f3 T\u00e8cnica (CT)\u00a0<\/strong>s\u00f3n la representaci\u00f3 de les treballadores que realitzen la tasca quotidiana d\u2019Esplais Catalans<\/li>\n<\/ul>\n<\/div><\/div><\/div><\/div><\/div>\n","protected":false},"excerpt":{"rendered":"","protected":false},"author":3,"featured_media":48766,"comment_status":"closed","ping_status":"closed","sticky":false,"template":"","format":"standard","meta":{"om_disable_all_campaigns":false,"_monsterinsights_skip_tracking":false,"_monsterinsights_sitenote_active":false,"_monsterinsights_sitenote_note":"","_monsterinsights_sitenote_category":0,"_uf_show_specific_survey":0,"_uf_disable_surveys":false,"footnotes":""},"categories":[1247],"tags":[],"class_list":["post-48734","post","type-post","status-publish","format-standard","has-post-thumbnail","hentry","category-gran-comite"],"yoast_head":"<!-- This site is optimized with the Yoast SEO plugin v27.4 - https:\/\/yoast.com\/product\/yoast-seo-wordpress\/ -->\n<title>Esplac celebra el primer Gran Comit\u00e8 del 2024!<\/title>\n<meta name=\"description\" content=\"Dirigents d\u2019Esplac s\u2019han reunit per comen\u00e7ar a treballar el Pla Estrat\u00e8gic, parlar de l&#039;Esplaiada i fer formaci\u00f3 sobre ASI.\" \/>\n<meta name=\"robots\" content=\"index, follow, max-snippet:-1, max-image-preview:large, max-video-preview:-1\" \/>\n<link rel=\"canonical\" href=\"https:\/\/www.esplac.cat\/pirimer-gran-comite-2024\/\" \/>\n<meta property=\"og:locale\" content=\"en_US\" \/>\n<meta property=\"og:type\" content=\"article\" \/>\n<meta property=\"og:title\" content=\"Esplac celebra el primer Gran Comit\u00e8 del 2024!\" \/>\n<meta property=\"og:description\" content=\"Dirigents d\u2019Esplac s\u2019han reunit per comen\u00e7ar a treballar el Pla Estrat\u00e8gic, parlar de l&#039;Esplaiada i fer formaci\u00f3 sobre ASI.\" \/>\n<meta property=\"og:url\" content=\"https:\/\/www.esplac.cat\/pirimer-gran-comite-2024\/\" \/>\n<meta property=\"og:site_name\" content=\"Esplac\" \/>\n<meta property=\"article:published_time\" content=\"2024-01-29T12:45:41+00:00\" \/>\n<meta property=\"article:modified_time\" content=\"2024-01-29T13:18:33+00:00\" \/>\n<meta property=\"og:image\" content=\"https:\/\/www.esplac.cat\/wp-content\/uploads\/2024\/01\/Portades-Web-6.jpg\" \/>\n\t<meta property=\"og:image:width\" content=\"1697\" \/>\n\t<meta property=\"og:image:height\" content=\"700\" \/>\n\t<meta property=\"og:image:type\" content=\"image\/jpeg\" \/>\n<meta name=\"author\" content=\"Comunicaci\u00f3 Esplac\" \/>\n<meta name=\"twitter:card\" content=\"summary_large_image\" \/>\n<meta name=\"twitter:label1\" content=\"Written by\" \/>\n\t<meta name=\"twitter:data1\" content=\"Comunicaci\u00f3 Esplac\" \/>\n\t<meta name=\"twitter:label2\" content=\"Est. reading time\" \/>\n\t<meta name=\"twitter:data2\" content=\"1 minute\" \/>\n<script type=\"application\/ld+json\" class=\"yoast-schema-graph\">{\"@context\":\"https:\\\/\\\/schema.org\",\"@graph\":[{\"@type\":\"Article\",\"@id\":\"https:\\\/\\\/www.esplac.cat\\\/pirimer-gran-comite-2024\\\/#article\",\"isPartOf\":{\"@id\":\"https:\\\/\\\/www.esplac.cat\\\/pirimer-gran-comite-2024\\\/\"},\"author\":{\"name\":\"Comunicaci\u00f3 Esplac\",\"@id\":\"https:\\\/\\\/www.esplac.cat\\\/#\\\/schema\\\/person\\\/908383cf240be18b68f8855d0583faca\"},\"headline\":\"Esplac comen\u00e7a a treballar el Pla Estrat\u00e8gic al primer Gran Comit\u00e8 del 2024\",\"datePublished\":\"2024-01-29T12:45:41+00:00\",\"dateModified\":\"2024-01-29T13:18:33+00:00\",\"mainEntityOfPage\":{\"@id\":\"https:\\\/\\\/www.esplac.cat\\\/pirimer-gran-comite-2024\\\/\"},\"wordCount\":1562,\"publisher\":{\"@id\":\"https:\\\/\\\/www.esplac.cat\\\/#organization\"},\"image\":{\"@id\":\"https:\\\/\\\/www.esplac.cat\\\/pirimer-gran-comite-2024\\\/#primaryimage\"},\"thumbnailUrl\":\"https:\\\/\\\/www.esplac.cat\\\/wp-content\\\/uploads\\\/2024\\\/01\\\/Portades-Web-6.jpg\",\"articleSection\":[\"Gran Comit\u00e8\"],\"inLanguage\":\"en-US\"},{\"@type\":\"WebPage\",\"@id\":\"https:\\\/\\\/www.esplac.cat\\\/pirimer-gran-comite-2024\\\/\",\"url\":\"https:\\\/\\\/www.esplac.cat\\\/pirimer-gran-comite-2024\\\/\",\"name\":\"Esplac celebra el primer Gran Comit\u00e8 del 2024!\",\"isPartOf\":{\"@id\":\"https:\\\/\\\/www.esplac.cat\\\/#website\"},\"primaryImageOfPage\":{\"@id\":\"https:\\\/\\\/www.esplac.cat\\\/pirimer-gran-comite-2024\\\/#primaryimage\"},\"image\":{\"@id\":\"https:\\\/\\\/www.esplac.cat\\\/pirimer-gran-comite-2024\\\/#primaryimage\"},\"thumbnailUrl\":\"https:\\\/\\\/www.esplac.cat\\\/wp-content\\\/uploads\\\/2024\\\/01\\\/Portades-Web-6.jpg\",\"datePublished\":\"2024-01-29T12:45:41+00:00\",\"dateModified\":\"2024-01-29T13:18:33+00:00\",\"description\":\"Dirigents d\u2019Esplac s\u2019han reunit per comen\u00e7ar a treballar el Pla Estrat\u00e8gic, parlar de l'Esplaiada i fer formaci\u00f3 sobre ASI.\",\"breadcrumb\":{\"@id\":\"https:\\\/\\\/www.esplac.cat\\\/pirimer-gran-comite-2024\\\/#breadcrumb\"},\"inLanguage\":\"en-US\",\"potentialAction\":[{\"@type\":\"ReadAction\",\"target\":[\"https:\\\/\\\/www.esplac.cat\\\/pirimer-gran-comite-2024\\\/\"]}]},{\"@type\":\"ImageObject\",\"inLanguage\":\"en-US\",\"@id\":\"https:\\\/\\\/www.esplac.cat\\\/pirimer-gran-comite-2024\\\/#primaryimage\",\"url\":\"https:\\\/\\\/www.esplac.cat\\\/wp-content\\\/uploads\\\/2024\\\/01\\\/Portades-Web-6.jpg\",\"contentUrl\":\"https:\\\/\\\/www.esplac.cat\\\/wp-content\\\/uploads\\\/2024\\\/01\\\/Portades-Web-6.jpg\",\"width\":1697,\"height\":700,\"caption\":\"Gran Comit\u00e8\"},{\"@type\":\"BreadcrumbList\",\"@id\":\"https:\\\/\\\/www.esplac.cat\\\/pirimer-gran-comite-2024\\\/#breadcrumb\",\"itemListElement\":[{\"@type\":\"ListItem\",\"position\":1,\"name\":\"Inici\",\"item\":\"https:\\\/\\\/www.esplac.cat\\\/en\\\/\"},{\"@type\":\"ListItem\",\"position\":2,\"name\":\"Esplac comen\u00e7a a treballar el Pla Estrat\u00e8gic al primer Gran Comit\u00e8 del 2024\"}]},{\"@type\":\"WebSite\",\"@id\":\"https:\\\/\\\/www.esplac.cat\\\/#website\",\"url\":\"https:\\\/\\\/www.esplac.cat\\\/\",\"name\":\"Esplac\",\"description\":\"Esplais Catalans\",\"publisher\":{\"@id\":\"https:\\\/\\\/www.esplac.cat\\\/#organization\"},\"potentialAction\":[{\"@type\":\"SearchAction\",\"target\":{\"@type\":\"EntryPoint\",\"urlTemplate\":\"https:\\\/\\\/www.esplac.cat\\\/?s={search_term_string}\"},\"query-input\":{\"@type\":\"PropertyValueSpecification\",\"valueRequired\":true,\"valueName\":\"search_term_string\"}}],\"inLanguage\":\"en-US\"},{\"@type\":\"Organization\",\"@id\":\"https:\\\/\\\/www.esplac.cat\\\/#organization\",\"name\":\"Esplac\",\"url\":\"https:\\\/\\\/www.esplac.cat\\\/\",\"logo\":{\"@type\":\"ImageObject\",\"inLanguage\":\"en-US\",\"@id\":\"https:\\\/\\\/www.esplac.cat\\\/#\\\/schema\\\/logo\\\/image\\\/\",\"url\":\"https:\\\/\\\/www.esplac.cat\\\/wp-content\\\/uploads\\\/2019\\\/08\\\/logox2.png\",\"contentUrl\":\"https:\\\/\\\/www.esplac.cat\\\/wp-content\\\/uploads\\\/2019\\\/08\\\/logox2.png\",\"width\":600,\"height\":295,\"caption\":\"Esplac\"},\"image\":{\"@id\":\"https:\\\/\\\/www.esplac.cat\\\/#\\\/schema\\\/logo\\\/image\\\/\"}},{\"@type\":\"Person\",\"@id\":\"https:\\\/\\\/www.esplac.cat\\\/#\\\/schema\\\/person\\\/908383cf240be18b68f8855d0583faca\",\"name\":\"Comunicaci\u00f3 Esplac\",\"image\":{\"@type\":\"ImageObject\",\"inLanguage\":\"en-US\",\"@id\":\"https:\\\/\\\/secure.gravatar.com\\\/avatar\\\/7a4cf8feb412a76ea4a740ca02d95b06b2907b5a6c648c2dd0a1082a093c3141?s=96&d=mm&r=g\",\"url\":\"https:\\\/\\\/secure.gravatar.com\\\/avatar\\\/7a4cf8feb412a76ea4a740ca02d95b06b2907b5a6c648c2dd0a1082a093c3141?s=96&d=mm&r=g\",\"contentUrl\":\"https:\\\/\\\/secure.gravatar.com\\\/avatar\\\/7a4cf8feb412a76ea4a740ca02d95b06b2907b5a6c648c2dd0a1082a093c3141?s=96&d=mm&r=g\",\"caption\":\"Comunicaci\u00f3 Esplac\"}}]}<\/script>\n<!-- \/ Yoast SEO plugin. -->","yoast_head_json":{"title":"Esplac celebra el primer Gran Comit\u00e8 del 2024!","description":"Dirigents d\u2019Esplac s\u2019han reunit per comen\u00e7ar a treballar el Pla Estrat\u00e8gic, parlar de l'Esplaiada i fer formaci\u00f3 sobre ASI.","robots":{"index":"index","follow":"follow","max-snippet":"max-snippet:-1","max-image-preview":"max-image-preview:large","max-video-preview":"max-video-preview:-1"},"canonical":"https:\/\/www.esplac.cat\/pirimer-gran-comite-2024\/","og_locale":"en_US","og_type":"article","og_title":"Esplac celebra el primer Gran Comit\u00e8 del 2024!","og_description":"Dirigents d\u2019Esplac s\u2019han reunit per comen\u00e7ar a treballar el Pla Estrat\u00e8gic, parlar de l'Esplaiada i fer formaci\u00f3 sobre ASI.","og_url":"https:\/\/www.esplac.cat\/pirimer-gran-comite-2024\/","og_site_name":"Esplac","article_published_time":"2024-01-29T12:45:41+00:00","article_modified_time":"2024-01-29T13:18:33+00:00","og_image":[{"width":1697,"height":700,"url":"https:\/\/www.esplac.cat\/wp-content\/uploads\/2024\/01\/Portades-Web-6.jpg","type":"image\/jpeg"}],"author":"Comunicaci\u00f3 Esplac","twitter_card":"summary_large_image","twitter_misc":{"Written by":"Comunicaci\u00f3 Esplac","Est. reading time":"1 minute"},"schema":{"@context":"https:\/\/schema.org","@graph":[{"@type":"Article","@id":"https:\/\/www.esplac.cat\/pirimer-gran-comite-2024\/#article","isPartOf":{"@id":"https:\/\/www.esplac.cat\/pirimer-gran-comite-2024\/"},"author":{"name":"Comunicaci\u00f3 Esplac","@id":"https:\/\/www.esplac.cat\/#\/schema\/person\/908383cf240be18b68f8855d0583faca"},"headline":"Esplac comen\u00e7a a treballar el Pla Estrat\u00e8gic al primer Gran Comit\u00e8 del 2024","datePublished":"2024-01-29T12:45:41+00:00","dateModified":"2024-01-29T13:18:33+00:00","mainEntityOfPage":{"@id":"https:\/\/www.esplac.cat\/pirimer-gran-comite-2024\/"},"wordCount":1562,"publisher":{"@id":"https:\/\/www.esplac.cat\/#organization"},"image":{"@id":"https:\/\/www.esplac.cat\/pirimer-gran-comite-2024\/#primaryimage"},"thumbnailUrl":"https:\/\/www.esplac.cat\/wp-content\/uploads\/2024\/01\/Portades-Web-6.jpg","articleSection":["Gran Comit\u00e8"],"inLanguage":"en-US"},{"@type":"WebPage","@id":"https:\/\/www.esplac.cat\/pirimer-gran-comite-2024\/","url":"https:\/\/www.esplac.cat\/pirimer-gran-comite-2024\/","name":"Esplac celebra el primer Gran Comit\u00e8 del 2024!","isPartOf":{"@id":"https:\/\/www.esplac.cat\/#website"},"primaryImageOfPage":{"@id":"https:\/\/www.esplac.cat\/pirimer-gran-comite-2024\/#primaryimage"},"image":{"@id":"https:\/\/www.esplac.cat\/pirimer-gran-comite-2024\/#primaryimage"},"thumbnailUrl":"https:\/\/www.esplac.cat\/wp-content\/uploads\/2024\/01\/Portades-Web-6.jpg","datePublished":"2024-01-29T12:45:41+00:00","dateModified":"2024-01-29T13:18:33+00:00","description":"Dirigents d\u2019Esplac s\u2019han reunit per comen\u00e7ar a treballar el Pla Estrat\u00e8gic, parlar de l'Esplaiada i fer formaci\u00f3 sobre ASI.","breadcrumb":{"@id":"https:\/\/www.esplac.cat\/pirimer-gran-comite-2024\/#breadcrumb"},"inLanguage":"en-US","potentialAction":[{"@type":"ReadAction","target":["https:\/\/www.esplac.cat\/pirimer-gran-comite-2024\/"]}]},{"@type":"ImageObject","inLanguage":"en-US","@id":"https:\/\/www.esplac.cat\/pirimer-gran-comite-2024\/#primaryimage","url":"https:\/\/www.esplac.cat\/wp-content\/uploads\/2024\/01\/Portades-Web-6.jpg","contentUrl":"https:\/\/www.esplac.cat\/wp-content\/uploads\/2024\/01\/Portades-Web-6.jpg","width":1697,"height":700,"caption":"Gran Comit\u00e8"},{"@type":"BreadcrumbList","@id":"https:\/\/www.esplac.cat\/pirimer-gran-comite-2024\/#breadcrumb","itemListElement":[{"@type":"ListItem","position":1,"name":"Inici","item":"https:\/\/www.esplac.cat\/en\/"},{"@type":"ListItem","position":2,"name":"Esplac comen\u00e7a a treballar el Pla Estrat\u00e8gic al primer Gran Comit\u00e8 del 2024"}]},{"@type":"WebSite","@id":"https:\/\/www.esplac.cat\/#website","url":"https:\/\/www.esplac.cat\/","name":"Esplac","description":"Esplais Catalans","publisher":{"@id":"https:\/\/www.esplac.cat\/#organization"},"potentialAction":[{"@type":"SearchAction","target":{"@type":"EntryPoint","urlTemplate":"https:\/\/www.esplac.cat\/?s={search_term_string}"},"query-input":{"@type":"PropertyValueSpecification","valueRequired":true,"valueName":"search_term_string"}}],"inLanguage":"en-US"},{"@type":"Organization","@id":"https:\/\/www.esplac.cat\/#organization","name":"Esplac","url":"https:\/\/www.esplac.cat\/","logo":{"@type":"ImageObject","inLanguage":"en-US","@id":"https:\/\/www.esplac.cat\/#\/schema\/logo\/image\/","url":"https:\/\/www.esplac.cat\/wp-content\/uploads\/2019\/08\/logox2.png","contentUrl":"https:\/\/www.esplac.cat\/wp-content\/uploads\/2019\/08\/logox2.png","width":600,"height":295,"caption":"Esplac"},"image":{"@id":"https:\/\/www.esplac.cat\/#\/schema\/logo\/image\/"}},{"@type":"Person","@id":"https:\/\/www.esplac.cat\/#\/schema\/person\/908383cf240be18b68f8855d0583faca","name":"Comunicaci\u00f3 Esplac","image":{"@type":"ImageObject","inLanguage":"en-US","@id":"https:\/\/secure.gravatar.com\/avatar\/7a4cf8feb412a76ea4a740ca02d95b06b2907b5a6c648c2dd0a1082a093c3141?s=96&d=mm&r=g","url":"https:\/\/secure.gravatar.com\/avatar\/7a4cf8feb412a76ea4a740ca02d95b06b2907b5a6c648c2dd0a1082a093c3141?s=96&d=mm&r=g","contentUrl":"https:\/\/secure.gravatar.com\/avatar\/7a4cf8feb412a76ea4a740ca02d95b06b2907b5a6c648c2dd0a1082a093c3141?s=96&d=mm&r=g","caption":"Comunicaci\u00f3 Esplac"}}]}},"_links":{"self":[{"href":"https:\/\/www.esplac.cat\/en\/wp-json\/wp\/v2\/posts\/48734","targetHints":{"allow":["GET"]}}],"collection":[{"href":"https:\/\/www.esplac.cat\/en\/wp-json\/wp\/v2\/posts"}],"about":[{"href":"https:\/\/www.esplac.cat\/en\/wp-json\/wp\/v2\/types\/post"}],"author":[{"embeddable":true,"href":"https:\/\/www.esplac.cat\/en\/wp-json\/wp\/v2\/users\/3"}],"replies":[{"embeddable":true,"href":"https:\/\/www.esplac.cat\/en\/wp-json\/wp\/v2\/comments?post=48734"}],"version-history":[{"count":33,"href":"https:\/\/www.esplac.cat\/en\/wp-json\/wp\/v2\/posts\/48734\/revisions"}],"predecessor-version":[{"id":48770,"href":"https:\/\/www.esplac.cat\/en\/wp-json\/wp\/v2\/posts\/48734\/revisions\/48770"}],"wp:featuredmedia":[{"embeddable":true,"href":"https:\/\/www.esplac.cat\/en\/wp-json\/wp\/v2\/media\/48766"}],"wp:attachment":[{"href":"https:\/\/www.esplac.cat\/en\/wp-json\/wp\/v2\/media?parent=48734"}],"wp:term":[{"taxonomy":"category","embeddable":true,"href":"https:\/\/www.esplac.cat\/en\/wp-json\/wp\/v2\/categories?post=48734"},{"taxonomy":"post_tag","embeddable":true,"href":"https:\/\/www.esplac.cat\/en\/wp-json\/wp\/v2\/tags?post=48734"}],"curies":[{"name":"wp","href":"https:\/\/api.w.org\/{rel}","templated":true}]}}