{"id":49075,"date":"2024-02-22T18:43:04","date_gmt":"2024-02-22T16:43:04","guid":{"rendered":"https:\/\/www.esplac.cat\/?p=49075"},"modified":"2024-02-22T18:43:20","modified_gmt":"2024-02-22T16:43:20","slug":"es-torna-a-celebrar-la-trobada-de-joves-del-sector-baix-llobregat","status":"publish","type":"post","link":"https:\/\/www.esplac.cat\/en\/es-torna-a-celebrar-la-trobada-de-joves-del-sector-baix-llobregat\/","title":{"rendered":"Es torna a celebrar amb \u00e8xit la Trobada de Joves del Sector Baix Llobregat!"},"content":{"rendered":"<div class=\"fusion-fullwidth fullwidth-box fusion-builder-row-1 fusion-flex-container nonhundred-percent-fullwidth non-hundred-percent-height-scrolling\" style=\"--awb-border-radius-top-left:0px;--awb-border-radius-top-right:0px;--awb-border-radius-bottom-right:0px;--awb-border-radius-bottom-left:0px;--awb-flex-wrap:wrap;\" ><div class=\"fusion-builder-row fusion-row fusion-flex-align-items-flex-start fusion-flex-content-wrap\" style=\"max-width:1248px;margin-left: calc(-4% \/ 2 );margin-right: calc(-4% \/ 2 );\"><div class=\"fusion-layout-column fusion_builder_column fusion-builder-column-0 fusion_builder_column_1_1 1_1 fusion-flex-column\" style=\"--awb-bg-size:cover;--awb-width-large:100%;--awb-margin-top-large:0px;--awb-spacing-right-large:1.92%;--awb-margin-bottom-large:0px;--awb-spacing-left-large:1.92%;--awb-width-medium:100%;--awb-spacing-right-medium:1.92%;--awb-spacing-left-medium:1.92%;--awb-width-small:100%;--awb-spacing-right-small:1.92%;--awb-spacing-left-small:1.92%;\"><div class=\"fusion-column-wrapper fusion-flex-justify-content-flex-start fusion-content-layout-column\"><div class=\"fusion-text fusion-text-1\"><h6><b>Un any m\u00e9s Molins de Rei acull un centenar de joves en motiu de la Trobada de Joves del Sector Baix Llobregat amb un centenar de participants<\/b><\/h6>\n<p><span style=\"font-weight: 300;\">Aquest cap de setmana hem celebrat la Trobada de Joves del Sector Baix Llobregat. Un any m\u00e9s ens hem trobat a Molins de Rei i, a difer\u00e8ncia dels anys anteriors, hem pernoctat a l\u2019Escola l\u2019Alzina. En aquesta trobada han participat <strong>un centenar de joves<\/strong> <strong>i<\/strong> <strong>monis<\/strong> dels esplais Trapella, Peti ki Peti, Pa amb Tom\u00e0quet, Greska i Ara Mateix.<\/span><\/p>\n<p><span style=\"font-weight: 300;\">La trobada va comen\u00e7ar<\/span><span style=\"font-weight: 300;\"> dissabte a les 10h amb un esmorzar conjunt a mesura que els esplais anaven arribant i a les 11h es van comen\u00e7ar a dinamitzar les activitats de mat\u00ed. Per fer-les les i els joves es van dividir per grups d&#8217;edat: els joves de 1r a 3r d\u2019ESO i els joves de 4t d\u2019ESO a 2n de batxillerat. Durant el mat\u00ed van poder gaudir d&#8217;una<strong> gimcana de descoberta del poble<\/strong> i jocs de coneixen\u00e7a per trencar el gel.\u00a0<\/span><\/p>\n<p><span style=\"font-weight: 300;\">Durant la tarda, el grup de joves m\u00e9s gran va participat d\u2019<strong>una activitat enfocada al premonitoratge<\/strong> i el grup de joves m\u00e9s petits va fer una <strong>activitat pel pob<\/strong>l<strong>e<\/strong>. Despr\u00e9s, es van dur a terme tallers de <strong>serigrafia, grafitis i PD\u2019s<\/strong>.<\/span><\/p>\n<p><span style=\"font-weight: 300;\">La jornada va finalitzar\u00a0 sopant conjuntament i amb un <strong>bingo musical<\/strong> dinamitzat per les i els propis joves! <\/span><\/p>\n<p><span style=\"font-weight: 300;\">L\u2019endem\u00e0 al mat\u00ed , despr\u00e9s d&#8217;esmorzar, es va recollir i es va donar per tancada l&#8217;activitat despr\u00e9s d&#8217;un cap de setmana d&#8217;aprenentatge i molta cohesi\u00f3.<\/span><\/p>\n<\/div><div class=\"awb-gallery-wrapper awb-gallery-wrapper-1 button-span-no\" style=\"--more-btn-alignment:center;\"><div style=\"margin:-5px;--awb-bordersize:0px;\" class=\"fusion-gallery fusion-gallery-container fusion-grid-3 fusion-columns-total-3 fusion-gallery-layout-grid fusion-gallery-1\"><div style=\"padding:5px;\" class=\"fusion-grid-column fusion-gallery-column fusion-gallery-column-3 hover-type-none\"><div class=\"fusion-gallery-image\"><a href=\"https:\/\/www.esplac.cat\/wp-content\/uploads\/2024\/02\/WhatsApp-Image-2024-02-20-at-14.28.16-e1708620054389.jpeg\" rel=\"noreferrer\" data-rel=\"iLightbox[gallery_image_1]\" class=\"fusion-lightbox\" target=\"_self\"><img decoding=\"async\" src=\"https:\/\/www.esplac.cat\/wp-content\/uploads\/2024\/02\/WhatsApp-Image-2024-02-20-at-14.28.16-e1708620054389.jpeg\" width=\"719\" height=\"1600\" alt=\"\" title=\"WhatsApp Image 2024-02-20 at 14.28.16\" aria-label=\"WhatsApp Image 2024-02-20 at 14.28.16\" class=\"img-responsive wp-image-49079\"  \/><\/a><\/div><\/div><div style=\"padding:5px;\" class=\"fusion-grid-column fusion-gallery-column fusion-gallery-column-3 hover-type-none\"><div class=\"fusion-gallery-image\"><a href=\"https:\/\/www.esplac.cat\/wp-content\/uploads\/2024\/02\/WhatsApp-Image-2024-02-20-at-14.28.20.jpeg\" rel=\"noreferrer\" data-rel=\"iLightbox[gallery_image_1]\" class=\"fusion-lightbox\" target=\"_self\"><img decoding=\"async\" src=\"https:\/\/www.esplac.cat\/wp-content\/uploads\/2024\/02\/WhatsApp-Image-2024-02-20-at-14.28.20.jpeg\" width=\"1200\" height=\"1600\" alt=\"\" title=\"WhatsApp Image 2024-02-20 at 14.28.20\" aria-label=\"WhatsApp Image 2024-02-20 at 14.28.20\" class=\"img-responsive wp-image-49082\" srcset=\"https:\/\/www.esplac.cat\/wp-content\/uploads\/2024\/02\/WhatsApp-Image-2024-02-20-at-14.28.20-200x267.jpeg 200w, https:\/\/www.esplac.cat\/wp-content\/uploads\/2024\/02\/WhatsApp-Image-2024-02-20-at-14.28.20-400x533.jpeg 400w, https:\/\/www.esplac.cat\/wp-content\/uploads\/2024\/02\/WhatsApp-Image-2024-02-20-at-14.28.20-600x800.jpeg 600w, https:\/\/www.esplac.cat\/wp-content\/uploads\/2024\/02\/WhatsApp-Image-2024-02-20-at-14.28.20-800x1067.jpeg 800w, https:\/\/www.esplac.cat\/wp-content\/uploads\/2024\/02\/WhatsApp-Image-2024-02-20-at-14.28.20.jpeg 1200w\" sizes=\"(min-width: 2200px) 100vw, (min-width: 784px) 397px, (min-width: 712px) 595px, (min-width: 640px) 712px, \" \/><\/a><\/div><\/div><div style=\"padding:5px;\" class=\"fusion-grid-column fusion-gallery-column fusion-gallery-column-3 hover-type-none\"><div class=\"fusion-gallery-image\"><a href=\"https:\/\/www.esplac.cat\/wp-content\/uploads\/2024\/02\/WhatsApp-Image-2024-02-20-at-14.28.33-1-scaled.jpeg\" rel=\"noreferrer\" data-rel=\"iLightbox[gallery_image_1]\" class=\"fusion-lightbox\" target=\"_self\"><img decoding=\"async\" src=\"https:\/\/www.esplac.cat\/wp-content\/uploads\/2024\/02\/WhatsApp-Image-2024-02-20-at-14.28.33-1-scaled.jpeg\" width=\"1928\" height=\"2560\" alt=\"\" title=\"WhatsApp Image 2024-02-20 at 14.28.33 (1)\" aria-label=\"WhatsApp Image 2024-02-20 at 14.28.33 (1)\" class=\"img-responsive wp-image-49088\" srcset=\"https:\/\/www.esplac.cat\/wp-content\/uploads\/2024\/02\/WhatsApp-Image-2024-02-20-at-14.28.33-1-200x266.jpeg 200w, https:\/\/www.esplac.cat\/wp-content\/uploads\/2024\/02\/WhatsApp-Image-2024-02-20-at-14.28.33-1-400x531.jpeg 400w, https:\/\/www.esplac.cat\/wp-content\/uploads\/2024\/02\/WhatsApp-Image-2024-02-20-at-14.28.33-1-600x797.jpeg 600w, https:\/\/www.esplac.cat\/wp-content\/uploads\/2024\/02\/WhatsApp-Image-2024-02-20-at-14.28.33-1-800x1063.jpeg 800w, https:\/\/www.esplac.cat\/wp-content\/uploads\/2024\/02\/WhatsApp-Image-2024-02-20-at-14.28.33-1-1200x1594.jpeg 1200w, https:\/\/www.esplac.cat\/wp-content\/uploads\/2024\/02\/WhatsApp-Image-2024-02-20-at-14.28.33-1-scaled.jpeg 1928w\" sizes=\"(min-width: 2200px) 100vw, (min-width: 784px) 397px, (min-width: 712px) 595px, (min-width: 640px) 712px, \" \/><\/a><\/div><\/div><div class=\"clearfix\"><\/div><\/div><\/div><\/div><\/div><\/div><\/div>\n","protected":false},"excerpt":{"rendered":"","protected":false},"author":3,"featured_media":49076,"comment_status":"closed","ping_status":"closed","sticky":false,"template":"","format":"standard","meta":{"om_disable_all_campaigns":false,"_monsterinsights_skip_tracking":false,"_monsterinsights_sitenote_active":false,"_monsterinsights_sitenote_note":"","_monsterinsights_sitenote_category":0,"_uf_show_specific_survey":0,"_uf_disable_surveys":false,"footnotes":""},"categories":[1117,1110,1124],"tags":[],"class_list":["post-49075","post","type-post","status-publish","format-standard","has-post-thumbnail","hentry","category-activitats-esplais","category-activitats-sectors","category-sector-baix-llobregat"],"yoast_head":"<!-- This site is optimized with the Yoast SEO plugin v27.4 - https:\/\/yoast.com\/product\/yoast-seo-wordpress\/ -->\n<title>Es torna a celebrar amb \u00e8xit la Trobada de Joves del Sector Baix Llobregat! - Esplac<\/title>\n<meta name=\"description\" content=\"Arriba la Trobada de Joves del Sector Baix Llobregat 2024. Un cap de setmana de formaci\u00f3, cohesi\u00f3 i aprenantatge dels joves dels esplais del sector!\" \/>\n<meta name=\"robots\" content=\"index, follow, max-snippet:-1, max-image-preview:large, max-video-preview:-1\" \/>\n<link rel=\"canonical\" href=\"https:\/\/www.esplac.cat\/es-torna-a-celebrar-la-trobada-de-joves-del-sector-baix-llobregat\/\" \/>\n<meta property=\"og:locale\" content=\"en_US\" \/>\n<meta property=\"og:type\" content=\"article\" \/>\n<meta property=\"og:title\" content=\"Es torna a celebrar amb \u00e8xit la Trobada de Joves del Sector Baix Llobregat! - Esplac\" \/>\n<meta property=\"og:description\" content=\"Arriba la Trobada de Joves del Sector Baix Llobregat 2024. Un cap de setmana de formaci\u00f3, cohesi\u00f3 i aprenantatge dels joves dels esplais del sector!\" \/>\n<meta property=\"og:url\" content=\"https:\/\/www.esplac.cat\/es-torna-a-celebrar-la-trobada-de-joves-del-sector-baix-llobregat\/\" \/>\n<meta property=\"og:site_name\" content=\"Esplac\" \/>\n<meta property=\"article:published_time\" content=\"2024-02-22T16:43:04+00:00\" \/>\n<meta property=\"article:modified_time\" content=\"2024-02-22T16:43:20+00:00\" \/>\n<meta property=\"og:image\" content=\"https:\/\/www.esplac.cat\/wp-content\/uploads\/2024\/02\/Portades-Web.jpg\" \/>\n\t<meta property=\"og:image:width\" content=\"1697\" \/>\n\t<meta property=\"og:image:height\" content=\"700\" \/>\n\t<meta property=\"og:image:type\" content=\"image\/jpeg\" \/>\n<meta name=\"author\" content=\"Comunicaci\u00f3 Esplac\" \/>\n<meta name=\"twitter:card\" content=\"summary_large_image\" \/>\n<meta name=\"twitter:label1\" content=\"Written by\" \/>\n\t<meta name=\"twitter:data1\" content=\"Comunicaci\u00f3 Esplac\" \/>\n\t<meta name=\"twitter:label2\" content=\"Est. reading time\" \/>\n\t<meta name=\"twitter:data2\" content=\"3 minutes\" \/>\n<script type=\"application\/ld+json\" class=\"yoast-schema-graph\">{\"@context\":\"https:\\\/\\\/schema.org\",\"@graph\":[{\"@type\":\"Article\",\"@id\":\"https:\\\/\\\/www.esplac.cat\\\/es-torna-a-celebrar-la-trobada-de-joves-del-sector-baix-llobregat\\\/#article\",\"isPartOf\":{\"@id\":\"https:\\\/\\\/www.esplac.cat\\\/es-torna-a-celebrar-la-trobada-de-joves-del-sector-baix-llobregat\\\/\"},\"author\":{\"name\":\"Comunicaci\u00f3 Esplac\",\"@id\":\"https:\\\/\\\/www.esplac.cat\\\/#\\\/schema\\\/person\\\/908383cf240be18b68f8855d0583faca\"},\"headline\":\"Es torna a celebrar amb \u00e8xit la Trobada de Joves del Sector Baix Llobregat!\",\"datePublished\":\"2024-02-22T16:43:04+00:00\",\"dateModified\":\"2024-02-22T16:43:20+00:00\",\"mainEntityOfPage\":{\"@id\":\"https:\\\/\\\/www.esplac.cat\\\/es-torna-a-celebrar-la-trobada-de-joves-del-sector-baix-llobregat\\\/\"},\"wordCount\":753,\"publisher\":{\"@id\":\"https:\\\/\\\/www.esplac.cat\\\/#organization\"},\"image\":{\"@id\":\"https:\\\/\\\/www.esplac.cat\\\/es-torna-a-celebrar-la-trobada-de-joves-del-sector-baix-llobregat\\\/#primaryimage\"},\"thumbnailUrl\":\"https:\\\/\\\/www.esplac.cat\\\/wp-content\\\/uploads\\\/2024\\\/02\\\/Portades-Web.jpg\",\"articleSection\":[\"Activitats esplais\",\"Activitats sectors\",\"Sector Baix Llobregat\"],\"inLanguage\":\"en-US\"},{\"@type\":\"WebPage\",\"@id\":\"https:\\\/\\\/www.esplac.cat\\\/es-torna-a-celebrar-la-trobada-de-joves-del-sector-baix-llobregat\\\/\",\"url\":\"https:\\\/\\\/www.esplac.cat\\\/es-torna-a-celebrar-la-trobada-de-joves-del-sector-baix-llobregat\\\/\",\"name\":\"Es torna a celebrar amb \u00e8xit la Trobada de Joves del Sector Baix Llobregat! - Esplac\",\"isPartOf\":{\"@id\":\"https:\\\/\\\/www.esplac.cat\\\/#website\"},\"primaryImageOfPage\":{\"@id\":\"https:\\\/\\\/www.esplac.cat\\\/es-torna-a-celebrar-la-trobada-de-joves-del-sector-baix-llobregat\\\/#primaryimage\"},\"image\":{\"@id\":\"https:\\\/\\\/www.esplac.cat\\\/es-torna-a-celebrar-la-trobada-de-joves-del-sector-baix-llobregat\\\/#primaryimage\"},\"thumbnailUrl\":\"https:\\\/\\\/www.esplac.cat\\\/wp-content\\\/uploads\\\/2024\\\/02\\\/Portades-Web.jpg\",\"datePublished\":\"2024-02-22T16:43:04+00:00\",\"dateModified\":\"2024-02-22T16:43:20+00:00\",\"description\":\"Arriba la Trobada de Joves del Sector Baix Llobregat 2024. Un cap de setmana de formaci\u00f3, cohesi\u00f3 i aprenantatge dels joves dels esplais del sector!\",\"breadcrumb\":{\"@id\":\"https:\\\/\\\/www.esplac.cat\\\/es-torna-a-celebrar-la-trobada-de-joves-del-sector-baix-llobregat\\\/#breadcrumb\"},\"inLanguage\":\"en-US\",\"potentialAction\":[{\"@type\":\"ReadAction\",\"target\":[\"https:\\\/\\\/www.esplac.cat\\\/es-torna-a-celebrar-la-trobada-de-joves-del-sector-baix-llobregat\\\/\"]}]},{\"@type\":\"ImageObject\",\"inLanguage\":\"en-US\",\"@id\":\"https:\\\/\\\/www.esplac.cat\\\/es-torna-a-celebrar-la-trobada-de-joves-del-sector-baix-llobregat\\\/#primaryimage\",\"url\":\"https:\\\/\\\/www.esplac.cat\\\/wp-content\\\/uploads\\\/2024\\\/02\\\/Portades-Web.jpg\",\"contentUrl\":\"https:\\\/\\\/www.esplac.cat\\\/wp-content\\\/uploads\\\/2024\\\/02\\\/Portades-Web.jpg\",\"width\":1697,\"height\":700},{\"@type\":\"BreadcrumbList\",\"@id\":\"https:\\\/\\\/www.esplac.cat\\\/es-torna-a-celebrar-la-trobada-de-joves-del-sector-baix-llobregat\\\/#breadcrumb\",\"itemListElement\":[{\"@type\":\"ListItem\",\"position\":1,\"name\":\"Inici\",\"item\":\"https:\\\/\\\/www.esplac.cat\\\/en\\\/\"},{\"@type\":\"ListItem\",\"position\":2,\"name\":\"Es torna a celebrar amb \u00e8xit la Trobada de Joves del Sector Baix Llobregat!\"}]},{\"@type\":\"WebSite\",\"@id\":\"https:\\\/\\\/www.esplac.cat\\\/#website\",\"url\":\"https:\\\/\\\/www.esplac.cat\\\/\",\"name\":\"Esplac\",\"description\":\"Esplais Catalans\",\"publisher\":{\"@id\":\"https:\\\/\\\/www.esplac.cat\\\/#organization\"},\"potentialAction\":[{\"@type\":\"SearchAction\",\"target\":{\"@type\":\"EntryPoint\",\"urlTemplate\":\"https:\\\/\\\/www.esplac.cat\\\/?s={search_term_string}\"},\"query-input\":{\"@type\":\"PropertyValueSpecification\",\"valueRequired\":true,\"valueName\":\"search_term_string\"}}],\"inLanguage\":\"en-US\"},{\"@type\":\"Organization\",\"@id\":\"https:\\\/\\\/www.esplac.cat\\\/#organization\",\"name\":\"Esplac\",\"url\":\"https:\\\/\\\/www.esplac.cat\\\/\",\"logo\":{\"@type\":\"ImageObject\",\"inLanguage\":\"en-US\",\"@id\":\"https:\\\/\\\/www.esplac.cat\\\/#\\\/schema\\\/logo\\\/image\\\/\",\"url\":\"https:\\\/\\\/www.esplac.cat\\\/wp-content\\\/uploads\\\/2019\\\/08\\\/logox2.png\",\"contentUrl\":\"https:\\\/\\\/www.esplac.cat\\\/wp-content\\\/uploads\\\/2019\\\/08\\\/logox2.png\",\"width\":600,\"height\":295,\"caption\":\"Esplac\"},\"image\":{\"@id\":\"https:\\\/\\\/www.esplac.cat\\\/#\\\/schema\\\/logo\\\/image\\\/\"}},{\"@type\":\"Person\",\"@id\":\"https:\\\/\\\/www.esplac.cat\\\/#\\\/schema\\\/person\\\/908383cf240be18b68f8855d0583faca\",\"name\":\"Comunicaci\u00f3 Esplac\",\"image\":{\"@type\":\"ImageObject\",\"inLanguage\":\"en-US\",\"@id\":\"https:\\\/\\\/secure.gravatar.com\\\/avatar\\\/7a4cf8feb412a76ea4a740ca02d95b06b2907b5a6c648c2dd0a1082a093c3141?s=96&d=mm&r=g\",\"url\":\"https:\\\/\\\/secure.gravatar.com\\\/avatar\\\/7a4cf8feb412a76ea4a740ca02d95b06b2907b5a6c648c2dd0a1082a093c3141?s=96&d=mm&r=g\",\"contentUrl\":\"https:\\\/\\\/secure.gravatar.com\\\/avatar\\\/7a4cf8feb412a76ea4a740ca02d95b06b2907b5a6c648c2dd0a1082a093c3141?s=96&d=mm&r=g\",\"caption\":\"Comunicaci\u00f3 Esplac\"}}]}<\/script>\n<!-- \/ Yoast SEO plugin. -->","yoast_head_json":{"title":"Es torna a celebrar amb \u00e8xit la Trobada de Joves del Sector Baix Llobregat! - Esplac","description":"Arriba la Trobada de Joves del Sector Baix Llobregat 2024. Un cap de setmana de formaci\u00f3, cohesi\u00f3 i aprenantatge dels joves dels esplais del sector!","robots":{"index":"index","follow":"follow","max-snippet":"max-snippet:-1","max-image-preview":"max-image-preview:large","max-video-preview":"max-video-preview:-1"},"canonical":"https:\/\/www.esplac.cat\/es-torna-a-celebrar-la-trobada-de-joves-del-sector-baix-llobregat\/","og_locale":"en_US","og_type":"article","og_title":"Es torna a celebrar amb \u00e8xit la Trobada de Joves del Sector Baix Llobregat! - Esplac","og_description":"Arriba la Trobada de Joves del Sector Baix Llobregat 2024. Un cap de setmana de formaci\u00f3, cohesi\u00f3 i aprenantatge dels joves dels esplais del sector!","og_url":"https:\/\/www.esplac.cat\/es-torna-a-celebrar-la-trobada-de-joves-del-sector-baix-llobregat\/","og_site_name":"Esplac","article_published_time":"2024-02-22T16:43:04+00:00","article_modified_time":"2024-02-22T16:43:20+00:00","og_image":[{"width":1697,"height":700,"url":"https:\/\/www.esplac.cat\/wp-content\/uploads\/2024\/02\/Portades-Web.jpg","type":"image\/jpeg"}],"author":"Comunicaci\u00f3 Esplac","twitter_card":"summary_large_image","twitter_misc":{"Written by":"Comunicaci\u00f3 Esplac","Est. reading time":"3 minutes"},"schema":{"@context":"https:\/\/schema.org","@graph":[{"@type":"Article","@id":"https:\/\/www.esplac.cat\/es-torna-a-celebrar-la-trobada-de-joves-del-sector-baix-llobregat\/#article","isPartOf":{"@id":"https:\/\/www.esplac.cat\/es-torna-a-celebrar-la-trobada-de-joves-del-sector-baix-llobregat\/"},"author":{"name":"Comunicaci\u00f3 Esplac","@id":"https:\/\/www.esplac.cat\/#\/schema\/person\/908383cf240be18b68f8855d0583faca"},"headline":"Es torna a celebrar amb \u00e8xit la Trobada de Joves del Sector Baix Llobregat!","datePublished":"2024-02-22T16:43:04+00:00","dateModified":"2024-02-22T16:43:20+00:00","mainEntityOfPage":{"@id":"https:\/\/www.esplac.cat\/es-torna-a-celebrar-la-trobada-de-joves-del-sector-baix-llobregat\/"},"wordCount":753,"publisher":{"@id":"https:\/\/www.esplac.cat\/#organization"},"image":{"@id":"https:\/\/www.esplac.cat\/es-torna-a-celebrar-la-trobada-de-joves-del-sector-baix-llobregat\/#primaryimage"},"thumbnailUrl":"https:\/\/www.esplac.cat\/wp-content\/uploads\/2024\/02\/Portades-Web.jpg","articleSection":["Activitats esplais","Activitats sectors","Sector Baix Llobregat"],"inLanguage":"en-US"},{"@type":"WebPage","@id":"https:\/\/www.esplac.cat\/es-torna-a-celebrar-la-trobada-de-joves-del-sector-baix-llobregat\/","url":"https:\/\/www.esplac.cat\/es-torna-a-celebrar-la-trobada-de-joves-del-sector-baix-llobregat\/","name":"Es torna a celebrar amb \u00e8xit la Trobada de Joves del Sector Baix Llobregat! - Esplac","isPartOf":{"@id":"https:\/\/www.esplac.cat\/#website"},"primaryImageOfPage":{"@id":"https:\/\/www.esplac.cat\/es-torna-a-celebrar-la-trobada-de-joves-del-sector-baix-llobregat\/#primaryimage"},"image":{"@id":"https:\/\/www.esplac.cat\/es-torna-a-celebrar-la-trobada-de-joves-del-sector-baix-llobregat\/#primaryimage"},"thumbnailUrl":"https:\/\/www.esplac.cat\/wp-content\/uploads\/2024\/02\/Portades-Web.jpg","datePublished":"2024-02-22T16:43:04+00:00","dateModified":"2024-02-22T16:43:20+00:00","description":"Arriba la Trobada de Joves del Sector Baix Llobregat 2024. Un cap de setmana de formaci\u00f3, cohesi\u00f3 i aprenantatge dels joves dels esplais del sector!","breadcrumb":{"@id":"https:\/\/www.esplac.cat\/es-torna-a-celebrar-la-trobada-de-joves-del-sector-baix-llobregat\/#breadcrumb"},"inLanguage":"en-US","potentialAction":[{"@type":"ReadAction","target":["https:\/\/www.esplac.cat\/es-torna-a-celebrar-la-trobada-de-joves-del-sector-baix-llobregat\/"]}]},{"@type":"ImageObject","inLanguage":"en-US","@id":"https:\/\/www.esplac.cat\/es-torna-a-celebrar-la-trobada-de-joves-del-sector-baix-llobregat\/#primaryimage","url":"https:\/\/www.esplac.cat\/wp-content\/uploads\/2024\/02\/Portades-Web.jpg","contentUrl":"https:\/\/www.esplac.cat\/wp-content\/uploads\/2024\/02\/Portades-Web.jpg","width":1697,"height":700},{"@type":"BreadcrumbList","@id":"https:\/\/www.esplac.cat\/es-torna-a-celebrar-la-trobada-de-joves-del-sector-baix-llobregat\/#breadcrumb","itemListElement":[{"@type":"ListItem","position":1,"name":"Inici","item":"https:\/\/www.esplac.cat\/en\/"},{"@type":"ListItem","position":2,"name":"Es torna a celebrar amb \u00e8xit la Trobada de Joves del Sector Baix Llobregat!"}]},{"@type":"WebSite","@id":"https:\/\/www.esplac.cat\/#website","url":"https:\/\/www.esplac.cat\/","name":"Esplac","description":"Esplais Catalans","publisher":{"@id":"https:\/\/www.esplac.cat\/#organization"},"potentialAction":[{"@type":"SearchAction","target":{"@type":"EntryPoint","urlTemplate":"https:\/\/www.esplac.cat\/?s={search_term_string}"},"query-input":{"@type":"PropertyValueSpecification","valueRequired":true,"valueName":"search_term_string"}}],"inLanguage":"en-US"},{"@type":"Organization","@id":"https:\/\/www.esplac.cat\/#organization","name":"Esplac","url":"https:\/\/www.esplac.cat\/","logo":{"@type":"ImageObject","inLanguage":"en-US","@id":"https:\/\/www.esplac.cat\/#\/schema\/logo\/image\/","url":"https:\/\/www.esplac.cat\/wp-content\/uploads\/2019\/08\/logox2.png","contentUrl":"https:\/\/www.esplac.cat\/wp-content\/uploads\/2019\/08\/logox2.png","width":600,"height":295,"caption":"Esplac"},"image":{"@id":"https:\/\/www.esplac.cat\/#\/schema\/logo\/image\/"}},{"@type":"Person","@id":"https:\/\/www.esplac.cat\/#\/schema\/person\/908383cf240be18b68f8855d0583faca","name":"Comunicaci\u00f3 Esplac","image":{"@type":"ImageObject","inLanguage":"en-US","@id":"https:\/\/secure.gravatar.com\/avatar\/7a4cf8feb412a76ea4a740ca02d95b06b2907b5a6c648c2dd0a1082a093c3141?s=96&d=mm&r=g","url":"https:\/\/secure.gravatar.com\/avatar\/7a4cf8feb412a76ea4a740ca02d95b06b2907b5a6c648c2dd0a1082a093c3141?s=96&d=mm&r=g","contentUrl":"https:\/\/secure.gravatar.com\/avatar\/7a4cf8feb412a76ea4a740ca02d95b06b2907b5a6c648c2dd0a1082a093c3141?s=96&d=mm&r=g","caption":"Comunicaci\u00f3 Esplac"}}]}},"_links":{"self":[{"href":"https:\/\/www.esplac.cat\/en\/wp-json\/wp\/v2\/posts\/49075","targetHints":{"allow":["GET"]}}],"collection":[{"href":"https:\/\/www.esplac.cat\/en\/wp-json\/wp\/v2\/posts"}],"about":[{"href":"https:\/\/www.esplac.cat\/en\/wp-json\/wp\/v2\/types\/post"}],"author":[{"embeddable":true,"href":"https:\/\/www.esplac.cat\/en\/wp-json\/wp\/v2\/users\/3"}],"replies":[{"embeddable":true,"href":"https:\/\/www.esplac.cat\/en\/wp-json\/wp\/v2\/comments?post=49075"}],"version-history":[{"count":3,"href":"https:\/\/www.esplac.cat\/en\/wp-json\/wp\/v2\/posts\/49075\/revisions"}],"predecessor-version":[{"id":49093,"href":"https:\/\/www.esplac.cat\/en\/wp-json\/wp\/v2\/posts\/49075\/revisions\/49093"}],"wp:featuredmedia":[{"embeddable":true,"href":"https:\/\/www.esplac.cat\/en\/wp-json\/wp\/v2\/media\/49076"}],"wp:attachment":[{"href":"https:\/\/www.esplac.cat\/en\/wp-json\/wp\/v2\/media?parent=49075"}],"wp:term":[{"taxonomy":"category","embeddable":true,"href":"https:\/\/www.esplac.cat\/en\/wp-json\/wp\/v2\/categories?post=49075"},{"taxonomy":"post_tag","embeddable":true,"href":"https:\/\/www.esplac.cat\/en\/wp-json\/wp\/v2\/tags?post=49075"}],"curies":[{"name":"wp","href":"https:\/\/api.w.org\/{rel}","templated":true}]}}