{"id":49291,"date":"2024-03-12T13:21:58","date_gmt":"2024-03-12T11:21:58","guid":{"rendered":"https:\/\/www.esplac.cat\/?p=49291"},"modified":"2024-03-12T14:34:06","modified_gmt":"2024-03-12T12:34:06","slug":"esplais-model-educatiu-capitalista","status":"publish","type":"post","link":"https:\/\/www.esplac.cat\/en\/esplais-model-educatiu-capitalista\/","title":{"rendered":"Els esplais som una proposta alternativa al model educatiu que imposa el sistema capitalista"},"content":{"rendered":"<div class=\"fusion-fullwidth fullwidth-box fusion-builder-row-1 fusion-flex-container has-pattern-background has-mask-background nonhundred-percent-fullwidth non-hundred-percent-height-scrolling\" style=\"--awb-border-radius-top-left:0px;--awb-border-radius-top-right:0px;--awb-border-radius-bottom-right:0px;--awb-border-radius-bottom-left:0px;--awb-flex-wrap:wrap;\" ><div class=\"fusion-builder-row fusion-row fusion-flex-align-items-flex-start fusion-flex-content-wrap\" style=\"max-width:1248px;margin-left: calc(-4% \/ 2 );margin-right: calc(-4% \/ 2 );\"><div class=\"fusion-layout-column fusion_builder_column fusion-builder-column-0 fusion_builder_column_1_1 1_1 fusion-flex-column\" style=\"--awb-bg-size:cover;--awb-width-large:100%;--awb-margin-top-large:0px;--awb-spacing-right-large:1.92%;--awb-margin-bottom-large:20px;--awb-spacing-left-large:1.92%;--awb-width-medium:100%;--awb-order-medium:0;--awb-spacing-right-medium:1.92%;--awb-spacing-left-medium:1.92%;--awb-width-small:100%;--awb-order-small:0;--awb-spacing-right-small:1.92%;--awb-spacing-left-small:1.92%;\"><div class=\"fusion-column-wrapper fusion-column-has-shadow fusion-flex-justify-content-flex-start fusion-content-layout-column\"><div class=\"fusion-text fusion-text-1\"><h6><strong>Sota el lema <em>Esplais anticapitalistes: constru\u00efm les bases per educar en l\u2019alternativa<\/em>, a la desena edici\u00f3 de l&#8217;Escola d&#8217;Esplac debatrem sobre <\/strong><strong>quines pr\u00e0ctiques reprodu\u00efm en el nostre dia a dia i <\/strong><strong>quins s\u00f3n els passos a seguir per crear models anticapitalistes.\u00a0<\/strong><\/h6>\n<p>Hi ha molta gent que si li pregunt\u00e9ssim que fem a l\u2019esplai ens respondrien que els infants hi passen les tardes de dissabte jugant, sense pensar en la ra\u00f3 de ser dels esplais m\u00e9s enll\u00e0 d\u2019aquesta afirmaci\u00f3. Nosaltres sabem que el joc \u00e9s simplement la punta de l\u2019iceberg de tot all\u00f2 que realment fem. A l\u2019esplai juguem, cantem i ballem, per\u00f2 sobretot <strong>creem una proposta alternativa a l\u2019educaci\u00f3 formal imposada des del sistema<\/strong>.<\/p>\n<p>Els esplais fem associacionisme educatiu, entenent-lo com tot aquell conjunt d\u2019organitzacions i moviments dirigits per gent jove que duen a terme la seva tasca des del voluntariat i amb una intenci\u00f3 educativa expl\u00edcita. Creiem fermament que <strong>\u00e9s necessari crear espais educatius alternatius liderats per persones joves<\/strong>. Per aix\u00f2, els dissabtes a la tarda mostrem a infants i joves altres maneres d\u2019organitzar-nos, de\u00a0 relacionar-nos i d\u2019entendre la societat, que impliquen directament actuar de forma diferent a les l\u00f2giques a les que estem acostumades i que ens imposa el sistema capitalista.<\/p>\n<p>Per exemple, formar part de la Xarxa d&#8217;Economia Solid\u00e0ria de Catalunya (<span style=\"color: #f69d0b;\"><strong><a style=\"color: #f69d0b;\" href=\"https:\/\/xes.cat\/\" target=\"_blank\" rel=\"noopener\">XES<\/a><\/strong><\/span>) ens permet con\u00e8ixer projectes d\u2019arreu que<strong> rebutgen posar el capital al centre de les seves accions<\/strong>. \u00c9s important entendre de manera clara i en profunditat,\u00a0 sense quedar-nos en la superficialitat i l\u2019autocomplaen\u00e7a, el sentit de tots aquests projectes i les disjuntives que creen a la forma habitual de reproduir accions i estructures de la societat capitalista.<\/p>\n<blockquote>\n<p><strong>Els dissabtes a la tarda mostrem a infants i joves altres maneres d\u2019organitzar-nos, de relacionar-nos i d\u2019entendre la societat que confronten les l\u00f2giques a les que estem acostumades i que ens imposa el sistema capitalista.<\/strong><\/p>\n<\/blockquote>\n<p>La <strong>relaci\u00f3 estructural i triangular entre economia, ecologia i societat<\/strong> fa que les propostes anticapitalistes tinguem moltes dificultats per poder fer la nostra activitat. Som conscients de com d\u2019interdependents i coordinats estan aquests tres eixos. Aix\u00f2 ens serveix com a clau per entendre com s\u2019estructura el sistema econ\u00f2mic, pol\u00edtic i social actual, el capitalisme neoliberal, i proposar-hi alternatives.<\/p>\n<p>Entenent que els esplais son una contraproposta educativa al sistema, \u00e9s m\u00e9s f\u00e0cil articular quines s\u00f3n aquelles coses en qu\u00e8 discernim del capitalisme. Podem comen\u00e7ar per <strong>la necessitat capitalista de generar cada cop m\u00e9s riquesa, la qual \u00e9s incompatible amb el nostre planeta.<\/strong>\u00a0 Al llibre <strong><span style=\"color: #f69d0b;\"><a style=\"color: #f69d0b;\" href=\"https:\/\/www.arcadia-editorial.com\/llibres\/los-cinco-elementos\/\" target=\"_blank\" rel=\"noopener\"><em>Los cinco elementos<\/em> <\/a><\/span><\/strong>de Yayo Herrero podem llegir les seg\u00fcents l\u00ednies:<\/p>\n<\/div><\/div><\/div><div class=\"fusion-layout-column fusion_builder_column fusion-builder-column-1 fusion_builder_column_1_2 1_2 fusion-flex-column\" style=\"--awb-bg-size:cover;--awb-width-large:50%;--awb-margin-top-large:0px;--awb-spacing-right-large:3.84%;--awb-margin-bottom-large:20px;--awb-spacing-left-large:3.84%;--awb-width-medium:100%;--awb-order-medium:0;--awb-spacing-right-medium:1.92%;--awb-spacing-left-medium:1.92%;--awb-width-small:100%;--awb-order-small:0;--awb-spacing-right-small:1.92%;--awb-spacing-left-small:1.92%;\"><div class=\"fusion-column-wrapper fusion-column-has-shadow fusion-flex-justify-content-flex-start fusion-content-layout-column\"><div class=\"fusion-text fusion-text-2\"><p style=\"text-align: center;\"><em>\u201cDes de la Terra alguns miren a Mart. Alberguen el somni de que la vida humana, que donen per desnonada en el tercer planeta del sistema solar, pot tenir continu\u00eftat en el quart. (&#8230;)<\/em><\/p>\n<p style=\"text-align: center;\"><em>(&#8230;) A molta gent no li resulta atractiva ni desitjable la idea de viure s\u00f2briament. Resulta molt dif\u00edcil promoure models d&#8217;alimentaci\u00f3 b\u00e0sicament vegetal, de proximitat i de temporada, i actualment l&#8217;intent d&#8217;implantaci\u00f3 de sistemes de separaci\u00f3 i recollida d&#8217;escombraries porta a porta pot fer caure governs. Em costa entendre que, no obstant aix\u00f2, resulti fascinant que un supermascle interplanetari (Elon Musk) prometi que d\u2019aqu\u00ed a cent anys un mili\u00f3 de rics podran haver escapat de la Terra i viuran senzillament, confinats en coves, reciclant-ho tot, produint els seus propis aliments i tenint estils de vida sobris.<\/em><\/p>\n<\/div><\/div><\/div><div class=\"fusion-layout-column fusion_builder_column fusion-builder-column-2 fusion_builder_column_1_2 1_2 fusion-flex-column\" style=\"--awb-bg-size:cover;--awb-width-large:50%;--awb-margin-top-large:0px;--awb-spacing-right-large:3.84%;--awb-margin-bottom-large:20px;--awb-spacing-left-large:3.84%;--awb-width-medium:100%;--awb-order-medium:0;--awb-spacing-right-medium:1.92%;--awb-spacing-left-medium:1.92%;--awb-width-small:100%;--awb-order-small:0;--awb-spacing-right-small:1.92%;--awb-spacing-left-small:1.92%;\"><div class=\"fusion-column-wrapper fusion-column-has-shadow fusion-flex-justify-content-flex-start fusion-content-layout-column\"><div class=\"fusion-text fusion-text-3\"><p style=\"text-align: center;\"><em><span style=\"font-weight: 400;\">D\u2019aqu\u00ed a cent anys, de no fer res, la vida a la Terra per a milers de milions de persones ser\u00e0 impossible. <\/span><span style=\"font-weight: 400;\">No ser\u00e0 infinitament m\u00e9s senzill i just canviar els estils de vida dels sectors privilegiats en aquest planeta en el qual ja tenim avan\u00e7at aix\u00f2 de les condicions biof\u00edsiques favorables? No \u00e9s absolutament marci\u00e0 tirar als joves de Fragues i prometre un futur com el que ells tractaven de construir, per\u00f2 en pitjor?<\/span> <span style=\"font-weight: 400;\">No \u00e9s absurd destruir els territoris per a extreure del s\u00f2l els minerals i l&#8217;energia que permetran suposadament que una minoria de rics fugi de la Terra quan la destrucci\u00f3 d&#8217;aquests territoris i el declivi dels minerals i l&#8217;energia no permetin viure a la Terra? No \u00e9s de bojos que es faci mofa dels qui plantegen, per exemple, frenar el desplegament de tecnologies altament consumidores en materials i energia i no surtin centenars de mems de ultrarics reconvertits en permacultors marcians?&#8221;.<\/span><\/em><\/p>\n<\/div><\/div><\/div><div class=\"fusion-layout-column fusion_builder_column fusion-builder-column-3 fusion_builder_column_1_1 1_1 fusion-flex-column\" style=\"--awb-bg-size:cover;--awb-width-large:100%;--awb-margin-top-large:0px;--awb-spacing-right-large:1.92%;--awb-margin-bottom-large:20px;--awb-spacing-left-large:1.92%;--awb-width-medium:100%;--awb-order-medium:0;--awb-spacing-right-medium:1.92%;--awb-spacing-left-medium:1.92%;--awb-width-small:100%;--awb-order-small:0;--awb-spacing-right-small:1.92%;--awb-spacing-left-small:1.92%;\"><div class=\"fusion-column-wrapper fusion-column-has-shadow fusion-flex-justify-content-flex-start fusion-content-layout-column\"><div class=\"fusion-text fusion-text-4\"><p>Recollint les reflexions d\u2019Herrero, doncs, no seria infinitament m\u00e9s senzill fer aquests canvis estructurals, des d\u2019una \u00f2ptica anticapitalista, tenint en compte que implica canviar maneres de viure? Com podem aterrar aquestes idees a les realitats de l\u2019esplai i de dissabtes a la tarda?<\/p>\n<h5><span style=\"color: #f69d0b;\"><strong>Educar en el decreixement<\/strong><\/span><\/h5>\n<p>Esplais Catalans entenem que per liderar iniciatives anticapitalistes cal entendre la import\u00e0ncia de l\u2019educaci\u00f3 en el decreixement. <strong>El creixement constant imparable no \u00e9s ni de lluny sostenible ni necessari per al benestar social i ambiental.<\/strong> Treballar la consci\u00e8ncia sobre la crisi clim\u00e0tica i fer tot el que est\u00e0 a les nostres mans per deixar el m\u00f3n millor del que ens l\u2019hem trobat ha de ser una prioritat a l\u2019hora de tra\u00e7ar objectius i accions en el lleure educatiu de base volunt\u00e0ria.<\/p>\n<p>Per\u00f2 evidentment, <strong>les responsabilitats han de ser relatives<\/strong> i els canvis no poden recaure exclusivament en les joves ni en els infants, sota la premisa de ser les futures generacions que habitarem el planeta. Cal assenyalar tamb\u00e9 que nosaltres som qui estem especialment perjudicades de les accions de l\u2019avui i l\u2019ara.<\/p>\n<p>\u00c9s per aix\u00f2 que cal que els esplais seguim sent agents d\u2019educaci\u00f3 en el decreixement, per\u00f2 tamb\u00e9 de reivindicaci\u00f3, expressant que no som tan sols el futur de la societat, sin\u00f3 que tamb\u00e9 som el present. <strong>Reclamem que s\u2019assumeixi una responsabilitat global davant la situaci\u00f3 que ens evoca a prioritzar el capital en detriment de la vida<\/strong>, posant aquest \u00faltim al centre de totes les decisions.<\/p>\n<blockquote>\n<p><strong>Reclamem que s\u2019assumeixi una responsabilitat global davant la situaci\u00f3 que ens evoca a prioritzar<br \/>\nel capital en detriment de la vida.<\/strong><\/p>\n<\/blockquote>\n<p>Despr\u00e9s de totes aquestes reflexions i les contradiccions derivades del sistema en qu\u00e8 ens trobem, podem arribar a pensar que educar en el decreixement no t\u00e9 cabuda en el sistema actual, ja que \u00e9s el pilar fonamental del seu funcionament. El capitalisme nom\u00e9s funciona en creixement constant, per tant, \u00e9s totalment incompatible amb la sostenibilitat o la gesti\u00f3 responsable de recursos.<\/p>\n<p>Esplais Catalans, doncs, entomem la la <strong>responsabilitat d&#8217;educar pel m\u00f3n que volem viure<\/strong>, assumint les contradiccions impl\u00edcites, amb l&#8217;objectiu de no nom\u00e9s transformar la doctrina capitalista que s&#8217;imposa als infants i joves, sin\u00f3 tamb\u00e9 anar m\u00e9s enll\u00e0, mitjan\u00e7ant el treball amb les fam\u00edlies i la incid\u00e8ncia pol\u00edtica de l&#8217;associaci\u00f3. Per aix\u00f2,<strong> continuarem educant en el decreixement, sense deixar d\u2019exigir responsabilitats als qui durant anys ens han portat a aquesta situaci\u00f3 l\u00edmit<\/strong>.<\/p>\n<h5><strong><span style=\"color: #f69d0b;\">Combatre el sistema des de l\u2019esplai<\/span><\/strong><\/h5>\n<p><strong>El capitalisme se sustenta gr\u00e0cies als diferents eixos d\u2019opressi\u00f3<\/strong>. Con\u00e8ixer-los i actuar per combatre\u2019ls \u00e9s primordial. Educar en el feminisme, la lluita de classe o l\u2019anticolonialisme \u00e9s tamb\u00e9 educar en l\u2019anticapitalisme.<\/p>\n<p>Els esplais sempre ens hem caracteritzat per la capacitat de fer-nos preguntes. I cal que no ens les deixem de fer per no caure en el conformisme. Educar \u00e9s pol\u00edtic i, s\u00ed, educar a trav\u00e9s de l\u2019exemple sovint t\u00e9 incoher\u00e8ncies. Aqu\u00ed \u00e9s on hem de parar per preguntar-nos <strong>com podem fugir d\u2019aquestes pr\u00e0ctiques i din\u00e0miques a les quals ens veiem abocades<\/strong>. \u00c9s possible educar en l\u2019anticapitalisme i tenir els diners de l\u2019esplai en un banc que expropia, desnona o finan\u00e7a guerres? Podem educar en la lluita de classe sabent que no tot el jovent t\u00e9 acc\u00e9s al teixit associatiu o pot permetre\u2019s no treballar un dissabte a la tarda per venir a l\u2019esplai?<\/p>\n<blockquote>\n<p><strong>Educar en el feminisme, la lluita de classe o l\u2019anticolonialisme \u00e9s tamb\u00e9 educar en l\u2019anticapitalisme.<\/strong><\/p>\n<\/blockquote>\n<p>Tot i aix\u00f2, a l\u2019hora de treballar l\u2019anticapitalisme a l\u2019esplai no ens podem oblidar de que, com a entitats juvenils, <strong>vivim des de primera l\u00ednia la precarietat del sistema capitalista i aix\u00f2 ens porta a una crisi de participaci\u00f3 i comprom\u00eds que ens debilita<\/strong>. A m\u00e9s, els nostres models d\u2019esplai no s\u00f3n sostenibles si el reconeixement que rebem de part de les\u00a0 administracions segueix sent l\u2019actual. Cada cop m\u00e9s, <strong>els ajuntaments no ens volen cedir locals per realitzar de forma digna la nostra tasca educativa<\/strong>, el finan\u00e7ament p\u00fablic segueix estancat i la vida est\u00e0 encarint-se a uns nivells que les nostres entitats no poden sostenir.<\/p>\n<p>En definitiva, vivim en un sistema que ens precaritza i que dificulta la nostra participaci\u00f3. Per aix\u00f2, creiem necessari fer una reflexi\u00f3 profunda de la situaci\u00f3 actual que travessa als esplais, tant a les monitores com als infants i joves. <strong>Aix\u00ed, col\u00b7lectivament, tra\u00e7arem nous discursos i models educatius que donin resposta a la crisi capitalista actual.<\/strong><\/p>\n<p>Per tot aix\u00f2, monitores i monitors d\u2019Esplais Catalans, s\u00f2cies i altres persones vinculades a l\u2019associacionisme educatiu ens trobarem <strong>els pr\u00f2xims 13 i 14 d\u2019abril a Manresa a la desena edici\u00f3 de l\u2019<span style=\"color: #f69d0b;\"><a style=\"color: #f69d0b;\" href=\"https:\/\/www.esplac.cat\/formacions\/escola-esplac\/\" target=\"_blank\" rel=\"noopener\">Escola d\u2019Esplac<\/a><\/span><\/strong>. Sota el lema <em><strong>Esplais anticapitalistes: constru\u00efm les bases per educar en l\u2019alternativa <\/strong><\/em>\u00a0debatrem sobre tot all\u00f2 que ens afecta en el dia a dia, quins s\u00f3n els passos a seguir per crear models anticapitalistes i quines pr\u00e0ctiques reprodu\u00efm en el nostre dia a dia.<\/p>\n<\/div><\/div><\/div><\/div><\/div>\n","protected":false},"excerpt":{"rendered":"","protected":false},"author":3,"featured_media":49297,"comment_status":"closed","ping_status":"closed","sticky":false,"template":"","format":"standard","meta":{"om_disable_all_campaigns":false,"_monsterinsights_skip_tracking":false,"_monsterinsights_sitenote_active":false,"_monsterinsights_sitenote_note":"","_monsterinsights_sitenote_category":0,"_uf_show_specific_survey":0,"_uf_disable_surveys":false,"footnotes":""},"categories":[1339,1129,1],"tags":[],"class_list":["post-49291","post","type-post","status-publish","format-standard","has-post-thumbnail","hentry","category-equip-de-coordinacio","category-escola-desplac","category-sense-categoria"],"yoast_head":"<!-- This site is optimized with the Yoast SEO plugin v27.4 - https:\/\/yoast.com\/product\/yoast-seo-wordpress\/ -->\n<title>Els esplais som una alternativa al model educatiu capitalista<\/title>\n<meta name=\"description\" content=\"A la desena edici\u00f3 de l&#039;Escola d&#039;Esplac debatrem sobre quins s\u00f3n els passos a seguir des dels epslais per crear models anticapitalistes.\u00a0\" \/>\n<meta name=\"robots\" content=\"index, follow, max-snippet:-1, max-image-preview:large, max-video-preview:-1\" \/>\n<link rel=\"canonical\" href=\"https:\/\/www.esplac.cat\/esplais-model-educatiu-capitalista\/\" \/>\n<meta property=\"og:locale\" content=\"en_US\" \/>\n<meta property=\"og:type\" content=\"article\" \/>\n<meta property=\"og:title\" content=\"Els esplais som una alternativa al model educatiu capitalista\" \/>\n<meta property=\"og:description\" content=\"A la desena edici\u00f3 de l&#039;Escola d&#039;Esplac debatrem sobre quins s\u00f3n els passos a seguir des dels epslais per crear models anticapitalistes.\u00a0\" \/>\n<meta property=\"og:url\" content=\"https:\/\/www.esplac.cat\/esplais-model-educatiu-capitalista\/\" \/>\n<meta property=\"og:site_name\" content=\"Esplac\" \/>\n<meta property=\"article:published_time\" content=\"2024-03-12T11:21:58+00:00\" \/>\n<meta property=\"article:modified_time\" content=\"2024-03-12T12:34:06+00:00\" \/>\n<meta property=\"og:image\" content=\"https:\/\/www.esplac.cat\/wp-content\/uploads\/2024\/03\/Article-Opinio-EE.jpg\" \/>\n\t<meta property=\"og:image:width\" content=\"1697\" \/>\n\t<meta property=\"og:image:height\" content=\"700\" \/>\n\t<meta property=\"og:image:type\" content=\"image\/jpeg\" \/>\n<meta name=\"author\" content=\"Comunicaci\u00f3 Esplac\" \/>\n<meta name=\"twitter:card\" content=\"summary_large_image\" \/>\n<meta name=\"twitter:label1\" content=\"Written by\" \/>\n\t<meta name=\"twitter:data1\" content=\"Comunicaci\u00f3 Esplac\" \/>\n\t<meta name=\"twitter:label2\" content=\"Est. reading time\" \/>\n\t<meta name=\"twitter:data2\" content=\"1 minute\" \/>\n<script type=\"application\/ld+json\" class=\"yoast-schema-graph\">{\"@context\":\"https:\\\/\\\/schema.org\",\"@graph\":[{\"@type\":\"Article\",\"@id\":\"https:\\\/\\\/www.esplac.cat\\\/esplais-model-educatiu-capitalista\\\/#article\",\"isPartOf\":{\"@id\":\"https:\\\/\\\/www.esplac.cat\\\/esplais-model-educatiu-capitalista\\\/\"},\"author\":{\"name\":\"Comunicaci\u00f3 Esplac\",\"@id\":\"https:\\\/\\\/www.esplac.cat\\\/#\\\/schema\\\/person\\\/908383cf240be18b68f8855d0583faca\"},\"headline\":\"Els esplais som una proposta alternativa al model educatiu que imposa el sistema capitalista\",\"datePublished\":\"2024-03-12T11:21:58+00:00\",\"dateModified\":\"2024-03-12T12:34:06+00:00\",\"mainEntityOfPage\":{\"@id\":\"https:\\\/\\\/www.esplac.cat\\\/esplais-model-educatiu-capitalista\\\/\"},\"wordCount\":4102,\"publisher\":{\"@id\":\"https:\\\/\\\/www.esplac.cat\\\/#organization\"},\"image\":{\"@id\":\"https:\\\/\\\/www.esplac.cat\\\/esplais-model-educatiu-capitalista\\\/#primaryimage\"},\"thumbnailUrl\":\"https:\\\/\\\/www.esplac.cat\\\/wp-content\\\/uploads\\\/2024\\\/03\\\/Article-Opinio-EE.jpg\",\"articleSection\":[\"Equip de Coordinaci\u00f3\",\"Escola d'Esplac\",\"Sense categoria\"],\"inLanguage\":\"en-US\"},{\"@type\":\"WebPage\",\"@id\":\"https:\\\/\\\/www.esplac.cat\\\/esplais-model-educatiu-capitalista\\\/\",\"url\":\"https:\\\/\\\/www.esplac.cat\\\/esplais-model-educatiu-capitalista\\\/\",\"name\":\"Els esplais som una alternativa al model educatiu capitalista\",\"isPartOf\":{\"@id\":\"https:\\\/\\\/www.esplac.cat\\\/#website\"},\"primaryImageOfPage\":{\"@id\":\"https:\\\/\\\/www.esplac.cat\\\/esplais-model-educatiu-capitalista\\\/#primaryimage\"},\"image\":{\"@id\":\"https:\\\/\\\/www.esplac.cat\\\/esplais-model-educatiu-capitalista\\\/#primaryimage\"},\"thumbnailUrl\":\"https:\\\/\\\/www.esplac.cat\\\/wp-content\\\/uploads\\\/2024\\\/03\\\/Article-Opinio-EE.jpg\",\"datePublished\":\"2024-03-12T11:21:58+00:00\",\"dateModified\":\"2024-03-12T12:34:06+00:00\",\"description\":\"A la desena edici\u00f3 de l'Escola d'Esplac debatrem sobre quins s\u00f3n els passos a seguir des dels epslais per crear models anticapitalistes.\u00a0\",\"breadcrumb\":{\"@id\":\"https:\\\/\\\/www.esplac.cat\\\/esplais-model-educatiu-capitalista\\\/#breadcrumb\"},\"inLanguage\":\"en-US\",\"potentialAction\":[{\"@type\":\"ReadAction\",\"target\":[\"https:\\\/\\\/www.esplac.cat\\\/esplais-model-educatiu-capitalista\\\/\"]}]},{\"@type\":\"ImageObject\",\"inLanguage\":\"en-US\",\"@id\":\"https:\\\/\\\/www.esplac.cat\\\/esplais-model-educatiu-capitalista\\\/#primaryimage\",\"url\":\"https:\\\/\\\/www.esplac.cat\\\/wp-content\\\/uploads\\\/2024\\\/03\\\/Article-Opinio-EE.jpg\",\"contentUrl\":\"https:\\\/\\\/www.esplac.cat\\\/wp-content\\\/uploads\\\/2024\\\/03\\\/Article-Opinio-EE.jpg\",\"width\":1697,\"height\":700,\"caption\":\"esplais\"},{\"@type\":\"BreadcrumbList\",\"@id\":\"https:\\\/\\\/www.esplac.cat\\\/esplais-model-educatiu-capitalista\\\/#breadcrumb\",\"itemListElement\":[{\"@type\":\"ListItem\",\"position\":1,\"name\":\"Inici\",\"item\":\"https:\\\/\\\/www.esplac.cat\\\/en\\\/\"},{\"@type\":\"ListItem\",\"position\":2,\"name\":\"Els esplais som una proposta alternativa al model educatiu que imposa el sistema capitalista\"}]},{\"@type\":\"WebSite\",\"@id\":\"https:\\\/\\\/www.esplac.cat\\\/#website\",\"url\":\"https:\\\/\\\/www.esplac.cat\\\/\",\"name\":\"Esplac\",\"description\":\"Esplais Catalans\",\"publisher\":{\"@id\":\"https:\\\/\\\/www.esplac.cat\\\/#organization\"},\"potentialAction\":[{\"@type\":\"SearchAction\",\"target\":{\"@type\":\"EntryPoint\",\"urlTemplate\":\"https:\\\/\\\/www.esplac.cat\\\/?s={search_term_string}\"},\"query-input\":{\"@type\":\"PropertyValueSpecification\",\"valueRequired\":true,\"valueName\":\"search_term_string\"}}],\"inLanguage\":\"en-US\"},{\"@type\":\"Organization\",\"@id\":\"https:\\\/\\\/www.esplac.cat\\\/#organization\",\"name\":\"Esplac\",\"url\":\"https:\\\/\\\/www.esplac.cat\\\/\",\"logo\":{\"@type\":\"ImageObject\",\"inLanguage\":\"en-US\",\"@id\":\"https:\\\/\\\/www.esplac.cat\\\/#\\\/schema\\\/logo\\\/image\\\/\",\"url\":\"https:\\\/\\\/www.esplac.cat\\\/wp-content\\\/uploads\\\/2019\\\/08\\\/logox2.png\",\"contentUrl\":\"https:\\\/\\\/www.esplac.cat\\\/wp-content\\\/uploads\\\/2019\\\/08\\\/logox2.png\",\"width\":600,\"height\":295,\"caption\":\"Esplac\"},\"image\":{\"@id\":\"https:\\\/\\\/www.esplac.cat\\\/#\\\/schema\\\/logo\\\/image\\\/\"}},{\"@type\":\"Person\",\"@id\":\"https:\\\/\\\/www.esplac.cat\\\/#\\\/schema\\\/person\\\/908383cf240be18b68f8855d0583faca\",\"name\":\"Comunicaci\u00f3 Esplac\",\"image\":{\"@type\":\"ImageObject\",\"inLanguage\":\"en-US\",\"@id\":\"https:\\\/\\\/secure.gravatar.com\\\/avatar\\\/7a4cf8feb412a76ea4a740ca02d95b06b2907b5a6c648c2dd0a1082a093c3141?s=96&d=mm&r=g\",\"url\":\"https:\\\/\\\/secure.gravatar.com\\\/avatar\\\/7a4cf8feb412a76ea4a740ca02d95b06b2907b5a6c648c2dd0a1082a093c3141?s=96&d=mm&r=g\",\"contentUrl\":\"https:\\\/\\\/secure.gravatar.com\\\/avatar\\\/7a4cf8feb412a76ea4a740ca02d95b06b2907b5a6c648c2dd0a1082a093c3141?s=96&d=mm&r=g\",\"caption\":\"Comunicaci\u00f3 Esplac\"}}]}<\/script>\n<!-- \/ Yoast SEO plugin. -->","yoast_head_json":{"title":"Els esplais som una alternativa al model educatiu capitalista","description":"A la desena edici\u00f3 de l'Escola d'Esplac debatrem sobre quins s\u00f3n els passos a seguir des dels epslais per crear models anticapitalistes.\u00a0","robots":{"index":"index","follow":"follow","max-snippet":"max-snippet:-1","max-image-preview":"max-image-preview:large","max-video-preview":"max-video-preview:-1"},"canonical":"https:\/\/www.esplac.cat\/esplais-model-educatiu-capitalista\/","og_locale":"en_US","og_type":"article","og_title":"Els esplais som una alternativa al model educatiu capitalista","og_description":"A la desena edici\u00f3 de l'Escola d'Esplac debatrem sobre quins s\u00f3n els passos a seguir des dels epslais per crear models anticapitalistes.\u00a0","og_url":"https:\/\/www.esplac.cat\/esplais-model-educatiu-capitalista\/","og_site_name":"Esplac","article_published_time":"2024-03-12T11:21:58+00:00","article_modified_time":"2024-03-12T12:34:06+00:00","og_image":[{"width":1697,"height":700,"url":"https:\/\/www.esplac.cat\/wp-content\/uploads\/2024\/03\/Article-Opinio-EE.jpg","type":"image\/jpeg"}],"author":"Comunicaci\u00f3 Esplac","twitter_card":"summary_large_image","twitter_misc":{"Written by":"Comunicaci\u00f3 Esplac","Est. reading time":"1 minute"},"schema":{"@context":"https:\/\/schema.org","@graph":[{"@type":"Article","@id":"https:\/\/www.esplac.cat\/esplais-model-educatiu-capitalista\/#article","isPartOf":{"@id":"https:\/\/www.esplac.cat\/esplais-model-educatiu-capitalista\/"},"author":{"name":"Comunicaci\u00f3 Esplac","@id":"https:\/\/www.esplac.cat\/#\/schema\/person\/908383cf240be18b68f8855d0583faca"},"headline":"Els esplais som una proposta alternativa al model educatiu que imposa el sistema capitalista","datePublished":"2024-03-12T11:21:58+00:00","dateModified":"2024-03-12T12:34:06+00:00","mainEntityOfPage":{"@id":"https:\/\/www.esplac.cat\/esplais-model-educatiu-capitalista\/"},"wordCount":4102,"publisher":{"@id":"https:\/\/www.esplac.cat\/#organization"},"image":{"@id":"https:\/\/www.esplac.cat\/esplais-model-educatiu-capitalista\/#primaryimage"},"thumbnailUrl":"https:\/\/www.esplac.cat\/wp-content\/uploads\/2024\/03\/Article-Opinio-EE.jpg","articleSection":["Equip de Coordinaci\u00f3","Escola d'Esplac","Sense categoria"],"inLanguage":"en-US"},{"@type":"WebPage","@id":"https:\/\/www.esplac.cat\/esplais-model-educatiu-capitalista\/","url":"https:\/\/www.esplac.cat\/esplais-model-educatiu-capitalista\/","name":"Els esplais som una alternativa al model educatiu capitalista","isPartOf":{"@id":"https:\/\/www.esplac.cat\/#website"},"primaryImageOfPage":{"@id":"https:\/\/www.esplac.cat\/esplais-model-educatiu-capitalista\/#primaryimage"},"image":{"@id":"https:\/\/www.esplac.cat\/esplais-model-educatiu-capitalista\/#primaryimage"},"thumbnailUrl":"https:\/\/www.esplac.cat\/wp-content\/uploads\/2024\/03\/Article-Opinio-EE.jpg","datePublished":"2024-03-12T11:21:58+00:00","dateModified":"2024-03-12T12:34:06+00:00","description":"A la desena edici\u00f3 de l'Escola d'Esplac debatrem sobre quins s\u00f3n els passos a seguir des dels epslais per crear models anticapitalistes.\u00a0","breadcrumb":{"@id":"https:\/\/www.esplac.cat\/esplais-model-educatiu-capitalista\/#breadcrumb"},"inLanguage":"en-US","potentialAction":[{"@type":"ReadAction","target":["https:\/\/www.esplac.cat\/esplais-model-educatiu-capitalista\/"]}]},{"@type":"ImageObject","inLanguage":"en-US","@id":"https:\/\/www.esplac.cat\/esplais-model-educatiu-capitalista\/#primaryimage","url":"https:\/\/www.esplac.cat\/wp-content\/uploads\/2024\/03\/Article-Opinio-EE.jpg","contentUrl":"https:\/\/www.esplac.cat\/wp-content\/uploads\/2024\/03\/Article-Opinio-EE.jpg","width":1697,"height":700,"caption":"esplais"},{"@type":"BreadcrumbList","@id":"https:\/\/www.esplac.cat\/esplais-model-educatiu-capitalista\/#breadcrumb","itemListElement":[{"@type":"ListItem","position":1,"name":"Inici","item":"https:\/\/www.esplac.cat\/en\/"},{"@type":"ListItem","position":2,"name":"Els esplais som una proposta alternativa al model educatiu que imposa el sistema capitalista"}]},{"@type":"WebSite","@id":"https:\/\/www.esplac.cat\/#website","url":"https:\/\/www.esplac.cat\/","name":"Esplac","description":"Esplais Catalans","publisher":{"@id":"https:\/\/www.esplac.cat\/#organization"},"potentialAction":[{"@type":"SearchAction","target":{"@type":"EntryPoint","urlTemplate":"https:\/\/www.esplac.cat\/?s={search_term_string}"},"query-input":{"@type":"PropertyValueSpecification","valueRequired":true,"valueName":"search_term_string"}}],"inLanguage":"en-US"},{"@type":"Organization","@id":"https:\/\/www.esplac.cat\/#organization","name":"Esplac","url":"https:\/\/www.esplac.cat\/","logo":{"@type":"ImageObject","inLanguage":"en-US","@id":"https:\/\/www.esplac.cat\/#\/schema\/logo\/image\/","url":"https:\/\/www.esplac.cat\/wp-content\/uploads\/2019\/08\/logox2.png","contentUrl":"https:\/\/www.esplac.cat\/wp-content\/uploads\/2019\/08\/logox2.png","width":600,"height":295,"caption":"Esplac"},"image":{"@id":"https:\/\/www.esplac.cat\/#\/schema\/logo\/image\/"}},{"@type":"Person","@id":"https:\/\/www.esplac.cat\/#\/schema\/person\/908383cf240be18b68f8855d0583faca","name":"Comunicaci\u00f3 Esplac","image":{"@type":"ImageObject","inLanguage":"en-US","@id":"https:\/\/secure.gravatar.com\/avatar\/7a4cf8feb412a76ea4a740ca02d95b06b2907b5a6c648c2dd0a1082a093c3141?s=96&d=mm&r=g","url":"https:\/\/secure.gravatar.com\/avatar\/7a4cf8feb412a76ea4a740ca02d95b06b2907b5a6c648c2dd0a1082a093c3141?s=96&d=mm&r=g","contentUrl":"https:\/\/secure.gravatar.com\/avatar\/7a4cf8feb412a76ea4a740ca02d95b06b2907b5a6c648c2dd0a1082a093c3141?s=96&d=mm&r=g","caption":"Comunicaci\u00f3 Esplac"}}]}},"_links":{"self":[{"href":"https:\/\/www.esplac.cat\/en\/wp-json\/wp\/v2\/posts\/49291","targetHints":{"allow":["GET"]}}],"collection":[{"href":"https:\/\/www.esplac.cat\/en\/wp-json\/wp\/v2\/posts"}],"about":[{"href":"https:\/\/www.esplac.cat\/en\/wp-json\/wp\/v2\/types\/post"}],"author":[{"embeddable":true,"href":"https:\/\/www.esplac.cat\/en\/wp-json\/wp\/v2\/users\/3"}],"replies":[{"embeddable":true,"href":"https:\/\/www.esplac.cat\/en\/wp-json\/wp\/v2\/comments?post=49291"}],"version-history":[{"count":11,"href":"https:\/\/www.esplac.cat\/en\/wp-json\/wp\/v2\/posts\/49291\/revisions"}],"predecessor-version":[{"id":49319,"href":"https:\/\/www.esplac.cat\/en\/wp-json\/wp\/v2\/posts\/49291\/revisions\/49319"}],"wp:featuredmedia":[{"embeddable":true,"href":"https:\/\/www.esplac.cat\/en\/wp-json\/wp\/v2\/media\/49297"}],"wp:attachment":[{"href":"https:\/\/www.esplac.cat\/en\/wp-json\/wp\/v2\/media?parent=49291"}],"wp:term":[{"taxonomy":"category","embeddable":true,"href":"https:\/\/www.esplac.cat\/en\/wp-json\/wp\/v2\/categories?post=49291"},{"taxonomy":"post_tag","embeddable":true,"href":"https:\/\/www.esplac.cat\/en\/wp-json\/wp\/v2\/tags?post=49291"}],"curies":[{"name":"wp","href":"https:\/\/api.w.org\/{rel}","templated":true}]}}