{"id":49380,"date":"2024-03-22T10:00:56","date_gmt":"2024-03-22T08:00:56","guid":{"rendered":"https:\/\/www.esplac.cat\/?p=49380"},"modified":"2024-03-21T13:56:21","modified_gmt":"2024-03-21T11:56:21","slug":"la-prevencio-i-deteccio-de-labus-sexual-infantil-durant-els-campaments-colonies-i-rutes-de-primavera","status":"publish","type":"post","link":"https:\/\/www.esplac.cat\/en\/la-prevencio-i-deteccio-de-labus-sexual-infantil-durant-els-campaments-colonies-i-rutes-de-primavera\/","title":{"rendered":"La prevenci\u00f3 i detecci\u00f3 de l\u2019ab\u00fas sexual infantil durant els campaments, col\u00f2nies i rutes de primavera"},"content":{"rendered":"<div class=\"fusion-fullwidth fullwidth-box fusion-builder-row-1 fusion-flex-container has-pattern-background has-mask-background nonhundred-percent-fullwidth non-hundred-percent-height-scrolling\" style=\"--awb-border-radius-top-left:0px;--awb-border-radius-top-right:0px;--awb-border-radius-bottom-right:0px;--awb-border-radius-bottom-left:0px;--awb-flex-wrap:wrap;\" ><div class=\"fusion-builder-row fusion-row fusion-flex-align-items-flex-start fusion-flex-content-wrap\" style=\"max-width:1248px;margin-left: calc(-4% \/ 2 );margin-right: calc(-4% \/ 2 );\"><div class=\"fusion-layout-column fusion_builder_column fusion-builder-column-0 fusion_builder_column_1_1 1_1 fusion-flex-column\" style=\"--awb-bg-size:cover;--awb-width-large:100%;--awb-margin-top-large:0px;--awb-spacing-right-large:1.92%;--awb-margin-bottom-large:20px;--awb-spacing-left-large:1.92%;--awb-width-medium:100%;--awb-order-medium:0;--awb-spacing-right-medium:1.92%;--awb-spacing-left-medium:1.92%;--awb-width-small:100%;--awb-order-small:0;--awb-spacing-right-small:1.92%;--awb-spacing-left-small:1.92%;\"><div class=\"fusion-column-wrapper fusion-column-has-shadow fusion-flex-justify-content-flex-start fusion-content-layout-column\"><div class=\"fusion-text fusion-text-1\"><h6><strong>Com podem treballar la prevenci\u00f3 i detecci\u00f3 de l\u2019ab\u00fas sexual infantil a l&#8217;esplai durant les activitats de primavera?<\/strong><\/h6>\n<p>Les entitats de lleure educatiu no nom\u00e9s s\u00f3n un espai de creixement personal i interpersonal per a infants, adolescents i joves, tamb\u00e9 s\u00f3n un context fonamental per a la detecci\u00f3 i l\u2019atenci\u00f3 de situacions que amenacen el seu desenvolupament i benestar.<\/p>\n<p>En aquest sentit, si s\u2019hi treballa adequadament i es t\u00e9 en compte la proximitat amb els infants i adolescents, el vincle de confian\u00e7a que s\u2019estableix, el treball que es fa en mat\u00e8ria de sexualitat, respecte, bon tracte i els moments de conviv\u00e8ncia i intimitat, esdevenen espais en els quals poden produir-se verbalitzacions de situacions abusives, sobretot durant campaments, col\u00f2nies i rutes.<\/p>\n<p>Davant qualsevol sospita o detecci\u00f3 d\u2019un cas d\u2019<strong>ASI<\/strong> cal activar el <span style=\"color: #f69d0b;\"><strong><a style=\"color: #f69d0b;\" href=\"https:\/\/bancrecursos.esplac.cat\/recurs\/644a443820a77b047a11744b\" target=\"_blank\" rel=\"noopener\">Protocol de Prevenci\u00f3<\/a><\/strong><\/span>. Si necessiteu assessorament d\u2019Esplac, podeu contactar amb nosaltres telef\u00f2nicament o mitjan\u00e7ant el correu, tenint en compte les seg\u00fcents situacions:<\/p>\n<blockquote>\n<p>Si el cas s\u2019ha donat fa menys de 72 hores, l\u2019atendrem telef\u00f2nicament de forma priorit\u00e0ria. Durant les vacances de primavera els casos urgents hauran de trucar al tel\u00e8fon de l\u2019oficina (933026103) de dilluns a divendres de 9h-14. I nom\u00e9s en els casos que l\u2019oficina estigui tancada al tel\u00e8fon d\u2019emerg\u00e8ncies (667 263 132).<\/p>\n<\/blockquote>\n<blockquote>\n<p>Si el cas s\u2019ha donat fa m\u00e9s de 72 hores, ens haureu d\u2019enviar <span style=\"color: #f69d0b;\"><a style=\"color: #f69d0b;\" href=\"https:\/\/bancrecursos.esplac.cat\/recurs\/640b1eb4c53700769591bc4c\" target=\"_blank\" rel=\"noopener\"><strong>aquest model d\u2019escrit<\/strong><\/a><\/span> omplert al correu asi@esplac.cat. Us donarem resposta en un m\u00ednim d\u2019un dia i un m\u00e0xim de dues setmanes. Es far\u00e0 un seguiment del cas per part de la Delegada, en funci\u00f3 de les necessitats que tingueu com a esplai.<\/p>\n<\/blockquote>\n<\/div><div style=\"text-align:center;\"><a class=\"fusion-button button-flat fusion-button-default-size button-default fusion-button-default button-1 fusion-button-default-span fusion-button-default-type\" target=\"_self\" href=\"https:\/\/bancrecursos.esplac.cat\/recurs\/640b1cd3c53700769591bc45\"><span class=\"fusion-button-text\">Consulta el protocol<\/span><\/a><\/div><\/div><\/div><\/div><\/div>\n","protected":false},"excerpt":{"rendered":"","protected":false},"author":3,"featured_media":49386,"comment_status":"closed","ping_status":"closed","sticky":false,"template":"","format":"standard","meta":{"om_disable_all_campaigns":false,"_monsterinsights_skip_tracking":false,"_monsterinsights_sitenote_active":false,"_monsterinsights_sitenote_note":"","_monsterinsights_sitenote_category":0,"_uf_show_specific_survey":0,"_uf_disable_surveys":false,"footnotes":""},"categories":[1117,1121],"tags":[],"class_list":["post-49380","post","type-post","status-publish","format-standard","has-post-thumbnail","hentry","category-activitats-esplais","category-bones-practiques-2"],"yoast_head":"<!-- This site is optimized with the Yoast SEO plugin v27.4 - https:\/\/yoast.com\/product\/yoast-seo-wordpress\/ -->\n<title>La prevenci\u00f3 i detecci\u00f3 d&#039;ASI durant les activitats de primavera<\/title>\n<meta name=\"description\" content=\"Com podem treballar la prevenci\u00f3 i detecci\u00f3 de l\u2019ab\u00fas sexual infantil (ASI) a l&#039;esplai durant les activitats de primavera?\" \/>\n<meta name=\"robots\" content=\"index, follow, max-snippet:-1, max-image-preview:large, max-video-preview:-1\" \/>\n<link rel=\"canonical\" href=\"https:\/\/www.esplac.cat\/la-prevencio-i-deteccio-de-labus-sexual-infantil-durant-els-campaments-colonies-i-rutes-de-primavera\/\" \/>\n<meta property=\"og:locale\" content=\"en_US\" \/>\n<meta property=\"og:type\" content=\"article\" \/>\n<meta property=\"og:title\" content=\"La prevenci\u00f3 i detecci\u00f3 d&#039;ASI durant les activitats de primavera\" \/>\n<meta property=\"og:description\" content=\"Com podem treballar la prevenci\u00f3 i detecci\u00f3 de l\u2019ab\u00fas sexual infantil (ASI) a l&#039;esplai durant les activitats de primavera?\" \/>\n<meta property=\"og:url\" content=\"https:\/\/www.esplac.cat\/la-prevencio-i-deteccio-de-labus-sexual-infantil-durant-els-campaments-colonies-i-rutes-de-primavera\/\" \/>\n<meta property=\"og:site_name\" content=\"Esplac\" \/>\n<meta property=\"article:published_time\" content=\"2024-03-22T08:00:56+00:00\" \/>\n<meta property=\"og:image\" content=\"https:\/\/www.esplac.cat\/wp-content\/uploads\/2024\/03\/ASI-CCR.jpg\" \/>\n\t<meta property=\"og:image:width\" content=\"1697\" \/>\n\t<meta property=\"og:image:height\" content=\"700\" \/>\n\t<meta property=\"og:image:type\" content=\"image\/jpeg\" \/>\n<meta name=\"author\" content=\"Comunicaci\u00f3 Esplac\" \/>\n<meta name=\"twitter:card\" content=\"summary_large_image\" \/>\n<meta name=\"twitter:label1\" content=\"Written by\" \/>\n\t<meta name=\"twitter:data1\" content=\"Comunicaci\u00f3 Esplac\" \/>\n\t<meta name=\"twitter:label2\" content=\"Est. reading time\" \/>\n\t<meta name=\"twitter:data2\" content=\"2 minutes\" \/>\n<script type=\"application\/ld+json\" class=\"yoast-schema-graph\">{\"@context\":\"https:\\\/\\\/schema.org\",\"@graph\":[{\"@type\":\"Article\",\"@id\":\"https:\\\/\\\/www.esplac.cat\\\/la-prevencio-i-deteccio-de-labus-sexual-infantil-durant-els-campaments-colonies-i-rutes-de-primavera\\\/#article\",\"isPartOf\":{\"@id\":\"https:\\\/\\\/www.esplac.cat\\\/la-prevencio-i-deteccio-de-labus-sexual-infantil-durant-els-campaments-colonies-i-rutes-de-primavera\\\/\"},\"author\":{\"name\":\"Comunicaci\u00f3 Esplac\",\"@id\":\"https:\\\/\\\/www.esplac.cat\\\/#\\\/schema\\\/person\\\/908383cf240be18b68f8855d0583faca\"},\"headline\":\"La prevenci\u00f3 i detecci\u00f3 de l\u2019ab\u00fas sexual infantil durant els campaments, col\u00f2nies i rutes de primavera\",\"datePublished\":\"2024-03-22T08:00:56+00:00\",\"mainEntityOfPage\":{\"@id\":\"https:\\\/\\\/www.esplac.cat\\\/la-prevencio-i-deteccio-de-labus-sexual-infantil-durant-els-campaments-colonies-i-rutes-de-primavera\\\/\"},\"wordCount\":1446,\"publisher\":{\"@id\":\"https:\\\/\\\/www.esplac.cat\\\/#organization\"},\"image\":{\"@id\":\"https:\\\/\\\/www.esplac.cat\\\/la-prevencio-i-deteccio-de-labus-sexual-infantil-durant-els-campaments-colonies-i-rutes-de-primavera\\\/#primaryimage\"},\"thumbnailUrl\":\"https:\\\/\\\/www.esplac.cat\\\/wp-content\\\/uploads\\\/2024\\\/03\\\/ASI-CCR.jpg\",\"articleSection\":[\"Activitats esplais\",\"Bones pr\u00e0ctiques\"],\"inLanguage\":\"en-US\"},{\"@type\":\"WebPage\",\"@id\":\"https:\\\/\\\/www.esplac.cat\\\/la-prevencio-i-deteccio-de-labus-sexual-infantil-durant-els-campaments-colonies-i-rutes-de-primavera\\\/\",\"url\":\"https:\\\/\\\/www.esplac.cat\\\/la-prevencio-i-deteccio-de-labus-sexual-infantil-durant-els-campaments-colonies-i-rutes-de-primavera\\\/\",\"name\":\"La prevenci\u00f3 i detecci\u00f3 d'ASI durant les activitats de primavera\",\"isPartOf\":{\"@id\":\"https:\\\/\\\/www.esplac.cat\\\/#website\"},\"primaryImageOfPage\":{\"@id\":\"https:\\\/\\\/www.esplac.cat\\\/la-prevencio-i-deteccio-de-labus-sexual-infantil-durant-els-campaments-colonies-i-rutes-de-primavera\\\/#primaryimage\"},\"image\":{\"@id\":\"https:\\\/\\\/www.esplac.cat\\\/la-prevencio-i-deteccio-de-labus-sexual-infantil-durant-els-campaments-colonies-i-rutes-de-primavera\\\/#primaryimage\"},\"thumbnailUrl\":\"https:\\\/\\\/www.esplac.cat\\\/wp-content\\\/uploads\\\/2024\\\/03\\\/ASI-CCR.jpg\",\"datePublished\":\"2024-03-22T08:00:56+00:00\",\"description\":\"Com podem treballar la prevenci\u00f3 i detecci\u00f3 de l\u2019ab\u00fas sexual infantil (ASI) a l'esplai durant les activitats de primavera?\",\"breadcrumb\":{\"@id\":\"https:\\\/\\\/www.esplac.cat\\\/la-prevencio-i-deteccio-de-labus-sexual-infantil-durant-els-campaments-colonies-i-rutes-de-primavera\\\/#breadcrumb\"},\"inLanguage\":\"en-US\",\"potentialAction\":[{\"@type\":\"ReadAction\",\"target\":[\"https:\\\/\\\/www.esplac.cat\\\/la-prevencio-i-deteccio-de-labus-sexual-infantil-durant-els-campaments-colonies-i-rutes-de-primavera\\\/\"]}]},{\"@type\":\"ImageObject\",\"inLanguage\":\"en-US\",\"@id\":\"https:\\\/\\\/www.esplac.cat\\\/la-prevencio-i-deteccio-de-labus-sexual-infantil-durant-els-campaments-colonies-i-rutes-de-primavera\\\/#primaryimage\",\"url\":\"https:\\\/\\\/www.esplac.cat\\\/wp-content\\\/uploads\\\/2024\\\/03\\\/ASI-CCR.jpg\",\"contentUrl\":\"https:\\\/\\\/www.esplac.cat\\\/wp-content\\\/uploads\\\/2024\\\/03\\\/ASI-CCR.jpg\",\"width\":1697,\"height\":700,\"caption\":\"ASI\"},{\"@type\":\"BreadcrumbList\",\"@id\":\"https:\\\/\\\/www.esplac.cat\\\/la-prevencio-i-deteccio-de-labus-sexual-infantil-durant-els-campaments-colonies-i-rutes-de-primavera\\\/#breadcrumb\",\"itemListElement\":[{\"@type\":\"ListItem\",\"position\":1,\"name\":\"Inici\",\"item\":\"https:\\\/\\\/www.esplac.cat\\\/en\\\/\"},{\"@type\":\"ListItem\",\"position\":2,\"name\":\"La prevenci\u00f3 i detecci\u00f3 de l\u2019ab\u00fas sexual infantil durant els campaments, col\u00f2nies i rutes de primavera\"}]},{\"@type\":\"WebSite\",\"@id\":\"https:\\\/\\\/www.esplac.cat\\\/#website\",\"url\":\"https:\\\/\\\/www.esplac.cat\\\/\",\"name\":\"Esplac\",\"description\":\"Esplais Catalans\",\"publisher\":{\"@id\":\"https:\\\/\\\/www.esplac.cat\\\/#organization\"},\"potentialAction\":[{\"@type\":\"SearchAction\",\"target\":{\"@type\":\"EntryPoint\",\"urlTemplate\":\"https:\\\/\\\/www.esplac.cat\\\/?s={search_term_string}\"},\"query-input\":{\"@type\":\"PropertyValueSpecification\",\"valueRequired\":true,\"valueName\":\"search_term_string\"}}],\"inLanguage\":\"en-US\"},{\"@type\":\"Organization\",\"@id\":\"https:\\\/\\\/www.esplac.cat\\\/#organization\",\"name\":\"Esplac\",\"url\":\"https:\\\/\\\/www.esplac.cat\\\/\",\"logo\":{\"@type\":\"ImageObject\",\"inLanguage\":\"en-US\",\"@id\":\"https:\\\/\\\/www.esplac.cat\\\/#\\\/schema\\\/logo\\\/image\\\/\",\"url\":\"https:\\\/\\\/www.esplac.cat\\\/wp-content\\\/uploads\\\/2019\\\/08\\\/logox2.png\",\"contentUrl\":\"https:\\\/\\\/www.esplac.cat\\\/wp-content\\\/uploads\\\/2019\\\/08\\\/logox2.png\",\"width\":600,\"height\":295,\"caption\":\"Esplac\"},\"image\":{\"@id\":\"https:\\\/\\\/www.esplac.cat\\\/#\\\/schema\\\/logo\\\/image\\\/\"}},{\"@type\":\"Person\",\"@id\":\"https:\\\/\\\/www.esplac.cat\\\/#\\\/schema\\\/person\\\/908383cf240be18b68f8855d0583faca\",\"name\":\"Comunicaci\u00f3 Esplac\",\"image\":{\"@type\":\"ImageObject\",\"inLanguage\":\"en-US\",\"@id\":\"https:\\\/\\\/secure.gravatar.com\\\/avatar\\\/7a4cf8feb412a76ea4a740ca02d95b06b2907b5a6c648c2dd0a1082a093c3141?s=96&d=mm&r=g\",\"url\":\"https:\\\/\\\/secure.gravatar.com\\\/avatar\\\/7a4cf8feb412a76ea4a740ca02d95b06b2907b5a6c648c2dd0a1082a093c3141?s=96&d=mm&r=g\",\"contentUrl\":\"https:\\\/\\\/secure.gravatar.com\\\/avatar\\\/7a4cf8feb412a76ea4a740ca02d95b06b2907b5a6c648c2dd0a1082a093c3141?s=96&d=mm&r=g\",\"caption\":\"Comunicaci\u00f3 Esplac\"}}]}<\/script>\n<!-- \/ Yoast SEO plugin. -->","yoast_head_json":{"title":"La prevenci\u00f3 i detecci\u00f3 d'ASI durant les activitats de primavera","description":"Com podem treballar la prevenci\u00f3 i detecci\u00f3 de l\u2019ab\u00fas sexual infantil (ASI) a l'esplai durant les activitats de primavera?","robots":{"index":"index","follow":"follow","max-snippet":"max-snippet:-1","max-image-preview":"max-image-preview:large","max-video-preview":"max-video-preview:-1"},"canonical":"https:\/\/www.esplac.cat\/la-prevencio-i-deteccio-de-labus-sexual-infantil-durant-els-campaments-colonies-i-rutes-de-primavera\/","og_locale":"en_US","og_type":"article","og_title":"La prevenci\u00f3 i detecci\u00f3 d'ASI durant les activitats de primavera","og_description":"Com podem treballar la prevenci\u00f3 i detecci\u00f3 de l\u2019ab\u00fas sexual infantil (ASI) a l'esplai durant les activitats de primavera?","og_url":"https:\/\/www.esplac.cat\/la-prevencio-i-deteccio-de-labus-sexual-infantil-durant-els-campaments-colonies-i-rutes-de-primavera\/","og_site_name":"Esplac","article_published_time":"2024-03-22T08:00:56+00:00","og_image":[{"width":1697,"height":700,"url":"https:\/\/www.esplac.cat\/wp-content\/uploads\/2024\/03\/ASI-CCR.jpg","type":"image\/jpeg"}],"author":"Comunicaci\u00f3 Esplac","twitter_card":"summary_large_image","twitter_misc":{"Written by":"Comunicaci\u00f3 Esplac","Est. reading time":"2 minutes"},"schema":{"@context":"https:\/\/schema.org","@graph":[{"@type":"Article","@id":"https:\/\/www.esplac.cat\/la-prevencio-i-deteccio-de-labus-sexual-infantil-durant-els-campaments-colonies-i-rutes-de-primavera\/#article","isPartOf":{"@id":"https:\/\/www.esplac.cat\/la-prevencio-i-deteccio-de-labus-sexual-infantil-durant-els-campaments-colonies-i-rutes-de-primavera\/"},"author":{"name":"Comunicaci\u00f3 Esplac","@id":"https:\/\/www.esplac.cat\/#\/schema\/person\/908383cf240be18b68f8855d0583faca"},"headline":"La prevenci\u00f3 i detecci\u00f3 de l\u2019ab\u00fas sexual infantil durant els campaments, col\u00f2nies i rutes de primavera","datePublished":"2024-03-22T08:00:56+00:00","mainEntityOfPage":{"@id":"https:\/\/www.esplac.cat\/la-prevencio-i-deteccio-de-labus-sexual-infantil-durant-els-campaments-colonies-i-rutes-de-primavera\/"},"wordCount":1446,"publisher":{"@id":"https:\/\/www.esplac.cat\/#organization"},"image":{"@id":"https:\/\/www.esplac.cat\/la-prevencio-i-deteccio-de-labus-sexual-infantil-durant-els-campaments-colonies-i-rutes-de-primavera\/#primaryimage"},"thumbnailUrl":"https:\/\/www.esplac.cat\/wp-content\/uploads\/2024\/03\/ASI-CCR.jpg","articleSection":["Activitats esplais","Bones pr\u00e0ctiques"],"inLanguage":"en-US"},{"@type":"WebPage","@id":"https:\/\/www.esplac.cat\/la-prevencio-i-deteccio-de-labus-sexual-infantil-durant-els-campaments-colonies-i-rutes-de-primavera\/","url":"https:\/\/www.esplac.cat\/la-prevencio-i-deteccio-de-labus-sexual-infantil-durant-els-campaments-colonies-i-rutes-de-primavera\/","name":"La prevenci\u00f3 i detecci\u00f3 d'ASI durant les activitats de primavera","isPartOf":{"@id":"https:\/\/www.esplac.cat\/#website"},"primaryImageOfPage":{"@id":"https:\/\/www.esplac.cat\/la-prevencio-i-deteccio-de-labus-sexual-infantil-durant-els-campaments-colonies-i-rutes-de-primavera\/#primaryimage"},"image":{"@id":"https:\/\/www.esplac.cat\/la-prevencio-i-deteccio-de-labus-sexual-infantil-durant-els-campaments-colonies-i-rutes-de-primavera\/#primaryimage"},"thumbnailUrl":"https:\/\/www.esplac.cat\/wp-content\/uploads\/2024\/03\/ASI-CCR.jpg","datePublished":"2024-03-22T08:00:56+00:00","description":"Com podem treballar la prevenci\u00f3 i detecci\u00f3 de l\u2019ab\u00fas sexual infantil (ASI) a l'esplai durant les activitats de primavera?","breadcrumb":{"@id":"https:\/\/www.esplac.cat\/la-prevencio-i-deteccio-de-labus-sexual-infantil-durant-els-campaments-colonies-i-rutes-de-primavera\/#breadcrumb"},"inLanguage":"en-US","potentialAction":[{"@type":"ReadAction","target":["https:\/\/www.esplac.cat\/la-prevencio-i-deteccio-de-labus-sexual-infantil-durant-els-campaments-colonies-i-rutes-de-primavera\/"]}]},{"@type":"ImageObject","inLanguage":"en-US","@id":"https:\/\/www.esplac.cat\/la-prevencio-i-deteccio-de-labus-sexual-infantil-durant-els-campaments-colonies-i-rutes-de-primavera\/#primaryimage","url":"https:\/\/www.esplac.cat\/wp-content\/uploads\/2024\/03\/ASI-CCR.jpg","contentUrl":"https:\/\/www.esplac.cat\/wp-content\/uploads\/2024\/03\/ASI-CCR.jpg","width":1697,"height":700,"caption":"ASI"},{"@type":"BreadcrumbList","@id":"https:\/\/www.esplac.cat\/la-prevencio-i-deteccio-de-labus-sexual-infantil-durant-els-campaments-colonies-i-rutes-de-primavera\/#breadcrumb","itemListElement":[{"@type":"ListItem","position":1,"name":"Inici","item":"https:\/\/www.esplac.cat\/en\/"},{"@type":"ListItem","position":2,"name":"La prevenci\u00f3 i detecci\u00f3 de l\u2019ab\u00fas sexual infantil durant els campaments, col\u00f2nies i rutes de primavera"}]},{"@type":"WebSite","@id":"https:\/\/www.esplac.cat\/#website","url":"https:\/\/www.esplac.cat\/","name":"Esplac","description":"Esplais Catalans","publisher":{"@id":"https:\/\/www.esplac.cat\/#organization"},"potentialAction":[{"@type":"SearchAction","target":{"@type":"EntryPoint","urlTemplate":"https:\/\/www.esplac.cat\/?s={search_term_string}"},"query-input":{"@type":"PropertyValueSpecification","valueRequired":true,"valueName":"search_term_string"}}],"inLanguage":"en-US"},{"@type":"Organization","@id":"https:\/\/www.esplac.cat\/#organization","name":"Esplac","url":"https:\/\/www.esplac.cat\/","logo":{"@type":"ImageObject","inLanguage":"en-US","@id":"https:\/\/www.esplac.cat\/#\/schema\/logo\/image\/","url":"https:\/\/www.esplac.cat\/wp-content\/uploads\/2019\/08\/logox2.png","contentUrl":"https:\/\/www.esplac.cat\/wp-content\/uploads\/2019\/08\/logox2.png","width":600,"height":295,"caption":"Esplac"},"image":{"@id":"https:\/\/www.esplac.cat\/#\/schema\/logo\/image\/"}},{"@type":"Person","@id":"https:\/\/www.esplac.cat\/#\/schema\/person\/908383cf240be18b68f8855d0583faca","name":"Comunicaci\u00f3 Esplac","image":{"@type":"ImageObject","inLanguage":"en-US","@id":"https:\/\/secure.gravatar.com\/avatar\/7a4cf8feb412a76ea4a740ca02d95b06b2907b5a6c648c2dd0a1082a093c3141?s=96&d=mm&r=g","url":"https:\/\/secure.gravatar.com\/avatar\/7a4cf8feb412a76ea4a740ca02d95b06b2907b5a6c648c2dd0a1082a093c3141?s=96&d=mm&r=g","contentUrl":"https:\/\/secure.gravatar.com\/avatar\/7a4cf8feb412a76ea4a740ca02d95b06b2907b5a6c648c2dd0a1082a093c3141?s=96&d=mm&r=g","caption":"Comunicaci\u00f3 Esplac"}}]}},"_links":{"self":[{"href":"https:\/\/www.esplac.cat\/en\/wp-json\/wp\/v2\/posts\/49380","targetHints":{"allow":["GET"]}}],"collection":[{"href":"https:\/\/www.esplac.cat\/en\/wp-json\/wp\/v2\/posts"}],"about":[{"href":"https:\/\/www.esplac.cat\/en\/wp-json\/wp\/v2\/types\/post"}],"author":[{"embeddable":true,"href":"https:\/\/www.esplac.cat\/en\/wp-json\/wp\/v2\/users\/3"}],"replies":[{"embeddable":true,"href":"https:\/\/www.esplac.cat\/en\/wp-json\/wp\/v2\/comments?post=49380"}],"version-history":[{"count":3,"href":"https:\/\/www.esplac.cat\/en\/wp-json\/wp\/v2\/posts\/49380\/revisions"}],"predecessor-version":[{"id":49389,"href":"https:\/\/www.esplac.cat\/en\/wp-json\/wp\/v2\/posts\/49380\/revisions\/49389"}],"wp:featuredmedia":[{"embeddable":true,"href":"https:\/\/www.esplac.cat\/en\/wp-json\/wp\/v2\/media\/49386"}],"wp:attachment":[{"href":"https:\/\/www.esplac.cat\/en\/wp-json\/wp\/v2\/media?parent=49380"}],"wp:term":[{"taxonomy":"category","embeddable":true,"href":"https:\/\/www.esplac.cat\/en\/wp-json\/wp\/v2\/categories?post=49380"},{"taxonomy":"post_tag","embeddable":true,"href":"https:\/\/www.esplac.cat\/en\/wp-json\/wp\/v2\/tags?post=49380"}],"curies":[{"name":"wp","href":"https:\/\/api.w.org\/{rel}","templated":true}]}}