{"id":49479,"date":"2024-04-08T10:09:34","date_gmt":"2024-04-08T08:09:34","guid":{"rendered":"https:\/\/www.esplac.cat\/?p=49479"},"modified":"2024-04-08T12:41:59","modified_gmt":"2024-04-08T10:41:59","slug":"centenar-persones-mon-esplai-reuniran-manresa-formarse-sobre-models-educacio-anticapitalistes","status":"publish","type":"post","link":"https:\/\/www.esplac.cat\/en\/centenar-persones-mon-esplai-reuniran-manresa-formarse-sobre-models-educacio-anticapitalistes\/","title":{"rendered":"Un centenar de persones es reuniran a Manresa per formar-se sobre models d\u2019educaci\u00f3 anticapitalistes"},"content":{"rendered":"<div class=\"fusion-fullwidth fullwidth-box fusion-builder-row-1 fusion-flex-container has-pattern-background has-mask-background nonhundred-percent-fullwidth non-hundred-percent-height-scrolling\" style=\"--awb-border-radius-top-left:0px;--awb-border-radius-top-right:0px;--awb-border-radius-bottom-right:0px;--awb-border-radius-bottom-left:0px;--awb-flex-wrap:wrap;\" ><div class=\"fusion-builder-row fusion-row fusion-flex-align-items-flex-start fusion-flex-content-wrap\" style=\"max-width:1248px;margin-left: calc(-4% \/ 2 );margin-right: calc(-4% \/ 2 );\"><div class=\"fusion-layout-column fusion_builder_column fusion-builder-column-0 fusion_builder_column_1_1 1_1 fusion-flex-column\" style=\"--awb-bg-size:cover;--awb-width-large:100%;--awb-margin-top-large:0px;--awb-spacing-right-large:1.92%;--awb-margin-bottom-large:20px;--awb-spacing-left-large:1.92%;--awb-width-medium:100%;--awb-order-medium:0;--awb-spacing-right-medium:1.92%;--awb-spacing-left-medium:1.92%;--awb-width-small:100%;--awb-order-small:0;--awb-spacing-right-small:1.92%;--awb-spacing-left-small:1.92%;\"><div class=\"fusion-column-wrapper fusion-column-has-shadow fusion-flex-justify-content-flex-start fusion-content-layout-column\"><div class=\"fusion-text fusion-text-1\"><h5><strong>Sota el lema Esplais anticapitalistes: constru\u00efm les bases per educar en l\u2019alternativa, a la desena edici\u00f3 de l\u2019Escola d\u2019Esplac es debatr\u00e0 sobre quines pr\u00e0ctiques reprodueixen els esplais en el dia a dia i quins s\u00f3n els passos a seguir per crear espais educatius anticapitalistes a l\u2019esplai.<\/strong><\/h5>\n<p>Els pr\u00f2xims <strong>13 i 14 d\u2019abril<\/strong> celebrem la desena edici\u00f3 de l\u2019<span style=\"color: #f69d0b;\"><a style=\"color: #f69d0b;\" href=\"https:\/\/www.esplac.cat\/formacions\/escola-esplac\/\" target=\"_blank\" rel=\"noopener\"><strong>Escola d\u2019Esplac<\/strong><\/a><\/span>! Enguany es dur\u00e0 a terme a Manresa, a l\u2019<strong><a href=\"http:\/\/www.manresajove.cat\/\" target=\"_blank\" rel=\"noopener\"><span style=\"color: #f69d0b;\">Espai Jove Joan Amades<\/span><\/a><\/strong>, on es realitzaran pon\u00e8ncies, formacions i debats aterrats a la tem\u00e0tica.\u00a0El cap de setmana formatiu, que <strong>preveu al voltant de 100 persones<\/strong> entre monitores i monitors, dirigents de l\u2019entitat, s\u00f2cies i socis i persones externes vinculades a l\u2019associacionisme educatiu, vol convertir-se en un espai de reflexi\u00f3 a voltant de l\u2019esplai com a agent educatiu anticapitalista.<\/p>\n<p>Durant el cap de setmana comptarem amb tres pon\u00e8ncies, dues introduct\u00f2ries i una final, a c\u00e0rrec de <strong>David Fern\u00e1ndez<\/strong>, <strong>M\u00f2nica de la Torre<\/strong> i l\u2019<span style=\"color: #f69d0b;\"><a style=\"color: #f69d0b;\" href=\"https:\/\/twitter.com\/escolapopular\" target=\"_blank\" rel=\"noopener\"><strong>Escola Popular de Manresa<\/strong><\/a><\/span>. Sota els t\u00edtols <em><strong>El capitalisme en el punt de mira<\/strong><\/em>, <em><strong>El paper de l\u2019assemblearisme en el sistema neoliberal<\/strong><\/em> i <em><strong>Eduquem en l\u2019anticapitalisme: pedagogia cr\u00edtica, popular i emancipadora<\/strong><\/em>\u00a0es crearan marcs te\u00f2rics al voltant del sistema capitalista i s\u2019originaran debats per tal de respondre a q\u00fcestions diverses. Entre elles, quina \u00e9s la manera en qu\u00e8 s\u2019articula el capitalisme a l\u2019esplai, quines eines es tenen per fer-li front\u00a0 o a quines situacions es veuen monitores i monitors abocades a perpetuar de\u00a0 manera inconscient des de l\u2019educaci\u00f3 no formal.<\/p>\n<p>Les dues pon\u00e8ncies inicials seran obertes a tota la ciutadania que hi vulgui participar i es realitzaran a l\u2019exterior de l\u2019Espai Jove Joan Amadas el dissabte 13 d\u2019abril de 10:30 a 14:00 h. <span style=\"color: #f69d0b;\"><a style=\"color: #f69d0b;\" href=\"https:\/\/www.esplac.cat\/formacions\/escola-esplac\/#tab-9fc7efa6436650490bc\" target=\"_blank\" rel=\"noopener\"><strong>Aqu\u00ed<\/strong><\/a><\/span> podeu consultar el programa sencer. La jornada de dissabte conclour\u00e0 amb tallers formatius per a les persones inscrites, gestionats per <span style=\"color: #f69d0b;\"><a style=\"color: #f69d0b;\" href=\"https:\/\/versembrant.cat\/\" target=\"_blank\" rel=\"noopener\"><strong>Versembrant<\/strong>,<\/a><\/span> <strong>Gil Hortal<\/strong> i la <span style=\"color: #f69d0b;\"><a style=\"color: #f69d0b;\" href=\"https:\/\/twitter.com\/pahcbages\" target=\"_blank\" rel=\"noopener\"><strong>PAHC Bages<\/strong><\/a>.<\/span> En ells s\u2019exposar\u00e0, a partir de les realitats i experi\u00e8ncies pr\u00f2pies, diferents maneres d\u2019abordar el capitalisme i d\u2019educar en l\u2019alternativa des de l\u2019esplai, tal com reconeix el lema de l\u2019edici\u00f3 d\u2019enguany de l\u2019Escola d\u2019Esplac.<\/p>\n<p>Per acollir aquesta nova edici\u00f3 de l\u2019Escola d\u2019Esplac, es compta tamb\u00e9 amb la participaci\u00f3 de diversos <strong>agents locals de la ciutat de Manresa<\/strong> com la PAHC Bages, l\u2019Escola Popular de Manresa o <strong><span style=\"color: #f69d0b;\"><a style=\"color: #f69d0b;\" href=\"https:\/\/www.tigredepaper.cat\/ca\" target=\"_blank\" rel=\"noopener\">Tigre de Paper<\/a><\/span>,<\/strong> que junt amb altres editorials com <span style=\"color: #f69d0b;\"><a style=\"color: #f69d0b;\" href=\"https:\/\/descontrol.cat\/\" target=\"_blank\" rel=\"noopener\"><strong>Descontrol<\/strong><\/a><\/span> o <span style=\"color: #f69d0b;\"><a style=\"color: #f69d0b;\" href=\"https:\/\/pol-len.cat\/\" target=\"_blank\" rel=\"noopener\"><strong>Pol\u00b7len Edicions<\/strong><\/a><\/span>, exhibiran durant tot el dissabte diversos llibres per a infants, joves i adults que aborden les conseq\u00fc\u00e8ncies del capitalisme en diferents \u00e0mbits.<\/p>\n<p>El cap de setmana formatiu compta amb altres activitats autogestionades com una <strong>exposici\u00f3 participativa<\/strong> sota el nom \u201cPost-capitalisme: tracem futurs desitjables\u201d d\u2019on es volen extreure conclusions sobre l\u2019Escola d\u2019Esplac per aplicar a l\u2019esplai.<\/p>\n<p>Tots els continguts extrets es podran consultar a la p\u00e0gina web d\u2019Esplac i al canal de <span style=\"color: #f69d0b;\"><a style=\"color: #f69d0b;\" href=\"https:\/\/www.youtube.com\/user\/esplaiscatalans\" target=\"_blank\" rel=\"noopener\"><strong>Youtube<\/strong><\/a><\/span>.<\/p>\n<\/div><blockquote class=\"instagram-media\" data-instgrm-captioned data-instgrm-permalink=\"https:\/\/www.instagram.com\/p\/C2AnafgKspb\/?utm_source=ig_embed&utm_campaign=loading\" data-instgrm-version=\"14\" style=\" background:#FFF; border:0; border-radius:3px; box-shadow:0 0 1px 0 rgba(0,0,0,0.5),0 1px 10px 0 rgba(0,0,0,0.15); margin: 1px; max-width:540px; min-width:326px; padding:0; width:99.375%; width:-webkit-calc(100% - 2px); width:calc(100% - 2px);\"><div style=\"padding:16px;\"> <a href=\"https:\/\/www.instagram.com\/p\/C2AnafgKspb\/?utm_source=ig_embed&utm_campaign=loading\" style=\" background:#FFFFFF; line-height:0; padding:0 0; text-align:center; text-decoration:none; width:100%;\" target=\"_blank\"> <div style=\" display: flex; flex-direction: row; align-items: center;\"> <div style=\"background-color: #F4F4F4; border-radius: 50%; flex-grow: 0; height: 40px; margin-right: 14px; width: 40px;\"><\/div> <div style=\"display: flex; flex-direction: column; flex-grow: 1; justify-content: center;\"> <div style=\" background-color: #F4F4F4; border-radius: 4px; flex-grow: 0; height: 14px; margin-bottom: 6px; width: 100px;\"><\/div> <div style=\" background-color: #F4F4F4; border-radius: 4px; flex-grow: 0; height: 14px; width: 60px;\"><\/div><\/div><\/div><div style=\"padding: 19% 0;\"><\/div> <div style=\"display:block; height:50px; margin:0 auto 12px; width:50px;\"><svg width=\"50px\" height=\"50px\" viewBox=\"0 0 60 60\" version=\"1.1\" xmlns=\"https:\/\/www.w3.org\/2000\/svg\" xmlns:xlink=\"https:\/\/www.w3.org\/1999\/xlink\"><g stroke=\"none\" stroke-width=\"1\" fill=\"none\" fill-rule=\"evenodd\"><g transform=\"translate(-511.000000, -20.000000)\" fill=\"#000000\"><g><path d=\"M556.869,30.41 C554.814,30.41 553.148,32.076 553.148,34.131 C553.148,36.186 554.814,37.852 556.869,37.852 C558.924,37.852 560.59,36.186 560.59,34.131 C560.59,32.076 558.924,30.41 556.869,30.41 M541,60.657 C535.114,60.657 530.342,55.887 530.342,50 C530.342,44.114 535.114,39.342 541,39.342 C546.887,39.342 551.658,44.114 551.658,50 C551.658,55.887 546.887,60.657 541,60.657 M541,33.886 C532.1,33.886 524.886,41.1 524.886,50 C524.886,58.899 532.1,66.113 541,66.113 C549.9,66.113 557.115,58.899 557.115,50 C557.115,41.1 549.9,33.886 541,33.886 M565.378,62.101 C565.244,65.022 564.756,66.606 564.346,67.663 C563.803,69.06 563.154,70.057 562.106,71.106 C561.058,72.155 560.06,72.803 558.662,73.347 C557.607,73.757 556.021,74.244 553.102,74.378 C549.944,74.521 548.997,74.552 541,74.552 C533.003,74.552 532.056,74.521 528.898,74.378 C525.979,74.244 524.393,73.757 523.338,73.347 C521.94,72.803 520.942,72.155 519.894,71.106 C518.846,70.057 518.197,69.06 517.654,67.663 C517.244,66.606 516.755,65.022 516.623,62.101 C516.479,58.943 516.448,57.996 516.448,50 C516.448,42.003 516.479,41.056 516.623,37.899 C516.755,34.978 517.244,33.391 517.654,32.338 C518.197,30.938 518.846,29.942 519.894,28.894 C520.942,27.846 521.94,27.196 523.338,26.654 C524.393,26.244 525.979,25.756 528.898,25.623 C532.057,25.479 533.004,25.448 541,25.448 C548.997,25.448 549.943,25.479 553.102,25.623 C556.021,25.756 557.607,26.244 558.662,26.654 C560.06,27.196 561.058,27.846 562.106,28.894 C563.154,29.942 563.803,30.938 564.346,32.338 C564.756,33.391 565.244,34.978 565.378,37.899 C565.522,41.056 565.552,42.003 565.552,50 C565.552,57.996 565.522,58.943 565.378,62.101 M570.82,37.631 C570.674,34.438 570.167,32.258 569.425,30.349 C568.659,28.377 567.633,26.702 565.965,25.035 C564.297,23.368 562.623,22.342 560.652,21.575 C558.743,20.834 556.562,20.326 553.369,20.18 C550.169,20.033 549.148,20 541,20 C532.853,20 531.831,20.033 528.631,20.18 C525.438,20.326 523.257,20.834 521.349,21.575 C519.376,22.342 517.703,23.368 516.035,25.035 C514.368,26.702 513.342,28.377 512.574,30.349 C511.834,32.258 511.326,34.438 511.181,37.631 C511.035,40.831 511,41.851 511,50 C511,58.147 511.035,59.17 511.181,62.369 C511.326,65.562 511.834,67.743 512.574,69.651 C513.342,71.625 514.368,73.296 516.035,74.965 C517.703,76.634 519.376,77.658 521.349,78.425 C523.257,79.167 525.438,79.673 528.631,79.82 C531.831,79.965 532.853,80.001 541,80.001 C549.148,80.001 550.169,79.965 553.369,79.82 C556.562,79.673 558.743,79.167 560.652,78.425 C562.623,77.658 564.297,76.634 565.965,74.965 C567.633,73.296 568.659,71.625 569.425,69.651 C570.167,67.743 570.674,65.562 570.82,62.369 C570.966,59.17 571,58.147 571,50 C571,41.851 570.966,40.831 570.82,37.631\"><\/path><\/g><\/g><\/g><\/svg><\/div><div style=\"padding-top: 8px;\"> <div style=\" color:#3897f0; font-family:Arial,sans-serif; font-size:14px; font-style:normal; font-weight:550; line-height:18px;\">View this post on Instagram<\/div><\/div><div style=\"padding: 12.5% 0;\"><\/div> <div style=\"display: flex; flex-direction: row; margin-bottom: 14px; align-items: center;\"><div> <div style=\"background-color: #F4F4F4; border-radius: 50%; height: 12.5px; width: 12.5px; transform: translateX(0px) translateY(7px);\"><\/div> <div style=\"background-color: #F4F4F4; height: 12.5px; transform: rotate(-45deg) translateX(3px) translateY(1px); width: 12.5px; flex-grow: 0; margin-right: 14px; margin-left: 2px;\"><\/div> <div style=\"background-color: #F4F4F4; border-radius: 50%; height: 12.5px; width: 12.5px; transform: translateX(9px) translateY(-18px);\"><\/div><\/div><div style=\"margin-left: 8px;\"> <div style=\" background-color: #F4F4F4; border-radius: 50%; flex-grow: 0; height: 20px; width: 20px;\"><\/div> <div style=\" width: 0; height: 0; border-top: 2px solid transparent; border-left: 6px solid #f4f4f4; border-bottom: 2px solid transparent; transform: translateX(16px) translateY(-4px) rotate(30deg)\"><\/div><\/div><div style=\"margin-left: auto;\"> <div style=\" width: 0px; border-top: 8px solid #F4F4F4; border-right: 8px solid transparent; transform: translateY(16px);\"><\/div> <div style=\" background-color: #F4F4F4; flex-grow: 0; height: 12px; width: 16px; transform: translateY(-4px);\"><\/div> <div style=\" width: 0; height: 0; border-top: 8px solid #F4F4F4; border-left: 8px solid transparent; transform: translateY(-4px) translateX(8px);\"><\/div><\/div><\/div> <div style=\"display: flex; flex-direction: column; flex-grow: 1; justify-content: center; margin-bottom: 24px;\"> <div style=\" background-color: #F4F4F4; border-radius: 4px; flex-grow: 0; height: 14px; margin-bottom: 6px; width: 224px;\"><\/div> <div style=\" background-color: #F4F4F4; border-radius: 4px; flex-grow: 0; height: 14px; width: 144px;\"><\/div><\/div><\/a><p style=\" color:#c9c8cd; font-family:Arial,sans-serif; font-size:14px; line-height:17px; margin-bottom:0; margin-top:8px; overflow:hidden; padding:8px 0 7px; text-align:center; text-overflow:ellipsis; white-space:nowrap;\"><a href=\"https:\/\/www.instagram.com\/p\/C2AnafgKspb\/?utm_source=ig_embed&utm_campaign=loading\" style=\" color:#c9c8cd; font-family:Arial,sans-serif; font-size:14px; font-style:normal; font-weight:normal; line-height:17px; text-decoration:none;\" target=\"_blank\">A post shared by Esplais Catalans (Esplac) (@esplaiscatalans)<\/a><\/p><\/div><\/blockquote> <script async src=\"\/\/www.instagram.com\/embed.js\"><\/script><\/div><\/div><\/div><\/div>\n","protected":false},"excerpt":{"rendered":"","protected":false},"author":3,"featured_media":49484,"comment_status":"closed","ping_status":"closed","sticky":false,"template":"","format":"standard","meta":{"om_disable_all_campaigns":false,"_monsterinsights_skip_tracking":false,"_monsterinsights_sitenote_active":false,"_monsterinsights_sitenote_note":"","_monsterinsights_sitenote_category":0,"_uf_show_specific_survey":0,"_uf_disable_surveys":false,"footnotes":""},"categories":[1111,1129,1],"tags":[],"class_list":["post-49479","post","type-post","status-publish","format-standard","has-post-thumbnail","hentry","category-activitats-esplac","category-escola-desplac","category-sense-categoria"],"yoast_head":"<!-- This site is optimized with the Yoast SEO plugin v27.5 - https:\/\/yoast.com\/product\/yoast-seo-wordpress\/ -->\n<title>Un centenar de persones es reuniran a l&#039;Escola d&#039;Esplac 2024!<\/title>\n<meta name=\"description\" content=\"A la desena edici\u00f3 de l\u2019Escola d\u2019Esplac es debatr\u00e0 sobre com aterrar l&#039;anticapitalisme a l&#039;esplai, a trav\u00e9s de pon\u00e8ncies i tallers.\" \/>\n<meta name=\"robots\" content=\"index, follow, max-snippet:-1, max-image-preview:large, max-video-preview:-1\" \/>\n<link rel=\"canonical\" href=\"https:\/\/www.esplac.cat\/centenar-persones-mon-esplai-reuniran-manresa-formarse-sobre-models-educacio-anticapitalistes\/\" \/>\n<meta property=\"og:locale\" content=\"en_US\" \/>\n<meta property=\"og:type\" content=\"article\" \/>\n<meta property=\"og:title\" content=\"Un centenar de persones es reuniran a l&#039;Escola d&#039;Esplac 2024!\" \/>\n<meta property=\"og:description\" content=\"A la desena edici\u00f3 de l\u2019Escola d\u2019Esplac es debatr\u00e0 sobre com aterrar l&#039;anticapitalisme a l&#039;esplai, a trav\u00e9s de pon\u00e8ncies i tallers.\" \/>\n<meta property=\"og:url\" content=\"https:\/\/www.esplac.cat\/centenar-persones-mon-esplai-reuniran-manresa-formarse-sobre-models-educacio-anticapitalistes\/\" \/>\n<meta property=\"og:site_name\" content=\"Esplac\" \/>\n<meta property=\"article:published_time\" content=\"2024-04-08T08:09:34+00:00\" \/>\n<meta property=\"article:modified_time\" content=\"2024-04-08T10:41:59+00:00\" \/>\n<meta property=\"og:image\" content=\"https:\/\/www.esplac.cat\/wp-content\/uploads\/2024\/04\/Escola-Esplac.jpg\" \/>\n\t<meta property=\"og:image:width\" content=\"1697\" \/>\n\t<meta property=\"og:image:height\" content=\"700\" \/>\n\t<meta property=\"og:image:type\" content=\"image\/jpeg\" \/>\n<meta name=\"author\" content=\"Comunicaci\u00f3 Esplac\" \/>\n<meta name=\"twitter:card\" content=\"summary_large_image\" \/>\n<meta name=\"twitter:label1\" content=\"Written by\" \/>\n\t<meta name=\"twitter:data1\" content=\"Comunicaci\u00f3 Esplac\" \/>\n\t<meta name=\"twitter:label2\" content=\"Est. reading time\" \/>\n\t<meta name=\"twitter:data2\" content=\"3 minutes\" \/>\n<script type=\"application\/ld+json\" class=\"yoast-schema-graph\">{\"@context\":\"https:\\\/\\\/schema.org\",\"@graph\":[{\"@type\":\"Article\",\"@id\":\"https:\\\/\\\/www.esplac.cat\\\/centenar-persones-mon-esplai-reuniran-manresa-formarse-sobre-models-educacio-anticapitalistes\\\/#article\",\"isPartOf\":{\"@id\":\"https:\\\/\\\/www.esplac.cat\\\/centenar-persones-mon-esplai-reuniran-manresa-formarse-sobre-models-educacio-anticapitalistes\\\/\"},\"author\":{\"name\":\"Comunicaci\u00f3 Esplac\",\"@id\":\"https:\\\/\\\/www.esplac.cat\\\/#\\\/schema\\\/person\\\/908383cf240be18b68f8855d0583faca\"},\"headline\":\"Un centenar de persones es reuniran a Manresa per formar-se sobre models d\u2019educaci\u00f3 anticapitalistes\",\"datePublished\":\"2024-04-08T08:09:34+00:00\",\"dateModified\":\"2024-04-08T10:41:59+00:00\",\"mainEntityOfPage\":{\"@id\":\"https:\\\/\\\/www.esplac.cat\\\/centenar-persones-mon-esplai-reuniran-manresa-formarse-sobre-models-educacio-anticapitalistes\\\/\"},\"wordCount\":2665,\"publisher\":{\"@id\":\"https:\\\/\\\/www.esplac.cat\\\/#organization\"},\"image\":{\"@id\":\"https:\\\/\\\/www.esplac.cat\\\/centenar-persones-mon-esplai-reuniran-manresa-formarse-sobre-models-educacio-anticapitalistes\\\/#primaryimage\"},\"thumbnailUrl\":\"https:\\\/\\\/www.esplac.cat\\\/wp-content\\\/uploads\\\/2024\\\/04\\\/Escola-Esplac.jpg\",\"articleSection\":[\"Activitats esplac\",\"Escola d'Esplac\",\"Sense categoria\"],\"inLanguage\":\"en-US\"},{\"@type\":\"WebPage\",\"@id\":\"https:\\\/\\\/www.esplac.cat\\\/centenar-persones-mon-esplai-reuniran-manresa-formarse-sobre-models-educacio-anticapitalistes\\\/\",\"url\":\"https:\\\/\\\/www.esplac.cat\\\/centenar-persones-mon-esplai-reuniran-manresa-formarse-sobre-models-educacio-anticapitalistes\\\/\",\"name\":\"Un centenar de persones es reuniran a l'Escola d'Esplac 2024!\",\"isPartOf\":{\"@id\":\"https:\\\/\\\/www.esplac.cat\\\/#website\"},\"primaryImageOfPage\":{\"@id\":\"https:\\\/\\\/www.esplac.cat\\\/centenar-persones-mon-esplai-reuniran-manresa-formarse-sobre-models-educacio-anticapitalistes\\\/#primaryimage\"},\"image\":{\"@id\":\"https:\\\/\\\/www.esplac.cat\\\/centenar-persones-mon-esplai-reuniran-manresa-formarse-sobre-models-educacio-anticapitalistes\\\/#primaryimage\"},\"thumbnailUrl\":\"https:\\\/\\\/www.esplac.cat\\\/wp-content\\\/uploads\\\/2024\\\/04\\\/Escola-Esplac.jpg\",\"datePublished\":\"2024-04-08T08:09:34+00:00\",\"dateModified\":\"2024-04-08T10:41:59+00:00\",\"description\":\"A la desena edici\u00f3 de l\u2019Escola d\u2019Esplac es debatr\u00e0 sobre com aterrar l'anticapitalisme a l'esplai, a trav\u00e9s de pon\u00e8ncies i tallers.\",\"breadcrumb\":{\"@id\":\"https:\\\/\\\/www.esplac.cat\\\/centenar-persones-mon-esplai-reuniran-manresa-formarse-sobre-models-educacio-anticapitalistes\\\/#breadcrumb\"},\"inLanguage\":\"en-US\",\"potentialAction\":[{\"@type\":\"ReadAction\",\"target\":[\"https:\\\/\\\/www.esplac.cat\\\/centenar-persones-mon-esplai-reuniran-manresa-formarse-sobre-models-educacio-anticapitalistes\\\/\"]}]},{\"@type\":\"ImageObject\",\"inLanguage\":\"en-US\",\"@id\":\"https:\\\/\\\/www.esplac.cat\\\/centenar-persones-mon-esplai-reuniran-manresa-formarse-sobre-models-educacio-anticapitalistes\\\/#primaryimage\",\"url\":\"https:\\\/\\\/www.esplac.cat\\\/wp-content\\\/uploads\\\/2024\\\/04\\\/Escola-Esplac.jpg\",\"contentUrl\":\"https:\\\/\\\/www.esplac.cat\\\/wp-content\\\/uploads\\\/2024\\\/04\\\/Escola-Esplac.jpg\",\"width\":1697,\"height\":700,\"caption\":\"Escola d'Esplac\"},{\"@type\":\"BreadcrumbList\",\"@id\":\"https:\\\/\\\/www.esplac.cat\\\/centenar-persones-mon-esplai-reuniran-manresa-formarse-sobre-models-educacio-anticapitalistes\\\/#breadcrumb\",\"itemListElement\":[{\"@type\":\"ListItem\",\"position\":1,\"name\":\"Inici\",\"item\":\"https:\\\/\\\/www.esplac.cat\\\/en\\\/\"},{\"@type\":\"ListItem\",\"position\":2,\"name\":\"Un centenar de persones es reuniran a Manresa per formar-se sobre models d\u2019educaci\u00f3 anticapitalistes\"}]},{\"@type\":\"WebSite\",\"@id\":\"https:\\\/\\\/www.esplac.cat\\\/#website\",\"url\":\"https:\\\/\\\/www.esplac.cat\\\/\",\"name\":\"Esplac\",\"description\":\"Esplais Catalans\",\"publisher\":{\"@id\":\"https:\\\/\\\/www.esplac.cat\\\/#organization\"},\"potentialAction\":[{\"@type\":\"SearchAction\",\"target\":{\"@type\":\"EntryPoint\",\"urlTemplate\":\"https:\\\/\\\/www.esplac.cat\\\/?s={search_term_string}\"},\"query-input\":{\"@type\":\"PropertyValueSpecification\",\"valueRequired\":true,\"valueName\":\"search_term_string\"}}],\"inLanguage\":\"en-US\"},{\"@type\":\"Organization\",\"@id\":\"https:\\\/\\\/www.esplac.cat\\\/#organization\",\"name\":\"Esplac\",\"url\":\"https:\\\/\\\/www.esplac.cat\\\/\",\"logo\":{\"@type\":\"ImageObject\",\"inLanguage\":\"en-US\",\"@id\":\"https:\\\/\\\/www.esplac.cat\\\/#\\\/schema\\\/logo\\\/image\\\/\",\"url\":\"https:\\\/\\\/www.esplac.cat\\\/wp-content\\\/uploads\\\/2019\\\/08\\\/logox2.png\",\"contentUrl\":\"https:\\\/\\\/www.esplac.cat\\\/wp-content\\\/uploads\\\/2019\\\/08\\\/logox2.png\",\"width\":600,\"height\":295,\"caption\":\"Esplac\"},\"image\":{\"@id\":\"https:\\\/\\\/www.esplac.cat\\\/#\\\/schema\\\/logo\\\/image\\\/\"}},{\"@type\":\"Person\",\"@id\":\"https:\\\/\\\/www.esplac.cat\\\/#\\\/schema\\\/person\\\/908383cf240be18b68f8855d0583faca\",\"name\":\"Comunicaci\u00f3 Esplac\",\"image\":{\"@type\":\"ImageObject\",\"inLanguage\":\"en-US\",\"@id\":\"https:\\\/\\\/secure.gravatar.com\\\/avatar\\\/7a4cf8feb412a76ea4a740ca02d95b06b2907b5a6c648c2dd0a1082a093c3141?s=96&d=mm&r=g\",\"url\":\"https:\\\/\\\/secure.gravatar.com\\\/avatar\\\/7a4cf8feb412a76ea4a740ca02d95b06b2907b5a6c648c2dd0a1082a093c3141?s=96&d=mm&r=g\",\"contentUrl\":\"https:\\\/\\\/secure.gravatar.com\\\/avatar\\\/7a4cf8feb412a76ea4a740ca02d95b06b2907b5a6c648c2dd0a1082a093c3141?s=96&d=mm&r=g\",\"caption\":\"Comunicaci\u00f3 Esplac\"}}]}<\/script>\n<!-- \/ Yoast SEO plugin. -->","yoast_head_json":{"title":"Un centenar de persones es reuniran a l'Escola d'Esplac 2024!","description":"A la desena edici\u00f3 de l\u2019Escola d\u2019Esplac es debatr\u00e0 sobre com aterrar l'anticapitalisme a l'esplai, a trav\u00e9s de pon\u00e8ncies i tallers.","robots":{"index":"index","follow":"follow","max-snippet":"max-snippet:-1","max-image-preview":"max-image-preview:large","max-video-preview":"max-video-preview:-1"},"canonical":"https:\/\/www.esplac.cat\/centenar-persones-mon-esplai-reuniran-manresa-formarse-sobre-models-educacio-anticapitalistes\/","og_locale":"en_US","og_type":"article","og_title":"Un centenar de persones es reuniran a l'Escola d'Esplac 2024!","og_description":"A la desena edici\u00f3 de l\u2019Escola d\u2019Esplac es debatr\u00e0 sobre com aterrar l'anticapitalisme a l'esplai, a trav\u00e9s de pon\u00e8ncies i tallers.","og_url":"https:\/\/www.esplac.cat\/centenar-persones-mon-esplai-reuniran-manresa-formarse-sobre-models-educacio-anticapitalistes\/","og_site_name":"Esplac","article_published_time":"2024-04-08T08:09:34+00:00","article_modified_time":"2024-04-08T10:41:59+00:00","og_image":[{"width":1697,"height":700,"url":"https:\/\/www.esplac.cat\/wp-content\/uploads\/2024\/04\/Escola-Esplac.jpg","type":"image\/jpeg"}],"author":"Comunicaci\u00f3 Esplac","twitter_card":"summary_large_image","twitter_misc":{"Written by":"Comunicaci\u00f3 Esplac","Est. reading time":"3 minutes"},"schema":{"@context":"https:\/\/schema.org","@graph":[{"@type":"Article","@id":"https:\/\/www.esplac.cat\/centenar-persones-mon-esplai-reuniran-manresa-formarse-sobre-models-educacio-anticapitalistes\/#article","isPartOf":{"@id":"https:\/\/www.esplac.cat\/centenar-persones-mon-esplai-reuniran-manresa-formarse-sobre-models-educacio-anticapitalistes\/"},"author":{"name":"Comunicaci\u00f3 Esplac","@id":"https:\/\/www.esplac.cat\/#\/schema\/person\/908383cf240be18b68f8855d0583faca"},"headline":"Un centenar de persones es reuniran a Manresa per formar-se sobre models d\u2019educaci\u00f3 anticapitalistes","datePublished":"2024-04-08T08:09:34+00:00","dateModified":"2024-04-08T10:41:59+00:00","mainEntityOfPage":{"@id":"https:\/\/www.esplac.cat\/centenar-persones-mon-esplai-reuniran-manresa-formarse-sobre-models-educacio-anticapitalistes\/"},"wordCount":2665,"publisher":{"@id":"https:\/\/www.esplac.cat\/#organization"},"image":{"@id":"https:\/\/www.esplac.cat\/centenar-persones-mon-esplai-reuniran-manresa-formarse-sobre-models-educacio-anticapitalistes\/#primaryimage"},"thumbnailUrl":"https:\/\/www.esplac.cat\/wp-content\/uploads\/2024\/04\/Escola-Esplac.jpg","articleSection":["Activitats esplac","Escola d'Esplac","Sense categoria"],"inLanguage":"en-US"},{"@type":"WebPage","@id":"https:\/\/www.esplac.cat\/centenar-persones-mon-esplai-reuniran-manresa-formarse-sobre-models-educacio-anticapitalistes\/","url":"https:\/\/www.esplac.cat\/centenar-persones-mon-esplai-reuniran-manresa-formarse-sobre-models-educacio-anticapitalistes\/","name":"Un centenar de persones es reuniran a l'Escola d'Esplac 2024!","isPartOf":{"@id":"https:\/\/www.esplac.cat\/#website"},"primaryImageOfPage":{"@id":"https:\/\/www.esplac.cat\/centenar-persones-mon-esplai-reuniran-manresa-formarse-sobre-models-educacio-anticapitalistes\/#primaryimage"},"image":{"@id":"https:\/\/www.esplac.cat\/centenar-persones-mon-esplai-reuniran-manresa-formarse-sobre-models-educacio-anticapitalistes\/#primaryimage"},"thumbnailUrl":"https:\/\/www.esplac.cat\/wp-content\/uploads\/2024\/04\/Escola-Esplac.jpg","datePublished":"2024-04-08T08:09:34+00:00","dateModified":"2024-04-08T10:41:59+00:00","description":"A la desena edici\u00f3 de l\u2019Escola d\u2019Esplac es debatr\u00e0 sobre com aterrar l'anticapitalisme a l'esplai, a trav\u00e9s de pon\u00e8ncies i tallers.","breadcrumb":{"@id":"https:\/\/www.esplac.cat\/centenar-persones-mon-esplai-reuniran-manresa-formarse-sobre-models-educacio-anticapitalistes\/#breadcrumb"},"inLanguage":"en-US","potentialAction":[{"@type":"ReadAction","target":["https:\/\/www.esplac.cat\/centenar-persones-mon-esplai-reuniran-manresa-formarse-sobre-models-educacio-anticapitalistes\/"]}]},{"@type":"ImageObject","inLanguage":"en-US","@id":"https:\/\/www.esplac.cat\/centenar-persones-mon-esplai-reuniran-manresa-formarse-sobre-models-educacio-anticapitalistes\/#primaryimage","url":"https:\/\/www.esplac.cat\/wp-content\/uploads\/2024\/04\/Escola-Esplac.jpg","contentUrl":"https:\/\/www.esplac.cat\/wp-content\/uploads\/2024\/04\/Escola-Esplac.jpg","width":1697,"height":700,"caption":"Escola d'Esplac"},{"@type":"BreadcrumbList","@id":"https:\/\/www.esplac.cat\/centenar-persones-mon-esplai-reuniran-manresa-formarse-sobre-models-educacio-anticapitalistes\/#breadcrumb","itemListElement":[{"@type":"ListItem","position":1,"name":"Inici","item":"https:\/\/www.esplac.cat\/en\/"},{"@type":"ListItem","position":2,"name":"Un centenar de persones es reuniran a Manresa per formar-se sobre models d\u2019educaci\u00f3 anticapitalistes"}]},{"@type":"WebSite","@id":"https:\/\/www.esplac.cat\/#website","url":"https:\/\/www.esplac.cat\/","name":"Esplac","description":"Esplais Catalans","publisher":{"@id":"https:\/\/www.esplac.cat\/#organization"},"potentialAction":[{"@type":"SearchAction","target":{"@type":"EntryPoint","urlTemplate":"https:\/\/www.esplac.cat\/?s={search_term_string}"},"query-input":{"@type":"PropertyValueSpecification","valueRequired":true,"valueName":"search_term_string"}}],"inLanguage":"en-US"},{"@type":"Organization","@id":"https:\/\/www.esplac.cat\/#organization","name":"Esplac","url":"https:\/\/www.esplac.cat\/","logo":{"@type":"ImageObject","inLanguage":"en-US","@id":"https:\/\/www.esplac.cat\/#\/schema\/logo\/image\/","url":"https:\/\/www.esplac.cat\/wp-content\/uploads\/2019\/08\/logox2.png","contentUrl":"https:\/\/www.esplac.cat\/wp-content\/uploads\/2019\/08\/logox2.png","width":600,"height":295,"caption":"Esplac"},"image":{"@id":"https:\/\/www.esplac.cat\/#\/schema\/logo\/image\/"}},{"@type":"Person","@id":"https:\/\/www.esplac.cat\/#\/schema\/person\/908383cf240be18b68f8855d0583faca","name":"Comunicaci\u00f3 Esplac","image":{"@type":"ImageObject","inLanguage":"en-US","@id":"https:\/\/secure.gravatar.com\/avatar\/7a4cf8feb412a76ea4a740ca02d95b06b2907b5a6c648c2dd0a1082a093c3141?s=96&d=mm&r=g","url":"https:\/\/secure.gravatar.com\/avatar\/7a4cf8feb412a76ea4a740ca02d95b06b2907b5a6c648c2dd0a1082a093c3141?s=96&d=mm&r=g","contentUrl":"https:\/\/secure.gravatar.com\/avatar\/7a4cf8feb412a76ea4a740ca02d95b06b2907b5a6c648c2dd0a1082a093c3141?s=96&d=mm&r=g","caption":"Comunicaci\u00f3 Esplac"}}]}},"_links":{"self":[{"href":"https:\/\/www.esplac.cat\/en\/wp-json\/wp\/v2\/posts\/49479","targetHints":{"allow":["GET"]}}],"collection":[{"href":"https:\/\/www.esplac.cat\/en\/wp-json\/wp\/v2\/posts"}],"about":[{"href":"https:\/\/www.esplac.cat\/en\/wp-json\/wp\/v2\/types\/post"}],"author":[{"embeddable":true,"href":"https:\/\/www.esplac.cat\/en\/wp-json\/wp\/v2\/users\/3"}],"replies":[{"embeddable":true,"href":"https:\/\/www.esplac.cat\/en\/wp-json\/wp\/v2\/comments?post=49479"}],"version-history":[{"count":4,"href":"https:\/\/www.esplac.cat\/en\/wp-json\/wp\/v2\/posts\/49479\/revisions"}],"predecessor-version":[{"id":49497,"href":"https:\/\/www.esplac.cat\/en\/wp-json\/wp\/v2\/posts\/49479\/revisions\/49497"}],"wp:featuredmedia":[{"embeddable":true,"href":"https:\/\/www.esplac.cat\/en\/wp-json\/wp\/v2\/media\/49484"}],"wp:attachment":[{"href":"https:\/\/www.esplac.cat\/en\/wp-json\/wp\/v2\/media?parent=49479"}],"wp:term":[{"taxonomy":"category","embeddable":true,"href":"https:\/\/www.esplac.cat\/en\/wp-json\/wp\/v2\/categories?post=49479"},{"taxonomy":"post_tag","embeddable":true,"href":"https:\/\/www.esplac.cat\/en\/wp-json\/wp\/v2\/tags?post=49479"}],"curies":[{"name":"wp","href":"https:\/\/api.w.org\/{rel}","templated":true}]}}