{"id":49688,"date":"2024-05-02T10:00:02","date_gmt":"2024-05-02T08:00:02","guid":{"rendered":"https:\/\/www.esplac.cat\/?p=49688"},"modified":"2024-05-02T12:47:21","modified_gmt":"2024-05-02T10:47:21","slug":"pluja-no-atura-trobada-general-sector-bbc","status":"publish","type":"post","link":"https:\/\/www.esplac.cat\/en\/pluja-no-atura-trobada-general-sector-bbc\/","title":{"rendered":"La pluja no atura la Trobada General de Sector del Bages Bergued\u00e0 i la Cerdanya!"},"content":{"rendered":"<div class=\"fusion-fullwidth fullwidth-box fusion-builder-row-1 fusion-flex-container has-pattern-background has-mask-background nonhundred-percent-fullwidth non-hundred-percent-height-scrolling\" style=\"--awb-border-radius-top-left:0px;--awb-border-radius-top-right:0px;--awb-border-radius-bottom-right:0px;--awb-border-radius-bottom-left:0px;--awb-flex-wrap:wrap;\" ><div class=\"fusion-builder-row fusion-row fusion-flex-align-items-flex-start fusion-flex-content-wrap\" style=\"max-width:1248px;margin-left: calc(-4% \/ 2 );margin-right: calc(-4% \/ 2 );\"><div class=\"fusion-layout-column fusion_builder_column fusion-builder-column-0 fusion_builder_column_1_1 1_1 fusion-flex-column\" style=\"--awb-bg-size:cover;--awb-width-large:100%;--awb-margin-top-large:0px;--awb-spacing-right-large:1.92%;--awb-margin-bottom-large:20px;--awb-spacing-left-large:1.92%;--awb-width-medium:100%;--awb-order-medium:0;--awb-spacing-right-medium:1.92%;--awb-spacing-left-medium:1.92%;--awb-width-small:100%;--awb-order-small:0;--awb-spacing-right-small:1.92%;--awb-spacing-left-small:1.92%;\"><div class=\"fusion-column-wrapper fusion-column-has-shadow fusion-flex-justify-content-flex-start fusion-content-layout-column\"><div class=\"fusion-text fusion-text-1\"><h6><strong>El Sector Bages, Bergued\u00e0 i la Cerdanya celebren un cop m\u00e9s la Trobada General del Sector (TGS), enguany a Santpedor.<\/strong><\/h6>\n<p>Infants, joves, monitores i monitors de <strong>8 esplais diferents<\/strong> del <span style=\"color: #f69d0b;\"><a style=\"color: #f69d0b;\" href=\"https:\/\/www.esplac.cat\/sectors-geografics\/bages-bergueda-cerdanya\/\" target=\"_blank\" rel=\"noopener\"><strong>Sector Bages, Bergued\u00e0 i la Cerdanya<\/strong> <\/a><\/span>s&#8217;han despla\u00e7at fins a la vila de Santpedor per a ocupar places i carrers fent jocs i activitats tot reivindicant el fil conductor de la trobada, la import\u00e0ncia de la pagesia de proximitat. Tampoc va faltar un berenar de germanor amb tots plegats!<\/p>\n<p>Aix\u00ed doncs, tot i l\u2019amena\u00e7a de pluja, vora 400 persones dels esplais <strong>Safa<\/strong>, <strong>Lairet<\/strong>, <strong>Vic-Remei<\/strong>, <strong>Roques Albes<\/strong>,<strong> El Cep<\/strong>, <strong>Merlot<\/strong> i <strong>Can Cristu<\/strong> van ser acollits pels amfitrions, l\u2019<strong>Esplai GEPS<\/strong>, per a seguir estrenyent vincles amb els esplais de la zona, i anar tancant aix\u00ed un curs m\u00e9s de trobades, sortides, col\u00f2nies i activitats que vertebren i donen sentit a la tasca de l\u2019educaci\u00f3 del lleure a la Catalunya central!<\/p>\n<\/div><\/div><\/div><\/div><\/div>\n","protected":false},"excerpt":{"rendered":"","protected":false},"author":3,"featured_media":49690,"comment_status":"closed","ping_status":"closed","sticky":false,"template":"","format":"standard","meta":{"om_disable_all_campaigns":false,"_monsterinsights_skip_tracking":false,"_monsterinsights_sitenote_active":false,"_monsterinsights_sitenote_note":"","_monsterinsights_sitenote_category":0,"_uf_show_specific_survey":0,"_uf_disable_surveys":false,"footnotes":""},"categories":[1110,1133,1],"tags":[],"class_list":["post-49688","post","type-post","status-publish","format-standard","has-post-thumbnail","hentry","category-activitats-sectors","category-sector-bages-bergueda-cerdanya","category-sense-categoria"],"yoast_head":"<!-- This site is optimized with the Yoast SEO plugin v27.4 - https:\/\/yoast.com\/product\/yoast-seo-wordpress\/ -->\n<title>La pluja no atura la TGS del Sector Bages Bergued\u00e0 i la Cerdanya!<\/title>\n<meta name=\"description\" content=\"El Sector Bages, Bergued\u00e0 i la Cerdanya celebren un cop m\u00e9s la Trobada General del Sector (TGS), enguany a Santpedor.\" \/>\n<meta name=\"robots\" content=\"index, follow, max-snippet:-1, max-image-preview:large, max-video-preview:-1\" \/>\n<link rel=\"canonical\" href=\"https:\/\/www.esplac.cat\/pluja-no-atura-trobada-general-sector-bbc\/\" \/>\n<meta property=\"og:locale\" content=\"en_US\" \/>\n<meta property=\"og:type\" content=\"article\" \/>\n<meta property=\"og:title\" content=\"La pluja no atura la TGS del Sector Bages Bergued\u00e0 i la Cerdanya!\" \/>\n<meta property=\"og:description\" content=\"El Sector Bages, Bergued\u00e0 i la Cerdanya celebren un cop m\u00e9s la Trobada General del Sector (TGS), enguany a Santpedor.\" \/>\n<meta property=\"og:url\" content=\"https:\/\/www.esplac.cat\/pluja-no-atura-trobada-general-sector-bbc\/\" \/>\n<meta property=\"og:site_name\" content=\"Esplac\" \/>\n<meta property=\"article:published_time\" content=\"2024-05-02T08:00:02+00:00\" \/>\n<meta property=\"article:modified_time\" content=\"2024-05-02T10:47:21+00:00\" \/>\n<meta property=\"og:image\" content=\"https:\/\/www.esplac.cat\/wp-content\/uploads\/2024\/04\/TGS-BBC.jpg\" \/>\n\t<meta property=\"og:image:width\" content=\"1697\" \/>\n\t<meta property=\"og:image:height\" content=\"700\" \/>\n\t<meta property=\"og:image:type\" content=\"image\/jpeg\" \/>\n<meta name=\"author\" content=\"Comunicaci\u00f3 Esplac\" \/>\n<meta name=\"twitter:card\" content=\"summary_large_image\" \/>\n<meta name=\"twitter:label1\" content=\"Written by\" \/>\n\t<meta name=\"twitter:data1\" content=\"Comunicaci\u00f3 Esplac\" \/>\n\t<meta name=\"twitter:label2\" content=\"Est. reading time\" \/>\n\t<meta name=\"twitter:data2\" content=\"1 minute\" \/>\n<script type=\"application\/ld+json\" class=\"yoast-schema-graph\">{\"@context\":\"https:\\\/\\\/schema.org\",\"@graph\":[{\"@type\":\"Article\",\"@id\":\"https:\\\/\\\/www.esplac.cat\\\/pluja-no-atura-trobada-general-sector-bbc\\\/#article\",\"isPartOf\":{\"@id\":\"https:\\\/\\\/www.esplac.cat\\\/pluja-no-atura-trobada-general-sector-bbc\\\/\"},\"author\":{\"name\":\"Comunicaci\u00f3 Esplac\",\"@id\":\"https:\\\/\\\/www.esplac.cat\\\/#\\\/schema\\\/person\\\/908383cf240be18b68f8855d0583faca\"},\"headline\":\"La pluja no atura la Trobada General de Sector del Bages Bergued\u00e0 i la Cerdanya!\",\"datePublished\":\"2024-05-02T08:00:02+00:00\",\"dateModified\":\"2024-05-02T10:47:21+00:00\",\"mainEntityOfPage\":{\"@id\":\"https:\\\/\\\/www.esplac.cat\\\/pluja-no-atura-trobada-general-sector-bbc\\\/\"},\"wordCount\":1129,\"publisher\":{\"@id\":\"https:\\\/\\\/www.esplac.cat\\\/#organization\"},\"image\":{\"@id\":\"https:\\\/\\\/www.esplac.cat\\\/pluja-no-atura-trobada-general-sector-bbc\\\/#primaryimage\"},\"thumbnailUrl\":\"https:\\\/\\\/www.esplac.cat\\\/wp-content\\\/uploads\\\/2024\\\/04\\\/TGS-BBC.jpg\",\"articleSection\":[\"Activitats sectors\",\"Sector Bages, Bergued\u00e0 i La Cerdanya\",\"Sense categoria\"],\"inLanguage\":\"en-US\"},{\"@type\":\"WebPage\",\"@id\":\"https:\\\/\\\/www.esplac.cat\\\/pluja-no-atura-trobada-general-sector-bbc\\\/\",\"url\":\"https:\\\/\\\/www.esplac.cat\\\/pluja-no-atura-trobada-general-sector-bbc\\\/\",\"name\":\"La pluja no atura la TGS del Sector Bages Bergued\u00e0 i la Cerdanya!\",\"isPartOf\":{\"@id\":\"https:\\\/\\\/www.esplac.cat\\\/#website\"},\"primaryImageOfPage\":{\"@id\":\"https:\\\/\\\/www.esplac.cat\\\/pluja-no-atura-trobada-general-sector-bbc\\\/#primaryimage\"},\"image\":{\"@id\":\"https:\\\/\\\/www.esplac.cat\\\/pluja-no-atura-trobada-general-sector-bbc\\\/#primaryimage\"},\"thumbnailUrl\":\"https:\\\/\\\/www.esplac.cat\\\/wp-content\\\/uploads\\\/2024\\\/04\\\/TGS-BBC.jpg\",\"datePublished\":\"2024-05-02T08:00:02+00:00\",\"dateModified\":\"2024-05-02T10:47:21+00:00\",\"description\":\"El Sector Bages, Bergued\u00e0 i la Cerdanya celebren un cop m\u00e9s la Trobada General del Sector (TGS), enguany a Santpedor.\",\"breadcrumb\":{\"@id\":\"https:\\\/\\\/www.esplac.cat\\\/pluja-no-atura-trobada-general-sector-bbc\\\/#breadcrumb\"},\"inLanguage\":\"en-US\",\"potentialAction\":[{\"@type\":\"ReadAction\",\"target\":[\"https:\\\/\\\/www.esplac.cat\\\/pluja-no-atura-trobada-general-sector-bbc\\\/\"]}]},{\"@type\":\"ImageObject\",\"inLanguage\":\"en-US\",\"@id\":\"https:\\\/\\\/www.esplac.cat\\\/pluja-no-atura-trobada-general-sector-bbc\\\/#primaryimage\",\"url\":\"https:\\\/\\\/www.esplac.cat\\\/wp-content\\\/uploads\\\/2024\\\/04\\\/TGS-BBC.jpg\",\"contentUrl\":\"https:\\\/\\\/www.esplac.cat\\\/wp-content\\\/uploads\\\/2024\\\/04\\\/TGS-BBC.jpg\",\"width\":1697,\"height\":700,\"caption\":\"Sector Bages, Bergued\u00e0 i la Cerdanya\"},{\"@type\":\"BreadcrumbList\",\"@id\":\"https:\\\/\\\/www.esplac.cat\\\/pluja-no-atura-trobada-general-sector-bbc\\\/#breadcrumb\",\"itemListElement\":[{\"@type\":\"ListItem\",\"position\":1,\"name\":\"Inici\",\"item\":\"https:\\\/\\\/www.esplac.cat\\\/en\\\/\"},{\"@type\":\"ListItem\",\"position\":2,\"name\":\"La pluja no atura la Trobada General de Sector del Bages Bergued\u00e0 i la Cerdanya!\"}]},{\"@type\":\"WebSite\",\"@id\":\"https:\\\/\\\/www.esplac.cat\\\/#website\",\"url\":\"https:\\\/\\\/www.esplac.cat\\\/\",\"name\":\"Esplac\",\"description\":\"Esplais Catalans\",\"publisher\":{\"@id\":\"https:\\\/\\\/www.esplac.cat\\\/#organization\"},\"potentialAction\":[{\"@type\":\"SearchAction\",\"target\":{\"@type\":\"EntryPoint\",\"urlTemplate\":\"https:\\\/\\\/www.esplac.cat\\\/?s={search_term_string}\"},\"query-input\":{\"@type\":\"PropertyValueSpecification\",\"valueRequired\":true,\"valueName\":\"search_term_string\"}}],\"inLanguage\":\"en-US\"},{\"@type\":\"Organization\",\"@id\":\"https:\\\/\\\/www.esplac.cat\\\/#organization\",\"name\":\"Esplac\",\"url\":\"https:\\\/\\\/www.esplac.cat\\\/\",\"logo\":{\"@type\":\"ImageObject\",\"inLanguage\":\"en-US\",\"@id\":\"https:\\\/\\\/www.esplac.cat\\\/#\\\/schema\\\/logo\\\/image\\\/\",\"url\":\"https:\\\/\\\/www.esplac.cat\\\/wp-content\\\/uploads\\\/2019\\\/08\\\/logox2.png\",\"contentUrl\":\"https:\\\/\\\/www.esplac.cat\\\/wp-content\\\/uploads\\\/2019\\\/08\\\/logox2.png\",\"width\":600,\"height\":295,\"caption\":\"Esplac\"},\"image\":{\"@id\":\"https:\\\/\\\/www.esplac.cat\\\/#\\\/schema\\\/logo\\\/image\\\/\"}},{\"@type\":\"Person\",\"@id\":\"https:\\\/\\\/www.esplac.cat\\\/#\\\/schema\\\/person\\\/908383cf240be18b68f8855d0583faca\",\"name\":\"Comunicaci\u00f3 Esplac\",\"image\":{\"@type\":\"ImageObject\",\"inLanguage\":\"en-US\",\"@id\":\"https:\\\/\\\/secure.gravatar.com\\\/avatar\\\/7a4cf8feb412a76ea4a740ca02d95b06b2907b5a6c648c2dd0a1082a093c3141?s=96&d=mm&r=g\",\"url\":\"https:\\\/\\\/secure.gravatar.com\\\/avatar\\\/7a4cf8feb412a76ea4a740ca02d95b06b2907b5a6c648c2dd0a1082a093c3141?s=96&d=mm&r=g\",\"contentUrl\":\"https:\\\/\\\/secure.gravatar.com\\\/avatar\\\/7a4cf8feb412a76ea4a740ca02d95b06b2907b5a6c648c2dd0a1082a093c3141?s=96&d=mm&r=g\",\"caption\":\"Comunicaci\u00f3 Esplac\"}}]}<\/script>\n<!-- \/ Yoast SEO plugin. -->","yoast_head_json":{"title":"La pluja no atura la TGS del Sector Bages Bergued\u00e0 i la Cerdanya!","description":"El Sector Bages, Bergued\u00e0 i la Cerdanya celebren un cop m\u00e9s la Trobada General del Sector (TGS), enguany a Santpedor.","robots":{"index":"index","follow":"follow","max-snippet":"max-snippet:-1","max-image-preview":"max-image-preview:large","max-video-preview":"max-video-preview:-1"},"canonical":"https:\/\/www.esplac.cat\/pluja-no-atura-trobada-general-sector-bbc\/","og_locale":"en_US","og_type":"article","og_title":"La pluja no atura la TGS del Sector Bages Bergued\u00e0 i la Cerdanya!","og_description":"El Sector Bages, Bergued\u00e0 i la Cerdanya celebren un cop m\u00e9s la Trobada General del Sector (TGS), enguany a Santpedor.","og_url":"https:\/\/www.esplac.cat\/pluja-no-atura-trobada-general-sector-bbc\/","og_site_name":"Esplac","article_published_time":"2024-05-02T08:00:02+00:00","article_modified_time":"2024-05-02T10:47:21+00:00","og_image":[{"width":1697,"height":700,"url":"https:\/\/www.esplac.cat\/wp-content\/uploads\/2024\/04\/TGS-BBC.jpg","type":"image\/jpeg"}],"author":"Comunicaci\u00f3 Esplac","twitter_card":"summary_large_image","twitter_misc":{"Written by":"Comunicaci\u00f3 Esplac","Est. reading time":"1 minute"},"schema":{"@context":"https:\/\/schema.org","@graph":[{"@type":"Article","@id":"https:\/\/www.esplac.cat\/pluja-no-atura-trobada-general-sector-bbc\/#article","isPartOf":{"@id":"https:\/\/www.esplac.cat\/pluja-no-atura-trobada-general-sector-bbc\/"},"author":{"name":"Comunicaci\u00f3 Esplac","@id":"https:\/\/www.esplac.cat\/#\/schema\/person\/908383cf240be18b68f8855d0583faca"},"headline":"La pluja no atura la Trobada General de Sector del Bages Bergued\u00e0 i la Cerdanya!","datePublished":"2024-05-02T08:00:02+00:00","dateModified":"2024-05-02T10:47:21+00:00","mainEntityOfPage":{"@id":"https:\/\/www.esplac.cat\/pluja-no-atura-trobada-general-sector-bbc\/"},"wordCount":1129,"publisher":{"@id":"https:\/\/www.esplac.cat\/#organization"},"image":{"@id":"https:\/\/www.esplac.cat\/pluja-no-atura-trobada-general-sector-bbc\/#primaryimage"},"thumbnailUrl":"https:\/\/www.esplac.cat\/wp-content\/uploads\/2024\/04\/TGS-BBC.jpg","articleSection":["Activitats sectors","Sector Bages, Bergued\u00e0 i La Cerdanya","Sense categoria"],"inLanguage":"en-US"},{"@type":"WebPage","@id":"https:\/\/www.esplac.cat\/pluja-no-atura-trobada-general-sector-bbc\/","url":"https:\/\/www.esplac.cat\/pluja-no-atura-trobada-general-sector-bbc\/","name":"La pluja no atura la TGS del Sector Bages Bergued\u00e0 i la Cerdanya!","isPartOf":{"@id":"https:\/\/www.esplac.cat\/#website"},"primaryImageOfPage":{"@id":"https:\/\/www.esplac.cat\/pluja-no-atura-trobada-general-sector-bbc\/#primaryimage"},"image":{"@id":"https:\/\/www.esplac.cat\/pluja-no-atura-trobada-general-sector-bbc\/#primaryimage"},"thumbnailUrl":"https:\/\/www.esplac.cat\/wp-content\/uploads\/2024\/04\/TGS-BBC.jpg","datePublished":"2024-05-02T08:00:02+00:00","dateModified":"2024-05-02T10:47:21+00:00","description":"El Sector Bages, Bergued\u00e0 i la Cerdanya celebren un cop m\u00e9s la Trobada General del Sector (TGS), enguany a Santpedor.","breadcrumb":{"@id":"https:\/\/www.esplac.cat\/pluja-no-atura-trobada-general-sector-bbc\/#breadcrumb"},"inLanguage":"en-US","potentialAction":[{"@type":"ReadAction","target":["https:\/\/www.esplac.cat\/pluja-no-atura-trobada-general-sector-bbc\/"]}]},{"@type":"ImageObject","inLanguage":"en-US","@id":"https:\/\/www.esplac.cat\/pluja-no-atura-trobada-general-sector-bbc\/#primaryimage","url":"https:\/\/www.esplac.cat\/wp-content\/uploads\/2024\/04\/TGS-BBC.jpg","contentUrl":"https:\/\/www.esplac.cat\/wp-content\/uploads\/2024\/04\/TGS-BBC.jpg","width":1697,"height":700,"caption":"Sector Bages, Bergued\u00e0 i la Cerdanya"},{"@type":"BreadcrumbList","@id":"https:\/\/www.esplac.cat\/pluja-no-atura-trobada-general-sector-bbc\/#breadcrumb","itemListElement":[{"@type":"ListItem","position":1,"name":"Inici","item":"https:\/\/www.esplac.cat\/en\/"},{"@type":"ListItem","position":2,"name":"La pluja no atura la Trobada General de Sector del Bages Bergued\u00e0 i la Cerdanya!"}]},{"@type":"WebSite","@id":"https:\/\/www.esplac.cat\/#website","url":"https:\/\/www.esplac.cat\/","name":"Esplac","description":"Esplais Catalans","publisher":{"@id":"https:\/\/www.esplac.cat\/#organization"},"potentialAction":[{"@type":"SearchAction","target":{"@type":"EntryPoint","urlTemplate":"https:\/\/www.esplac.cat\/?s={search_term_string}"},"query-input":{"@type":"PropertyValueSpecification","valueRequired":true,"valueName":"search_term_string"}}],"inLanguage":"en-US"},{"@type":"Organization","@id":"https:\/\/www.esplac.cat\/#organization","name":"Esplac","url":"https:\/\/www.esplac.cat\/","logo":{"@type":"ImageObject","inLanguage":"en-US","@id":"https:\/\/www.esplac.cat\/#\/schema\/logo\/image\/","url":"https:\/\/www.esplac.cat\/wp-content\/uploads\/2019\/08\/logox2.png","contentUrl":"https:\/\/www.esplac.cat\/wp-content\/uploads\/2019\/08\/logox2.png","width":600,"height":295,"caption":"Esplac"},"image":{"@id":"https:\/\/www.esplac.cat\/#\/schema\/logo\/image\/"}},{"@type":"Person","@id":"https:\/\/www.esplac.cat\/#\/schema\/person\/908383cf240be18b68f8855d0583faca","name":"Comunicaci\u00f3 Esplac","image":{"@type":"ImageObject","inLanguage":"en-US","@id":"https:\/\/secure.gravatar.com\/avatar\/7a4cf8feb412a76ea4a740ca02d95b06b2907b5a6c648c2dd0a1082a093c3141?s=96&d=mm&r=g","url":"https:\/\/secure.gravatar.com\/avatar\/7a4cf8feb412a76ea4a740ca02d95b06b2907b5a6c648c2dd0a1082a093c3141?s=96&d=mm&r=g","contentUrl":"https:\/\/secure.gravatar.com\/avatar\/7a4cf8feb412a76ea4a740ca02d95b06b2907b5a6c648c2dd0a1082a093c3141?s=96&d=mm&r=g","caption":"Comunicaci\u00f3 Esplac"}}]}},"_links":{"self":[{"href":"https:\/\/www.esplac.cat\/en\/wp-json\/wp\/v2\/posts\/49688","targetHints":{"allow":["GET"]}}],"collection":[{"href":"https:\/\/www.esplac.cat\/en\/wp-json\/wp\/v2\/posts"}],"about":[{"href":"https:\/\/www.esplac.cat\/en\/wp-json\/wp\/v2\/types\/post"}],"author":[{"embeddable":true,"href":"https:\/\/www.esplac.cat\/en\/wp-json\/wp\/v2\/users\/3"}],"replies":[{"embeddable":true,"href":"https:\/\/www.esplac.cat\/en\/wp-json\/wp\/v2\/comments?post=49688"}],"version-history":[{"count":4,"href":"https:\/\/www.esplac.cat\/en\/wp-json\/wp\/v2\/posts\/49688\/revisions"}],"predecessor-version":[{"id":49704,"href":"https:\/\/www.esplac.cat\/en\/wp-json\/wp\/v2\/posts\/49688\/revisions\/49704"}],"wp:featuredmedia":[{"embeddable":true,"href":"https:\/\/www.esplac.cat\/en\/wp-json\/wp\/v2\/media\/49690"}],"wp:attachment":[{"href":"https:\/\/www.esplac.cat\/en\/wp-json\/wp\/v2\/media?parent=49688"}],"wp:term":[{"taxonomy":"category","embeddable":true,"href":"https:\/\/www.esplac.cat\/en\/wp-json\/wp\/v2\/categories?post=49688"},{"taxonomy":"post_tag","embeddable":true,"href":"https:\/\/www.esplac.cat\/en\/wp-json\/wp\/v2\/tags?post=49688"}],"curies":[{"name":"wp","href":"https:\/\/api.w.org\/{rel}","templated":true}]}}