{"id":50016,"date":"2024-05-20T09:00:01","date_gmt":"2024-05-20T07:00:01","guid":{"rendered":"https:\/\/www.esplac.cat\/?p=50016"},"modified":"2024-05-22T10:42:47","modified_gmt":"2024-05-22T08:42:47","slug":"training-course-esplac-navarra","status":"publish","type":"post","link":"https:\/\/www.esplac.cat\/en\/training-course-esplac-navarra\/","title":{"rendered":"S\u2019apropa el Training Course d\u2019Esplac, aquest any a Navarra!"},"content":{"rendered":"<p><div class=\"fusion-fullwidth fullwidth-box fusion-builder-row-1 fusion-flex-container has-pattern-background has-mask-background nonhundred-percent-fullwidth non-hundred-percent-height-scrolling\" style=\"--awb-border-radius-top-left:0px;--awb-border-radius-top-right:0px;--awb-border-radius-bottom-right:0px;--awb-border-radius-bottom-left:0px;--awb-flex-wrap:wrap;\" ><div class=\"fusion-builder-row fusion-row fusion-flex-align-items-flex-start fusion-flex-content-wrap\" style=\"max-width:1248px;margin-left: calc(-4% \/ 2 );margin-right: calc(-4% \/ 2 );\"><div class=\"fusion-layout-column fusion_builder_column fusion-builder-column-0 fusion_builder_column_1_1 1_1 fusion-flex-column\" style=\"--awb-bg-size:cover;--awb-width-large:100%;--awb-margin-top-large:0px;--awb-spacing-right-large:1.92%;--awb-margin-bottom-large:20px;--awb-spacing-left-large:1.92%;--awb-width-medium:100%;--awb-order-medium:0;--awb-spacing-right-medium:1.92%;--awb-spacing-left-medium:1.92%;--awb-width-small:100%;--awb-order-small:0;--awb-spacing-right-small:1.92%;--awb-spacing-left-small:1.92%;\"><div class=\"fusion-column-wrapper fusion-column-has-shadow fusion-flex-justify-content-flex-start fusion-content-layout-column\"><div class=\"fusion-text fusion-text-1\"><h6><strong>El dilluns 20 de maig obren les inscripcions pel Training Course, un intercanvi internacional a Navarra amb joves d\u2019arreu d\u2019Europa!<\/strong><\/h6>\n<p>Com cada any, torna el <strong>Training Course<\/strong> d\u2019Esplac, una activitat internacional que s\u2019organitza als estius en el marc del programa Erasmus+. En l\u2019edici\u00f3 d\u2019enguany hi participaran joves d\u2019entitats de Portugal (<a href=\"https:\/\/www.rotajovem.com\/\" target=\"_blank\" rel=\"noopener\"><strong><span style=\"color: #f69d0b;\">Rota Jovem<\/span><\/strong><\/a> i <span style=\"color: #f69d0b;\"><strong><a style=\"color: #f69d0b;\" href=\"https:\/\/apcc.org.pt\/\" target=\"_blank\" rel=\"noopener\">Associa\u00e7\u00e3o para a Promo\u00e7\u00e3o Cultural da Crian\u00e7a<\/a><\/strong><\/span>), It\u00e0lia (<span style=\"color: #f69d0b;\"><strong><a style=\"color: #f69d0b;\" href=\"https:\/\/www.arciragazzi.it\/\" target=\"_blank\" rel=\"noopener\">Arciragazzi<\/a><\/strong><\/span>), Finl\u00e0ndia (<strong><a href=\"https:\/\/nuoretkotkat.fi\/in-english\/\" target=\"_blank\" rel=\"noopener\"><span style=\"color: #f69d0b;\">NKK<\/span><\/a><\/strong>) i Navarra (<span style=\"color: #f69d0b;\"><strong><a style=\"color: #f69d0b;\" href=\"https:\/\/www.medicusmundi.es\/es\" target=\"_blank\" rel=\"noopener\">Medicus Mundi<\/a><\/strong><\/span>). Tamb\u00e9 comptarem amb l\u2019<span style=\"color: #f69d0b;\"><a style=\"color: #f69d0b;\" href=\"https:\/\/escolaelsol.coop\/\" target=\"_blank\" rel=\"noopener\"><strong>Escola Lliure el Sol<\/strong> <\/a><\/span>per l\u2019equip de facilitadores.<\/p>\n<p>Com a novetat d\u2019enguany, el Training Course es far\u00e0 a <strong>Aibar<\/strong>, un poblet a 30 minuts de Pamplona <strong>del 8 al 17 d\u2019agost.<\/strong> La tem\u00e0tica de l\u2019intercanvi \u00e9s la <strong>comunitat com a eina pel desenvolupament social<\/strong>, amb l\u2019objectiu de treballar en projectes transformadors amb incid\u00e8ncia social. Al llarg de la setmana es duran a terme tallers, debats activitats i reflexions envers la tasca de l\u2019educaci\u00f3 en el lleure en cadascuna de les entitats participants, incorporant la perspectiva de l\u2019educaci\u00f3 per la just\u00edcia global.<\/p>\n<h4><strong>Quins s\u00f3n els objectius d\u2019aquesta activitat?<\/strong><\/h4>\n<blockquote>\n<p>Debatre i intercanviar experi\u00e8ncies per a construir noves formes d\u2019implicaci\u00f3 i participaci\u00f3 en les associacions d\u2019educaci\u00f3 no formal.<\/p>\n<p>Involucrar persones joves per promoure una societat m\u00e9s inclusiva i justa.<\/p>\n<p>Viure en primera persona un entorn intercultural, on aprendre a partir de les diferents experi\u00e8ncies i bagatges personals.<\/p>\n<\/blockquote>\n<h4><strong>Qui busquem?<\/strong><\/h4>\n<blockquote>\n<p>4 monis o pre-monis d\u2019entre 16 i 26 anys.<\/p>\n<p>1 moni de m\u00e9s de 18 anys que sigui referent del grup.<\/p>\n<p>Requisits per participar:<\/p>\n<p>Ser membre actiu d\u2019Esplac.<\/p>\n<p>Capacitat per comunicar-se en angl\u00e8s (ser\u00e0 l\u2019idioma de treball).<\/p>\n<p>Complir amb l\u2019edat demanada.<\/p>\n<p>Preu: Quota de 40\u20ac (inclou allotjament, \u00e0pats, transport i tot el que es necessita per participar del training).<\/p>\n<\/blockquote>\n<h4><strong>Com pots inscriure&#8217;t?<\/strong><\/h4>\n<p>A partir de dilluns 20 de maig, a trav\u00e9s de l\u2019<strong>Era<\/strong> (a l\u2019apartat Personal &gt; Activitats).<\/p>\n<p>Per a m\u00e9s informaci\u00f3, podeu enviar un correu a <strong>internacional@esplac.cat<\/strong>.<\/p>\n<\/div><\/div><\/div><\/div><\/div><div class=\"fusion-fullwidth fullwidth-box fusion-builder-row-2 fusion-flex-container has-pattern-background has-mask-background nonhundred-percent-fullwidth non-hundred-percent-height-scrolling\" style=\"--awb-border-radius-top-left:0px;--awb-border-radius-top-right:0px;--awb-border-radius-bottom-right:0px;--awb-border-radius-bottom-left:0px;--awb-flex-wrap:wrap;\" ><div class=\"fusion-builder-row fusion-row fusion-flex-align-items-flex-start fusion-flex-content-wrap\" style=\"max-width:1248px;margin-left: calc(-4% \/ 2 );margin-right: calc(-4% \/ 2 );\"><div class=\"fusion-layout-column fusion_builder_column fusion-builder-column-1 fusion_builder_column_1_1 1_1 fusion-flex-column\" style=\"--awb-bg-size:cover;--awb-width-large:100%;--awb-margin-top-large:0px;--awb-spacing-right-large:1.92%;--awb-margin-bottom-large:20px;--awb-spacing-left-large:1.92%;--awb-width-medium:100%;--awb-order-medium:0;--awb-spacing-right-medium:1.92%;--awb-spacing-left-medium:1.92%;--awb-width-small:100%;--awb-order-small:0;--awb-spacing-right-small:1.92%;--awb-spacing-left-small:1.92%;\"><div class=\"fusion-column-wrapper fusion-column-has-shadow fusion-flex-justify-content-flex-start fusion-content-layout-column\"><div class=\"fusion-image-element \" style=\"text-align:center;--awb-caption-title-font-family:var(--h2_typography-font-family);--awb-caption-title-font-weight:var(--h2_typography-font-weight);--awb-caption-title-font-style:var(--h2_typography-font-style);--awb-caption-title-size:var(--h2_typography-font-size);--awb-caption-title-transform:var(--h2_typography-text-transform);--awb-caption-title-line-height:var(--h2_typography-line-height);--awb-caption-title-letter-spacing:var(--h2_typography-letter-spacing);\"><span class=\" fusion-imageframe imageframe-none imageframe-1 hover-type-none\"><img decoding=\"async\" width=\"600\" height=\"750\" alt=\"Training Course\" title=\"Training_Course_CAT\" src=\"https:\/\/www.esplac.cat\/wp-content\/uploads\/2024\/05\/Training_Course_CAT-600x750.jpg\" class=\"img-responsive wp-image-50087\" srcset=\"https:\/\/www.esplac.cat\/wp-content\/uploads\/2024\/05\/Training_Course_CAT-200x250.jpg 200w, https:\/\/www.esplac.cat\/wp-content\/uploads\/2024\/05\/Training_Course_CAT-400x500.jpg 400w, https:\/\/www.esplac.cat\/wp-content\/uploads\/2024\/05\/Training_Course_CAT-600x750.jpg 600w, https:\/\/www.esplac.cat\/wp-content\/uploads\/2024\/05\/Training_Course_CAT-800x1000.jpg 800w, https:\/\/www.esplac.cat\/wp-content\/uploads\/2024\/05\/Training_Course_CAT.jpg 1080w\" sizes=\"(max-width: 1024px) 100vw, (max-width: 640px) 100vw, 600px\" \/><\/span><\/div><\/div><\/div><\/div><\/div><\/p>\n","protected":false},"excerpt":{"rendered":"","protected":false},"author":3,"featured_media":50044,"comment_status":"closed","ping_status":"closed","sticky":false,"template":"","format":"standard","meta":{"om_disable_all_campaigns":false,"_monsterinsights_skip_tracking":false,"_monsterinsights_sitenote_active":false,"_monsterinsights_sitenote_note":"","_monsterinsights_sitenote_category":0,"_uf_show_specific_survey":0,"_uf_disable_surveys":false,"footnotes":""},"categories":[1111,1112],"tags":[],"class_list":["post-50016","post","type-post","status-publish","format-standard","has-post-thumbnail","hentry","category-activitats-esplac","category-esplac-al-mon"],"yoast_head":"<!-- This site is optimized with the Yoast SEO plugin v27.5 - https:\/\/yoast.com\/product\/yoast-seo-wordpress\/ -->\n<title>S\u2019apropa el Training Course d\u2019Esplac, aquest any a Navarra! - Esplac<\/title>\n<meta name=\"description\" content=\"El dilluns 20 de maig obren les inscripcions pel Training Course, un intercanvi internacional a Navarra amb joves d\u2019arreu d\u2019Europa!\" \/>\n<meta name=\"robots\" content=\"index, follow, max-snippet:-1, max-image-preview:large, max-video-preview:-1\" \/>\n<link rel=\"canonical\" href=\"https:\/\/www.esplac.cat\/training-course-esplac-navarra\/\" \/>\n<meta property=\"og:locale\" content=\"en_US\" \/>\n<meta property=\"og:type\" content=\"article\" \/>\n<meta property=\"og:title\" content=\"S\u2019apropa el Training Course d\u2019Esplac, aquest any a Navarra! - Esplac\" \/>\n<meta property=\"og:description\" content=\"El dilluns 20 de maig obren les inscripcions pel Training Course, un intercanvi internacional a Navarra amb joves d\u2019arreu d\u2019Europa!\" \/>\n<meta property=\"og:url\" content=\"https:\/\/www.esplac.cat\/training-course-esplac-navarra\/\" \/>\n<meta property=\"og:site_name\" content=\"Esplac\" \/>\n<meta property=\"article:published_time\" content=\"2024-05-20T07:00:01+00:00\" \/>\n<meta property=\"article:modified_time\" content=\"2024-05-22T08:42:47+00:00\" \/>\n<meta property=\"og:image\" content=\"https:\/\/www.esplac.cat\/wp-content\/uploads\/2024\/05\/Training-Course.jpg\" \/>\n\t<meta property=\"og:image:width\" content=\"1697\" \/>\n\t<meta property=\"og:image:height\" content=\"700\" \/>\n\t<meta property=\"og:image:type\" content=\"image\/jpeg\" \/>\n<meta name=\"author\" content=\"Comunicaci\u00f3 Esplac\" \/>\n<meta name=\"twitter:card\" content=\"summary_large_image\" \/>\n<meta name=\"twitter:label1\" content=\"Written by\" \/>\n\t<meta name=\"twitter:data1\" content=\"Comunicaci\u00f3 Esplac\" \/>\n\t<meta name=\"twitter:label2\" content=\"Est. reading time\" \/>\n\t<meta name=\"twitter:data2\" content=\"2 minutes\" \/>\n<script type=\"application\/ld+json\" class=\"yoast-schema-graph\">{\"@context\":\"https:\\\/\\\/schema.org\",\"@graph\":[{\"@type\":\"Article\",\"@id\":\"https:\\\/\\\/www.esplac.cat\\\/training-course-esplac-navarra\\\/#article\",\"isPartOf\":{\"@id\":\"https:\\\/\\\/www.esplac.cat\\\/training-course-esplac-navarra\\\/\"},\"author\":{\"name\":\"Comunicaci\u00f3 Esplac\",\"@id\":\"https:\\\/\\\/www.esplac.cat\\\/#\\\/schema\\\/person\\\/908383cf240be18b68f8855d0583faca\"},\"headline\":\"S\u2019apropa el Training Course d\u2019Esplac, aquest any a Navarra!\",\"datePublished\":\"2024-05-20T07:00:01+00:00\",\"dateModified\":\"2024-05-22T08:42:47+00:00\",\"mainEntityOfPage\":{\"@id\":\"https:\\\/\\\/www.esplac.cat\\\/training-course-esplac-navarra\\\/\"},\"wordCount\":2472,\"publisher\":{\"@id\":\"https:\\\/\\\/www.esplac.cat\\\/#organization\"},\"image\":{\"@id\":\"https:\\\/\\\/www.esplac.cat\\\/training-course-esplac-navarra\\\/#primaryimage\"},\"thumbnailUrl\":\"https:\\\/\\\/www.esplac.cat\\\/wp-content\\\/uploads\\\/2024\\\/05\\\/Training-Course.jpg\",\"articleSection\":[\"Activitats esplac\",\"Esplac al m\u00f3n\"],\"inLanguage\":\"en-US\"},{\"@type\":\"WebPage\",\"@id\":\"https:\\\/\\\/www.esplac.cat\\\/training-course-esplac-navarra\\\/\",\"url\":\"https:\\\/\\\/www.esplac.cat\\\/training-course-esplac-navarra\\\/\",\"name\":\"S\u2019apropa el Training Course d\u2019Esplac, aquest any a Navarra! - Esplac\",\"isPartOf\":{\"@id\":\"https:\\\/\\\/www.esplac.cat\\\/#website\"},\"primaryImageOfPage\":{\"@id\":\"https:\\\/\\\/www.esplac.cat\\\/training-course-esplac-navarra\\\/#primaryimage\"},\"image\":{\"@id\":\"https:\\\/\\\/www.esplac.cat\\\/training-course-esplac-navarra\\\/#primaryimage\"},\"thumbnailUrl\":\"https:\\\/\\\/www.esplac.cat\\\/wp-content\\\/uploads\\\/2024\\\/05\\\/Training-Course.jpg\",\"datePublished\":\"2024-05-20T07:00:01+00:00\",\"dateModified\":\"2024-05-22T08:42:47+00:00\",\"description\":\"El dilluns 20 de maig obren les inscripcions pel Training Course, un intercanvi internacional a Navarra amb joves d\u2019arreu d\u2019Europa!\",\"breadcrumb\":{\"@id\":\"https:\\\/\\\/www.esplac.cat\\\/training-course-esplac-navarra\\\/#breadcrumb\"},\"inLanguage\":\"en-US\",\"potentialAction\":[{\"@type\":\"ReadAction\",\"target\":[\"https:\\\/\\\/www.esplac.cat\\\/training-course-esplac-navarra\\\/\"]}]},{\"@type\":\"ImageObject\",\"inLanguage\":\"en-US\",\"@id\":\"https:\\\/\\\/www.esplac.cat\\\/training-course-esplac-navarra\\\/#primaryimage\",\"url\":\"https:\\\/\\\/www.esplac.cat\\\/wp-content\\\/uploads\\\/2024\\\/05\\\/Training-Course.jpg\",\"contentUrl\":\"https:\\\/\\\/www.esplac.cat\\\/wp-content\\\/uploads\\\/2024\\\/05\\\/Training-Course.jpg\",\"width\":1697,\"height\":700,\"caption\":\"Training Course\"},{\"@type\":\"BreadcrumbList\",\"@id\":\"https:\\\/\\\/www.esplac.cat\\\/training-course-esplac-navarra\\\/#breadcrumb\",\"itemListElement\":[{\"@type\":\"ListItem\",\"position\":1,\"name\":\"Inici\",\"item\":\"https:\\\/\\\/www.esplac.cat\\\/en\\\/\"},{\"@type\":\"ListItem\",\"position\":2,\"name\":\"S\u2019apropa el Training Course d\u2019Esplac, aquest any a Navarra!\"}]},{\"@type\":\"WebSite\",\"@id\":\"https:\\\/\\\/www.esplac.cat\\\/#website\",\"url\":\"https:\\\/\\\/www.esplac.cat\\\/\",\"name\":\"Esplac\",\"description\":\"Esplais Catalans\",\"publisher\":{\"@id\":\"https:\\\/\\\/www.esplac.cat\\\/#organization\"},\"potentialAction\":[{\"@type\":\"SearchAction\",\"target\":{\"@type\":\"EntryPoint\",\"urlTemplate\":\"https:\\\/\\\/www.esplac.cat\\\/?s={search_term_string}\"},\"query-input\":{\"@type\":\"PropertyValueSpecification\",\"valueRequired\":true,\"valueName\":\"search_term_string\"}}],\"inLanguage\":\"en-US\"},{\"@type\":\"Organization\",\"@id\":\"https:\\\/\\\/www.esplac.cat\\\/#organization\",\"name\":\"Esplac\",\"url\":\"https:\\\/\\\/www.esplac.cat\\\/\",\"logo\":{\"@type\":\"ImageObject\",\"inLanguage\":\"en-US\",\"@id\":\"https:\\\/\\\/www.esplac.cat\\\/#\\\/schema\\\/logo\\\/image\\\/\",\"url\":\"https:\\\/\\\/www.esplac.cat\\\/wp-content\\\/uploads\\\/2019\\\/08\\\/logox2.png\",\"contentUrl\":\"https:\\\/\\\/www.esplac.cat\\\/wp-content\\\/uploads\\\/2019\\\/08\\\/logox2.png\",\"width\":600,\"height\":295,\"caption\":\"Esplac\"},\"image\":{\"@id\":\"https:\\\/\\\/www.esplac.cat\\\/#\\\/schema\\\/logo\\\/image\\\/\"}},{\"@type\":\"Person\",\"@id\":\"https:\\\/\\\/www.esplac.cat\\\/#\\\/schema\\\/person\\\/908383cf240be18b68f8855d0583faca\",\"name\":\"Comunicaci\u00f3 Esplac\",\"image\":{\"@type\":\"ImageObject\",\"inLanguage\":\"en-US\",\"@id\":\"https:\\\/\\\/secure.gravatar.com\\\/avatar\\\/7a4cf8feb412a76ea4a740ca02d95b06b2907b5a6c648c2dd0a1082a093c3141?s=96&d=mm&r=g\",\"url\":\"https:\\\/\\\/secure.gravatar.com\\\/avatar\\\/7a4cf8feb412a76ea4a740ca02d95b06b2907b5a6c648c2dd0a1082a093c3141?s=96&d=mm&r=g\",\"contentUrl\":\"https:\\\/\\\/secure.gravatar.com\\\/avatar\\\/7a4cf8feb412a76ea4a740ca02d95b06b2907b5a6c648c2dd0a1082a093c3141?s=96&d=mm&r=g\",\"caption\":\"Comunicaci\u00f3 Esplac\"}}]}<\/script>\n<!-- \/ Yoast SEO plugin. -->","yoast_head_json":{"title":"S\u2019apropa el Training Course d\u2019Esplac, aquest any a Navarra! - Esplac","description":"El dilluns 20 de maig obren les inscripcions pel Training Course, un intercanvi internacional a Navarra amb joves d\u2019arreu d\u2019Europa!","robots":{"index":"index","follow":"follow","max-snippet":"max-snippet:-1","max-image-preview":"max-image-preview:large","max-video-preview":"max-video-preview:-1"},"canonical":"https:\/\/www.esplac.cat\/training-course-esplac-navarra\/","og_locale":"en_US","og_type":"article","og_title":"S\u2019apropa el Training Course d\u2019Esplac, aquest any a Navarra! - Esplac","og_description":"El dilluns 20 de maig obren les inscripcions pel Training Course, un intercanvi internacional a Navarra amb joves d\u2019arreu d\u2019Europa!","og_url":"https:\/\/www.esplac.cat\/training-course-esplac-navarra\/","og_site_name":"Esplac","article_published_time":"2024-05-20T07:00:01+00:00","article_modified_time":"2024-05-22T08:42:47+00:00","og_image":[{"width":1697,"height":700,"url":"https:\/\/www.esplac.cat\/wp-content\/uploads\/2024\/05\/Training-Course.jpg","type":"image\/jpeg"}],"author":"Comunicaci\u00f3 Esplac","twitter_card":"summary_large_image","twitter_misc":{"Written by":"Comunicaci\u00f3 Esplac","Est. reading time":"2 minutes"},"schema":{"@context":"https:\/\/schema.org","@graph":[{"@type":"Article","@id":"https:\/\/www.esplac.cat\/training-course-esplac-navarra\/#article","isPartOf":{"@id":"https:\/\/www.esplac.cat\/training-course-esplac-navarra\/"},"author":{"name":"Comunicaci\u00f3 Esplac","@id":"https:\/\/www.esplac.cat\/#\/schema\/person\/908383cf240be18b68f8855d0583faca"},"headline":"S\u2019apropa el Training Course d\u2019Esplac, aquest any a Navarra!","datePublished":"2024-05-20T07:00:01+00:00","dateModified":"2024-05-22T08:42:47+00:00","mainEntityOfPage":{"@id":"https:\/\/www.esplac.cat\/training-course-esplac-navarra\/"},"wordCount":2472,"publisher":{"@id":"https:\/\/www.esplac.cat\/#organization"},"image":{"@id":"https:\/\/www.esplac.cat\/training-course-esplac-navarra\/#primaryimage"},"thumbnailUrl":"https:\/\/www.esplac.cat\/wp-content\/uploads\/2024\/05\/Training-Course.jpg","articleSection":["Activitats esplac","Esplac al m\u00f3n"],"inLanguage":"en-US"},{"@type":"WebPage","@id":"https:\/\/www.esplac.cat\/training-course-esplac-navarra\/","url":"https:\/\/www.esplac.cat\/training-course-esplac-navarra\/","name":"S\u2019apropa el Training Course d\u2019Esplac, aquest any a Navarra! - Esplac","isPartOf":{"@id":"https:\/\/www.esplac.cat\/#website"},"primaryImageOfPage":{"@id":"https:\/\/www.esplac.cat\/training-course-esplac-navarra\/#primaryimage"},"image":{"@id":"https:\/\/www.esplac.cat\/training-course-esplac-navarra\/#primaryimage"},"thumbnailUrl":"https:\/\/www.esplac.cat\/wp-content\/uploads\/2024\/05\/Training-Course.jpg","datePublished":"2024-05-20T07:00:01+00:00","dateModified":"2024-05-22T08:42:47+00:00","description":"El dilluns 20 de maig obren les inscripcions pel Training Course, un intercanvi internacional a Navarra amb joves d\u2019arreu d\u2019Europa!","breadcrumb":{"@id":"https:\/\/www.esplac.cat\/training-course-esplac-navarra\/#breadcrumb"},"inLanguage":"en-US","potentialAction":[{"@type":"ReadAction","target":["https:\/\/www.esplac.cat\/training-course-esplac-navarra\/"]}]},{"@type":"ImageObject","inLanguage":"en-US","@id":"https:\/\/www.esplac.cat\/training-course-esplac-navarra\/#primaryimage","url":"https:\/\/www.esplac.cat\/wp-content\/uploads\/2024\/05\/Training-Course.jpg","contentUrl":"https:\/\/www.esplac.cat\/wp-content\/uploads\/2024\/05\/Training-Course.jpg","width":1697,"height":700,"caption":"Training Course"},{"@type":"BreadcrumbList","@id":"https:\/\/www.esplac.cat\/training-course-esplac-navarra\/#breadcrumb","itemListElement":[{"@type":"ListItem","position":1,"name":"Inici","item":"https:\/\/www.esplac.cat\/en\/"},{"@type":"ListItem","position":2,"name":"S\u2019apropa el Training Course d\u2019Esplac, aquest any a Navarra!"}]},{"@type":"WebSite","@id":"https:\/\/www.esplac.cat\/#website","url":"https:\/\/www.esplac.cat\/","name":"Esplac","description":"Esplais Catalans","publisher":{"@id":"https:\/\/www.esplac.cat\/#organization"},"potentialAction":[{"@type":"SearchAction","target":{"@type":"EntryPoint","urlTemplate":"https:\/\/www.esplac.cat\/?s={search_term_string}"},"query-input":{"@type":"PropertyValueSpecification","valueRequired":true,"valueName":"search_term_string"}}],"inLanguage":"en-US"},{"@type":"Organization","@id":"https:\/\/www.esplac.cat\/#organization","name":"Esplac","url":"https:\/\/www.esplac.cat\/","logo":{"@type":"ImageObject","inLanguage":"en-US","@id":"https:\/\/www.esplac.cat\/#\/schema\/logo\/image\/","url":"https:\/\/www.esplac.cat\/wp-content\/uploads\/2019\/08\/logox2.png","contentUrl":"https:\/\/www.esplac.cat\/wp-content\/uploads\/2019\/08\/logox2.png","width":600,"height":295,"caption":"Esplac"},"image":{"@id":"https:\/\/www.esplac.cat\/#\/schema\/logo\/image\/"}},{"@type":"Person","@id":"https:\/\/www.esplac.cat\/#\/schema\/person\/908383cf240be18b68f8855d0583faca","name":"Comunicaci\u00f3 Esplac","image":{"@type":"ImageObject","inLanguage":"en-US","@id":"https:\/\/secure.gravatar.com\/avatar\/7a4cf8feb412a76ea4a740ca02d95b06b2907b5a6c648c2dd0a1082a093c3141?s=96&d=mm&r=g","url":"https:\/\/secure.gravatar.com\/avatar\/7a4cf8feb412a76ea4a740ca02d95b06b2907b5a6c648c2dd0a1082a093c3141?s=96&d=mm&r=g","contentUrl":"https:\/\/secure.gravatar.com\/avatar\/7a4cf8feb412a76ea4a740ca02d95b06b2907b5a6c648c2dd0a1082a093c3141?s=96&d=mm&r=g","caption":"Comunicaci\u00f3 Esplac"}}]}},"_links":{"self":[{"href":"https:\/\/www.esplac.cat\/en\/wp-json\/wp\/v2\/posts\/50016","targetHints":{"allow":["GET"]}}],"collection":[{"href":"https:\/\/www.esplac.cat\/en\/wp-json\/wp\/v2\/posts"}],"about":[{"href":"https:\/\/www.esplac.cat\/en\/wp-json\/wp\/v2\/types\/post"}],"author":[{"embeddable":true,"href":"https:\/\/www.esplac.cat\/en\/wp-json\/wp\/v2\/users\/3"}],"replies":[{"embeddable":true,"href":"https:\/\/www.esplac.cat\/en\/wp-json\/wp\/v2\/comments?post=50016"}],"version-history":[{"count":7,"href":"https:\/\/www.esplac.cat\/en\/wp-json\/wp\/v2\/posts\/50016\/revisions"}],"predecessor-version":[{"id":50090,"href":"https:\/\/www.esplac.cat\/en\/wp-json\/wp\/v2\/posts\/50016\/revisions\/50090"}],"wp:featuredmedia":[{"embeddable":true,"href":"https:\/\/www.esplac.cat\/en\/wp-json\/wp\/v2\/media\/50044"}],"wp:attachment":[{"href":"https:\/\/www.esplac.cat\/en\/wp-json\/wp\/v2\/media?parent=50016"}],"wp:term":[{"taxonomy":"category","embeddable":true,"href":"https:\/\/www.esplac.cat\/en\/wp-json\/wp\/v2\/categories?post=50016"},{"taxonomy":"post_tag","embeddable":true,"href":"https:\/\/www.esplac.cat\/en\/wp-json\/wp\/v2\/tags?post=50016"}],"curies":[{"name":"wp","href":"https:\/\/api.w.org\/{rel}","templated":true}]}}