{"id":50136,"date":"2024-05-27T09:38:02","date_gmt":"2024-05-27T07:38:02","guid":{"rendered":"https:\/\/www.esplac.cat\/?p=50136"},"modified":"2024-05-28T13:25:45","modified_gmt":"2024-05-28T11:25:45","slug":"lassociacionisme-educatiu-ens-reunim-el-proxim-1-de-juny-en-la-mobilitzacio-unitaria-salvemelscampaments","status":"publish","type":"post","link":"https:\/\/www.esplac.cat\/en\/lassociacionisme-educatiu-ens-reunim-el-proxim-1-de-juny-en-la-mobilitzacio-unitaria-salvemelscampaments\/","title":{"rendered":"L&#8217;associacionisme educatiu ens reunim el pr\u00f2xim 1 de juny en la mobilitzaci\u00f3 unit\u00e0ria #SalvemElsCampaments"},"content":{"rendered":"<div class=\"fusion-fullwidth fullwidth-box fusion-builder-row-1 fusion-flex-container nonhundred-percent-fullwidth non-hundred-percent-height-scrolling\" style=\"--awb-border-radius-top-left:0px;--awb-border-radius-top-right:0px;--awb-border-radius-bottom-right:0px;--awb-border-radius-bottom-left:0px;--awb-flex-wrap:wrap;\" ><div class=\"fusion-builder-row fusion-row fusion-flex-align-items-flex-start fusion-flex-content-wrap\" style=\"max-width:1248px;margin-left: calc(-4% \/ 2 );margin-right: calc(-4% \/ 2 );\"><div class=\"fusion-layout-column fusion_builder_column fusion-builder-column-0 fusion_builder_column_1_1 1_1 fusion-flex-column\" style=\"--awb-bg-size:cover;--awb-width-large:100%;--awb-margin-top-large:0px;--awb-spacing-right-large:1.92%;--awb-margin-bottom-large:0px;--awb-spacing-left-large:1.92%;--awb-width-medium:100%;--awb-spacing-right-medium:1.92%;--awb-spacing-left-medium:1.92%;--awb-width-small:100%;--awb-spacing-right-small:1.92%;--awb-spacing-left-small:1.92%;\"><div class=\"fusion-column-wrapper fusion-flex-justify-content-flex-start fusion-content-layout-column\"><div class=\"fusion-text fusion-text-1\"><h6><strong><span style=\"font-style: inherit;\">Esplais Catalans i les entitats d&#8217;associacionisme educatiu ens mobilitzem el pr\u00f2xim 1 de juny per reclamar solucions en les afectacions dels terrenys d&#8217;acampada i les activitats d&#8217;estiu<\/span><\/strong><\/h6>\n<p>Esplais Catalans, conjuntament amb la resta d\u2019entitats d\u2018associacionisme educatiu voluntari i de transformaci\u00f3 social, <strong>convoquem una mobilitzaci\u00f3 el pr\u00f2xim dissabte 1 de juny<\/strong> per exigir solucions respecte a la problem\u00e0tica dels terrenys d\u2019acampada.<\/p>\n<p>A dos mesos de l\u2019inici de la campanya d\u2019estiu, l\u2019Ag\u00e8ncia Catalana de l\u2019Aigua (ACA) ha confirmat que cal tancar 79 dels 156 terrenys d\u2019acampada per manca d\u2019autoritzaci\u00f3, af<strong>ectant els campaments de 12.000 infants i joves arreu de Catalunya<\/strong>. No \u00e9s un cas a\u00efllat, des de la Covid-19 caus i esplais ens hem trobat amb una burocratitzaci\u00f3 de la nostra tasca i traves administratives que posen en perill els nostres campaments, col\u00f2nies i rutes a la natura i l\u2019aire lliure.<\/p>\n<p>Per aquest motiu, esplais i caus fem una crida a la mobilitzaci\u00f3 el pr\u00f2xim dissabte 1 de juny, per tal d\u2019exigir solucions que resolguin la problem\u00e0tica amb els terrenys d\u2019acampada! Sortim al carrer per demanar respecte, escolta i reconeixement a la tasca de l\u2019associacionisme educatiu voluntari i transformador.<\/p>\n<p><img decoding=\"async\" class=\"wp-image-50137 size-large aligncenter\" src=\"https:\/\/www.esplac.cat\/wp-content\/uploads\/2024\/05\/EDIT_Cartell_Salvem_campaments_blau_2-724x1024.png\" alt=\"\" width=\"724\" height=\"1024\" srcset=\"https:\/\/www.esplac.cat\/wp-content\/uploads\/2024\/05\/EDIT_Cartell_Salvem_campaments_blau_2-200x283.png 200w, https:\/\/www.esplac.cat\/wp-content\/uploads\/2024\/05\/EDIT_Cartell_Salvem_campaments_blau_2-212x300.png 212w, https:\/\/www.esplac.cat\/wp-content\/uploads\/2024\/05\/EDIT_Cartell_Salvem_campaments_blau_2-400x566.png 400w, https:\/\/www.esplac.cat\/wp-content\/uploads\/2024\/05\/EDIT_Cartell_Salvem_campaments_blau_2-600x849.png 600w, https:\/\/www.esplac.cat\/wp-content\/uploads\/2024\/05\/EDIT_Cartell_Salvem_campaments_blau_2-724x1024.png 724w, https:\/\/www.esplac.cat\/wp-content\/uploads\/2024\/05\/EDIT_Cartell_Salvem_campaments_blau_2-768x1086.png 768w, https:\/\/www.esplac.cat\/wp-content\/uploads\/2024\/05\/EDIT_Cartell_Salvem_campaments_blau_2-800x1132.png 800w, https:\/\/www.esplac.cat\/wp-content\/uploads\/2024\/05\/EDIT_Cartell_Salvem_campaments_blau_2-1086x1536.png 1086w, https:\/\/www.esplac.cat\/wp-content\/uploads\/2024\/05\/EDIT_Cartell_Salvem_campaments_blau_2-1200x1697.png 1200w, https:\/\/www.esplac.cat\/wp-content\/uploads\/2024\/05\/EDIT_Cartell_Salvem_campaments_blau_2-1448x2048.png 1448w\" sizes=\"(max-width: 724px) 100vw, 724px\" \/><\/p>\n<p style=\"font-weight: inherit; font-style: inherit;\"><b>MOBILITZACIONS PREVISTES 1 DE JUNY<\/b><\/p>\n<ul>\n<li><strong>Cau i esplai matinal! <\/strong>Esplais i caus ens reunim arreu del territori per ocupar l&#8217;espai p\u00fablic i que se&#8217;ns vegi! <em><em>Concentracions deslocalitzades, 1 de juny al mat\u00ed.<\/em><\/em><\/li>\n<li><strong>Manifestaci\u00f3 unit\u00e0ria #SalvemElsCampaments <\/strong>de l\u2019associacionisme educatiu. <em>Pla\u00e7a Tetuan, 17:30h.<\/em><\/li>\n<\/ul>\n<blockquote class=\"twitter-tweet\">\n<p dir=\"ltr\" lang=\"ca\"><a href=\"https:\/\/twitter.com\/hashtag\/SalvemElsCampaments?src=hash&amp;ref_src=twsrc%5Etfw\">#SalvemElsCampaments<\/a> | MANIFESTACI\u00d3 UNIT\u00c0RIA ASSOCIACIONISME EDUCATIU &#8211; DISSABTE 1 DE JUNY\u2757<a href=\"https:\/\/twitter.com\/EscoltesiGuies?ref_src=twsrc%5Etfw\">@EscoltesiGuies<\/a> <a href=\"https:\/\/twitter.com\/EscoltesCat?ref_src=twsrc%5Etfw\">@EscoltesCat<\/a> <a href=\"https:\/\/twitter.com\/AccioEscolta?ref_src=twsrc%5Etfw\">@AccioEscolta<\/a> <a href=\"https:\/\/twitter.com\/esplaisMCECC?ref_src=twsrc%5Etfw\">@esplaisMCECC<\/a> <a href=\"https:\/\/twitter.com\/CNJCat?ref_src=twsrc%5Etfw\">@CNJCat<\/a> <a href=\"https:\/\/t.co\/pH0yT4NKCK\">pic.twitter.com\/pH0yT4NKCK<\/a><\/p>\n<p>\u2014 Esplais Catalans (Esplac) (@esplaiscatalans) <a href=\"https:\/\/twitter.com\/esplaiscatalans\/status\/1794045778769432924?ref_src=twsrc%5Etfw\">May 24, 2024<\/a><\/p>\n<\/blockquote>\n<p><script async src=\"https:\/\/platform.twitter.com\/widgets.js\" charset=\"utf-8\"><\/script><\/p>\n<\/div><\/div><\/div><\/div><\/div>\n","protected":false},"excerpt":{"rendered":"","protected":false},"author":3,"featured_media":50164,"comment_status":"closed","ping_status":"closed","sticky":false,"template":"","format":"standard","meta":{"om_disable_all_campaigns":false,"_monsterinsights_skip_tracking":false,"_monsterinsights_sitenote_active":false,"_monsterinsights_sitenote_note":"","_monsterinsights_sitenote_category":0,"_uf_show_specific_survey":0,"_uf_disable_surveys":false,"footnotes":""},"categories":[1111,1],"tags":[],"class_list":["post-50136","post","type-post","status-publish","format-standard","has-post-thumbnail","hentry","category-activitats-esplac","category-sense-categoria"],"yoast_head":"<!-- This site is optimized with the Yoast SEO plugin v27.5 - https:\/\/yoast.com\/product\/yoast-seo-wordpress\/ -->\n<title>L&#039;associacionisme educatiu ens reunim el pr\u00f2xim 1 de juny en la mobilitzaci\u00f3 unit\u00e0ria #SalvemElsCampaments - Esplac<\/title>\n<meta name=\"robots\" content=\"index, follow, max-snippet:-1, max-image-preview:large, max-video-preview:-1\" \/>\n<link rel=\"canonical\" href=\"https:\/\/www.esplac.cat\/lassociacionisme-educatiu-ens-reunim-el-proxim-1-de-juny-en-la-mobilitzacio-unitaria-salvemelscampaments\/\" \/>\n<meta property=\"og:locale\" content=\"en_US\" \/>\n<meta property=\"og:type\" content=\"article\" \/>\n<meta property=\"og:title\" content=\"L&#039;associacionisme educatiu ens reunim el pr\u00f2xim 1 de juny en la mobilitzaci\u00f3 unit\u00e0ria #SalvemElsCampaments - Esplac\" \/>\n<meta property=\"og:url\" content=\"https:\/\/www.esplac.cat\/lassociacionisme-educatiu-ens-reunim-el-proxim-1-de-juny-en-la-mobilitzacio-unitaria-salvemelscampaments\/\" \/>\n<meta property=\"og:site_name\" content=\"Esplac\" \/>\n<meta property=\"article:published_time\" content=\"2024-05-27T07:38:02+00:00\" \/>\n<meta property=\"article:modified_time\" content=\"2024-05-28T11:25:45+00:00\" \/>\n<meta property=\"og:image\" content=\"https:\/\/www.esplac.cat\/wp-content\/uploads\/2024\/05\/1JUNY_MANI_SALVEMCAMPAS.jpg\" \/>\n\t<meta property=\"og:image:width\" content=\"1697\" \/>\n\t<meta property=\"og:image:height\" content=\"700\" \/>\n\t<meta property=\"og:image:type\" content=\"image\/jpeg\" \/>\n<meta name=\"author\" content=\"Comunicaci\u00f3 Esplac\" \/>\n<meta name=\"twitter:card\" content=\"summary_large_image\" \/>\n<meta name=\"twitter:label1\" content=\"Written by\" \/>\n\t<meta name=\"twitter:data1\" content=\"Comunicaci\u00f3 Esplac\" \/>\n\t<meta name=\"twitter:label2\" content=\"Est. reading time\" \/>\n\t<meta name=\"twitter:data2\" content=\"2 minutes\" \/>\n<script type=\"application\/ld+json\" class=\"yoast-schema-graph\">{\"@context\":\"https:\\\/\\\/schema.org\",\"@graph\":[{\"@type\":\"Article\",\"@id\":\"https:\\\/\\\/www.esplac.cat\\\/lassociacionisme-educatiu-ens-reunim-el-proxim-1-de-juny-en-la-mobilitzacio-unitaria-salvemelscampaments\\\/#article\",\"isPartOf\":{\"@id\":\"https:\\\/\\\/www.esplac.cat\\\/lassociacionisme-educatiu-ens-reunim-el-proxim-1-de-juny-en-la-mobilitzacio-unitaria-salvemelscampaments\\\/\"},\"author\":{\"name\":\"Comunicaci\u00f3 Esplac\",\"@id\":\"https:\\\/\\\/www.esplac.cat\\\/#\\\/schema\\\/person\\\/908383cf240be18b68f8855d0583faca\"},\"headline\":\"L&#8217;associacionisme educatiu ens reunim el pr\u00f2xim 1 de juny en la mobilitzaci\u00f3 unit\u00e0ria #SalvemElsCampaments\",\"datePublished\":\"2024-05-27T07:38:02+00:00\",\"dateModified\":\"2024-05-28T11:25:45+00:00\",\"mainEntityOfPage\":{\"@id\":\"https:\\\/\\\/www.esplac.cat\\\/lassociacionisme-educatiu-ens-reunim-el-proxim-1-de-juny-en-la-mobilitzacio-unitaria-salvemelscampaments\\\/\"},\"wordCount\":463,\"publisher\":{\"@id\":\"https:\\\/\\\/www.esplac.cat\\\/#organization\"},\"image\":{\"@id\":\"https:\\\/\\\/www.esplac.cat\\\/lassociacionisme-educatiu-ens-reunim-el-proxim-1-de-juny-en-la-mobilitzacio-unitaria-salvemelscampaments\\\/#primaryimage\"},\"thumbnailUrl\":\"https:\\\/\\\/www.esplac.cat\\\/wp-content\\\/uploads\\\/2024\\\/05\\\/1JUNY_MANI_SALVEMCAMPAS.jpg\",\"articleSection\":[\"Activitats esplac\",\"Sense categoria\"],\"inLanguage\":\"en-US\"},{\"@type\":\"WebPage\",\"@id\":\"https:\\\/\\\/www.esplac.cat\\\/lassociacionisme-educatiu-ens-reunim-el-proxim-1-de-juny-en-la-mobilitzacio-unitaria-salvemelscampaments\\\/\",\"url\":\"https:\\\/\\\/www.esplac.cat\\\/lassociacionisme-educatiu-ens-reunim-el-proxim-1-de-juny-en-la-mobilitzacio-unitaria-salvemelscampaments\\\/\",\"name\":\"L'associacionisme educatiu ens reunim el pr\u00f2xim 1 de juny en la mobilitzaci\u00f3 unit\u00e0ria #SalvemElsCampaments - Esplac\",\"isPartOf\":{\"@id\":\"https:\\\/\\\/www.esplac.cat\\\/#website\"},\"primaryImageOfPage\":{\"@id\":\"https:\\\/\\\/www.esplac.cat\\\/lassociacionisme-educatiu-ens-reunim-el-proxim-1-de-juny-en-la-mobilitzacio-unitaria-salvemelscampaments\\\/#primaryimage\"},\"image\":{\"@id\":\"https:\\\/\\\/www.esplac.cat\\\/lassociacionisme-educatiu-ens-reunim-el-proxim-1-de-juny-en-la-mobilitzacio-unitaria-salvemelscampaments\\\/#primaryimage\"},\"thumbnailUrl\":\"https:\\\/\\\/www.esplac.cat\\\/wp-content\\\/uploads\\\/2024\\\/05\\\/1JUNY_MANI_SALVEMCAMPAS.jpg\",\"datePublished\":\"2024-05-27T07:38:02+00:00\",\"dateModified\":\"2024-05-28T11:25:45+00:00\",\"breadcrumb\":{\"@id\":\"https:\\\/\\\/www.esplac.cat\\\/lassociacionisme-educatiu-ens-reunim-el-proxim-1-de-juny-en-la-mobilitzacio-unitaria-salvemelscampaments\\\/#breadcrumb\"},\"inLanguage\":\"en-US\",\"potentialAction\":[{\"@type\":\"ReadAction\",\"target\":[\"https:\\\/\\\/www.esplac.cat\\\/lassociacionisme-educatiu-ens-reunim-el-proxim-1-de-juny-en-la-mobilitzacio-unitaria-salvemelscampaments\\\/\"]}]},{\"@type\":\"ImageObject\",\"inLanguage\":\"en-US\",\"@id\":\"https:\\\/\\\/www.esplac.cat\\\/lassociacionisme-educatiu-ens-reunim-el-proxim-1-de-juny-en-la-mobilitzacio-unitaria-salvemelscampaments\\\/#primaryimage\",\"url\":\"https:\\\/\\\/www.esplac.cat\\\/wp-content\\\/uploads\\\/2024\\\/05\\\/1JUNY_MANI_SALVEMCAMPAS.jpg\",\"contentUrl\":\"https:\\\/\\\/www.esplac.cat\\\/wp-content\\\/uploads\\\/2024\\\/05\\\/1JUNY_MANI_SALVEMCAMPAS.jpg\",\"width\":1697,\"height\":700},{\"@type\":\"BreadcrumbList\",\"@id\":\"https:\\\/\\\/www.esplac.cat\\\/lassociacionisme-educatiu-ens-reunim-el-proxim-1-de-juny-en-la-mobilitzacio-unitaria-salvemelscampaments\\\/#breadcrumb\",\"itemListElement\":[{\"@type\":\"ListItem\",\"position\":1,\"name\":\"Inici\",\"item\":\"https:\\\/\\\/www.esplac.cat\\\/en\\\/\"},{\"@type\":\"ListItem\",\"position\":2,\"name\":\"L&#8217;associacionisme educatiu ens reunim el pr\u00f2xim 1 de juny en la mobilitzaci\u00f3 unit\u00e0ria #SalvemElsCampaments\"}]},{\"@type\":\"WebSite\",\"@id\":\"https:\\\/\\\/www.esplac.cat\\\/#website\",\"url\":\"https:\\\/\\\/www.esplac.cat\\\/\",\"name\":\"Esplac\",\"description\":\"Esplais Catalans\",\"publisher\":{\"@id\":\"https:\\\/\\\/www.esplac.cat\\\/#organization\"},\"potentialAction\":[{\"@type\":\"SearchAction\",\"target\":{\"@type\":\"EntryPoint\",\"urlTemplate\":\"https:\\\/\\\/www.esplac.cat\\\/?s={search_term_string}\"},\"query-input\":{\"@type\":\"PropertyValueSpecification\",\"valueRequired\":true,\"valueName\":\"search_term_string\"}}],\"inLanguage\":\"en-US\"},{\"@type\":\"Organization\",\"@id\":\"https:\\\/\\\/www.esplac.cat\\\/#organization\",\"name\":\"Esplac\",\"url\":\"https:\\\/\\\/www.esplac.cat\\\/\",\"logo\":{\"@type\":\"ImageObject\",\"inLanguage\":\"en-US\",\"@id\":\"https:\\\/\\\/www.esplac.cat\\\/#\\\/schema\\\/logo\\\/image\\\/\",\"url\":\"https:\\\/\\\/www.esplac.cat\\\/wp-content\\\/uploads\\\/2019\\\/08\\\/logox2.png\",\"contentUrl\":\"https:\\\/\\\/www.esplac.cat\\\/wp-content\\\/uploads\\\/2019\\\/08\\\/logox2.png\",\"width\":600,\"height\":295,\"caption\":\"Esplac\"},\"image\":{\"@id\":\"https:\\\/\\\/www.esplac.cat\\\/#\\\/schema\\\/logo\\\/image\\\/\"}},{\"@type\":\"Person\",\"@id\":\"https:\\\/\\\/www.esplac.cat\\\/#\\\/schema\\\/person\\\/908383cf240be18b68f8855d0583faca\",\"name\":\"Comunicaci\u00f3 Esplac\",\"image\":{\"@type\":\"ImageObject\",\"inLanguage\":\"en-US\",\"@id\":\"https:\\\/\\\/secure.gravatar.com\\\/avatar\\\/7a4cf8feb412a76ea4a740ca02d95b06b2907b5a6c648c2dd0a1082a093c3141?s=96&d=mm&r=g\",\"url\":\"https:\\\/\\\/secure.gravatar.com\\\/avatar\\\/7a4cf8feb412a76ea4a740ca02d95b06b2907b5a6c648c2dd0a1082a093c3141?s=96&d=mm&r=g\",\"contentUrl\":\"https:\\\/\\\/secure.gravatar.com\\\/avatar\\\/7a4cf8feb412a76ea4a740ca02d95b06b2907b5a6c648c2dd0a1082a093c3141?s=96&d=mm&r=g\",\"caption\":\"Comunicaci\u00f3 Esplac\"}}]}<\/script>\n<!-- \/ Yoast SEO plugin. -->","yoast_head_json":{"title":"L'associacionisme educatiu ens reunim el pr\u00f2xim 1 de juny en la mobilitzaci\u00f3 unit\u00e0ria #SalvemElsCampaments - Esplac","robots":{"index":"index","follow":"follow","max-snippet":"max-snippet:-1","max-image-preview":"max-image-preview:large","max-video-preview":"max-video-preview:-1"},"canonical":"https:\/\/www.esplac.cat\/lassociacionisme-educatiu-ens-reunim-el-proxim-1-de-juny-en-la-mobilitzacio-unitaria-salvemelscampaments\/","og_locale":"en_US","og_type":"article","og_title":"L'associacionisme educatiu ens reunim el pr\u00f2xim 1 de juny en la mobilitzaci\u00f3 unit\u00e0ria #SalvemElsCampaments - Esplac","og_url":"https:\/\/www.esplac.cat\/lassociacionisme-educatiu-ens-reunim-el-proxim-1-de-juny-en-la-mobilitzacio-unitaria-salvemelscampaments\/","og_site_name":"Esplac","article_published_time":"2024-05-27T07:38:02+00:00","article_modified_time":"2024-05-28T11:25:45+00:00","og_image":[{"width":1697,"height":700,"url":"https:\/\/www.esplac.cat\/wp-content\/uploads\/2024\/05\/1JUNY_MANI_SALVEMCAMPAS.jpg","type":"image\/jpeg"}],"author":"Comunicaci\u00f3 Esplac","twitter_card":"summary_large_image","twitter_misc":{"Written by":"Comunicaci\u00f3 Esplac","Est. reading time":"2 minutes"},"schema":{"@context":"https:\/\/schema.org","@graph":[{"@type":"Article","@id":"https:\/\/www.esplac.cat\/lassociacionisme-educatiu-ens-reunim-el-proxim-1-de-juny-en-la-mobilitzacio-unitaria-salvemelscampaments\/#article","isPartOf":{"@id":"https:\/\/www.esplac.cat\/lassociacionisme-educatiu-ens-reunim-el-proxim-1-de-juny-en-la-mobilitzacio-unitaria-salvemelscampaments\/"},"author":{"name":"Comunicaci\u00f3 Esplac","@id":"https:\/\/www.esplac.cat\/#\/schema\/person\/908383cf240be18b68f8855d0583faca"},"headline":"L&#8217;associacionisme educatiu ens reunim el pr\u00f2xim 1 de juny en la mobilitzaci\u00f3 unit\u00e0ria #SalvemElsCampaments","datePublished":"2024-05-27T07:38:02+00:00","dateModified":"2024-05-28T11:25:45+00:00","mainEntityOfPage":{"@id":"https:\/\/www.esplac.cat\/lassociacionisme-educatiu-ens-reunim-el-proxim-1-de-juny-en-la-mobilitzacio-unitaria-salvemelscampaments\/"},"wordCount":463,"publisher":{"@id":"https:\/\/www.esplac.cat\/#organization"},"image":{"@id":"https:\/\/www.esplac.cat\/lassociacionisme-educatiu-ens-reunim-el-proxim-1-de-juny-en-la-mobilitzacio-unitaria-salvemelscampaments\/#primaryimage"},"thumbnailUrl":"https:\/\/www.esplac.cat\/wp-content\/uploads\/2024\/05\/1JUNY_MANI_SALVEMCAMPAS.jpg","articleSection":["Activitats esplac","Sense categoria"],"inLanguage":"en-US"},{"@type":"WebPage","@id":"https:\/\/www.esplac.cat\/lassociacionisme-educatiu-ens-reunim-el-proxim-1-de-juny-en-la-mobilitzacio-unitaria-salvemelscampaments\/","url":"https:\/\/www.esplac.cat\/lassociacionisme-educatiu-ens-reunim-el-proxim-1-de-juny-en-la-mobilitzacio-unitaria-salvemelscampaments\/","name":"L'associacionisme educatiu ens reunim el pr\u00f2xim 1 de juny en la mobilitzaci\u00f3 unit\u00e0ria #SalvemElsCampaments - Esplac","isPartOf":{"@id":"https:\/\/www.esplac.cat\/#website"},"primaryImageOfPage":{"@id":"https:\/\/www.esplac.cat\/lassociacionisme-educatiu-ens-reunim-el-proxim-1-de-juny-en-la-mobilitzacio-unitaria-salvemelscampaments\/#primaryimage"},"image":{"@id":"https:\/\/www.esplac.cat\/lassociacionisme-educatiu-ens-reunim-el-proxim-1-de-juny-en-la-mobilitzacio-unitaria-salvemelscampaments\/#primaryimage"},"thumbnailUrl":"https:\/\/www.esplac.cat\/wp-content\/uploads\/2024\/05\/1JUNY_MANI_SALVEMCAMPAS.jpg","datePublished":"2024-05-27T07:38:02+00:00","dateModified":"2024-05-28T11:25:45+00:00","breadcrumb":{"@id":"https:\/\/www.esplac.cat\/lassociacionisme-educatiu-ens-reunim-el-proxim-1-de-juny-en-la-mobilitzacio-unitaria-salvemelscampaments\/#breadcrumb"},"inLanguage":"en-US","potentialAction":[{"@type":"ReadAction","target":["https:\/\/www.esplac.cat\/lassociacionisme-educatiu-ens-reunim-el-proxim-1-de-juny-en-la-mobilitzacio-unitaria-salvemelscampaments\/"]}]},{"@type":"ImageObject","inLanguage":"en-US","@id":"https:\/\/www.esplac.cat\/lassociacionisme-educatiu-ens-reunim-el-proxim-1-de-juny-en-la-mobilitzacio-unitaria-salvemelscampaments\/#primaryimage","url":"https:\/\/www.esplac.cat\/wp-content\/uploads\/2024\/05\/1JUNY_MANI_SALVEMCAMPAS.jpg","contentUrl":"https:\/\/www.esplac.cat\/wp-content\/uploads\/2024\/05\/1JUNY_MANI_SALVEMCAMPAS.jpg","width":1697,"height":700},{"@type":"BreadcrumbList","@id":"https:\/\/www.esplac.cat\/lassociacionisme-educatiu-ens-reunim-el-proxim-1-de-juny-en-la-mobilitzacio-unitaria-salvemelscampaments\/#breadcrumb","itemListElement":[{"@type":"ListItem","position":1,"name":"Inici","item":"https:\/\/www.esplac.cat\/en\/"},{"@type":"ListItem","position":2,"name":"L&#8217;associacionisme educatiu ens reunim el pr\u00f2xim 1 de juny en la mobilitzaci\u00f3 unit\u00e0ria #SalvemElsCampaments"}]},{"@type":"WebSite","@id":"https:\/\/www.esplac.cat\/#website","url":"https:\/\/www.esplac.cat\/","name":"Esplac","description":"Esplais Catalans","publisher":{"@id":"https:\/\/www.esplac.cat\/#organization"},"potentialAction":[{"@type":"SearchAction","target":{"@type":"EntryPoint","urlTemplate":"https:\/\/www.esplac.cat\/?s={search_term_string}"},"query-input":{"@type":"PropertyValueSpecification","valueRequired":true,"valueName":"search_term_string"}}],"inLanguage":"en-US"},{"@type":"Organization","@id":"https:\/\/www.esplac.cat\/#organization","name":"Esplac","url":"https:\/\/www.esplac.cat\/","logo":{"@type":"ImageObject","inLanguage":"en-US","@id":"https:\/\/www.esplac.cat\/#\/schema\/logo\/image\/","url":"https:\/\/www.esplac.cat\/wp-content\/uploads\/2019\/08\/logox2.png","contentUrl":"https:\/\/www.esplac.cat\/wp-content\/uploads\/2019\/08\/logox2.png","width":600,"height":295,"caption":"Esplac"},"image":{"@id":"https:\/\/www.esplac.cat\/#\/schema\/logo\/image\/"}},{"@type":"Person","@id":"https:\/\/www.esplac.cat\/#\/schema\/person\/908383cf240be18b68f8855d0583faca","name":"Comunicaci\u00f3 Esplac","image":{"@type":"ImageObject","inLanguage":"en-US","@id":"https:\/\/secure.gravatar.com\/avatar\/7a4cf8feb412a76ea4a740ca02d95b06b2907b5a6c648c2dd0a1082a093c3141?s=96&d=mm&r=g","url":"https:\/\/secure.gravatar.com\/avatar\/7a4cf8feb412a76ea4a740ca02d95b06b2907b5a6c648c2dd0a1082a093c3141?s=96&d=mm&r=g","contentUrl":"https:\/\/secure.gravatar.com\/avatar\/7a4cf8feb412a76ea4a740ca02d95b06b2907b5a6c648c2dd0a1082a093c3141?s=96&d=mm&r=g","caption":"Comunicaci\u00f3 Esplac"}}]}},"_links":{"self":[{"href":"https:\/\/www.esplac.cat\/en\/wp-json\/wp\/v2\/posts\/50136","targetHints":{"allow":["GET"]}}],"collection":[{"href":"https:\/\/www.esplac.cat\/en\/wp-json\/wp\/v2\/posts"}],"about":[{"href":"https:\/\/www.esplac.cat\/en\/wp-json\/wp\/v2\/types\/post"}],"author":[{"embeddable":true,"href":"https:\/\/www.esplac.cat\/en\/wp-json\/wp\/v2\/users\/3"}],"replies":[{"embeddable":true,"href":"https:\/\/www.esplac.cat\/en\/wp-json\/wp\/v2\/comments?post=50136"}],"version-history":[{"count":6,"href":"https:\/\/www.esplac.cat\/en\/wp-json\/wp\/v2\/posts\/50136\/revisions"}],"predecessor-version":[{"id":50167,"href":"https:\/\/www.esplac.cat\/en\/wp-json\/wp\/v2\/posts\/50136\/revisions\/50167"}],"wp:featuredmedia":[{"embeddable":true,"href":"https:\/\/www.esplac.cat\/en\/wp-json\/wp\/v2\/media\/50164"}],"wp:attachment":[{"href":"https:\/\/www.esplac.cat\/en\/wp-json\/wp\/v2\/media?parent=50136"}],"wp:term":[{"taxonomy":"category","embeddable":true,"href":"https:\/\/www.esplac.cat\/en\/wp-json\/wp\/v2\/categories?post=50136"},{"taxonomy":"post_tag","embeddable":true,"href":"https:\/\/www.esplac.cat\/en\/wp-json\/wp\/v2\/tags?post=50136"}],"curies":[{"name":"wp","href":"https:\/\/api.w.org\/{rel}","templated":true}]}}