{"id":50277,"date":"2024-06-11T10:35:20","date_gmt":"2024-06-11T08:35:20","guid":{"rendered":"https:\/\/www.esplac.cat\/?p=50277"},"modified":"2024-06-11T10:35:20","modified_gmt":"2024-06-11T08:35:20","slug":"novetats-en-el-pla-alfa-per-lestiu-2024","status":"publish","type":"post","link":"https:\/\/www.esplac.cat\/en\/novetats-en-el-pla-alfa-per-lestiu-2024\/","title":{"rendered":"Novetats en el Pla Alfa per l\u2019estiu 2024"},"content":{"rendered":"<p><div class=\"fusion-fullwidth fullwidth-box fusion-builder-row-1 fusion-flex-container has-pattern-background has-mask-background nonhundred-percent-fullwidth non-hundred-percent-height-scrolling\" style=\"--awb-border-radius-top-left:0px;--awb-border-radius-top-right:0px;--awb-border-radius-bottom-right:0px;--awb-border-radius-bottom-left:0px;--awb-flex-wrap:wrap;\" ><div class=\"fusion-builder-row fusion-row fusion-flex-align-items-flex-start fusion-flex-content-wrap\" style=\"max-width:1248px;margin-left: calc(-4% \/ 2 );margin-right: calc(-4% \/ 2 );\"><div class=\"fusion-layout-column fusion_builder_column fusion-builder-column-0 fusion_builder_column_1_1 1_1 fusion-flex-column\" style=\"--awb-bg-size:cover;--awb-width-large:100%;--awb-margin-top-large:0px;--awb-spacing-right-large:1.92%;--awb-margin-bottom-large:20px;--awb-spacing-left-large:1.92%;--awb-width-medium:100%;--awb-order-medium:0;--awb-spacing-right-medium:1.92%;--awb-spacing-left-medium:1.92%;--awb-width-small:100%;--awb-order-small:0;--awb-spacing-right-small:1.92%;--awb-spacing-left-small:1.92%;\"><div class=\"fusion-column-wrapper fusion-column-has-shadow fusion-flex-justify-content-flex-start fusion-content-layout-column\"><div class=\"fusion-text fusion-text-1\"><h6><strong>T\u2019expliquem els canvis que s\u2019apliquen en les restriccions per risc d\u2019incendi per l\u2019estiu 2024.<\/strong><\/h6>\n<p>Malgrat que aquest \u00faltim mes han augmentat les pluges, cal que estiguem molt atentes i atents a les restriccions per risc d\u2019incendi del <span style=\"color: #f69d0b;\"><strong><a style=\"color: #f69d0b;\" href=\"https:\/\/interior.gencat.cat\/ca\/arees_dactuacio\/agents-rurals\/pla-alfa\/index.html\" target=\"_blank\" rel=\"noopener\">Pla Alfa<\/a><\/strong><\/span> que hi poden haver aquest estiu. Enguany hi ha hagut alguns canvis que \u00e9s important que coneguem. Si tens dubtes o tens la sensaci\u00f3 que et pots fer un embolic, no pateixis! Aqu\u00ed trobar\u00e0s tota la informaci\u00f3 que necesistes.<\/p>\n<p>El Pla Alfa passar\u00e0 a tenir cinc nivells: Nivell 0, Nivell 1, Nivell 2, Nivell 3 i Nivell 4. En quins d\u2019aquests hi ha restriccions?<\/p>\n<blockquote>\n<p><strong>Nivell 3 (Risc d\u2019incendi molt alt)<\/strong>: no es permet l\u2019\u00fas de foc per cuinar, per\u00f2 s\u00ed que es podr\u00e0 mantenir les rutes, acampades i excursions a la natura.<br \/>\n<strong>Nivell 4 (Risc d\u2019incendi extrem)<\/strong>: no es podran realitzar rutes, acampades i excursions a la natura i, per tant, haurem d\u2019activar el Pla B.<\/p>\n<\/blockquote>\n<p>A difer\u00e8ncia de l\u2019any passat, les restriccions s\u2019activaran a <strong>nivell municipal<\/strong> i, per tant, pot ser que diferents municipis de la mateixa comarca estiguin a Nivells del Pla Alfa diferents.<\/p>\n<p>Per consultar el Nivell en el qual est\u00e0 el municipi en el qual feu activitat, podeu entrar a la <span style=\"color: #f69d0b;\"><strong><a style=\"color: #f69d0b;\" href=\"https:\/\/www.esplac.cat\/preparem-lestiu-ccr\/\" target=\"_blank\" rel=\"noopener\">web de CCR<\/a><\/strong><\/span>. All\u00e0 tamb\u00e9 hi trobareu les Preguntes Freq\u00fcents per l\u2019estiu, recursos per preparar les activitats d\u2019estiu i les dates que cal que tingueu presents per tenir-ho tot a punt per a l\u2019estiu!<\/p>\n<\/div><\/div><\/div><\/div><\/div><div class=\"fusion-fullwidth fullwidth-box fusion-builder-row-2 fusion-flex-container has-pattern-background has-mask-background nonhundred-percent-fullwidth non-hundred-percent-height-scrolling\" style=\"--awb-border-radius-top-left:0px;--awb-border-radius-top-right:0px;--awb-border-radius-bottom-right:0px;--awb-border-radius-bottom-left:0px;--awb-flex-wrap:wrap;\" ><div class=\"fusion-builder-row fusion-row fusion-flex-align-items-flex-start fusion-flex-content-wrap\" style=\"max-width:1248px;margin-left: calc(-4% \/ 2 );margin-right: calc(-4% \/ 2 );\"><div class=\"fusion-layout-column fusion_builder_column fusion-builder-column-1 fusion_builder_column_1_1 1_1 fusion-flex-column\" style=\"--awb-bg-size:cover;--awb-width-large:100%;--awb-margin-top-large:0px;--awb-spacing-right-large:1.92%;--awb-margin-bottom-large:20px;--awb-spacing-left-large:1.92%;--awb-width-medium:100%;--awb-order-medium:0;--awb-spacing-right-medium:1.92%;--awb-spacing-left-medium:1.92%;--awb-width-small:100%;--awb-order-small:0;--awb-spacing-right-small:1.92%;--awb-spacing-left-small:1.92%;\"><div class=\"fusion-column-wrapper fusion-column-has-shadow fusion-flex-justify-content-flex-start fusion-content-layout-column\"><div style=\"position: relative; width: 100%; height: 0; padding-top: 216.4251%;\n padding-bottom: 0; box-shadow: 0 2px 8px 0 rgba(63,69,81,0.16); margin-top: 1.6em; margin-bottom: 0.9em; overflow: hidden;\n border-radius: 8px; will-change: transform;\">\n  <iframe loading=\"lazy\" style=\"position: absolute; width: 100%; height: 100%; top: 0; left: 0; border: none; padding: 0;margin: 0;\"\n    src=\"https:\/\/www.canva.com\/design\/DAFkSVVFuAw\/qcRWFmxeT7VkzOLFlWk9Ig\/view?embed\" allowfullscreen=\"allowfullscreen\" allow=\"fullscreen\">\n  <\/iframe>\n<\/div>\n<a href=\"https:\/\/www.canva.com\/design\/DAFkSVVFuAw\/qcRWFmxeT7VkzOLFlWk9Ig\/view?utm_content=DAFkSVVFuAw&utm_campaign=designshare&utm_medium=embeds&utm_source=link\" target=\"_blank\" rel=\"noopener\">Infografia Pla Alfa 2024<\/a> de Esplais Catalans<\/div><\/div><\/div><\/div><\/p>\n","protected":false},"excerpt":{"rendered":"","protected":false},"author":3,"featured_media":50281,"comment_status":"closed","ping_status":"closed","sticky":false,"template":"","format":"standard","meta":{"om_disable_all_campaigns":false,"_monsterinsights_skip_tracking":false,"_monsterinsights_sitenote_active":false,"_monsterinsights_sitenote_note":"","_monsterinsights_sitenote_category":0,"_uf_show_specific_survey":0,"_uf_disable_surveys":false,"footnotes":""},"categories":[1117,1114],"tags":[],"class_list":["post-50277","post","type-post","status-publish","format-standard","has-post-thumbnail","hentry","category-activitats-esplais","category-recursos"],"yoast_head":"<!-- This site is optimized with the Yoast SEO plugin v27.4 - https:\/\/yoast.com\/product\/yoast-seo-wordpress\/ -->\n<title>Novetats en el Pla Alfa per l\u2019estiu 2024 - Esplac<\/title>\n<meta name=\"description\" content=\"T\u2019expliquem els canvis que s\u2019apliquen en les restriccions per risc d\u2019incendi per l\u2019estiu 2024 perqu\u00e8 no et facis un embolic!\" \/>\n<meta name=\"robots\" content=\"index, follow, max-snippet:-1, max-image-preview:large, max-video-preview:-1\" \/>\n<link rel=\"canonical\" href=\"https:\/\/www.esplac.cat\/novetats-en-el-pla-alfa-per-lestiu-2024\/\" \/>\n<meta property=\"og:locale\" content=\"en_US\" \/>\n<meta property=\"og:type\" content=\"article\" \/>\n<meta property=\"og:title\" content=\"Novetats en el Pla Alfa per l\u2019estiu 2024 - Esplac\" \/>\n<meta property=\"og:description\" content=\"T\u2019expliquem els canvis que s\u2019apliquen en les restriccions per risc d\u2019incendi per l\u2019estiu 2024 perqu\u00e8 no et facis un embolic!\" \/>\n<meta property=\"og:url\" content=\"https:\/\/www.esplac.cat\/novetats-en-el-pla-alfa-per-lestiu-2024\/\" \/>\n<meta property=\"og:site_name\" content=\"Esplac\" \/>\n<meta property=\"article:published_time\" content=\"2024-06-11T08:35:20+00:00\" \/>\n<meta property=\"og:image\" content=\"https:\/\/www.esplac.cat\/wp-content\/uploads\/2024\/06\/PLA_ALFA.jpg\" \/>\n\t<meta property=\"og:image:width\" content=\"1697\" \/>\n\t<meta property=\"og:image:height\" content=\"700\" \/>\n\t<meta property=\"og:image:type\" content=\"image\/jpeg\" \/>\n<meta name=\"author\" content=\"Comunicaci\u00f3 Esplac\" \/>\n<meta name=\"twitter:card\" content=\"summary_large_image\" \/>\n<meta name=\"twitter:label1\" content=\"Written by\" \/>\n\t<meta name=\"twitter:data1\" content=\"Comunicaci\u00f3 Esplac\" \/>\n\t<meta name=\"twitter:label2\" content=\"Est. reading time\" \/>\n\t<meta name=\"twitter:data2\" content=\"2 minutes\" \/>\n<script type=\"application\/ld+json\" class=\"yoast-schema-graph\">{\"@context\":\"https:\\\/\\\/schema.org\",\"@graph\":[{\"@type\":\"Article\",\"@id\":\"https:\\\/\\\/www.esplac.cat\\\/novetats-en-el-pla-alfa-per-lestiu-2024\\\/#article\",\"isPartOf\":{\"@id\":\"https:\\\/\\\/www.esplac.cat\\\/novetats-en-el-pla-alfa-per-lestiu-2024\\\/\"},\"author\":{\"name\":\"Comunicaci\u00f3 Esplac\",\"@id\":\"https:\\\/\\\/www.esplac.cat\\\/#\\\/schema\\\/person\\\/908383cf240be18b68f8855d0583faca\"},\"headline\":\"Novetats en el Pla Alfa per l\u2019estiu 2024\",\"datePublished\":\"2024-06-11T08:35:20+00:00\",\"mainEntityOfPage\":{\"@id\":\"https:\\\/\\\/www.esplac.cat\\\/novetats-en-el-pla-alfa-per-lestiu-2024\\\/\"},\"wordCount\":2228,\"publisher\":{\"@id\":\"https:\\\/\\\/www.esplac.cat\\\/#organization\"},\"image\":{\"@id\":\"https:\\\/\\\/www.esplac.cat\\\/novetats-en-el-pla-alfa-per-lestiu-2024\\\/#primaryimage\"},\"thumbnailUrl\":\"https:\\\/\\\/www.esplac.cat\\\/wp-content\\\/uploads\\\/2024\\\/06\\\/PLA_ALFA.jpg\",\"articleSection\":[\"Activitats esplais\",\"Recursos\"],\"inLanguage\":\"en-US\"},{\"@type\":\"WebPage\",\"@id\":\"https:\\\/\\\/www.esplac.cat\\\/novetats-en-el-pla-alfa-per-lestiu-2024\\\/\",\"url\":\"https:\\\/\\\/www.esplac.cat\\\/novetats-en-el-pla-alfa-per-lestiu-2024\\\/\",\"name\":\"Novetats en el Pla Alfa per l\u2019estiu 2024 - Esplac\",\"isPartOf\":{\"@id\":\"https:\\\/\\\/www.esplac.cat\\\/#website\"},\"primaryImageOfPage\":{\"@id\":\"https:\\\/\\\/www.esplac.cat\\\/novetats-en-el-pla-alfa-per-lestiu-2024\\\/#primaryimage\"},\"image\":{\"@id\":\"https:\\\/\\\/www.esplac.cat\\\/novetats-en-el-pla-alfa-per-lestiu-2024\\\/#primaryimage\"},\"thumbnailUrl\":\"https:\\\/\\\/www.esplac.cat\\\/wp-content\\\/uploads\\\/2024\\\/06\\\/PLA_ALFA.jpg\",\"datePublished\":\"2024-06-11T08:35:20+00:00\",\"description\":\"T\u2019expliquem els canvis que s\u2019apliquen en les restriccions per risc d\u2019incendi per l\u2019estiu 2024 perqu\u00e8 no et facis un embolic!\",\"breadcrumb\":{\"@id\":\"https:\\\/\\\/www.esplac.cat\\\/novetats-en-el-pla-alfa-per-lestiu-2024\\\/#breadcrumb\"},\"inLanguage\":\"en-US\",\"potentialAction\":[{\"@type\":\"ReadAction\",\"target\":[\"https:\\\/\\\/www.esplac.cat\\\/novetats-en-el-pla-alfa-per-lestiu-2024\\\/\"]}]},{\"@type\":\"ImageObject\",\"inLanguage\":\"en-US\",\"@id\":\"https:\\\/\\\/www.esplac.cat\\\/novetats-en-el-pla-alfa-per-lestiu-2024\\\/#primaryimage\",\"url\":\"https:\\\/\\\/www.esplac.cat\\\/wp-content\\\/uploads\\\/2024\\\/06\\\/PLA_ALFA.jpg\",\"contentUrl\":\"https:\\\/\\\/www.esplac.cat\\\/wp-content\\\/uploads\\\/2024\\\/06\\\/PLA_ALFA.jpg\",\"width\":1697,\"height\":700,\"caption\":\"Pla Alfa\"},{\"@type\":\"BreadcrumbList\",\"@id\":\"https:\\\/\\\/www.esplac.cat\\\/novetats-en-el-pla-alfa-per-lestiu-2024\\\/#breadcrumb\",\"itemListElement\":[{\"@type\":\"ListItem\",\"position\":1,\"name\":\"Inici\",\"item\":\"https:\\\/\\\/www.esplac.cat\\\/en\\\/\"},{\"@type\":\"ListItem\",\"position\":2,\"name\":\"Novetats en el Pla Alfa per l\u2019estiu 2024\"}]},{\"@type\":\"WebSite\",\"@id\":\"https:\\\/\\\/www.esplac.cat\\\/#website\",\"url\":\"https:\\\/\\\/www.esplac.cat\\\/\",\"name\":\"Esplac\",\"description\":\"Esplais Catalans\",\"publisher\":{\"@id\":\"https:\\\/\\\/www.esplac.cat\\\/#organization\"},\"potentialAction\":[{\"@type\":\"SearchAction\",\"target\":{\"@type\":\"EntryPoint\",\"urlTemplate\":\"https:\\\/\\\/www.esplac.cat\\\/?s={search_term_string}\"},\"query-input\":{\"@type\":\"PropertyValueSpecification\",\"valueRequired\":true,\"valueName\":\"search_term_string\"}}],\"inLanguage\":\"en-US\"},{\"@type\":\"Organization\",\"@id\":\"https:\\\/\\\/www.esplac.cat\\\/#organization\",\"name\":\"Esplac\",\"url\":\"https:\\\/\\\/www.esplac.cat\\\/\",\"logo\":{\"@type\":\"ImageObject\",\"inLanguage\":\"en-US\",\"@id\":\"https:\\\/\\\/www.esplac.cat\\\/#\\\/schema\\\/logo\\\/image\\\/\",\"url\":\"https:\\\/\\\/www.esplac.cat\\\/wp-content\\\/uploads\\\/2019\\\/08\\\/logox2.png\",\"contentUrl\":\"https:\\\/\\\/www.esplac.cat\\\/wp-content\\\/uploads\\\/2019\\\/08\\\/logox2.png\",\"width\":600,\"height\":295,\"caption\":\"Esplac\"},\"image\":{\"@id\":\"https:\\\/\\\/www.esplac.cat\\\/#\\\/schema\\\/logo\\\/image\\\/\"}},{\"@type\":\"Person\",\"@id\":\"https:\\\/\\\/www.esplac.cat\\\/#\\\/schema\\\/person\\\/908383cf240be18b68f8855d0583faca\",\"name\":\"Comunicaci\u00f3 Esplac\",\"image\":{\"@type\":\"ImageObject\",\"inLanguage\":\"en-US\",\"@id\":\"https:\\\/\\\/secure.gravatar.com\\\/avatar\\\/7a4cf8feb412a76ea4a740ca02d95b06b2907b5a6c648c2dd0a1082a093c3141?s=96&d=mm&r=g\",\"url\":\"https:\\\/\\\/secure.gravatar.com\\\/avatar\\\/7a4cf8feb412a76ea4a740ca02d95b06b2907b5a6c648c2dd0a1082a093c3141?s=96&d=mm&r=g\",\"contentUrl\":\"https:\\\/\\\/secure.gravatar.com\\\/avatar\\\/7a4cf8feb412a76ea4a740ca02d95b06b2907b5a6c648c2dd0a1082a093c3141?s=96&d=mm&r=g\",\"caption\":\"Comunicaci\u00f3 Esplac\"}}]}<\/script>\n<!-- \/ Yoast SEO plugin. -->","yoast_head_json":{"title":"Novetats en el Pla Alfa per l\u2019estiu 2024 - Esplac","description":"T\u2019expliquem els canvis que s\u2019apliquen en les restriccions per risc d\u2019incendi per l\u2019estiu 2024 perqu\u00e8 no et facis un embolic!","robots":{"index":"index","follow":"follow","max-snippet":"max-snippet:-1","max-image-preview":"max-image-preview:large","max-video-preview":"max-video-preview:-1"},"canonical":"https:\/\/www.esplac.cat\/novetats-en-el-pla-alfa-per-lestiu-2024\/","og_locale":"en_US","og_type":"article","og_title":"Novetats en el Pla Alfa per l\u2019estiu 2024 - Esplac","og_description":"T\u2019expliquem els canvis que s\u2019apliquen en les restriccions per risc d\u2019incendi per l\u2019estiu 2024 perqu\u00e8 no et facis un embolic!","og_url":"https:\/\/www.esplac.cat\/novetats-en-el-pla-alfa-per-lestiu-2024\/","og_site_name":"Esplac","article_published_time":"2024-06-11T08:35:20+00:00","og_image":[{"width":1697,"height":700,"url":"https:\/\/www.esplac.cat\/wp-content\/uploads\/2024\/06\/PLA_ALFA.jpg","type":"image\/jpeg"}],"author":"Comunicaci\u00f3 Esplac","twitter_card":"summary_large_image","twitter_misc":{"Written by":"Comunicaci\u00f3 Esplac","Est. reading time":"2 minutes"},"schema":{"@context":"https:\/\/schema.org","@graph":[{"@type":"Article","@id":"https:\/\/www.esplac.cat\/novetats-en-el-pla-alfa-per-lestiu-2024\/#article","isPartOf":{"@id":"https:\/\/www.esplac.cat\/novetats-en-el-pla-alfa-per-lestiu-2024\/"},"author":{"name":"Comunicaci\u00f3 Esplac","@id":"https:\/\/www.esplac.cat\/#\/schema\/person\/908383cf240be18b68f8855d0583faca"},"headline":"Novetats en el Pla Alfa per l\u2019estiu 2024","datePublished":"2024-06-11T08:35:20+00:00","mainEntityOfPage":{"@id":"https:\/\/www.esplac.cat\/novetats-en-el-pla-alfa-per-lestiu-2024\/"},"wordCount":2228,"publisher":{"@id":"https:\/\/www.esplac.cat\/#organization"},"image":{"@id":"https:\/\/www.esplac.cat\/novetats-en-el-pla-alfa-per-lestiu-2024\/#primaryimage"},"thumbnailUrl":"https:\/\/www.esplac.cat\/wp-content\/uploads\/2024\/06\/PLA_ALFA.jpg","articleSection":["Activitats esplais","Recursos"],"inLanguage":"en-US"},{"@type":"WebPage","@id":"https:\/\/www.esplac.cat\/novetats-en-el-pla-alfa-per-lestiu-2024\/","url":"https:\/\/www.esplac.cat\/novetats-en-el-pla-alfa-per-lestiu-2024\/","name":"Novetats en el Pla Alfa per l\u2019estiu 2024 - Esplac","isPartOf":{"@id":"https:\/\/www.esplac.cat\/#website"},"primaryImageOfPage":{"@id":"https:\/\/www.esplac.cat\/novetats-en-el-pla-alfa-per-lestiu-2024\/#primaryimage"},"image":{"@id":"https:\/\/www.esplac.cat\/novetats-en-el-pla-alfa-per-lestiu-2024\/#primaryimage"},"thumbnailUrl":"https:\/\/www.esplac.cat\/wp-content\/uploads\/2024\/06\/PLA_ALFA.jpg","datePublished":"2024-06-11T08:35:20+00:00","description":"T\u2019expliquem els canvis que s\u2019apliquen en les restriccions per risc d\u2019incendi per l\u2019estiu 2024 perqu\u00e8 no et facis un embolic!","breadcrumb":{"@id":"https:\/\/www.esplac.cat\/novetats-en-el-pla-alfa-per-lestiu-2024\/#breadcrumb"},"inLanguage":"en-US","potentialAction":[{"@type":"ReadAction","target":["https:\/\/www.esplac.cat\/novetats-en-el-pla-alfa-per-lestiu-2024\/"]}]},{"@type":"ImageObject","inLanguage":"en-US","@id":"https:\/\/www.esplac.cat\/novetats-en-el-pla-alfa-per-lestiu-2024\/#primaryimage","url":"https:\/\/www.esplac.cat\/wp-content\/uploads\/2024\/06\/PLA_ALFA.jpg","contentUrl":"https:\/\/www.esplac.cat\/wp-content\/uploads\/2024\/06\/PLA_ALFA.jpg","width":1697,"height":700,"caption":"Pla Alfa"},{"@type":"BreadcrumbList","@id":"https:\/\/www.esplac.cat\/novetats-en-el-pla-alfa-per-lestiu-2024\/#breadcrumb","itemListElement":[{"@type":"ListItem","position":1,"name":"Inici","item":"https:\/\/www.esplac.cat\/en\/"},{"@type":"ListItem","position":2,"name":"Novetats en el Pla Alfa per l\u2019estiu 2024"}]},{"@type":"WebSite","@id":"https:\/\/www.esplac.cat\/#website","url":"https:\/\/www.esplac.cat\/","name":"Esplac","description":"Esplais Catalans","publisher":{"@id":"https:\/\/www.esplac.cat\/#organization"},"potentialAction":[{"@type":"SearchAction","target":{"@type":"EntryPoint","urlTemplate":"https:\/\/www.esplac.cat\/?s={search_term_string}"},"query-input":{"@type":"PropertyValueSpecification","valueRequired":true,"valueName":"search_term_string"}}],"inLanguage":"en-US"},{"@type":"Organization","@id":"https:\/\/www.esplac.cat\/#organization","name":"Esplac","url":"https:\/\/www.esplac.cat\/","logo":{"@type":"ImageObject","inLanguage":"en-US","@id":"https:\/\/www.esplac.cat\/#\/schema\/logo\/image\/","url":"https:\/\/www.esplac.cat\/wp-content\/uploads\/2019\/08\/logox2.png","contentUrl":"https:\/\/www.esplac.cat\/wp-content\/uploads\/2019\/08\/logox2.png","width":600,"height":295,"caption":"Esplac"},"image":{"@id":"https:\/\/www.esplac.cat\/#\/schema\/logo\/image\/"}},{"@type":"Person","@id":"https:\/\/www.esplac.cat\/#\/schema\/person\/908383cf240be18b68f8855d0583faca","name":"Comunicaci\u00f3 Esplac","image":{"@type":"ImageObject","inLanguage":"en-US","@id":"https:\/\/secure.gravatar.com\/avatar\/7a4cf8feb412a76ea4a740ca02d95b06b2907b5a6c648c2dd0a1082a093c3141?s=96&d=mm&r=g","url":"https:\/\/secure.gravatar.com\/avatar\/7a4cf8feb412a76ea4a740ca02d95b06b2907b5a6c648c2dd0a1082a093c3141?s=96&d=mm&r=g","contentUrl":"https:\/\/secure.gravatar.com\/avatar\/7a4cf8feb412a76ea4a740ca02d95b06b2907b5a6c648c2dd0a1082a093c3141?s=96&d=mm&r=g","caption":"Comunicaci\u00f3 Esplac"}}]}},"_links":{"self":[{"href":"https:\/\/www.esplac.cat\/en\/wp-json\/wp\/v2\/posts\/50277","targetHints":{"allow":["GET"]}}],"collection":[{"href":"https:\/\/www.esplac.cat\/en\/wp-json\/wp\/v2\/posts"}],"about":[{"href":"https:\/\/www.esplac.cat\/en\/wp-json\/wp\/v2\/types\/post"}],"author":[{"embeddable":true,"href":"https:\/\/www.esplac.cat\/en\/wp-json\/wp\/v2\/users\/3"}],"replies":[{"embeddable":true,"href":"https:\/\/www.esplac.cat\/en\/wp-json\/wp\/v2\/comments?post=50277"}],"version-history":[{"count":4,"href":"https:\/\/www.esplac.cat\/en\/wp-json\/wp\/v2\/posts\/50277\/revisions"}],"predecessor-version":[{"id":50285,"href":"https:\/\/www.esplac.cat\/en\/wp-json\/wp\/v2\/posts\/50277\/revisions\/50285"}],"wp:featuredmedia":[{"embeddable":true,"href":"https:\/\/www.esplac.cat\/en\/wp-json\/wp\/v2\/media\/50281"}],"wp:attachment":[{"href":"https:\/\/www.esplac.cat\/en\/wp-json\/wp\/v2\/media?parent=50277"}],"wp:term":[{"taxonomy":"category","embeddable":true,"href":"https:\/\/www.esplac.cat\/en\/wp-json\/wp\/v2\/categories?post=50277"},{"taxonomy":"post_tag","embeddable":true,"href":"https:\/\/www.esplac.cat\/en\/wp-json\/wp\/v2\/tags?post=50277"}],"curies":[{"name":"wp","href":"https:\/\/api.w.org\/{rel}","templated":true}]}}