{"id":50481,"date":"2024-07-23T12:37:03","date_gmt":"2024-07-23T10:37:03","guid":{"rendered":"https:\/\/www.esplac.cat\/?p=50481"},"modified":"2024-07-23T12:37:03","modified_gmt":"2024-07-23T10:37:03","slug":"oferta-laboral-tecnica-comptable","status":"publish","type":"post","link":"https:\/\/www.esplac.cat\/en\/oferta-laboral-tecnica-comptable\/","title":{"rendered":"Oferta laboral: busquem t\u00e8cnic\/a comptable"},"content":{"rendered":"<div class=\"fusion-fullwidth fullwidth-box fusion-builder-row-1 fusion-flex-container nonhundred-percent-fullwidth non-hundred-percent-height-scrolling\" style=\"--awb-border-radius-top-left:0px;--awb-border-radius-top-right:0px;--awb-border-radius-bottom-right:0px;--awb-border-radius-bottom-left:0px;--awb-flex-wrap:wrap;\" ><div class=\"fusion-builder-row fusion-row fusion-flex-align-items-flex-start fusion-flex-content-wrap\" style=\"max-width:1248px;margin-left: calc(-4% \/ 2 );margin-right: calc(-4% \/ 2 );\"><div class=\"fusion-layout-column fusion_builder_column fusion-builder-column-0 fusion_builder_column_1_1 1_1 fusion-flex-column\" style=\"--awb-bg-size:cover;--awb-width-large:100%;--awb-margin-top-large:0px;--awb-spacing-right-large:1.92%;--awb-margin-bottom-large:0px;--awb-spacing-left-large:1.92%;--awb-width-medium:100%;--awb-spacing-right-medium:1.92%;--awb-spacing-left-medium:1.92%;--awb-width-small:100%;--awb-spacing-right-small:1.92%;--awb-spacing-left-small:1.92%;\"><div class=\"fusion-column-wrapper fusion-flex-justify-content-flex-start fusion-content-layout-column\"><div class=\"fusion-text fusion-text-1\"><div class=\"page\" title=\"Page 1\">\n<div class=\"section\">\n<div class=\"layoutArea\">\n<div class=\"column\">\n<h6><strong>A Esplais Catalans busquem t\u00e8cnic\/a comptable. El termini de presentaci\u00f3 de candidatures finalitza el dia 1 de setembre del 2024.<\/strong><\/h6>\n<p>Hem obert un termini per a la presentaci\u00f3 de curr\u00edculums amb l\u2019objectiu de cobrir una pla\u00e7a de t\u00e8cnic\/a comptable d\u2019Esplais Catalans.<\/p>\n<p>El termini finalitza el dia <strong>1 de setembre<\/strong>.<\/p>\n<p>Els curr\u00edculums i les cartes de motivaci\u00f3 les heu de fer arribar mitjan\u00e7ant el\u00a0<span style=\"color: #f69d0b;\"><strong><a style=\"color: #f69d0b;\" href=\"https:\/\/infoesplac.typeform.com\/to\/BYyNA7zk\" target=\"_blank\" rel=\"noopener\">seg\u00fcent formulari<\/a><\/strong>.<\/span><\/p>\n<h4><strong>Funcions comptables i administratives:<\/strong><\/h4>\n<ul>\n<li style=\"font-weight: 300;\" aria-level=\"1\"><span style=\"font-weight: 300;\">Elaboraci\u00f3 dels comptes anuals segons normativa vigent.<\/span><\/li>\n<li style=\"font-weight: 300;\" aria-level=\"1\"><span style=\"font-weight: 300;\">Control i seguiment del pressupost de l\u2019entitat.<\/span><\/li>\n<li style=\"font-weight: 300;\" aria-level=\"1\"><span style=\"font-weight: 300;\">Coordinaci\u00f3 de les auditories.<\/span><\/li>\n<li style=\"font-weight: 300;\" aria-level=\"1\"><span style=\"font-weight: 300;\">Seguiment i justificaci\u00f3 econ\u00f2mica de subvencions.<\/span><\/li>\n<li style=\"font-weight: 300;\" aria-level=\"1\"><span style=\"font-weight: 300;\">Elaboraci\u00f3 d&#8217;impostos.<\/span><\/li>\n<li style=\"font-weight: 300;\" aria-level=\"1\"><span style=\"font-weight: 300;\">Control de tresoreria (caixes, bancs i informes de liquiditat).<\/span><\/li>\n<li style=\"font-weight: 300;\" aria-level=\"1\"><span style=\"font-weight: 300;\">Seguiment de la facturaci\u00f3 i rebuts de clients, prove\u00efdors i socis.<\/span><\/li>\n<li style=\"font-weight: 300;\" aria-level=\"1\"><span style=\"font-weight: 300;\">Seguiment de la gesti\u00f3 laboral (n\u00f2mines).<\/span><\/li>\n<li style=\"font-weight: 300;\" aria-level=\"1\"><span style=\"font-weight: 300;\">Gesti\u00f3 d&#8217;assegurances: altes i baixes i seguiment de sinistres.<\/span><\/li>\n<li style=\"font-weight: 300;\" aria-level=\"1\"><span style=\"font-weight: 300;\">Coordinaci\u00f3 amb Ger\u00e8ncia per a les funcions assignades i d&#8217;altres projectes que puguin sorgir.<\/span><\/li>\n<\/ul>\n<h4><strong>Es demana:<\/strong><\/h4>\n<ul>\n<li style=\"font-weight: 300;\" aria-level=\"1\"><span style=\"font-weight: 300;\">Titulaci\u00f3 en curs o acabada en Ci\u00e8ncies empresarials, Economia o similar.<\/span><\/li>\n<li style=\"font-weight: 300;\" aria-level=\"1\"><span style=\"font-weight: 300;\">Tenir menys de 35 anys.<\/span><\/li>\n<li style=\"font-weight: 300;\" aria-level=\"1\"><span style=\"font-weight: 300;\">Nivell alt de catal\u00e0 i castell\u00e0.<\/span><\/li>\n<li style=\"font-weight: 300;\" aria-level=\"1\"><span style=\"font-weight: 300;\">Compet\u00e8ncia escrita: redacci\u00f3 de correus, mem\u00f2ries, informes i altra documentaci\u00f3.<\/span><\/li>\n<li style=\"font-weight: 300;\" aria-level=\"1\"><span style=\"font-weight: 300;\">Alt domini del paquet office, correu electr\u00f2nic, Google Apps.<\/span><\/li>\n<li style=\"font-weight: 300;\" aria-level=\"1\"><span style=\"font-weight: 300;\">Alt domini del pla general comptable, preferiblement d&#8217;associacions.<\/span><\/li>\n<li style=\"font-weight: 300;\" aria-level=\"1\"><span style=\"font-weight: 300;\">Capacitat d&#8217;organitzaci\u00f3, gesti\u00f3 del temps, treball en equip, autonomia personal, flexibilitat i adaptabilitat.<\/span><\/li>\n<li style=\"font-weight: 300;\" aria-level=\"1\"><span style=\"font-weight: 300;\">Responsabilitat, rigor, puntualitat i alt comprom\u00eds amb l&#8217;entitat.<\/span><\/li>\n<\/ul>\n<h4><strong>Es valorar\u00e0:<\/strong><\/h4>\n<ul>\n<li style=\"font-weight: 300;\" aria-level=\"1\"><span style=\"font-weight: 300;\">Experi\u00e8ncia en les funcions descrites.<\/span><\/li>\n<li style=\"font-weight: 300;\" aria-level=\"1\"><span style=\"font-weight: 300;\">Coneixement i experi\u00e8ncia en l&#8217;\u00e0mbit de l&#8217;associacionisme i sobretot en l&#8217;\u00e0mbit\u00a0 educatiu i els esplais.<\/span><\/li>\n<li style=\"font-weight: 300;\" aria-level=\"1\"><span style=\"font-weight: 300;\">Coneixement de treball per projectes.<\/span><\/li>\n<li style=\"font-weight: 300;\" aria-level=\"1\"><span style=\"font-weight: 300;\">Facilitat per con\u00e8ixer noves eines de treball.<\/span><\/li>\n<li style=\"font-weight: 300;\" aria-level=\"1\"><span style=\"font-weight: 300;\">Flexibilitat i capacitat d&#8217;adaptaci\u00f3.<\/span><\/li>\n<li style=\"font-weight: 300;\" aria-level=\"1\"><span style=\"font-weight: 300;\">Capacitats comunicatives<\/span><\/li>\n<\/ul>\n<p><strong>Condicions laborals:<\/strong><\/p>\n<ul>\n<li style=\"font-weight: 300;\" aria-level=\"1\"><span style=\"font-weight: 300;\">Contracte indefinit de 37,5 hores setmanals.<\/span><\/li>\n<li style=\"font-weight: 300;\" aria-level=\"1\"><span style=\"font-weight: 300;\">Sou segons l\u2019escala salarial de l\u2019entitat i 2 mesos de prova. (Sou brut anual: 23.579,31 \u20ac\/any)<\/span><\/li>\n<li style=\"font-weight: 300;\" aria-level=\"1\"><span style=\"font-weight: 300;\">Lloc de treball habitual: Barcelona.<\/span><\/li>\n<li style=\"font-weight: 300;\" aria-level=\"1\"><span style=\"font-weight: 300;\">Incorporaci\u00f3: segona quinzena de setembre<\/span><\/li>\n<\/ul>\n<p>Podeu consultar\u00a0<span style=\"color: #f69d0b;\"><strong><a style=\"color: #f69d0b;\" href=\"https:\/\/www.esplac.cat\/wp-content\/uploads\/2024\/07\/Convocatoria_comptabilitat.pdf\" target=\"_blank\" rel=\"noopener\">aqu\u00ed<\/a><\/strong><\/span>\u00a0la convocat\u00f2ria al complet.<\/p>\n<\/div>\n<\/div>\n<\/div>\n<\/div>\n<div class=\"page\" title=\"Page 2\">\n<div class=\"section\">\n<div class=\"layoutArea\">\n<div class=\"column\"><\/div>\n<\/div>\n<\/div>\n<\/div>\n<\/div><\/div><\/div><\/div><\/div>\n","protected":false},"excerpt":{"rendered":"","protected":false},"author":3,"featured_media":50486,"comment_status":"closed","ping_status":"closed","sticky":false,"template":"","format":"standard","meta":{"om_disable_all_campaigns":false,"_monsterinsights_skip_tracking":false,"_monsterinsights_sitenote_active":false,"_monsterinsights_sitenote_note":"","_monsterinsights_sitenote_category":0,"_uf_show_specific_survey":0,"_uf_disable_surveys":false,"footnotes":""},"categories":[1116,1396],"tags":[],"class_list":["post-50481","post","type-post","status-publish","format-standard","has-post-thumbnail","hentry","category-secretaria-esplac","category-socies"],"yoast_head":"<!-- This site is optimized with the Yoast SEO plugin v27.4 - https:\/\/yoast.com\/product\/yoast-seo-wordpress\/ -->\n<title>Oferta laboral: busquem t\u00e8cnic\/a comptable<\/title>\n<meta name=\"description\" content=\"A Esplais Catalans busquem t\u00e8cnic\/a comptable. El termini de presentaci\u00f3 de candidatures finalitza el dia 1 de setembre del 2024.\" \/>\n<meta name=\"robots\" content=\"index, follow, max-snippet:-1, max-image-preview:large, max-video-preview:-1\" \/>\n<link rel=\"canonical\" href=\"https:\/\/www.esplac.cat\/oferta-laboral-tecnica-comptable\/\" \/>\n<meta property=\"og:locale\" content=\"en_US\" \/>\n<meta property=\"og:type\" content=\"article\" \/>\n<meta property=\"og:title\" content=\"Oferta laboral: busquem t\u00e8cnic\/a comptable\" \/>\n<meta property=\"og:description\" content=\"A Esplais Catalans busquem t\u00e8cnic\/a comptable. El termini de presentaci\u00f3 de candidatures finalitza el dia 1 de setembre del 2024.\" \/>\n<meta property=\"og:url\" content=\"https:\/\/www.esplac.cat\/oferta-laboral-tecnica-comptable\/\" \/>\n<meta property=\"og:site_name\" content=\"Esplac\" \/>\n<meta property=\"article:published_time\" content=\"2024-07-23T10:37:03+00:00\" \/>\n<meta property=\"og:image\" content=\"https:\/\/www.esplac.cat\/wp-content\/uploads\/2024\/07\/Portades-web-OEFRTA-LABORAL.jpg\" \/>\n\t<meta property=\"og:image:width\" content=\"1694\" \/>\n\t<meta property=\"og:image:height\" content=\"700\" \/>\n\t<meta property=\"og:image:type\" content=\"image\/jpeg\" \/>\n<meta name=\"author\" content=\"Comunicaci\u00f3 Esplac\" \/>\n<meta name=\"twitter:card\" content=\"summary_large_image\" \/>\n<meta name=\"twitter:label1\" content=\"Written by\" \/>\n\t<meta name=\"twitter:data1\" content=\"Comunicaci\u00f3 Esplac\" \/>\n\t<meta name=\"twitter:label2\" content=\"Est. reading time\" \/>\n\t<meta name=\"twitter:data2\" content=\"2 minutes\" \/>\n<script type=\"application\/ld+json\" class=\"yoast-schema-graph\">{\"@context\":\"https:\\\/\\\/schema.org\",\"@graph\":[{\"@type\":\"Article\",\"@id\":\"https:\\\/\\\/www.esplac.cat\\\/oferta-laboral-tecnica-comptable\\\/#article\",\"isPartOf\":{\"@id\":\"https:\\\/\\\/www.esplac.cat\\\/oferta-laboral-tecnica-comptable\\\/\"},\"author\":{\"name\":\"Comunicaci\u00f3 Esplac\",\"@id\":\"https:\\\/\\\/www.esplac.cat\\\/#\\\/schema\\\/person\\\/908383cf240be18b68f8855d0583faca\"},\"headline\":\"Oferta laboral: busquem t\u00e8cnic\\\/a comptable\",\"datePublished\":\"2024-07-23T10:37:03+00:00\",\"mainEntityOfPage\":{\"@id\":\"https:\\\/\\\/www.esplac.cat\\\/oferta-laboral-tecnica-comptable\\\/\"},\"wordCount\":583,\"publisher\":{\"@id\":\"https:\\\/\\\/www.esplac.cat\\\/#organization\"},\"image\":{\"@id\":\"https:\\\/\\\/www.esplac.cat\\\/oferta-laboral-tecnica-comptable\\\/#primaryimage\"},\"thumbnailUrl\":\"https:\\\/\\\/www.esplac.cat\\\/wp-content\\\/uploads\\\/2024\\\/07\\\/Portades-web-OEFRTA-LABORAL.jpg\",\"articleSection\":[\"Secretaria T\u00e8cnica\",\"S\u00f2cies\"],\"inLanguage\":\"en-US\"},{\"@type\":\"WebPage\",\"@id\":\"https:\\\/\\\/www.esplac.cat\\\/oferta-laboral-tecnica-comptable\\\/\",\"url\":\"https:\\\/\\\/www.esplac.cat\\\/oferta-laboral-tecnica-comptable\\\/\",\"name\":\"Oferta laboral: busquem t\u00e8cnic\\\/a comptable\",\"isPartOf\":{\"@id\":\"https:\\\/\\\/www.esplac.cat\\\/#website\"},\"primaryImageOfPage\":{\"@id\":\"https:\\\/\\\/www.esplac.cat\\\/oferta-laboral-tecnica-comptable\\\/#primaryimage\"},\"image\":{\"@id\":\"https:\\\/\\\/www.esplac.cat\\\/oferta-laboral-tecnica-comptable\\\/#primaryimage\"},\"thumbnailUrl\":\"https:\\\/\\\/www.esplac.cat\\\/wp-content\\\/uploads\\\/2024\\\/07\\\/Portades-web-OEFRTA-LABORAL.jpg\",\"datePublished\":\"2024-07-23T10:37:03+00:00\",\"description\":\"A Esplais Catalans busquem t\u00e8cnic\\\/a comptable. El termini de presentaci\u00f3 de candidatures finalitza el dia 1 de setembre del 2024.\",\"breadcrumb\":{\"@id\":\"https:\\\/\\\/www.esplac.cat\\\/oferta-laboral-tecnica-comptable\\\/#breadcrumb\"},\"inLanguage\":\"en-US\",\"potentialAction\":[{\"@type\":\"ReadAction\",\"target\":[\"https:\\\/\\\/www.esplac.cat\\\/oferta-laboral-tecnica-comptable\\\/\"]}]},{\"@type\":\"ImageObject\",\"inLanguage\":\"en-US\",\"@id\":\"https:\\\/\\\/www.esplac.cat\\\/oferta-laboral-tecnica-comptable\\\/#primaryimage\",\"url\":\"https:\\\/\\\/www.esplac.cat\\\/wp-content\\\/uploads\\\/2024\\\/07\\\/Portades-web-OEFRTA-LABORAL.jpg\",\"contentUrl\":\"https:\\\/\\\/www.esplac.cat\\\/wp-content\\\/uploads\\\/2024\\\/07\\\/Portades-web-OEFRTA-LABORAL.jpg\",\"width\":1694,\"height\":700,\"caption\":\"oferta laboral\"},{\"@type\":\"BreadcrumbList\",\"@id\":\"https:\\\/\\\/www.esplac.cat\\\/oferta-laboral-tecnica-comptable\\\/#breadcrumb\",\"itemListElement\":[{\"@type\":\"ListItem\",\"position\":1,\"name\":\"Inici\",\"item\":\"https:\\\/\\\/www.esplac.cat\\\/en\\\/\"},{\"@type\":\"ListItem\",\"position\":2,\"name\":\"Oferta laboral: busquem t\u00e8cnic\\\/a comptable\"}]},{\"@type\":\"WebSite\",\"@id\":\"https:\\\/\\\/www.esplac.cat\\\/#website\",\"url\":\"https:\\\/\\\/www.esplac.cat\\\/\",\"name\":\"Esplac\",\"description\":\"Esplais Catalans\",\"publisher\":{\"@id\":\"https:\\\/\\\/www.esplac.cat\\\/#organization\"},\"potentialAction\":[{\"@type\":\"SearchAction\",\"target\":{\"@type\":\"EntryPoint\",\"urlTemplate\":\"https:\\\/\\\/www.esplac.cat\\\/?s={search_term_string}\"},\"query-input\":{\"@type\":\"PropertyValueSpecification\",\"valueRequired\":true,\"valueName\":\"search_term_string\"}}],\"inLanguage\":\"en-US\"},{\"@type\":\"Organization\",\"@id\":\"https:\\\/\\\/www.esplac.cat\\\/#organization\",\"name\":\"Esplac\",\"url\":\"https:\\\/\\\/www.esplac.cat\\\/\",\"logo\":{\"@type\":\"ImageObject\",\"inLanguage\":\"en-US\",\"@id\":\"https:\\\/\\\/www.esplac.cat\\\/#\\\/schema\\\/logo\\\/image\\\/\",\"url\":\"https:\\\/\\\/www.esplac.cat\\\/wp-content\\\/uploads\\\/2019\\\/08\\\/logox2.png\",\"contentUrl\":\"https:\\\/\\\/www.esplac.cat\\\/wp-content\\\/uploads\\\/2019\\\/08\\\/logox2.png\",\"width\":600,\"height\":295,\"caption\":\"Esplac\"},\"image\":{\"@id\":\"https:\\\/\\\/www.esplac.cat\\\/#\\\/schema\\\/logo\\\/image\\\/\"}},{\"@type\":\"Person\",\"@id\":\"https:\\\/\\\/www.esplac.cat\\\/#\\\/schema\\\/person\\\/908383cf240be18b68f8855d0583faca\",\"name\":\"Comunicaci\u00f3 Esplac\",\"image\":{\"@type\":\"ImageObject\",\"inLanguage\":\"en-US\",\"@id\":\"https:\\\/\\\/secure.gravatar.com\\\/avatar\\\/7a4cf8feb412a76ea4a740ca02d95b06b2907b5a6c648c2dd0a1082a093c3141?s=96&d=mm&r=g\",\"url\":\"https:\\\/\\\/secure.gravatar.com\\\/avatar\\\/7a4cf8feb412a76ea4a740ca02d95b06b2907b5a6c648c2dd0a1082a093c3141?s=96&d=mm&r=g\",\"contentUrl\":\"https:\\\/\\\/secure.gravatar.com\\\/avatar\\\/7a4cf8feb412a76ea4a740ca02d95b06b2907b5a6c648c2dd0a1082a093c3141?s=96&d=mm&r=g\",\"caption\":\"Comunicaci\u00f3 Esplac\"}}]}<\/script>\n<!-- \/ Yoast SEO plugin. -->","yoast_head_json":{"title":"Oferta laboral: busquem t\u00e8cnic\/a comptable","description":"A Esplais Catalans busquem t\u00e8cnic\/a comptable. El termini de presentaci\u00f3 de candidatures finalitza el dia 1 de setembre del 2024.","robots":{"index":"index","follow":"follow","max-snippet":"max-snippet:-1","max-image-preview":"max-image-preview:large","max-video-preview":"max-video-preview:-1"},"canonical":"https:\/\/www.esplac.cat\/oferta-laboral-tecnica-comptable\/","og_locale":"en_US","og_type":"article","og_title":"Oferta laboral: busquem t\u00e8cnic\/a comptable","og_description":"A Esplais Catalans busquem t\u00e8cnic\/a comptable. El termini de presentaci\u00f3 de candidatures finalitza el dia 1 de setembre del 2024.","og_url":"https:\/\/www.esplac.cat\/oferta-laboral-tecnica-comptable\/","og_site_name":"Esplac","article_published_time":"2024-07-23T10:37:03+00:00","og_image":[{"width":1694,"height":700,"url":"https:\/\/www.esplac.cat\/wp-content\/uploads\/2024\/07\/Portades-web-OEFRTA-LABORAL.jpg","type":"image\/jpeg"}],"author":"Comunicaci\u00f3 Esplac","twitter_card":"summary_large_image","twitter_misc":{"Written by":"Comunicaci\u00f3 Esplac","Est. reading time":"2 minutes"},"schema":{"@context":"https:\/\/schema.org","@graph":[{"@type":"Article","@id":"https:\/\/www.esplac.cat\/oferta-laboral-tecnica-comptable\/#article","isPartOf":{"@id":"https:\/\/www.esplac.cat\/oferta-laboral-tecnica-comptable\/"},"author":{"name":"Comunicaci\u00f3 Esplac","@id":"https:\/\/www.esplac.cat\/#\/schema\/person\/908383cf240be18b68f8855d0583faca"},"headline":"Oferta laboral: busquem t\u00e8cnic\/a comptable","datePublished":"2024-07-23T10:37:03+00:00","mainEntityOfPage":{"@id":"https:\/\/www.esplac.cat\/oferta-laboral-tecnica-comptable\/"},"wordCount":583,"publisher":{"@id":"https:\/\/www.esplac.cat\/#organization"},"image":{"@id":"https:\/\/www.esplac.cat\/oferta-laboral-tecnica-comptable\/#primaryimage"},"thumbnailUrl":"https:\/\/www.esplac.cat\/wp-content\/uploads\/2024\/07\/Portades-web-OEFRTA-LABORAL.jpg","articleSection":["Secretaria T\u00e8cnica","S\u00f2cies"],"inLanguage":"en-US"},{"@type":"WebPage","@id":"https:\/\/www.esplac.cat\/oferta-laboral-tecnica-comptable\/","url":"https:\/\/www.esplac.cat\/oferta-laboral-tecnica-comptable\/","name":"Oferta laboral: busquem t\u00e8cnic\/a comptable","isPartOf":{"@id":"https:\/\/www.esplac.cat\/#website"},"primaryImageOfPage":{"@id":"https:\/\/www.esplac.cat\/oferta-laboral-tecnica-comptable\/#primaryimage"},"image":{"@id":"https:\/\/www.esplac.cat\/oferta-laboral-tecnica-comptable\/#primaryimage"},"thumbnailUrl":"https:\/\/www.esplac.cat\/wp-content\/uploads\/2024\/07\/Portades-web-OEFRTA-LABORAL.jpg","datePublished":"2024-07-23T10:37:03+00:00","description":"A Esplais Catalans busquem t\u00e8cnic\/a comptable. El termini de presentaci\u00f3 de candidatures finalitza el dia 1 de setembre del 2024.","breadcrumb":{"@id":"https:\/\/www.esplac.cat\/oferta-laboral-tecnica-comptable\/#breadcrumb"},"inLanguage":"en-US","potentialAction":[{"@type":"ReadAction","target":["https:\/\/www.esplac.cat\/oferta-laboral-tecnica-comptable\/"]}]},{"@type":"ImageObject","inLanguage":"en-US","@id":"https:\/\/www.esplac.cat\/oferta-laboral-tecnica-comptable\/#primaryimage","url":"https:\/\/www.esplac.cat\/wp-content\/uploads\/2024\/07\/Portades-web-OEFRTA-LABORAL.jpg","contentUrl":"https:\/\/www.esplac.cat\/wp-content\/uploads\/2024\/07\/Portades-web-OEFRTA-LABORAL.jpg","width":1694,"height":700,"caption":"oferta laboral"},{"@type":"BreadcrumbList","@id":"https:\/\/www.esplac.cat\/oferta-laboral-tecnica-comptable\/#breadcrumb","itemListElement":[{"@type":"ListItem","position":1,"name":"Inici","item":"https:\/\/www.esplac.cat\/en\/"},{"@type":"ListItem","position":2,"name":"Oferta laboral: busquem t\u00e8cnic\/a comptable"}]},{"@type":"WebSite","@id":"https:\/\/www.esplac.cat\/#website","url":"https:\/\/www.esplac.cat\/","name":"Esplac","description":"Esplais Catalans","publisher":{"@id":"https:\/\/www.esplac.cat\/#organization"},"potentialAction":[{"@type":"SearchAction","target":{"@type":"EntryPoint","urlTemplate":"https:\/\/www.esplac.cat\/?s={search_term_string}"},"query-input":{"@type":"PropertyValueSpecification","valueRequired":true,"valueName":"search_term_string"}}],"inLanguage":"en-US"},{"@type":"Organization","@id":"https:\/\/www.esplac.cat\/#organization","name":"Esplac","url":"https:\/\/www.esplac.cat\/","logo":{"@type":"ImageObject","inLanguage":"en-US","@id":"https:\/\/www.esplac.cat\/#\/schema\/logo\/image\/","url":"https:\/\/www.esplac.cat\/wp-content\/uploads\/2019\/08\/logox2.png","contentUrl":"https:\/\/www.esplac.cat\/wp-content\/uploads\/2019\/08\/logox2.png","width":600,"height":295,"caption":"Esplac"},"image":{"@id":"https:\/\/www.esplac.cat\/#\/schema\/logo\/image\/"}},{"@type":"Person","@id":"https:\/\/www.esplac.cat\/#\/schema\/person\/908383cf240be18b68f8855d0583faca","name":"Comunicaci\u00f3 Esplac","image":{"@type":"ImageObject","inLanguage":"en-US","@id":"https:\/\/secure.gravatar.com\/avatar\/7a4cf8feb412a76ea4a740ca02d95b06b2907b5a6c648c2dd0a1082a093c3141?s=96&d=mm&r=g","url":"https:\/\/secure.gravatar.com\/avatar\/7a4cf8feb412a76ea4a740ca02d95b06b2907b5a6c648c2dd0a1082a093c3141?s=96&d=mm&r=g","contentUrl":"https:\/\/secure.gravatar.com\/avatar\/7a4cf8feb412a76ea4a740ca02d95b06b2907b5a6c648c2dd0a1082a093c3141?s=96&d=mm&r=g","caption":"Comunicaci\u00f3 Esplac"}}]}},"_links":{"self":[{"href":"https:\/\/www.esplac.cat\/en\/wp-json\/wp\/v2\/posts\/50481","targetHints":{"allow":["GET"]}}],"collection":[{"href":"https:\/\/www.esplac.cat\/en\/wp-json\/wp\/v2\/posts"}],"about":[{"href":"https:\/\/www.esplac.cat\/en\/wp-json\/wp\/v2\/types\/post"}],"author":[{"embeddable":true,"href":"https:\/\/www.esplac.cat\/en\/wp-json\/wp\/v2\/users\/3"}],"replies":[{"embeddable":true,"href":"https:\/\/www.esplac.cat\/en\/wp-json\/wp\/v2\/comments?post=50481"}],"version-history":[{"count":2,"href":"https:\/\/www.esplac.cat\/en\/wp-json\/wp\/v2\/posts\/50481\/revisions"}],"predecessor-version":[{"id":50489,"href":"https:\/\/www.esplac.cat\/en\/wp-json\/wp\/v2\/posts\/50481\/revisions\/50489"}],"wp:featuredmedia":[{"embeddable":true,"href":"https:\/\/www.esplac.cat\/en\/wp-json\/wp\/v2\/media\/50486"}],"wp:attachment":[{"href":"https:\/\/www.esplac.cat\/en\/wp-json\/wp\/v2\/media?parent=50481"}],"wp:term":[{"taxonomy":"category","embeddable":true,"href":"https:\/\/www.esplac.cat\/en\/wp-json\/wp\/v2\/categories?post=50481"},{"taxonomy":"post_tag","embeddable":true,"href":"https:\/\/www.esplac.cat\/en\/wp-json\/wp\/v2\/tags?post=50481"}],"curies":[{"name":"wp","href":"https:\/\/api.w.org\/{rel}","templated":true}]}}