{"id":50493,"date":"2024-07-25T13:09:33","date_gmt":"2024-07-25T11:09:33","guid":{"rendered":"https:\/\/www.esplac.cat\/?p=50493"},"modified":"2024-07-25T13:09:33","modified_gmt":"2024-07-25T11:09:33","slug":"lestiu-dels-esplais-lactivitat-del-lleure-associatiu-se-sobreposa-a-la-crisi-dels-terrenys-dacampada","status":"publish","type":"post","link":"https:\/\/www.esplac.cat\/en\/lestiu-dels-esplais-lactivitat-del-lleure-associatiu-se-sobreposa-a-la-crisi-dels-terrenys-dacampada\/","title":{"rendered":"L\u2019estiu dels esplais: l\u2019activitat del lleure associatiu se sobreposa a la crisi dels terrenys d\u2019acampada"},"content":{"rendered":"<div class=\"fusion-fullwidth fullwidth-box fusion-builder-row-1 fusion-flex-container has-pattern-background has-mask-background nonhundred-percent-fullwidth non-hundred-percent-height-scrolling\" style=\"--awb-border-radius-top-left:0px;--awb-border-radius-top-right:0px;--awb-border-radius-bottom-right:0px;--awb-border-radius-bottom-left:0px;--awb-flex-wrap:wrap;\" ><div class=\"fusion-builder-row fusion-row fusion-flex-align-items-flex-start fusion-flex-content-wrap\" style=\"max-width:1248px;margin-left: calc(-4% \/ 2 );margin-right: calc(-4% \/ 2 );\"><div class=\"fusion-layout-column fusion_builder_column fusion-builder-column-0 fusion_builder_column_1_1 1_1 fusion-flex-column\" style=\"--awb-bg-size:cover;--awb-width-large:100%;--awb-margin-top-large:0px;--awb-spacing-right-large:1.92%;--awb-margin-bottom-large:20px;--awb-spacing-left-large:1.92%;--awb-width-medium:100%;--awb-order-medium:0;--awb-spacing-right-medium:1.92%;--awb-spacing-left-medium:1.92%;--awb-width-small:100%;--awb-order-small:0;--awb-spacing-right-small:1.92%;--awb-spacing-left-small:1.92%;\"><div class=\"fusion-column-wrapper fusion-column-has-shadow fusion-flex-justify-content-flex-start fusion-content-layout-column\"><div class=\"fusion-text fusion-text-1\"><h6><strong>M\u00e9s de 5.000 infants i joves i m\u00e9s de 1.400 monis d\u2019Esplais Catalans marxen de campaments, col\u00f2nies i rutes aquest estiu, mantenint viu un model basat en l\u2019educaci\u00f3 comunit\u00e0ria i el voluntariat.<\/strong><\/h6>\n<p>Aquest estiu una vuitantena d\u2019esplais d\u2019Esplac tornen a marxar de campaments, col\u00f2nies i rutes, fent perviure la tasca del lleure associatiu malgrat les dificultats de la <strong>crisi dels terrenys<\/strong>. Des de les restriccions per la pand\u00e8mia fins a les mesures per fer front a l\u2019emerg\u00e8ncia clim\u00e0tica, els esplais fa anys que s\u2019esforcen per adaptar les seves activitats d\u2019estiu a les exig\u00e8ncies del context actual. Tot i aix\u00f2, la situaci\u00f3 d\u2019aquest any ha estat especialment cr\u00edtica. A dos mesos de l\u2019inici de la campanya d\u2019estiu, <strong>es van bloquejar 79 dels 156 terrenys d\u2019acampada disponibles a Catalunya per manca d\u2019autoritzaci\u00f3 de l\u2019Ag\u00e8ncia Catalana de l\u2019Aigua<\/strong>, afectant les reserves de 12.000 infants i joves arreu del territori.<\/p>\n<p>Davant d\u2019aquesta situaci\u00f3, les entitats de l\u2019associacionisme educatiu vam iniciar una campanya conjunta per denunciar les traves que el canvi de normativa implicava per a esplais i caus i exigir respostes per part de l\u2019administraci\u00f3. Despr\u00e9s de la pressi\u00f3 exercida, que va incloure una jornada reivindicativa que va mobilitzar 5.000 persones, <span style=\"color: #f69d0b;\"><strong><a style=\"color: #f69d0b;\" href=\"https:\/\/www.accioescolta.cat\/\" target=\"_blank\" rel=\"noopener\">Acci\u00f3 Escolta de Catalunya<\/a><\/strong><\/span>, <strong>Esplais Catalans<\/strong> (<strong>Esplac<\/strong>), <strong>Moviment de Centres d\u2019Esplais Cristians Catalans<\/strong> (<strong><span style=\"color: #f69d0b;\"><a style=\"color: #f69d0b;\" href=\"https:\/\/www.peretarres.org\/mcecc\" target=\"_blank\" rel=\"noopener\">MCECC<\/a><\/span><\/strong>), <strong><a href=\"https:\/\/www.escoltesiguies.cat\/\" target=\"_blank\" rel=\"noopener\"><span style=\"color: #f69d0b;\">Minyons<\/span> <span style=\"color: #f69d0b;\">Escoltes i Guies<\/span><\/a><\/strong>, <a href=\"https:\/\/www.escoltes.org\/\" target=\"_blank\" rel=\"noopener\"><strong><span style=\"color: #f69d0b;\">Escoltes Catalans<\/span><\/strong><\/a>, <strong>Centre Marista d\u2019Escoltes<\/strong> i el <strong>Consell Nacional de la Joventut de Catalunya<\/strong> (<span style=\"color: #f69d0b;\"><strong><a style=\"color: #f69d0b;\" href=\"https:\/\/cnjc.cat\/ca\" target=\"_blank\" rel=\"noopener\">CNJC<\/a><\/strong><\/span>) hem aconseguit firmar un <a href=\"https:\/\/www.esplac.cat\/lassociacionisme-educatiu-unim-forces-protegir-campaments\/\" target=\"_blank\" rel=\"noopener\"><span style=\"color: #f69d0b;\"><strong>acord<\/strong><\/span><\/a> amb la Conselleria de Drets Socials per garantir la nostra activitat i un major reconeixement social.<\/p>\n<p>Amb tot, la realitat \u00e9s que els esplais no han pogut viure amb normalitat aquest estiu. Hi ha 16 esplais d\u2019Esplac que no han pogut marxar de campaments al terreny on havien previst fer activitat i n\u2019hi ha 22 que han hagut d\u2019acollir altres esplais o caus, compartint els terrenys entre diversos grups. Tot i aix\u00f2, gr\u00e0cies a l\u2019esfor\u00e7 incansable de monitores i monitors, infants, joves i fam\u00edlies entre juliol i setembre els esplais d\u2019Esplac duran a terme unes 169 activitats arreu del territori catal\u00e0, 25 a l\u2019estat espanyol i 6 activitats en l\u2019\u00e0mbit internacional.<\/p>\n<h4><strong>El lleure associatiu de base volunt\u00e0ria, un model a defensar<\/strong><\/h4>\n<p>En un context de creixent privatitzaci\u00f3 del lleure i de la monopolitzaci\u00f3 per part d\u2019empreses privades de les activitats d\u2019oci d\u2019estiu dedicades a infants i joves, <strong>l&#8217;esplai es vol reivindicar com a un agent educatiu clau pel foment de l\u2019aprenentatge de la inf\u00e0ncia i la joventut del territori<\/strong>. A partir del contacte amb la natura i el foment de l\u2019esperit cr\u00edtic de les i els participants, l\u2019esplai esdev\u00e9 una alternativa educativa de gran valor. En aquest sentit, des d\u2019Esplac volem posar en q\u00fcesti\u00f3 un sistema en qu\u00e8 les activitats que generen un benefici social i no econ\u00f2mic queden en un segon pla. Per aix\u00f2, treballem per defensar els valors del lleure associatiu de base volunt\u00e0ria.<\/p>\n<\/div><\/div><\/div><\/div><\/div>\n","protected":false},"excerpt":{"rendered":"","protected":false},"author":3,"featured_media":50495,"comment_status":"closed","ping_status":"closed","sticky":false,"template":"","format":"standard","meta":{"om_disable_all_campaigns":false,"_monsterinsights_skip_tracking":false,"_monsterinsights_sitenote_active":false,"_monsterinsights_sitenote_note":"","_monsterinsights_sitenote_category":0,"_uf_show_specific_survey":0,"_uf_disable_surveys":false,"footnotes":""},"categories":[1117,1],"tags":[],"class_list":["post-50493","post","type-post","status-publish","format-standard","has-post-thumbnail","hentry","category-activitats-esplais","category-sense-categoria"],"yoast_head":"<!-- This site is optimized with the Yoast SEO plugin v27.4 - https:\/\/yoast.com\/product\/yoast-seo-wordpress\/ -->\n<title>Els esplais se sobreposen a la crisi dels terrenys d\u2019acampada<\/title>\n<meta name=\"description\" content=\"M\u00e9s de 5.000 infants i joves i m\u00e9s de 1.400 monis d\u2019Esplais Catalans marxen de campaments, col\u00f2nies i rutes aquest estiu.\" \/>\n<meta name=\"robots\" content=\"index, follow, max-snippet:-1, max-image-preview:large, max-video-preview:-1\" \/>\n<link rel=\"canonical\" href=\"https:\/\/www.esplac.cat\/lestiu-dels-esplais-lactivitat-del-lleure-associatiu-se-sobreposa-a-la-crisi-dels-terrenys-dacampada\/\" \/>\n<meta property=\"og:locale\" content=\"en_US\" \/>\n<meta property=\"og:type\" content=\"article\" \/>\n<meta property=\"og:title\" content=\"Els esplais se sobreposen a la crisi dels terrenys d\u2019acampada\" \/>\n<meta property=\"og:description\" content=\"M\u00e9s de 5.000 infants i joves i m\u00e9s de 1.400 monis d\u2019Esplais Catalans marxen de campaments, col\u00f2nies i rutes aquest estiu.\" \/>\n<meta property=\"og:url\" content=\"https:\/\/www.esplac.cat\/lestiu-dels-esplais-lactivitat-del-lleure-associatiu-se-sobreposa-a-la-crisi-dels-terrenys-dacampada\/\" \/>\n<meta property=\"og:site_name\" content=\"Esplac\" \/>\n<meta property=\"article:published_time\" content=\"2024-07-25T11:09:33+00:00\" \/>\n<meta property=\"og:image\" content=\"https:\/\/www.esplac.cat\/wp-content\/uploads\/2024\/07\/Estiu_Esplais.jpg\" \/>\n\t<meta property=\"og:image:width\" content=\"1697\" \/>\n\t<meta property=\"og:image:height\" content=\"700\" \/>\n\t<meta property=\"og:image:type\" content=\"image\/jpeg\" \/>\n<meta name=\"author\" content=\"Comunicaci\u00f3 Esplac\" \/>\n<meta name=\"twitter:card\" content=\"summary_large_image\" \/>\n<meta name=\"twitter:label1\" content=\"Written by\" \/>\n\t<meta name=\"twitter:data1\" content=\"Comunicaci\u00f3 Esplac\" \/>\n\t<meta name=\"twitter:label2\" content=\"Est. reading time\" \/>\n\t<meta name=\"twitter:data2\" content=\"3 minutes\" \/>\n<script type=\"application\/ld+json\" class=\"yoast-schema-graph\">{\"@context\":\"https:\\\/\\\/schema.org\",\"@graph\":[{\"@type\":\"Article\",\"@id\":\"https:\\\/\\\/www.esplac.cat\\\/lestiu-dels-esplais-lactivitat-del-lleure-associatiu-se-sobreposa-a-la-crisi-dels-terrenys-dacampada\\\/#article\",\"isPartOf\":{\"@id\":\"https:\\\/\\\/www.esplac.cat\\\/lestiu-dels-esplais-lactivitat-del-lleure-associatiu-se-sobreposa-a-la-crisi-dels-terrenys-dacampada\\\/\"},\"author\":{\"name\":\"Comunicaci\u00f3 Esplac\",\"@id\":\"https:\\\/\\\/www.esplac.cat\\\/#\\\/schema\\\/person\\\/908383cf240be18b68f8855d0583faca\"},\"headline\":\"L\u2019estiu dels esplais: l\u2019activitat del lleure associatiu se sobreposa a la crisi dels terrenys d\u2019acampada\",\"datePublished\":\"2024-07-25T11:09:33+00:00\",\"mainEntityOfPage\":{\"@id\":\"https:\\\/\\\/www.esplac.cat\\\/lestiu-dels-esplais-lactivitat-del-lleure-associatiu-se-sobreposa-a-la-crisi-dels-terrenys-dacampada\\\/\"},\"wordCount\":1489,\"publisher\":{\"@id\":\"https:\\\/\\\/www.esplac.cat\\\/#organization\"},\"image\":{\"@id\":\"https:\\\/\\\/www.esplac.cat\\\/lestiu-dels-esplais-lactivitat-del-lleure-associatiu-se-sobreposa-a-la-crisi-dels-terrenys-dacampada\\\/#primaryimage\"},\"thumbnailUrl\":\"https:\\\/\\\/www.esplac.cat\\\/wp-content\\\/uploads\\\/2024\\\/07\\\/Estiu_Esplais.jpg\",\"articleSection\":[\"Activitats esplais\",\"Sense categoria\"],\"inLanguage\":\"en-US\"},{\"@type\":\"WebPage\",\"@id\":\"https:\\\/\\\/www.esplac.cat\\\/lestiu-dels-esplais-lactivitat-del-lleure-associatiu-se-sobreposa-a-la-crisi-dels-terrenys-dacampada\\\/\",\"url\":\"https:\\\/\\\/www.esplac.cat\\\/lestiu-dels-esplais-lactivitat-del-lleure-associatiu-se-sobreposa-a-la-crisi-dels-terrenys-dacampada\\\/\",\"name\":\"Els esplais se sobreposen a la crisi dels terrenys d\u2019acampada\",\"isPartOf\":{\"@id\":\"https:\\\/\\\/www.esplac.cat\\\/#website\"},\"primaryImageOfPage\":{\"@id\":\"https:\\\/\\\/www.esplac.cat\\\/lestiu-dels-esplais-lactivitat-del-lleure-associatiu-se-sobreposa-a-la-crisi-dels-terrenys-dacampada\\\/#primaryimage\"},\"image\":{\"@id\":\"https:\\\/\\\/www.esplac.cat\\\/lestiu-dels-esplais-lactivitat-del-lleure-associatiu-se-sobreposa-a-la-crisi-dels-terrenys-dacampada\\\/#primaryimage\"},\"thumbnailUrl\":\"https:\\\/\\\/www.esplac.cat\\\/wp-content\\\/uploads\\\/2024\\\/07\\\/Estiu_Esplais.jpg\",\"datePublished\":\"2024-07-25T11:09:33+00:00\",\"description\":\"M\u00e9s de 5.000 infants i joves i m\u00e9s de 1.400 monis d\u2019Esplais Catalans marxen de campaments, col\u00f2nies i rutes aquest estiu.\",\"breadcrumb\":{\"@id\":\"https:\\\/\\\/www.esplac.cat\\\/lestiu-dels-esplais-lactivitat-del-lleure-associatiu-se-sobreposa-a-la-crisi-dels-terrenys-dacampada\\\/#breadcrumb\"},\"inLanguage\":\"en-US\",\"potentialAction\":[{\"@type\":\"ReadAction\",\"target\":[\"https:\\\/\\\/www.esplac.cat\\\/lestiu-dels-esplais-lactivitat-del-lleure-associatiu-se-sobreposa-a-la-crisi-dels-terrenys-dacampada\\\/\"]}]},{\"@type\":\"ImageObject\",\"inLanguage\":\"en-US\",\"@id\":\"https:\\\/\\\/www.esplac.cat\\\/lestiu-dels-esplais-lactivitat-del-lleure-associatiu-se-sobreposa-a-la-crisi-dels-terrenys-dacampada\\\/#primaryimage\",\"url\":\"https:\\\/\\\/www.esplac.cat\\\/wp-content\\\/uploads\\\/2024\\\/07\\\/Estiu_Esplais.jpg\",\"contentUrl\":\"https:\\\/\\\/www.esplac.cat\\\/wp-content\\\/uploads\\\/2024\\\/07\\\/Estiu_Esplais.jpg\",\"width\":1697,\"height\":700,\"caption\":\"estiu esplais\"},{\"@type\":\"BreadcrumbList\",\"@id\":\"https:\\\/\\\/www.esplac.cat\\\/lestiu-dels-esplais-lactivitat-del-lleure-associatiu-se-sobreposa-a-la-crisi-dels-terrenys-dacampada\\\/#breadcrumb\",\"itemListElement\":[{\"@type\":\"ListItem\",\"position\":1,\"name\":\"Inici\",\"item\":\"https:\\\/\\\/www.esplac.cat\\\/en\\\/\"},{\"@type\":\"ListItem\",\"position\":2,\"name\":\"L\u2019estiu dels esplais: l\u2019activitat del lleure associatiu se sobreposa a la crisi dels terrenys d\u2019acampada\"}]},{\"@type\":\"WebSite\",\"@id\":\"https:\\\/\\\/www.esplac.cat\\\/#website\",\"url\":\"https:\\\/\\\/www.esplac.cat\\\/\",\"name\":\"Esplac\",\"description\":\"Esplais Catalans\",\"publisher\":{\"@id\":\"https:\\\/\\\/www.esplac.cat\\\/#organization\"},\"potentialAction\":[{\"@type\":\"SearchAction\",\"target\":{\"@type\":\"EntryPoint\",\"urlTemplate\":\"https:\\\/\\\/www.esplac.cat\\\/?s={search_term_string}\"},\"query-input\":{\"@type\":\"PropertyValueSpecification\",\"valueRequired\":true,\"valueName\":\"search_term_string\"}}],\"inLanguage\":\"en-US\"},{\"@type\":\"Organization\",\"@id\":\"https:\\\/\\\/www.esplac.cat\\\/#organization\",\"name\":\"Esplac\",\"url\":\"https:\\\/\\\/www.esplac.cat\\\/\",\"logo\":{\"@type\":\"ImageObject\",\"inLanguage\":\"en-US\",\"@id\":\"https:\\\/\\\/www.esplac.cat\\\/#\\\/schema\\\/logo\\\/image\\\/\",\"url\":\"https:\\\/\\\/www.esplac.cat\\\/wp-content\\\/uploads\\\/2019\\\/08\\\/logox2.png\",\"contentUrl\":\"https:\\\/\\\/www.esplac.cat\\\/wp-content\\\/uploads\\\/2019\\\/08\\\/logox2.png\",\"width\":600,\"height\":295,\"caption\":\"Esplac\"},\"image\":{\"@id\":\"https:\\\/\\\/www.esplac.cat\\\/#\\\/schema\\\/logo\\\/image\\\/\"}},{\"@type\":\"Person\",\"@id\":\"https:\\\/\\\/www.esplac.cat\\\/#\\\/schema\\\/person\\\/908383cf240be18b68f8855d0583faca\",\"name\":\"Comunicaci\u00f3 Esplac\",\"image\":{\"@type\":\"ImageObject\",\"inLanguage\":\"en-US\",\"@id\":\"https:\\\/\\\/secure.gravatar.com\\\/avatar\\\/7a4cf8feb412a76ea4a740ca02d95b06b2907b5a6c648c2dd0a1082a093c3141?s=96&d=mm&r=g\",\"url\":\"https:\\\/\\\/secure.gravatar.com\\\/avatar\\\/7a4cf8feb412a76ea4a740ca02d95b06b2907b5a6c648c2dd0a1082a093c3141?s=96&d=mm&r=g\",\"contentUrl\":\"https:\\\/\\\/secure.gravatar.com\\\/avatar\\\/7a4cf8feb412a76ea4a740ca02d95b06b2907b5a6c648c2dd0a1082a093c3141?s=96&d=mm&r=g\",\"caption\":\"Comunicaci\u00f3 Esplac\"}}]}<\/script>\n<!-- \/ Yoast SEO plugin. -->","yoast_head_json":{"title":"Els esplais se sobreposen a la crisi dels terrenys d\u2019acampada","description":"M\u00e9s de 5.000 infants i joves i m\u00e9s de 1.400 monis d\u2019Esplais Catalans marxen de campaments, col\u00f2nies i rutes aquest estiu.","robots":{"index":"index","follow":"follow","max-snippet":"max-snippet:-1","max-image-preview":"max-image-preview:large","max-video-preview":"max-video-preview:-1"},"canonical":"https:\/\/www.esplac.cat\/lestiu-dels-esplais-lactivitat-del-lleure-associatiu-se-sobreposa-a-la-crisi-dels-terrenys-dacampada\/","og_locale":"en_US","og_type":"article","og_title":"Els esplais se sobreposen a la crisi dels terrenys d\u2019acampada","og_description":"M\u00e9s de 5.000 infants i joves i m\u00e9s de 1.400 monis d\u2019Esplais Catalans marxen de campaments, col\u00f2nies i rutes aquest estiu.","og_url":"https:\/\/www.esplac.cat\/lestiu-dels-esplais-lactivitat-del-lleure-associatiu-se-sobreposa-a-la-crisi-dels-terrenys-dacampada\/","og_site_name":"Esplac","article_published_time":"2024-07-25T11:09:33+00:00","og_image":[{"width":1697,"height":700,"url":"https:\/\/www.esplac.cat\/wp-content\/uploads\/2024\/07\/Estiu_Esplais.jpg","type":"image\/jpeg"}],"author":"Comunicaci\u00f3 Esplac","twitter_card":"summary_large_image","twitter_misc":{"Written by":"Comunicaci\u00f3 Esplac","Est. reading time":"3 minutes"},"schema":{"@context":"https:\/\/schema.org","@graph":[{"@type":"Article","@id":"https:\/\/www.esplac.cat\/lestiu-dels-esplais-lactivitat-del-lleure-associatiu-se-sobreposa-a-la-crisi-dels-terrenys-dacampada\/#article","isPartOf":{"@id":"https:\/\/www.esplac.cat\/lestiu-dels-esplais-lactivitat-del-lleure-associatiu-se-sobreposa-a-la-crisi-dels-terrenys-dacampada\/"},"author":{"name":"Comunicaci\u00f3 Esplac","@id":"https:\/\/www.esplac.cat\/#\/schema\/person\/908383cf240be18b68f8855d0583faca"},"headline":"L\u2019estiu dels esplais: l\u2019activitat del lleure associatiu se sobreposa a la crisi dels terrenys d\u2019acampada","datePublished":"2024-07-25T11:09:33+00:00","mainEntityOfPage":{"@id":"https:\/\/www.esplac.cat\/lestiu-dels-esplais-lactivitat-del-lleure-associatiu-se-sobreposa-a-la-crisi-dels-terrenys-dacampada\/"},"wordCount":1489,"publisher":{"@id":"https:\/\/www.esplac.cat\/#organization"},"image":{"@id":"https:\/\/www.esplac.cat\/lestiu-dels-esplais-lactivitat-del-lleure-associatiu-se-sobreposa-a-la-crisi-dels-terrenys-dacampada\/#primaryimage"},"thumbnailUrl":"https:\/\/www.esplac.cat\/wp-content\/uploads\/2024\/07\/Estiu_Esplais.jpg","articleSection":["Activitats esplais","Sense categoria"],"inLanguage":"en-US"},{"@type":"WebPage","@id":"https:\/\/www.esplac.cat\/lestiu-dels-esplais-lactivitat-del-lleure-associatiu-se-sobreposa-a-la-crisi-dels-terrenys-dacampada\/","url":"https:\/\/www.esplac.cat\/lestiu-dels-esplais-lactivitat-del-lleure-associatiu-se-sobreposa-a-la-crisi-dels-terrenys-dacampada\/","name":"Els esplais se sobreposen a la crisi dels terrenys d\u2019acampada","isPartOf":{"@id":"https:\/\/www.esplac.cat\/#website"},"primaryImageOfPage":{"@id":"https:\/\/www.esplac.cat\/lestiu-dels-esplais-lactivitat-del-lleure-associatiu-se-sobreposa-a-la-crisi-dels-terrenys-dacampada\/#primaryimage"},"image":{"@id":"https:\/\/www.esplac.cat\/lestiu-dels-esplais-lactivitat-del-lleure-associatiu-se-sobreposa-a-la-crisi-dels-terrenys-dacampada\/#primaryimage"},"thumbnailUrl":"https:\/\/www.esplac.cat\/wp-content\/uploads\/2024\/07\/Estiu_Esplais.jpg","datePublished":"2024-07-25T11:09:33+00:00","description":"M\u00e9s de 5.000 infants i joves i m\u00e9s de 1.400 monis d\u2019Esplais Catalans marxen de campaments, col\u00f2nies i rutes aquest estiu.","breadcrumb":{"@id":"https:\/\/www.esplac.cat\/lestiu-dels-esplais-lactivitat-del-lleure-associatiu-se-sobreposa-a-la-crisi-dels-terrenys-dacampada\/#breadcrumb"},"inLanguage":"en-US","potentialAction":[{"@type":"ReadAction","target":["https:\/\/www.esplac.cat\/lestiu-dels-esplais-lactivitat-del-lleure-associatiu-se-sobreposa-a-la-crisi-dels-terrenys-dacampada\/"]}]},{"@type":"ImageObject","inLanguage":"en-US","@id":"https:\/\/www.esplac.cat\/lestiu-dels-esplais-lactivitat-del-lleure-associatiu-se-sobreposa-a-la-crisi-dels-terrenys-dacampada\/#primaryimage","url":"https:\/\/www.esplac.cat\/wp-content\/uploads\/2024\/07\/Estiu_Esplais.jpg","contentUrl":"https:\/\/www.esplac.cat\/wp-content\/uploads\/2024\/07\/Estiu_Esplais.jpg","width":1697,"height":700,"caption":"estiu esplais"},{"@type":"BreadcrumbList","@id":"https:\/\/www.esplac.cat\/lestiu-dels-esplais-lactivitat-del-lleure-associatiu-se-sobreposa-a-la-crisi-dels-terrenys-dacampada\/#breadcrumb","itemListElement":[{"@type":"ListItem","position":1,"name":"Inici","item":"https:\/\/www.esplac.cat\/en\/"},{"@type":"ListItem","position":2,"name":"L\u2019estiu dels esplais: l\u2019activitat del lleure associatiu se sobreposa a la crisi dels terrenys d\u2019acampada"}]},{"@type":"WebSite","@id":"https:\/\/www.esplac.cat\/#website","url":"https:\/\/www.esplac.cat\/","name":"Esplac","description":"Esplais Catalans","publisher":{"@id":"https:\/\/www.esplac.cat\/#organization"},"potentialAction":[{"@type":"SearchAction","target":{"@type":"EntryPoint","urlTemplate":"https:\/\/www.esplac.cat\/?s={search_term_string}"},"query-input":{"@type":"PropertyValueSpecification","valueRequired":true,"valueName":"search_term_string"}}],"inLanguage":"en-US"},{"@type":"Organization","@id":"https:\/\/www.esplac.cat\/#organization","name":"Esplac","url":"https:\/\/www.esplac.cat\/","logo":{"@type":"ImageObject","inLanguage":"en-US","@id":"https:\/\/www.esplac.cat\/#\/schema\/logo\/image\/","url":"https:\/\/www.esplac.cat\/wp-content\/uploads\/2019\/08\/logox2.png","contentUrl":"https:\/\/www.esplac.cat\/wp-content\/uploads\/2019\/08\/logox2.png","width":600,"height":295,"caption":"Esplac"},"image":{"@id":"https:\/\/www.esplac.cat\/#\/schema\/logo\/image\/"}},{"@type":"Person","@id":"https:\/\/www.esplac.cat\/#\/schema\/person\/908383cf240be18b68f8855d0583faca","name":"Comunicaci\u00f3 Esplac","image":{"@type":"ImageObject","inLanguage":"en-US","@id":"https:\/\/secure.gravatar.com\/avatar\/7a4cf8feb412a76ea4a740ca02d95b06b2907b5a6c648c2dd0a1082a093c3141?s=96&d=mm&r=g","url":"https:\/\/secure.gravatar.com\/avatar\/7a4cf8feb412a76ea4a740ca02d95b06b2907b5a6c648c2dd0a1082a093c3141?s=96&d=mm&r=g","contentUrl":"https:\/\/secure.gravatar.com\/avatar\/7a4cf8feb412a76ea4a740ca02d95b06b2907b5a6c648c2dd0a1082a093c3141?s=96&d=mm&r=g","caption":"Comunicaci\u00f3 Esplac"}}]}},"_links":{"self":[{"href":"https:\/\/www.esplac.cat\/en\/wp-json\/wp\/v2\/posts\/50493","targetHints":{"allow":["GET"]}}],"collection":[{"href":"https:\/\/www.esplac.cat\/en\/wp-json\/wp\/v2\/posts"}],"about":[{"href":"https:\/\/www.esplac.cat\/en\/wp-json\/wp\/v2\/types\/post"}],"author":[{"embeddable":true,"href":"https:\/\/www.esplac.cat\/en\/wp-json\/wp\/v2\/users\/3"}],"replies":[{"embeddable":true,"href":"https:\/\/www.esplac.cat\/en\/wp-json\/wp\/v2\/comments?post=50493"}],"version-history":[{"count":4,"href":"https:\/\/www.esplac.cat\/en\/wp-json\/wp\/v2\/posts\/50493\/revisions"}],"predecessor-version":[{"id":50500,"href":"https:\/\/www.esplac.cat\/en\/wp-json\/wp\/v2\/posts\/50493\/revisions\/50500"}],"wp:featuredmedia":[{"embeddable":true,"href":"https:\/\/www.esplac.cat\/en\/wp-json\/wp\/v2\/media\/50495"}],"wp:attachment":[{"href":"https:\/\/www.esplac.cat\/en\/wp-json\/wp\/v2\/media?parent=50493"}],"wp:term":[{"taxonomy":"category","embeddable":true,"href":"https:\/\/www.esplac.cat\/en\/wp-json\/wp\/v2\/categories?post=50493"},{"taxonomy":"post_tag","embeddable":true,"href":"https:\/\/www.esplac.cat\/en\/wp-json\/wp\/v2\/tags?post=50493"}],"curies":[{"name":"wp","href":"https:\/\/api.w.org\/{rel}","templated":true}]}}