{"id":50501,"date":"2024-07-31T10:58:09","date_gmt":"2024-07-31T08:58:09","guid":{"rendered":"https:\/\/www.esplac.cat\/?p=50501"},"modified":"2024-07-31T11:00:00","modified_gmt":"2024-07-31T09:00:00","slug":"finances-etiques-entrevista-gem","status":"publish","type":"post","link":"https:\/\/www.esplac.cat\/en\/finances-etiques-entrevista-gem\/","title":{"rendered":"Esplai GEM: &#8220;Animem molt\u00edssim a altres esplais a fer el canvi a la Banca \u00c8tica&#8221;"},"content":{"rendered":"<div class=\"fusion-fullwidth fullwidth-box fusion-builder-row-1 fusion-flex-container has-pattern-background has-mask-background nonhundred-percent-fullwidth non-hundred-percent-height-scrolling\" style=\"--awb-border-radius-top-left:0px;--awb-border-radius-top-right:0px;--awb-border-radius-bottom-right:0px;--awb-border-radius-bottom-left:0px;--awb-flex-wrap:wrap;\" ><div class=\"fusion-builder-row fusion-row fusion-flex-align-items-flex-start fusion-flex-content-wrap\" style=\"max-width:1248px;margin-left: calc(-4% \/ 2 );margin-right: calc(-4% \/ 2 );\"><div class=\"fusion-layout-column fusion_builder_column fusion-builder-column-0 fusion_builder_column_1_1 1_1 fusion-flex-column\" style=\"--awb-bg-size:cover;--awb-width-large:100%;--awb-margin-top-large:0px;--awb-spacing-right-large:1.92%;--awb-margin-bottom-large:20px;--awb-spacing-left-large:1.92%;--awb-width-medium:100%;--awb-order-medium:0;--awb-spacing-right-medium:1.92%;--awb-spacing-left-medium:1.92%;--awb-width-small:100%;--awb-order-small:0;--awb-spacing-right-small:1.92%;--awb-spacing-left-small:1.92%;\"><div class=\"fusion-column-wrapper fusion-column-has-shadow fusion-flex-justify-content-flex-start fusion-content-layout-column\"><div class=\"fusion-text fusion-text-1\"><h6><strong>Enguany el Grup d&#8217;Esplai Montbui (<a href=\"https:\/\/www.instagram.com\/grupesplai\/\" target=\"_blank\" rel=\"noopener\">GEM<\/a>) ha fet el pas a les <span class=\"hiddenGrammarError\">finances<\/span> \u00e8tiques. En aquesta breu entrevista expliquen la seva experi\u00e8ncia, amb els reptes i avantatges amb qu\u00e8 s&#8217;han trobat. No te la perdis!<\/strong><\/h6>\n<p><strong>Una associaci\u00f3, encara que sigui sense \u00e0nim de lucre, genera moviments econ\u00f2mics. Des del vostre punt de vista, quin paper juga l\u2019economia a l\u2019esplai? <\/strong>En el nostre cas, \u00e9s molt important. Ens trobem en la situaci\u00f3 que moltes vegades tenim certes limitacions pel simple fet de no disposar de gaire pressupost.<\/p>\n<p><strong>Qu\u00e8 us ha fet plantejar canviar de banc?<\/strong> <strong>Les finances \u00e8tiques, m\u00e9s enll\u00e0 de vetllar pel benefici econ\u00f2mic, posen al mateix nivell l\u2019impacte social i mediambiental que poden generar a partir del seu exercici, sobretot amb els projectes que financen. Per a vosaltres \u00e9s important que els esplais tinguem en compte aix\u00f2?<\/strong> S\u00ed, \u00e9s crucial, ja que els esplais treballem per canviar la societat en la qual vivim i volem que els nostres diners serveixin per causes \u00e8tiques i socials.<\/p>\n<p><strong>Com ha estat el proc\u00e9s de canvi cap a les finances \u00e8tiques?<\/strong> Vam decidir fer un canvi en el moment que vam comen\u00e7ar a notar que les comissions que ens cobraven eren molt altes. A partir d\u2019aqu\u00ed, vam decidir informar-nos sobre les opcions que ten\u00edem i ens vam trobar que hi havia la possibilitat de donar una oportunitat a la banca \u00e8tica. Cap de nosaltres n\u2019estava gaire al cas, aix\u00ed que vam decidir demanar ajuda a Esplac i fer una c\u00e0psula formativa sobre aquest tema. Un cop feta la c\u00e0psula\u00a0 vam veure que era la millor opci\u00f3 i que ho hav\u00edem de tirar endavant. Sab\u00edem que per tema log\u00edstic seria complicat, hav\u00edem de fer molta burocr\u00e0cia i diverses gestions que van comportar bastant temps.<\/p>\n<p><strong>Amb quines dificultats us heu trobat i com les heu superades?<\/strong> El problema m\u00e9s gran que hi vam trobar nosaltres va ser el fet que la seva seu estigui a Barcelona. A nosaltres ens queda una mica lluny i vam haver d\u2019anar un dia expressament a Barcelona tres dels membres de la junta (president, secret\u00e0ria i tresorera) per poder obrir el compte bancari. Un altre problema amb qu\u00e8 ens vam topar va ser que el banc amb el qual estem ara no t\u00e9 servei d\u2019efectiu. Aix\u00f2 va comportar que tots els diners que tenia l\u2019Esplai es van haver d\u2019ingressar a un compte personal i, a partir d\u2019aqu\u00ed, fer la gesti\u00f3 de les transfer\u00e8ncies. Tot i aquests problemes, estem molt contents i orgullosos d\u2019haver-ho fet i sabem que ha estat \u00fatil.<\/p>\n<p><strong>Heu treballat aquest proc\u00e9s amb infants i fam\u00edlies?<\/strong> S\u00ed, en el moment en qu\u00e8 vam haver de comunicar a les fam\u00edlies que a partir d\u2019aquell dia havien de fer tots els pagaments per transfer\u00e8ncia, i no en efectiu, els vam explicar tot el proc\u00e9s, els motius de la nostra decisi\u00f3 i els beneficis que aquesta comporta. Van estar s\u00faper a favor d\u2019aquesta decisi\u00f3, van veure els beneficis i tamb\u00e9 van poder veure que ells tamb\u00e9 poden fer aquest canvi. Pel que fa als infants, els m\u00e9s grans estan al corrent. Es va preguntar el coneixement que tenien ells respecte als bancs, la seva manera i funcionar i si sabien els valors que aquests defensen. Seguidament, els vam explicar les difer\u00e8ncies entre els bancs m\u00e9s comuns i la banca \u00e8tica. Van poder veure la realitat de tot aquest m\u00f3n que potser queda una mica amagat i van prendre una mica m\u00e9s de consci\u00e8ncia respecte aquest tema.<\/p>\n<p><strong>Animeu a altres esplais a fer el pas cap a la Banca \u00c8tica?<\/strong> Totalment, els animem molt\u00edssim! Parlant amb claredat, \u00e9s una gesti\u00f3 que pot fer molta mandra: \u00e9s fer molts papers i durant un temps requereix una mica d\u2019adaptaci\u00f3 pel que fa al funcionament del nou banc. Tot i aix\u00ed, val molt la pena fer el canvi, no contribueixes amb temes que el propi esplai no defensa i no contradius els valors de l\u2019entitat. Les finances \u00e8tiques donen molt suport a les entitats i ens ho intenten facilitar tot molt. \u00c9s una molt bona decisi\u00f3!<\/p>\n<\/div><div class=\"fusion-text fusion-text-2\"><h6><span style=\"color: #f69d0b;\"><strong>Si vols saber m\u00e9s sobre finances \u00e8tiques&#8230;<\/strong><\/span><\/h6>\n<\/div><div style=\"text-align:center;\"><a class=\"fusion-button button-flat fusion-button-default-size button-default fusion-button-default button-1 fusion-button-default-span fusion-button-default-type\" target=\"_self\" href=\"https:\/\/tresoreriatransformadora.org\"><span class=\"fusion-button-text\">recurs: tresoreries transformadores<\/span><\/a><\/div><\/div><\/div><\/div><\/div>\n","protected":false},"excerpt":{"rendered":"","protected":false},"author":3,"featured_media":50503,"comment_status":"closed","ping_status":"closed","sticky":false,"template":"","format":"standard","meta":{"om_disable_all_campaigns":false,"_monsterinsights_skip_tracking":false,"_monsterinsights_sitenote_active":false,"_monsterinsights_sitenote_note":"","_monsterinsights_sitenote_category":0,"_uf_show_specific_survey":0,"_uf_disable_surveys":false,"footnotes":""},"categories":[1114,1,1396],"tags":[],"class_list":["post-50501","post","type-post","status-publish","format-standard","has-post-thumbnail","hentry","category-recursos","category-sense-categoria","category-socies"],"yoast_head":"<!-- This site is optimized with the Yoast SEO plugin v27.4 - https:\/\/yoast.com\/product\/yoast-seo-wordpress\/ -->\n<title>&quot;Animem molt\u00edssim a altres esplais a fer el canvi a la Banca \u00c8tica&quot;<\/title>\n<meta name=\"robots\" content=\"index, follow, max-snippet:-1, max-image-preview:large, max-video-preview:-1\" \/>\n<link rel=\"canonical\" href=\"https:\/\/www.esplac.cat\/finances-etiques-entrevista-gem\/\" \/>\n<meta property=\"og:locale\" content=\"en_US\" \/>\n<meta property=\"og:type\" content=\"article\" \/>\n<meta property=\"og:title\" content=\"&quot;Animem molt\u00edssim a altres esplais a fer el canvi a la Banca \u00c8tica&quot;\" \/>\n<meta property=\"og:url\" content=\"https:\/\/www.esplac.cat\/finances-etiques-entrevista-gem\/\" \/>\n<meta property=\"og:site_name\" content=\"Esplac\" \/>\n<meta property=\"article:published_time\" content=\"2024-07-31T08:58:09+00:00\" \/>\n<meta property=\"article:modified_time\" content=\"2024-07-31T09:00:00+00:00\" \/>\n<meta property=\"og:image\" content=\"https:\/\/www.esplac.cat\/wp-content\/uploads\/2024\/07\/Banca_Etica_Entrevista.jpg\" \/>\n\t<meta property=\"og:image:width\" content=\"1697\" \/>\n\t<meta property=\"og:image:height\" content=\"700\" \/>\n\t<meta property=\"og:image:type\" content=\"image\/jpeg\" \/>\n<meta name=\"author\" content=\"Comunicaci\u00f3 Esplac\" \/>\n<meta name=\"twitter:card\" content=\"summary_large_image\" \/>\n<meta name=\"twitter:label1\" content=\"Written by\" \/>\n\t<meta name=\"twitter:data1\" content=\"Comunicaci\u00f3 Esplac\" \/>\n\t<meta name=\"twitter:label2\" content=\"Est. reading time\" \/>\n\t<meta name=\"twitter:data2\" content=\"4 minutes\" \/>\n<script type=\"application\/ld+json\" class=\"yoast-schema-graph\">{\"@context\":\"https:\\\/\\\/schema.org\",\"@graph\":[{\"@type\":\"Article\",\"@id\":\"https:\\\/\\\/www.esplac.cat\\\/finances-etiques-entrevista-gem\\\/#article\",\"isPartOf\":{\"@id\":\"https:\\\/\\\/www.esplac.cat\\\/finances-etiques-entrevista-gem\\\/\"},\"author\":{\"name\":\"Comunicaci\u00f3 Esplac\",\"@id\":\"https:\\\/\\\/www.esplac.cat\\\/#\\\/schema\\\/person\\\/908383cf240be18b68f8855d0583faca\"},\"headline\":\"Esplai GEM: &#8220;Animem molt\u00edssim a altres esplais a fer el canvi a la Banca \u00c8tica&#8221;\",\"datePublished\":\"2024-07-31T08:58:09+00:00\",\"dateModified\":\"2024-07-31T09:00:00+00:00\",\"mainEntityOfPage\":{\"@id\":\"https:\\\/\\\/www.esplac.cat\\\/finances-etiques-entrevista-gem\\\/\"},\"wordCount\":1952,\"publisher\":{\"@id\":\"https:\\\/\\\/www.esplac.cat\\\/#organization\"},\"image\":{\"@id\":\"https:\\\/\\\/www.esplac.cat\\\/finances-etiques-entrevista-gem\\\/#primaryimage\"},\"thumbnailUrl\":\"https:\\\/\\\/www.esplac.cat\\\/wp-content\\\/uploads\\\/2024\\\/07\\\/Banca_Etica_Entrevista.jpg\",\"articleSection\":[\"Recursos\",\"Sense categoria\",\"S\u00f2cies\"],\"inLanguage\":\"en-US\"},{\"@type\":\"WebPage\",\"@id\":\"https:\\\/\\\/www.esplac.cat\\\/finances-etiques-entrevista-gem\\\/\",\"url\":\"https:\\\/\\\/www.esplac.cat\\\/finances-etiques-entrevista-gem\\\/\",\"name\":\"\\\"Animem molt\u00edssim a altres esplais a fer el canvi a la Banca \u00c8tica\\\"\",\"isPartOf\":{\"@id\":\"https:\\\/\\\/www.esplac.cat\\\/#website\"},\"primaryImageOfPage\":{\"@id\":\"https:\\\/\\\/www.esplac.cat\\\/finances-etiques-entrevista-gem\\\/#primaryimage\"},\"image\":{\"@id\":\"https:\\\/\\\/www.esplac.cat\\\/finances-etiques-entrevista-gem\\\/#primaryimage\"},\"thumbnailUrl\":\"https:\\\/\\\/www.esplac.cat\\\/wp-content\\\/uploads\\\/2024\\\/07\\\/Banca_Etica_Entrevista.jpg\",\"datePublished\":\"2024-07-31T08:58:09+00:00\",\"dateModified\":\"2024-07-31T09:00:00+00:00\",\"breadcrumb\":{\"@id\":\"https:\\\/\\\/www.esplac.cat\\\/finances-etiques-entrevista-gem\\\/#breadcrumb\"},\"inLanguage\":\"en-US\",\"potentialAction\":[{\"@type\":\"ReadAction\",\"target\":[\"https:\\\/\\\/www.esplac.cat\\\/finances-etiques-entrevista-gem\\\/\"]}]},{\"@type\":\"ImageObject\",\"inLanguage\":\"en-US\",\"@id\":\"https:\\\/\\\/www.esplac.cat\\\/finances-etiques-entrevista-gem\\\/#primaryimage\",\"url\":\"https:\\\/\\\/www.esplac.cat\\\/wp-content\\\/uploads\\\/2024\\\/07\\\/Banca_Etica_Entrevista.jpg\",\"contentUrl\":\"https:\\\/\\\/www.esplac.cat\\\/wp-content\\\/uploads\\\/2024\\\/07\\\/Banca_Etica_Entrevista.jpg\",\"width\":1697,\"height\":700,\"caption\":\"finances \u00e8tiques\"},{\"@type\":\"BreadcrumbList\",\"@id\":\"https:\\\/\\\/www.esplac.cat\\\/finances-etiques-entrevista-gem\\\/#breadcrumb\",\"itemListElement\":[{\"@type\":\"ListItem\",\"position\":1,\"name\":\"Inici\",\"item\":\"https:\\\/\\\/www.esplac.cat\\\/en\\\/\"},{\"@type\":\"ListItem\",\"position\":2,\"name\":\"Esplai GEM: &#8220;Animem molt\u00edssim a altres esplais a fer el canvi a la Banca \u00c8tica&#8221;\"}]},{\"@type\":\"WebSite\",\"@id\":\"https:\\\/\\\/www.esplac.cat\\\/#website\",\"url\":\"https:\\\/\\\/www.esplac.cat\\\/\",\"name\":\"Esplac\",\"description\":\"Esplais Catalans\",\"publisher\":{\"@id\":\"https:\\\/\\\/www.esplac.cat\\\/#organization\"},\"potentialAction\":[{\"@type\":\"SearchAction\",\"target\":{\"@type\":\"EntryPoint\",\"urlTemplate\":\"https:\\\/\\\/www.esplac.cat\\\/?s={search_term_string}\"},\"query-input\":{\"@type\":\"PropertyValueSpecification\",\"valueRequired\":true,\"valueName\":\"search_term_string\"}}],\"inLanguage\":\"en-US\"},{\"@type\":\"Organization\",\"@id\":\"https:\\\/\\\/www.esplac.cat\\\/#organization\",\"name\":\"Esplac\",\"url\":\"https:\\\/\\\/www.esplac.cat\\\/\",\"logo\":{\"@type\":\"ImageObject\",\"inLanguage\":\"en-US\",\"@id\":\"https:\\\/\\\/www.esplac.cat\\\/#\\\/schema\\\/logo\\\/image\\\/\",\"url\":\"https:\\\/\\\/www.esplac.cat\\\/wp-content\\\/uploads\\\/2019\\\/08\\\/logox2.png\",\"contentUrl\":\"https:\\\/\\\/www.esplac.cat\\\/wp-content\\\/uploads\\\/2019\\\/08\\\/logox2.png\",\"width\":600,\"height\":295,\"caption\":\"Esplac\"},\"image\":{\"@id\":\"https:\\\/\\\/www.esplac.cat\\\/#\\\/schema\\\/logo\\\/image\\\/\"}},{\"@type\":\"Person\",\"@id\":\"https:\\\/\\\/www.esplac.cat\\\/#\\\/schema\\\/person\\\/908383cf240be18b68f8855d0583faca\",\"name\":\"Comunicaci\u00f3 Esplac\",\"image\":{\"@type\":\"ImageObject\",\"inLanguage\":\"en-US\",\"@id\":\"https:\\\/\\\/secure.gravatar.com\\\/avatar\\\/7a4cf8feb412a76ea4a740ca02d95b06b2907b5a6c648c2dd0a1082a093c3141?s=96&d=mm&r=g\",\"url\":\"https:\\\/\\\/secure.gravatar.com\\\/avatar\\\/7a4cf8feb412a76ea4a740ca02d95b06b2907b5a6c648c2dd0a1082a093c3141?s=96&d=mm&r=g\",\"contentUrl\":\"https:\\\/\\\/secure.gravatar.com\\\/avatar\\\/7a4cf8feb412a76ea4a740ca02d95b06b2907b5a6c648c2dd0a1082a093c3141?s=96&d=mm&r=g\",\"caption\":\"Comunicaci\u00f3 Esplac\"}}]}<\/script>\n<!-- \/ Yoast SEO plugin. -->","yoast_head_json":{"title":"\"Animem molt\u00edssim a altres esplais a fer el canvi a la Banca \u00c8tica\"","robots":{"index":"index","follow":"follow","max-snippet":"max-snippet:-1","max-image-preview":"max-image-preview:large","max-video-preview":"max-video-preview:-1"},"canonical":"https:\/\/www.esplac.cat\/finances-etiques-entrevista-gem\/","og_locale":"en_US","og_type":"article","og_title":"\"Animem molt\u00edssim a altres esplais a fer el canvi a la Banca \u00c8tica\"","og_url":"https:\/\/www.esplac.cat\/finances-etiques-entrevista-gem\/","og_site_name":"Esplac","article_published_time":"2024-07-31T08:58:09+00:00","article_modified_time":"2024-07-31T09:00:00+00:00","og_image":[{"width":1697,"height":700,"url":"https:\/\/www.esplac.cat\/wp-content\/uploads\/2024\/07\/Banca_Etica_Entrevista.jpg","type":"image\/jpeg"}],"author":"Comunicaci\u00f3 Esplac","twitter_card":"summary_large_image","twitter_misc":{"Written by":"Comunicaci\u00f3 Esplac","Est. reading time":"4 minutes"},"schema":{"@context":"https:\/\/schema.org","@graph":[{"@type":"Article","@id":"https:\/\/www.esplac.cat\/finances-etiques-entrevista-gem\/#article","isPartOf":{"@id":"https:\/\/www.esplac.cat\/finances-etiques-entrevista-gem\/"},"author":{"name":"Comunicaci\u00f3 Esplac","@id":"https:\/\/www.esplac.cat\/#\/schema\/person\/908383cf240be18b68f8855d0583faca"},"headline":"Esplai GEM: &#8220;Animem molt\u00edssim a altres esplais a fer el canvi a la Banca \u00c8tica&#8221;","datePublished":"2024-07-31T08:58:09+00:00","dateModified":"2024-07-31T09:00:00+00:00","mainEntityOfPage":{"@id":"https:\/\/www.esplac.cat\/finances-etiques-entrevista-gem\/"},"wordCount":1952,"publisher":{"@id":"https:\/\/www.esplac.cat\/#organization"},"image":{"@id":"https:\/\/www.esplac.cat\/finances-etiques-entrevista-gem\/#primaryimage"},"thumbnailUrl":"https:\/\/www.esplac.cat\/wp-content\/uploads\/2024\/07\/Banca_Etica_Entrevista.jpg","articleSection":["Recursos","Sense categoria","S\u00f2cies"],"inLanguage":"en-US"},{"@type":"WebPage","@id":"https:\/\/www.esplac.cat\/finances-etiques-entrevista-gem\/","url":"https:\/\/www.esplac.cat\/finances-etiques-entrevista-gem\/","name":"\"Animem molt\u00edssim a altres esplais a fer el canvi a la Banca \u00c8tica\"","isPartOf":{"@id":"https:\/\/www.esplac.cat\/#website"},"primaryImageOfPage":{"@id":"https:\/\/www.esplac.cat\/finances-etiques-entrevista-gem\/#primaryimage"},"image":{"@id":"https:\/\/www.esplac.cat\/finances-etiques-entrevista-gem\/#primaryimage"},"thumbnailUrl":"https:\/\/www.esplac.cat\/wp-content\/uploads\/2024\/07\/Banca_Etica_Entrevista.jpg","datePublished":"2024-07-31T08:58:09+00:00","dateModified":"2024-07-31T09:00:00+00:00","breadcrumb":{"@id":"https:\/\/www.esplac.cat\/finances-etiques-entrevista-gem\/#breadcrumb"},"inLanguage":"en-US","potentialAction":[{"@type":"ReadAction","target":["https:\/\/www.esplac.cat\/finances-etiques-entrevista-gem\/"]}]},{"@type":"ImageObject","inLanguage":"en-US","@id":"https:\/\/www.esplac.cat\/finances-etiques-entrevista-gem\/#primaryimage","url":"https:\/\/www.esplac.cat\/wp-content\/uploads\/2024\/07\/Banca_Etica_Entrevista.jpg","contentUrl":"https:\/\/www.esplac.cat\/wp-content\/uploads\/2024\/07\/Banca_Etica_Entrevista.jpg","width":1697,"height":700,"caption":"finances \u00e8tiques"},{"@type":"BreadcrumbList","@id":"https:\/\/www.esplac.cat\/finances-etiques-entrevista-gem\/#breadcrumb","itemListElement":[{"@type":"ListItem","position":1,"name":"Inici","item":"https:\/\/www.esplac.cat\/en\/"},{"@type":"ListItem","position":2,"name":"Esplai GEM: &#8220;Animem molt\u00edssim a altres esplais a fer el canvi a la Banca \u00c8tica&#8221;"}]},{"@type":"WebSite","@id":"https:\/\/www.esplac.cat\/#website","url":"https:\/\/www.esplac.cat\/","name":"Esplac","description":"Esplais Catalans","publisher":{"@id":"https:\/\/www.esplac.cat\/#organization"},"potentialAction":[{"@type":"SearchAction","target":{"@type":"EntryPoint","urlTemplate":"https:\/\/www.esplac.cat\/?s={search_term_string}"},"query-input":{"@type":"PropertyValueSpecification","valueRequired":true,"valueName":"search_term_string"}}],"inLanguage":"en-US"},{"@type":"Organization","@id":"https:\/\/www.esplac.cat\/#organization","name":"Esplac","url":"https:\/\/www.esplac.cat\/","logo":{"@type":"ImageObject","inLanguage":"en-US","@id":"https:\/\/www.esplac.cat\/#\/schema\/logo\/image\/","url":"https:\/\/www.esplac.cat\/wp-content\/uploads\/2019\/08\/logox2.png","contentUrl":"https:\/\/www.esplac.cat\/wp-content\/uploads\/2019\/08\/logox2.png","width":600,"height":295,"caption":"Esplac"},"image":{"@id":"https:\/\/www.esplac.cat\/#\/schema\/logo\/image\/"}},{"@type":"Person","@id":"https:\/\/www.esplac.cat\/#\/schema\/person\/908383cf240be18b68f8855d0583faca","name":"Comunicaci\u00f3 Esplac","image":{"@type":"ImageObject","inLanguage":"en-US","@id":"https:\/\/secure.gravatar.com\/avatar\/7a4cf8feb412a76ea4a740ca02d95b06b2907b5a6c648c2dd0a1082a093c3141?s=96&d=mm&r=g","url":"https:\/\/secure.gravatar.com\/avatar\/7a4cf8feb412a76ea4a740ca02d95b06b2907b5a6c648c2dd0a1082a093c3141?s=96&d=mm&r=g","contentUrl":"https:\/\/secure.gravatar.com\/avatar\/7a4cf8feb412a76ea4a740ca02d95b06b2907b5a6c648c2dd0a1082a093c3141?s=96&d=mm&r=g","caption":"Comunicaci\u00f3 Esplac"}}]}},"_links":{"self":[{"href":"https:\/\/www.esplac.cat\/en\/wp-json\/wp\/v2\/posts\/50501","targetHints":{"allow":["GET"]}}],"collection":[{"href":"https:\/\/www.esplac.cat\/en\/wp-json\/wp\/v2\/posts"}],"about":[{"href":"https:\/\/www.esplac.cat\/en\/wp-json\/wp\/v2\/types\/post"}],"author":[{"embeddable":true,"href":"https:\/\/www.esplac.cat\/en\/wp-json\/wp\/v2\/users\/3"}],"replies":[{"embeddable":true,"href":"https:\/\/www.esplac.cat\/en\/wp-json\/wp\/v2\/comments?post=50501"}],"version-history":[{"count":13,"href":"https:\/\/www.esplac.cat\/en\/wp-json\/wp\/v2\/posts\/50501\/revisions"}],"predecessor-version":[{"id":50713,"href":"https:\/\/www.esplac.cat\/en\/wp-json\/wp\/v2\/posts\/50501\/revisions\/50713"}],"wp:featuredmedia":[{"embeddable":true,"href":"https:\/\/www.esplac.cat\/en\/wp-json\/wp\/v2\/media\/50503"}],"wp:attachment":[{"href":"https:\/\/www.esplac.cat\/en\/wp-json\/wp\/v2\/media?parent=50501"}],"wp:term":[{"taxonomy":"category","embeddable":true,"href":"https:\/\/www.esplac.cat\/en\/wp-json\/wp\/v2\/categories?post=50501"},{"taxonomy":"post_tag","embeddable":true,"href":"https:\/\/www.esplac.cat\/en\/wp-json\/wp\/v2\/tags?post=50501"}],"curies":[{"name":"wp","href":"https:\/\/api.w.org\/{rel}","templated":true}]}}