{"id":51032,"date":"2024-09-16T13:30:43","date_gmt":"2024-09-16T11:30:43","guid":{"rendered":"https:\/\/www.esplac.cat\/?p=51032"},"modified":"2024-12-12T14:55:02","modified_gmt":"2024-12-12T12:55:02","slug":"ja-pots-inscriuret-tardor-formacio","status":"publish","type":"post","link":"https:\/\/www.esplac.cat\/en\/ja-pots-inscriuret-tardor-formacio\/","title":{"rendered":"Ja pots inscriure\u2019t a la tardor de formaci\u00f3!"},"content":{"rendered":"<div class=\"fusion-fullwidth fullwidth-box fusion-builder-row-1 fusion-flex-container has-pattern-background has-mask-background nonhundred-percent-fullwidth non-hundred-percent-height-scrolling\" style=\"--awb-border-radius-top-left:0px;--awb-border-radius-top-right:0px;--awb-border-radius-bottom-right:0px;--awb-border-radius-bottom-left:0px;--awb-flex-wrap:wrap;\" ><div class=\"fusion-builder-row fusion-row fusion-flex-align-items-flex-start fusion-flex-content-wrap\" style=\"max-width:1248px;margin-left: calc(-4% \/ 2 );margin-right: calc(-4% \/ 2 );\"><div class=\"fusion-layout-column fusion_builder_column fusion-builder-column-0 fusion_builder_column_1_1 1_1 fusion-flex-column\" style=\"--awb-bg-size:cover;--awb-width-large:100%;--awb-margin-top-large:0px;--awb-spacing-right-large:1.92%;--awb-margin-bottom-large:20px;--awb-spacing-left-large:1.92%;--awb-width-medium:100%;--awb-order-medium:0;--awb-spacing-right-medium:1.92%;--awb-spacing-left-medium:1.92%;--awb-width-small:100%;--awb-order-small:0;--awb-spacing-right-small:1.92%;--awb-spacing-left-small:1.92%;\"><div class=\"fusion-column-wrapper fusion-column-has-shadow fusion-flex-justify-content-flex-start fusion-content-layout-column\"><div class=\"fusion-text fusion-text-1\"><h6><strong>Aquesta tardor torna a venir carregada d\u2019oportunitats formatives amb les Jornades Ambientals, les Jornades de Lleure i Feminismes i les Tardes de Lleure i Antiracisme!<\/strong><\/h6>\n<p>A Esplac el curs 2024-2025 arrenca amb for\u00e7a i, com ja \u00e9s tradici\u00f3, els mesos d\u2019octubre i novembre venen acompanyats d\u2019algunes de les jornades formatives m\u00e9s interessants d\u2019aquesta entitat! Pareu atenci\u00f3 i agafeu l\u2019agenda, perqu\u00e8 aquest octubre tornen les <strong>Jornades Ambientals<\/strong> i les <strong>Jornades de Lleure i Feminismes<\/strong>. Al novembre, per altra banda, arriba una nova edici\u00f3 de les <strong>Tardes de Lleure i Antiracisme<\/strong>. Les inscripcions ja estan obertes, vigila no et quedis sense pla\u00e7a!<\/p>\n<p>El <strong>diumenge 13 d\u2019octubre<\/strong> arriba l\u2019onzena edici\u00f3 de les <span style=\"color: #f69d0b;\"><a style=\"color: #f69d0b;\" href=\"https:\/\/www.esplac.cat\/formacions\/jornades-ambientals\/\" target=\"_blank\" rel=\"noopener\"><strong>Jornades Ambientals<\/strong><\/a><\/span>, aquest cop per reflexionar al voltant de la sobirania aliment\u00e0ria i debatre sobre com podem treballar aquesta q\u00fcesti\u00f3 des del lleure associatiu. Al web d\u2019esplac trobareu tot el que necessiteu saber sobre aquesta trobada, que tindr\u00e0 lloc a <strong>La Casa Groga<\/strong> (Barcelona)! <strong>Podeu inscriure-us <span style=\"color: #f69d0b;\"><a style=\"color: #f69d0b;\" href=\"https:\/\/era.esplac.cat\/#\/gestio-edt\/comissi%C3%B3reduintpetjada\/activitats\/viz\/66e03193511aa58a25d6a16c\" target=\"_blank\" rel=\"noopener\">a trav\u00e9s de l\u2019Era<\/a><\/span> o, si sou s\u00f2cies d\u2019Esplac, a trav\u00e9s d\u2019un <span style=\"color: #f69d0b;\"><a style=\"color: #f69d0b;\" href=\"https:\/\/57laxkf5k1t.typeform.com\/to\/JdCf0v2D\" target=\"_blank\" rel=\"noopener\">formulari<\/a><\/span>.<\/strong><\/p>\n\n\t\t<style type=\"text\/css\">\n\t\t\t#gallery-1 {\n\t\t\t\tmargin: auto;\n\t\t\t}\n\t\t\t#gallery-1 .gallery-item {\n\t\t\t\tfloat: left;\n\t\t\t\tmargin-top: 10px;\n\t\t\t\ttext-align: center;\n\t\t\t\twidth: 50%;\n\t\t\t}\n\t\t\t#gallery-1 img {\n\t\t\t\tborder: 2px solid #cfcfcf;\n\t\t\t}\n\t\t\t#gallery-1 .gallery-caption {\n\t\t\t\tmargin-left: 0;\n\t\t\t}\n\t\t\t\/* see gallery_shortcode() in wp-includes\/media.php *\/\n\t\t<\/style>\n\t\t<div id='gallery-1' class='gallery galleryid-51032 gallery-columns-2 gallery-size-fusion-600'><dl class='gallery-item'>\n\t\t\t<dt class='gallery-icon portrait'>\n\t\t\t\t<a data-rel=\"iLightbox[postimages]\" data-title=\"DEFINITIU\" data-caption=\"\" href='https:\/\/www.esplac.cat\/en\/definitiu-2\/'><img decoding=\"async\" width=\"600\" height=\"849\" src=\"https:\/\/www.esplac.cat\/wp-content\/uploads\/2024\/12\/DEFINITIU-600x849.jpg\" class=\"attachment-fusion-600 size-fusion-600\" alt=\"\" srcset=\"https:\/\/www.esplac.cat\/wp-content\/uploads\/2024\/12\/DEFINITIU-200x283.jpg 200w, https:\/\/www.esplac.cat\/wp-content\/uploads\/2024\/12\/DEFINITIU-212x300.jpg 212w, https:\/\/www.esplac.cat\/wp-content\/uploads\/2024\/12\/DEFINITIU-400x566.jpg 400w, https:\/\/www.esplac.cat\/wp-content\/uploads\/2024\/12\/DEFINITIU-600x849.jpg 600w, https:\/\/www.esplac.cat\/wp-content\/uploads\/2024\/12\/DEFINITIU-724x1024.jpg 724w, https:\/\/www.esplac.cat\/wp-content\/uploads\/2024\/12\/DEFINITIU-768x1086.jpg 768w, https:\/\/www.esplac.cat\/wp-content\/uploads\/2024\/12\/DEFINITIU-800x1132.jpg 800w, https:\/\/www.esplac.cat\/wp-content\/uploads\/2024\/12\/DEFINITIU-1086x1536.jpg 1086w, https:\/\/www.esplac.cat\/wp-content\/uploads\/2024\/12\/DEFINITIU-1200x1698.jpg 1200w, https:\/\/www.esplac.cat\/wp-content\/uploads\/2024\/12\/DEFINITIU-1448x2048.jpg 1448w, https:\/\/www.esplac.cat\/wp-content\/uploads\/2024\/12\/DEFINITIU.jpg 1587w\" sizes=\"(max-width: 600px) 100vw, 600px\" \/><\/a>\n\t\t\t<\/dt><\/dl><dl class='gallery-item'>\n\t\t\t<dt class='gallery-icon portrait'>\n\t\t\t\t<a data-rel=\"iLightbox[postimages]\" data-title=\"Programa_Jornades_Ambientals_24\" data-caption=\"\" href='https:\/\/www.esplac.cat\/en\/trainings\/jornades-ambientals\/programa_jornades_ambientals_24-2\/'><img decoding=\"async\" width=\"600\" height=\"849\" src=\"https:\/\/www.esplac.cat\/wp-content\/uploads\/2024\/09\/Programa_Jornades_Ambientals_24-600x849.jpg\" class=\"attachment-fusion-600 size-fusion-600\" alt=\"Jornades Ambientals\" srcset=\"https:\/\/www.esplac.cat\/wp-content\/uploads\/2024\/09\/Programa_Jornades_Ambientals_24-200x283.jpg 200w, https:\/\/www.esplac.cat\/wp-content\/uploads\/2024\/09\/Programa_Jornades_Ambientals_24-212x300.jpg 212w, https:\/\/www.esplac.cat\/wp-content\/uploads\/2024\/09\/Programa_Jornades_Ambientals_24-400x566.jpg 400w, https:\/\/www.esplac.cat\/wp-content\/uploads\/2024\/09\/Programa_Jornades_Ambientals_24-600x849.jpg 600w, https:\/\/www.esplac.cat\/wp-content\/uploads\/2024\/09\/Programa_Jornades_Ambientals_24-724x1024.jpg 724w, https:\/\/www.esplac.cat\/wp-content\/uploads\/2024\/09\/Programa_Jornades_Ambientals_24-768x1086.jpg 768w, https:\/\/www.esplac.cat\/wp-content\/uploads\/2024\/09\/Programa_Jornades_Ambientals_24-800x1132.jpg 800w, https:\/\/www.esplac.cat\/wp-content\/uploads\/2024\/09\/Programa_Jornades_Ambientals_24-1086x1536.jpg 1086w, https:\/\/www.esplac.cat\/wp-content\/uploads\/2024\/09\/Programa_Jornades_Ambientals_24-1200x1698.jpg 1200w, https:\/\/www.esplac.cat\/wp-content\/uploads\/2024\/09\/Programa_Jornades_Ambientals_24-1448x2048.jpg 1448w, https:\/\/www.esplac.cat\/wp-content\/uploads\/2024\/09\/Programa_Jornades_Ambientals_24.jpg 1587w\" sizes=\"(max-width: 600px) 100vw, 600px\" \/><\/a>\n\t\t\t<\/dt><\/dl><br style=\"clear: both\" \/>\n\t\t<\/div>\n\n<\/div><div class=\"fusion-text fusion-text-2\"><p>El <strong>diumenge 27 d\u2019octubre<\/strong> \u00e9s el torn de les esperades <span style=\"color: #f69d0b;\"><a style=\"color: #f69d0b;\" href=\"https:\/\/www.esplac.cat\/formacions\/jornades-lleure-feminsimes\/\" target=\"_blank\" rel=\"noopener\"><strong>Jornades de Lleure i Feminismes<\/strong><\/a><\/span>, que aquest any celebren la seva catorzena edici\u00f3 a la <strong>Masia de la Guineueta<\/strong> (Barcelona). Sota el t\u00edtol <em>Desgranem les crisis: respostes des dels feminismes i el lleure<\/em>, l\u2019objectiu de la trobada \u00e9s abordar els m\u00faltiples reptes als quals ens enfrontem en l\u2019actual context de crisi global. Amb aquesta proposta, l\u2019<span style=\"color: #f69d0b;\"><strong><a style=\"color: #f69d0b;\" href=\"https:\/\/escolaelsol.coop\/\" target=\"_blank\" rel=\"noopener\">Escola Lliure el Sol<\/a><\/strong><\/span>, Esplais Catalans i <a href=\"https:\/\/www.escoltesiguies.cat\/\" target=\"_blank\" rel=\"noopener\"><strong><span style=\"color: #f69d0b;\">Minyons Escoltes i Guies<\/span><\/strong><\/a> aposten per la revisi\u00f3 de l\u2019an\u00e0lisi i la pr\u00e0ctica de la interseccionalitat des d\u2019una mirada cr\u00edtica.<strong> Al web d\u2019Esplac tamb\u00e9 trobareu tota la informaci\u00f3 necess\u00e0ria i l\u2019enlla\u00e7 a les inscripcions, que es fan a trav\u00e9s del web de l\u2019<a href=\"https:\/\/escolaelsol.coop\/cursos-de-lleure\/\">Escola Lliure el Sol<\/a><\/strong>.<\/p>\n\n\t\t<style type=\"text\/css\">\n\t\t\t#gallery-2 {\n\t\t\t\tmargin: auto;\n\t\t\t}\n\t\t\t#gallery-2 .gallery-item {\n\t\t\t\tfloat: left;\n\t\t\t\tmargin-top: 10px;\n\t\t\t\ttext-align: center;\n\t\t\t\twidth: 50%;\n\t\t\t}\n\t\t\t#gallery-2 img {\n\t\t\t\tborder: 2px solid #cfcfcf;\n\t\t\t}\n\t\t\t#gallery-2 .gallery-caption {\n\t\t\t\tmargin-left: 0;\n\t\t\t}\n\t\t\t\/* see gallery_shortcode() in wp-includes\/media.php *\/\n\t\t<\/style>\n\t\t<div id='gallery-2' class='gallery galleryid-51032 gallery-columns-2 gallery-size-fusion-600'><dl class='gallery-item'>\n\t\t\t<dt class='gallery-icon portrait'>\n\t\t\t\t<a data-rel=\"iLightbox[postimages]\" data-title=\"DEF_CARTELL_JLLIF_24\" data-caption=\"\" href='https:\/\/www.esplac.cat\/en\/def_cartell_jllif_24-2\/'><img decoding=\"async\" width=\"600\" height=\"849\" src=\"https:\/\/www.esplac.cat\/wp-content\/uploads\/2024\/07\/DEF_CARTELL_JLLIF_24-600x849.jpg\" class=\"attachment-fusion-600 size-fusion-600\" alt=\"Jornades de Lleure i Feminismes\" srcset=\"https:\/\/www.esplac.cat\/wp-content\/uploads\/2024\/07\/DEF_CARTELL_JLLIF_24-200x283.jpg 200w, https:\/\/www.esplac.cat\/wp-content\/uploads\/2024\/07\/DEF_CARTELL_JLLIF_24-212x300.jpg 212w, https:\/\/www.esplac.cat\/wp-content\/uploads\/2024\/07\/DEF_CARTELL_JLLIF_24-400x566.jpg 400w, https:\/\/www.esplac.cat\/wp-content\/uploads\/2024\/07\/DEF_CARTELL_JLLIF_24-600x849.jpg 600w, https:\/\/www.esplac.cat\/wp-content\/uploads\/2024\/07\/DEF_CARTELL_JLLIF_24-724x1024.jpg 724w, https:\/\/www.esplac.cat\/wp-content\/uploads\/2024\/07\/DEF_CARTELL_JLLIF_24-768x1086.jpg 768w, https:\/\/www.esplac.cat\/wp-content\/uploads\/2024\/07\/DEF_CARTELL_JLLIF_24-800x1132.jpg 800w, https:\/\/www.esplac.cat\/wp-content\/uploads\/2024\/07\/DEF_CARTELL_JLLIF_24-1086x1536.jpg 1086w, https:\/\/www.esplac.cat\/wp-content\/uploads\/2024\/07\/DEF_CARTELL_JLLIF_24-1200x1698.jpg 1200w, https:\/\/www.esplac.cat\/wp-content\/uploads\/2024\/07\/DEF_CARTELL_JLLIF_24-1448x2048.jpg 1448w, https:\/\/www.esplac.cat\/wp-content\/uploads\/2024\/07\/DEF_CARTELL_JLLIF_24.jpg 1587w\" sizes=\"(max-width: 600px) 100vw, 600px\" \/><\/a>\n\t\t\t<\/dt><\/dl><dl class='gallery-item'>\n\t\t\t<dt class='gallery-icon portrait'>\n\t\t\t\t<a data-rel=\"iLightbox[postimages]\" data-title=\"Programa_JLLIF_24\" data-caption=\"\" href='https:\/\/www.esplac.cat\/en\/trainings\/jornades-lleure-feminismes\/programa_jllif_24-2\/'><img decoding=\"async\" width=\"600\" height=\"849\" src=\"https:\/\/www.esplac.cat\/wp-content\/uploads\/2024\/09\/Programa_JLLIF_24-600x849.jpg\" class=\"attachment-fusion-600 size-fusion-600\" alt=\"Jornades Lleure i Feminismes\" srcset=\"https:\/\/www.esplac.cat\/wp-content\/uploads\/2024\/09\/Programa_JLLIF_24-200x283.jpg 200w, https:\/\/www.esplac.cat\/wp-content\/uploads\/2024\/09\/Programa_JLLIF_24-212x300.jpg 212w, https:\/\/www.esplac.cat\/wp-content\/uploads\/2024\/09\/Programa_JLLIF_24-400x566.jpg 400w, https:\/\/www.esplac.cat\/wp-content\/uploads\/2024\/09\/Programa_JLLIF_24-600x849.jpg 600w, https:\/\/www.esplac.cat\/wp-content\/uploads\/2024\/09\/Programa_JLLIF_24-724x1024.jpg 724w, https:\/\/www.esplac.cat\/wp-content\/uploads\/2024\/09\/Programa_JLLIF_24-768x1086.jpg 768w, https:\/\/www.esplac.cat\/wp-content\/uploads\/2024\/09\/Programa_JLLIF_24-800x1132.jpg 800w, https:\/\/www.esplac.cat\/wp-content\/uploads\/2024\/09\/Programa_JLLIF_24-1086x1536.jpg 1086w, https:\/\/www.esplac.cat\/wp-content\/uploads\/2024\/09\/Programa_JLLIF_24-1200x1698.jpg 1200w, https:\/\/www.esplac.cat\/wp-content\/uploads\/2024\/09\/Programa_JLLIF_24-1448x2048.jpg 1448w, https:\/\/www.esplac.cat\/wp-content\/uploads\/2024\/09\/Programa_JLLIF_24.jpg 1587w\" sizes=\"(max-width: 600px) 100vw, 600px\" \/><\/a>\n\t\t\t<\/dt><\/dl><br style=\"clear: both\" \/>\n\t\t<\/div>\n\n<\/div><div class=\"fusion-text fusion-text-3\"><p>Per acabar, els dies <strong>5, 6 i 7 de novembre<\/strong> tindr\u00e0 lloc la segona edici\u00f3 de les<span style=\"color: #f69d0b;\"><a style=\"color: #f69d0b;\" href=\"https:\/\/www.esplac.cat\/formacions\/tardes-lleure-i-antiracisme\/\" target=\"_blank\" rel=\"noopener\"><strong> Tardes de Lleure i Antiracisme<\/strong><\/a><\/span>, un espai formatiu organitzat per Esplac, l\u2019<span style=\"color: #f69d0b;\"><a style=\"color: #f69d0b;\" href=\"https:\/\/escolaelsol.coop\/\" target=\"_blank\" rel=\"noopener\"><strong>Escola Lliure el Sol<\/strong><\/a> <\/span>i la <span style=\"color: #f69d0b;\"><a style=\"color: #f69d0b;\" href=\"https:\/\/www.ferrerguardia.org\/ca_ES\" target=\"_blank\" rel=\"noopener\"><strong>Fundaci\u00f3 Ferrer i Gu\u00e0rdia<\/strong><\/a><\/span>. En aquestes jornades es parlar\u00e0 sobre el paper de les xarxes socials en l\u2019extensi\u00f3 dels discursos d&#8217;odi, s\u2019analitzaran els impactes que genera la Llei d\u2019Estrangeria a infants i joves i s\u2019exposaran diferents experi\u00e8ncies antiracistes amb l\u2019objectiu de pensar i definir de quines estrat\u00e8gies disposem per confrontar l\u2019odi, les viol\u00e8ncies i les opressions. <strong>Al web d\u2019Esplac teniu tot el que necessiteu saber i podeu apuntar-vos als tallers a trav\u00e9s del web de l\u2019<a href=\"https:\/\/escolaelsol.coop\/cursos-de-lleure\/\" target=\"_blank\" rel=\"noopener\">Escola Lliure el Sol<\/a>!<\/strong><\/p>\n\n\t\t<style type=\"text\/css\">\n\t\t\t#gallery-3 {\n\t\t\t\tmargin: auto;\n\t\t\t}\n\t\t\t#gallery-3 .gallery-item {\n\t\t\t\tfloat: left;\n\t\t\t\tmargin-top: 10px;\n\t\t\t\ttext-align: center;\n\t\t\t\twidth: 50%;\n\t\t\t}\n\t\t\t#gallery-3 img {\n\t\t\t\tborder: 2px solid #cfcfcf;\n\t\t\t}\n\t\t\t#gallery-3 .gallery-caption {\n\t\t\t\tmargin-left: 0;\n\t\t\t}\n\t\t\t\/* see gallery_shortcode() in wp-includes\/media.php *\/\n\t\t<\/style>\n\t\t<div id='gallery-3' class='gallery galleryid-51032 gallery-columns-2 gallery-size-fusion-600'><dl class='gallery-item'>\n\t\t\t<dt class='gallery-icon portrait'>\n\t\t\t\t<a data-rel=\"iLightbox[postimages]\" data-title=\"CARTELL_TLLA_24\" data-caption=\"\" href='https:\/\/www.esplac.cat\/en\/trainings\/tardes-lleure-i-antiracisme\/cartell_tlla_24-2\/'><img decoding=\"async\" width=\"600\" height=\"849\" src=\"https:\/\/www.esplac.cat\/wp-content\/uploads\/2024\/07\/CARTELL_TLLA_24-600x849.jpg\" class=\"attachment-fusion-600 size-fusion-600\" alt=\"Tardes de Lleure i Antiracisme\" srcset=\"https:\/\/www.esplac.cat\/wp-content\/uploads\/2024\/07\/CARTELL_TLLA_24-200x283.jpg 200w, https:\/\/www.esplac.cat\/wp-content\/uploads\/2024\/07\/CARTELL_TLLA_24-212x300.jpg 212w, https:\/\/www.esplac.cat\/wp-content\/uploads\/2024\/07\/CARTELL_TLLA_24-400x566.jpg 400w, https:\/\/www.esplac.cat\/wp-content\/uploads\/2024\/07\/CARTELL_TLLA_24-600x849.jpg 600w, https:\/\/www.esplac.cat\/wp-content\/uploads\/2024\/07\/CARTELL_TLLA_24-724x1024.jpg 724w, https:\/\/www.esplac.cat\/wp-content\/uploads\/2024\/07\/CARTELL_TLLA_24-768x1086.jpg 768w, https:\/\/www.esplac.cat\/wp-content\/uploads\/2024\/07\/CARTELL_TLLA_24-800x1132.jpg 800w, https:\/\/www.esplac.cat\/wp-content\/uploads\/2024\/07\/CARTELL_TLLA_24-1086x1536.jpg 1086w, https:\/\/www.esplac.cat\/wp-content\/uploads\/2024\/07\/CARTELL_TLLA_24-1200x1698.jpg 1200w, https:\/\/www.esplac.cat\/wp-content\/uploads\/2024\/07\/CARTELL_TLLA_24-1448x2048.jpg 1448w, https:\/\/www.esplac.cat\/wp-content\/uploads\/2024\/07\/CARTELL_TLLA_24.jpg 1587w\" sizes=\"(max-width: 600px) 100vw, 600px\" \/><\/a>\n\t\t\t<\/dt><\/dl><dl class='gallery-item'>\n\t\t\t<dt class='gallery-icon portrait'>\n\t\t\t\t<a data-rel=\"iLightbox[postimages]\" data-title=\"Programa_TLLiA_2024\" data-caption=\"\" href='https:\/\/www.esplac.cat\/en\/trainings\/tardes-lleure-i-antiracisme\/programa_tllia_2024-2-2\/'><img decoding=\"async\" width=\"600\" height=\"849\" src=\"https:\/\/www.esplac.cat\/wp-content\/uploads\/2024\/09\/Programa_TLLiA_2024-1-600x849.jpg\" class=\"attachment-fusion-600 size-fusion-600\" alt=\"Tardes de Lleure i Antiracisme\" srcset=\"https:\/\/www.esplac.cat\/wp-content\/uploads\/2024\/09\/Programa_TLLiA_2024-1-200x283.jpg 200w, https:\/\/www.esplac.cat\/wp-content\/uploads\/2024\/09\/Programa_TLLiA_2024-1-212x300.jpg 212w, https:\/\/www.esplac.cat\/wp-content\/uploads\/2024\/09\/Programa_TLLiA_2024-1-400x566.jpg 400w, https:\/\/www.esplac.cat\/wp-content\/uploads\/2024\/09\/Programa_TLLiA_2024-1-600x849.jpg 600w, https:\/\/www.esplac.cat\/wp-content\/uploads\/2024\/09\/Programa_TLLiA_2024-1-724x1024.jpg 724w, https:\/\/www.esplac.cat\/wp-content\/uploads\/2024\/09\/Programa_TLLiA_2024-1-768x1086.jpg 768w, https:\/\/www.esplac.cat\/wp-content\/uploads\/2024\/09\/Programa_TLLiA_2024-1-800x1132.jpg 800w, https:\/\/www.esplac.cat\/wp-content\/uploads\/2024\/09\/Programa_TLLiA_2024-1-1086x1536.jpg 1086w, https:\/\/www.esplac.cat\/wp-content\/uploads\/2024\/09\/Programa_TLLiA_2024-1-1200x1698.jpg 1200w, https:\/\/www.esplac.cat\/wp-content\/uploads\/2024\/09\/Programa_TLLiA_2024-1-1448x2048.jpg 1448w, https:\/\/www.esplac.cat\/wp-content\/uploads\/2024\/09\/Programa_TLLiA_2024-1.jpg 1587w\" sizes=\"(max-width: 600px) 100vw, 600px\" \/><\/a>\n\t\t\t<\/dt><\/dl><br style=\"clear: both\" \/>\n\t\t<\/div>\n\n<\/div><\/div><\/div><\/div><\/div>\n","protected":false},"excerpt":{"rendered":"","protected":false},"author":3,"featured_media":51034,"comment_status":"closed","ping_status":"closed","sticky":false,"template":"","format":"standard","meta":{"om_disable_all_campaigns":false,"_monsterinsights_skip_tracking":false,"_monsterinsights_sitenote_active":false,"_monsterinsights_sitenote_note":"","_monsterinsights_sitenote_category":0,"_uf_show_specific_survey":0,"_uf_disable_surveys":false,"footnotes":""},"categories":[1111,1131,1159,1158,1330],"tags":[],"class_list":["post-51032","post","type-post","status-publish","format-standard","has-post-thumbnail","hentry","category-activitats-esplac","category-cursos-formacions","category-jornades-ambientals","category-jornades-lleure-feminismes","category-jornades-interculturalitat"],"yoast_head":"<!-- This site is optimized with the Yoast SEO plugin v27.4 - https:\/\/yoast.com\/product\/yoast-seo-wordpress\/ -->\n<title>Ja pots inscriure\u2019t a la tardor de formaci\u00f3!<\/title>\n<meta name=\"description\" content=\"Aquesta tardor tornen les Jornades Ambientals, les Jornades de Lleure i Feminismes i les Tardes de Lleure i Antiracisme!\" \/>\n<meta name=\"robots\" content=\"index, follow, max-snippet:-1, max-image-preview:large, max-video-preview:-1\" \/>\n<link rel=\"canonical\" href=\"https:\/\/www.esplac.cat\/ja-pots-inscriuret-tardor-formacio\/\" \/>\n<meta property=\"og:locale\" content=\"en_US\" \/>\n<meta property=\"og:type\" content=\"article\" \/>\n<meta property=\"og:title\" content=\"Ja pots inscriure\u2019t a la tardor de formaci\u00f3!\" \/>\n<meta property=\"og:description\" content=\"Aquesta tardor tornen les Jornades Ambientals, les Jornades de Lleure i Feminismes i les Tardes de Lleure i Antiracisme!\" \/>\n<meta property=\"og:url\" content=\"https:\/\/www.esplac.cat\/ja-pots-inscriuret-tardor-formacio\/\" \/>\n<meta property=\"og:site_name\" content=\"Esplac\" \/>\n<meta property=\"article:published_time\" content=\"2024-09-16T11:30:43+00:00\" \/>\n<meta property=\"article:modified_time\" content=\"2024-12-12T12:55:02+00:00\" \/>\n<meta property=\"og:image\" content=\"https:\/\/www.esplac.cat\/wp-content\/uploads\/2024\/09\/Inscripcions-Tardor-de-Formacio.jpg\" \/>\n\t<meta property=\"og:image:width\" content=\"1697\" \/>\n\t<meta property=\"og:image:height\" content=\"700\" \/>\n\t<meta property=\"og:image:type\" content=\"image\/jpeg\" \/>\n<meta name=\"author\" content=\"Comunicaci\u00f3 Esplac\" \/>\n<meta name=\"twitter:card\" content=\"summary_large_image\" \/>\n<meta name=\"twitter:label1\" content=\"Written by\" \/>\n\t<meta name=\"twitter:data1\" content=\"Comunicaci\u00f3 Esplac\" \/>\n\t<meta name=\"twitter:label2\" content=\"Est. reading time\" \/>\n\t<meta name=\"twitter:data2\" content=\"4 minutes\" \/>\n<script type=\"application\/ld+json\" class=\"yoast-schema-graph\">{\"@context\":\"https:\\\/\\\/schema.org\",\"@graph\":[{\"@type\":\"Article\",\"@id\":\"https:\\\/\\\/www.esplac.cat\\\/ja-pots-inscriuret-tardor-formacio\\\/#article\",\"isPartOf\":{\"@id\":\"https:\\\/\\\/www.esplac.cat\\\/ja-pots-inscriuret-tardor-formacio\\\/\"},\"author\":{\"name\":\"Comunicaci\u00f3 Esplac\",\"@id\":\"https:\\\/\\\/www.esplac.cat\\\/#\\\/schema\\\/person\\\/908383cf240be18b68f8855d0583faca\"},\"headline\":\"Ja pots inscriure\u2019t a la tardor de formaci\u00f3!\",\"datePublished\":\"2024-09-16T11:30:43+00:00\",\"dateModified\":\"2024-12-12T12:55:02+00:00\",\"mainEntityOfPage\":{\"@id\":\"https:\\\/\\\/www.esplac.cat\\\/ja-pots-inscriuret-tardor-formacio\\\/\"},\"wordCount\":1589,\"publisher\":{\"@id\":\"https:\\\/\\\/www.esplac.cat\\\/#organization\"},\"image\":{\"@id\":\"https:\\\/\\\/www.esplac.cat\\\/ja-pots-inscriuret-tardor-formacio\\\/#primaryimage\"},\"thumbnailUrl\":\"https:\\\/\\\/www.esplac.cat\\\/wp-content\\\/uploads\\\/2024\\\/09\\\/Inscripcions-Tardor-de-Formacio.jpg\",\"articleSection\":[\"Activitats esplac\",\"Cursos i formacions\",\"Jornades ambientals\",\"Jornades de Lleure i Feminismes\",\"Jornades Interculturalitat\"],\"inLanguage\":\"en-US\"},{\"@type\":\"WebPage\",\"@id\":\"https:\\\/\\\/www.esplac.cat\\\/ja-pots-inscriuret-tardor-formacio\\\/\",\"url\":\"https:\\\/\\\/www.esplac.cat\\\/ja-pots-inscriuret-tardor-formacio\\\/\",\"name\":\"Ja pots inscriure\u2019t a la tardor de formaci\u00f3!\",\"isPartOf\":{\"@id\":\"https:\\\/\\\/www.esplac.cat\\\/#website\"},\"primaryImageOfPage\":{\"@id\":\"https:\\\/\\\/www.esplac.cat\\\/ja-pots-inscriuret-tardor-formacio\\\/#primaryimage\"},\"image\":{\"@id\":\"https:\\\/\\\/www.esplac.cat\\\/ja-pots-inscriuret-tardor-formacio\\\/#primaryimage\"},\"thumbnailUrl\":\"https:\\\/\\\/www.esplac.cat\\\/wp-content\\\/uploads\\\/2024\\\/09\\\/Inscripcions-Tardor-de-Formacio.jpg\",\"datePublished\":\"2024-09-16T11:30:43+00:00\",\"dateModified\":\"2024-12-12T12:55:02+00:00\",\"description\":\"Aquesta tardor tornen les Jornades Ambientals, les Jornades de Lleure i Feminismes i les Tardes de Lleure i Antiracisme!\",\"breadcrumb\":{\"@id\":\"https:\\\/\\\/www.esplac.cat\\\/ja-pots-inscriuret-tardor-formacio\\\/#breadcrumb\"},\"inLanguage\":\"en-US\",\"potentialAction\":[{\"@type\":\"ReadAction\",\"target\":[\"https:\\\/\\\/www.esplac.cat\\\/ja-pots-inscriuret-tardor-formacio\\\/\"]}]},{\"@type\":\"ImageObject\",\"inLanguage\":\"en-US\",\"@id\":\"https:\\\/\\\/www.esplac.cat\\\/ja-pots-inscriuret-tardor-formacio\\\/#primaryimage\",\"url\":\"https:\\\/\\\/www.esplac.cat\\\/wp-content\\\/uploads\\\/2024\\\/09\\\/Inscripcions-Tardor-de-Formacio.jpg\",\"contentUrl\":\"https:\\\/\\\/www.esplac.cat\\\/wp-content\\\/uploads\\\/2024\\\/09\\\/Inscripcions-Tardor-de-Formacio.jpg\",\"width\":1697,\"height\":700,\"caption\":\"Tardor de Formaci\u00f3\"},{\"@type\":\"BreadcrumbList\",\"@id\":\"https:\\\/\\\/www.esplac.cat\\\/ja-pots-inscriuret-tardor-formacio\\\/#breadcrumb\",\"itemListElement\":[{\"@type\":\"ListItem\",\"position\":1,\"name\":\"Inici\",\"item\":\"https:\\\/\\\/www.esplac.cat\\\/en\\\/\"},{\"@type\":\"ListItem\",\"position\":2,\"name\":\"Ja pots inscriure\u2019t a la tardor de formaci\u00f3!\"}]},{\"@type\":\"WebSite\",\"@id\":\"https:\\\/\\\/www.esplac.cat\\\/#website\",\"url\":\"https:\\\/\\\/www.esplac.cat\\\/\",\"name\":\"Esplac\",\"description\":\"Esplais Catalans\",\"publisher\":{\"@id\":\"https:\\\/\\\/www.esplac.cat\\\/#organization\"},\"potentialAction\":[{\"@type\":\"SearchAction\",\"target\":{\"@type\":\"EntryPoint\",\"urlTemplate\":\"https:\\\/\\\/www.esplac.cat\\\/?s={search_term_string}\"},\"query-input\":{\"@type\":\"PropertyValueSpecification\",\"valueRequired\":true,\"valueName\":\"search_term_string\"}}],\"inLanguage\":\"en-US\"},{\"@type\":\"Organization\",\"@id\":\"https:\\\/\\\/www.esplac.cat\\\/#organization\",\"name\":\"Esplac\",\"url\":\"https:\\\/\\\/www.esplac.cat\\\/\",\"logo\":{\"@type\":\"ImageObject\",\"inLanguage\":\"en-US\",\"@id\":\"https:\\\/\\\/www.esplac.cat\\\/#\\\/schema\\\/logo\\\/image\\\/\",\"url\":\"https:\\\/\\\/www.esplac.cat\\\/wp-content\\\/uploads\\\/2019\\\/08\\\/logox2.png\",\"contentUrl\":\"https:\\\/\\\/www.esplac.cat\\\/wp-content\\\/uploads\\\/2019\\\/08\\\/logox2.png\",\"width\":600,\"height\":295,\"caption\":\"Esplac\"},\"image\":{\"@id\":\"https:\\\/\\\/www.esplac.cat\\\/#\\\/schema\\\/logo\\\/image\\\/\"}},{\"@type\":\"Person\",\"@id\":\"https:\\\/\\\/www.esplac.cat\\\/#\\\/schema\\\/person\\\/908383cf240be18b68f8855d0583faca\",\"name\":\"Comunicaci\u00f3 Esplac\",\"image\":{\"@type\":\"ImageObject\",\"inLanguage\":\"en-US\",\"@id\":\"https:\\\/\\\/secure.gravatar.com\\\/avatar\\\/7a4cf8feb412a76ea4a740ca02d95b06b2907b5a6c648c2dd0a1082a093c3141?s=96&d=mm&r=g\",\"url\":\"https:\\\/\\\/secure.gravatar.com\\\/avatar\\\/7a4cf8feb412a76ea4a740ca02d95b06b2907b5a6c648c2dd0a1082a093c3141?s=96&d=mm&r=g\",\"contentUrl\":\"https:\\\/\\\/secure.gravatar.com\\\/avatar\\\/7a4cf8feb412a76ea4a740ca02d95b06b2907b5a6c648c2dd0a1082a093c3141?s=96&d=mm&r=g\",\"caption\":\"Comunicaci\u00f3 Esplac\"}}]}<\/script>\n<!-- \/ Yoast SEO plugin. -->","yoast_head_json":{"title":"Ja pots inscriure\u2019t a la tardor de formaci\u00f3!","description":"Aquesta tardor tornen les Jornades Ambientals, les Jornades de Lleure i Feminismes i les Tardes de Lleure i Antiracisme!","robots":{"index":"index","follow":"follow","max-snippet":"max-snippet:-1","max-image-preview":"max-image-preview:large","max-video-preview":"max-video-preview:-1"},"canonical":"https:\/\/www.esplac.cat\/ja-pots-inscriuret-tardor-formacio\/","og_locale":"en_US","og_type":"article","og_title":"Ja pots inscriure\u2019t a la tardor de formaci\u00f3!","og_description":"Aquesta tardor tornen les Jornades Ambientals, les Jornades de Lleure i Feminismes i les Tardes de Lleure i Antiracisme!","og_url":"https:\/\/www.esplac.cat\/ja-pots-inscriuret-tardor-formacio\/","og_site_name":"Esplac","article_published_time":"2024-09-16T11:30:43+00:00","article_modified_time":"2024-12-12T12:55:02+00:00","og_image":[{"width":1697,"height":700,"url":"https:\/\/www.esplac.cat\/wp-content\/uploads\/2024\/09\/Inscripcions-Tardor-de-Formacio.jpg","type":"image\/jpeg"}],"author":"Comunicaci\u00f3 Esplac","twitter_card":"summary_large_image","twitter_misc":{"Written by":"Comunicaci\u00f3 Esplac","Est. reading time":"4 minutes"},"schema":{"@context":"https:\/\/schema.org","@graph":[{"@type":"Article","@id":"https:\/\/www.esplac.cat\/ja-pots-inscriuret-tardor-formacio\/#article","isPartOf":{"@id":"https:\/\/www.esplac.cat\/ja-pots-inscriuret-tardor-formacio\/"},"author":{"name":"Comunicaci\u00f3 Esplac","@id":"https:\/\/www.esplac.cat\/#\/schema\/person\/908383cf240be18b68f8855d0583faca"},"headline":"Ja pots inscriure\u2019t a la tardor de formaci\u00f3!","datePublished":"2024-09-16T11:30:43+00:00","dateModified":"2024-12-12T12:55:02+00:00","mainEntityOfPage":{"@id":"https:\/\/www.esplac.cat\/ja-pots-inscriuret-tardor-formacio\/"},"wordCount":1589,"publisher":{"@id":"https:\/\/www.esplac.cat\/#organization"},"image":{"@id":"https:\/\/www.esplac.cat\/ja-pots-inscriuret-tardor-formacio\/#primaryimage"},"thumbnailUrl":"https:\/\/www.esplac.cat\/wp-content\/uploads\/2024\/09\/Inscripcions-Tardor-de-Formacio.jpg","articleSection":["Activitats esplac","Cursos i formacions","Jornades ambientals","Jornades de Lleure i Feminismes","Jornades Interculturalitat"],"inLanguage":"en-US"},{"@type":"WebPage","@id":"https:\/\/www.esplac.cat\/ja-pots-inscriuret-tardor-formacio\/","url":"https:\/\/www.esplac.cat\/ja-pots-inscriuret-tardor-formacio\/","name":"Ja pots inscriure\u2019t a la tardor de formaci\u00f3!","isPartOf":{"@id":"https:\/\/www.esplac.cat\/#website"},"primaryImageOfPage":{"@id":"https:\/\/www.esplac.cat\/ja-pots-inscriuret-tardor-formacio\/#primaryimage"},"image":{"@id":"https:\/\/www.esplac.cat\/ja-pots-inscriuret-tardor-formacio\/#primaryimage"},"thumbnailUrl":"https:\/\/www.esplac.cat\/wp-content\/uploads\/2024\/09\/Inscripcions-Tardor-de-Formacio.jpg","datePublished":"2024-09-16T11:30:43+00:00","dateModified":"2024-12-12T12:55:02+00:00","description":"Aquesta tardor tornen les Jornades Ambientals, les Jornades de Lleure i Feminismes i les Tardes de Lleure i Antiracisme!","breadcrumb":{"@id":"https:\/\/www.esplac.cat\/ja-pots-inscriuret-tardor-formacio\/#breadcrumb"},"inLanguage":"en-US","potentialAction":[{"@type":"ReadAction","target":["https:\/\/www.esplac.cat\/ja-pots-inscriuret-tardor-formacio\/"]}]},{"@type":"ImageObject","inLanguage":"en-US","@id":"https:\/\/www.esplac.cat\/ja-pots-inscriuret-tardor-formacio\/#primaryimage","url":"https:\/\/www.esplac.cat\/wp-content\/uploads\/2024\/09\/Inscripcions-Tardor-de-Formacio.jpg","contentUrl":"https:\/\/www.esplac.cat\/wp-content\/uploads\/2024\/09\/Inscripcions-Tardor-de-Formacio.jpg","width":1697,"height":700,"caption":"Tardor de Formaci\u00f3"},{"@type":"BreadcrumbList","@id":"https:\/\/www.esplac.cat\/ja-pots-inscriuret-tardor-formacio\/#breadcrumb","itemListElement":[{"@type":"ListItem","position":1,"name":"Inici","item":"https:\/\/www.esplac.cat\/en\/"},{"@type":"ListItem","position":2,"name":"Ja pots inscriure\u2019t a la tardor de formaci\u00f3!"}]},{"@type":"WebSite","@id":"https:\/\/www.esplac.cat\/#website","url":"https:\/\/www.esplac.cat\/","name":"Esplac","description":"Esplais Catalans","publisher":{"@id":"https:\/\/www.esplac.cat\/#organization"},"potentialAction":[{"@type":"SearchAction","target":{"@type":"EntryPoint","urlTemplate":"https:\/\/www.esplac.cat\/?s={search_term_string}"},"query-input":{"@type":"PropertyValueSpecification","valueRequired":true,"valueName":"search_term_string"}}],"inLanguage":"en-US"},{"@type":"Organization","@id":"https:\/\/www.esplac.cat\/#organization","name":"Esplac","url":"https:\/\/www.esplac.cat\/","logo":{"@type":"ImageObject","inLanguage":"en-US","@id":"https:\/\/www.esplac.cat\/#\/schema\/logo\/image\/","url":"https:\/\/www.esplac.cat\/wp-content\/uploads\/2019\/08\/logox2.png","contentUrl":"https:\/\/www.esplac.cat\/wp-content\/uploads\/2019\/08\/logox2.png","width":600,"height":295,"caption":"Esplac"},"image":{"@id":"https:\/\/www.esplac.cat\/#\/schema\/logo\/image\/"}},{"@type":"Person","@id":"https:\/\/www.esplac.cat\/#\/schema\/person\/908383cf240be18b68f8855d0583faca","name":"Comunicaci\u00f3 Esplac","image":{"@type":"ImageObject","inLanguage":"en-US","@id":"https:\/\/secure.gravatar.com\/avatar\/7a4cf8feb412a76ea4a740ca02d95b06b2907b5a6c648c2dd0a1082a093c3141?s=96&d=mm&r=g","url":"https:\/\/secure.gravatar.com\/avatar\/7a4cf8feb412a76ea4a740ca02d95b06b2907b5a6c648c2dd0a1082a093c3141?s=96&d=mm&r=g","contentUrl":"https:\/\/secure.gravatar.com\/avatar\/7a4cf8feb412a76ea4a740ca02d95b06b2907b5a6c648c2dd0a1082a093c3141?s=96&d=mm&r=g","caption":"Comunicaci\u00f3 Esplac"}}]}},"_links":{"self":[{"href":"https:\/\/www.esplac.cat\/en\/wp-json\/wp\/v2\/posts\/51032","targetHints":{"allow":["GET"]}}],"collection":[{"href":"https:\/\/www.esplac.cat\/en\/wp-json\/wp\/v2\/posts"}],"about":[{"href":"https:\/\/www.esplac.cat\/en\/wp-json\/wp\/v2\/types\/post"}],"author":[{"embeddable":true,"href":"https:\/\/www.esplac.cat\/en\/wp-json\/wp\/v2\/users\/3"}],"replies":[{"embeddable":true,"href":"https:\/\/www.esplac.cat\/en\/wp-json\/wp\/v2\/comments?post=51032"}],"version-history":[{"count":15,"href":"https:\/\/www.esplac.cat\/en\/wp-json\/wp\/v2\/posts\/51032\/revisions"}],"predecessor-version":[{"id":52043,"href":"https:\/\/www.esplac.cat\/en\/wp-json\/wp\/v2\/posts\/51032\/revisions\/52043"}],"wp:featuredmedia":[{"embeddable":true,"href":"https:\/\/www.esplac.cat\/en\/wp-json\/wp\/v2\/media\/51034"}],"wp:attachment":[{"href":"https:\/\/www.esplac.cat\/en\/wp-json\/wp\/v2\/media?parent=51032"}],"wp:term":[{"taxonomy":"category","embeddable":true,"href":"https:\/\/www.esplac.cat\/en\/wp-json\/wp\/v2\/categories?post=51032"},{"taxonomy":"post_tag","embeddable":true,"href":"https:\/\/www.esplac.cat\/en\/wp-json\/wp\/v2\/tags?post=51032"}],"curies":[{"name":"wp","href":"https:\/\/api.w.org\/{rel}","templated":true}]}}