{"id":51324,"date":"2024-10-17T09:26:57","date_gmt":"2024-10-17T07:26:57","guid":{"rendered":"https:\/\/www.esplac.cat\/?p=51324"},"modified":"2025-03-27T14:58:14","modified_gmt":"2025-03-27T12:58:14","slug":"sector-barcelona-sud-celebra-ago","status":"publish","type":"post","link":"https:\/\/www.esplac.cat\/en\/sector-barcelona-sud-celebra-ago\/","title":{"rendered":"El Sector Barcelona Sud celebra l\u2019AGO al local de l\u2019Esplai Turons"},"content":{"rendered":"<div class=\"fusion-fullwidth fullwidth-box fusion-builder-row-1 fusion-flex-container has-pattern-background has-mask-background nonhundred-percent-fullwidth non-hundred-percent-height-scrolling\" style=\"--awb-border-radius-top-left:0px;--awb-border-radius-top-right:0px;--awb-border-radius-bottom-right:0px;--awb-border-radius-bottom-left:0px;--awb-flex-wrap:wrap;\" ><div class=\"fusion-builder-row fusion-row fusion-flex-align-items-flex-start fusion-flex-content-wrap\" style=\"max-width:1248px;margin-left: calc(-4% \/ 2 );margin-right: calc(-4% \/ 2 );\"><div class=\"fusion-layout-column fusion_builder_column fusion-builder-column-0 fusion_builder_column_1_1 1_1 fusion-flex-column\" style=\"--awb-bg-size:cover;--awb-width-large:100%;--awb-margin-top-large:0px;--awb-spacing-right-large:1.92%;--awb-margin-bottom-large:20px;--awb-spacing-left-large:1.92%;--awb-width-medium:100%;--awb-order-medium:0;--awb-spacing-right-medium:1.92%;--awb-spacing-left-medium:1.92%;--awb-width-small:100%;--awb-order-small:0;--awb-spacing-right-small:1.92%;--awb-spacing-left-small:1.92%;\"><div class=\"fusion-column-wrapper fusion-column-has-shadow fusion-flex-justify-content-flex-start fusion-content-layout-column\"><div class=\"fusion-text fusion-text-1\"><h6><strong>El dilluns 14 d\u2019octubre el Sector Barcelona Sud ha celebrat la seva Assemblea General Ordin\u00e0ria (AGO), on hi han participat 7 esplais i 20 assistents. <\/strong><\/h6>\n<p>L\u2019AGO del <span style=\"color: #f69d0b;\"><a style=\"color: #f69d0b;\" href=\"https:\/\/www.esplac.cat\/sectors-geografics\/barcelona-sud\/\" target=\"_blank\" rel=\"noopener\"><strong>Sector Barcelona Sud<\/strong><\/a><\/span> s\u2019ha dut a terme al local de l\u2019<strong>Esplai Turons<\/strong>\u00a0i ha comptat amb la participaci\u00f3 de 20 monitores i monitors referents dels esplais de Barcelona Sud, l\u2019Equip General de Sector, la Coordinadora de Projectes de Sector i representants de l\u2019Equip de Coordinaci\u00f3 d\u2019Esplac.<\/p>\n<p>L&#8217;assemblea ha comen\u00e7at amb l&#8217;aprovaci\u00f3 de la <strong>Mem\u00f2ria de sector del curs 2023-24<\/strong> i del <strong>Pla de Treball<\/strong> del curs que tot just comen\u00e7a. Els objectius del Pla de Treball s\u2019han centrat en la participaci\u00f3 en les activitats de sector i la formaci\u00f3 de les monis. De cada \u00e0mbit, s\u2019han extret una s\u00e8rie d\u2019objectius i les accions que es volen dur a terme per assolir-los. En les pr\u00f2ximes reunions de sector, previsiblement de cara al gener o febrer, se celebrar\u00e0 l\u2019<strong>Assemblea General Extraordin\u00e0ria (AGE)<\/strong> del sector en qu\u00e8 es votar\u00e0 el <strong>Pressupost del curs 2024-25<\/strong>.<\/p>\n<p>Amb tot, el Sector Barcelona Sud engega el curs amb ambici\u00f3 i motivaci\u00f3!<\/p>\n<\/div><div class=\"fusion-image-element \" style=\"--awb-caption-title-font-family:var(--h2_typography-font-family);--awb-caption-title-font-weight:var(--h2_typography-font-weight);--awb-caption-title-font-style:var(--h2_typography-font-style);--awb-caption-title-size:var(--h2_typography-font-size);--awb-caption-title-transform:var(--h2_typography-text-transform);--awb-caption-title-line-height:var(--h2_typography-line-height);--awb-caption-title-letter-spacing:var(--h2_typography-letter-spacing);\"><span class=\" fusion-imageframe imageframe-none imageframe-1 hover-type-none\"><img decoding=\"async\" width=\"1697\" height=\"700\" title=\"Logo_BCN (1)\" src=\"https:\/\/www.esplac.cat\/wp-content\/uploads\/2024\/11\/Logo_BCN-1-1.png\" alt class=\"img-responsive wp-image-53330\" srcset=\"https:\/\/www.esplac.cat\/wp-content\/uploads\/2024\/11\/Logo_BCN-1-1-200x82.png 200w, https:\/\/www.esplac.cat\/wp-content\/uploads\/2024\/11\/Logo_BCN-1-1-400x165.png 400w, https:\/\/www.esplac.cat\/wp-content\/uploads\/2024\/11\/Logo_BCN-1-1-600x247.png 600w, https:\/\/www.esplac.cat\/wp-content\/uploads\/2024\/11\/Logo_BCN-1-1-800x330.png 800w, https:\/\/www.esplac.cat\/wp-content\/uploads\/2024\/11\/Logo_BCN-1-1-1200x495.png 1200w, https:\/\/www.esplac.cat\/wp-content\/uploads\/2024\/11\/Logo_BCN-1-1.png 1697w\" sizes=\"(max-width: 1024px) 100vw, (max-width: 640px) 100vw, 1200px\" \/><\/span><\/div><\/div><\/div><\/div><\/div>\n","protected":false},"excerpt":{"rendered":"","protected":false},"author":3,"featured_media":51326,"comment_status":"closed","ping_status":"closed","sticky":false,"template":"","format":"standard","meta":{"om_disable_all_campaigns":false,"_monsterinsights_skip_tracking":false,"_monsterinsights_sitenote_active":false,"_monsterinsights_sitenote_note":"","_monsterinsights_sitenote_category":0,"_uf_show_specific_survey":0,"_uf_disable_surveys":false,"footnotes":""},"categories":[1128,1397,1],"tags":[],"class_list":["post-51324","post","type-post","status-publish","format-standard","has-post-thumbnail","hentry","category-sector-barcelona","category-sector-barcelona-sud","category-sense-categoria"],"yoast_head":"<!-- This site is optimized with the Yoast SEO plugin v27.4 - https:\/\/yoast.com\/product\/yoast-seo-wordpress\/ -->\n<title>El Sector Barcelona Sud celebra l\u2019AGO al local de l\u2019Esplai Turons - Esplac<\/title>\n<meta name=\"description\" content=\"El Sector Barcelona Sud ha celebrat la seva Assemblea General Ordin\u00e0ria (AGO), on hi han participat 7 esplais i 20 assistents.\" \/>\n<meta name=\"robots\" content=\"index, follow, max-snippet:-1, max-image-preview:large, max-video-preview:-1\" \/>\n<link rel=\"canonical\" href=\"https:\/\/www.esplac.cat\/sector-barcelona-sud-celebra-ago\/\" \/>\n<meta property=\"og:locale\" content=\"en_US\" \/>\n<meta property=\"og:type\" content=\"article\" \/>\n<meta property=\"og:title\" content=\"El Sector Barcelona Sud celebra l\u2019AGO al local de l\u2019Esplai Turons - Esplac\" \/>\n<meta property=\"og:description\" content=\"El Sector Barcelona Sud ha celebrat la seva Assemblea General Ordin\u00e0ria (AGO), on hi han participat 7 esplais i 20 assistents.\" \/>\n<meta property=\"og:url\" content=\"https:\/\/www.esplac.cat\/sector-barcelona-sud-celebra-ago\/\" \/>\n<meta property=\"og:site_name\" content=\"Esplac\" \/>\n<meta property=\"article:published_time\" content=\"2024-10-17T07:26:57+00:00\" \/>\n<meta property=\"article:modified_time\" content=\"2025-03-27T12:58:14+00:00\" \/>\n<meta property=\"og:image\" content=\"https:\/\/www.esplac.cat\/wp-content\/uploads\/2024\/10\/AGO_BCN_SUD.jpg\" \/>\n\t<meta property=\"og:image:width\" content=\"1697\" \/>\n\t<meta property=\"og:image:height\" content=\"700\" \/>\n\t<meta property=\"og:image:type\" content=\"image\/jpeg\" \/>\n<meta name=\"author\" content=\"Comunicaci\u00f3 Esplac\" \/>\n<meta name=\"twitter:card\" content=\"summary_large_image\" \/>\n<meta name=\"twitter:label1\" content=\"Written by\" \/>\n\t<meta name=\"twitter:data1\" content=\"Comunicaci\u00f3 Esplac\" \/>\n\t<meta name=\"twitter:label2\" content=\"Est. reading time\" \/>\n\t<meta name=\"twitter:data2\" content=\"2 minutes\" \/>\n<script type=\"application\/ld+json\" class=\"yoast-schema-graph\">{\"@context\":\"https:\\\/\\\/schema.org\",\"@graph\":[{\"@type\":\"Article\",\"@id\":\"https:\\\/\\\/www.esplac.cat\\\/sector-barcelona-sud-celebra-ago\\\/#article\",\"isPartOf\":{\"@id\":\"https:\\\/\\\/www.esplac.cat\\\/sector-barcelona-sud-celebra-ago\\\/\"},\"author\":{\"name\":\"Comunicaci\u00f3 Esplac\",\"@id\":\"https:\\\/\\\/www.esplac.cat\\\/#\\\/schema\\\/person\\\/908383cf240be18b68f8855d0583faca\"},\"headline\":\"El Sector Barcelona Sud celebra l\u2019AGO al local de l\u2019Esplai Turons\",\"datePublished\":\"2024-10-17T07:26:57+00:00\",\"dateModified\":\"2025-03-27T12:58:14+00:00\",\"mainEntityOfPage\":{\"@id\":\"https:\\\/\\\/www.esplac.cat\\\/sector-barcelona-sud-celebra-ago\\\/\"},\"wordCount\":1458,\"publisher\":{\"@id\":\"https:\\\/\\\/www.esplac.cat\\\/#organization\"},\"image\":{\"@id\":\"https:\\\/\\\/www.esplac.cat\\\/sector-barcelona-sud-celebra-ago\\\/#primaryimage\"},\"thumbnailUrl\":\"https:\\\/\\\/www.esplac.cat\\\/wp-content\\\/uploads\\\/2024\\\/10\\\/AGO_BCN_SUD.jpg\",\"articleSection\":[\"Sector Barcelona\",\"Sector Barcelona Sud\",\"Sense categoria\"],\"inLanguage\":\"en-US\"},{\"@type\":\"WebPage\",\"@id\":\"https:\\\/\\\/www.esplac.cat\\\/sector-barcelona-sud-celebra-ago\\\/\",\"url\":\"https:\\\/\\\/www.esplac.cat\\\/sector-barcelona-sud-celebra-ago\\\/\",\"name\":\"El Sector Barcelona Sud celebra l\u2019AGO al local de l\u2019Esplai Turons - Esplac\",\"isPartOf\":{\"@id\":\"https:\\\/\\\/www.esplac.cat\\\/#website\"},\"primaryImageOfPage\":{\"@id\":\"https:\\\/\\\/www.esplac.cat\\\/sector-barcelona-sud-celebra-ago\\\/#primaryimage\"},\"image\":{\"@id\":\"https:\\\/\\\/www.esplac.cat\\\/sector-barcelona-sud-celebra-ago\\\/#primaryimage\"},\"thumbnailUrl\":\"https:\\\/\\\/www.esplac.cat\\\/wp-content\\\/uploads\\\/2024\\\/10\\\/AGO_BCN_SUD.jpg\",\"datePublished\":\"2024-10-17T07:26:57+00:00\",\"dateModified\":\"2025-03-27T12:58:14+00:00\",\"description\":\"El Sector Barcelona Sud ha celebrat la seva Assemblea General Ordin\u00e0ria (AGO), on hi han participat 7 esplais i 20 assistents.\",\"breadcrumb\":{\"@id\":\"https:\\\/\\\/www.esplac.cat\\\/sector-barcelona-sud-celebra-ago\\\/#breadcrumb\"},\"inLanguage\":\"en-US\",\"potentialAction\":[{\"@type\":\"ReadAction\",\"target\":[\"https:\\\/\\\/www.esplac.cat\\\/sector-barcelona-sud-celebra-ago\\\/\"]}]},{\"@type\":\"ImageObject\",\"inLanguage\":\"en-US\",\"@id\":\"https:\\\/\\\/www.esplac.cat\\\/sector-barcelona-sud-celebra-ago\\\/#primaryimage\",\"url\":\"https:\\\/\\\/www.esplac.cat\\\/wp-content\\\/uploads\\\/2024\\\/10\\\/AGO_BCN_SUD.jpg\",\"contentUrl\":\"https:\\\/\\\/www.esplac.cat\\\/wp-content\\\/uploads\\\/2024\\\/10\\\/AGO_BCN_SUD.jpg\",\"width\":1697,\"height\":700,\"caption\":\"sector barcelona\"},{\"@type\":\"BreadcrumbList\",\"@id\":\"https:\\\/\\\/www.esplac.cat\\\/sector-barcelona-sud-celebra-ago\\\/#breadcrumb\",\"itemListElement\":[{\"@type\":\"ListItem\",\"position\":1,\"name\":\"Inici\",\"item\":\"https:\\\/\\\/www.esplac.cat\\\/en\\\/\"},{\"@type\":\"ListItem\",\"position\":2,\"name\":\"El Sector Barcelona Sud celebra l\u2019AGO al local de l\u2019Esplai Turons\"}]},{\"@type\":\"WebSite\",\"@id\":\"https:\\\/\\\/www.esplac.cat\\\/#website\",\"url\":\"https:\\\/\\\/www.esplac.cat\\\/\",\"name\":\"Esplac\",\"description\":\"Esplais Catalans\",\"publisher\":{\"@id\":\"https:\\\/\\\/www.esplac.cat\\\/#organization\"},\"potentialAction\":[{\"@type\":\"SearchAction\",\"target\":{\"@type\":\"EntryPoint\",\"urlTemplate\":\"https:\\\/\\\/www.esplac.cat\\\/?s={search_term_string}\"},\"query-input\":{\"@type\":\"PropertyValueSpecification\",\"valueRequired\":true,\"valueName\":\"search_term_string\"}}],\"inLanguage\":\"en-US\"},{\"@type\":\"Organization\",\"@id\":\"https:\\\/\\\/www.esplac.cat\\\/#organization\",\"name\":\"Esplac\",\"url\":\"https:\\\/\\\/www.esplac.cat\\\/\",\"logo\":{\"@type\":\"ImageObject\",\"inLanguage\":\"en-US\",\"@id\":\"https:\\\/\\\/www.esplac.cat\\\/#\\\/schema\\\/logo\\\/image\\\/\",\"url\":\"https:\\\/\\\/www.esplac.cat\\\/wp-content\\\/uploads\\\/2019\\\/08\\\/logox2.png\",\"contentUrl\":\"https:\\\/\\\/www.esplac.cat\\\/wp-content\\\/uploads\\\/2019\\\/08\\\/logox2.png\",\"width\":600,\"height\":295,\"caption\":\"Esplac\"},\"image\":{\"@id\":\"https:\\\/\\\/www.esplac.cat\\\/#\\\/schema\\\/logo\\\/image\\\/\"}},{\"@type\":\"Person\",\"@id\":\"https:\\\/\\\/www.esplac.cat\\\/#\\\/schema\\\/person\\\/908383cf240be18b68f8855d0583faca\",\"name\":\"Comunicaci\u00f3 Esplac\",\"image\":{\"@type\":\"ImageObject\",\"inLanguage\":\"en-US\",\"@id\":\"https:\\\/\\\/secure.gravatar.com\\\/avatar\\\/7a4cf8feb412a76ea4a740ca02d95b06b2907b5a6c648c2dd0a1082a093c3141?s=96&d=mm&r=g\",\"url\":\"https:\\\/\\\/secure.gravatar.com\\\/avatar\\\/7a4cf8feb412a76ea4a740ca02d95b06b2907b5a6c648c2dd0a1082a093c3141?s=96&d=mm&r=g\",\"contentUrl\":\"https:\\\/\\\/secure.gravatar.com\\\/avatar\\\/7a4cf8feb412a76ea4a740ca02d95b06b2907b5a6c648c2dd0a1082a093c3141?s=96&d=mm&r=g\",\"caption\":\"Comunicaci\u00f3 Esplac\"}}]}<\/script>\n<!-- \/ Yoast SEO plugin. -->","yoast_head_json":{"title":"El Sector Barcelona Sud celebra l\u2019AGO al local de l\u2019Esplai Turons - Esplac","description":"El Sector Barcelona Sud ha celebrat la seva Assemblea General Ordin\u00e0ria (AGO), on hi han participat 7 esplais i 20 assistents.","robots":{"index":"index","follow":"follow","max-snippet":"max-snippet:-1","max-image-preview":"max-image-preview:large","max-video-preview":"max-video-preview:-1"},"canonical":"https:\/\/www.esplac.cat\/sector-barcelona-sud-celebra-ago\/","og_locale":"en_US","og_type":"article","og_title":"El Sector Barcelona Sud celebra l\u2019AGO al local de l\u2019Esplai Turons - Esplac","og_description":"El Sector Barcelona Sud ha celebrat la seva Assemblea General Ordin\u00e0ria (AGO), on hi han participat 7 esplais i 20 assistents.","og_url":"https:\/\/www.esplac.cat\/sector-barcelona-sud-celebra-ago\/","og_site_name":"Esplac","article_published_time":"2024-10-17T07:26:57+00:00","article_modified_time":"2025-03-27T12:58:14+00:00","og_image":[{"width":1697,"height":700,"url":"https:\/\/www.esplac.cat\/wp-content\/uploads\/2024\/10\/AGO_BCN_SUD.jpg","type":"image\/jpeg"}],"author":"Comunicaci\u00f3 Esplac","twitter_card":"summary_large_image","twitter_misc":{"Written by":"Comunicaci\u00f3 Esplac","Est. reading time":"2 minutes"},"schema":{"@context":"https:\/\/schema.org","@graph":[{"@type":"Article","@id":"https:\/\/www.esplac.cat\/sector-barcelona-sud-celebra-ago\/#article","isPartOf":{"@id":"https:\/\/www.esplac.cat\/sector-barcelona-sud-celebra-ago\/"},"author":{"name":"Comunicaci\u00f3 Esplac","@id":"https:\/\/www.esplac.cat\/#\/schema\/person\/908383cf240be18b68f8855d0583faca"},"headline":"El Sector Barcelona Sud celebra l\u2019AGO al local de l\u2019Esplai Turons","datePublished":"2024-10-17T07:26:57+00:00","dateModified":"2025-03-27T12:58:14+00:00","mainEntityOfPage":{"@id":"https:\/\/www.esplac.cat\/sector-barcelona-sud-celebra-ago\/"},"wordCount":1458,"publisher":{"@id":"https:\/\/www.esplac.cat\/#organization"},"image":{"@id":"https:\/\/www.esplac.cat\/sector-barcelona-sud-celebra-ago\/#primaryimage"},"thumbnailUrl":"https:\/\/www.esplac.cat\/wp-content\/uploads\/2024\/10\/AGO_BCN_SUD.jpg","articleSection":["Sector Barcelona","Sector Barcelona Sud","Sense categoria"],"inLanguage":"en-US"},{"@type":"WebPage","@id":"https:\/\/www.esplac.cat\/sector-barcelona-sud-celebra-ago\/","url":"https:\/\/www.esplac.cat\/sector-barcelona-sud-celebra-ago\/","name":"El Sector Barcelona Sud celebra l\u2019AGO al local de l\u2019Esplai Turons - Esplac","isPartOf":{"@id":"https:\/\/www.esplac.cat\/#website"},"primaryImageOfPage":{"@id":"https:\/\/www.esplac.cat\/sector-barcelona-sud-celebra-ago\/#primaryimage"},"image":{"@id":"https:\/\/www.esplac.cat\/sector-barcelona-sud-celebra-ago\/#primaryimage"},"thumbnailUrl":"https:\/\/www.esplac.cat\/wp-content\/uploads\/2024\/10\/AGO_BCN_SUD.jpg","datePublished":"2024-10-17T07:26:57+00:00","dateModified":"2025-03-27T12:58:14+00:00","description":"El Sector Barcelona Sud ha celebrat la seva Assemblea General Ordin\u00e0ria (AGO), on hi han participat 7 esplais i 20 assistents.","breadcrumb":{"@id":"https:\/\/www.esplac.cat\/sector-barcelona-sud-celebra-ago\/#breadcrumb"},"inLanguage":"en-US","potentialAction":[{"@type":"ReadAction","target":["https:\/\/www.esplac.cat\/sector-barcelona-sud-celebra-ago\/"]}]},{"@type":"ImageObject","inLanguage":"en-US","@id":"https:\/\/www.esplac.cat\/sector-barcelona-sud-celebra-ago\/#primaryimage","url":"https:\/\/www.esplac.cat\/wp-content\/uploads\/2024\/10\/AGO_BCN_SUD.jpg","contentUrl":"https:\/\/www.esplac.cat\/wp-content\/uploads\/2024\/10\/AGO_BCN_SUD.jpg","width":1697,"height":700,"caption":"sector barcelona"},{"@type":"BreadcrumbList","@id":"https:\/\/www.esplac.cat\/sector-barcelona-sud-celebra-ago\/#breadcrumb","itemListElement":[{"@type":"ListItem","position":1,"name":"Inici","item":"https:\/\/www.esplac.cat\/en\/"},{"@type":"ListItem","position":2,"name":"El Sector Barcelona Sud celebra l\u2019AGO al local de l\u2019Esplai Turons"}]},{"@type":"WebSite","@id":"https:\/\/www.esplac.cat\/#website","url":"https:\/\/www.esplac.cat\/","name":"Esplac","description":"Esplais Catalans","publisher":{"@id":"https:\/\/www.esplac.cat\/#organization"},"potentialAction":[{"@type":"SearchAction","target":{"@type":"EntryPoint","urlTemplate":"https:\/\/www.esplac.cat\/?s={search_term_string}"},"query-input":{"@type":"PropertyValueSpecification","valueRequired":true,"valueName":"search_term_string"}}],"inLanguage":"en-US"},{"@type":"Organization","@id":"https:\/\/www.esplac.cat\/#organization","name":"Esplac","url":"https:\/\/www.esplac.cat\/","logo":{"@type":"ImageObject","inLanguage":"en-US","@id":"https:\/\/www.esplac.cat\/#\/schema\/logo\/image\/","url":"https:\/\/www.esplac.cat\/wp-content\/uploads\/2019\/08\/logox2.png","contentUrl":"https:\/\/www.esplac.cat\/wp-content\/uploads\/2019\/08\/logox2.png","width":600,"height":295,"caption":"Esplac"},"image":{"@id":"https:\/\/www.esplac.cat\/#\/schema\/logo\/image\/"}},{"@type":"Person","@id":"https:\/\/www.esplac.cat\/#\/schema\/person\/908383cf240be18b68f8855d0583faca","name":"Comunicaci\u00f3 Esplac","image":{"@type":"ImageObject","inLanguage":"en-US","@id":"https:\/\/secure.gravatar.com\/avatar\/7a4cf8feb412a76ea4a740ca02d95b06b2907b5a6c648c2dd0a1082a093c3141?s=96&d=mm&r=g","url":"https:\/\/secure.gravatar.com\/avatar\/7a4cf8feb412a76ea4a740ca02d95b06b2907b5a6c648c2dd0a1082a093c3141?s=96&d=mm&r=g","contentUrl":"https:\/\/secure.gravatar.com\/avatar\/7a4cf8feb412a76ea4a740ca02d95b06b2907b5a6c648c2dd0a1082a093c3141?s=96&d=mm&r=g","caption":"Comunicaci\u00f3 Esplac"}}]}},"_links":{"self":[{"href":"https:\/\/www.esplac.cat\/en\/wp-json\/wp\/v2\/posts\/51324","targetHints":{"allow":["GET"]}}],"collection":[{"href":"https:\/\/www.esplac.cat\/en\/wp-json\/wp\/v2\/posts"}],"about":[{"href":"https:\/\/www.esplac.cat\/en\/wp-json\/wp\/v2\/types\/post"}],"author":[{"embeddable":true,"href":"https:\/\/www.esplac.cat\/en\/wp-json\/wp\/v2\/users\/3"}],"replies":[{"embeddable":true,"href":"https:\/\/www.esplac.cat\/en\/wp-json\/wp\/v2\/comments?post=51324"}],"version-history":[{"count":3,"href":"https:\/\/www.esplac.cat\/en\/wp-json\/wp\/v2\/posts\/51324\/revisions"}],"predecessor-version":[{"id":53335,"href":"https:\/\/www.esplac.cat\/en\/wp-json\/wp\/v2\/posts\/51324\/revisions\/53335"}],"wp:featuredmedia":[{"embeddable":true,"href":"https:\/\/www.esplac.cat\/en\/wp-json\/wp\/v2\/media\/51326"}],"wp:attachment":[{"href":"https:\/\/www.esplac.cat\/en\/wp-json\/wp\/v2\/media?parent=51324"}],"wp:term":[{"taxonomy":"category","embeddable":true,"href":"https:\/\/www.esplac.cat\/en\/wp-json\/wp\/v2\/categories?post=51324"},{"taxonomy":"post_tag","embeddable":true,"href":"https:\/\/www.esplac.cat\/en\/wp-json\/wp\/v2\/tags?post=51324"}],"curies":[{"name":"wp","href":"https:\/\/api.w.org\/{rel}","templated":true}]}}