{"id":51352,"date":"2024-10-18T09:00:42","date_gmt":"2024-10-18T07:00:42","guid":{"rendered":"https:\/\/www.esplac.cat\/?p=51352"},"modified":"2024-10-22T10:25:21","modified_gmt":"2024-10-22T08:25:21","slug":"sector-valles-occidental-arrencacurs-ago-sector","status":"publish","type":"post","link":"https:\/\/www.esplac.cat\/en\/sector-valles-occidental-arrencacurs-ago-sector\/","title":{"rendered":"El Sector Vall\u00e8s Occidental arrenca el curs amb l\u2019AGO de Sector"},"content":{"rendered":"<div class=\"fusion-fullwidth fullwidth-box fusion-builder-row-1 fusion-flex-container has-pattern-background has-mask-background nonhundred-percent-fullwidth non-hundred-percent-height-scrolling\" style=\"--awb-border-radius-top-left:0px;--awb-border-radius-top-right:0px;--awb-border-radius-bottom-right:0px;--awb-border-radius-bottom-left:0px;--awb-flex-wrap:wrap;\" ><div class=\"fusion-builder-row fusion-row fusion-flex-align-items-flex-start fusion-flex-content-wrap\" style=\"max-width:1248px;margin-left: calc(-4% \/ 2 );margin-right: calc(-4% \/ 2 );\"><div class=\"fusion-layout-column fusion_builder_column fusion-builder-column-0 fusion_builder_column_1_1 1_1 fusion-flex-column\" style=\"--awb-bg-size:cover;--awb-width-large:100%;--awb-margin-top-large:0px;--awb-spacing-right-large:1.92%;--awb-margin-bottom-large:20px;--awb-spacing-left-large:1.92%;--awb-width-medium:100%;--awb-order-medium:0;--awb-spacing-right-medium:1.92%;--awb-spacing-left-medium:1.92%;--awb-width-small:100%;--awb-order-small:0;--awb-spacing-right-small:1.92%;--awb-spacing-left-small:1.92%;\"><div class=\"fusion-column-wrapper fusion-column-has-shadow fusion-flex-justify-content-flex-start fusion-content-layout-column\"><div class=\"fusion-text fusion-text-1\"><div>\n<h6><strong>Energies renovades i molta motivaci\u00f3 per encarar el nou curs del Sector Vall\u00e8s Occidental!<\/strong><\/h6>\n<p>El dimecres 16 d\u2019octubre ha tingut lloc l\u2019<strong>Assemblea General Ordin\u00e0ria<\/strong> (AGO) del <span style=\"color: #f69d0b;\"><a style=\"color: #f69d0b;\" href=\"https:\/\/www.esplac.cat\/sectors-geografics\/valles-occidental\/\" target=\"_blank\" rel=\"noopener\"><strong>Sector Vall\u00e8s Occidental<\/strong><\/a><\/span>, un espai que se celebra cada any per a poder encetar el nou curs. Aquesta trobada ha tingut lloc a Castellbisbal, localitat de l\u2019<span style=\"color: #f69d0b;\"><a style=\"color: #f69d0b;\" href=\"https:\/\/www.instagram.com\/esplaigatzara\/\" target=\"_blank\" rel=\"noopener\"><strong>esplai Gatzara<\/strong><\/a><\/span>.<\/p>\n<p>A l\u2019AGO hi han participat els <strong>9 esplais<\/strong> que conformen el sector i un total de <strong>29 monis<\/strong>, un \u00e8xit d\u2019assit\u00e8ncia. A l\u2019assemblea s\u2019ha pogut fer el tancament del curs passat i donar inici al nou amb les piles ben carregades.<\/p>\n<p>En primer lloc, s\u2019han aprovat tant la <strong>mem\u00f2ria del curs passat<\/strong>, com el <strong>Pla de Treball del curs 2024-2025<\/strong>. Aquest any els objectius van enfocats principalment a crear espais de caliu entre les monitores i els monitors del sector, aix\u00ed com fomentar la participaci\u00f3. A m\u00e9s a m\u00e9s, l\u2019<strong>Equip General de Sector (EGS)<\/strong> es proposa fer m\u00e9s visites als esplais del sector.<\/p>\n<p>A continuaci\u00f3, s\u2019ha votat l\u2019entrada de tres nous membres a l\u2019EGS i s\u2019ha acomiadat a aquells que ja no continuaran aquest curs.<\/p>\n<p>D\u2019aquesta manera, el Sector Vall\u00e8s Occidental inicia el curs 2024-25 amb ganes d\u2019enfortir el sector!<\/p>\n<\/div>\n<\/div><\/div><\/div><\/div><\/div>\n","protected":false},"excerpt":{"rendered":"","protected":false},"author":3,"featured_media":51368,"comment_status":"closed","ping_status":"closed","sticky":false,"template":"","format":"standard","meta":{"om_disable_all_campaigns":false,"_monsterinsights_skip_tracking":false,"_monsterinsights_sitenote_active":false,"_monsterinsights_sitenote_note":"","_monsterinsights_sitenote_category":0,"_uf_show_specific_survey":0,"_uf_disable_surveys":false,"footnotes":""},"categories":[1118],"tags":[],"class_list":["post-51352","post","type-post","status-publish","format-standard","has-post-thumbnail","hentry","category-sector-valles-occidental-activitats-sectors"],"yoast_head":"<!-- This site is optimized with the Yoast SEO plugin v27.4 - https:\/\/yoast.com\/product\/yoast-seo-wordpress\/ -->\n<title>El Sector Vall\u00e8s Occidental arrenca el curs amb l\u2019AGO de Sector - Esplac<\/title>\n<meta name=\"description\" content=\"El 16 d\u2019octubre ha tingut lloc l\u2019AGO del Sector Vall\u00e8s Occidental, un espai que se celebra cada any per a poder encetar el nou curs.\" \/>\n<meta name=\"robots\" content=\"index, follow, max-snippet:-1, max-image-preview:large, max-video-preview:-1\" \/>\n<link rel=\"canonical\" href=\"https:\/\/www.esplac.cat\/sector-valles-occidental-arrencacurs-ago-sector\/\" \/>\n<meta property=\"og:locale\" content=\"en_US\" \/>\n<meta property=\"og:type\" content=\"article\" \/>\n<meta property=\"og:title\" content=\"El Sector Vall\u00e8s Occidental arrenca el curs amb l\u2019AGO de Sector - Esplac\" \/>\n<meta property=\"og:description\" content=\"El 16 d\u2019octubre ha tingut lloc l\u2019AGO del Sector Vall\u00e8s Occidental, un espai que se celebra cada any per a poder encetar el nou curs.\" \/>\n<meta property=\"og:url\" content=\"https:\/\/www.esplac.cat\/sector-valles-occidental-arrencacurs-ago-sector\/\" \/>\n<meta property=\"og:site_name\" content=\"Esplac\" \/>\n<meta property=\"article:published_time\" content=\"2024-10-18T07:00:42+00:00\" \/>\n<meta property=\"article:modified_time\" content=\"2024-10-22T08:25:21+00:00\" \/>\n<meta property=\"og:image\" content=\"https:\/\/www.esplac.cat\/wp-content\/uploads\/2024\/10\/AGO_VALLOC-1.jpg\" \/>\n\t<meta property=\"og:image:width\" content=\"1697\" \/>\n\t<meta property=\"og:image:height\" content=\"700\" \/>\n\t<meta property=\"og:image:type\" content=\"image\/jpeg\" \/>\n<meta name=\"author\" content=\"Comunicaci\u00f3 Esplac\" \/>\n<meta name=\"twitter:card\" content=\"summary_large_image\" \/>\n<meta name=\"twitter:label1\" content=\"Written by\" \/>\n\t<meta name=\"twitter:data1\" content=\"Comunicaci\u00f3 Esplac\" \/>\n\t<meta name=\"twitter:label2\" content=\"Est. reading time\" \/>\n\t<meta name=\"twitter:data2\" content=\"2 minutes\" \/>\n<script type=\"application\/ld+json\" class=\"yoast-schema-graph\">{\"@context\":\"https:\\\/\\\/schema.org\",\"@graph\":[{\"@type\":\"Article\",\"@id\":\"https:\\\/\\\/www.esplac.cat\\\/sector-valles-occidental-arrencacurs-ago-sector\\\/#article\",\"isPartOf\":{\"@id\":\"https:\\\/\\\/www.esplac.cat\\\/sector-valles-occidental-arrencacurs-ago-sector\\\/\"},\"author\":{\"name\":\"Comunicaci\u00f3 Esplac\",\"@id\":\"https:\\\/\\\/www.esplac.cat\\\/#\\\/schema\\\/person\\\/908383cf240be18b68f8855d0583faca\"},\"headline\":\"El Sector Vall\u00e8s Occidental arrenca el curs amb l\u2019AGO de Sector\",\"datePublished\":\"2024-10-18T07:00:42+00:00\",\"dateModified\":\"2024-10-22T08:25:21+00:00\",\"mainEntityOfPage\":{\"@id\":\"https:\\\/\\\/www.esplac.cat\\\/sector-valles-occidental-arrencacurs-ago-sector\\\/\"},\"wordCount\":1185,\"publisher\":{\"@id\":\"https:\\\/\\\/www.esplac.cat\\\/#organization\"},\"image\":{\"@id\":\"https:\\\/\\\/www.esplac.cat\\\/sector-valles-occidental-arrencacurs-ago-sector\\\/#primaryimage\"},\"thumbnailUrl\":\"https:\\\/\\\/www.esplac.cat\\\/wp-content\\\/uploads\\\/2024\\\/10\\\/AGO_VALLOC-1.jpg\",\"articleSection\":[\"Sector Vall\u00e8s Occidental\"],\"inLanguage\":\"en-US\"},{\"@type\":\"WebPage\",\"@id\":\"https:\\\/\\\/www.esplac.cat\\\/sector-valles-occidental-arrencacurs-ago-sector\\\/\",\"url\":\"https:\\\/\\\/www.esplac.cat\\\/sector-valles-occidental-arrencacurs-ago-sector\\\/\",\"name\":\"El Sector Vall\u00e8s Occidental arrenca el curs amb l\u2019AGO de Sector - Esplac\",\"isPartOf\":{\"@id\":\"https:\\\/\\\/www.esplac.cat\\\/#website\"},\"primaryImageOfPage\":{\"@id\":\"https:\\\/\\\/www.esplac.cat\\\/sector-valles-occidental-arrencacurs-ago-sector\\\/#primaryimage\"},\"image\":{\"@id\":\"https:\\\/\\\/www.esplac.cat\\\/sector-valles-occidental-arrencacurs-ago-sector\\\/#primaryimage\"},\"thumbnailUrl\":\"https:\\\/\\\/www.esplac.cat\\\/wp-content\\\/uploads\\\/2024\\\/10\\\/AGO_VALLOC-1.jpg\",\"datePublished\":\"2024-10-18T07:00:42+00:00\",\"dateModified\":\"2024-10-22T08:25:21+00:00\",\"description\":\"El 16 d\u2019octubre ha tingut lloc l\u2019AGO del Sector Vall\u00e8s Occidental, un espai que se celebra cada any per a poder encetar el nou curs.\",\"breadcrumb\":{\"@id\":\"https:\\\/\\\/www.esplac.cat\\\/sector-valles-occidental-arrencacurs-ago-sector\\\/#breadcrumb\"},\"inLanguage\":\"en-US\",\"potentialAction\":[{\"@type\":\"ReadAction\",\"target\":[\"https:\\\/\\\/www.esplac.cat\\\/sector-valles-occidental-arrencacurs-ago-sector\\\/\"]}]},{\"@type\":\"ImageObject\",\"inLanguage\":\"en-US\",\"@id\":\"https:\\\/\\\/www.esplac.cat\\\/sector-valles-occidental-arrencacurs-ago-sector\\\/#primaryimage\",\"url\":\"https:\\\/\\\/www.esplac.cat\\\/wp-content\\\/uploads\\\/2024\\\/10\\\/AGO_VALLOC-1.jpg\",\"contentUrl\":\"https:\\\/\\\/www.esplac.cat\\\/wp-content\\\/uploads\\\/2024\\\/10\\\/AGO_VALLOC-1.jpg\",\"width\":1697,\"height\":700,\"caption\":\"sector\"},{\"@type\":\"BreadcrumbList\",\"@id\":\"https:\\\/\\\/www.esplac.cat\\\/sector-valles-occidental-arrencacurs-ago-sector\\\/#breadcrumb\",\"itemListElement\":[{\"@type\":\"ListItem\",\"position\":1,\"name\":\"Inici\",\"item\":\"https:\\\/\\\/www.esplac.cat\\\/en\\\/\"},{\"@type\":\"ListItem\",\"position\":2,\"name\":\"El Sector Vall\u00e8s Occidental arrenca el curs amb l\u2019AGO de Sector\"}]},{\"@type\":\"WebSite\",\"@id\":\"https:\\\/\\\/www.esplac.cat\\\/#website\",\"url\":\"https:\\\/\\\/www.esplac.cat\\\/\",\"name\":\"Esplac\",\"description\":\"Esplais Catalans\",\"publisher\":{\"@id\":\"https:\\\/\\\/www.esplac.cat\\\/#organization\"},\"potentialAction\":[{\"@type\":\"SearchAction\",\"target\":{\"@type\":\"EntryPoint\",\"urlTemplate\":\"https:\\\/\\\/www.esplac.cat\\\/?s={search_term_string}\"},\"query-input\":{\"@type\":\"PropertyValueSpecification\",\"valueRequired\":true,\"valueName\":\"search_term_string\"}}],\"inLanguage\":\"en-US\"},{\"@type\":\"Organization\",\"@id\":\"https:\\\/\\\/www.esplac.cat\\\/#organization\",\"name\":\"Esplac\",\"url\":\"https:\\\/\\\/www.esplac.cat\\\/\",\"logo\":{\"@type\":\"ImageObject\",\"inLanguage\":\"en-US\",\"@id\":\"https:\\\/\\\/www.esplac.cat\\\/#\\\/schema\\\/logo\\\/image\\\/\",\"url\":\"https:\\\/\\\/www.esplac.cat\\\/wp-content\\\/uploads\\\/2019\\\/08\\\/logox2.png\",\"contentUrl\":\"https:\\\/\\\/www.esplac.cat\\\/wp-content\\\/uploads\\\/2019\\\/08\\\/logox2.png\",\"width\":600,\"height\":295,\"caption\":\"Esplac\"},\"image\":{\"@id\":\"https:\\\/\\\/www.esplac.cat\\\/#\\\/schema\\\/logo\\\/image\\\/\"}},{\"@type\":\"Person\",\"@id\":\"https:\\\/\\\/www.esplac.cat\\\/#\\\/schema\\\/person\\\/908383cf240be18b68f8855d0583faca\",\"name\":\"Comunicaci\u00f3 Esplac\",\"image\":{\"@type\":\"ImageObject\",\"inLanguage\":\"en-US\",\"@id\":\"https:\\\/\\\/secure.gravatar.com\\\/avatar\\\/7a4cf8feb412a76ea4a740ca02d95b06b2907b5a6c648c2dd0a1082a093c3141?s=96&d=mm&r=g\",\"url\":\"https:\\\/\\\/secure.gravatar.com\\\/avatar\\\/7a4cf8feb412a76ea4a740ca02d95b06b2907b5a6c648c2dd0a1082a093c3141?s=96&d=mm&r=g\",\"contentUrl\":\"https:\\\/\\\/secure.gravatar.com\\\/avatar\\\/7a4cf8feb412a76ea4a740ca02d95b06b2907b5a6c648c2dd0a1082a093c3141?s=96&d=mm&r=g\",\"caption\":\"Comunicaci\u00f3 Esplac\"}}]}<\/script>\n<!-- \/ Yoast SEO plugin. -->","yoast_head_json":{"title":"El Sector Vall\u00e8s Occidental arrenca el curs amb l\u2019AGO de Sector - Esplac","description":"El 16 d\u2019octubre ha tingut lloc l\u2019AGO del Sector Vall\u00e8s Occidental, un espai que se celebra cada any per a poder encetar el nou curs.","robots":{"index":"index","follow":"follow","max-snippet":"max-snippet:-1","max-image-preview":"max-image-preview:large","max-video-preview":"max-video-preview:-1"},"canonical":"https:\/\/www.esplac.cat\/sector-valles-occidental-arrencacurs-ago-sector\/","og_locale":"en_US","og_type":"article","og_title":"El Sector Vall\u00e8s Occidental arrenca el curs amb l\u2019AGO de Sector - Esplac","og_description":"El 16 d\u2019octubre ha tingut lloc l\u2019AGO del Sector Vall\u00e8s Occidental, un espai que se celebra cada any per a poder encetar el nou curs.","og_url":"https:\/\/www.esplac.cat\/sector-valles-occidental-arrencacurs-ago-sector\/","og_site_name":"Esplac","article_published_time":"2024-10-18T07:00:42+00:00","article_modified_time":"2024-10-22T08:25:21+00:00","og_image":[{"width":1697,"height":700,"url":"https:\/\/www.esplac.cat\/wp-content\/uploads\/2024\/10\/AGO_VALLOC-1.jpg","type":"image\/jpeg"}],"author":"Comunicaci\u00f3 Esplac","twitter_card":"summary_large_image","twitter_misc":{"Written by":"Comunicaci\u00f3 Esplac","Est. reading time":"2 minutes"},"schema":{"@context":"https:\/\/schema.org","@graph":[{"@type":"Article","@id":"https:\/\/www.esplac.cat\/sector-valles-occidental-arrencacurs-ago-sector\/#article","isPartOf":{"@id":"https:\/\/www.esplac.cat\/sector-valles-occidental-arrencacurs-ago-sector\/"},"author":{"name":"Comunicaci\u00f3 Esplac","@id":"https:\/\/www.esplac.cat\/#\/schema\/person\/908383cf240be18b68f8855d0583faca"},"headline":"El Sector Vall\u00e8s Occidental arrenca el curs amb l\u2019AGO de Sector","datePublished":"2024-10-18T07:00:42+00:00","dateModified":"2024-10-22T08:25:21+00:00","mainEntityOfPage":{"@id":"https:\/\/www.esplac.cat\/sector-valles-occidental-arrencacurs-ago-sector\/"},"wordCount":1185,"publisher":{"@id":"https:\/\/www.esplac.cat\/#organization"},"image":{"@id":"https:\/\/www.esplac.cat\/sector-valles-occidental-arrencacurs-ago-sector\/#primaryimage"},"thumbnailUrl":"https:\/\/www.esplac.cat\/wp-content\/uploads\/2024\/10\/AGO_VALLOC-1.jpg","articleSection":["Sector Vall\u00e8s Occidental"],"inLanguage":"en-US"},{"@type":"WebPage","@id":"https:\/\/www.esplac.cat\/sector-valles-occidental-arrencacurs-ago-sector\/","url":"https:\/\/www.esplac.cat\/sector-valles-occidental-arrencacurs-ago-sector\/","name":"El Sector Vall\u00e8s Occidental arrenca el curs amb l\u2019AGO de Sector - Esplac","isPartOf":{"@id":"https:\/\/www.esplac.cat\/#website"},"primaryImageOfPage":{"@id":"https:\/\/www.esplac.cat\/sector-valles-occidental-arrencacurs-ago-sector\/#primaryimage"},"image":{"@id":"https:\/\/www.esplac.cat\/sector-valles-occidental-arrencacurs-ago-sector\/#primaryimage"},"thumbnailUrl":"https:\/\/www.esplac.cat\/wp-content\/uploads\/2024\/10\/AGO_VALLOC-1.jpg","datePublished":"2024-10-18T07:00:42+00:00","dateModified":"2024-10-22T08:25:21+00:00","description":"El 16 d\u2019octubre ha tingut lloc l\u2019AGO del Sector Vall\u00e8s Occidental, un espai que se celebra cada any per a poder encetar el nou curs.","breadcrumb":{"@id":"https:\/\/www.esplac.cat\/sector-valles-occidental-arrencacurs-ago-sector\/#breadcrumb"},"inLanguage":"en-US","potentialAction":[{"@type":"ReadAction","target":["https:\/\/www.esplac.cat\/sector-valles-occidental-arrencacurs-ago-sector\/"]}]},{"@type":"ImageObject","inLanguage":"en-US","@id":"https:\/\/www.esplac.cat\/sector-valles-occidental-arrencacurs-ago-sector\/#primaryimage","url":"https:\/\/www.esplac.cat\/wp-content\/uploads\/2024\/10\/AGO_VALLOC-1.jpg","contentUrl":"https:\/\/www.esplac.cat\/wp-content\/uploads\/2024\/10\/AGO_VALLOC-1.jpg","width":1697,"height":700,"caption":"sector"},{"@type":"BreadcrumbList","@id":"https:\/\/www.esplac.cat\/sector-valles-occidental-arrencacurs-ago-sector\/#breadcrumb","itemListElement":[{"@type":"ListItem","position":1,"name":"Inici","item":"https:\/\/www.esplac.cat\/en\/"},{"@type":"ListItem","position":2,"name":"El Sector Vall\u00e8s Occidental arrenca el curs amb l\u2019AGO de Sector"}]},{"@type":"WebSite","@id":"https:\/\/www.esplac.cat\/#website","url":"https:\/\/www.esplac.cat\/","name":"Esplac","description":"Esplais Catalans","publisher":{"@id":"https:\/\/www.esplac.cat\/#organization"},"potentialAction":[{"@type":"SearchAction","target":{"@type":"EntryPoint","urlTemplate":"https:\/\/www.esplac.cat\/?s={search_term_string}"},"query-input":{"@type":"PropertyValueSpecification","valueRequired":true,"valueName":"search_term_string"}}],"inLanguage":"en-US"},{"@type":"Organization","@id":"https:\/\/www.esplac.cat\/#organization","name":"Esplac","url":"https:\/\/www.esplac.cat\/","logo":{"@type":"ImageObject","inLanguage":"en-US","@id":"https:\/\/www.esplac.cat\/#\/schema\/logo\/image\/","url":"https:\/\/www.esplac.cat\/wp-content\/uploads\/2019\/08\/logox2.png","contentUrl":"https:\/\/www.esplac.cat\/wp-content\/uploads\/2019\/08\/logox2.png","width":600,"height":295,"caption":"Esplac"},"image":{"@id":"https:\/\/www.esplac.cat\/#\/schema\/logo\/image\/"}},{"@type":"Person","@id":"https:\/\/www.esplac.cat\/#\/schema\/person\/908383cf240be18b68f8855d0583faca","name":"Comunicaci\u00f3 Esplac","image":{"@type":"ImageObject","inLanguage":"en-US","@id":"https:\/\/secure.gravatar.com\/avatar\/7a4cf8feb412a76ea4a740ca02d95b06b2907b5a6c648c2dd0a1082a093c3141?s=96&d=mm&r=g","url":"https:\/\/secure.gravatar.com\/avatar\/7a4cf8feb412a76ea4a740ca02d95b06b2907b5a6c648c2dd0a1082a093c3141?s=96&d=mm&r=g","contentUrl":"https:\/\/secure.gravatar.com\/avatar\/7a4cf8feb412a76ea4a740ca02d95b06b2907b5a6c648c2dd0a1082a093c3141?s=96&d=mm&r=g","caption":"Comunicaci\u00f3 Esplac"}}]}},"_links":{"self":[{"href":"https:\/\/www.esplac.cat\/en\/wp-json\/wp\/v2\/posts\/51352","targetHints":{"allow":["GET"]}}],"collection":[{"href":"https:\/\/www.esplac.cat\/en\/wp-json\/wp\/v2\/posts"}],"about":[{"href":"https:\/\/www.esplac.cat\/en\/wp-json\/wp\/v2\/types\/post"}],"author":[{"embeddable":true,"href":"https:\/\/www.esplac.cat\/en\/wp-json\/wp\/v2\/users\/3"}],"replies":[{"embeddable":true,"href":"https:\/\/www.esplac.cat\/en\/wp-json\/wp\/v2\/comments?post=51352"}],"version-history":[{"count":4,"href":"https:\/\/www.esplac.cat\/en\/wp-json\/wp\/v2\/posts\/51352\/revisions"}],"predecessor-version":[{"id":51359,"href":"https:\/\/www.esplac.cat\/en\/wp-json\/wp\/v2\/posts\/51352\/revisions\/51359"}],"wp:featuredmedia":[{"embeddable":true,"href":"https:\/\/www.esplac.cat\/en\/wp-json\/wp\/v2\/media\/51368"}],"wp:attachment":[{"href":"https:\/\/www.esplac.cat\/en\/wp-json\/wp\/v2\/media?parent=51352"}],"wp:term":[{"taxonomy":"category","embeddable":true,"href":"https:\/\/www.esplac.cat\/en\/wp-json\/wp\/v2\/categories?post=51352"},{"taxonomy":"post_tag","embeddable":true,"href":"https:\/\/www.esplac.cat\/en\/wp-json\/wp\/v2\/tags?post=51352"}],"curies":[{"name":"wp","href":"https:\/\/api.w.org\/{rel}","templated":true}]}}