{"id":51377,"date":"2024-09-23T11:47:02","date_gmt":"2024-09-23T09:47:02","guid":{"rendered":"https:\/\/www.esplac.cat\/?p=51377"},"modified":"2024-10-22T11:49:01","modified_gmt":"2024-10-22T09:49:01","slug":"sector-bbc-engega-curs","status":"publish","type":"post","link":"https:\/\/www.esplac.cat\/en\/sector-bbc-engega-curs\/","title":{"rendered":"El Sector BBC engega el curs amb l\u2019AGO, la reuni\u00f3 de sector i formaci\u00f3!"},"content":{"rendered":"<div class=\"fusion-fullwidth fullwidth-box fusion-builder-row-1 fusion-flex-container has-pattern-background has-mask-background nonhundred-percent-fullwidth non-hundred-percent-height-scrolling\" style=\"--awb-border-radius-top-left:0px;--awb-border-radius-top-right:0px;--awb-border-radius-bottom-right:0px;--awb-border-radius-bottom-left:0px;--awb-flex-wrap:wrap;\" ><div class=\"fusion-builder-row fusion-row fusion-flex-align-items-flex-start fusion-flex-content-wrap\" style=\"max-width:1248px;margin-left: calc(-4% \/ 2 );margin-right: calc(-4% \/ 2 );\"><div class=\"fusion-layout-column fusion_builder_column fusion-builder-column-0 fusion_builder_column_1_1 1_1 fusion-flex-column\" style=\"--awb-bg-size:cover;--awb-width-large:100%;--awb-margin-top-large:0px;--awb-spacing-right-large:1.92%;--awb-margin-bottom-large:20px;--awb-spacing-left-large:1.92%;--awb-width-medium:100%;--awb-order-medium:0;--awb-spacing-right-medium:1.92%;--awb-spacing-left-medium:1.92%;--awb-width-small:100%;--awb-order-small:0;--awb-spacing-right-small:1.92%;--awb-spacing-left-small:1.92%;\"><div class=\"fusion-column-wrapper fusion-column-has-shadow fusion-flex-justify-content-flex-start fusion-content-layout-column\"><div class=\"fusion-text fusion-text-1\"><p><strong>El Sector Bages, Bergued\u00e0 i La Cerdanya (BBC) gaudeix d&#8217;una jornada plena de debats, formacions i presa de decisions per entomar el nou curs amb ganes.<\/strong><\/p>\n<p>El <span style=\"color: #f69d0b;\"><a style=\"color: #f69d0b;\" href=\"https:\/\/www.esplac.cat\/sectors-geografics\/bages-bergueda-cerdanya\/\" target=\"_blank\" rel=\"noopener\"><strong>Sector Bages, Bergued\u00e0 i La Cerdanya<\/strong><\/a><\/span> (BBC) ha dut a terme la ja tradicional trobada de monis, que s&#8217;ha fet coincidir amb l\u2019<strong>Assemblea General Ordin\u00e0ria<\/strong> (AGO) del sector. Aix\u00ed, monis i dirigents han gaudit d&#8217;un dia ple de formacions, activitats i \u00e0pats de cohesi\u00f3, en el qual s&#8217;ha celebrat la Reuni\u00f3 de Sector del setembre.<\/p>\n<p>Enguany m\u00e9s de cinquanta persones provinents de set esplais diferents (<strong>Merlot,<\/strong> <strong>GEPS<\/strong>, <strong>Can Cristu<\/strong>, <strong>Safa<\/strong>, <strong>Vic-Remei<\/strong>, <strong>El Cep<\/strong> i <strong>Roques Albes<\/strong>) s&#8217;han trobat a Art\u00e9s, poblaci\u00f3 de l\u2019esplai El Cep, el dissabte 21 de setembre. El dia ha comen\u00e7at ben d&#8217;hora amb l\u2019AGO de Sector, on s&#8217;ha treballat la documentaci\u00f3 relacionada amb la Mem\u00f2ria del curs passat i el <strong>Pla de Treball<\/strong> d\u2019enguany. S&#8217;han definit els objectius i les accions corresponents per al curs que comen\u00e7a i s&#8217;han calendaritzat les activitats del sector. Tamb\u00e9 s&#8217;ha aprovat el nou <strong>Equip General de Sector<\/strong> (EGS), on en Toni Fontdevila i l\u2019Arnau L\u00f3pez agafaran el relleu de la representaci\u00f3 del sector amb el suport d\u2019en Pau Gass\u00f3, que continuar\u00e0 una mica m\u00e9s per a facilitar la transici\u00f3.<\/p>\n<p>Un cop havent dinat, ha arribat el moment de celebrar la Reuni\u00f3 de Sector. Despr\u00e9s han arribat les formacions, que han tractat, per una banda, sobre <strong>salut mental, <\/strong>a c\u00e0rrec d\u2019<strong>Ocell de Foc<\/strong> del Bages, i, per altra, sobre el <strong>foment de l&#8217;\u00fas del catal\u00e0 als esplais<\/strong>, a c\u00e0rrec d\u2019<strong>Escambell.\u00a0<\/strong><\/p>\n<p>El dia ha acabat amb un <strong>magn\u00edfic sopar<\/strong> cuinat per un equip d\u2019intendents fant\u00e0stic amb exmonis del sector i una activitat de nit organitzada pels EGS sortints. A m\u00e9s a m\u00e9s, qui ha volgut ha pogut allargar la nit amb les <strong>DJ PdTs<\/strong> de l\u2019esplai El Cep.<\/p>\n<p>Amb tot, el Sector BBC arrenca el curs amb molt\u00edssima energia i amb ganes de totes les activitats que vindran!<\/p>\n<\/div><\/div><\/div><\/div><\/div>\n","protected":false},"excerpt":{"rendered":"","protected":false},"author":3,"featured_media":51380,"comment_status":"closed","ping_status":"closed","sticky":false,"template":"","format":"standard","meta":{"om_disable_all_campaigns":false,"_monsterinsights_skip_tracking":false,"_monsterinsights_sitenote_active":false,"_monsterinsights_sitenote_note":"","_monsterinsights_sitenote_category":0,"_uf_show_specific_survey":0,"_uf_disable_surveys":false,"footnotes":""},"categories":[1133],"tags":[],"class_list":["post-51377","post","type-post","status-publish","format-standard","has-post-thumbnail","hentry","category-sector-bages-bergueda-cerdanya"],"yoast_head":"<!-- This site is optimized with the Yoast SEO plugin v27.4 - https:\/\/yoast.com\/product\/yoast-seo-wordpress\/ -->\n<title>El Sector BBC engega el curs amb for\u00e7a!<\/title>\n<meta name=\"description\" content=\"El Sector BBC gaudeix d&#039;una jornada plena de debats, formacions i presa de decisions per entomar el nou curs amb ganes.\" \/>\n<meta name=\"robots\" content=\"index, follow, max-snippet:-1, max-image-preview:large, max-video-preview:-1\" \/>\n<link rel=\"canonical\" href=\"https:\/\/www.esplac.cat\/sector-bbc-engega-curs\/\" \/>\n<meta property=\"og:locale\" content=\"en_US\" \/>\n<meta property=\"og:type\" content=\"article\" \/>\n<meta property=\"og:title\" content=\"El Sector BBC engega el curs amb for\u00e7a!\" \/>\n<meta property=\"og:description\" content=\"El Sector BBC gaudeix d&#039;una jornada plena de debats, formacions i presa de decisions per entomar el nou curs amb ganes.\" \/>\n<meta property=\"og:url\" content=\"https:\/\/www.esplac.cat\/sector-bbc-engega-curs\/\" \/>\n<meta property=\"og:site_name\" content=\"Esplac\" \/>\n<meta property=\"article:published_time\" content=\"2024-09-23T09:47:02+00:00\" \/>\n<meta property=\"article:modified_time\" content=\"2024-10-22T09:49:01+00:00\" \/>\n<meta property=\"og:image\" content=\"https:\/\/www.esplac.cat\/wp-content\/uploads\/2024\/10\/AGO_BBC.jpg\" \/>\n\t<meta property=\"og:image:width\" content=\"1697\" \/>\n\t<meta property=\"og:image:height\" content=\"700\" \/>\n\t<meta property=\"og:image:type\" content=\"image\/jpeg\" \/>\n<meta name=\"author\" content=\"Comunicaci\u00f3 Esplac\" \/>\n<meta name=\"twitter:card\" content=\"summary_large_image\" \/>\n<meta name=\"twitter:label1\" content=\"Written by\" \/>\n\t<meta name=\"twitter:data1\" content=\"Comunicaci\u00f3 Esplac\" \/>\n\t<meta name=\"twitter:label2\" content=\"Est. reading time\" \/>\n\t<meta name=\"twitter:data2\" content=\"2 minutes\" \/>\n<script type=\"application\/ld+json\" class=\"yoast-schema-graph\">{\"@context\":\"https:\\\/\\\/schema.org\",\"@graph\":[{\"@type\":\"Article\",\"@id\":\"https:\\\/\\\/www.esplac.cat\\\/sector-bbc-engega-curs\\\/#article\",\"isPartOf\":{\"@id\":\"https:\\\/\\\/www.esplac.cat\\\/sector-bbc-engega-curs\\\/\"},\"author\":{\"name\":\"Comunicaci\u00f3 Esplac\",\"@id\":\"https:\\\/\\\/www.esplac.cat\\\/#\\\/schema\\\/person\\\/908383cf240be18b68f8855d0583faca\"},\"headline\":\"El Sector BBC engega el curs amb l\u2019AGO, la reuni\u00f3 de sector i formaci\u00f3!\",\"datePublished\":\"2024-09-23T09:47:02+00:00\",\"dateModified\":\"2024-10-22T09:49:01+00:00\",\"mainEntityOfPage\":{\"@id\":\"https:\\\/\\\/www.esplac.cat\\\/sector-bbc-engega-curs\\\/\"},\"wordCount\":1331,\"publisher\":{\"@id\":\"https:\\\/\\\/www.esplac.cat\\\/#organization\"},\"image\":{\"@id\":\"https:\\\/\\\/www.esplac.cat\\\/sector-bbc-engega-curs\\\/#primaryimage\"},\"thumbnailUrl\":\"https:\\\/\\\/www.esplac.cat\\\/wp-content\\\/uploads\\\/2024\\\/10\\\/AGO_BBC.jpg\",\"articleSection\":[\"Sector Bages, Bergued\u00e0 i La Cerdanya\"],\"inLanguage\":\"en-US\"},{\"@type\":\"WebPage\",\"@id\":\"https:\\\/\\\/www.esplac.cat\\\/sector-bbc-engega-curs\\\/\",\"url\":\"https:\\\/\\\/www.esplac.cat\\\/sector-bbc-engega-curs\\\/\",\"name\":\"El Sector BBC engega el curs amb for\u00e7a!\",\"isPartOf\":{\"@id\":\"https:\\\/\\\/www.esplac.cat\\\/#website\"},\"primaryImageOfPage\":{\"@id\":\"https:\\\/\\\/www.esplac.cat\\\/sector-bbc-engega-curs\\\/#primaryimage\"},\"image\":{\"@id\":\"https:\\\/\\\/www.esplac.cat\\\/sector-bbc-engega-curs\\\/#primaryimage\"},\"thumbnailUrl\":\"https:\\\/\\\/www.esplac.cat\\\/wp-content\\\/uploads\\\/2024\\\/10\\\/AGO_BBC.jpg\",\"datePublished\":\"2024-09-23T09:47:02+00:00\",\"dateModified\":\"2024-10-22T09:49:01+00:00\",\"description\":\"El Sector BBC gaudeix d'una jornada plena de debats, formacions i presa de decisions per entomar el nou curs amb ganes.\",\"breadcrumb\":{\"@id\":\"https:\\\/\\\/www.esplac.cat\\\/sector-bbc-engega-curs\\\/#breadcrumb\"},\"inLanguage\":\"en-US\",\"potentialAction\":[{\"@type\":\"ReadAction\",\"target\":[\"https:\\\/\\\/www.esplac.cat\\\/sector-bbc-engega-curs\\\/\"]}]},{\"@type\":\"ImageObject\",\"inLanguage\":\"en-US\",\"@id\":\"https:\\\/\\\/www.esplac.cat\\\/sector-bbc-engega-curs\\\/#primaryimage\",\"url\":\"https:\\\/\\\/www.esplac.cat\\\/wp-content\\\/uploads\\\/2024\\\/10\\\/AGO_BBC.jpg\",\"contentUrl\":\"https:\\\/\\\/www.esplac.cat\\\/wp-content\\\/uploads\\\/2024\\\/10\\\/AGO_BBC.jpg\",\"width\":1697,\"height\":700,\"caption\":\"sector\"},{\"@type\":\"BreadcrumbList\",\"@id\":\"https:\\\/\\\/www.esplac.cat\\\/sector-bbc-engega-curs\\\/#breadcrumb\",\"itemListElement\":[{\"@type\":\"ListItem\",\"position\":1,\"name\":\"Inici\",\"item\":\"https:\\\/\\\/www.esplac.cat\\\/en\\\/\"},{\"@type\":\"ListItem\",\"position\":2,\"name\":\"El Sector BBC engega el curs amb l\u2019AGO, la reuni\u00f3 de sector i formaci\u00f3!\"}]},{\"@type\":\"WebSite\",\"@id\":\"https:\\\/\\\/www.esplac.cat\\\/#website\",\"url\":\"https:\\\/\\\/www.esplac.cat\\\/\",\"name\":\"Esplac\",\"description\":\"Esplais Catalans\",\"publisher\":{\"@id\":\"https:\\\/\\\/www.esplac.cat\\\/#organization\"},\"potentialAction\":[{\"@type\":\"SearchAction\",\"target\":{\"@type\":\"EntryPoint\",\"urlTemplate\":\"https:\\\/\\\/www.esplac.cat\\\/?s={search_term_string}\"},\"query-input\":{\"@type\":\"PropertyValueSpecification\",\"valueRequired\":true,\"valueName\":\"search_term_string\"}}],\"inLanguage\":\"en-US\"},{\"@type\":\"Organization\",\"@id\":\"https:\\\/\\\/www.esplac.cat\\\/#organization\",\"name\":\"Esplac\",\"url\":\"https:\\\/\\\/www.esplac.cat\\\/\",\"logo\":{\"@type\":\"ImageObject\",\"inLanguage\":\"en-US\",\"@id\":\"https:\\\/\\\/www.esplac.cat\\\/#\\\/schema\\\/logo\\\/image\\\/\",\"url\":\"https:\\\/\\\/www.esplac.cat\\\/wp-content\\\/uploads\\\/2019\\\/08\\\/logox2.png\",\"contentUrl\":\"https:\\\/\\\/www.esplac.cat\\\/wp-content\\\/uploads\\\/2019\\\/08\\\/logox2.png\",\"width\":600,\"height\":295,\"caption\":\"Esplac\"},\"image\":{\"@id\":\"https:\\\/\\\/www.esplac.cat\\\/#\\\/schema\\\/logo\\\/image\\\/\"}},{\"@type\":\"Person\",\"@id\":\"https:\\\/\\\/www.esplac.cat\\\/#\\\/schema\\\/person\\\/908383cf240be18b68f8855d0583faca\",\"name\":\"Comunicaci\u00f3 Esplac\",\"image\":{\"@type\":\"ImageObject\",\"inLanguage\":\"en-US\",\"@id\":\"https:\\\/\\\/secure.gravatar.com\\\/avatar\\\/7a4cf8feb412a76ea4a740ca02d95b06b2907b5a6c648c2dd0a1082a093c3141?s=96&d=mm&r=g\",\"url\":\"https:\\\/\\\/secure.gravatar.com\\\/avatar\\\/7a4cf8feb412a76ea4a740ca02d95b06b2907b5a6c648c2dd0a1082a093c3141?s=96&d=mm&r=g\",\"contentUrl\":\"https:\\\/\\\/secure.gravatar.com\\\/avatar\\\/7a4cf8feb412a76ea4a740ca02d95b06b2907b5a6c648c2dd0a1082a093c3141?s=96&d=mm&r=g\",\"caption\":\"Comunicaci\u00f3 Esplac\"}}]}<\/script>\n<!-- \/ Yoast SEO plugin. -->","yoast_head_json":{"title":"El Sector BBC engega el curs amb for\u00e7a!","description":"El Sector BBC gaudeix d'una jornada plena de debats, formacions i presa de decisions per entomar el nou curs amb ganes.","robots":{"index":"index","follow":"follow","max-snippet":"max-snippet:-1","max-image-preview":"max-image-preview:large","max-video-preview":"max-video-preview:-1"},"canonical":"https:\/\/www.esplac.cat\/sector-bbc-engega-curs\/","og_locale":"en_US","og_type":"article","og_title":"El Sector BBC engega el curs amb for\u00e7a!","og_description":"El Sector BBC gaudeix d'una jornada plena de debats, formacions i presa de decisions per entomar el nou curs amb ganes.","og_url":"https:\/\/www.esplac.cat\/sector-bbc-engega-curs\/","og_site_name":"Esplac","article_published_time":"2024-09-23T09:47:02+00:00","article_modified_time":"2024-10-22T09:49:01+00:00","og_image":[{"width":1697,"height":700,"url":"https:\/\/www.esplac.cat\/wp-content\/uploads\/2024\/10\/AGO_BBC.jpg","type":"image\/jpeg"}],"author":"Comunicaci\u00f3 Esplac","twitter_card":"summary_large_image","twitter_misc":{"Written by":"Comunicaci\u00f3 Esplac","Est. reading time":"2 minutes"},"schema":{"@context":"https:\/\/schema.org","@graph":[{"@type":"Article","@id":"https:\/\/www.esplac.cat\/sector-bbc-engega-curs\/#article","isPartOf":{"@id":"https:\/\/www.esplac.cat\/sector-bbc-engega-curs\/"},"author":{"name":"Comunicaci\u00f3 Esplac","@id":"https:\/\/www.esplac.cat\/#\/schema\/person\/908383cf240be18b68f8855d0583faca"},"headline":"El Sector BBC engega el curs amb l\u2019AGO, la reuni\u00f3 de sector i formaci\u00f3!","datePublished":"2024-09-23T09:47:02+00:00","dateModified":"2024-10-22T09:49:01+00:00","mainEntityOfPage":{"@id":"https:\/\/www.esplac.cat\/sector-bbc-engega-curs\/"},"wordCount":1331,"publisher":{"@id":"https:\/\/www.esplac.cat\/#organization"},"image":{"@id":"https:\/\/www.esplac.cat\/sector-bbc-engega-curs\/#primaryimage"},"thumbnailUrl":"https:\/\/www.esplac.cat\/wp-content\/uploads\/2024\/10\/AGO_BBC.jpg","articleSection":["Sector Bages, Bergued\u00e0 i La Cerdanya"],"inLanguage":"en-US"},{"@type":"WebPage","@id":"https:\/\/www.esplac.cat\/sector-bbc-engega-curs\/","url":"https:\/\/www.esplac.cat\/sector-bbc-engega-curs\/","name":"El Sector BBC engega el curs amb for\u00e7a!","isPartOf":{"@id":"https:\/\/www.esplac.cat\/#website"},"primaryImageOfPage":{"@id":"https:\/\/www.esplac.cat\/sector-bbc-engega-curs\/#primaryimage"},"image":{"@id":"https:\/\/www.esplac.cat\/sector-bbc-engega-curs\/#primaryimage"},"thumbnailUrl":"https:\/\/www.esplac.cat\/wp-content\/uploads\/2024\/10\/AGO_BBC.jpg","datePublished":"2024-09-23T09:47:02+00:00","dateModified":"2024-10-22T09:49:01+00:00","description":"El Sector BBC gaudeix d'una jornada plena de debats, formacions i presa de decisions per entomar el nou curs amb ganes.","breadcrumb":{"@id":"https:\/\/www.esplac.cat\/sector-bbc-engega-curs\/#breadcrumb"},"inLanguage":"en-US","potentialAction":[{"@type":"ReadAction","target":["https:\/\/www.esplac.cat\/sector-bbc-engega-curs\/"]}]},{"@type":"ImageObject","inLanguage":"en-US","@id":"https:\/\/www.esplac.cat\/sector-bbc-engega-curs\/#primaryimage","url":"https:\/\/www.esplac.cat\/wp-content\/uploads\/2024\/10\/AGO_BBC.jpg","contentUrl":"https:\/\/www.esplac.cat\/wp-content\/uploads\/2024\/10\/AGO_BBC.jpg","width":1697,"height":700,"caption":"sector"},{"@type":"BreadcrumbList","@id":"https:\/\/www.esplac.cat\/sector-bbc-engega-curs\/#breadcrumb","itemListElement":[{"@type":"ListItem","position":1,"name":"Inici","item":"https:\/\/www.esplac.cat\/en\/"},{"@type":"ListItem","position":2,"name":"El Sector BBC engega el curs amb l\u2019AGO, la reuni\u00f3 de sector i formaci\u00f3!"}]},{"@type":"WebSite","@id":"https:\/\/www.esplac.cat\/#website","url":"https:\/\/www.esplac.cat\/","name":"Esplac","description":"Esplais Catalans","publisher":{"@id":"https:\/\/www.esplac.cat\/#organization"},"potentialAction":[{"@type":"SearchAction","target":{"@type":"EntryPoint","urlTemplate":"https:\/\/www.esplac.cat\/?s={search_term_string}"},"query-input":{"@type":"PropertyValueSpecification","valueRequired":true,"valueName":"search_term_string"}}],"inLanguage":"en-US"},{"@type":"Organization","@id":"https:\/\/www.esplac.cat\/#organization","name":"Esplac","url":"https:\/\/www.esplac.cat\/","logo":{"@type":"ImageObject","inLanguage":"en-US","@id":"https:\/\/www.esplac.cat\/#\/schema\/logo\/image\/","url":"https:\/\/www.esplac.cat\/wp-content\/uploads\/2019\/08\/logox2.png","contentUrl":"https:\/\/www.esplac.cat\/wp-content\/uploads\/2019\/08\/logox2.png","width":600,"height":295,"caption":"Esplac"},"image":{"@id":"https:\/\/www.esplac.cat\/#\/schema\/logo\/image\/"}},{"@type":"Person","@id":"https:\/\/www.esplac.cat\/#\/schema\/person\/908383cf240be18b68f8855d0583faca","name":"Comunicaci\u00f3 Esplac","image":{"@type":"ImageObject","inLanguage":"en-US","@id":"https:\/\/secure.gravatar.com\/avatar\/7a4cf8feb412a76ea4a740ca02d95b06b2907b5a6c648c2dd0a1082a093c3141?s=96&d=mm&r=g","url":"https:\/\/secure.gravatar.com\/avatar\/7a4cf8feb412a76ea4a740ca02d95b06b2907b5a6c648c2dd0a1082a093c3141?s=96&d=mm&r=g","contentUrl":"https:\/\/secure.gravatar.com\/avatar\/7a4cf8feb412a76ea4a740ca02d95b06b2907b5a6c648c2dd0a1082a093c3141?s=96&d=mm&r=g","caption":"Comunicaci\u00f3 Esplac"}}]}},"_links":{"self":[{"href":"https:\/\/www.esplac.cat\/en\/wp-json\/wp\/v2\/posts\/51377","targetHints":{"allow":["GET"]}}],"collection":[{"href":"https:\/\/www.esplac.cat\/en\/wp-json\/wp\/v2\/posts"}],"about":[{"href":"https:\/\/www.esplac.cat\/en\/wp-json\/wp\/v2\/types\/post"}],"author":[{"embeddable":true,"href":"https:\/\/www.esplac.cat\/en\/wp-json\/wp\/v2\/users\/3"}],"replies":[{"embeddable":true,"href":"https:\/\/www.esplac.cat\/en\/wp-json\/wp\/v2\/comments?post=51377"}],"version-history":[{"count":4,"href":"https:\/\/www.esplac.cat\/en\/wp-json\/wp\/v2\/posts\/51377\/revisions"}],"predecessor-version":[{"id":51385,"href":"https:\/\/www.esplac.cat\/en\/wp-json\/wp\/v2\/posts\/51377\/revisions\/51385"}],"wp:featuredmedia":[{"embeddable":true,"href":"https:\/\/www.esplac.cat\/en\/wp-json\/wp\/v2\/media\/51380"}],"wp:attachment":[{"href":"https:\/\/www.esplac.cat\/en\/wp-json\/wp\/v2\/media?parent=51377"}],"wp:term":[{"taxonomy":"category","embeddable":true,"href":"https:\/\/www.esplac.cat\/en\/wp-json\/wp\/v2\/categories?post=51377"},{"taxonomy":"post_tag","embeddable":true,"href":"https:\/\/www.esplac.cat\/en\/wp-json\/wp\/v2\/tags?post=51377"}],"curies":[{"name":"wp","href":"https:\/\/api.w.org\/{rel}","templated":true}]}}