{"id":51482,"date":"2024-10-23T10:13:03","date_gmt":"2024-10-23T08:13:03","guid":{"rendered":"https:\/\/www.esplac.cat\/?p=51482"},"modified":"2025-02-20T12:28:11","modified_gmt":"2025-02-20T10:28:11","slug":"el-sector-maresme-celebra-lago-de-sector-mes-tropical","status":"publish","type":"post","link":"https:\/\/www.esplac.cat\/en\/el-sector-maresme-celebra-lago-de-sector-mes-tropical\/","title":{"rendered":"El Sector Maresme celebra l\u2019AGO de sector m\u00e9s tropical"},"content":{"rendered":"<div class=\"fusion-fullwidth fullwidth-box fusion-builder-row-1 fusion-flex-container has-pattern-background has-mask-background nonhundred-percent-fullwidth non-hundred-percent-height-scrolling\" style=\"--awb-border-radius-top-left:0px;--awb-border-radius-top-right:0px;--awb-border-radius-bottom-right:0px;--awb-border-radius-bottom-left:0px;--awb-flex-wrap:wrap;\" ><div class=\"fusion-builder-row fusion-row fusion-flex-align-items-flex-start fusion-flex-content-wrap\" style=\"max-width:1248px;margin-left: calc(-4% \/ 2 );margin-right: calc(-4% \/ 2 );\"><div class=\"fusion-layout-column fusion_builder_column fusion-builder-column-0 fusion_builder_column_1_1 1_1 fusion-flex-column\" style=\"--awb-bg-size:cover;--awb-width-large:100%;--awb-margin-top-large:0px;--awb-spacing-right-large:1.92%;--awb-margin-bottom-large:20px;--awb-spacing-left-large:1.92%;--awb-width-medium:100%;--awb-order-medium:0;--awb-spacing-right-medium:1.92%;--awb-spacing-left-medium:1.92%;--awb-width-small:100%;--awb-order-small:0;--awb-spacing-right-small:1.92%;--awb-spacing-left-small:1.92%;\"><div class=\"fusion-column-wrapper fusion-column-has-shadow fusion-flex-justify-content-flex-start fusion-content-layout-column\"><div class=\"fusion-text fusion-text-1\"><h6><strong>Les monitores i monitors del Sector Maresme s\u2019han reunit a Dosrius per sumar forces i donar el tret de sortida al curs!<\/strong><\/h6>\n<p>El divendres 18 d\u2019octubre es va celebrar, al local de l\u2019<span style=\"color: #f69d0b;\"><a style=\"color: #f69d0b;\" href=\"https:\/\/www.instagram.com\/esplai4pedres\/\" target=\"_blank\" rel=\"noopener\"><strong>esplai 4Pedres<\/strong><\/a><\/span> de Dosrius, l\u2019<strong>Assemblea General Ordin\u00e0ria<\/strong> (AGO) del <strong><span style=\"color: #f69d0b;\"><a style=\"color: #f69d0b;\" href=\"https:\/\/www.esplac.cat\/sectors-geografics\/maresme\/\" target=\"_blank\" rel=\"noopener\">Sector Maresme<\/a><\/span>, <\/strong>tot coincidint amb la reuni\u00f3 del sector d\u2019octubre. Les dues trobades van comptar amb la participaci\u00f3 de set dels nou esplais que conformen el sector, el que va ser tot un \u00e8xit d\u2019assist\u00e8ncia.<\/p>\n<p>Les monitores i monitors del sector van aprovar per unanimitat la <strong>Mem\u00f2ria del curs 2023-24<\/strong> i el <strong>Pla de Treball del curs 2024-25<\/strong>. Enguany, les activitats que es realitzaran seran la <strong>Maced\u00f2nia<\/strong>, que \u00e9s la <strong>trobada de monis del sector, <\/strong>i\u00a0un seguit d&#8217;<strong>activitats d&#8217;agermanament entre els esplais<\/strong> que culminaran amb una <strong>trobada d&#8217;infants i joves<\/strong> i dues <strong>Santes Pinyes<\/strong>, les trobades formatives per a monis.<\/p>\n<p>L\u2019<strong>Equip General del Sector<\/strong> (EGS) ha sumat com a nova membre la <strong>Mar Rod\u00f3 Bellvert<\/strong>, de l\u2019esplai Bitxus (Canet de Mar), i queda conformat per un total de cinc monis. Aix\u00ed, el Sector Maresme est\u00e0 a punt per comen\u00e7ar el curs \u201csense pausa per\u00f2 sense pressa\u201d, al m\u00e9s pur estil lliure i tropical.<\/p>\n<\/div><div class=\"fusion-image-element \" style=\"--awb-caption-title-font-family:var(--h2_typography-font-family);--awb-caption-title-font-weight:var(--h2_typography-font-weight);--awb-caption-title-font-style:var(--h2_typography-font-style);--awb-caption-title-size:var(--h2_typography-font-size);--awb-caption-title-transform:var(--h2_typography-text-transform);--awb-caption-title-line-height:var(--h2_typography-line-height);--awb-caption-title-letter-spacing:var(--h2_typography-letter-spacing);\"><span class=\" fusion-imageframe imageframe-none imageframe-1 hover-type-none\"><img decoding=\"async\" width=\"1697\" height=\"700\" title=\"Logo Mataro\u0301\" src=\"https:\/\/www.esplac.cat\/wp-content\/uploads\/2024\/03\/Logo-Mataro-2.png\" alt class=\"img-responsive wp-image-52631\" srcset=\"https:\/\/www.esplac.cat\/wp-content\/uploads\/2024\/03\/Logo-Mataro-2-200x82.png 200w, https:\/\/www.esplac.cat\/wp-content\/uploads\/2024\/03\/Logo-Mataro-2-400x165.png 400w, https:\/\/www.esplac.cat\/wp-content\/uploads\/2024\/03\/Logo-Mataro-2-600x247.png 600w, https:\/\/www.esplac.cat\/wp-content\/uploads\/2024\/03\/Logo-Mataro-2-800x330.png 800w, https:\/\/www.esplac.cat\/wp-content\/uploads\/2024\/03\/Logo-Mataro-2-1200x495.png 1200w, https:\/\/www.esplac.cat\/wp-content\/uploads\/2024\/03\/Logo-Mataro-2.png 1697w\" sizes=\"(max-width: 1024px) 100vw, (max-width: 640px) 100vw, 1200px\" \/><\/span><\/div><\/div><\/div><\/div><\/div>\n","protected":false},"excerpt":{"rendered":"","protected":false},"author":3,"featured_media":51484,"comment_status":"closed","ping_status":"closed","sticky":false,"template":"","format":"standard","meta":{"om_disable_all_campaigns":false,"_monsterinsights_skip_tracking":false,"_monsterinsights_sitenote_active":false,"_monsterinsights_sitenote_note":"","_monsterinsights_sitenote_category":0,"_uf_show_specific_survey":0,"_uf_disable_surveys":false,"footnotes":""},"categories":[1113],"tags":[],"class_list":["post-51482","post","type-post","status-publish","format-standard","has-post-thumbnail","hentry","category-sector-maresme"],"yoast_head":"<!-- This site is optimized with the Yoast SEO plugin v27.5 - https:\/\/yoast.com\/product\/yoast-seo-wordpress\/ -->\n<title>El Sector Maresme celebra l\u2019AGO de sector m\u00e9s tropical<\/title>\n<meta name=\"description\" content=\"Les monitores i monitors del Sector Maresme s\u2019han reunit a Dosrius per sumar forces i donar el tret de sortida al curs!\" \/>\n<meta name=\"robots\" content=\"index, follow, max-snippet:-1, max-image-preview:large, max-video-preview:-1\" \/>\n<link rel=\"canonical\" href=\"https:\/\/www.esplac.cat\/el-sector-maresme-celebra-lago-de-sector-mes-tropical\/\" \/>\n<meta property=\"og:locale\" content=\"en_US\" \/>\n<meta property=\"og:type\" content=\"article\" \/>\n<meta property=\"og:title\" content=\"El Sector Maresme celebra l\u2019AGO de sector m\u00e9s tropical\" \/>\n<meta property=\"og:description\" content=\"Les monitores i monitors del Sector Maresme s\u2019han reunit a Dosrius per sumar forces i donar el tret de sortida al curs!\" \/>\n<meta property=\"og:url\" content=\"https:\/\/www.esplac.cat\/el-sector-maresme-celebra-lago-de-sector-mes-tropical\/\" \/>\n<meta property=\"og:site_name\" content=\"Esplac\" \/>\n<meta property=\"article:published_time\" content=\"2024-10-23T08:13:03+00:00\" \/>\n<meta property=\"article:modified_time\" content=\"2025-02-20T10:28:11+00:00\" \/>\n<meta property=\"og:image\" content=\"https:\/\/www.esplac.cat\/wp-content\/uploads\/2024\/10\/AGO_Maresme.jpg\" \/>\n\t<meta property=\"og:image:width\" content=\"1697\" \/>\n\t<meta property=\"og:image:height\" content=\"700\" \/>\n\t<meta property=\"og:image:type\" content=\"image\/jpeg\" \/>\n<meta name=\"author\" content=\"Comunicaci\u00f3 Esplac\" \/>\n<meta name=\"twitter:card\" content=\"summary_large_image\" \/>\n<meta name=\"twitter:label1\" content=\"Written by\" \/>\n\t<meta name=\"twitter:data1\" content=\"Comunicaci\u00f3 Esplac\" \/>\n\t<meta name=\"twitter:label2\" content=\"Est. reading time\" \/>\n\t<meta name=\"twitter:data2\" content=\"2 minutes\" \/>\n<script type=\"application\/ld+json\" class=\"yoast-schema-graph\">{\"@context\":\"https:\\\/\\\/schema.org\",\"@graph\":[{\"@type\":\"Article\",\"@id\":\"https:\\\/\\\/www.esplac.cat\\\/el-sector-maresme-celebra-lago-de-sector-mes-tropical\\\/#article\",\"isPartOf\":{\"@id\":\"https:\\\/\\\/www.esplac.cat\\\/el-sector-maresme-celebra-lago-de-sector-mes-tropical\\\/\"},\"author\":{\"name\":\"Comunicaci\u00f3 Esplac\",\"@id\":\"https:\\\/\\\/www.esplac.cat\\\/#\\\/schema\\\/person\\\/908383cf240be18b68f8855d0583faca\"},\"headline\":\"El Sector Maresme celebra l\u2019AGO de sector m\u00e9s tropical\",\"datePublished\":\"2024-10-23T08:13:03+00:00\",\"dateModified\":\"2025-02-20T10:28:11+00:00\",\"mainEntityOfPage\":{\"@id\":\"https:\\\/\\\/www.esplac.cat\\\/el-sector-maresme-celebra-lago-de-sector-mes-tropical\\\/\"},\"wordCount\":1468,\"publisher\":{\"@id\":\"https:\\\/\\\/www.esplac.cat\\\/#organization\"},\"image\":{\"@id\":\"https:\\\/\\\/www.esplac.cat\\\/el-sector-maresme-celebra-lago-de-sector-mes-tropical\\\/#primaryimage\"},\"thumbnailUrl\":\"https:\\\/\\\/www.esplac.cat\\\/wp-content\\\/uploads\\\/2024\\\/10\\\/AGO_Maresme.jpg\",\"articleSection\":[\"Sector Maresme\"],\"inLanguage\":\"en-US\"},{\"@type\":\"WebPage\",\"@id\":\"https:\\\/\\\/www.esplac.cat\\\/el-sector-maresme-celebra-lago-de-sector-mes-tropical\\\/\",\"url\":\"https:\\\/\\\/www.esplac.cat\\\/el-sector-maresme-celebra-lago-de-sector-mes-tropical\\\/\",\"name\":\"El Sector Maresme celebra l\u2019AGO de sector m\u00e9s tropical\",\"isPartOf\":{\"@id\":\"https:\\\/\\\/www.esplac.cat\\\/#website\"},\"primaryImageOfPage\":{\"@id\":\"https:\\\/\\\/www.esplac.cat\\\/el-sector-maresme-celebra-lago-de-sector-mes-tropical\\\/#primaryimage\"},\"image\":{\"@id\":\"https:\\\/\\\/www.esplac.cat\\\/el-sector-maresme-celebra-lago-de-sector-mes-tropical\\\/#primaryimage\"},\"thumbnailUrl\":\"https:\\\/\\\/www.esplac.cat\\\/wp-content\\\/uploads\\\/2024\\\/10\\\/AGO_Maresme.jpg\",\"datePublished\":\"2024-10-23T08:13:03+00:00\",\"dateModified\":\"2025-02-20T10:28:11+00:00\",\"description\":\"Les monitores i monitors del Sector Maresme s\u2019han reunit a Dosrius per sumar forces i donar el tret de sortida al curs!\",\"breadcrumb\":{\"@id\":\"https:\\\/\\\/www.esplac.cat\\\/el-sector-maresme-celebra-lago-de-sector-mes-tropical\\\/#breadcrumb\"},\"inLanguage\":\"en-US\",\"potentialAction\":[{\"@type\":\"ReadAction\",\"target\":[\"https:\\\/\\\/www.esplac.cat\\\/el-sector-maresme-celebra-lago-de-sector-mes-tropical\\\/\"]}]},{\"@type\":\"ImageObject\",\"inLanguage\":\"en-US\",\"@id\":\"https:\\\/\\\/www.esplac.cat\\\/el-sector-maresme-celebra-lago-de-sector-mes-tropical\\\/#primaryimage\",\"url\":\"https:\\\/\\\/www.esplac.cat\\\/wp-content\\\/uploads\\\/2024\\\/10\\\/AGO_Maresme.jpg\",\"contentUrl\":\"https:\\\/\\\/www.esplac.cat\\\/wp-content\\\/uploads\\\/2024\\\/10\\\/AGO_Maresme.jpg\",\"width\":1697,\"height\":700,\"caption\":\"sector maresme\"},{\"@type\":\"BreadcrumbList\",\"@id\":\"https:\\\/\\\/www.esplac.cat\\\/el-sector-maresme-celebra-lago-de-sector-mes-tropical\\\/#breadcrumb\",\"itemListElement\":[{\"@type\":\"ListItem\",\"position\":1,\"name\":\"Inici\",\"item\":\"https:\\\/\\\/www.esplac.cat\\\/en\\\/\"},{\"@type\":\"ListItem\",\"position\":2,\"name\":\"El Sector Maresme celebra l\u2019AGO de sector m\u00e9s tropical\"}]},{\"@type\":\"WebSite\",\"@id\":\"https:\\\/\\\/www.esplac.cat\\\/#website\",\"url\":\"https:\\\/\\\/www.esplac.cat\\\/\",\"name\":\"Esplac\",\"description\":\"Esplais Catalans\",\"publisher\":{\"@id\":\"https:\\\/\\\/www.esplac.cat\\\/#organization\"},\"potentialAction\":[{\"@type\":\"SearchAction\",\"target\":{\"@type\":\"EntryPoint\",\"urlTemplate\":\"https:\\\/\\\/www.esplac.cat\\\/?s={search_term_string}\"},\"query-input\":{\"@type\":\"PropertyValueSpecification\",\"valueRequired\":true,\"valueName\":\"search_term_string\"}}],\"inLanguage\":\"en-US\"},{\"@type\":\"Organization\",\"@id\":\"https:\\\/\\\/www.esplac.cat\\\/#organization\",\"name\":\"Esplac\",\"url\":\"https:\\\/\\\/www.esplac.cat\\\/\",\"logo\":{\"@type\":\"ImageObject\",\"inLanguage\":\"en-US\",\"@id\":\"https:\\\/\\\/www.esplac.cat\\\/#\\\/schema\\\/logo\\\/image\\\/\",\"url\":\"https:\\\/\\\/www.esplac.cat\\\/wp-content\\\/uploads\\\/2019\\\/08\\\/logox2.png\",\"contentUrl\":\"https:\\\/\\\/www.esplac.cat\\\/wp-content\\\/uploads\\\/2019\\\/08\\\/logox2.png\",\"width\":600,\"height\":295,\"caption\":\"Esplac\"},\"image\":{\"@id\":\"https:\\\/\\\/www.esplac.cat\\\/#\\\/schema\\\/logo\\\/image\\\/\"}},{\"@type\":\"Person\",\"@id\":\"https:\\\/\\\/www.esplac.cat\\\/#\\\/schema\\\/person\\\/908383cf240be18b68f8855d0583faca\",\"name\":\"Comunicaci\u00f3 Esplac\",\"image\":{\"@type\":\"ImageObject\",\"inLanguage\":\"en-US\",\"@id\":\"https:\\\/\\\/secure.gravatar.com\\\/avatar\\\/7a4cf8feb412a76ea4a740ca02d95b06b2907b5a6c648c2dd0a1082a093c3141?s=96&d=mm&r=g\",\"url\":\"https:\\\/\\\/secure.gravatar.com\\\/avatar\\\/7a4cf8feb412a76ea4a740ca02d95b06b2907b5a6c648c2dd0a1082a093c3141?s=96&d=mm&r=g\",\"contentUrl\":\"https:\\\/\\\/secure.gravatar.com\\\/avatar\\\/7a4cf8feb412a76ea4a740ca02d95b06b2907b5a6c648c2dd0a1082a093c3141?s=96&d=mm&r=g\",\"caption\":\"Comunicaci\u00f3 Esplac\"}}]}<\/script>\n<!-- \/ Yoast SEO plugin. -->","yoast_head_json":{"title":"El Sector Maresme celebra l\u2019AGO de sector m\u00e9s tropical","description":"Les monitores i monitors del Sector Maresme s\u2019han reunit a Dosrius per sumar forces i donar el tret de sortida al curs!","robots":{"index":"index","follow":"follow","max-snippet":"max-snippet:-1","max-image-preview":"max-image-preview:large","max-video-preview":"max-video-preview:-1"},"canonical":"https:\/\/www.esplac.cat\/el-sector-maresme-celebra-lago-de-sector-mes-tropical\/","og_locale":"en_US","og_type":"article","og_title":"El Sector Maresme celebra l\u2019AGO de sector m\u00e9s tropical","og_description":"Les monitores i monitors del Sector Maresme s\u2019han reunit a Dosrius per sumar forces i donar el tret de sortida al curs!","og_url":"https:\/\/www.esplac.cat\/el-sector-maresme-celebra-lago-de-sector-mes-tropical\/","og_site_name":"Esplac","article_published_time":"2024-10-23T08:13:03+00:00","article_modified_time":"2025-02-20T10:28:11+00:00","og_image":[{"width":1697,"height":700,"url":"https:\/\/www.esplac.cat\/wp-content\/uploads\/2024\/10\/AGO_Maresme.jpg","type":"image\/jpeg"}],"author":"Comunicaci\u00f3 Esplac","twitter_card":"summary_large_image","twitter_misc":{"Written by":"Comunicaci\u00f3 Esplac","Est. reading time":"2 minutes"},"schema":{"@context":"https:\/\/schema.org","@graph":[{"@type":"Article","@id":"https:\/\/www.esplac.cat\/el-sector-maresme-celebra-lago-de-sector-mes-tropical\/#article","isPartOf":{"@id":"https:\/\/www.esplac.cat\/el-sector-maresme-celebra-lago-de-sector-mes-tropical\/"},"author":{"name":"Comunicaci\u00f3 Esplac","@id":"https:\/\/www.esplac.cat\/#\/schema\/person\/908383cf240be18b68f8855d0583faca"},"headline":"El Sector Maresme celebra l\u2019AGO de sector m\u00e9s tropical","datePublished":"2024-10-23T08:13:03+00:00","dateModified":"2025-02-20T10:28:11+00:00","mainEntityOfPage":{"@id":"https:\/\/www.esplac.cat\/el-sector-maresme-celebra-lago-de-sector-mes-tropical\/"},"wordCount":1468,"publisher":{"@id":"https:\/\/www.esplac.cat\/#organization"},"image":{"@id":"https:\/\/www.esplac.cat\/el-sector-maresme-celebra-lago-de-sector-mes-tropical\/#primaryimage"},"thumbnailUrl":"https:\/\/www.esplac.cat\/wp-content\/uploads\/2024\/10\/AGO_Maresme.jpg","articleSection":["Sector Maresme"],"inLanguage":"en-US"},{"@type":"WebPage","@id":"https:\/\/www.esplac.cat\/el-sector-maresme-celebra-lago-de-sector-mes-tropical\/","url":"https:\/\/www.esplac.cat\/el-sector-maresme-celebra-lago-de-sector-mes-tropical\/","name":"El Sector Maresme celebra l\u2019AGO de sector m\u00e9s tropical","isPartOf":{"@id":"https:\/\/www.esplac.cat\/#website"},"primaryImageOfPage":{"@id":"https:\/\/www.esplac.cat\/el-sector-maresme-celebra-lago-de-sector-mes-tropical\/#primaryimage"},"image":{"@id":"https:\/\/www.esplac.cat\/el-sector-maresme-celebra-lago-de-sector-mes-tropical\/#primaryimage"},"thumbnailUrl":"https:\/\/www.esplac.cat\/wp-content\/uploads\/2024\/10\/AGO_Maresme.jpg","datePublished":"2024-10-23T08:13:03+00:00","dateModified":"2025-02-20T10:28:11+00:00","description":"Les monitores i monitors del Sector Maresme s\u2019han reunit a Dosrius per sumar forces i donar el tret de sortida al curs!","breadcrumb":{"@id":"https:\/\/www.esplac.cat\/el-sector-maresme-celebra-lago-de-sector-mes-tropical\/#breadcrumb"},"inLanguage":"en-US","potentialAction":[{"@type":"ReadAction","target":["https:\/\/www.esplac.cat\/el-sector-maresme-celebra-lago-de-sector-mes-tropical\/"]}]},{"@type":"ImageObject","inLanguage":"en-US","@id":"https:\/\/www.esplac.cat\/el-sector-maresme-celebra-lago-de-sector-mes-tropical\/#primaryimage","url":"https:\/\/www.esplac.cat\/wp-content\/uploads\/2024\/10\/AGO_Maresme.jpg","contentUrl":"https:\/\/www.esplac.cat\/wp-content\/uploads\/2024\/10\/AGO_Maresme.jpg","width":1697,"height":700,"caption":"sector maresme"},{"@type":"BreadcrumbList","@id":"https:\/\/www.esplac.cat\/el-sector-maresme-celebra-lago-de-sector-mes-tropical\/#breadcrumb","itemListElement":[{"@type":"ListItem","position":1,"name":"Inici","item":"https:\/\/www.esplac.cat\/en\/"},{"@type":"ListItem","position":2,"name":"El Sector Maresme celebra l\u2019AGO de sector m\u00e9s tropical"}]},{"@type":"WebSite","@id":"https:\/\/www.esplac.cat\/#website","url":"https:\/\/www.esplac.cat\/","name":"Esplac","description":"Esplais Catalans","publisher":{"@id":"https:\/\/www.esplac.cat\/#organization"},"potentialAction":[{"@type":"SearchAction","target":{"@type":"EntryPoint","urlTemplate":"https:\/\/www.esplac.cat\/?s={search_term_string}"},"query-input":{"@type":"PropertyValueSpecification","valueRequired":true,"valueName":"search_term_string"}}],"inLanguage":"en-US"},{"@type":"Organization","@id":"https:\/\/www.esplac.cat\/#organization","name":"Esplac","url":"https:\/\/www.esplac.cat\/","logo":{"@type":"ImageObject","inLanguage":"en-US","@id":"https:\/\/www.esplac.cat\/#\/schema\/logo\/image\/","url":"https:\/\/www.esplac.cat\/wp-content\/uploads\/2019\/08\/logox2.png","contentUrl":"https:\/\/www.esplac.cat\/wp-content\/uploads\/2019\/08\/logox2.png","width":600,"height":295,"caption":"Esplac"},"image":{"@id":"https:\/\/www.esplac.cat\/#\/schema\/logo\/image\/"}},{"@type":"Person","@id":"https:\/\/www.esplac.cat\/#\/schema\/person\/908383cf240be18b68f8855d0583faca","name":"Comunicaci\u00f3 Esplac","image":{"@type":"ImageObject","inLanguage":"en-US","@id":"https:\/\/secure.gravatar.com\/avatar\/7a4cf8feb412a76ea4a740ca02d95b06b2907b5a6c648c2dd0a1082a093c3141?s=96&d=mm&r=g","url":"https:\/\/secure.gravatar.com\/avatar\/7a4cf8feb412a76ea4a740ca02d95b06b2907b5a6c648c2dd0a1082a093c3141?s=96&d=mm&r=g","contentUrl":"https:\/\/secure.gravatar.com\/avatar\/7a4cf8feb412a76ea4a740ca02d95b06b2907b5a6c648c2dd0a1082a093c3141?s=96&d=mm&r=g","caption":"Comunicaci\u00f3 Esplac"}}]}},"_links":{"self":[{"href":"https:\/\/www.esplac.cat\/en\/wp-json\/wp\/v2\/posts\/51482","targetHints":{"allow":["GET"]}}],"collection":[{"href":"https:\/\/www.esplac.cat\/en\/wp-json\/wp\/v2\/posts"}],"about":[{"href":"https:\/\/www.esplac.cat\/en\/wp-json\/wp\/v2\/types\/post"}],"author":[{"embeddable":true,"href":"https:\/\/www.esplac.cat\/en\/wp-json\/wp\/v2\/users\/3"}],"replies":[{"embeddable":true,"href":"https:\/\/www.esplac.cat\/en\/wp-json\/wp\/v2\/comments?post=51482"}],"version-history":[{"count":4,"href":"https:\/\/www.esplac.cat\/en\/wp-json\/wp\/v2\/posts\/51482\/revisions"}],"predecessor-version":[{"id":52645,"href":"https:\/\/www.esplac.cat\/en\/wp-json\/wp\/v2\/posts\/51482\/revisions\/52645"}],"wp:featuredmedia":[{"embeddable":true,"href":"https:\/\/www.esplac.cat\/en\/wp-json\/wp\/v2\/media\/51484"}],"wp:attachment":[{"href":"https:\/\/www.esplac.cat\/en\/wp-json\/wp\/v2\/media?parent=51482"}],"wp:term":[{"taxonomy":"category","embeddable":true,"href":"https:\/\/www.esplac.cat\/en\/wp-json\/wp\/v2\/categories?post=51482"},{"taxonomy":"post_tag","embeddable":true,"href":"https:\/\/www.esplac.cat\/en\/wp-json\/wp\/v2\/tags?post=51482"}],"curies":[{"name":"wp","href":"https:\/\/api.w.org\/{rel}","templated":true}]}}