{"id":51627,"date":"2024-10-29T14:49:45","date_gmt":"2024-10-29T12:49:45","guid":{"rendered":"https:\/\/www.esplac.cat\/?p=51627"},"modified":"2024-11-05T14:51:00","modified_gmt":"2024-11-05T12:51:00","slug":"el-sector-valles-oriental-celebra-la-cuquivetllada-una-trobada-de-debat-i-cohesio","status":"publish","type":"post","link":"https:\/\/www.esplac.cat\/en\/el-sector-valles-oriental-celebra-la-cuquivetllada-una-trobada-de-debat-i-cohesio\/","title":{"rendered":"El Sector Vall\u00e8s Oriental celebra la Cuquivetllada, una trobada de debat i cohesi\u00f3!"},"content":{"rendered":"<div class=\"fusion-fullwidth fullwidth-box fusion-builder-row-1 fusion-flex-container has-pattern-background has-mask-background nonhundred-percent-fullwidth non-hundred-percent-height-scrolling\" style=\"--awb-border-radius-top-left:0px;--awb-border-radius-top-right:0px;--awb-border-radius-bottom-right:0px;--awb-border-radius-bottom-left:0px;--awb-flex-wrap:wrap;\" ><div class=\"fusion-builder-row fusion-row fusion-flex-align-items-flex-start fusion-flex-content-wrap\" style=\"max-width:1248px;margin-left: calc(-4% \/ 2 );margin-right: calc(-4% \/ 2 );\"><div class=\"fusion-layout-column fusion_builder_column fusion-builder-column-0 fusion_builder_column_1_1 1_1 fusion-flex-column\" style=\"--awb-bg-size:cover;--awb-width-large:100%;--awb-margin-top-large:0px;--awb-spacing-right-large:1.92%;--awb-margin-bottom-large:20px;--awb-spacing-left-large:1.92%;--awb-width-medium:100%;--awb-order-medium:0;--awb-spacing-right-medium:1.92%;--awb-spacing-left-medium:1.92%;--awb-width-small:100%;--awb-order-small:0;--awb-spacing-right-small:1.92%;--awb-spacing-left-small:1.92%;\"><div class=\"fusion-column-wrapper fusion-column-has-shadow fusion-flex-justify-content-flex-start fusion-content-layout-column\"><div class=\"fusion-text fusion-text-1\"><h6><strong>Una quinzena de monitores i monitors del Sector Vall\u00e8s Oriental celebren la Cuquivetllada, una trobada de cohesi\u00f3 i debat.<\/strong><\/h6>\n<p>El cap de setmana del 25 i 26 d\u2019octubre l\u2019oficina Jove de Granollers ha acollit la Cuquivetllada del <span style=\"color: #f69d0b;\"><a style=\"color: #f69d0b;\" href=\"https:\/\/www.esplac.cat\/sectors-geografics\/valles-oriental\/\" target=\"_blank\" rel=\"noopener\"><strong>Sector Vall\u00e8s Oriental<\/strong><\/a><\/span>. Un any m\u00e9s, aquesta <strong>trobada de monis<\/strong> ha estat una oportunitat clau per comen\u00e7ar el curs amb noves <strong>eines formatives<\/strong>, tot establint <strong>vincles de cohesi\u00f3<\/strong> entre les diferents monitores i esplais.<\/p>\n<p>La trobada ha arrencat el divendres a la tarda amb <strong>jocs de coneixen\u00e7a<\/strong> per escalfar motors i trencar el gel. Despr\u00e9s d\u2019un sopar de carmanyola, les monitores i els monitors han gaudit d\u2019un espai informal de caliu. Dissabte al mat\u00ed s\u2019ha aprofitat per fer una <strong>din\u00e0mica de debat<\/strong>, amb la qual reflexionar al voltant del paper dels esplais dins de la societat. L\u2019activitat ha concl\u00f2s amb un <strong>dinar conjunt<\/strong> i una llarga sobretaula!<\/p>\n<p>La <strong>Cuquivetllada<\/strong> es consolida, aix\u00ed, com una tradici\u00f3 del Sector Vall\u00e8s Oriental i dona el tret de sortida a un curs que monitores i monitors engeguen amb motivaci\u00f3!<\/p>\n<\/div><\/div><\/div><\/div><\/div>\n","protected":false},"excerpt":{"rendered":"","protected":false},"author":3,"featured_media":51629,"comment_status":"closed","ping_status":"closed","sticky":false,"template":"","format":"standard","meta":{"om_disable_all_campaigns":false,"_monsterinsights_skip_tracking":false,"_monsterinsights_sitenote_active":false,"_monsterinsights_sitenote_note":"","_monsterinsights_sitenote_category":0,"_uf_show_specific_survey":0,"_uf_disable_surveys":false,"footnotes":""},"categories":[1110,1125,1],"tags":[],"class_list":["post-51627","post","type-post","status-publish","format-standard","has-post-thumbnail","hentry","category-activitats-sectors","category-sector-valles-oriental","category-sense-categoria"],"yoast_head":"<!-- This site is optimized with the Yoast SEO plugin v27.5 - https:\/\/yoast.com\/product\/yoast-seo-wordpress\/ -->\n<title>El Sector Vall\u00e8s Oriental celebra la Cuquivetllada!<\/title>\n<meta name=\"description\" content=\"Una quinzena de monitores i monitors del Sector Vall\u00e8s Oriental celebren la Cuquivetllada, una trobada de cohesi\u00f3 i formaci\u00f3.\" \/>\n<meta name=\"robots\" content=\"index, follow, max-snippet:-1, max-image-preview:large, max-video-preview:-1\" \/>\n<link rel=\"canonical\" href=\"https:\/\/www.esplac.cat\/el-sector-valles-oriental-celebra-la-cuquivetllada-una-trobada-de-debat-i-cohesio\/\" \/>\n<meta property=\"og:locale\" content=\"en_US\" \/>\n<meta property=\"og:type\" content=\"article\" \/>\n<meta property=\"og:title\" content=\"El Sector Vall\u00e8s Oriental celebra la Cuquivetllada!\" \/>\n<meta property=\"og:description\" content=\"Una quinzena de monitores i monitors del Sector Vall\u00e8s Oriental celebren la Cuquivetllada, una trobada de cohesi\u00f3 i formaci\u00f3.\" \/>\n<meta property=\"og:url\" content=\"https:\/\/www.esplac.cat\/el-sector-valles-oriental-celebra-la-cuquivetllada-una-trobada-de-debat-i-cohesio\/\" \/>\n<meta property=\"og:site_name\" content=\"Esplac\" \/>\n<meta property=\"article:published_time\" content=\"2024-10-29T12:49:45+00:00\" \/>\n<meta property=\"article:modified_time\" content=\"2024-11-05T12:51:00+00:00\" \/>\n<meta property=\"og:image\" content=\"https:\/\/www.esplac.cat\/wp-content\/uploads\/2024\/11\/Cuqui_Vetllada.jpg\" \/>\n\t<meta property=\"og:image:width\" content=\"1697\" \/>\n\t<meta property=\"og:image:height\" content=\"700\" \/>\n\t<meta property=\"og:image:type\" content=\"image\/jpeg\" \/>\n<meta name=\"author\" content=\"Comunicaci\u00f3 Esplac\" \/>\n<meta name=\"twitter:card\" content=\"summary_large_image\" \/>\n<meta name=\"twitter:label1\" content=\"Written by\" \/>\n\t<meta name=\"twitter:data1\" content=\"Comunicaci\u00f3 Esplac\" \/>\n\t<meta name=\"twitter:label2\" content=\"Est. reading time\" \/>\n\t<meta name=\"twitter:data2\" content=\"2 minutes\" \/>\n<script type=\"application\/ld+json\" class=\"yoast-schema-graph\">{\"@context\":\"https:\\\/\\\/schema.org\",\"@graph\":[{\"@type\":\"Article\",\"@id\":\"https:\\\/\\\/www.esplac.cat\\\/el-sector-valles-oriental-celebra-la-cuquivetllada-una-trobada-de-debat-i-cohesio\\\/#article\",\"isPartOf\":{\"@id\":\"https:\\\/\\\/www.esplac.cat\\\/el-sector-valles-oriental-celebra-la-cuquivetllada-una-trobada-de-debat-i-cohesio\\\/\"},\"author\":{\"name\":\"Comunicaci\u00f3 Esplac\",\"@id\":\"https:\\\/\\\/www.esplac.cat\\\/#\\\/schema\\\/person\\\/908383cf240be18b68f8855d0583faca\"},\"headline\":\"El Sector Vall\u00e8s Oriental celebra la Cuquivetllada, una trobada de debat i cohesi\u00f3!\",\"datePublished\":\"2024-10-29T12:49:45+00:00\",\"dateModified\":\"2024-11-05T12:51:00+00:00\",\"mainEntityOfPage\":{\"@id\":\"https:\\\/\\\/www.esplac.cat\\\/el-sector-valles-oriental-celebra-la-cuquivetllada-una-trobada-de-debat-i-cohesio\\\/\"},\"wordCount\":1156,\"publisher\":{\"@id\":\"https:\\\/\\\/www.esplac.cat\\\/#organization\"},\"image\":{\"@id\":\"https:\\\/\\\/www.esplac.cat\\\/el-sector-valles-oriental-celebra-la-cuquivetllada-una-trobada-de-debat-i-cohesio\\\/#primaryimage\"},\"thumbnailUrl\":\"https:\\\/\\\/www.esplac.cat\\\/wp-content\\\/uploads\\\/2024\\\/11\\\/Cuqui_Vetllada.jpg\",\"articleSection\":[\"Activitats sectors\",\"Sector Vall\u00e8s Oriental\",\"Sense categoria\"],\"inLanguage\":\"en-US\"},{\"@type\":\"WebPage\",\"@id\":\"https:\\\/\\\/www.esplac.cat\\\/el-sector-valles-oriental-celebra-la-cuquivetllada-una-trobada-de-debat-i-cohesio\\\/\",\"url\":\"https:\\\/\\\/www.esplac.cat\\\/el-sector-valles-oriental-celebra-la-cuquivetllada-una-trobada-de-debat-i-cohesio\\\/\",\"name\":\"El Sector Vall\u00e8s Oriental celebra la Cuquivetllada!\",\"isPartOf\":{\"@id\":\"https:\\\/\\\/www.esplac.cat\\\/#website\"},\"primaryImageOfPage\":{\"@id\":\"https:\\\/\\\/www.esplac.cat\\\/el-sector-valles-oriental-celebra-la-cuquivetllada-una-trobada-de-debat-i-cohesio\\\/#primaryimage\"},\"image\":{\"@id\":\"https:\\\/\\\/www.esplac.cat\\\/el-sector-valles-oriental-celebra-la-cuquivetllada-una-trobada-de-debat-i-cohesio\\\/#primaryimage\"},\"thumbnailUrl\":\"https:\\\/\\\/www.esplac.cat\\\/wp-content\\\/uploads\\\/2024\\\/11\\\/Cuqui_Vetllada.jpg\",\"datePublished\":\"2024-10-29T12:49:45+00:00\",\"dateModified\":\"2024-11-05T12:51:00+00:00\",\"description\":\"Una quinzena de monitores i monitors del Sector Vall\u00e8s Oriental celebren la Cuquivetllada, una trobada de cohesi\u00f3 i formaci\u00f3.\",\"breadcrumb\":{\"@id\":\"https:\\\/\\\/www.esplac.cat\\\/el-sector-valles-oriental-celebra-la-cuquivetllada-una-trobada-de-debat-i-cohesio\\\/#breadcrumb\"},\"inLanguage\":\"en-US\",\"potentialAction\":[{\"@type\":\"ReadAction\",\"target\":[\"https:\\\/\\\/www.esplac.cat\\\/el-sector-valles-oriental-celebra-la-cuquivetllada-una-trobada-de-debat-i-cohesio\\\/\"]}]},{\"@type\":\"ImageObject\",\"inLanguage\":\"en-US\",\"@id\":\"https:\\\/\\\/www.esplac.cat\\\/el-sector-valles-oriental-celebra-la-cuquivetllada-una-trobada-de-debat-i-cohesio\\\/#primaryimage\",\"url\":\"https:\\\/\\\/www.esplac.cat\\\/wp-content\\\/uploads\\\/2024\\\/11\\\/Cuqui_Vetllada.jpg\",\"contentUrl\":\"https:\\\/\\\/www.esplac.cat\\\/wp-content\\\/uploads\\\/2024\\\/11\\\/Cuqui_Vetllada.jpg\",\"width\":1697,\"height\":700,\"caption\":\"Sector Vall\u00e8s Oriental\"},{\"@type\":\"BreadcrumbList\",\"@id\":\"https:\\\/\\\/www.esplac.cat\\\/el-sector-valles-oriental-celebra-la-cuquivetllada-una-trobada-de-debat-i-cohesio\\\/#breadcrumb\",\"itemListElement\":[{\"@type\":\"ListItem\",\"position\":1,\"name\":\"Inici\",\"item\":\"https:\\\/\\\/www.esplac.cat\\\/en\\\/\"},{\"@type\":\"ListItem\",\"position\":2,\"name\":\"El Sector Vall\u00e8s Oriental celebra la Cuquivetllada, una trobada de debat i cohesi\u00f3!\"}]},{\"@type\":\"WebSite\",\"@id\":\"https:\\\/\\\/www.esplac.cat\\\/#website\",\"url\":\"https:\\\/\\\/www.esplac.cat\\\/\",\"name\":\"Esplac\",\"description\":\"Esplais Catalans\",\"publisher\":{\"@id\":\"https:\\\/\\\/www.esplac.cat\\\/#organization\"},\"potentialAction\":[{\"@type\":\"SearchAction\",\"target\":{\"@type\":\"EntryPoint\",\"urlTemplate\":\"https:\\\/\\\/www.esplac.cat\\\/?s={search_term_string}\"},\"query-input\":{\"@type\":\"PropertyValueSpecification\",\"valueRequired\":true,\"valueName\":\"search_term_string\"}}],\"inLanguage\":\"en-US\"},{\"@type\":\"Organization\",\"@id\":\"https:\\\/\\\/www.esplac.cat\\\/#organization\",\"name\":\"Esplac\",\"url\":\"https:\\\/\\\/www.esplac.cat\\\/\",\"logo\":{\"@type\":\"ImageObject\",\"inLanguage\":\"en-US\",\"@id\":\"https:\\\/\\\/www.esplac.cat\\\/#\\\/schema\\\/logo\\\/image\\\/\",\"url\":\"https:\\\/\\\/www.esplac.cat\\\/wp-content\\\/uploads\\\/2019\\\/08\\\/logox2.png\",\"contentUrl\":\"https:\\\/\\\/www.esplac.cat\\\/wp-content\\\/uploads\\\/2019\\\/08\\\/logox2.png\",\"width\":600,\"height\":295,\"caption\":\"Esplac\"},\"image\":{\"@id\":\"https:\\\/\\\/www.esplac.cat\\\/#\\\/schema\\\/logo\\\/image\\\/\"}},{\"@type\":\"Person\",\"@id\":\"https:\\\/\\\/www.esplac.cat\\\/#\\\/schema\\\/person\\\/908383cf240be18b68f8855d0583faca\",\"name\":\"Comunicaci\u00f3 Esplac\",\"image\":{\"@type\":\"ImageObject\",\"inLanguage\":\"en-US\",\"@id\":\"https:\\\/\\\/secure.gravatar.com\\\/avatar\\\/7a4cf8feb412a76ea4a740ca02d95b06b2907b5a6c648c2dd0a1082a093c3141?s=96&d=mm&r=g\",\"url\":\"https:\\\/\\\/secure.gravatar.com\\\/avatar\\\/7a4cf8feb412a76ea4a740ca02d95b06b2907b5a6c648c2dd0a1082a093c3141?s=96&d=mm&r=g\",\"contentUrl\":\"https:\\\/\\\/secure.gravatar.com\\\/avatar\\\/7a4cf8feb412a76ea4a740ca02d95b06b2907b5a6c648c2dd0a1082a093c3141?s=96&d=mm&r=g\",\"caption\":\"Comunicaci\u00f3 Esplac\"}}]}<\/script>\n<!-- \/ Yoast SEO plugin. -->","yoast_head_json":{"title":"El Sector Vall\u00e8s Oriental celebra la Cuquivetllada!","description":"Una quinzena de monitores i monitors del Sector Vall\u00e8s Oriental celebren la Cuquivetllada, una trobada de cohesi\u00f3 i formaci\u00f3.","robots":{"index":"index","follow":"follow","max-snippet":"max-snippet:-1","max-image-preview":"max-image-preview:large","max-video-preview":"max-video-preview:-1"},"canonical":"https:\/\/www.esplac.cat\/el-sector-valles-oriental-celebra-la-cuquivetllada-una-trobada-de-debat-i-cohesio\/","og_locale":"en_US","og_type":"article","og_title":"El Sector Vall\u00e8s Oriental celebra la Cuquivetllada!","og_description":"Una quinzena de monitores i monitors del Sector Vall\u00e8s Oriental celebren la Cuquivetllada, una trobada de cohesi\u00f3 i formaci\u00f3.","og_url":"https:\/\/www.esplac.cat\/el-sector-valles-oriental-celebra-la-cuquivetllada-una-trobada-de-debat-i-cohesio\/","og_site_name":"Esplac","article_published_time":"2024-10-29T12:49:45+00:00","article_modified_time":"2024-11-05T12:51:00+00:00","og_image":[{"width":1697,"height":700,"url":"https:\/\/www.esplac.cat\/wp-content\/uploads\/2024\/11\/Cuqui_Vetllada.jpg","type":"image\/jpeg"}],"author":"Comunicaci\u00f3 Esplac","twitter_card":"summary_large_image","twitter_misc":{"Written by":"Comunicaci\u00f3 Esplac","Est. reading time":"2 minutes"},"schema":{"@context":"https:\/\/schema.org","@graph":[{"@type":"Article","@id":"https:\/\/www.esplac.cat\/el-sector-valles-oriental-celebra-la-cuquivetllada-una-trobada-de-debat-i-cohesio\/#article","isPartOf":{"@id":"https:\/\/www.esplac.cat\/el-sector-valles-oriental-celebra-la-cuquivetllada-una-trobada-de-debat-i-cohesio\/"},"author":{"name":"Comunicaci\u00f3 Esplac","@id":"https:\/\/www.esplac.cat\/#\/schema\/person\/908383cf240be18b68f8855d0583faca"},"headline":"El Sector Vall\u00e8s Oriental celebra la Cuquivetllada, una trobada de debat i cohesi\u00f3!","datePublished":"2024-10-29T12:49:45+00:00","dateModified":"2024-11-05T12:51:00+00:00","mainEntityOfPage":{"@id":"https:\/\/www.esplac.cat\/el-sector-valles-oriental-celebra-la-cuquivetllada-una-trobada-de-debat-i-cohesio\/"},"wordCount":1156,"publisher":{"@id":"https:\/\/www.esplac.cat\/#organization"},"image":{"@id":"https:\/\/www.esplac.cat\/el-sector-valles-oriental-celebra-la-cuquivetllada-una-trobada-de-debat-i-cohesio\/#primaryimage"},"thumbnailUrl":"https:\/\/www.esplac.cat\/wp-content\/uploads\/2024\/11\/Cuqui_Vetllada.jpg","articleSection":["Activitats sectors","Sector Vall\u00e8s Oriental","Sense categoria"],"inLanguage":"en-US"},{"@type":"WebPage","@id":"https:\/\/www.esplac.cat\/el-sector-valles-oriental-celebra-la-cuquivetllada-una-trobada-de-debat-i-cohesio\/","url":"https:\/\/www.esplac.cat\/el-sector-valles-oriental-celebra-la-cuquivetllada-una-trobada-de-debat-i-cohesio\/","name":"El Sector Vall\u00e8s Oriental celebra la Cuquivetllada!","isPartOf":{"@id":"https:\/\/www.esplac.cat\/#website"},"primaryImageOfPage":{"@id":"https:\/\/www.esplac.cat\/el-sector-valles-oriental-celebra-la-cuquivetllada-una-trobada-de-debat-i-cohesio\/#primaryimage"},"image":{"@id":"https:\/\/www.esplac.cat\/el-sector-valles-oriental-celebra-la-cuquivetllada-una-trobada-de-debat-i-cohesio\/#primaryimage"},"thumbnailUrl":"https:\/\/www.esplac.cat\/wp-content\/uploads\/2024\/11\/Cuqui_Vetllada.jpg","datePublished":"2024-10-29T12:49:45+00:00","dateModified":"2024-11-05T12:51:00+00:00","description":"Una quinzena de monitores i monitors del Sector Vall\u00e8s Oriental celebren la Cuquivetllada, una trobada de cohesi\u00f3 i formaci\u00f3.","breadcrumb":{"@id":"https:\/\/www.esplac.cat\/el-sector-valles-oriental-celebra-la-cuquivetllada-una-trobada-de-debat-i-cohesio\/#breadcrumb"},"inLanguage":"en-US","potentialAction":[{"@type":"ReadAction","target":["https:\/\/www.esplac.cat\/el-sector-valles-oriental-celebra-la-cuquivetllada-una-trobada-de-debat-i-cohesio\/"]}]},{"@type":"ImageObject","inLanguage":"en-US","@id":"https:\/\/www.esplac.cat\/el-sector-valles-oriental-celebra-la-cuquivetllada-una-trobada-de-debat-i-cohesio\/#primaryimage","url":"https:\/\/www.esplac.cat\/wp-content\/uploads\/2024\/11\/Cuqui_Vetllada.jpg","contentUrl":"https:\/\/www.esplac.cat\/wp-content\/uploads\/2024\/11\/Cuqui_Vetllada.jpg","width":1697,"height":700,"caption":"Sector Vall\u00e8s Oriental"},{"@type":"BreadcrumbList","@id":"https:\/\/www.esplac.cat\/el-sector-valles-oriental-celebra-la-cuquivetllada-una-trobada-de-debat-i-cohesio\/#breadcrumb","itemListElement":[{"@type":"ListItem","position":1,"name":"Inici","item":"https:\/\/www.esplac.cat\/en\/"},{"@type":"ListItem","position":2,"name":"El Sector Vall\u00e8s Oriental celebra la Cuquivetllada, una trobada de debat i cohesi\u00f3!"}]},{"@type":"WebSite","@id":"https:\/\/www.esplac.cat\/#website","url":"https:\/\/www.esplac.cat\/","name":"Esplac","description":"Esplais Catalans","publisher":{"@id":"https:\/\/www.esplac.cat\/#organization"},"potentialAction":[{"@type":"SearchAction","target":{"@type":"EntryPoint","urlTemplate":"https:\/\/www.esplac.cat\/?s={search_term_string}"},"query-input":{"@type":"PropertyValueSpecification","valueRequired":true,"valueName":"search_term_string"}}],"inLanguage":"en-US"},{"@type":"Organization","@id":"https:\/\/www.esplac.cat\/#organization","name":"Esplac","url":"https:\/\/www.esplac.cat\/","logo":{"@type":"ImageObject","inLanguage":"en-US","@id":"https:\/\/www.esplac.cat\/#\/schema\/logo\/image\/","url":"https:\/\/www.esplac.cat\/wp-content\/uploads\/2019\/08\/logox2.png","contentUrl":"https:\/\/www.esplac.cat\/wp-content\/uploads\/2019\/08\/logox2.png","width":600,"height":295,"caption":"Esplac"},"image":{"@id":"https:\/\/www.esplac.cat\/#\/schema\/logo\/image\/"}},{"@type":"Person","@id":"https:\/\/www.esplac.cat\/#\/schema\/person\/908383cf240be18b68f8855d0583faca","name":"Comunicaci\u00f3 Esplac","image":{"@type":"ImageObject","inLanguage":"en-US","@id":"https:\/\/secure.gravatar.com\/avatar\/7a4cf8feb412a76ea4a740ca02d95b06b2907b5a6c648c2dd0a1082a093c3141?s=96&d=mm&r=g","url":"https:\/\/secure.gravatar.com\/avatar\/7a4cf8feb412a76ea4a740ca02d95b06b2907b5a6c648c2dd0a1082a093c3141?s=96&d=mm&r=g","contentUrl":"https:\/\/secure.gravatar.com\/avatar\/7a4cf8feb412a76ea4a740ca02d95b06b2907b5a6c648c2dd0a1082a093c3141?s=96&d=mm&r=g","caption":"Comunicaci\u00f3 Esplac"}}]}},"_links":{"self":[{"href":"https:\/\/www.esplac.cat\/en\/wp-json\/wp\/v2\/posts\/51627","targetHints":{"allow":["GET"]}}],"collection":[{"href":"https:\/\/www.esplac.cat\/en\/wp-json\/wp\/v2\/posts"}],"about":[{"href":"https:\/\/www.esplac.cat\/en\/wp-json\/wp\/v2\/types\/post"}],"author":[{"embeddable":true,"href":"https:\/\/www.esplac.cat\/en\/wp-json\/wp\/v2\/users\/3"}],"replies":[{"embeddable":true,"href":"https:\/\/www.esplac.cat\/en\/wp-json\/wp\/v2\/comments?post=51627"}],"version-history":[{"count":3,"href":"https:\/\/www.esplac.cat\/en\/wp-json\/wp\/v2\/posts\/51627\/revisions"}],"predecessor-version":[{"id":51633,"href":"https:\/\/www.esplac.cat\/en\/wp-json\/wp\/v2\/posts\/51627\/revisions\/51633"}],"wp:featuredmedia":[{"embeddable":true,"href":"https:\/\/www.esplac.cat\/en\/wp-json\/wp\/v2\/media\/51629"}],"wp:attachment":[{"href":"https:\/\/www.esplac.cat\/en\/wp-json\/wp\/v2\/media?parent=51627"}],"wp:term":[{"taxonomy":"category","embeddable":true,"href":"https:\/\/www.esplac.cat\/en\/wp-json\/wp\/v2\/categories?post=51627"},{"taxonomy":"post_tag","embeddable":true,"href":"https:\/\/www.esplac.cat\/en\/wp-json\/wp\/v2\/tags?post=51627"}],"curies":[{"name":"wp","href":"https:\/\/api.w.org\/{rel}","templated":true}]}}