{"id":51724,"date":"2024-11-18T15:07:45","date_gmt":"2024-11-18T13:07:45","guid":{"rendered":"https:\/\/www.esplac.cat\/?p=51724"},"modified":"2024-12-12T14:58:53","modified_gmt":"2024-12-12T12:58:53","slug":"tardes-lleure-antiracisme-responem-odi-violencies-opressions","status":"publish","type":"post","link":"https:\/\/www.esplac.cat\/en\/tardes-lleure-antiracisme-responem-odi-violencies-opressions\/","title":{"rendered":"Tardes de Lleure i Antiracisme: responem a l&#8217;odi, les viol\u00e8ncies i les opressions"},"content":{"rendered":"<div class=\"fusion-fullwidth fullwidth-box fusion-builder-row-1 fusion-flex-container has-pattern-background has-mask-background nonhundred-percent-fullwidth non-hundred-percent-height-scrolling\" style=\"--awb-border-radius-top-left:0px;--awb-border-radius-top-right:0px;--awb-border-radius-bottom-right:0px;--awb-border-radius-bottom-left:0px;--awb-flex-wrap:wrap;\" ><div class=\"fusion-builder-row fusion-row fusion-flex-align-items-flex-start fusion-flex-content-wrap\" style=\"max-width:1248px;margin-left: calc(-4% \/ 2 );margin-right: calc(-4% \/ 2 );\"><div class=\"fusion-layout-column fusion_builder_column fusion-builder-column-0 fusion_builder_column_1_1 1_1 fusion-flex-column\" style=\"--awb-bg-size:cover;--awb-width-large:100%;--awb-margin-top-large:0px;--awb-spacing-right-large:1.92%;--awb-margin-bottom-large:20px;--awb-spacing-left-large:1.92%;--awb-width-medium:100%;--awb-order-medium:0;--awb-spacing-right-medium:1.92%;--awb-spacing-left-medium:1.92%;--awb-width-small:100%;--awb-order-small:0;--awb-spacing-right-small:1.92%;--awb-spacing-left-small:1.92%;\"><div class=\"fusion-column-wrapper fusion-column-has-shadow fusion-flex-justify-content-flex-start fusion-content-layout-column\"><div class=\"fusion-text fusion-text-1\"><h6><strong>El 5, 6 i 7 de novembre s&#8217;han celebrat les II Tardes de Lleure i Antiracisme a l\u2019Escola Lliure el Sol, un cicle formatiu en qu\u00e8 s&#8217;ha parlat sobre discursos d\u2019odi, el racisme com a vulneraci\u00f3 de drets i experi\u00e8ncia antiracistes.<\/strong><\/h6>\n<p>Les Tardes de Lleure i Antiracisme s\u00f3n un cicle de tallers organitzats conjuntament per <a href=\"https:\/\/www.esplac.cat\/\" target=\"_blank\" rel=\"noopener\"><strong><span style=\"color: #f69d0b;\">Esplais Catalans<\/span><\/strong><\/a>, la <span style=\"color: #f69d0b;\"><strong><a style=\"color: #f69d0b;\" href=\"https:\/\/www.ferrerguardia.org\/ca_ES\" target=\"_blank\" rel=\"noopener\">Fundaci\u00f3 Ferrer i Gu\u00e0rdia<\/a><\/strong><\/span> i l\u2019<span style=\"color: #f69d0b;\"><strong><a style=\"color: #f69d0b;\" href=\"https:\/\/escolaelsol.coop\/\" target=\"_blank\" rel=\"noopener\">Escola Lliure el Sol<\/a><\/strong><\/span>. En la seva segona edici\u00f3, que portava per t\u00edtol <em><strong>Estrat\u00e8gies davant l\u2019odi, les viol\u00e8ncies i les opressions<\/strong><\/em>, s&#8217;ha seguit apostant pel treball en xarxa amb persones i col\u00b7lectius migrants i racialitzats no blancs experts en diferents tem\u00e0tiques. En els dos tallers i la taula rodona s&#8217;han ofert eines i estrat\u00e8gies per combatre el racisme, l&#8217;odi i altres formes de viol\u00e8ncia des de l\u2019\u00e0mbit del lleure educatiu.<\/p>\n<p>El taller del dimarts 5 de novembre, titulat <em><strong>Discursos d\u2019odi i racisme (a les xarxes socials)<\/strong>, <\/em>l&#8217;ha impartat la <span style=\"color: #f69d0b;\"><a style=\"color: #f69d0b;\" href=\"https:\/\/www.instagram.com\/miriamhatibi\/\" target=\"_blank\" rel=\"noopener\"><strong>M\u00edriam<\/strong> <strong>Hatibi<\/strong><\/a><\/span><strong>,<\/strong> comunicadora i activista. El taller ha ofert definicions dels conceptes de \u201cdelicte d\u2019odi\u201d i \u201cdiscursos d\u2019odi\u201d, mostrant la seva relaci\u00f3, difer\u00e8ncies i marc jur\u00eddic. A partir d\u2019exercicis pr\u00e0ctics, s&#8217;ha aprofundit en la pres\u00e8ncia d\u2019aquests discursos a les xarxes socials, demostrant com la ret\u00f2rica racista i xen\u00f2foba refor\u00e7a la norma i genera formes de viol\u00e8ncia contra els col\u00b7lectius minoritzats. Finalment, s&#8217;ha analitzat el funcionament de les xarxes socials per explorar possibles respostes als discursos d\u2019odi, a m\u00e9s de repassar estrat\u00e8gies de protecci\u00f3.<\/p>\n<p>El dimecres 6 ha tingut lloc el taller <em><strong>El racisme com a vulneraci\u00f3 de drets i eines per fer-hi front<\/strong><\/em>, a c\u00e0rrec de l\u2019\u00darsula Ruiz de <span style=\"color: #f69d0b;\"><strong><a style=\"color: #f69d0b;\" href=\"https:\/\/sosracisme.org\/\" target=\"_blank\" rel=\"noopener\">SOS Racisme<\/a><\/strong><\/span>. En aquest taller hem clarificat conceptes com ra\u00e7a, colonialisme o privilegi blanc per poder determinar que el racisme \u00e9s una forma sist\u00e8mica de discriminaci\u00f3 que es manifesta en tots els \u00e0mbits de la nostra vida. Mitjan\u00e7ant l\u2019an\u00e0lisi de la Llei d\u2019estrangeria hem vist com aquesta afecta a infants, adolescents i joves en la vulneraci\u00f3 dels seus drets. Alhora, mitjan\u00e7ant el treball de casos hem constatat quines eines ens permeten defensar els drets, com donar resposta al racisme quotidi\u00e0, visibilitzar-lo i identificar les problem\u00e0tiques que genera.<\/p>\n<p>Finalment, dijous 7 s&#8217;ha fet la taula rodona <em><strong>Experi\u00e8ncies d\u2019antiracisme<\/strong><\/em>, amb la participaci\u00f3 dels col\u00b7lectius <span style=\"color: #f69d0b;\"><strong><a style=\"color: #f69d0b;\" href=\"https:\/\/fronteresinvisible.wixsite.com\/frinvisibles\" target=\"_blank\" rel=\"noopener\">Fronteres Invisibles<\/a><\/strong><\/span> i <span style=\"color: #f69d0b;\"><strong><a style=\"color: #f69d0b;\" href=\"https:\/\/www.instagram.com\/creandoalianzas\/\">Criando Alianzas<\/a><\/strong><\/span>. En aquesta taula les organitzacions convidades han compartit els seus projectes dedicats a sensibilitzar i denunciar el racisme i la viol\u00e8ncia que les institucions exerceixen contra les persones migrants i les racialitzades no blanques. A continuaci\u00f3, s&#8217;ha posat el focus en les limitacions i el potencial que tenen actualment els esplais per ser espais antiracistes. S&#8217;ha posat especial \u00e8mfasi en la import\u00e0ncia del treball en xarxa i de crear comunitat a partir de teixir vincles amb les ve\u00efnes i agents del barri.<\/p>\n<p>Per segon any consecutiu, les Tardes de Lleure i Antiracisme han aplegat una quarantena de persones amb bagatges diversos al voltant de la formaci\u00f3 sobre el racisme en l\u2019\u00e0mbit educatiu. Un any m\u00e9s, hem pres consci\u00e8ncia de les estructures de dominaci\u00f3 i del colonialisme existents a la nostra societat, aix\u00ed com de les eines que tenim per donar-hi resposta des del lleure i l\u2019educaci\u00f3 popular.<\/p>\n<\/div><div style=\"text-align:center;\"><a class=\"fusion-button button-flat fusion-button-default-size button-default fusion-button-default button-1 fusion-button-default-span fusion-button-default-type\" style=\"--button_margin-top:15px;\" target=\"_self\" href=\"https:\/\/www.flickr.com\/photos\/esplaiscatalans\/albums\/72177720322019113\/\"><span class=\"fusion-button-text\">Les Tardes de Lleure i Antiracisme, en imatges!<\/span><\/a><\/div><\/div><\/div><\/div><\/div>\n","protected":false},"excerpt":{"rendered":"","protected":false},"author":3,"featured_media":51727,"comment_status":"closed","ping_status":"closed","sticky":false,"template":"","format":"standard","meta":{"om_disable_all_campaigns":false,"_monsterinsights_skip_tracking":false,"_monsterinsights_sitenote_active":false,"_monsterinsights_sitenote_note":"","_monsterinsights_sitenote_category":0,"_uf_show_specific_survey":0,"_uf_disable_surveys":false,"footnotes":""},"categories":[1111,1131,1166,1330],"tags":[],"class_list":["post-51724","post","type-post","status-publish","format-standard","has-post-thumbnail","hentry","category-activitats-esplac","category-cursos-formacions","category-inclusio-i-diversitat","category-jornades-interculturalitat"],"yoast_head":"<!-- This site is optimized with the Yoast SEO plugin v27.4 - https:\/\/yoast.com\/product\/yoast-seo-wordpress\/ -->\n<title>Celebrem la segona eidici\u00f3 de Tardes de Lleure i Antiracisme<\/title>\n<meta name=\"description\" content=\"El 5, 6 i 7 de novembre s&#039;han celebrat les Tardes de Lleure i Antiracisme a l\u2019Escola Lliure el Sol, amb la participaci\u00f3 de m\u00e9s de vint persones.\" \/>\n<meta name=\"robots\" content=\"index, follow, max-snippet:-1, max-image-preview:large, max-video-preview:-1\" \/>\n<link rel=\"canonical\" href=\"https:\/\/www.esplac.cat\/tardes-lleure-antiracisme-responem-odi-violencies-opressions\/\" \/>\n<meta property=\"og:locale\" content=\"en_US\" \/>\n<meta property=\"og:type\" content=\"article\" \/>\n<meta property=\"og:title\" content=\"Celebrem la segona eidici\u00f3 de Tardes de Lleure i Antiracisme\" \/>\n<meta property=\"og:description\" content=\"El 5, 6 i 7 de novembre s&#039;han celebrat les Tardes de Lleure i Antiracisme a l\u2019Escola Lliure el Sol, amb la participaci\u00f3 de m\u00e9s de vint persones.\" \/>\n<meta property=\"og:url\" content=\"https:\/\/www.esplac.cat\/tardes-lleure-antiracisme-responem-odi-violencies-opressions\/\" \/>\n<meta property=\"og:site_name\" content=\"Esplac\" \/>\n<meta property=\"article:published_time\" content=\"2024-11-18T13:07:45+00:00\" \/>\n<meta property=\"article:modified_time\" content=\"2024-12-12T12:58:53+00:00\" \/>\n<meta property=\"og:image\" content=\"https:\/\/www.esplac.cat\/wp-content\/uploads\/2024\/11\/TLLiA.jpg\" \/>\n\t<meta property=\"og:image:width\" content=\"1697\" \/>\n\t<meta property=\"og:image:height\" content=\"700\" \/>\n\t<meta property=\"og:image:type\" content=\"image\/jpeg\" \/>\n<meta name=\"author\" content=\"Comunicaci\u00f3 Esplac\" \/>\n<meta name=\"twitter:card\" content=\"summary_large_image\" \/>\n<meta name=\"twitter:label1\" content=\"Written by\" \/>\n\t<meta name=\"twitter:data1\" content=\"Comunicaci\u00f3 Esplac\" \/>\n\t<meta name=\"twitter:label2\" content=\"Est. reading time\" \/>\n\t<meta name=\"twitter:data2\" content=\"4 minutes\" \/>\n<script type=\"application\/ld+json\" class=\"yoast-schema-graph\">{\"@context\":\"https:\\\/\\\/schema.org\",\"@graph\":[{\"@type\":\"Article\",\"@id\":\"https:\\\/\\\/www.esplac.cat\\\/tardes-lleure-antiracisme-responem-odi-violencies-opressions\\\/#article\",\"isPartOf\":{\"@id\":\"https:\\\/\\\/www.esplac.cat\\\/tardes-lleure-antiracisme-responem-odi-violencies-opressions\\\/\"},\"author\":{\"name\":\"Comunicaci\u00f3 Esplac\",\"@id\":\"https:\\\/\\\/www.esplac.cat\\\/#\\\/schema\\\/person\\\/908383cf240be18b68f8855d0583faca\"},\"headline\":\"Tardes de Lleure i Antiracisme: responem a l&#8217;odi, les viol\u00e8ncies i les opressions\",\"datePublished\":\"2024-11-18T13:07:45+00:00\",\"dateModified\":\"2024-12-12T12:58:53+00:00\",\"mainEntityOfPage\":{\"@id\":\"https:\\\/\\\/www.esplac.cat\\\/tardes-lleure-antiracisme-responem-odi-violencies-opressions\\\/\"},\"wordCount\":1726,\"publisher\":{\"@id\":\"https:\\\/\\\/www.esplac.cat\\\/#organization\"},\"image\":{\"@id\":\"https:\\\/\\\/www.esplac.cat\\\/tardes-lleure-antiracisme-responem-odi-violencies-opressions\\\/#primaryimage\"},\"thumbnailUrl\":\"https:\\\/\\\/www.esplac.cat\\\/wp-content\\\/uploads\\\/2024\\\/11\\\/TLLiA.jpg\",\"articleSection\":[\"Activitats esplac\",\"Cursos i formacions\",\"Inclusi\u00f3 i diversitat\",\"Jornades Interculturalitat\"],\"inLanguage\":\"en-US\"},{\"@type\":\"WebPage\",\"@id\":\"https:\\\/\\\/www.esplac.cat\\\/tardes-lleure-antiracisme-responem-odi-violencies-opressions\\\/\",\"url\":\"https:\\\/\\\/www.esplac.cat\\\/tardes-lleure-antiracisme-responem-odi-violencies-opressions\\\/\",\"name\":\"Celebrem la segona eidici\u00f3 de Tardes de Lleure i Antiracisme\",\"isPartOf\":{\"@id\":\"https:\\\/\\\/www.esplac.cat\\\/#website\"},\"primaryImageOfPage\":{\"@id\":\"https:\\\/\\\/www.esplac.cat\\\/tardes-lleure-antiracisme-responem-odi-violencies-opressions\\\/#primaryimage\"},\"image\":{\"@id\":\"https:\\\/\\\/www.esplac.cat\\\/tardes-lleure-antiracisme-responem-odi-violencies-opressions\\\/#primaryimage\"},\"thumbnailUrl\":\"https:\\\/\\\/www.esplac.cat\\\/wp-content\\\/uploads\\\/2024\\\/11\\\/TLLiA.jpg\",\"datePublished\":\"2024-11-18T13:07:45+00:00\",\"dateModified\":\"2024-12-12T12:58:53+00:00\",\"description\":\"El 5, 6 i 7 de novembre s'han celebrat les Tardes de Lleure i Antiracisme a l\u2019Escola Lliure el Sol, amb la participaci\u00f3 de m\u00e9s de vint persones.\",\"breadcrumb\":{\"@id\":\"https:\\\/\\\/www.esplac.cat\\\/tardes-lleure-antiracisme-responem-odi-violencies-opressions\\\/#breadcrumb\"},\"inLanguage\":\"en-US\",\"potentialAction\":[{\"@type\":\"ReadAction\",\"target\":[\"https:\\\/\\\/www.esplac.cat\\\/tardes-lleure-antiracisme-responem-odi-violencies-opressions\\\/\"]}]},{\"@type\":\"ImageObject\",\"inLanguage\":\"en-US\",\"@id\":\"https:\\\/\\\/www.esplac.cat\\\/tardes-lleure-antiracisme-responem-odi-violencies-opressions\\\/#primaryimage\",\"url\":\"https:\\\/\\\/www.esplac.cat\\\/wp-content\\\/uploads\\\/2024\\\/11\\\/TLLiA.jpg\",\"contentUrl\":\"https:\\\/\\\/www.esplac.cat\\\/wp-content\\\/uploads\\\/2024\\\/11\\\/TLLiA.jpg\",\"width\":1697,\"height\":700,\"caption\":\"lleure\"},{\"@type\":\"BreadcrumbList\",\"@id\":\"https:\\\/\\\/www.esplac.cat\\\/tardes-lleure-antiracisme-responem-odi-violencies-opressions\\\/#breadcrumb\",\"itemListElement\":[{\"@type\":\"ListItem\",\"position\":1,\"name\":\"Inici\",\"item\":\"https:\\\/\\\/www.esplac.cat\\\/en\\\/\"},{\"@type\":\"ListItem\",\"position\":2,\"name\":\"Tardes de Lleure i Antiracisme: responem a l&#8217;odi, les viol\u00e8ncies i les opressions\"}]},{\"@type\":\"WebSite\",\"@id\":\"https:\\\/\\\/www.esplac.cat\\\/#website\",\"url\":\"https:\\\/\\\/www.esplac.cat\\\/\",\"name\":\"Esplac\",\"description\":\"Esplais Catalans\",\"publisher\":{\"@id\":\"https:\\\/\\\/www.esplac.cat\\\/#organization\"},\"potentialAction\":[{\"@type\":\"SearchAction\",\"target\":{\"@type\":\"EntryPoint\",\"urlTemplate\":\"https:\\\/\\\/www.esplac.cat\\\/?s={search_term_string}\"},\"query-input\":{\"@type\":\"PropertyValueSpecification\",\"valueRequired\":true,\"valueName\":\"search_term_string\"}}],\"inLanguage\":\"en-US\"},{\"@type\":\"Organization\",\"@id\":\"https:\\\/\\\/www.esplac.cat\\\/#organization\",\"name\":\"Esplac\",\"url\":\"https:\\\/\\\/www.esplac.cat\\\/\",\"logo\":{\"@type\":\"ImageObject\",\"inLanguage\":\"en-US\",\"@id\":\"https:\\\/\\\/www.esplac.cat\\\/#\\\/schema\\\/logo\\\/image\\\/\",\"url\":\"https:\\\/\\\/www.esplac.cat\\\/wp-content\\\/uploads\\\/2019\\\/08\\\/logox2.png\",\"contentUrl\":\"https:\\\/\\\/www.esplac.cat\\\/wp-content\\\/uploads\\\/2019\\\/08\\\/logox2.png\",\"width\":600,\"height\":295,\"caption\":\"Esplac\"},\"image\":{\"@id\":\"https:\\\/\\\/www.esplac.cat\\\/#\\\/schema\\\/logo\\\/image\\\/\"}},{\"@type\":\"Person\",\"@id\":\"https:\\\/\\\/www.esplac.cat\\\/#\\\/schema\\\/person\\\/908383cf240be18b68f8855d0583faca\",\"name\":\"Comunicaci\u00f3 Esplac\",\"image\":{\"@type\":\"ImageObject\",\"inLanguage\":\"en-US\",\"@id\":\"https:\\\/\\\/secure.gravatar.com\\\/avatar\\\/7a4cf8feb412a76ea4a740ca02d95b06b2907b5a6c648c2dd0a1082a093c3141?s=96&d=mm&r=g\",\"url\":\"https:\\\/\\\/secure.gravatar.com\\\/avatar\\\/7a4cf8feb412a76ea4a740ca02d95b06b2907b5a6c648c2dd0a1082a093c3141?s=96&d=mm&r=g\",\"contentUrl\":\"https:\\\/\\\/secure.gravatar.com\\\/avatar\\\/7a4cf8feb412a76ea4a740ca02d95b06b2907b5a6c648c2dd0a1082a093c3141?s=96&d=mm&r=g\",\"caption\":\"Comunicaci\u00f3 Esplac\"}}]}<\/script>\n<!-- \/ Yoast SEO plugin. -->","yoast_head_json":{"title":"Celebrem la segona eidici\u00f3 de Tardes de Lleure i Antiracisme","description":"El 5, 6 i 7 de novembre s'han celebrat les Tardes de Lleure i Antiracisme a l\u2019Escola Lliure el Sol, amb la participaci\u00f3 de m\u00e9s de vint persones.","robots":{"index":"index","follow":"follow","max-snippet":"max-snippet:-1","max-image-preview":"max-image-preview:large","max-video-preview":"max-video-preview:-1"},"canonical":"https:\/\/www.esplac.cat\/tardes-lleure-antiracisme-responem-odi-violencies-opressions\/","og_locale":"en_US","og_type":"article","og_title":"Celebrem la segona eidici\u00f3 de Tardes de Lleure i Antiracisme","og_description":"El 5, 6 i 7 de novembre s'han celebrat les Tardes de Lleure i Antiracisme a l\u2019Escola Lliure el Sol, amb la participaci\u00f3 de m\u00e9s de vint persones.","og_url":"https:\/\/www.esplac.cat\/tardes-lleure-antiracisme-responem-odi-violencies-opressions\/","og_site_name":"Esplac","article_published_time":"2024-11-18T13:07:45+00:00","article_modified_time":"2024-12-12T12:58:53+00:00","og_image":[{"width":1697,"height":700,"url":"https:\/\/www.esplac.cat\/wp-content\/uploads\/2024\/11\/TLLiA.jpg","type":"image\/jpeg"}],"author":"Comunicaci\u00f3 Esplac","twitter_card":"summary_large_image","twitter_misc":{"Written by":"Comunicaci\u00f3 Esplac","Est. reading time":"4 minutes"},"schema":{"@context":"https:\/\/schema.org","@graph":[{"@type":"Article","@id":"https:\/\/www.esplac.cat\/tardes-lleure-antiracisme-responem-odi-violencies-opressions\/#article","isPartOf":{"@id":"https:\/\/www.esplac.cat\/tardes-lleure-antiracisme-responem-odi-violencies-opressions\/"},"author":{"name":"Comunicaci\u00f3 Esplac","@id":"https:\/\/www.esplac.cat\/#\/schema\/person\/908383cf240be18b68f8855d0583faca"},"headline":"Tardes de Lleure i Antiracisme: responem a l&#8217;odi, les viol\u00e8ncies i les opressions","datePublished":"2024-11-18T13:07:45+00:00","dateModified":"2024-12-12T12:58:53+00:00","mainEntityOfPage":{"@id":"https:\/\/www.esplac.cat\/tardes-lleure-antiracisme-responem-odi-violencies-opressions\/"},"wordCount":1726,"publisher":{"@id":"https:\/\/www.esplac.cat\/#organization"},"image":{"@id":"https:\/\/www.esplac.cat\/tardes-lleure-antiracisme-responem-odi-violencies-opressions\/#primaryimage"},"thumbnailUrl":"https:\/\/www.esplac.cat\/wp-content\/uploads\/2024\/11\/TLLiA.jpg","articleSection":["Activitats esplac","Cursos i formacions","Inclusi\u00f3 i diversitat","Jornades Interculturalitat"],"inLanguage":"en-US"},{"@type":"WebPage","@id":"https:\/\/www.esplac.cat\/tardes-lleure-antiracisme-responem-odi-violencies-opressions\/","url":"https:\/\/www.esplac.cat\/tardes-lleure-antiracisme-responem-odi-violencies-opressions\/","name":"Celebrem la segona eidici\u00f3 de Tardes de Lleure i Antiracisme","isPartOf":{"@id":"https:\/\/www.esplac.cat\/#website"},"primaryImageOfPage":{"@id":"https:\/\/www.esplac.cat\/tardes-lleure-antiracisme-responem-odi-violencies-opressions\/#primaryimage"},"image":{"@id":"https:\/\/www.esplac.cat\/tardes-lleure-antiracisme-responem-odi-violencies-opressions\/#primaryimage"},"thumbnailUrl":"https:\/\/www.esplac.cat\/wp-content\/uploads\/2024\/11\/TLLiA.jpg","datePublished":"2024-11-18T13:07:45+00:00","dateModified":"2024-12-12T12:58:53+00:00","description":"El 5, 6 i 7 de novembre s'han celebrat les Tardes de Lleure i Antiracisme a l\u2019Escola Lliure el Sol, amb la participaci\u00f3 de m\u00e9s de vint persones.","breadcrumb":{"@id":"https:\/\/www.esplac.cat\/tardes-lleure-antiracisme-responem-odi-violencies-opressions\/#breadcrumb"},"inLanguage":"en-US","potentialAction":[{"@type":"ReadAction","target":["https:\/\/www.esplac.cat\/tardes-lleure-antiracisme-responem-odi-violencies-opressions\/"]}]},{"@type":"ImageObject","inLanguage":"en-US","@id":"https:\/\/www.esplac.cat\/tardes-lleure-antiracisme-responem-odi-violencies-opressions\/#primaryimage","url":"https:\/\/www.esplac.cat\/wp-content\/uploads\/2024\/11\/TLLiA.jpg","contentUrl":"https:\/\/www.esplac.cat\/wp-content\/uploads\/2024\/11\/TLLiA.jpg","width":1697,"height":700,"caption":"lleure"},{"@type":"BreadcrumbList","@id":"https:\/\/www.esplac.cat\/tardes-lleure-antiracisme-responem-odi-violencies-opressions\/#breadcrumb","itemListElement":[{"@type":"ListItem","position":1,"name":"Inici","item":"https:\/\/www.esplac.cat\/en\/"},{"@type":"ListItem","position":2,"name":"Tardes de Lleure i Antiracisme: responem a l&#8217;odi, les viol\u00e8ncies i les opressions"}]},{"@type":"WebSite","@id":"https:\/\/www.esplac.cat\/#website","url":"https:\/\/www.esplac.cat\/","name":"Esplac","description":"Esplais Catalans","publisher":{"@id":"https:\/\/www.esplac.cat\/#organization"},"potentialAction":[{"@type":"SearchAction","target":{"@type":"EntryPoint","urlTemplate":"https:\/\/www.esplac.cat\/?s={search_term_string}"},"query-input":{"@type":"PropertyValueSpecification","valueRequired":true,"valueName":"search_term_string"}}],"inLanguage":"en-US"},{"@type":"Organization","@id":"https:\/\/www.esplac.cat\/#organization","name":"Esplac","url":"https:\/\/www.esplac.cat\/","logo":{"@type":"ImageObject","inLanguage":"en-US","@id":"https:\/\/www.esplac.cat\/#\/schema\/logo\/image\/","url":"https:\/\/www.esplac.cat\/wp-content\/uploads\/2019\/08\/logox2.png","contentUrl":"https:\/\/www.esplac.cat\/wp-content\/uploads\/2019\/08\/logox2.png","width":600,"height":295,"caption":"Esplac"},"image":{"@id":"https:\/\/www.esplac.cat\/#\/schema\/logo\/image\/"}},{"@type":"Person","@id":"https:\/\/www.esplac.cat\/#\/schema\/person\/908383cf240be18b68f8855d0583faca","name":"Comunicaci\u00f3 Esplac","image":{"@type":"ImageObject","inLanguage":"en-US","@id":"https:\/\/secure.gravatar.com\/avatar\/7a4cf8feb412a76ea4a740ca02d95b06b2907b5a6c648c2dd0a1082a093c3141?s=96&d=mm&r=g","url":"https:\/\/secure.gravatar.com\/avatar\/7a4cf8feb412a76ea4a740ca02d95b06b2907b5a6c648c2dd0a1082a093c3141?s=96&d=mm&r=g","contentUrl":"https:\/\/secure.gravatar.com\/avatar\/7a4cf8feb412a76ea4a740ca02d95b06b2907b5a6c648c2dd0a1082a093c3141?s=96&d=mm&r=g","caption":"Comunicaci\u00f3 Esplac"}}]}},"_links":{"self":[{"href":"https:\/\/www.esplac.cat\/en\/wp-json\/wp\/v2\/posts\/51724","targetHints":{"allow":["GET"]}}],"collection":[{"href":"https:\/\/www.esplac.cat\/en\/wp-json\/wp\/v2\/posts"}],"about":[{"href":"https:\/\/www.esplac.cat\/en\/wp-json\/wp\/v2\/types\/post"}],"author":[{"embeddable":true,"href":"https:\/\/www.esplac.cat\/en\/wp-json\/wp\/v2\/users\/3"}],"replies":[{"embeddable":true,"href":"https:\/\/www.esplac.cat\/en\/wp-json\/wp\/v2\/comments?post=51724"}],"version-history":[{"count":6,"href":"https:\/\/www.esplac.cat\/en\/wp-json\/wp\/v2\/posts\/51724\/revisions"}],"predecessor-version":[{"id":51733,"href":"https:\/\/www.esplac.cat\/en\/wp-json\/wp\/v2\/posts\/51724\/revisions\/51733"}],"wp:featuredmedia":[{"embeddable":true,"href":"https:\/\/www.esplac.cat\/en\/wp-json\/wp\/v2\/media\/51727"}],"wp:attachment":[{"href":"https:\/\/www.esplac.cat\/en\/wp-json\/wp\/v2\/media?parent=51724"}],"wp:term":[{"taxonomy":"category","embeddable":true,"href":"https:\/\/www.esplac.cat\/en\/wp-json\/wp\/v2\/categories?post=51724"},{"taxonomy":"post_tag","embeddable":true,"href":"https:\/\/www.esplac.cat\/en\/wp-json\/wp\/v2\/tags?post=51724"}],"curies":[{"name":"wp","href":"https:\/\/api.w.org\/{rel}","templated":true}]}}