{"id":51734,"date":"2024-11-14T12:56:22","date_gmt":"2024-11-14T10:56:22","guid":{"rendered":"https:\/\/www.esplac.cat\/?p=51734"},"modified":"2025-07-21T14:05:53","modified_gmt":"2025-07-21T12:05:53","slug":"20n-esplais-esplac-reivindiquen-drets-infants","status":"publish","type":"post","link":"https:\/\/www.esplac.cat\/en\/20n-esplais-esplac-reivindiquen-drets-infants\/","title":{"rendered":"20N: Els esplais d\u2019Esplac reivindiquen els drets dels infants arreu del territori"},"content":{"rendered":"<div class=\"fusion-fullwidth fullwidth-box fusion-builder-row-1 fusion-flex-container has-pattern-background has-mask-background nonhundred-percent-fullwidth non-hundred-percent-height-scrolling\" style=\"--awb-border-radius-top-left:0px;--awb-border-radius-top-right:0px;--awb-border-radius-bottom-right:0px;--awb-border-radius-bottom-left:0px;--awb-flex-wrap:wrap;\" ><div class=\"fusion-builder-row fusion-row fusion-flex-align-items-flex-start fusion-flex-content-wrap\" style=\"max-width:1248px;margin-left: calc(-4% \/ 2 );margin-right: calc(-4% \/ 2 );\"><div class=\"fusion-layout-column fusion_builder_column fusion-builder-column-0 fusion_builder_column_1_1 1_1 fusion-flex-column\" style=\"--awb-bg-size:cover;--awb-width-large:100%;--awb-margin-top-large:0px;--awb-spacing-right-large:1.92%;--awb-margin-bottom-large:20px;--awb-spacing-left-large:1.92%;--awb-width-medium:100%;--awb-order-medium:0;--awb-spacing-right-medium:1.92%;--awb-spacing-left-medium:1.92%;--awb-width-small:100%;--awb-order-small:0;--awb-spacing-right-small:1.92%;--awb-spacing-left-small:1.92%;\"><div class=\"fusion-column-wrapper fusion-column-has-shadow fusion-flex-justify-content-flex-start fusion-content-layout-column\"><div class=\"fusion-text fusion-text-1\"><h6><strong>Els esplais d\u2019Esplac organitzen activitats per treballar amb infants i joves els seus drets en el marc del Dia Universal dels Drets dels Infants.<\/strong><\/h6>\n<p>Dimecres 20 de novembre \u00e9s el Dia Universal dels Drets dels Infants (DUDI) i, com cada any, els esplais d\u2019Esplac surten al carrer per reivindicar-los. Descobreix tot el que es far\u00e0 durant el cap de setmana!<\/p>\n<h5><strong>Sector Baix Llobregat<\/strong><\/h5>\n<p>Per al <span style=\"color: #f69d0b;\"><a style=\"color: #f69d0b;\" href=\"https:\/\/www.esplac.cat\/sectors-geografics\/baix-llobregat\/\" target=\"_blank\" rel=\"noopener\"><strong>Sector Baix Llobregat<\/strong><\/a><\/span>, el dissabte 16 de novembre arriba carregat d\u2019activitats! L\u2019Escola Verda de Torrelles de Llobregat ser\u00e0 el centre neur\u00e0lgic de les accions. Hi participaran l&#8217;esplai Agrupa, l\u2019Arc de Sant Mart\u00ed, el Guspira, el Pam amb Tom\u00e0quet i el Greska.<\/p>\n<p>Els grups d\u2019infants dels diferents esplais del sector arrencaran el mat\u00ed del dissabte amb jocs de coneixen\u00e7a i un seguit d\u2019activitats relacionades amb els drets dels infants. Despr\u00e9s d\u2019un dinar conjunt, arribar\u00e0 el moment de l\u2019acci\u00f3 unit\u00e0ria, on tamb\u00e9 participaran els grups de joves i que consistir\u00e0 en una actuaci\u00f3 musical del grup Rikus.<\/p>\n<p>Despr\u00e9s de l\u2019espectacle, els grups d\u2019infants marxaran. Ser\u00e0 el moment dels joves, que faran activitats fins al vespre i passaran la nit plegats. Per tancar el cap de setmana, el diumenge es far\u00e0 una activitat de cloenda despr\u00e9s d\u2019esmorzar.<\/p>\n<h5><strong>Sector Ripoll\u00e8s, Osona i Moian\u00e8s<\/strong><\/h5>\n<p>El <span style=\"color: #f69d0b;\"><a style=\"color: #f69d0b;\" href=\"https:\/\/www.esplac.cat\/sectors-geografics\/ripolles-osona-i-moianes\/\" target=\"_blank\" rel=\"noopener\"><strong>Sector Ripoll\u00e8s, Osona i Moian\u00e8s<\/strong><\/a><\/span> tamb\u00e9 ha organitzat un cap de setmana molt especial. Els esplais G\u00fcitxi-G\u00fcitxi, 100teies i Casalot es reuniran a Tona el divendres 22 de novembre a la tarda, a l\u2019Espai Muriel Casals. Despr\u00e9s de fer jocs de coneixen\u00e7a, soparan i passaran la nit plegats.<\/p>\n<p>Durant el mat\u00ed de dissabte, infants i joves gaudiran de diferents jocs i din\u00e0miques que giraran al voltant del dret a l&#8217;habitatge. Tamb\u00e9 prepararan l\u2019acte unitari, que tindr\u00e0 lloc a les 12:00h i que consistir\u00e0 en una manifestaci\u00f3 pel centre de Tona.<\/p>\n<h5><strong>Sector Camp de Tarragona i Pened\u00e8s, Garraf i Anoia<\/strong><\/h5>\n<p>El dissabte 23 de novembre se celebra una trobada d\u2019entitats de lleure del <span style=\"color: #f69d0b;\"><a style=\"color: #f69d0b;\" href=\"https:\/\/www.esplac.cat\/sectors-geografics\/camp-de-tarragona\/\" target=\"_blank\" rel=\"noopener\"><strong>Camp de Tarragona<\/strong><\/a><\/span> per a reivindicar els drets dels infants, on tamb\u00e9 participaran els esplais del <a href=\"https:\/\/www.esplac.cat\/sectors-geografics\/penedes-garraf-i-anoia\/\" target=\"_blank\" rel=\"noopener\"><span style=\"color: #f69d0b;\"><strong>Sector Pened\u00e8s, Garraf i Anoia<\/strong><\/span><\/a>. La trobada tindr\u00e0 lloc a Tarragona, amb activitats previstes durant tot el dia.<\/p>\n<p>Enguany les activitats serviran per treballar els discursos d\u2019odi, amb l\u2019objectiu que els esplais del sector aprofundeixin en la tem\u00e0tica de l\u2019Esplaiada 2025. El dia comen\u00e7ar\u00e0 amb un espai d\u2019activitats per grups, que culminar\u00e0 amb un dinar conjunt. A la tarda se celebrar\u00e0 l\u2019acte unitari al Passeig de les Palmeres, que comptar\u00e0 amb una manifestaci\u00f3 pel centre de la ciutat.<\/p>\n<h5><strong>Sector Bages, Bergued\u00e0 i la Cerdanya<\/strong><\/h5>\n<p>Els esplais del <span style=\"color: #f69d0b;\"><a style=\"color: #f69d0b;\" href=\"https:\/\/www.esplac.cat\/sectors-geografics\/bages-bergueda-cerdanya\/\" target=\"_blank\" rel=\"noopener\"><strong>Sector Bages, Bergued\u00e0 i la Cerdanya<\/strong><\/a><\/span> han organitzat una proposta d&#8217;activitats descentralitzada. Al llarg del mat\u00ed del dissabte 23 de novembre, 8 esplais del sector realitzaran trobades per grups d&#8217;edat a diferents punts del Bages. Hi participaran els esplais Safa, Lairet, Roques Albes, El Cep, Vic Remei, Merlot, GEPS i Can Cristu.<\/p>\n<h5><strong>Sectors de\u00a0 Barcelona<\/strong><\/h5>\n<p>Els el cas dels esplais dels\u00a0 <span style=\"color: #ff9900;\"><strong><a style=\"color: #ff9900;\" href=\"https:\/\/www.esplac.cat\/sectors-geografics\/barcelona-nord-est\/\">Sector Barcelona Nord-Est<\/a><\/strong><\/span>, <span style=\"color: #ff9900;\"><strong><a style=\"color: #ff9900;\" href=\"https:\/\/www.esplac.cat\/sectors-geografics\/barcelona-oest\/\">Barcelona Oest<\/a><\/strong><\/span>, <span style=\"color: #ff9900;\"><strong><a style=\"color: #ff9900;\" href=\"https:\/\/www.esplac.cat\/sectors-geografics\/barcelona-sud\/\">Barcelona Sud<\/a><\/strong><\/span> <span style=\"color: #f69d0b;\"><a style=\"color: #f69d0b;\" href=\"https:\/\/www.esplac.cat\/sectors-geografics\/bages-bergueda-cerdanya\/\" target=\"_blank\" rel=\"noopener\"><strong>Sector Bages, Bergued\u00e0 i la Cerdanya<\/strong><\/a><\/span>, el Dia Universal dels Drets dels Infants s&#8217;ha celebrat de manera descentralitzada. \u00c9s a dir, diferents esplais de la ciutat han sortit als carrers i les places dels seus respectius barris per fer activitats.<\/p>\n<p>En aquestes, han treballat amb els infants la necessitat de reivindicar i visibilitzar els seus drets amb diferents metodologies.<\/p>\n<p>Un total de 13 esplais de Barcelona (5 de Barcelona Sud, 4 de Barcelona Oest i 4 de Barcelona Nord-Est) han organitzat dinamitzat activitats arreu de la ciutat. Aquests confirmen que &#8220;ara m\u00e9s que mai, \u00e9s important conscienciar a la societat i que els infants coneguin els seus drets per fer-los valdre&#8221;<\/p>\n<\/div><div class=\"fusion-image-element \" style=\"text-align:center;--awb-caption-title-font-family:var(--h2_typography-font-family);--awb-caption-title-font-weight:var(--h2_typography-font-weight);--awb-caption-title-font-style:var(--h2_typography-font-style);--awb-caption-title-size:var(--h2_typography-font-size);--awb-caption-title-transform:var(--h2_typography-text-transform);--awb-caption-title-line-height:var(--h2_typography-line-height);--awb-caption-title-letter-spacing:var(--h2_typography-letter-spacing);\"><span class=\" fusion-imageframe imageframe-none imageframe-1 hover-type-none\"><img decoding=\"async\" width=\"600\" height=\"750\" alt=\"esplais drets\" title=\"20N Dia Universal Drets Infanst\" src=\"https:\/\/www.esplac.cat\/wp-content\/uploads\/2024\/11\/20N-Dia-Universal-Drets-Infanst-600x750.jpg\" class=\"img-responsive wp-image-51743\" srcset=\"https:\/\/www.esplac.cat\/wp-content\/uploads\/2024\/11\/20N-Dia-Universal-Drets-Infanst-200x250.jpg 200w, https:\/\/www.esplac.cat\/wp-content\/uploads\/2024\/11\/20N-Dia-Universal-Drets-Infanst-400x500.jpg 400w, https:\/\/www.esplac.cat\/wp-content\/uploads\/2024\/11\/20N-Dia-Universal-Drets-Infanst-600x750.jpg 600w, https:\/\/www.esplac.cat\/wp-content\/uploads\/2024\/11\/20N-Dia-Universal-Drets-Infanst-800x1000.jpg 800w, https:\/\/www.esplac.cat\/wp-content\/uploads\/2024\/11\/20N-Dia-Universal-Drets-Infanst.jpg 1080w\" sizes=\"(max-width: 1024px) 100vw, (max-width: 640px) 100vw, 600px\" \/><\/span><\/div><div class=\"fusion-image-element \" style=\"--awb-caption-title-font-family:var(--h2_typography-font-family);--awb-caption-title-font-weight:var(--h2_typography-font-weight);--awb-caption-title-font-style:var(--h2_typography-font-style);--awb-caption-title-size:var(--h2_typography-font-size);--awb-caption-title-transform:var(--h2_typography-text-transform);--awb-caption-title-line-height:var(--h2_typography-line-height);--awb-caption-title-letter-spacing:var(--h2_typography-letter-spacing);\"><span class=\" fusion-imageframe imageframe-none imageframe-2 hover-type-none\"><img decoding=\"async\" width=\"1697\" height=\"700\" title=\"Logo_BCN (1)\" src=\"https:\/\/www.esplac.cat\/wp-content\/uploads\/2024\/11\/Logo_BCN-1-1.png\" alt class=\"img-responsive wp-image-53330\" srcset=\"https:\/\/www.esplac.cat\/wp-content\/uploads\/2024\/11\/Logo_BCN-1-1-200x82.png 200w, https:\/\/www.esplac.cat\/wp-content\/uploads\/2024\/11\/Logo_BCN-1-1-400x165.png 400w, https:\/\/www.esplac.cat\/wp-content\/uploads\/2024\/11\/Logo_BCN-1-1-600x247.png 600w, https:\/\/www.esplac.cat\/wp-content\/uploads\/2024\/11\/Logo_BCN-1-1-800x330.png 800w, https:\/\/www.esplac.cat\/wp-content\/uploads\/2024\/11\/Logo_BCN-1-1-1200x495.png 1200w, https:\/\/www.esplac.cat\/wp-content\/uploads\/2024\/11\/Logo_BCN-1-1.png 1697w\" sizes=\"(max-width: 1024px) 100vw, (max-width: 640px) 100vw, 1200px\" \/><\/span><\/div><\/div><\/div><\/div><\/div>\n","protected":false},"excerpt":{"rendered":"","protected":false},"author":3,"featured_media":51735,"comment_status":"closed","ping_status":"closed","sticky":false,"template":"","format":"standard","meta":{"om_disable_all_campaigns":false,"_monsterinsights_skip_tracking":false,"_monsterinsights_sitenote_active":false,"_monsterinsights_sitenote_note":"","_monsterinsights_sitenote_category":0,"_uf_show_specific_survey":0,"_uf_disable_surveys":false,"footnotes":""},"categories":[1135,1110],"tags":[],"class_list":["post-51734","post","type-post","status-publish","format-standard","has-post-thumbnail","hentry","category-20-n-drets-dels-infants","category-activitats-sectors"],"yoast_head":"<!-- This site is optimized with the Yoast SEO plugin v27.4 - https:\/\/yoast.com\/product\/yoast-seo-wordpress\/ -->\n<title>20N: Els esplais d\u2019Esplac reivindiquen els drets dels infants<\/title>\n<meta name=\"description\" content=\"Els esplais d\u2019Esplac organitzen activitats per treballar amb infants i joves el Dia Universal dels Drets dels Infants.\" \/>\n<meta name=\"robots\" content=\"index, follow, max-snippet:-1, max-image-preview:large, max-video-preview:-1\" \/>\n<link rel=\"canonical\" href=\"https:\/\/www.esplac.cat\/20n-esplais-esplac-reivindiquen-drets-infants\/\" \/>\n<meta property=\"og:locale\" content=\"en_US\" \/>\n<meta property=\"og:type\" content=\"article\" \/>\n<meta property=\"og:title\" content=\"20N: Els esplais d\u2019Esplac reivindiquen els drets dels infants\" \/>\n<meta property=\"og:description\" content=\"Els esplais d\u2019Esplac organitzen activitats per treballar amb infants i joves el Dia Universal dels Drets dels Infants.\" \/>\n<meta property=\"og:url\" content=\"https:\/\/www.esplac.cat\/20n-esplais-esplac-reivindiquen-drets-infants\/\" \/>\n<meta property=\"og:site_name\" content=\"Esplac\" \/>\n<meta property=\"article:published_time\" content=\"2024-11-14T10:56:22+00:00\" \/>\n<meta property=\"article:modified_time\" content=\"2025-07-21T12:05:53+00:00\" \/>\n<meta property=\"og:image\" content=\"https:\/\/www.esplac.cat\/wp-content\/uploads\/2024\/11\/DUDI.jpg\" \/>\n\t<meta property=\"og:image:width\" content=\"1697\" \/>\n\t<meta property=\"og:image:height\" content=\"700\" \/>\n\t<meta property=\"og:image:type\" content=\"image\/jpeg\" \/>\n<meta name=\"author\" content=\"Comunicaci\u00f3 Esplac\" \/>\n<meta name=\"twitter:card\" content=\"summary_large_image\" \/>\n<meta name=\"twitter:label1\" content=\"Written by\" \/>\n\t<meta name=\"twitter:data1\" content=\"Comunicaci\u00f3 Esplac\" \/>\n\t<meta name=\"twitter:label2\" content=\"Est. reading time\" \/>\n\t<meta name=\"twitter:data2\" content=\"4 minutes\" \/>\n<script type=\"application\/ld+json\" class=\"yoast-schema-graph\">{\"@context\":\"https:\\\/\\\/schema.org\",\"@graph\":[{\"@type\":\"Article\",\"@id\":\"https:\\\/\\\/www.esplac.cat\\\/20n-esplais-esplac-reivindiquen-drets-infants\\\/#article\",\"isPartOf\":{\"@id\":\"https:\\\/\\\/www.esplac.cat\\\/20n-esplais-esplac-reivindiquen-drets-infants\\\/\"},\"author\":{\"name\":\"Comunicaci\u00f3 Esplac\",\"@id\":\"https:\\\/\\\/www.esplac.cat\\\/#\\\/schema\\\/person\\\/908383cf240be18b68f8855d0583faca\"},\"headline\":\"20N: Els esplais d\u2019Esplac reivindiquen els drets dels infants arreu del territori\",\"datePublished\":\"2024-11-14T10:56:22+00:00\",\"dateModified\":\"2025-07-21T12:05:53+00:00\",\"mainEntityOfPage\":{\"@id\":\"https:\\\/\\\/www.esplac.cat\\\/20n-esplais-esplac-reivindiquen-drets-infants\\\/\"},\"wordCount\":2185,\"publisher\":{\"@id\":\"https:\\\/\\\/www.esplac.cat\\\/#organization\"},\"image\":{\"@id\":\"https:\\\/\\\/www.esplac.cat\\\/20n-esplais-esplac-reivindiquen-drets-infants\\\/#primaryimage\"},\"thumbnailUrl\":\"https:\\\/\\\/www.esplac.cat\\\/wp-content\\\/uploads\\\/2024\\\/11\\\/DUDI.jpg\",\"articleSection\":[\"20-N: Drets dels infants\",\"Activitats sectors\"],\"inLanguage\":\"en-US\"},{\"@type\":\"WebPage\",\"@id\":\"https:\\\/\\\/www.esplac.cat\\\/20n-esplais-esplac-reivindiquen-drets-infants\\\/\",\"url\":\"https:\\\/\\\/www.esplac.cat\\\/20n-esplais-esplac-reivindiquen-drets-infants\\\/\",\"name\":\"20N: Els esplais d\u2019Esplac reivindiquen els drets dels infants\",\"isPartOf\":{\"@id\":\"https:\\\/\\\/www.esplac.cat\\\/#website\"},\"primaryImageOfPage\":{\"@id\":\"https:\\\/\\\/www.esplac.cat\\\/20n-esplais-esplac-reivindiquen-drets-infants\\\/#primaryimage\"},\"image\":{\"@id\":\"https:\\\/\\\/www.esplac.cat\\\/20n-esplais-esplac-reivindiquen-drets-infants\\\/#primaryimage\"},\"thumbnailUrl\":\"https:\\\/\\\/www.esplac.cat\\\/wp-content\\\/uploads\\\/2024\\\/11\\\/DUDI.jpg\",\"datePublished\":\"2024-11-14T10:56:22+00:00\",\"dateModified\":\"2025-07-21T12:05:53+00:00\",\"description\":\"Els esplais d\u2019Esplac organitzen activitats per treballar amb infants i joves el Dia Universal dels Drets dels Infants.\",\"breadcrumb\":{\"@id\":\"https:\\\/\\\/www.esplac.cat\\\/20n-esplais-esplac-reivindiquen-drets-infants\\\/#breadcrumb\"},\"inLanguage\":\"en-US\",\"potentialAction\":[{\"@type\":\"ReadAction\",\"target\":[\"https:\\\/\\\/www.esplac.cat\\\/20n-esplais-esplac-reivindiquen-drets-infants\\\/\"]}]},{\"@type\":\"ImageObject\",\"inLanguage\":\"en-US\",\"@id\":\"https:\\\/\\\/www.esplac.cat\\\/20n-esplais-esplac-reivindiquen-drets-infants\\\/#primaryimage\",\"url\":\"https:\\\/\\\/www.esplac.cat\\\/wp-content\\\/uploads\\\/2024\\\/11\\\/DUDI.jpg\",\"contentUrl\":\"https:\\\/\\\/www.esplac.cat\\\/wp-content\\\/uploads\\\/2024\\\/11\\\/DUDI.jpg\",\"width\":1697,\"height\":700,\"caption\":\"esplais drets\"},{\"@type\":\"BreadcrumbList\",\"@id\":\"https:\\\/\\\/www.esplac.cat\\\/20n-esplais-esplac-reivindiquen-drets-infants\\\/#breadcrumb\",\"itemListElement\":[{\"@type\":\"ListItem\",\"position\":1,\"name\":\"Inici\",\"item\":\"https:\\\/\\\/www.esplac.cat\\\/en\\\/\"},{\"@type\":\"ListItem\",\"position\":2,\"name\":\"20N: Els esplais d\u2019Esplac reivindiquen els drets dels infants arreu del territori\"}]},{\"@type\":\"WebSite\",\"@id\":\"https:\\\/\\\/www.esplac.cat\\\/#website\",\"url\":\"https:\\\/\\\/www.esplac.cat\\\/\",\"name\":\"Esplac\",\"description\":\"Esplais Catalans\",\"publisher\":{\"@id\":\"https:\\\/\\\/www.esplac.cat\\\/#organization\"},\"potentialAction\":[{\"@type\":\"SearchAction\",\"target\":{\"@type\":\"EntryPoint\",\"urlTemplate\":\"https:\\\/\\\/www.esplac.cat\\\/?s={search_term_string}\"},\"query-input\":{\"@type\":\"PropertyValueSpecification\",\"valueRequired\":true,\"valueName\":\"search_term_string\"}}],\"inLanguage\":\"en-US\"},{\"@type\":\"Organization\",\"@id\":\"https:\\\/\\\/www.esplac.cat\\\/#organization\",\"name\":\"Esplac\",\"url\":\"https:\\\/\\\/www.esplac.cat\\\/\",\"logo\":{\"@type\":\"ImageObject\",\"inLanguage\":\"en-US\",\"@id\":\"https:\\\/\\\/www.esplac.cat\\\/#\\\/schema\\\/logo\\\/image\\\/\",\"url\":\"https:\\\/\\\/www.esplac.cat\\\/wp-content\\\/uploads\\\/2019\\\/08\\\/logox2.png\",\"contentUrl\":\"https:\\\/\\\/www.esplac.cat\\\/wp-content\\\/uploads\\\/2019\\\/08\\\/logox2.png\",\"width\":600,\"height\":295,\"caption\":\"Esplac\"},\"image\":{\"@id\":\"https:\\\/\\\/www.esplac.cat\\\/#\\\/schema\\\/logo\\\/image\\\/\"}},{\"@type\":\"Person\",\"@id\":\"https:\\\/\\\/www.esplac.cat\\\/#\\\/schema\\\/person\\\/908383cf240be18b68f8855d0583faca\",\"name\":\"Comunicaci\u00f3 Esplac\",\"image\":{\"@type\":\"ImageObject\",\"inLanguage\":\"en-US\",\"@id\":\"https:\\\/\\\/secure.gravatar.com\\\/avatar\\\/7a4cf8feb412a76ea4a740ca02d95b06b2907b5a6c648c2dd0a1082a093c3141?s=96&d=mm&r=g\",\"url\":\"https:\\\/\\\/secure.gravatar.com\\\/avatar\\\/7a4cf8feb412a76ea4a740ca02d95b06b2907b5a6c648c2dd0a1082a093c3141?s=96&d=mm&r=g\",\"contentUrl\":\"https:\\\/\\\/secure.gravatar.com\\\/avatar\\\/7a4cf8feb412a76ea4a740ca02d95b06b2907b5a6c648c2dd0a1082a093c3141?s=96&d=mm&r=g\",\"caption\":\"Comunicaci\u00f3 Esplac\"}}]}<\/script>\n<!-- \/ Yoast SEO plugin. -->","yoast_head_json":{"title":"20N: Els esplais d\u2019Esplac reivindiquen els drets dels infants","description":"Els esplais d\u2019Esplac organitzen activitats per treballar amb infants i joves el Dia Universal dels Drets dels Infants.","robots":{"index":"index","follow":"follow","max-snippet":"max-snippet:-1","max-image-preview":"max-image-preview:large","max-video-preview":"max-video-preview:-1"},"canonical":"https:\/\/www.esplac.cat\/20n-esplais-esplac-reivindiquen-drets-infants\/","og_locale":"en_US","og_type":"article","og_title":"20N: Els esplais d\u2019Esplac reivindiquen els drets dels infants","og_description":"Els esplais d\u2019Esplac organitzen activitats per treballar amb infants i joves el Dia Universal dels Drets dels Infants.","og_url":"https:\/\/www.esplac.cat\/20n-esplais-esplac-reivindiquen-drets-infants\/","og_site_name":"Esplac","article_published_time":"2024-11-14T10:56:22+00:00","article_modified_time":"2025-07-21T12:05:53+00:00","og_image":[{"width":1697,"height":700,"url":"https:\/\/www.esplac.cat\/wp-content\/uploads\/2024\/11\/DUDI.jpg","type":"image\/jpeg"}],"author":"Comunicaci\u00f3 Esplac","twitter_card":"summary_large_image","twitter_misc":{"Written by":"Comunicaci\u00f3 Esplac","Est. reading time":"4 minutes"},"schema":{"@context":"https:\/\/schema.org","@graph":[{"@type":"Article","@id":"https:\/\/www.esplac.cat\/20n-esplais-esplac-reivindiquen-drets-infants\/#article","isPartOf":{"@id":"https:\/\/www.esplac.cat\/20n-esplais-esplac-reivindiquen-drets-infants\/"},"author":{"name":"Comunicaci\u00f3 Esplac","@id":"https:\/\/www.esplac.cat\/#\/schema\/person\/908383cf240be18b68f8855d0583faca"},"headline":"20N: Els esplais d\u2019Esplac reivindiquen els drets dels infants arreu del territori","datePublished":"2024-11-14T10:56:22+00:00","dateModified":"2025-07-21T12:05:53+00:00","mainEntityOfPage":{"@id":"https:\/\/www.esplac.cat\/20n-esplais-esplac-reivindiquen-drets-infants\/"},"wordCount":2185,"publisher":{"@id":"https:\/\/www.esplac.cat\/#organization"},"image":{"@id":"https:\/\/www.esplac.cat\/20n-esplais-esplac-reivindiquen-drets-infants\/#primaryimage"},"thumbnailUrl":"https:\/\/www.esplac.cat\/wp-content\/uploads\/2024\/11\/DUDI.jpg","articleSection":["20-N: Drets dels infants","Activitats sectors"],"inLanguage":"en-US"},{"@type":"WebPage","@id":"https:\/\/www.esplac.cat\/20n-esplais-esplac-reivindiquen-drets-infants\/","url":"https:\/\/www.esplac.cat\/20n-esplais-esplac-reivindiquen-drets-infants\/","name":"20N: Els esplais d\u2019Esplac reivindiquen els drets dels infants","isPartOf":{"@id":"https:\/\/www.esplac.cat\/#website"},"primaryImageOfPage":{"@id":"https:\/\/www.esplac.cat\/20n-esplais-esplac-reivindiquen-drets-infants\/#primaryimage"},"image":{"@id":"https:\/\/www.esplac.cat\/20n-esplais-esplac-reivindiquen-drets-infants\/#primaryimage"},"thumbnailUrl":"https:\/\/www.esplac.cat\/wp-content\/uploads\/2024\/11\/DUDI.jpg","datePublished":"2024-11-14T10:56:22+00:00","dateModified":"2025-07-21T12:05:53+00:00","description":"Els esplais d\u2019Esplac organitzen activitats per treballar amb infants i joves el Dia Universal dels Drets dels Infants.","breadcrumb":{"@id":"https:\/\/www.esplac.cat\/20n-esplais-esplac-reivindiquen-drets-infants\/#breadcrumb"},"inLanguage":"en-US","potentialAction":[{"@type":"ReadAction","target":["https:\/\/www.esplac.cat\/20n-esplais-esplac-reivindiquen-drets-infants\/"]}]},{"@type":"ImageObject","inLanguage":"en-US","@id":"https:\/\/www.esplac.cat\/20n-esplais-esplac-reivindiquen-drets-infants\/#primaryimage","url":"https:\/\/www.esplac.cat\/wp-content\/uploads\/2024\/11\/DUDI.jpg","contentUrl":"https:\/\/www.esplac.cat\/wp-content\/uploads\/2024\/11\/DUDI.jpg","width":1697,"height":700,"caption":"esplais drets"},{"@type":"BreadcrumbList","@id":"https:\/\/www.esplac.cat\/20n-esplais-esplac-reivindiquen-drets-infants\/#breadcrumb","itemListElement":[{"@type":"ListItem","position":1,"name":"Inici","item":"https:\/\/www.esplac.cat\/en\/"},{"@type":"ListItem","position":2,"name":"20N: Els esplais d\u2019Esplac reivindiquen els drets dels infants arreu del territori"}]},{"@type":"WebSite","@id":"https:\/\/www.esplac.cat\/#website","url":"https:\/\/www.esplac.cat\/","name":"Esplac","description":"Esplais Catalans","publisher":{"@id":"https:\/\/www.esplac.cat\/#organization"},"potentialAction":[{"@type":"SearchAction","target":{"@type":"EntryPoint","urlTemplate":"https:\/\/www.esplac.cat\/?s={search_term_string}"},"query-input":{"@type":"PropertyValueSpecification","valueRequired":true,"valueName":"search_term_string"}}],"inLanguage":"en-US"},{"@type":"Organization","@id":"https:\/\/www.esplac.cat\/#organization","name":"Esplac","url":"https:\/\/www.esplac.cat\/","logo":{"@type":"ImageObject","inLanguage":"en-US","@id":"https:\/\/www.esplac.cat\/#\/schema\/logo\/image\/","url":"https:\/\/www.esplac.cat\/wp-content\/uploads\/2019\/08\/logox2.png","contentUrl":"https:\/\/www.esplac.cat\/wp-content\/uploads\/2019\/08\/logox2.png","width":600,"height":295,"caption":"Esplac"},"image":{"@id":"https:\/\/www.esplac.cat\/#\/schema\/logo\/image\/"}},{"@type":"Person","@id":"https:\/\/www.esplac.cat\/#\/schema\/person\/908383cf240be18b68f8855d0583faca","name":"Comunicaci\u00f3 Esplac","image":{"@type":"ImageObject","inLanguage":"en-US","@id":"https:\/\/secure.gravatar.com\/avatar\/7a4cf8feb412a76ea4a740ca02d95b06b2907b5a6c648c2dd0a1082a093c3141?s=96&d=mm&r=g","url":"https:\/\/secure.gravatar.com\/avatar\/7a4cf8feb412a76ea4a740ca02d95b06b2907b5a6c648c2dd0a1082a093c3141?s=96&d=mm&r=g","contentUrl":"https:\/\/secure.gravatar.com\/avatar\/7a4cf8feb412a76ea4a740ca02d95b06b2907b5a6c648c2dd0a1082a093c3141?s=96&d=mm&r=g","caption":"Comunicaci\u00f3 Esplac"}}]}},"_links":{"self":[{"href":"https:\/\/www.esplac.cat\/en\/wp-json\/wp\/v2\/posts\/51734","targetHints":{"allow":["GET"]}}],"collection":[{"href":"https:\/\/www.esplac.cat\/en\/wp-json\/wp\/v2\/posts"}],"about":[{"href":"https:\/\/www.esplac.cat\/en\/wp-json\/wp\/v2\/types\/post"}],"author":[{"embeddable":true,"href":"https:\/\/www.esplac.cat\/en\/wp-json\/wp\/v2\/users\/3"}],"replies":[{"embeddable":true,"href":"https:\/\/www.esplac.cat\/en\/wp-json\/wp\/v2\/comments?post=51734"}],"version-history":[{"count":6,"href":"https:\/\/www.esplac.cat\/en\/wp-json\/wp\/v2\/posts\/51734\/revisions"}],"predecessor-version":[{"id":53775,"href":"https:\/\/www.esplac.cat\/en\/wp-json\/wp\/v2\/posts\/51734\/revisions\/53775"}],"wp:featuredmedia":[{"embeddable":true,"href":"https:\/\/www.esplac.cat\/en\/wp-json\/wp\/v2\/media\/51735"}],"wp:attachment":[{"href":"https:\/\/www.esplac.cat\/en\/wp-json\/wp\/v2\/media?parent=51734"}],"wp:term":[{"taxonomy":"category","embeddable":true,"href":"https:\/\/www.esplac.cat\/en\/wp-json\/wp\/v2\/categories?post=51734"},{"taxonomy":"post_tag","embeddable":true,"href":"https:\/\/www.esplac.cat\/en\/wp-json\/wp\/v2\/tags?post=51734"}],"curies":[{"name":"wp","href":"https:\/\/api.w.org\/{rel}","templated":true}]}}