{"id":51832,"date":"2024-11-26T10:20:29","date_gmt":"2024-11-26T08:20:29","guid":{"rendered":"https:\/\/www.esplac.cat\/?p=51832"},"modified":"2024-12-03T10:20:59","modified_gmt":"2024-12-03T08:20:59","slug":"el-sector-ripolles-osona-i-moianes-supera-amb-exit-una-edicio-mes-del-dudi","status":"publish","type":"post","link":"https:\/\/www.esplac.cat\/en\/el-sector-ripolles-osona-i-moianes-supera-amb-exit-una-edicio-mes-del-dudi\/","title":{"rendered":"El sector Ripoll\u00e8s, Osona i Moian\u00e8s supera amb \u00e8xit una edici\u00f3 m\u00e9s del DUDI!"},"content":{"rendered":"<div class=\"fusion-fullwidth fullwidth-box fusion-builder-row-1 fusion-flex-container has-pattern-background has-mask-background nonhundred-percent-fullwidth non-hundred-percent-height-scrolling\" style=\"--awb-border-radius-top-left:0px;--awb-border-radius-top-right:0px;--awb-border-radius-bottom-right:0px;--awb-border-radius-bottom-left:0px;--awb-flex-wrap:wrap;\" ><div class=\"fusion-builder-row fusion-row fusion-flex-align-items-flex-start fusion-flex-content-wrap\" style=\"max-width:1248px;margin-left: calc(-4% \/ 2 );margin-right: calc(-4% \/ 2 );\"><div class=\"fusion-layout-column fusion_builder_column fusion-builder-column-0 fusion_builder_column_1_1 1_1 fusion-flex-column\" style=\"--awb-bg-size:cover;--awb-width-large:100%;--awb-margin-top-large:0px;--awb-spacing-right-large:1.92%;--awb-margin-bottom-large:20px;--awb-spacing-left-large:1.92%;--awb-width-medium:100%;--awb-order-medium:0;--awb-spacing-right-medium:1.92%;--awb-spacing-left-medium:1.92%;--awb-width-small:100%;--awb-order-small:0;--awb-spacing-right-small:1.92%;--awb-spacing-left-small:1.92%;\"><div class=\"fusion-column-wrapper fusion-column-has-shadow fusion-flex-justify-content-flex-start fusion-content-layout-column\"><div class=\"fusion-text fusion-text-1\"><h6><strong>Un any m\u00e9s el Sector Ripoll\u00e8s. Osona i Moian\u00e8s celebra el Dia Universal dels Drets dels Infants, enguany aprofitant per reivindicar el dret a l\u2019habitatge.<\/strong><\/h6>\n<p>Consolidant el format dels \u00faltims anys, els esplais <strong>les 100 teies<\/strong>, <strong>el Casalot<\/strong> i <strong>G\u00fcitxi-G\u00fcitxi<\/strong> del <span style=\"color: #f69d0b;\"><a style=\"color: #f69d0b;\" href=\"https:\/\/www.esplac.cat\/sectors-geografics\/ripolles-osona-i-moianes\/\" target=\"_blank\" rel=\"noopener\"><strong>Sector Ripoll\u00e8s, Osona i Moian\u00e8s<\/strong> <\/a><\/span>(ROM) es van reunir al local d\u2019aquests \u00faltims, a Tona, per celebrar i reivindicar el Dia Universal dels Drets dels Infants. Enguany, i a difer\u00e8ncia de cursos anteriors, es va decidir focalitzar la reivindicaci\u00f3 en un sol dret, perqu\u00e8 ja ho diu la dita que qui molt abra\u00e7a poc estreny.<\/p>\n<p>Aix\u00ed doncs, els tres esplais es van trobar el divendres 22 de novembre al vespre per encetar la trobada amb jocs de coneixen\u00e7a variats, separats per grups d\u2019edat. Despr\u00e9s d&#8217;un sopar conjunt de carmanyola, un cop tothom va tenir les panxes plenes, va ser el moment dels jocs de nit. Cada grup d\u2019edat s\u2019havia autoogranitzat per preparar aquest espai, on infants i joves van poder gaudir d\u2019una bona estona d\u2019esbarjo.<\/p>\n<p>Un cop superada la nit, va arribar el moment d\u2019esmorzar coca amb xocolata per agafar forces. Despr\u00e9s es va donar pas a diferents espais, que havia coordinat la comissi\u00f3 i que dinamitzaven els mateixos esplais,\u00a0per treballar el dret a l&#8217;habitatge i organitzar l&#8217;acte unitari (amb la preparaci\u00f3 d&#8217;un dicsurs unitari i pancartes).<\/p>\n<p>Un cop havent dinat, es va donar per conclosa l\u2019edici\u00f3 d\u2019enguany de la DUDI del ROM, amb bona valoraci\u00f3 i ganes de qu\u00e8 arribi la seg\u00fcent!<\/p>\n<\/div><\/div><\/div><\/div><\/div>\n","protected":false},"excerpt":{"rendered":"","protected":false},"author":3,"featured_media":51906,"comment_status":"closed","ping_status":"closed","sticky":false,"template":"","format":"standard","meta":{"om_disable_all_campaigns":false,"_monsterinsights_skip_tracking":false,"_monsterinsights_sitenote_active":false,"_monsterinsights_sitenote_note":"","_monsterinsights_sitenote_category":0,"_uf_show_specific_survey":0,"_uf_disable_surveys":false,"footnotes":""},"categories":[1110,1120],"tags":[],"class_list":["post-51832","post","type-post","status-publish","format-standard","has-post-thumbnail","hentry","category-activitats-sectors","category-sector-ripolles-osona-i-moianes"],"yoast_head":"<!-- This site is optimized with the Yoast SEO plugin v27.4 - https:\/\/yoast.com\/product\/yoast-seo-wordpress\/ -->\n<title>El sector ROM supera amb \u00e8xit una edici\u00f3 m\u00e9s del DUDI!<\/title>\n<meta name=\"description\" content=\"Un any m\u00e9s el sector ROM celebra el Dia Universal dels Drets dels Infants, enguany aprofitant per reivindicar el dret a l\u2019habitatge.\" \/>\n<meta name=\"robots\" content=\"index, follow, max-snippet:-1, max-image-preview:large, max-video-preview:-1\" \/>\n<link rel=\"canonical\" href=\"https:\/\/www.esplac.cat\/el-sector-ripolles-osona-i-moianes-supera-amb-exit-una-edicio-mes-del-dudi\/\" \/>\n<meta property=\"og:locale\" content=\"en_US\" \/>\n<meta property=\"og:type\" content=\"article\" \/>\n<meta property=\"og:title\" content=\"El sector ROM supera amb \u00e8xit una edici\u00f3 m\u00e9s del DUDI!\" \/>\n<meta property=\"og:description\" content=\"Un any m\u00e9s el sector ROM celebra el Dia Universal dels Drets dels Infants, enguany aprofitant per reivindicar el dret a l\u2019habitatge.\" \/>\n<meta property=\"og:url\" content=\"https:\/\/www.esplac.cat\/el-sector-ripolles-osona-i-moianes-supera-amb-exit-una-edicio-mes-del-dudi\/\" \/>\n<meta property=\"og:site_name\" content=\"Esplac\" \/>\n<meta property=\"article:published_time\" content=\"2024-11-26T08:20:29+00:00\" \/>\n<meta property=\"article:modified_time\" content=\"2024-12-03T08:20:59+00:00\" \/>\n<meta property=\"og:image\" content=\"https:\/\/www.esplac.cat\/wp-content\/uploads\/2024\/11\/DUDI_ROM.jpg\" \/>\n\t<meta property=\"og:image:width\" content=\"1697\" \/>\n\t<meta property=\"og:image:height\" content=\"700\" \/>\n\t<meta property=\"og:image:type\" content=\"image\/jpeg\" \/>\n<meta name=\"author\" content=\"Comunicaci\u00f3 Esplac\" \/>\n<meta name=\"twitter:card\" content=\"summary_large_image\" \/>\n<meta name=\"twitter:label1\" content=\"Written by\" \/>\n\t<meta name=\"twitter:data1\" content=\"Comunicaci\u00f3 Esplac\" \/>\n\t<meta name=\"twitter:label2\" content=\"Est. reading time\" \/>\n\t<meta name=\"twitter:data2\" content=\"2 minutes\" \/>\n<script type=\"application\/ld+json\" class=\"yoast-schema-graph\">{\"@context\":\"https:\\\/\\\/schema.org\",\"@graph\":[{\"@type\":\"Article\",\"@id\":\"https:\\\/\\\/www.esplac.cat\\\/el-sector-ripolles-osona-i-moianes-supera-amb-exit-una-edicio-mes-del-dudi\\\/#article\",\"isPartOf\":{\"@id\":\"https:\\\/\\\/www.esplac.cat\\\/el-sector-ripolles-osona-i-moianes-supera-amb-exit-una-edicio-mes-del-dudi\\\/\"},\"author\":{\"name\":\"Comunicaci\u00f3 Esplac\",\"@id\":\"https:\\\/\\\/www.esplac.cat\\\/#\\\/schema\\\/person\\\/908383cf240be18b68f8855d0583faca\"},\"headline\":\"El sector Ripoll\u00e8s, Osona i Moian\u00e8s supera amb \u00e8xit una edici\u00f3 m\u00e9s del DUDI!\",\"datePublished\":\"2024-11-26T08:20:29+00:00\",\"dateModified\":\"2024-12-03T08:20:59+00:00\",\"mainEntityOfPage\":{\"@id\":\"https:\\\/\\\/www.esplac.cat\\\/el-sector-ripolles-osona-i-moianes-supera-amb-exit-una-edicio-mes-del-dudi\\\/\"},\"wordCount\":957,\"publisher\":{\"@id\":\"https:\\\/\\\/www.esplac.cat\\\/#organization\"},\"image\":{\"@id\":\"https:\\\/\\\/www.esplac.cat\\\/el-sector-ripolles-osona-i-moianes-supera-amb-exit-una-edicio-mes-del-dudi\\\/#primaryimage\"},\"thumbnailUrl\":\"https:\\\/\\\/www.esplac.cat\\\/wp-content\\\/uploads\\\/2024\\\/11\\\/DUDI_ROM.jpg\",\"articleSection\":[\"Activitats sectors\",\"Sector Ripoll\u00e8s, Osona i Moian\u00e8s\"],\"inLanguage\":\"en-US\"},{\"@type\":\"WebPage\",\"@id\":\"https:\\\/\\\/www.esplac.cat\\\/el-sector-ripolles-osona-i-moianes-supera-amb-exit-una-edicio-mes-del-dudi\\\/\",\"url\":\"https:\\\/\\\/www.esplac.cat\\\/el-sector-ripolles-osona-i-moianes-supera-amb-exit-una-edicio-mes-del-dudi\\\/\",\"name\":\"El sector ROM supera amb \u00e8xit una edici\u00f3 m\u00e9s del DUDI!\",\"isPartOf\":{\"@id\":\"https:\\\/\\\/www.esplac.cat\\\/#website\"},\"primaryImageOfPage\":{\"@id\":\"https:\\\/\\\/www.esplac.cat\\\/el-sector-ripolles-osona-i-moianes-supera-amb-exit-una-edicio-mes-del-dudi\\\/#primaryimage\"},\"image\":{\"@id\":\"https:\\\/\\\/www.esplac.cat\\\/el-sector-ripolles-osona-i-moianes-supera-amb-exit-una-edicio-mes-del-dudi\\\/#primaryimage\"},\"thumbnailUrl\":\"https:\\\/\\\/www.esplac.cat\\\/wp-content\\\/uploads\\\/2024\\\/11\\\/DUDI_ROM.jpg\",\"datePublished\":\"2024-11-26T08:20:29+00:00\",\"dateModified\":\"2024-12-03T08:20:59+00:00\",\"description\":\"Un any m\u00e9s el sector ROM celebra el Dia Universal dels Drets dels Infants, enguany aprofitant per reivindicar el dret a l\u2019habitatge.\",\"breadcrumb\":{\"@id\":\"https:\\\/\\\/www.esplac.cat\\\/el-sector-ripolles-osona-i-moianes-supera-amb-exit-una-edicio-mes-del-dudi\\\/#breadcrumb\"},\"inLanguage\":\"en-US\",\"potentialAction\":[{\"@type\":\"ReadAction\",\"target\":[\"https:\\\/\\\/www.esplac.cat\\\/el-sector-ripolles-osona-i-moianes-supera-amb-exit-una-edicio-mes-del-dudi\\\/\"]}]},{\"@type\":\"ImageObject\",\"inLanguage\":\"en-US\",\"@id\":\"https:\\\/\\\/www.esplac.cat\\\/el-sector-ripolles-osona-i-moianes-supera-amb-exit-una-edicio-mes-del-dudi\\\/#primaryimage\",\"url\":\"https:\\\/\\\/www.esplac.cat\\\/wp-content\\\/uploads\\\/2024\\\/11\\\/DUDI_ROM.jpg\",\"contentUrl\":\"https:\\\/\\\/www.esplac.cat\\\/wp-content\\\/uploads\\\/2024\\\/11\\\/DUDI_ROM.jpg\",\"width\":1697,\"height\":700,\"caption\":\"DUDI\"},{\"@type\":\"BreadcrumbList\",\"@id\":\"https:\\\/\\\/www.esplac.cat\\\/el-sector-ripolles-osona-i-moianes-supera-amb-exit-una-edicio-mes-del-dudi\\\/#breadcrumb\",\"itemListElement\":[{\"@type\":\"ListItem\",\"position\":1,\"name\":\"Inici\",\"item\":\"https:\\\/\\\/www.esplac.cat\\\/en\\\/\"},{\"@type\":\"ListItem\",\"position\":2,\"name\":\"El sector Ripoll\u00e8s, Osona i Moian\u00e8s supera amb \u00e8xit una edici\u00f3 m\u00e9s del DUDI!\"}]},{\"@type\":\"WebSite\",\"@id\":\"https:\\\/\\\/www.esplac.cat\\\/#website\",\"url\":\"https:\\\/\\\/www.esplac.cat\\\/\",\"name\":\"Esplac\",\"description\":\"Esplais Catalans\",\"publisher\":{\"@id\":\"https:\\\/\\\/www.esplac.cat\\\/#organization\"},\"potentialAction\":[{\"@type\":\"SearchAction\",\"target\":{\"@type\":\"EntryPoint\",\"urlTemplate\":\"https:\\\/\\\/www.esplac.cat\\\/?s={search_term_string}\"},\"query-input\":{\"@type\":\"PropertyValueSpecification\",\"valueRequired\":true,\"valueName\":\"search_term_string\"}}],\"inLanguage\":\"en-US\"},{\"@type\":\"Organization\",\"@id\":\"https:\\\/\\\/www.esplac.cat\\\/#organization\",\"name\":\"Esplac\",\"url\":\"https:\\\/\\\/www.esplac.cat\\\/\",\"logo\":{\"@type\":\"ImageObject\",\"inLanguage\":\"en-US\",\"@id\":\"https:\\\/\\\/www.esplac.cat\\\/#\\\/schema\\\/logo\\\/image\\\/\",\"url\":\"https:\\\/\\\/www.esplac.cat\\\/wp-content\\\/uploads\\\/2019\\\/08\\\/logox2.png\",\"contentUrl\":\"https:\\\/\\\/www.esplac.cat\\\/wp-content\\\/uploads\\\/2019\\\/08\\\/logox2.png\",\"width\":600,\"height\":295,\"caption\":\"Esplac\"},\"image\":{\"@id\":\"https:\\\/\\\/www.esplac.cat\\\/#\\\/schema\\\/logo\\\/image\\\/\"}},{\"@type\":\"Person\",\"@id\":\"https:\\\/\\\/www.esplac.cat\\\/#\\\/schema\\\/person\\\/908383cf240be18b68f8855d0583faca\",\"name\":\"Comunicaci\u00f3 Esplac\",\"image\":{\"@type\":\"ImageObject\",\"inLanguage\":\"en-US\",\"@id\":\"https:\\\/\\\/secure.gravatar.com\\\/avatar\\\/7a4cf8feb412a76ea4a740ca02d95b06b2907b5a6c648c2dd0a1082a093c3141?s=96&d=mm&r=g\",\"url\":\"https:\\\/\\\/secure.gravatar.com\\\/avatar\\\/7a4cf8feb412a76ea4a740ca02d95b06b2907b5a6c648c2dd0a1082a093c3141?s=96&d=mm&r=g\",\"contentUrl\":\"https:\\\/\\\/secure.gravatar.com\\\/avatar\\\/7a4cf8feb412a76ea4a740ca02d95b06b2907b5a6c648c2dd0a1082a093c3141?s=96&d=mm&r=g\",\"caption\":\"Comunicaci\u00f3 Esplac\"}}]}<\/script>\n<!-- \/ Yoast SEO plugin. -->","yoast_head_json":{"title":"El sector ROM supera amb \u00e8xit una edici\u00f3 m\u00e9s del DUDI!","description":"Un any m\u00e9s el sector ROM celebra el Dia Universal dels Drets dels Infants, enguany aprofitant per reivindicar el dret a l\u2019habitatge.","robots":{"index":"index","follow":"follow","max-snippet":"max-snippet:-1","max-image-preview":"max-image-preview:large","max-video-preview":"max-video-preview:-1"},"canonical":"https:\/\/www.esplac.cat\/el-sector-ripolles-osona-i-moianes-supera-amb-exit-una-edicio-mes-del-dudi\/","og_locale":"en_US","og_type":"article","og_title":"El sector ROM supera amb \u00e8xit una edici\u00f3 m\u00e9s del DUDI!","og_description":"Un any m\u00e9s el sector ROM celebra el Dia Universal dels Drets dels Infants, enguany aprofitant per reivindicar el dret a l\u2019habitatge.","og_url":"https:\/\/www.esplac.cat\/el-sector-ripolles-osona-i-moianes-supera-amb-exit-una-edicio-mes-del-dudi\/","og_site_name":"Esplac","article_published_time":"2024-11-26T08:20:29+00:00","article_modified_time":"2024-12-03T08:20:59+00:00","og_image":[{"width":1697,"height":700,"url":"https:\/\/www.esplac.cat\/wp-content\/uploads\/2024\/11\/DUDI_ROM.jpg","type":"image\/jpeg"}],"author":"Comunicaci\u00f3 Esplac","twitter_card":"summary_large_image","twitter_misc":{"Written by":"Comunicaci\u00f3 Esplac","Est. reading time":"2 minutes"},"schema":{"@context":"https:\/\/schema.org","@graph":[{"@type":"Article","@id":"https:\/\/www.esplac.cat\/el-sector-ripolles-osona-i-moianes-supera-amb-exit-una-edicio-mes-del-dudi\/#article","isPartOf":{"@id":"https:\/\/www.esplac.cat\/el-sector-ripolles-osona-i-moianes-supera-amb-exit-una-edicio-mes-del-dudi\/"},"author":{"name":"Comunicaci\u00f3 Esplac","@id":"https:\/\/www.esplac.cat\/#\/schema\/person\/908383cf240be18b68f8855d0583faca"},"headline":"El sector Ripoll\u00e8s, Osona i Moian\u00e8s supera amb \u00e8xit una edici\u00f3 m\u00e9s del DUDI!","datePublished":"2024-11-26T08:20:29+00:00","dateModified":"2024-12-03T08:20:59+00:00","mainEntityOfPage":{"@id":"https:\/\/www.esplac.cat\/el-sector-ripolles-osona-i-moianes-supera-amb-exit-una-edicio-mes-del-dudi\/"},"wordCount":957,"publisher":{"@id":"https:\/\/www.esplac.cat\/#organization"},"image":{"@id":"https:\/\/www.esplac.cat\/el-sector-ripolles-osona-i-moianes-supera-amb-exit-una-edicio-mes-del-dudi\/#primaryimage"},"thumbnailUrl":"https:\/\/www.esplac.cat\/wp-content\/uploads\/2024\/11\/DUDI_ROM.jpg","articleSection":["Activitats sectors","Sector Ripoll\u00e8s, Osona i Moian\u00e8s"],"inLanguage":"en-US"},{"@type":"WebPage","@id":"https:\/\/www.esplac.cat\/el-sector-ripolles-osona-i-moianes-supera-amb-exit-una-edicio-mes-del-dudi\/","url":"https:\/\/www.esplac.cat\/el-sector-ripolles-osona-i-moianes-supera-amb-exit-una-edicio-mes-del-dudi\/","name":"El sector ROM supera amb \u00e8xit una edici\u00f3 m\u00e9s del DUDI!","isPartOf":{"@id":"https:\/\/www.esplac.cat\/#website"},"primaryImageOfPage":{"@id":"https:\/\/www.esplac.cat\/el-sector-ripolles-osona-i-moianes-supera-amb-exit-una-edicio-mes-del-dudi\/#primaryimage"},"image":{"@id":"https:\/\/www.esplac.cat\/el-sector-ripolles-osona-i-moianes-supera-amb-exit-una-edicio-mes-del-dudi\/#primaryimage"},"thumbnailUrl":"https:\/\/www.esplac.cat\/wp-content\/uploads\/2024\/11\/DUDI_ROM.jpg","datePublished":"2024-11-26T08:20:29+00:00","dateModified":"2024-12-03T08:20:59+00:00","description":"Un any m\u00e9s el sector ROM celebra el Dia Universal dels Drets dels Infants, enguany aprofitant per reivindicar el dret a l\u2019habitatge.","breadcrumb":{"@id":"https:\/\/www.esplac.cat\/el-sector-ripolles-osona-i-moianes-supera-amb-exit-una-edicio-mes-del-dudi\/#breadcrumb"},"inLanguage":"en-US","potentialAction":[{"@type":"ReadAction","target":["https:\/\/www.esplac.cat\/el-sector-ripolles-osona-i-moianes-supera-amb-exit-una-edicio-mes-del-dudi\/"]}]},{"@type":"ImageObject","inLanguage":"en-US","@id":"https:\/\/www.esplac.cat\/el-sector-ripolles-osona-i-moianes-supera-amb-exit-una-edicio-mes-del-dudi\/#primaryimage","url":"https:\/\/www.esplac.cat\/wp-content\/uploads\/2024\/11\/DUDI_ROM.jpg","contentUrl":"https:\/\/www.esplac.cat\/wp-content\/uploads\/2024\/11\/DUDI_ROM.jpg","width":1697,"height":700,"caption":"DUDI"},{"@type":"BreadcrumbList","@id":"https:\/\/www.esplac.cat\/el-sector-ripolles-osona-i-moianes-supera-amb-exit-una-edicio-mes-del-dudi\/#breadcrumb","itemListElement":[{"@type":"ListItem","position":1,"name":"Inici","item":"https:\/\/www.esplac.cat\/en\/"},{"@type":"ListItem","position":2,"name":"El sector Ripoll\u00e8s, Osona i Moian\u00e8s supera amb \u00e8xit una edici\u00f3 m\u00e9s del DUDI!"}]},{"@type":"WebSite","@id":"https:\/\/www.esplac.cat\/#website","url":"https:\/\/www.esplac.cat\/","name":"Esplac","description":"Esplais Catalans","publisher":{"@id":"https:\/\/www.esplac.cat\/#organization"},"potentialAction":[{"@type":"SearchAction","target":{"@type":"EntryPoint","urlTemplate":"https:\/\/www.esplac.cat\/?s={search_term_string}"},"query-input":{"@type":"PropertyValueSpecification","valueRequired":true,"valueName":"search_term_string"}}],"inLanguage":"en-US"},{"@type":"Organization","@id":"https:\/\/www.esplac.cat\/#organization","name":"Esplac","url":"https:\/\/www.esplac.cat\/","logo":{"@type":"ImageObject","inLanguage":"en-US","@id":"https:\/\/www.esplac.cat\/#\/schema\/logo\/image\/","url":"https:\/\/www.esplac.cat\/wp-content\/uploads\/2019\/08\/logox2.png","contentUrl":"https:\/\/www.esplac.cat\/wp-content\/uploads\/2019\/08\/logox2.png","width":600,"height":295,"caption":"Esplac"},"image":{"@id":"https:\/\/www.esplac.cat\/#\/schema\/logo\/image\/"}},{"@type":"Person","@id":"https:\/\/www.esplac.cat\/#\/schema\/person\/908383cf240be18b68f8855d0583faca","name":"Comunicaci\u00f3 Esplac","image":{"@type":"ImageObject","inLanguage":"en-US","@id":"https:\/\/secure.gravatar.com\/avatar\/7a4cf8feb412a76ea4a740ca02d95b06b2907b5a6c648c2dd0a1082a093c3141?s=96&d=mm&r=g","url":"https:\/\/secure.gravatar.com\/avatar\/7a4cf8feb412a76ea4a740ca02d95b06b2907b5a6c648c2dd0a1082a093c3141?s=96&d=mm&r=g","contentUrl":"https:\/\/secure.gravatar.com\/avatar\/7a4cf8feb412a76ea4a740ca02d95b06b2907b5a6c648c2dd0a1082a093c3141?s=96&d=mm&r=g","caption":"Comunicaci\u00f3 Esplac"}}]}},"_links":{"self":[{"href":"https:\/\/www.esplac.cat\/en\/wp-json\/wp\/v2\/posts\/51832","targetHints":{"allow":["GET"]}}],"collection":[{"href":"https:\/\/www.esplac.cat\/en\/wp-json\/wp\/v2\/posts"}],"about":[{"href":"https:\/\/www.esplac.cat\/en\/wp-json\/wp\/v2\/types\/post"}],"author":[{"embeddable":true,"href":"https:\/\/www.esplac.cat\/en\/wp-json\/wp\/v2\/users\/3"}],"replies":[{"embeddable":true,"href":"https:\/\/www.esplac.cat\/en\/wp-json\/wp\/v2\/comments?post=51832"}],"version-history":[{"count":4,"href":"https:\/\/www.esplac.cat\/en\/wp-json\/wp\/v2\/posts\/51832\/revisions"}],"predecessor-version":[{"id":51910,"href":"https:\/\/www.esplac.cat\/en\/wp-json\/wp\/v2\/posts\/51832\/revisions\/51910"}],"wp:featuredmedia":[{"embeddable":true,"href":"https:\/\/www.esplac.cat\/en\/wp-json\/wp\/v2\/media\/51906"}],"wp:attachment":[{"href":"https:\/\/www.esplac.cat\/en\/wp-json\/wp\/v2\/media?parent=51832"}],"wp:term":[{"taxonomy":"category","embeddable":true,"href":"https:\/\/www.esplac.cat\/en\/wp-json\/wp\/v2\/categories?post=51832"},{"taxonomy":"post_tag","embeddable":true,"href":"https:\/\/www.esplac.cat\/en\/wp-json\/wp\/v2\/tags?post=51832"}],"curies":[{"name":"wp","href":"https:\/\/api.w.org\/{rel}","templated":true}]}}