{"id":5185,"date":"2019-02-13T10:39:11","date_gmt":"2019-02-13T08:39:11","guid":{"rendered":"https:\/\/www.somesplai.cat\/?p=5185"},"modified":"2020-10-15T17:23:36","modified_gmt":"2020-10-15T16:23:36","slug":"un-mes-al-nord-5-diferencies-entre-barcelona-i-helsinki","status":"publish","type":"post","link":"https:\/\/www.esplac.cat\/en\/un-mes-al-nord-5-diferencies-entre-barcelona-i-helsinki\/","title":{"rendered":"Un mes al nord (5 difer\u00e8ncies entre Barcelona i H\u00e8lsinki)"},"content":{"rendered":"<h5 class=\"p1\" style=\"text-align: justify;\">13-febrer-2019<\/h5>\n<p>Autor:<strong>&nbsp;Aleksi Paakkinen<\/strong>, SVE&nbsp;finland\u00e8s a Barcelona i monitor de l\u2019Esplai Sarau.<\/p>\n<hr>\n<p style=\"text-align: justify;\">Com molts i moltes ja sabeu, he vingut a Catalunya des de Finl\u00e0ndia. <strong>Podr\u00edem dir que aquests dos pa\u00efsos s\u00f3n completament oposats.<\/strong> A Finl\u00e0ndia pots tenir realment un hivern amb dures condicions mentre a Catalunya pots veure el sol quasi cada dia. Despr\u00e9s d&#8217;estar dos mesos a la part solejada d&#8217;Europa, vaig haver de tornar al meu pa\u00eds congelat per la meva graduaci\u00f3 del que seria aqu\u00ed el Batxillerat.<\/p>\n<p style=\"text-align: justify;\">En teoria, havia de gaudir durant 5 dies d&#8217;un hivern fant\u00e0stic per\u00f2 malauradament, les coses no van anar com havien sigut planejades. Situacions inesperades van fer que acab\u00e9s passant un mes sencer a Finl\u00e0ndia. La graduaci\u00f3 va estar molt b\u00e9 i va ser realment positiu celebrar els passats 3 anys de feina feta. Est\u00e0 clar que va estar molt b\u00e9 veure els meus amics i amigues de nou i veure la meva fam\u00edlia. Quan has estat temps sense veure alg\u00fa (sigui amics o fam\u00edlia) aprens a valorar molt m\u00e9s les coses simples com per exemple passar un dia sencer junts i juntes. Va ser realment una sorpresa el que va suposar per mi veure els amics i les amigues altre cop; tot i que nom\u00e9s feia un m\u00e9s que no ens veiem.<\/p>\n<p style=\"text-align: justify;\">Despr\u00e9s del Desembre, tenint en compte que em quedaven encara 9 mesos aqu\u00ed, pensava: com puc afrontar-ho? La resposta \u00e9s obvia: <strong>comen\u00e7ava a trobar a faltar Barcelona.<\/strong> Va estar molt b\u00e9 retrobar-me amb la meva fam\u00edlia i amics i amigues per\u00f2 \u00e9s &#8220;preocupant&#8221; com tot continua &#8220;normal&#8221;. Tot estava com si mai hagu\u00e9s marxat. Vaig tenir aquesta sensaci\u00f3 durant una setmana. Despr\u00e9s d&#8217;un mes experimentant coses noves quasi cada dia, de sobte em trobava en una ciutat en la qual ja ho coneixia tot. Hi havia molt poc a descobrir, poques coses noves a fer. Els dies restants a H\u00e8lsinki no van estar malament, vaig aprofitar al m\u00e0xim la fam\u00edlia i els amics, per\u00f2, honestament,<strong> no podia esperar m\u00e9s per tornar.<\/strong><\/p>\n<p style=\"text-align: justify;\">Quan vaig marxar de Finl\u00e0ndia a l&#8217;octubre, \u00f2bviament pensava: &#8220;Qu\u00e8 passar\u00e0 si comen\u00e7o a trobar a faltar la meva fam\u00edlia? Qu\u00e8 passar\u00e0 si vull tornar? B\u00e9, ara he tornat i estic m\u00e9s segur que mai que no tornar\u00e9 abans del que em toca a Finl\u00e0ndia. Aquest mes a casa m&#8217;ha donat la perspectiva de qu\u00e8 \u00e9s estar a casa durant un llarg per\u00edode. Estic segur que estar\u00e9 content de tornar a Finl\u00e0ndia per\u00f2, actualment, sento que Barcelona \u00e9s casa meva.<\/p>\n<p style=\"text-align: justify;\"><strong>Durant aquest mes a Finl\u00e0ndia, m&#8217;he adonat de grans difer\u00e8ncies entre les dues ciutats i aqu\u00ed apunto les 5 principals:<\/strong><\/p>\n<p style=\"text-align: justify; padding-left: 30px;\"><strong>1.<\/strong> Anem a la m\u00e9s \u00f2bvia: <strong>El temps.<\/strong> Durant el primer realment v\u00e0rem tenir una neu bonica i la temperatura estava sempre al voltant dels &#8211; 10 graus. No nom\u00e9s era la neu i la temperatura el que era diferent, era el sol. Realment ho dic de veritat quan dic que <strong>vaig veure el sol UNA VEGADA<\/strong>, el dia de Nadal, durant QUINZE minuts. Quan vaig tornar, durant el dimarts i el dimecres nit, vaig veure el sol l&#8217;endem\u00e0 al mat\u00ed quan vaig anar a comprar.<\/p>\n<p style=\"text-align: justify; padding-left: 30px;\"><strong>2.<\/strong> En segon lloc (potser m&#8217;estic basant en estereotips) per\u00f2 realment hi ha una part de ra\u00f3.<strong> Els finesos s\u00f3n realment tranquils. <\/strong>Aqu\u00ed cont\u00ednuament estic lidiant amb les &#8220;petites xerrades&#8221; que la gent t\u00e9 al carrer. No ho dic en el mal sentit, per\u00f2 \u00e9s alguna cosa nova. Despr\u00e9s de dos mesos acostumat a aquestes xerrades, aix\u00f2 era bastant natural per a mi. Aix\u00ed que un dia quan esperava l&#8217;autob\u00fas a H\u00e8lsinki, un home es dirigia cap a la parada d&#8217;autob\u00fas. El meu instint va ser saludar-lo i seguidament li vaig dir: &#8221; Wow quin bon temps estem tenint &#8221;. L&#8217;home va dir: &#8220;No, no el tenim&#8221;, i va fer cinc passos m\u00e9s enll\u00e0. Una altra cosa que correspon a aquesta categoria \u00e9s el contacte f\u00edsic. A Finl\u00e0ndia, mai ens saludem fent petons a la galta. Hi ha un contacte f\u00edsic molt menor, de fet, gaireb\u00e9 no existeix.<\/p>\n<p style=\"text-align: justify; padding-left: 30px;\"><strong>3.<\/strong> El tercer \u00e9s una mica trist, i despr\u00e9s de viure dos mesos a Barcelona tot aix\u00f2 sembla encara m\u00e9s boig: <strong>la tutela constant del govern finland\u00e8s.<\/strong> Tot aix\u00f2 t\u00e9 molt a veure amb l&#8217;alcohol, per\u00f2 \u00e9s massa divertit per no incloure-ho aquesta llista. En primer lloc, nom\u00e9s el comerciant controlat del govern finland\u00e8s anomenat Alko pot vendre begudes alcoh\u00f2liques que tenen m\u00e9s del 5,5% d&#8217;alcohol. S\u00ed, no podeu comprar res que tingui un percentatge m\u00e9s alt del 5,5% d&#8217;alcohol als supermercats. Tamb\u00e9 tenim una cosa anomenada impost sobre el sucre, per\u00f2 la gent estava tan indignada que van revocar l&#8217;impost. Simplement s&#8217;afegeix un impost addicional als productes basats en el volum de sucre.<\/p>\n<p style=\"text-align: justify; padding-left: 30px;\"><strong>4.<\/strong> Aquesta \u00e9s una cosa que realment m&#8217;havia oblidat i em va impactar: <strong>els preus.<\/strong> Finl\u00e0ndia \u00e9s un lloc extremadament car per viure, i literalment tot \u00e9s m\u00e9s car all\u00e0. En comparar els preus entre Barcelona i H\u00e8lsinki, no vaig poder trobar un producte que hagu\u00e9s estat m\u00e9s barat a H\u00e8lsinki que a Barcelona. El nostre impost pels productes alimentaris \u00e9s del 24%. Aix\u00ed que un \u00bc del preu del producte \u00e9s nom\u00e9s impost.<\/p>\n<p style=\"text-align: justify; padding-left: 30px;\"><strong>5.<\/strong>&nbsp;Aquest \u00faltim \u00e9s probablement una mica una barreja dels 4 anteriors, per\u00f2 <strong>la vibraci\u00f3 general de les dues ciutats \u00e9s completament diferent.<\/strong> Em va desconcertar la primera vegada que vaig entrar a una botiga a Barcelona i em vaig adonar que no podia pagar amb una targeta. Aix\u00f2 mai ho veur\u00e0s a H\u00e8lsinki. H\u00e8lsinki tamb\u00e9 \u00e9s (\u00f2bviament) m\u00e9s petita i t\u00e9 menys persones. Tothom est\u00e0 ocupant nom\u00e9s amb el seu negoci i la &#8220;petita xerrada&#8221; no existeix. En realitat, seria una destinaci\u00f3 de vacances per a alg\u00fa que viu a Barcelona perqu\u00e8, si m\u00e9s no, seria diferent.<\/p>\n","protected":false},"excerpt":{"rendered":"<p>13-febrer-2019 Autor:&nbsp;Aleksi Paakkinen, SVE&nbsp;finland\u00e8s a Barcelona i monitor de l\u2019Esplai [&hellip;]<\/p>\n","protected":false},"author":3,"featured_media":5188,"comment_status":"closed","ping_status":"closed","sticky":false,"template":"","format":"standard","meta":{"om_disable_all_campaigns":false,"_monsterinsights_skip_tracking":false,"_monsterinsights_sitenote_active":false,"_monsterinsights_sitenote_note":"","_monsterinsights_sitenote_category":0,"_uf_show_specific_survey":0,"_uf_disable_surveys":false,"footnotes":""},"categories":[1168],"tags":[481,1003,314,990,1189,187,158],"class_list":["post-5185","post","type-post","status-publish","format-standard","has-post-thumbnail","hentry","category-creuant_mirades","tag-barcelona","tag-esplai","tag-evs","tag-finlandia","tag-helsinki","tag-sve","tag-voluntariat"],"yoast_head":"<!-- This site is optimized with the Yoast SEO plugin v27.5 - https:\/\/yoast.com\/product\/yoast-seo-wordpress\/ -->\n<title>Un mes al nord (5 difer\u00e8ncies entre Barcelona i H\u00e8lsinki) - Esplac<\/title>\n<meta name=\"robots\" content=\"index, follow, max-snippet:-1, max-image-preview:large, max-video-preview:-1\" \/>\n<link rel=\"canonical\" href=\"https:\/\/www.esplac.cat\/en\/un-mes-al-nord-5-diferencies-entre-barcelona-i-helsinki\/\" \/>\n<meta property=\"og:locale\" content=\"en_US\" \/>\n<meta property=\"og:type\" content=\"article\" \/>\n<meta property=\"og:title\" content=\"Un mes al nord (5 difer\u00e8ncies entre Barcelona i H\u00e8lsinki) - Esplac\" \/>\n<meta property=\"og:description\" content=\"13-febrer-2019 Autor:&nbsp;Aleksi Paakkinen, SVE&nbsp;finland\u00e8s a Barcelona i monitor de l\u2019Esplai [&hellip;]\" \/>\n<meta property=\"og:url\" content=\"https:\/\/www.esplac.cat\/en\/un-mes-al-nord-5-diferencies-entre-barcelona-i-helsinki\/\" \/>\n<meta property=\"og:site_name\" content=\"Esplac\" \/>\n<meta property=\"article:published_time\" content=\"2019-02-13T08:39:11+00:00\" \/>\n<meta property=\"article:modified_time\" content=\"2020-10-15T16:23:36+00:00\" \/>\n<meta property=\"og:image\" content=\"https:\/\/www.esplac.cat\/wp-content\/uploads\/2019\/11\/logo-open.jpg\" \/>\n\t<meta property=\"og:image:width\" content=\"1200\" \/>\n\t<meta property=\"og:image:height\" content=\"630\" \/>\n\t<meta property=\"og:image:type\" content=\"image\/jpeg\" \/>\n<meta name=\"author\" content=\"Comunicaci\u00f3 Esplac\" \/>\n<meta name=\"twitter:card\" content=\"summary_large_image\" \/>\n<meta name=\"twitter:label1\" content=\"Written by\" \/>\n\t<meta name=\"twitter:data1\" content=\"Comunicaci\u00f3 Esplac\" \/>\n\t<meta name=\"twitter:label2\" content=\"Est. reading time\" \/>\n\t<meta name=\"twitter:data2\" content=\"5 minutes\" \/>\n<script type=\"application\/ld+json\" class=\"yoast-schema-graph\">{\"@context\":\"https:\\\/\\\/schema.org\",\"@graph\":[{\"@type\":\"Article\",\"@id\":\"https:\\\/\\\/www.esplac.cat\\\/en\\\/un-mes-al-nord-5-diferencies-entre-barcelona-i-helsinki\\\/#article\",\"isPartOf\":{\"@id\":\"https:\\\/\\\/www.esplac.cat\\\/en\\\/un-mes-al-nord-5-diferencies-entre-barcelona-i-helsinki\\\/\"},\"author\":{\"name\":\"Comunicaci\u00f3 Esplac\",\"@id\":\"https:\\\/\\\/www.esplac.cat\\\/#\\\/schema\\\/person\\\/908383cf240be18b68f8855d0583faca\"},\"headline\":\"Un mes al nord (5 difer\u00e8ncies entre Barcelona i H\u00e8lsinki)\",\"datePublished\":\"2019-02-13T08:39:11+00:00\",\"dateModified\":\"2020-10-15T16:23:36+00:00\",\"mainEntityOfPage\":{\"@id\":\"https:\\\/\\\/www.esplac.cat\\\/en\\\/un-mes-al-nord-5-diferencies-entre-barcelona-i-helsinki\\\/\"},\"wordCount\":1039,\"publisher\":{\"@id\":\"https:\\\/\\\/www.esplac.cat\\\/#organization\"},\"image\":{\"@id\":\"https:\\\/\\\/www.esplac.cat\\\/en\\\/un-mes-al-nord-5-diferencies-entre-barcelona-i-helsinki\\\/#primaryimage\"},\"thumbnailUrl\":\"\",\"keywords\":[\"barcelona\",\"esplai\",\"evs\",\"Finlandia\",\"H\u00e8lsinki\",\"sve\",\"voluntariat\"],\"articleSection\":[\"Creuant mirades\"],\"inLanguage\":\"en-US\"},{\"@type\":\"WebPage\",\"@id\":\"https:\\\/\\\/www.esplac.cat\\\/en\\\/un-mes-al-nord-5-diferencies-entre-barcelona-i-helsinki\\\/\",\"url\":\"https:\\\/\\\/www.esplac.cat\\\/en\\\/un-mes-al-nord-5-diferencies-entre-barcelona-i-helsinki\\\/\",\"name\":\"Un mes al nord (5 difer\u00e8ncies entre Barcelona i H\u00e8lsinki) - Esplac\",\"isPartOf\":{\"@id\":\"https:\\\/\\\/www.esplac.cat\\\/#website\"},\"primaryImageOfPage\":{\"@id\":\"https:\\\/\\\/www.esplac.cat\\\/en\\\/un-mes-al-nord-5-diferencies-entre-barcelona-i-helsinki\\\/#primaryimage\"},\"image\":{\"@id\":\"https:\\\/\\\/www.esplac.cat\\\/en\\\/un-mes-al-nord-5-diferencies-entre-barcelona-i-helsinki\\\/#primaryimage\"},\"thumbnailUrl\":\"\",\"datePublished\":\"2019-02-13T08:39:11+00:00\",\"dateModified\":\"2020-10-15T16:23:36+00:00\",\"breadcrumb\":{\"@id\":\"https:\\\/\\\/www.esplac.cat\\\/en\\\/un-mes-al-nord-5-diferencies-entre-barcelona-i-helsinki\\\/#breadcrumb\"},\"inLanguage\":\"en-US\",\"potentialAction\":[{\"@type\":\"ReadAction\",\"target\":[\"https:\\\/\\\/www.esplac.cat\\\/en\\\/un-mes-al-nord-5-diferencies-entre-barcelona-i-helsinki\\\/\"]}]},{\"@type\":\"ImageObject\",\"inLanguage\":\"en-US\",\"@id\":\"https:\\\/\\\/www.esplac.cat\\\/en\\\/un-mes-al-nord-5-diferencies-entre-barcelona-i-helsinki\\\/#primaryimage\",\"url\":\"\",\"contentUrl\":\"\"},{\"@type\":\"BreadcrumbList\",\"@id\":\"https:\\\/\\\/www.esplac.cat\\\/en\\\/un-mes-al-nord-5-diferencies-entre-barcelona-i-helsinki\\\/#breadcrumb\",\"itemListElement\":[{\"@type\":\"ListItem\",\"position\":1,\"name\":\"Inici\",\"item\":\"https:\\\/\\\/www.esplac.cat\\\/en\\\/\"},{\"@type\":\"ListItem\",\"position\":2,\"name\":\"Un mes al nord (5 difer\u00e8ncies entre Barcelona i H\u00e8lsinki)\"}]},{\"@type\":\"WebSite\",\"@id\":\"https:\\\/\\\/www.esplac.cat\\\/#website\",\"url\":\"https:\\\/\\\/www.esplac.cat\\\/\",\"name\":\"Esplac\",\"description\":\"Esplais Catalans\",\"publisher\":{\"@id\":\"https:\\\/\\\/www.esplac.cat\\\/#organization\"},\"potentialAction\":[{\"@type\":\"SearchAction\",\"target\":{\"@type\":\"EntryPoint\",\"urlTemplate\":\"https:\\\/\\\/www.esplac.cat\\\/?s={search_term_string}\"},\"query-input\":{\"@type\":\"PropertyValueSpecification\",\"valueRequired\":true,\"valueName\":\"search_term_string\"}}],\"inLanguage\":\"en-US\"},{\"@type\":\"Organization\",\"@id\":\"https:\\\/\\\/www.esplac.cat\\\/#organization\",\"name\":\"Esplac\",\"url\":\"https:\\\/\\\/www.esplac.cat\\\/\",\"logo\":{\"@type\":\"ImageObject\",\"inLanguage\":\"en-US\",\"@id\":\"https:\\\/\\\/www.esplac.cat\\\/#\\\/schema\\\/logo\\\/image\\\/\",\"url\":\"https:\\\/\\\/www.esplac.cat\\\/wp-content\\\/uploads\\\/2019\\\/08\\\/logox2.png\",\"contentUrl\":\"https:\\\/\\\/www.esplac.cat\\\/wp-content\\\/uploads\\\/2019\\\/08\\\/logox2.png\",\"width\":600,\"height\":295,\"caption\":\"Esplac\"},\"image\":{\"@id\":\"https:\\\/\\\/www.esplac.cat\\\/#\\\/schema\\\/logo\\\/image\\\/\"}},{\"@type\":\"Person\",\"@id\":\"https:\\\/\\\/www.esplac.cat\\\/#\\\/schema\\\/person\\\/908383cf240be18b68f8855d0583faca\",\"name\":\"Comunicaci\u00f3 Esplac\",\"image\":{\"@type\":\"ImageObject\",\"inLanguage\":\"en-US\",\"@id\":\"https:\\\/\\\/secure.gravatar.com\\\/avatar\\\/7a4cf8feb412a76ea4a740ca02d95b06b2907b5a6c648c2dd0a1082a093c3141?s=96&d=mm&r=g\",\"url\":\"https:\\\/\\\/secure.gravatar.com\\\/avatar\\\/7a4cf8feb412a76ea4a740ca02d95b06b2907b5a6c648c2dd0a1082a093c3141?s=96&d=mm&r=g\",\"contentUrl\":\"https:\\\/\\\/secure.gravatar.com\\\/avatar\\\/7a4cf8feb412a76ea4a740ca02d95b06b2907b5a6c648c2dd0a1082a093c3141?s=96&d=mm&r=g\",\"caption\":\"Comunicaci\u00f3 Esplac\"}}]}<\/script>\n<!-- \/ Yoast SEO plugin. -->","yoast_head_json":{"title":"Un mes al nord (5 difer\u00e8ncies entre Barcelona i H\u00e8lsinki) - Esplac","robots":{"index":"index","follow":"follow","max-snippet":"max-snippet:-1","max-image-preview":"max-image-preview:large","max-video-preview":"max-video-preview:-1"},"canonical":"https:\/\/www.esplac.cat\/en\/un-mes-al-nord-5-diferencies-entre-barcelona-i-helsinki\/","og_locale":"en_US","og_type":"article","og_title":"Un mes al nord (5 difer\u00e8ncies entre Barcelona i H\u00e8lsinki) - Esplac","og_description":"13-febrer-2019 Autor:&nbsp;Aleksi Paakkinen, SVE&nbsp;finland\u00e8s a Barcelona i monitor de l\u2019Esplai [&hellip;]","og_url":"https:\/\/www.esplac.cat\/en\/un-mes-al-nord-5-diferencies-entre-barcelona-i-helsinki\/","og_site_name":"Esplac","article_published_time":"2019-02-13T08:39:11+00:00","article_modified_time":"2020-10-15T16:23:36+00:00","og_image":[{"width":1200,"height":630,"url":"https:\/\/www.esplac.cat\/wp-content\/uploads\/2019\/11\/logo-open.jpg","type":"image\/jpeg"}],"author":"Comunicaci\u00f3 Esplac","twitter_card":"summary_large_image","twitter_misc":{"Written by":"Comunicaci\u00f3 Esplac","Est. reading time":"5 minutes"},"schema":{"@context":"https:\/\/schema.org","@graph":[{"@type":"Article","@id":"https:\/\/www.esplac.cat\/en\/un-mes-al-nord-5-diferencies-entre-barcelona-i-helsinki\/#article","isPartOf":{"@id":"https:\/\/www.esplac.cat\/en\/un-mes-al-nord-5-diferencies-entre-barcelona-i-helsinki\/"},"author":{"name":"Comunicaci\u00f3 Esplac","@id":"https:\/\/www.esplac.cat\/#\/schema\/person\/908383cf240be18b68f8855d0583faca"},"headline":"Un mes al nord (5 difer\u00e8ncies entre Barcelona i H\u00e8lsinki)","datePublished":"2019-02-13T08:39:11+00:00","dateModified":"2020-10-15T16:23:36+00:00","mainEntityOfPage":{"@id":"https:\/\/www.esplac.cat\/en\/un-mes-al-nord-5-diferencies-entre-barcelona-i-helsinki\/"},"wordCount":1039,"publisher":{"@id":"https:\/\/www.esplac.cat\/#organization"},"image":{"@id":"https:\/\/www.esplac.cat\/en\/un-mes-al-nord-5-diferencies-entre-barcelona-i-helsinki\/#primaryimage"},"thumbnailUrl":"","keywords":["barcelona","esplai","evs","Finlandia","H\u00e8lsinki","sve","voluntariat"],"articleSection":["Creuant mirades"],"inLanguage":"en-US"},{"@type":"WebPage","@id":"https:\/\/www.esplac.cat\/en\/un-mes-al-nord-5-diferencies-entre-barcelona-i-helsinki\/","url":"https:\/\/www.esplac.cat\/en\/un-mes-al-nord-5-diferencies-entre-barcelona-i-helsinki\/","name":"Un mes al nord (5 difer\u00e8ncies entre Barcelona i H\u00e8lsinki) - Esplac","isPartOf":{"@id":"https:\/\/www.esplac.cat\/#website"},"primaryImageOfPage":{"@id":"https:\/\/www.esplac.cat\/en\/un-mes-al-nord-5-diferencies-entre-barcelona-i-helsinki\/#primaryimage"},"image":{"@id":"https:\/\/www.esplac.cat\/en\/un-mes-al-nord-5-diferencies-entre-barcelona-i-helsinki\/#primaryimage"},"thumbnailUrl":"","datePublished":"2019-02-13T08:39:11+00:00","dateModified":"2020-10-15T16:23:36+00:00","breadcrumb":{"@id":"https:\/\/www.esplac.cat\/en\/un-mes-al-nord-5-diferencies-entre-barcelona-i-helsinki\/#breadcrumb"},"inLanguage":"en-US","potentialAction":[{"@type":"ReadAction","target":["https:\/\/www.esplac.cat\/en\/un-mes-al-nord-5-diferencies-entre-barcelona-i-helsinki\/"]}]},{"@type":"ImageObject","inLanguage":"en-US","@id":"https:\/\/www.esplac.cat\/en\/un-mes-al-nord-5-diferencies-entre-barcelona-i-helsinki\/#primaryimage","url":"","contentUrl":""},{"@type":"BreadcrumbList","@id":"https:\/\/www.esplac.cat\/en\/un-mes-al-nord-5-diferencies-entre-barcelona-i-helsinki\/#breadcrumb","itemListElement":[{"@type":"ListItem","position":1,"name":"Inici","item":"https:\/\/www.esplac.cat\/en\/"},{"@type":"ListItem","position":2,"name":"Un mes al nord (5 difer\u00e8ncies entre Barcelona i H\u00e8lsinki)"}]},{"@type":"WebSite","@id":"https:\/\/www.esplac.cat\/#website","url":"https:\/\/www.esplac.cat\/","name":"Esplac","description":"Esplais Catalans","publisher":{"@id":"https:\/\/www.esplac.cat\/#organization"},"potentialAction":[{"@type":"SearchAction","target":{"@type":"EntryPoint","urlTemplate":"https:\/\/www.esplac.cat\/?s={search_term_string}"},"query-input":{"@type":"PropertyValueSpecification","valueRequired":true,"valueName":"search_term_string"}}],"inLanguage":"en-US"},{"@type":"Organization","@id":"https:\/\/www.esplac.cat\/#organization","name":"Esplac","url":"https:\/\/www.esplac.cat\/","logo":{"@type":"ImageObject","inLanguage":"en-US","@id":"https:\/\/www.esplac.cat\/#\/schema\/logo\/image\/","url":"https:\/\/www.esplac.cat\/wp-content\/uploads\/2019\/08\/logox2.png","contentUrl":"https:\/\/www.esplac.cat\/wp-content\/uploads\/2019\/08\/logox2.png","width":600,"height":295,"caption":"Esplac"},"image":{"@id":"https:\/\/www.esplac.cat\/#\/schema\/logo\/image\/"}},{"@type":"Person","@id":"https:\/\/www.esplac.cat\/#\/schema\/person\/908383cf240be18b68f8855d0583faca","name":"Comunicaci\u00f3 Esplac","image":{"@type":"ImageObject","inLanguage":"en-US","@id":"https:\/\/secure.gravatar.com\/avatar\/7a4cf8feb412a76ea4a740ca02d95b06b2907b5a6c648c2dd0a1082a093c3141?s=96&d=mm&r=g","url":"https:\/\/secure.gravatar.com\/avatar\/7a4cf8feb412a76ea4a740ca02d95b06b2907b5a6c648c2dd0a1082a093c3141?s=96&d=mm&r=g","contentUrl":"https:\/\/secure.gravatar.com\/avatar\/7a4cf8feb412a76ea4a740ca02d95b06b2907b5a6c648c2dd0a1082a093c3141?s=96&d=mm&r=g","caption":"Comunicaci\u00f3 Esplac"}}]}},"_links":{"self":[{"href":"https:\/\/www.esplac.cat\/en\/wp-json\/wp\/v2\/posts\/5185","targetHints":{"allow":["GET"]}}],"collection":[{"href":"https:\/\/www.esplac.cat\/en\/wp-json\/wp\/v2\/posts"}],"about":[{"href":"https:\/\/www.esplac.cat\/en\/wp-json\/wp\/v2\/types\/post"}],"author":[{"embeddable":true,"href":"https:\/\/www.esplac.cat\/en\/wp-json\/wp\/v2\/users\/3"}],"replies":[{"embeddable":true,"href":"https:\/\/www.esplac.cat\/en\/wp-json\/wp\/v2\/comments?post=5185"}],"version-history":[{"count":0,"href":"https:\/\/www.esplac.cat\/en\/wp-json\/wp\/v2\/posts\/5185\/revisions"}],"wp:featuredmedia":[{"embeddable":true,"href":"https:\/\/www.esplac.cat\/en\/wp-json\/"}],"wp:attachment":[{"href":"https:\/\/www.esplac.cat\/en\/wp-json\/wp\/v2\/media?parent=5185"}],"wp:term":[{"taxonomy":"category","embeddable":true,"href":"https:\/\/www.esplac.cat\/en\/wp-json\/wp\/v2\/categories?post=5185"},{"taxonomy":"post_tag","embeddable":true,"href":"https:\/\/www.esplac.cat\/en\/wp-json\/wp\/v2\/tags?post=5185"}],"curies":[{"name":"wp","href":"https:\/\/api.w.org\/{rel}","templated":true}]}}