{"id":51886,"date":"2024-12-02T08:00:22","date_gmt":"2024-12-02T06:00:22","guid":{"rendered":"https:\/\/www.esplac.cat\/?p=51886"},"modified":"2024-12-02T11:55:35","modified_gmt":"2024-12-02T09:55:35","slug":"inscripcions-escola-esplac-2025","status":"publish","type":"post","link":"https:\/\/www.esplac.cat\/en\/inscripcions-escola-esplac-2025\/","title":{"rendered":"Ja us podeu inscriure a l\u2019Escola d\u2019Esplac 2025: &#8220;Esplais antifeixistes: educant en valors, lluitant contra l\u2019opressi\u00f3&#8221;"},"content":{"rendered":"<div class=\"fusion-fullwidth fullwidth-box fusion-builder-row-1 fusion-flex-container nonhundred-percent-fullwidth non-hundred-percent-height-scrolling\" style=\"--awb-border-radius-top-left:0px;--awb-border-radius-top-right:0px;--awb-border-radius-bottom-right:0px;--awb-border-radius-bottom-left:0px;--awb-flex-wrap:wrap;\" ><div class=\"fusion-builder-row fusion-row fusion-flex-align-items-flex-start fusion-flex-content-wrap\" style=\"max-width:1248px;margin-left: calc(-4% \/ 2 );margin-right: calc(-4% \/ 2 );\"><div class=\"fusion-layout-column fusion_builder_column fusion-builder-column-0 fusion_builder_column_1_1 1_1 fusion-flex-column\" style=\"--awb-bg-size:cover;--awb-width-large:100%;--awb-margin-top-large:0px;--awb-spacing-right-large:1.92%;--awb-margin-bottom-large:0px;--awb-spacing-left-large:1.92%;--awb-width-medium:100%;--awb-spacing-right-medium:1.92%;--awb-spacing-left-medium:1.92%;--awb-width-small:100%;--awb-spacing-right-small:1.92%;--awb-spacing-left-small:1.92%;\"><div class=\"fusion-column-wrapper fusion-flex-justify-content-flex-start fusion-content-layout-column\"><div class=\"fusion-text fusion-text-1\"><h6><strong>El cap de setmana del 15 i 16 de febrer arriba l\u2019onzena edici\u00f3 de l\u2019Escola d\u2019Esplac a Santa Coloma de Gramenet, al Museu Torre Balldovina<\/strong><\/h6>\n<p><span style=\"font-weight: 300;\">El pr\u00f2xim febrer arriba a Santa Coloma de Gramenet l&#8217;onzena edici\u00f3 de l&#8217;Escola d&#8217;Esplac. La ciutat de l&#8217;\u00e0rea metropolitana acollir\u00e0 una edici\u00f3 formativa en qu\u00e8 s&#8217;exposar\u00e0 que l\u2019<\/span><b>antifeixisme \u00e9s cosa de tots els qui defensem el dret a viure una vida digna<\/b><span style=\"font-weight: 300;\">. La irrupci\u00f3 de <\/span>l&#8217;extrema dreta a les institucions ha normalitzat cada cop m\u00e9s discursos i pr\u00e0ctiques violentes i discriminat\u00f2ries<span style=\"font-weight: 300;\"> que s\u2019estan generalitzant a cada cop m\u00e9s \u00e0mbits de la societat. Davant d\u2019aix\u00f2, qu\u00e8 podem fer a l&#8217;esplai i des dels moviments social?<\/span><\/p>\n<p><span style=\"font-weight: 300;\">A l&#8217;Escola d&#8217;Esplac es volen donar <strong>eines i iniciar debats per respondre<\/strong> a la necessitat de fer front a l&#8217;amena\u00e7a del discurs d&#8217;odi que posa en risc la cohesi\u00f3 social. Des d&#8217;Esplac s&#8217;encara aquesta Escola d&#8217;Esplac sota la premisa que \u00e9s imprescindible formar-nos acompanyats d&#8217;entitats i projectes que ja treballen en l&#8217;antifeixisme en el seu dia a dia.\u00a0<\/span><\/p>\n<p><span style=\"font-weight: 300;\">El programa compta amb <\/span><b>militants de moviments socials que faran un balan\u00e7 i definici\u00f3 de la lluita antifeixista<\/b><span style=\"font-weight: 300;\">, experts en la tem\u00e0tica que situaran quin <\/span><b>paper tenim les joves<\/b><span style=\"font-weight: 300;\"> davant d\u2019aquest fenomen <\/span><b>i quins reptes tenim<\/b><span style=\"font-weight: 300;\"> al davant. Diferents tallers tractaran des de la pr\u00e0ctica com combatre el feixisme des de diferents fronts amb un taller de <\/span><b>muralisme<\/b><span style=\"font-weight: 300;\">, un <\/span><b>d\u2019autodefensa<\/b><span style=\"font-weight: 300;\"> i una <\/span><b>ruta hist\u00f2rica<\/b><span style=\"font-weight: 300;\"> per la ciutat que ens acull.<\/span><\/p>\n<p><span style=\"font-weight: 300;\">Quins aprenentatges ens enduem del cicle de lluita anterior? Per qu\u00e8 el jovent \u00e9s un subjecte estrat\u00e8gic per l&#8217;extrema dreta? Com combatre la reacci\u00f3 des de tots els fronts? De quines eines disposem per lluitar contra aquestes postures? Aquestes s\u00f3n algunes <strong>preguntes que intentarem resoldre,<\/strong> si tens ganes de respondre-les i aterrar-ho a la teva tasca setmanal de moni,<strong> inscriu-te a l\u2019Escola d\u2019Esplac 2025 a trav\u00e9s de l\u2019Era<\/strong> i no et quedis sense pla\u00e7a!\u00a0<\/span><\/p>\n<p><span style=\"font-weight: 300;\">A m\u00e9s,\u00a0 tothom que participi pot demanar la s<strong>amarreta &#8220;Esplais antifeixistes&#8221; per 13 \u20ac a les inscripcions<\/strong>, podent-les recollir exclusivament a l\u2019Escola d\u2019Esplac 2025!<\/span><\/p>\n<p><img decoding=\"async\" class=\"alignleft wp-image-51865 size-fusion-400\" src=\"https:\/\/www.esplac.cat\/wp-content\/uploads\/2024\/11\/cartell_esplac2025-400x566.jpg\" alt=\"\" width=\"400\" height=\"566\" srcset=\"https:\/\/www.esplac.cat\/wp-content\/uploads\/2024\/11\/cartell_esplac2025-200x283.jpg 200w, https:\/\/www.esplac.cat\/wp-content\/uploads\/2024\/11\/cartell_esplac2025-212x300.jpg 212w, https:\/\/www.esplac.cat\/wp-content\/uploads\/2024\/11\/cartell_esplac2025-400x566.jpg 400w, https:\/\/www.esplac.cat\/wp-content\/uploads\/2024\/11\/cartell_esplac2025-600x849.jpg 600w, https:\/\/www.esplac.cat\/wp-content\/uploads\/2024\/11\/cartell_esplac2025-724x1024.jpg 724w, https:\/\/www.esplac.cat\/wp-content\/uploads\/2024\/11\/cartell_esplac2025-768x1086.jpg 768w, https:\/\/www.esplac.cat\/wp-content\/uploads\/2024\/11\/cartell_esplac2025-800x1131.jpg 800w, https:\/\/www.esplac.cat\/wp-content\/uploads\/2024\/11\/cartell_esplac2025-1086x1536.jpg 1086w, https:\/\/www.esplac.cat\/wp-content\/uploads\/2024\/11\/cartell_esplac2025-1200x1697.jpg 1200w, https:\/\/www.esplac.cat\/wp-content\/uploads\/2024\/11\/cartell_esplac2025-1448x2048.jpg 1448w, https:\/\/www.esplac.cat\/wp-content\/uploads\/2024\/11\/cartell_esplac2025-scaled.jpg 1810w\" sizes=\"(max-width: 400px) 100vw, 400px\" \/><\/p>\n<p><img decoding=\"async\" class=\"wp-image-51868 size-fusion-400 alignleft\" src=\"https:\/\/www.esplac.cat\/wp-content\/uploads\/2024\/11\/esplac_2025_programa_page-0001-1-400x566.jpg\" alt=\"\" width=\"400\" height=\"566\" srcset=\"https:\/\/www.esplac.cat\/wp-content\/uploads\/2024\/11\/esplac_2025_programa_page-0001-1-200x283.jpg 200w, https:\/\/www.esplac.cat\/wp-content\/uploads\/2024\/11\/esplac_2025_programa_page-0001-1-212x300.jpg 212w, https:\/\/www.esplac.cat\/wp-content\/uploads\/2024\/11\/esplac_2025_programa_page-0001-1-400x566.jpg 400w, https:\/\/www.esplac.cat\/wp-content\/uploads\/2024\/11\/esplac_2025_programa_page-0001-1-600x849.jpg 600w, https:\/\/www.esplac.cat\/wp-content\/uploads\/2024\/11\/esplac_2025_programa_page-0001-1-724x1024.jpg 724w, https:\/\/www.esplac.cat\/wp-content\/uploads\/2024\/11\/esplac_2025_programa_page-0001-1-768x1086.jpg 768w, https:\/\/www.esplac.cat\/wp-content\/uploads\/2024\/11\/esplac_2025_programa_page-0001-1-800x1132.jpg 800w, https:\/\/www.esplac.cat\/wp-content\/uploads\/2024\/11\/esplac_2025_programa_page-0001-1-1086x1536.jpg 1086w, https:\/\/www.esplac.cat\/wp-content\/uploads\/2024\/11\/esplac_2025_programa_page-0001-1-1200x1697.jpg 1200w, https:\/\/www.esplac.cat\/wp-content\/uploads\/2024\/11\/esplac_2025_programa_page-0001-1-1448x2048.jpg 1448w, https:\/\/www.esplac.cat\/wp-content\/uploads\/2024\/11\/esplac_2025_programa_page-0001-1.jpg 1754w\" sizes=\"(max-width: 400px) 100vw, 400px\" \/><\/p>\n<\/div><div class=\"fusion-text fusion-text-2\"><p><img decoding=\"async\" class=\"alignleft wp-image-51893 size-fusion-400\" src=\"https:\/\/www.esplac.cat\/wp-content\/uploads\/2024\/12\/Samarreta-Esola-Esplac-400x400.jpg\" alt=\"\" width=\"400\" height=\"400\" srcset=\"https:\/\/www.esplac.cat\/wp-content\/uploads\/2024\/12\/Samarreta-Esola-Esplac-66x66.jpg 66w, https:\/\/www.esplac.cat\/wp-content\/uploads\/2024\/12\/Samarreta-Esola-Esplac-150x150.jpg 150w, https:\/\/www.esplac.cat\/wp-content\/uploads\/2024\/12\/Samarreta-Esola-Esplac-200x200.jpg 200w, https:\/\/www.esplac.cat\/wp-content\/uploads\/2024\/12\/Samarreta-Esola-Esplac-300x300.jpg 300w, https:\/\/www.esplac.cat\/wp-content\/uploads\/2024\/12\/Samarreta-Esola-Esplac-400x400.jpg 400w, https:\/\/www.esplac.cat\/wp-content\/uploads\/2024\/12\/Samarreta-Esola-Esplac-600x600.jpg 600w, https:\/\/www.esplac.cat\/wp-content\/uploads\/2024\/12\/Samarreta-Esola-Esplac-768x768.jpg 768w, https:\/\/www.esplac.cat\/wp-content\/uploads\/2024\/12\/Samarreta-Esola-Esplac-800x800.jpg 800w, https:\/\/www.esplac.cat\/wp-content\/uploads\/2024\/12\/Samarreta-Esola-Esplac-1024x1024.jpg 1024w, https:\/\/www.esplac.cat\/wp-content\/uploads\/2024\/12\/Samarreta-Esola-Esplac.jpg 1080w\" sizes=\"(max-width: 400px) 100vw, 400px\" \/><\/p>\n<\/div><div class=\"fusion-text fusion-text-3\"><blockquote>\n<p><em><span style=\"font-weight: 300;\">Consulta <\/span><strong><a href=\"https:\/\/www.esplac.cat\/formacions\/escola-esplac\/\" target=\"_blank\" rel=\"noopener\">la p\u00e0gina de l\u2019Escola d\u2019Esplac<\/a><\/strong><span style=\"font-weight: 300;\"> i les nostres xarxes socials regularment per con\u00e8ixer totes les novetats i no et quedis sense venir!<\/span><\/em><\/p>\n<\/blockquote>\n<\/div><\/div><\/div><\/div><\/div>\n","protected":false},"excerpt":{"rendered":"","protected":false},"author":3,"featured_media":51862,"comment_status":"closed","ping_status":"closed","sticky":false,"template":"","format":"standard","meta":{"om_disable_all_campaigns":false,"_monsterinsights_skip_tracking":false,"_monsterinsights_sitenote_active":false,"_monsterinsights_sitenote_note":"","_monsterinsights_sitenote_category":0,"_uf_show_specific_survey":0,"_uf_disable_surveys":false,"footnotes":""},"categories":[1111,1129,1142],"tags":[],"class_list":["post-51886","post","type-post","status-publish","format-standard","has-post-thumbnail","hentry","category-activitats-esplac","category-escola-desplac","category-transformar-educant-historia-dels-esplais"],"yoast_head":"<!-- This site is optimized with the Yoast SEO plugin v27.4 - https:\/\/yoast.com\/product\/yoast-seo-wordpress\/ -->\n<title>Ja us podeu inscriure a l\u2019Escola d\u2019Esplac 2025: &quot;Esplais antifeixistes: educant en valors, lluitant contra l\u2019opressi\u00f3&quot; - Esplac<\/title>\n<meta name=\"robots\" content=\"index, follow, max-snippet:-1, max-image-preview:large, max-video-preview:-1\" \/>\n<link rel=\"canonical\" href=\"https:\/\/www.esplac.cat\/inscripcions-escola-esplac-2025\/\" \/>\n<meta property=\"og:locale\" content=\"en_US\" \/>\n<meta property=\"og:type\" content=\"article\" \/>\n<meta property=\"og:title\" content=\"Ja us podeu inscriure a l\u2019Escola d\u2019Esplac 2025: &quot;Esplais antifeixistes: educant en valors, lluitant contra l\u2019opressi\u00f3&quot; - Esplac\" \/>\n<meta property=\"og:url\" content=\"https:\/\/www.esplac.cat\/inscripcions-escola-esplac-2025\/\" \/>\n<meta property=\"og:site_name\" content=\"Esplac\" \/>\n<meta property=\"article:published_time\" content=\"2024-12-02T06:00:22+00:00\" \/>\n<meta property=\"article:modified_time\" content=\"2024-12-02T09:55:35+00:00\" \/>\n<meta property=\"og:image\" content=\"https:\/\/www.esplac.cat\/wp-content\/uploads\/2024\/11\/esplac2025_banner-1.jpg\" \/>\n\t<meta property=\"og:image:width\" content=\"1697\" \/>\n\t<meta property=\"og:image:height\" content=\"700\" \/>\n\t<meta property=\"og:image:type\" content=\"image\/jpeg\" \/>\n<meta name=\"author\" content=\"Comunicaci\u00f3 Esplac\" \/>\n<meta name=\"twitter:card\" content=\"summary_large_image\" \/>\n<meta name=\"twitter:label1\" content=\"Written by\" \/>\n\t<meta name=\"twitter:data1\" content=\"Comunicaci\u00f3 Esplac\" \/>\n\t<meta name=\"twitter:label2\" content=\"Est. reading time\" \/>\n\t<meta name=\"twitter:data2\" content=\"3 minutes\" \/>\n<script type=\"application\/ld+json\" class=\"yoast-schema-graph\">{\"@context\":\"https:\\\/\\\/schema.org\",\"@graph\":[{\"@type\":\"Article\",\"@id\":\"https:\\\/\\\/www.esplac.cat\\\/inscripcions-escola-esplac-2025\\\/#article\",\"isPartOf\":{\"@id\":\"https:\\\/\\\/www.esplac.cat\\\/inscripcions-escola-esplac-2025\\\/\"},\"author\":{\"name\":\"Comunicaci\u00f3 Esplac\",\"@id\":\"https:\\\/\\\/www.esplac.cat\\\/#\\\/schema\\\/person\\\/908383cf240be18b68f8855d0583faca\"},\"headline\":\"Ja us podeu inscriure a l\u2019Escola d\u2019Esplac 2025: &#8220;Esplais antifeixistes: educant en valors, lluitant contra l\u2019opressi\u00f3&#8221;\",\"datePublished\":\"2024-12-02T06:00:22+00:00\",\"dateModified\":\"2024-12-02T09:55:35+00:00\",\"mainEntityOfPage\":{\"@id\":\"https:\\\/\\\/www.esplac.cat\\\/inscripcions-escola-esplac-2025\\\/\"},\"wordCount\":831,\"publisher\":{\"@id\":\"https:\\\/\\\/www.esplac.cat\\\/#organization\"},\"image\":{\"@id\":\"https:\\\/\\\/www.esplac.cat\\\/inscripcions-escola-esplac-2025\\\/#primaryimage\"},\"thumbnailUrl\":\"https:\\\/\\\/www.esplac.cat\\\/wp-content\\\/uploads\\\/2024\\\/11\\\/esplac2025_banner-1.jpg\",\"articleSection\":[\"Activitats esplac\",\"Escola d'Esplac\",\"Transformar educant: hist\u00f2ria dels esplais\"],\"inLanguage\":\"en-US\"},{\"@type\":\"WebPage\",\"@id\":\"https:\\\/\\\/www.esplac.cat\\\/inscripcions-escola-esplac-2025\\\/\",\"url\":\"https:\\\/\\\/www.esplac.cat\\\/inscripcions-escola-esplac-2025\\\/\",\"name\":\"Ja us podeu inscriure a l\u2019Escola d\u2019Esplac 2025: \\\"Esplais antifeixistes: educant en valors, lluitant contra l\u2019opressi\u00f3\\\" - Esplac\",\"isPartOf\":{\"@id\":\"https:\\\/\\\/www.esplac.cat\\\/#website\"},\"primaryImageOfPage\":{\"@id\":\"https:\\\/\\\/www.esplac.cat\\\/inscripcions-escola-esplac-2025\\\/#primaryimage\"},\"image\":{\"@id\":\"https:\\\/\\\/www.esplac.cat\\\/inscripcions-escola-esplac-2025\\\/#primaryimage\"},\"thumbnailUrl\":\"https:\\\/\\\/www.esplac.cat\\\/wp-content\\\/uploads\\\/2024\\\/11\\\/esplac2025_banner-1.jpg\",\"datePublished\":\"2024-12-02T06:00:22+00:00\",\"dateModified\":\"2024-12-02T09:55:35+00:00\",\"breadcrumb\":{\"@id\":\"https:\\\/\\\/www.esplac.cat\\\/inscripcions-escola-esplac-2025\\\/#breadcrumb\"},\"inLanguage\":\"en-US\",\"potentialAction\":[{\"@type\":\"ReadAction\",\"target\":[\"https:\\\/\\\/www.esplac.cat\\\/inscripcions-escola-esplac-2025\\\/\"]}]},{\"@type\":\"ImageObject\",\"inLanguage\":\"en-US\",\"@id\":\"https:\\\/\\\/www.esplac.cat\\\/inscripcions-escola-esplac-2025\\\/#primaryimage\",\"url\":\"https:\\\/\\\/www.esplac.cat\\\/wp-content\\\/uploads\\\/2024\\\/11\\\/esplac2025_banner-1.jpg\",\"contentUrl\":\"https:\\\/\\\/www.esplac.cat\\\/wp-content\\\/uploads\\\/2024\\\/11\\\/esplac2025_banner-1.jpg\",\"width\":1697,\"height\":700},{\"@type\":\"BreadcrumbList\",\"@id\":\"https:\\\/\\\/www.esplac.cat\\\/inscripcions-escola-esplac-2025\\\/#breadcrumb\",\"itemListElement\":[{\"@type\":\"ListItem\",\"position\":1,\"name\":\"Inici\",\"item\":\"https:\\\/\\\/www.esplac.cat\\\/en\\\/\"},{\"@type\":\"ListItem\",\"position\":2,\"name\":\"Ja us podeu inscriure a l\u2019Escola d\u2019Esplac 2025: &#8220;Esplais antifeixistes: educant en valors, lluitant contra l\u2019opressi\u00f3&#8221;\"}]},{\"@type\":\"WebSite\",\"@id\":\"https:\\\/\\\/www.esplac.cat\\\/#website\",\"url\":\"https:\\\/\\\/www.esplac.cat\\\/\",\"name\":\"Esplac\",\"description\":\"Esplais Catalans\",\"publisher\":{\"@id\":\"https:\\\/\\\/www.esplac.cat\\\/#organization\"},\"potentialAction\":[{\"@type\":\"SearchAction\",\"target\":{\"@type\":\"EntryPoint\",\"urlTemplate\":\"https:\\\/\\\/www.esplac.cat\\\/?s={search_term_string}\"},\"query-input\":{\"@type\":\"PropertyValueSpecification\",\"valueRequired\":true,\"valueName\":\"search_term_string\"}}],\"inLanguage\":\"en-US\"},{\"@type\":\"Organization\",\"@id\":\"https:\\\/\\\/www.esplac.cat\\\/#organization\",\"name\":\"Esplac\",\"url\":\"https:\\\/\\\/www.esplac.cat\\\/\",\"logo\":{\"@type\":\"ImageObject\",\"inLanguage\":\"en-US\",\"@id\":\"https:\\\/\\\/www.esplac.cat\\\/#\\\/schema\\\/logo\\\/image\\\/\",\"url\":\"https:\\\/\\\/www.esplac.cat\\\/wp-content\\\/uploads\\\/2019\\\/08\\\/logox2.png\",\"contentUrl\":\"https:\\\/\\\/www.esplac.cat\\\/wp-content\\\/uploads\\\/2019\\\/08\\\/logox2.png\",\"width\":600,\"height\":295,\"caption\":\"Esplac\"},\"image\":{\"@id\":\"https:\\\/\\\/www.esplac.cat\\\/#\\\/schema\\\/logo\\\/image\\\/\"}},{\"@type\":\"Person\",\"@id\":\"https:\\\/\\\/www.esplac.cat\\\/#\\\/schema\\\/person\\\/908383cf240be18b68f8855d0583faca\",\"name\":\"Comunicaci\u00f3 Esplac\",\"image\":{\"@type\":\"ImageObject\",\"inLanguage\":\"en-US\",\"@id\":\"https:\\\/\\\/secure.gravatar.com\\\/avatar\\\/7a4cf8feb412a76ea4a740ca02d95b06b2907b5a6c648c2dd0a1082a093c3141?s=96&d=mm&r=g\",\"url\":\"https:\\\/\\\/secure.gravatar.com\\\/avatar\\\/7a4cf8feb412a76ea4a740ca02d95b06b2907b5a6c648c2dd0a1082a093c3141?s=96&d=mm&r=g\",\"contentUrl\":\"https:\\\/\\\/secure.gravatar.com\\\/avatar\\\/7a4cf8feb412a76ea4a740ca02d95b06b2907b5a6c648c2dd0a1082a093c3141?s=96&d=mm&r=g\",\"caption\":\"Comunicaci\u00f3 Esplac\"}}]}<\/script>\n<!-- \/ Yoast SEO plugin. -->","yoast_head_json":{"title":"Ja us podeu inscriure a l\u2019Escola d\u2019Esplac 2025: \"Esplais antifeixistes: educant en valors, lluitant contra l\u2019opressi\u00f3\" - Esplac","robots":{"index":"index","follow":"follow","max-snippet":"max-snippet:-1","max-image-preview":"max-image-preview:large","max-video-preview":"max-video-preview:-1"},"canonical":"https:\/\/www.esplac.cat\/inscripcions-escola-esplac-2025\/","og_locale":"en_US","og_type":"article","og_title":"Ja us podeu inscriure a l\u2019Escola d\u2019Esplac 2025: \"Esplais antifeixistes: educant en valors, lluitant contra l\u2019opressi\u00f3\" - Esplac","og_url":"https:\/\/www.esplac.cat\/inscripcions-escola-esplac-2025\/","og_site_name":"Esplac","article_published_time":"2024-12-02T06:00:22+00:00","article_modified_time":"2024-12-02T09:55:35+00:00","og_image":[{"width":1697,"height":700,"url":"https:\/\/www.esplac.cat\/wp-content\/uploads\/2024\/11\/esplac2025_banner-1.jpg","type":"image\/jpeg"}],"author":"Comunicaci\u00f3 Esplac","twitter_card":"summary_large_image","twitter_misc":{"Written by":"Comunicaci\u00f3 Esplac","Est. reading time":"3 minutes"},"schema":{"@context":"https:\/\/schema.org","@graph":[{"@type":"Article","@id":"https:\/\/www.esplac.cat\/inscripcions-escola-esplac-2025\/#article","isPartOf":{"@id":"https:\/\/www.esplac.cat\/inscripcions-escola-esplac-2025\/"},"author":{"name":"Comunicaci\u00f3 Esplac","@id":"https:\/\/www.esplac.cat\/#\/schema\/person\/908383cf240be18b68f8855d0583faca"},"headline":"Ja us podeu inscriure a l\u2019Escola d\u2019Esplac 2025: &#8220;Esplais antifeixistes: educant en valors, lluitant contra l\u2019opressi\u00f3&#8221;","datePublished":"2024-12-02T06:00:22+00:00","dateModified":"2024-12-02T09:55:35+00:00","mainEntityOfPage":{"@id":"https:\/\/www.esplac.cat\/inscripcions-escola-esplac-2025\/"},"wordCount":831,"publisher":{"@id":"https:\/\/www.esplac.cat\/#organization"},"image":{"@id":"https:\/\/www.esplac.cat\/inscripcions-escola-esplac-2025\/#primaryimage"},"thumbnailUrl":"https:\/\/www.esplac.cat\/wp-content\/uploads\/2024\/11\/esplac2025_banner-1.jpg","articleSection":["Activitats esplac","Escola d'Esplac","Transformar educant: hist\u00f2ria dels esplais"],"inLanguage":"en-US"},{"@type":"WebPage","@id":"https:\/\/www.esplac.cat\/inscripcions-escola-esplac-2025\/","url":"https:\/\/www.esplac.cat\/inscripcions-escola-esplac-2025\/","name":"Ja us podeu inscriure a l\u2019Escola d\u2019Esplac 2025: \"Esplais antifeixistes: educant en valors, lluitant contra l\u2019opressi\u00f3\" - Esplac","isPartOf":{"@id":"https:\/\/www.esplac.cat\/#website"},"primaryImageOfPage":{"@id":"https:\/\/www.esplac.cat\/inscripcions-escola-esplac-2025\/#primaryimage"},"image":{"@id":"https:\/\/www.esplac.cat\/inscripcions-escola-esplac-2025\/#primaryimage"},"thumbnailUrl":"https:\/\/www.esplac.cat\/wp-content\/uploads\/2024\/11\/esplac2025_banner-1.jpg","datePublished":"2024-12-02T06:00:22+00:00","dateModified":"2024-12-02T09:55:35+00:00","breadcrumb":{"@id":"https:\/\/www.esplac.cat\/inscripcions-escola-esplac-2025\/#breadcrumb"},"inLanguage":"en-US","potentialAction":[{"@type":"ReadAction","target":["https:\/\/www.esplac.cat\/inscripcions-escola-esplac-2025\/"]}]},{"@type":"ImageObject","inLanguage":"en-US","@id":"https:\/\/www.esplac.cat\/inscripcions-escola-esplac-2025\/#primaryimage","url":"https:\/\/www.esplac.cat\/wp-content\/uploads\/2024\/11\/esplac2025_banner-1.jpg","contentUrl":"https:\/\/www.esplac.cat\/wp-content\/uploads\/2024\/11\/esplac2025_banner-1.jpg","width":1697,"height":700},{"@type":"BreadcrumbList","@id":"https:\/\/www.esplac.cat\/inscripcions-escola-esplac-2025\/#breadcrumb","itemListElement":[{"@type":"ListItem","position":1,"name":"Inici","item":"https:\/\/www.esplac.cat\/en\/"},{"@type":"ListItem","position":2,"name":"Ja us podeu inscriure a l\u2019Escola d\u2019Esplac 2025: &#8220;Esplais antifeixistes: educant en valors, lluitant contra l\u2019opressi\u00f3&#8221;"}]},{"@type":"WebSite","@id":"https:\/\/www.esplac.cat\/#website","url":"https:\/\/www.esplac.cat\/","name":"Esplac","description":"Esplais Catalans","publisher":{"@id":"https:\/\/www.esplac.cat\/#organization"},"potentialAction":[{"@type":"SearchAction","target":{"@type":"EntryPoint","urlTemplate":"https:\/\/www.esplac.cat\/?s={search_term_string}"},"query-input":{"@type":"PropertyValueSpecification","valueRequired":true,"valueName":"search_term_string"}}],"inLanguage":"en-US"},{"@type":"Organization","@id":"https:\/\/www.esplac.cat\/#organization","name":"Esplac","url":"https:\/\/www.esplac.cat\/","logo":{"@type":"ImageObject","inLanguage":"en-US","@id":"https:\/\/www.esplac.cat\/#\/schema\/logo\/image\/","url":"https:\/\/www.esplac.cat\/wp-content\/uploads\/2019\/08\/logox2.png","contentUrl":"https:\/\/www.esplac.cat\/wp-content\/uploads\/2019\/08\/logox2.png","width":600,"height":295,"caption":"Esplac"},"image":{"@id":"https:\/\/www.esplac.cat\/#\/schema\/logo\/image\/"}},{"@type":"Person","@id":"https:\/\/www.esplac.cat\/#\/schema\/person\/908383cf240be18b68f8855d0583faca","name":"Comunicaci\u00f3 Esplac","image":{"@type":"ImageObject","inLanguage":"en-US","@id":"https:\/\/secure.gravatar.com\/avatar\/7a4cf8feb412a76ea4a740ca02d95b06b2907b5a6c648c2dd0a1082a093c3141?s=96&d=mm&r=g","url":"https:\/\/secure.gravatar.com\/avatar\/7a4cf8feb412a76ea4a740ca02d95b06b2907b5a6c648c2dd0a1082a093c3141?s=96&d=mm&r=g","contentUrl":"https:\/\/secure.gravatar.com\/avatar\/7a4cf8feb412a76ea4a740ca02d95b06b2907b5a6c648c2dd0a1082a093c3141?s=96&d=mm&r=g","caption":"Comunicaci\u00f3 Esplac"}}]}},"_links":{"self":[{"href":"https:\/\/www.esplac.cat\/en\/wp-json\/wp\/v2\/posts\/51886","targetHints":{"allow":["GET"]}}],"collection":[{"href":"https:\/\/www.esplac.cat\/en\/wp-json\/wp\/v2\/posts"}],"about":[{"href":"https:\/\/www.esplac.cat\/en\/wp-json\/wp\/v2\/types\/post"}],"author":[{"embeddable":true,"href":"https:\/\/www.esplac.cat\/en\/wp-json\/wp\/v2\/users\/3"}],"replies":[{"embeddable":true,"href":"https:\/\/www.esplac.cat\/en\/wp-json\/wp\/v2\/comments?post=51886"}],"version-history":[{"count":7,"href":"https:\/\/www.esplac.cat\/en\/wp-json\/wp\/v2\/posts\/51886\/revisions"}],"predecessor-version":[{"id":51899,"href":"https:\/\/www.esplac.cat\/en\/wp-json\/wp\/v2\/posts\/51886\/revisions\/51899"}],"wp:featuredmedia":[{"embeddable":true,"href":"https:\/\/www.esplac.cat\/en\/wp-json\/wp\/v2\/media\/51862"}],"wp:attachment":[{"href":"https:\/\/www.esplac.cat\/en\/wp-json\/wp\/v2\/media?parent=51886"}],"wp:term":[{"taxonomy":"category","embeddable":true,"href":"https:\/\/www.esplac.cat\/en\/wp-json\/wp\/v2\/categories?post=51886"},{"taxonomy":"post_tag","embeddable":true,"href":"https:\/\/www.esplac.cat\/en\/wp-json\/wp\/v2\/tags?post=51886"}],"curies":[{"name":"wp","href":"https:\/\/api.w.org\/{rel}","templated":true}]}}