{"id":52001,"date":"2024-12-09T14:05:18","date_gmt":"2024-12-09T12:05:18","guid":{"rendered":"https:\/\/www.esplac.cat\/?p=52001"},"modified":"2024-12-09T14:05:18","modified_gmt":"2024-12-09T12:05:18","slug":"busquem-tecnic-a-en-multimedia-i-disseny-grafic","status":"publish","type":"post","link":"https:\/\/www.esplac.cat\/en\/busquem-tecnic-a-en-multimedia-i-disseny-grafic\/","title":{"rendered":"Busquem t\u00e8cnic\/a en multim\u00e8dia i disseny gr\u00e0fic!"},"content":{"rendered":"<div class=\"fusion-fullwidth fullwidth-box fusion-builder-row-1 fusion-flex-container has-pattern-background has-mask-background nonhundred-percent-fullwidth non-hundred-percent-height-scrolling\" style=\"--awb-border-radius-top-left:0px;--awb-border-radius-top-right:0px;--awb-border-radius-bottom-right:0px;--awb-border-radius-bottom-left:0px;--awb-flex-wrap:wrap;\" ><div class=\"fusion-builder-row fusion-row fusion-flex-align-items-flex-start fusion-flex-content-wrap\" style=\"max-width:1248px;margin-left: calc(-4% \/ 2 );margin-right: calc(-4% \/ 2 );\"><div class=\"fusion-layout-column fusion_builder_column fusion-builder-column-0 fusion_builder_column_1_1 1_1 fusion-flex-column\" style=\"--awb-bg-size:cover;--awb-width-large:100%;--awb-margin-top-large:0px;--awb-spacing-right-large:1.92%;--awb-margin-bottom-large:20px;--awb-spacing-left-large:1.92%;--awb-width-medium:100%;--awb-order-medium:0;--awb-spacing-right-medium:1.92%;--awb-spacing-left-medium:1.92%;--awb-width-small:100%;--awb-order-small:0;--awb-spacing-right-small:1.92%;--awb-spacing-left-small:1.92%;\"><div class=\"fusion-column-wrapper fusion-column-has-shadow fusion-flex-justify-content-flex-start fusion-content-layout-column\"><div class=\"fusion-text fusion-text-1\"><p><span style=\"font-weight: 300;\">Esplais Catalans obrim un termini per a la presentaci\u00f3 de curr\u00edculums amb l\u2019objectiu de cobrir una nova pla\u00e7a de t\u00e8cnic\/a comunicaci\u00f3 de l&#8217;associaci\u00f3 per liderar la dinamitzaci\u00f3 i elaboraci\u00f3 de continguts per la revista digital La Piqueta, a m\u00e9s de desenvolupar continguts i material multim\u00e8dia i gr\u00e0fic pel dia a dia de l\u2019associaci\u00f3.\u00a0<\/span><\/p>\n<p>Els curr\u00edculums i les cartes de motivaci\u00f3 les heu de fer arribar mitjan\u00e7ant <a href=\"https:\/\/infoesplac.typeform.com\/to\/pBhDjSfK\" target=\"_blank\" rel=\"noopener\"><span style=\"color: #f69d0b;\"><strong>aquest<\/strong><\/span><\/a> formulari <strong>abans del 22 de desembre de 2024<\/strong>.<\/p>\n<p><strong>Funcions:<\/strong><\/p>\n<ul>\n<li style=\"font-weight: 300;\" aria-level=\"1\"><span style=\"font-weight: 300;\">Dinamitzaci\u00f3 de la revista digital d\u2019Esplais Catalans, La Piqueta: ideaci\u00f3, creaci\u00f3, execuci\u00f3, seguiment i execuci\u00f3 del Pla de Comunicaci\u00f3.<\/span>\n<ul>\n<li style=\"font-weight: 300;\" aria-level=\"2\"><span style=\"font-weight: 300;\">Dinamitzaci\u00f3 de continguts per la revista La Piqueta.<\/span><\/li>\n<li style=\"font-weight: 300;\" aria-level=\"2\"><span style=\"font-weight: 300;\">Redacci\u00f3 de continguts per la revista La Piqueta.<\/span><\/li>\n<li style=\"font-weight: 300;\" aria-level=\"2\"><span style=\"font-weight: 300;\">Elaboraci\u00f3 i creaci\u00f3 de continguts interactius, multim\u00e8dia i gr\u00e0fics per la revista La Piqueta.\u00a0<\/span><\/li>\n<li style=\"font-weight: 300;\" aria-level=\"2\"><span style=\"font-weight: 300;\">Gesti\u00f3 i actualitzaci\u00f3 de les plataformes digitals i audiovisuals per la revista La Piqueta.<\/span><\/li>\n<li style=\"font-weight: 300;\" aria-level=\"2\"><span style=\"font-weight: 300;\">Actualitzaci\u00f3 i dinamitzaci\u00f3 de continguts del lloc web (WordPress) i xarxes socials per la revista La Piqueta.<\/span><\/li>\n<li style=\"font-weight: 300;\" aria-level=\"2\"><span style=\"font-weight: 300;\">Disseny del material gr\u00e0fic de la revista La Piqueta.\u00a0<\/span><\/li>\n<li style=\"font-weight: 300;\" aria-level=\"2\"><span style=\"font-weight: 300;\">Dinamitzaci\u00f3 de la participaci\u00f3 dels esplais i els equips d\u2019Esplac a La Piqueta.<\/span><\/li>\n<\/ul>\n<\/li>\n<li style=\"font-weight: 300;\" aria-level=\"1\"><span style=\"font-weight: 300;\">Disseny del material gr\u00e0fic de l&#8217;entitat (cartells, programes, d\u00edptics, infografies, etc.).<\/span><\/li>\n<li style=\"font-weight: 300;\" aria-level=\"1\"><span style=\"font-weight: 300;\">Disseny i maquetaci\u00f3 de documents i publicacions per l\u2019entitat.<\/span><\/li>\n<li style=\"font-weight: 300;\" aria-level=\"1\"><span style=\"font-weight: 300;\">Edici\u00f3 de v\u00eddeo i animaci\u00f3 digital per l\u2019entitat.<\/span><\/li>\n<li style=\"font-weight: 300;\" aria-level=\"1\"><span style=\"font-weight: 300;\">Creaci\u00f3 de recursos audiovisuals: gravaci\u00f3 i edici\u00f3 de v\u00eddeo i realitzaci\u00f3 i edici\u00f3 de fotografies per l\u2019entitat<\/span><\/li>\n<li style=\"font-weight: 300;\" aria-level=\"1\"><span style=\"font-weight: 300;\">Suport en la gesti\u00f3\u00a0 de les plataformes digitals i audiovisuals de l&#8217;entitat.\u00a0<\/span><\/li>\n<li style=\"font-weight: 300;\" aria-level=\"1\"><span style=\"font-weight: 300;\">Suport en l\u2019actualitzaci\u00f3\u00a0 de continguts del lloc web i xarxes socials de l&#8217;entitat.<\/span><\/li>\n<li style=\"font-weight: 300;\" aria-level=\"1\"><span style=\"font-weight: 300;\">Suport en la gesti\u00f3 de la identitat corporativa i les publicacions d&#8217;Esplais Catalans.<\/span><\/li>\n<li style=\"font-weight: 300;\" aria-level=\"1\"><span style=\"font-weight: 300;\">Suport a les tasques comunicatives de redacci\u00f3 de l&#8217;entitat.<\/span><\/li>\n<li style=\"font-weight: 300;\" aria-level=\"1\"><span style=\"font-weight: 300;\">Suport a les tasques comunicatives audiovisuals de l&#8217;entitat.<\/span><\/li>\n<li style=\"font-weight: 300;\" aria-level=\"1\"><span style=\"font-weight: 300;\">Constant coordinaci\u00f3 amb l\u2019\u00c0rea de comunicaci\u00f3.\u00a0<\/span><\/li>\n<\/ul>\n<p><strong>Es demana:<\/strong><\/p>\n<ul>\n<li style=\"font-weight: 300;\" aria-level=\"1\"><span style=\"font-weight: 300;\">Possessi\u00f3 d\u2019un t\u00edtol universitari o superior o altre t\u00edtol oficialment reconegut com a equivalent, o un certificat de professionalitat, especialment en Disseny Gr\u00e0fic, Comunicaci\u00f3 Audiovisual, Comunicaci\u00f3 Digital o Publicitat i Relacions P\u00fabliques.<\/span><\/li>\n<li style=\"font-weight: 300;\" aria-level=\"1\"><span style=\"font-weight: 300;\">Coneixements i habilitats en disseny gr\u00e0fic, fotografia i v\u00eddeo.<\/span><\/li>\n<li style=\"font-weight: 300;\" aria-level=\"1\"><span style=\"font-weight: 300;\">Coneixements i habilitats en edici\u00f3 de v\u00eddeos d&#8217;animaci\u00f3 digital: After Effects, Premiere o similar.<\/span><\/li>\n<li style=\"font-weight: 300;\" aria-level=\"1\"><span style=\"font-weight: 300;\">Coneixements en Adobe Photoshop, Adobe Illustrator, Adobe InDesign o similar.\u00a0<\/span><\/li>\n<li style=\"font-weight: 300;\" aria-level=\"1\"><span style=\"font-weight: 300;\">Coneixements en l\u2019\u00e0mbit de dinamitzaci\u00f3 de comunicaci\u00f3 digital i xarxes socials.\u00a0<\/span><\/li>\n<li style=\"font-weight: 300;\" aria-level=\"1\"><span style=\"font-weight: 300;\">Nivell alt de catal\u00e0 i castell\u00e0<\/span><\/li>\n<li style=\"font-weight: 300;\" aria-level=\"1\"><span style=\"font-weight: 300;\">Tenir menys de 30 anys.<\/span><\/li>\n<li style=\"font-weight: 300;\" aria-level=\"1\"><span style=\"font-weight: 300;\">Compet\u00e8ncia escrita: redacci\u00f3 d&#8217;articles, not\u00edcies i altra documentaci\u00f3.<\/span><\/li>\n<li style=\"font-weight: 300;\" aria-level=\"1\"><span style=\"font-weight: 300;\">Capacitat d&#8217;organitzaci\u00f3, gesti\u00f3 del temps, treball en equip, autonomia personal, flexibilitat i adaptabilitat.<\/span><\/li>\n<li style=\"font-weight: 300;\" aria-level=\"1\"><span style=\"font-weight: 300;\">Assist\u00e8ncia a reunions o activitats d&#8217;especial inter\u00e8s en horari associatiu, vocaci\u00f3 de servei als esplais i comprom\u00eds amb els valors d&#8217;Esplais Catalans.<\/span><\/li>\n<\/ul>\n<p><b>Es valorar\u00e0:<\/b><\/p>\n<ul>\n<li style=\"font-weight: 300;\" aria-level=\"1\"><span style=\"font-weight: 300;\">Experi\u00e8ncia en les funcions descrites.<\/span><\/li>\n<li style=\"font-weight: 300;\" aria-level=\"1\"><span style=\"font-weight: 300;\">Coneixement i experi\u00e8ncia en l&#8217;\u00e0mbit de l&#8217;associacionisme educatiu i els esplais.\u00a0<\/span><\/li>\n<li style=\"font-weight: 300;\" aria-level=\"1\"><span style=\"font-weight: 300;\">Coneixement en temes espec\u00edfics relacionats amb el projecte educatiu d&#8217;Esplais Catalans.<\/span><\/li>\n<li style=\"font-weight: 300;\" aria-level=\"1\"><span style=\"font-weight: 300;\">Facilitat per con\u00e8ixer noves eines de treball.<\/span><\/li>\n<li style=\"font-weight: 300;\" aria-level=\"1\"><span style=\"font-weight: 300;\">Experi\u00e8ncia en mitjans de comunicaci\u00f3 dirigits a un p\u00fablic infantil i\/o juvenil.<\/span><\/li>\n<\/ul>\n<p><strong>Condicions laborals:<\/strong><\/p>\n<ul>\n<li style=\"font-weight: 300;\" aria-level=\"1\"><span style=\"font-weight: 300;\">Contracte laboral indefinit.<\/span><\/li>\n<li style=\"font-weight: 300;\" aria-level=\"1\"><span style=\"font-weight: 300;\">Jornada de 20 hores setmanals.<\/span><\/li>\n<li style=\"font-weight: 300;\" aria-level=\"1\"><span style=\"font-weight: 300;\">Sou segons l\u2019escala salarial de l\u2019entitat (12.395,96 \u20ac bruts anuals).<\/span><\/li>\n<li style=\"font-weight: 300;\" aria-level=\"1\"><span style=\"font-weight: 300;\">Incorporaci\u00f3: primera quinzena de gener.<\/span><\/li>\n<li style=\"font-weight: 300;\" aria-level=\"1\"><span style=\"font-weight: 300;\">Lloc de treball habitual: Barcelona.<\/span><\/li>\n<\/ul>\n<p>Podeu consultar <strong><span style=\"color: #f69d0b;\"><a style=\"color: #f69d0b;\" href=\"https:\/\/www.esplac.cat\/wp-content\/uploads\/2024\/12\/Convocatoria_multimedia_disseny_Esplac.pdf\" target=\"_blank\" rel=\"noopener\">aqu\u00ed<\/a><\/span><\/strong> la convocat\u00f2ria completa.<\/p>\n<\/div><\/div><\/div><\/div><\/div>\n","protected":false},"excerpt":{"rendered":"","protected":false},"author":3,"featured_media":52007,"comment_status":"closed","ping_status":"closed","sticky":false,"template":"","format":"standard","meta":{"om_disable_all_campaigns":false,"_monsterinsights_skip_tracking":false,"_monsterinsights_sitenote_active":false,"_monsterinsights_sitenote_note":"","_monsterinsights_sitenote_category":0,"_uf_show_specific_survey":0,"_uf_disable_surveys":false,"footnotes":""},"categories":[1116,1],"tags":[],"class_list":["post-52001","post","type-post","status-publish","format-standard","has-post-thumbnail","hentry","category-secretaria-esplac","category-sense-categoria"],"yoast_head":"<!-- This site is optimized with the Yoast SEO plugin v27.4 - https:\/\/yoast.com\/product\/yoast-seo-wordpress\/ -->\n<title>Busquem t\u00e8cnic\/a en multim\u00e8dia i disseny gr\u00e0fic! - Esplac<\/title>\n<meta name=\"description\" content=\"Hem obert una pla\u00e7a de Cap de Comunicaci\u00f3 d&#039;Esplais Catalans.\u00a0El termini per presentar curr\u00edculums finalitza el dia 15 de desembre de 2024.\" \/>\n<meta name=\"robots\" content=\"index, follow, max-snippet:-1, max-image-preview:large, max-video-preview:-1\" \/>\n<link rel=\"canonical\" href=\"https:\/\/www.esplac.cat\/busquem-tecnic-a-en-multimedia-i-disseny-grafic\/\" \/>\n<meta property=\"og:locale\" content=\"en_US\" \/>\n<meta property=\"og:type\" content=\"article\" \/>\n<meta property=\"og:title\" content=\"Busquem t\u00e8cnic\/a en multim\u00e8dia i disseny gr\u00e0fic! - Esplac\" \/>\n<meta property=\"og:description\" content=\"Hem obert una pla\u00e7a de Cap de Comunicaci\u00f3 d&#039;Esplais Catalans.\u00a0El termini per presentar curr\u00edculums finalitza el dia 15 de desembre de 2024.\" \/>\n<meta property=\"og:url\" content=\"https:\/\/www.esplac.cat\/busquem-tecnic-a-en-multimedia-i-disseny-grafic\/\" \/>\n<meta property=\"og:site_name\" content=\"Esplac\" \/>\n<meta property=\"article:published_time\" content=\"2024-12-09T12:05:18+00:00\" \/>\n<meta property=\"og:image\" content=\"https:\/\/www.esplac.cat\/wp-content\/uploads\/2024\/12\/multimedia-i-disseny.jpg\" \/>\n\t<meta property=\"og:image:width\" content=\"1694\" \/>\n\t<meta property=\"og:image:height\" content=\"700\" \/>\n\t<meta property=\"og:image:type\" content=\"image\/jpeg\" \/>\n<meta name=\"author\" content=\"Comunicaci\u00f3 Esplac\" \/>\n<meta name=\"twitter:card\" content=\"summary_large_image\" \/>\n<meta name=\"twitter:label1\" content=\"Written by\" \/>\n\t<meta name=\"twitter:data1\" content=\"Comunicaci\u00f3 Esplac\" \/>\n\t<meta name=\"twitter:label2\" content=\"Est. reading time\" \/>\n\t<meta name=\"twitter:data2\" content=\"3 minutes\" \/>\n<script type=\"application\/ld+json\" class=\"yoast-schema-graph\">{\"@context\":\"https:\\\/\\\/schema.org\",\"@graph\":[{\"@type\":\"Article\",\"@id\":\"https:\\\/\\\/www.esplac.cat\\\/busquem-tecnic-a-en-multimedia-i-disseny-grafic\\\/#article\",\"isPartOf\":{\"@id\":\"https:\\\/\\\/www.esplac.cat\\\/busquem-tecnic-a-en-multimedia-i-disseny-grafic\\\/\"},\"author\":{\"name\":\"Comunicaci\u00f3 Esplac\",\"@id\":\"https:\\\/\\\/www.esplac.cat\\\/#\\\/schema\\\/person\\\/908383cf240be18b68f8855d0583faca\"},\"headline\":\"Busquem t\u00e8cnic\\\/a en multim\u00e8dia i disseny gr\u00e0fic!\",\"datePublished\":\"2024-12-09T12:05:18+00:00\",\"mainEntityOfPage\":{\"@id\":\"https:\\\/\\\/www.esplac.cat\\\/busquem-tecnic-a-en-multimedia-i-disseny-grafic\\\/\"},\"wordCount\":1526,\"publisher\":{\"@id\":\"https:\\\/\\\/www.esplac.cat\\\/#organization\"},\"image\":{\"@id\":\"https:\\\/\\\/www.esplac.cat\\\/busquem-tecnic-a-en-multimedia-i-disseny-grafic\\\/#primaryimage\"},\"thumbnailUrl\":\"https:\\\/\\\/www.esplac.cat\\\/wp-content\\\/uploads\\\/2024\\\/12\\\/multimedia-i-disseny.jpg\",\"articleSection\":[\"Secretaria T\u00e8cnica\",\"Sense categoria\"],\"inLanguage\":\"en-US\"},{\"@type\":\"WebPage\",\"@id\":\"https:\\\/\\\/www.esplac.cat\\\/busquem-tecnic-a-en-multimedia-i-disseny-grafic\\\/\",\"url\":\"https:\\\/\\\/www.esplac.cat\\\/busquem-tecnic-a-en-multimedia-i-disseny-grafic\\\/\",\"name\":\"Busquem t\u00e8cnic\\\/a en multim\u00e8dia i disseny gr\u00e0fic! - Esplac\",\"isPartOf\":{\"@id\":\"https:\\\/\\\/www.esplac.cat\\\/#website\"},\"primaryImageOfPage\":{\"@id\":\"https:\\\/\\\/www.esplac.cat\\\/busquem-tecnic-a-en-multimedia-i-disseny-grafic\\\/#primaryimage\"},\"image\":{\"@id\":\"https:\\\/\\\/www.esplac.cat\\\/busquem-tecnic-a-en-multimedia-i-disseny-grafic\\\/#primaryimage\"},\"thumbnailUrl\":\"https:\\\/\\\/www.esplac.cat\\\/wp-content\\\/uploads\\\/2024\\\/12\\\/multimedia-i-disseny.jpg\",\"datePublished\":\"2024-12-09T12:05:18+00:00\",\"description\":\"Hem obert una pla\u00e7a de Cap de Comunicaci\u00f3 d'Esplais Catalans.\u00a0El termini per presentar curr\u00edculums finalitza el dia 15 de desembre de 2024.\",\"breadcrumb\":{\"@id\":\"https:\\\/\\\/www.esplac.cat\\\/busquem-tecnic-a-en-multimedia-i-disseny-grafic\\\/#breadcrumb\"},\"inLanguage\":\"en-US\",\"potentialAction\":[{\"@type\":\"ReadAction\",\"target\":[\"https:\\\/\\\/www.esplac.cat\\\/busquem-tecnic-a-en-multimedia-i-disseny-grafic\\\/\"]}]},{\"@type\":\"ImageObject\",\"inLanguage\":\"en-US\",\"@id\":\"https:\\\/\\\/www.esplac.cat\\\/busquem-tecnic-a-en-multimedia-i-disseny-grafic\\\/#primaryimage\",\"url\":\"https:\\\/\\\/www.esplac.cat\\\/wp-content\\\/uploads\\\/2024\\\/12\\\/multimedia-i-disseny.jpg\",\"contentUrl\":\"https:\\\/\\\/www.esplac.cat\\\/wp-content\\\/uploads\\\/2024\\\/12\\\/multimedia-i-disseny.jpg\",\"width\":1694,\"height\":700},{\"@type\":\"BreadcrumbList\",\"@id\":\"https:\\\/\\\/www.esplac.cat\\\/busquem-tecnic-a-en-multimedia-i-disseny-grafic\\\/#breadcrumb\",\"itemListElement\":[{\"@type\":\"ListItem\",\"position\":1,\"name\":\"Inici\",\"item\":\"https:\\\/\\\/www.esplac.cat\\\/en\\\/\"},{\"@type\":\"ListItem\",\"position\":2,\"name\":\"Busquem t\u00e8cnic\\\/a en multim\u00e8dia i disseny gr\u00e0fic!\"}]},{\"@type\":\"WebSite\",\"@id\":\"https:\\\/\\\/www.esplac.cat\\\/#website\",\"url\":\"https:\\\/\\\/www.esplac.cat\\\/\",\"name\":\"Esplac\",\"description\":\"Esplais Catalans\",\"publisher\":{\"@id\":\"https:\\\/\\\/www.esplac.cat\\\/#organization\"},\"potentialAction\":[{\"@type\":\"SearchAction\",\"target\":{\"@type\":\"EntryPoint\",\"urlTemplate\":\"https:\\\/\\\/www.esplac.cat\\\/?s={search_term_string}\"},\"query-input\":{\"@type\":\"PropertyValueSpecification\",\"valueRequired\":true,\"valueName\":\"search_term_string\"}}],\"inLanguage\":\"en-US\"},{\"@type\":\"Organization\",\"@id\":\"https:\\\/\\\/www.esplac.cat\\\/#organization\",\"name\":\"Esplac\",\"url\":\"https:\\\/\\\/www.esplac.cat\\\/\",\"logo\":{\"@type\":\"ImageObject\",\"inLanguage\":\"en-US\",\"@id\":\"https:\\\/\\\/www.esplac.cat\\\/#\\\/schema\\\/logo\\\/image\\\/\",\"url\":\"https:\\\/\\\/www.esplac.cat\\\/wp-content\\\/uploads\\\/2019\\\/08\\\/logox2.png\",\"contentUrl\":\"https:\\\/\\\/www.esplac.cat\\\/wp-content\\\/uploads\\\/2019\\\/08\\\/logox2.png\",\"width\":600,\"height\":295,\"caption\":\"Esplac\"},\"image\":{\"@id\":\"https:\\\/\\\/www.esplac.cat\\\/#\\\/schema\\\/logo\\\/image\\\/\"}},{\"@type\":\"Person\",\"@id\":\"https:\\\/\\\/www.esplac.cat\\\/#\\\/schema\\\/person\\\/908383cf240be18b68f8855d0583faca\",\"name\":\"Comunicaci\u00f3 Esplac\",\"image\":{\"@type\":\"ImageObject\",\"inLanguage\":\"en-US\",\"@id\":\"https:\\\/\\\/secure.gravatar.com\\\/avatar\\\/7a4cf8feb412a76ea4a740ca02d95b06b2907b5a6c648c2dd0a1082a093c3141?s=96&d=mm&r=g\",\"url\":\"https:\\\/\\\/secure.gravatar.com\\\/avatar\\\/7a4cf8feb412a76ea4a740ca02d95b06b2907b5a6c648c2dd0a1082a093c3141?s=96&d=mm&r=g\",\"contentUrl\":\"https:\\\/\\\/secure.gravatar.com\\\/avatar\\\/7a4cf8feb412a76ea4a740ca02d95b06b2907b5a6c648c2dd0a1082a093c3141?s=96&d=mm&r=g\",\"caption\":\"Comunicaci\u00f3 Esplac\"}}]}<\/script>\n<!-- \/ Yoast SEO plugin. -->","yoast_head_json":{"title":"Busquem t\u00e8cnic\/a en multim\u00e8dia i disseny gr\u00e0fic! - Esplac","description":"Hem obert una pla\u00e7a de Cap de Comunicaci\u00f3 d'Esplais Catalans.\u00a0El termini per presentar curr\u00edculums finalitza el dia 15 de desembre de 2024.","robots":{"index":"index","follow":"follow","max-snippet":"max-snippet:-1","max-image-preview":"max-image-preview:large","max-video-preview":"max-video-preview:-1"},"canonical":"https:\/\/www.esplac.cat\/busquem-tecnic-a-en-multimedia-i-disseny-grafic\/","og_locale":"en_US","og_type":"article","og_title":"Busquem t\u00e8cnic\/a en multim\u00e8dia i disseny gr\u00e0fic! - Esplac","og_description":"Hem obert una pla\u00e7a de Cap de Comunicaci\u00f3 d'Esplais Catalans.\u00a0El termini per presentar curr\u00edculums finalitza el dia 15 de desembre de 2024.","og_url":"https:\/\/www.esplac.cat\/busquem-tecnic-a-en-multimedia-i-disseny-grafic\/","og_site_name":"Esplac","article_published_time":"2024-12-09T12:05:18+00:00","og_image":[{"width":1694,"height":700,"url":"https:\/\/www.esplac.cat\/wp-content\/uploads\/2024\/12\/multimedia-i-disseny.jpg","type":"image\/jpeg"}],"author":"Comunicaci\u00f3 Esplac","twitter_card":"summary_large_image","twitter_misc":{"Written by":"Comunicaci\u00f3 Esplac","Est. reading time":"3 minutes"},"schema":{"@context":"https:\/\/schema.org","@graph":[{"@type":"Article","@id":"https:\/\/www.esplac.cat\/busquem-tecnic-a-en-multimedia-i-disseny-grafic\/#article","isPartOf":{"@id":"https:\/\/www.esplac.cat\/busquem-tecnic-a-en-multimedia-i-disseny-grafic\/"},"author":{"name":"Comunicaci\u00f3 Esplac","@id":"https:\/\/www.esplac.cat\/#\/schema\/person\/908383cf240be18b68f8855d0583faca"},"headline":"Busquem t\u00e8cnic\/a en multim\u00e8dia i disseny gr\u00e0fic!","datePublished":"2024-12-09T12:05:18+00:00","mainEntityOfPage":{"@id":"https:\/\/www.esplac.cat\/busquem-tecnic-a-en-multimedia-i-disseny-grafic\/"},"wordCount":1526,"publisher":{"@id":"https:\/\/www.esplac.cat\/#organization"},"image":{"@id":"https:\/\/www.esplac.cat\/busquem-tecnic-a-en-multimedia-i-disseny-grafic\/#primaryimage"},"thumbnailUrl":"https:\/\/www.esplac.cat\/wp-content\/uploads\/2024\/12\/multimedia-i-disseny.jpg","articleSection":["Secretaria T\u00e8cnica","Sense categoria"],"inLanguage":"en-US"},{"@type":"WebPage","@id":"https:\/\/www.esplac.cat\/busquem-tecnic-a-en-multimedia-i-disseny-grafic\/","url":"https:\/\/www.esplac.cat\/busquem-tecnic-a-en-multimedia-i-disseny-grafic\/","name":"Busquem t\u00e8cnic\/a en multim\u00e8dia i disseny gr\u00e0fic! - Esplac","isPartOf":{"@id":"https:\/\/www.esplac.cat\/#website"},"primaryImageOfPage":{"@id":"https:\/\/www.esplac.cat\/busquem-tecnic-a-en-multimedia-i-disseny-grafic\/#primaryimage"},"image":{"@id":"https:\/\/www.esplac.cat\/busquem-tecnic-a-en-multimedia-i-disseny-grafic\/#primaryimage"},"thumbnailUrl":"https:\/\/www.esplac.cat\/wp-content\/uploads\/2024\/12\/multimedia-i-disseny.jpg","datePublished":"2024-12-09T12:05:18+00:00","description":"Hem obert una pla\u00e7a de Cap de Comunicaci\u00f3 d'Esplais Catalans.\u00a0El termini per presentar curr\u00edculums finalitza el dia 15 de desembre de 2024.","breadcrumb":{"@id":"https:\/\/www.esplac.cat\/busquem-tecnic-a-en-multimedia-i-disseny-grafic\/#breadcrumb"},"inLanguage":"en-US","potentialAction":[{"@type":"ReadAction","target":["https:\/\/www.esplac.cat\/busquem-tecnic-a-en-multimedia-i-disseny-grafic\/"]}]},{"@type":"ImageObject","inLanguage":"en-US","@id":"https:\/\/www.esplac.cat\/busquem-tecnic-a-en-multimedia-i-disseny-grafic\/#primaryimage","url":"https:\/\/www.esplac.cat\/wp-content\/uploads\/2024\/12\/multimedia-i-disseny.jpg","contentUrl":"https:\/\/www.esplac.cat\/wp-content\/uploads\/2024\/12\/multimedia-i-disseny.jpg","width":1694,"height":700},{"@type":"BreadcrumbList","@id":"https:\/\/www.esplac.cat\/busquem-tecnic-a-en-multimedia-i-disseny-grafic\/#breadcrumb","itemListElement":[{"@type":"ListItem","position":1,"name":"Inici","item":"https:\/\/www.esplac.cat\/en\/"},{"@type":"ListItem","position":2,"name":"Busquem t\u00e8cnic\/a en multim\u00e8dia i disseny gr\u00e0fic!"}]},{"@type":"WebSite","@id":"https:\/\/www.esplac.cat\/#website","url":"https:\/\/www.esplac.cat\/","name":"Esplac","description":"Esplais Catalans","publisher":{"@id":"https:\/\/www.esplac.cat\/#organization"},"potentialAction":[{"@type":"SearchAction","target":{"@type":"EntryPoint","urlTemplate":"https:\/\/www.esplac.cat\/?s={search_term_string}"},"query-input":{"@type":"PropertyValueSpecification","valueRequired":true,"valueName":"search_term_string"}}],"inLanguage":"en-US"},{"@type":"Organization","@id":"https:\/\/www.esplac.cat\/#organization","name":"Esplac","url":"https:\/\/www.esplac.cat\/","logo":{"@type":"ImageObject","inLanguage":"en-US","@id":"https:\/\/www.esplac.cat\/#\/schema\/logo\/image\/","url":"https:\/\/www.esplac.cat\/wp-content\/uploads\/2019\/08\/logox2.png","contentUrl":"https:\/\/www.esplac.cat\/wp-content\/uploads\/2019\/08\/logox2.png","width":600,"height":295,"caption":"Esplac"},"image":{"@id":"https:\/\/www.esplac.cat\/#\/schema\/logo\/image\/"}},{"@type":"Person","@id":"https:\/\/www.esplac.cat\/#\/schema\/person\/908383cf240be18b68f8855d0583faca","name":"Comunicaci\u00f3 Esplac","image":{"@type":"ImageObject","inLanguage":"en-US","@id":"https:\/\/secure.gravatar.com\/avatar\/7a4cf8feb412a76ea4a740ca02d95b06b2907b5a6c648c2dd0a1082a093c3141?s=96&d=mm&r=g","url":"https:\/\/secure.gravatar.com\/avatar\/7a4cf8feb412a76ea4a740ca02d95b06b2907b5a6c648c2dd0a1082a093c3141?s=96&d=mm&r=g","contentUrl":"https:\/\/secure.gravatar.com\/avatar\/7a4cf8feb412a76ea4a740ca02d95b06b2907b5a6c648c2dd0a1082a093c3141?s=96&d=mm&r=g","caption":"Comunicaci\u00f3 Esplac"}}]}},"_links":{"self":[{"href":"https:\/\/www.esplac.cat\/en\/wp-json\/wp\/v2\/posts\/52001","targetHints":{"allow":["GET"]}}],"collection":[{"href":"https:\/\/www.esplac.cat\/en\/wp-json\/wp\/v2\/posts"}],"about":[{"href":"https:\/\/www.esplac.cat\/en\/wp-json\/wp\/v2\/types\/post"}],"author":[{"embeddable":true,"href":"https:\/\/www.esplac.cat\/en\/wp-json\/wp\/v2\/users\/3"}],"replies":[{"embeddable":true,"href":"https:\/\/www.esplac.cat\/en\/wp-json\/wp\/v2\/comments?post=52001"}],"version-history":[{"count":2,"href":"https:\/\/www.esplac.cat\/en\/wp-json\/wp\/v2\/posts\/52001\/revisions"}],"predecessor-version":[{"id":52006,"href":"https:\/\/www.esplac.cat\/en\/wp-json\/wp\/v2\/posts\/52001\/revisions\/52006"}],"wp:featuredmedia":[{"embeddable":true,"href":"https:\/\/www.esplac.cat\/en\/wp-json\/wp\/v2\/media\/52007"}],"wp:attachment":[{"href":"https:\/\/www.esplac.cat\/en\/wp-json\/wp\/v2\/media?parent=52001"}],"wp:term":[{"taxonomy":"category","embeddable":true,"href":"https:\/\/www.esplac.cat\/en\/wp-json\/wp\/v2\/categories?post=52001"},{"taxonomy":"post_tag","embeddable":true,"href":"https:\/\/www.esplac.cat\/en\/wp-json\/wp\/v2\/tags?post=52001"}],"curies":[{"name":"wp","href":"https:\/\/api.w.org\/{rel}","templated":true}]}}