{"id":52110,"date":"2025-01-08T10:00:30","date_gmt":"2025-01-08T08:00:30","guid":{"rendered":"https:\/\/www.esplac.cat\/?p=52110"},"modified":"2025-01-08T11:10:34","modified_gmt":"2025-01-08T09:10:34","slug":"equip-organitzacio-esplaiada","status":"publish","type":"post","link":"https:\/\/www.esplac.cat\/en\/equip-organitzacio-esplaiada\/","title":{"rendered":"Suma&#8217;t a l&#8217;Equip d&#8217;Organitzaci\u00f3 de l&#8217;Esplaiada!"},"content":{"rendered":"<div class=\"fusion-fullwidth fullwidth-box fusion-builder-row-1 fusion-flex-container has-pattern-background has-mask-background nonhundred-percent-fullwidth non-hundred-percent-height-scrolling\" style=\"--awb-border-radius-top-left:0px;--awb-border-radius-top-right:0px;--awb-border-radius-bottom-right:0px;--awb-border-radius-bottom-left:0px;--awb-flex-wrap:wrap;\" ><div class=\"fusion-builder-row fusion-row fusion-flex-align-items-flex-start fusion-flex-content-wrap\" style=\"max-width:1248px;margin-left: calc(-4% \/ 2 );margin-right: calc(-4% \/ 2 );\"><div class=\"fusion-layout-column fusion_builder_column fusion-builder-column-0 fusion_builder_column_1_1 1_1 fusion-flex-column\" style=\"--awb-bg-size:cover;--awb-width-large:100%;--awb-margin-top-large:0px;--awb-spacing-right-large:1.92%;--awb-margin-bottom-large:20px;--awb-spacing-left-large:1.92%;--awb-width-medium:100%;--awb-order-medium:0;--awb-spacing-right-medium:1.92%;--awb-spacing-left-medium:1.92%;--awb-width-small:100%;--awb-order-small:0;--awb-spacing-right-small:1.92%;--awb-spacing-left-small:1.92%;\"><div class=\"fusion-column-wrapper fusion-column-has-shadow fusion-flex-justify-content-flex-start fusion-content-layout-column\"><div class=\"fusion-text fusion-text-1\"><h6><strong>Ja saps que els dies 16, 17 i 18 de maig celebrem l\u2019Esplaiada a Vilanova i la Geltr\u00fa? Doncs ja et pots inscriure a l\u2019Equip d\u2019Organitzaci\u00f3 per ajudar amb la dinamitzaci\u00f3 i la log\u00edstica!<\/strong><\/h6>\n<p>Per fer possible l\u2019<span style=\"color: #f69d0b;\"><a style=\"color: #f69d0b;\" href=\"https:\/\/www.esplac.cat\/trobades\/esplaiada\/\" target=\"_blank\" rel=\"noopener\"><strong>Esplaiada 2025<\/strong><\/a><\/span>, formarem un equip d\u2019organitzaci\u00f3 amb 70 persones volunt\u00e0ries que donaran suport en tasques de dinamitzaci\u00f3 i log\u00edstica durant la trobada. Si ja has tancat la teva etapa com a monitor\/a o dirigent, si ets s\u00f2cia d\u2019Esplac i no vols deixar passar l\u2019oportunitat de viure l\u2019Esplaiada 2025\u2026 Aquest \u00e9s el teu moment! T\u2019hi esperem!<\/p>\n<h4><strong>Qu\u00e8 \u00e9s l\u2019Esplaiada?<\/strong><\/h4>\n<p>L\u2019Esplaiada 2025 \u00e9s la trobada general de tots els esplais d\u2019Esplac, que se celebra cada 3 anys. Enguany la trobada tindr\u00e0 lloc a la ciutat de l\u2019esplai Drac M\u00e0gic el cap de setmana del 16, 17 i 18 de maig.<\/p>\n<h4><strong>Quines tasques puc fer?<\/strong><\/h4>\n<p>El Grup de Treball ja ha comen\u00e7at a preparar aquesta gran trobada, per\u00f2 necessitem un equip de persones volunt\u00e0ries que assumeixin diverses tasques:<\/p>\n<blockquote>\n<p><strong>Log\u00edstica:<\/strong> preparaci\u00f3 d\u2019infraestructures, \u00e0pats, material i espais.<\/p>\n<p><strong>Coordinaci\u00f3 de persones:<\/strong> informaci\u00f3 i acompanyament als esplais.<\/p>\n<p><strong>Comunicaci\u00f3:<\/strong> fotografia, xarxes socials i relaci\u00f3 amb mitjans.<\/p>\n<p><strong>Suport a comissions:<\/strong> ajuda en les accions preparades pels grups de treball i les comissions d\u2019Esplac.<\/p>\n<p><strong>Formar part del Centre d\u2019Inter\u00e8s:<\/strong> visitar les diferents activitats durant el dissabte mentre es desenvolupa un personatge concret i tenir un paper a l\u2019Acte Unitari de diumenge.<\/p>\n<\/blockquote>\n<p>Les 70 persones volunt\u00e0ries de l\u2019equip d\u2019organitzaci\u00f3 no han de tenir necess\u00e0riament vinculaci\u00f3 amb Esplais Catalans, simplement cal compartir els valors de l\u2019associaci\u00f3, creure en l\u2019educaci\u00f3 popular com a espai de transformaci\u00f3 social o voler passar un gran cap de setmana ple d\u2019activitats i emocions.<\/p>\n<p><strong>Guarda\u2019t el 22 de mar\u00e7 que farem reuni\u00f3 de l\u2019Equip d\u2019Organitzaci\u00f3 a la ciutat acollidora!<\/strong><\/p>\n<p>Perqu\u00e8 l\u2019Esplaiada 2025 sigui inoblidable, necessitem que hi participis! Inscriu-te a l\u2019equip d\u2019organitzaci\u00f3 a trav\u00e9s d&#8217;<span style=\"color: #f69d0b;\"><a style=\"color: #f69d0b;\" href=\"https:\/\/infoesplac.typeform.com\/to\/O4qcNmjz\" target=\"_blank\" rel=\"noopener\"><strong>aquest<\/strong><\/a><\/span> formulari.<\/p>\n<\/div><div style=\"text-align:center;\"><a class=\"fusion-button button-flat fusion-button-default-size button-default fusion-button-default button-1 fusion-button-default-span fusion-button-default-type\" style=\"--button_margin-top:15px;--button_margin-bottom:20px;\" target=\"_self\" href=\"https:\/\/infoesplac.typeform.com\/to\/O4qcNmjz\"><span class=\"fusion-button-text\">Apunta&#8217;t a l&#8217;equip d&#8217;organitzaci\u00f3!<\/span><\/a><\/div><div class=\"fusion-text fusion-text-2\"><p>Si tens qualsevol dubte, envia un missatge electr\u00f2nic a organitzacio@esplac.cat. I recordeu que podeu estar al dia de tot el que passa a trav\u00e9s de l\u2019Instagram de l\u2019@esplaiada!<\/p>\n<\/div><\/div><\/div><\/div><\/div>\n","protected":false},"excerpt":{"rendered":"","protected":false},"author":3,"featured_media":52112,"comment_status":"closed","ping_status":"closed","sticky":false,"template":"","format":"standard","meta":{"om_disable_all_campaigns":false,"_monsterinsights_skip_tracking":false,"_monsterinsights_sitenote_active":false,"_monsterinsights_sitenote_note":"","_monsterinsights_sitenote_category":0,"_uf_show_specific_survey":0,"_uf_disable_surveys":false,"footnotes":""},"categories":[1111,1136],"tags":[],"class_list":["post-52110","post","type-post","status-publish","format-standard","has-post-thumbnail","hentry","category-activitats-esplac","category-esplaiada"],"yoast_head":"<!-- This site is optimized with the Yoast SEO plugin v27.4 - https:\/\/yoast.com\/product\/yoast-seo-wordpress\/ -->\n<title>Suma&#039;t a l&#039;Equip d&#039;Organitzaci\u00f3 de l&#039;Esplaiada! - Esplac<\/title>\n<meta name=\"description\" content=\"Ja et pots inscriure a l\u2019equip d\u2019organitzaci\u00f3 de l&#039;Esplaiada per ajudar amb la dinamitzaci\u00f3 i la log\u00edstica de la trobada m\u00e9s esperada!\" \/>\n<meta name=\"robots\" content=\"index, follow, max-snippet:-1, max-image-preview:large, max-video-preview:-1\" \/>\n<link rel=\"canonical\" href=\"https:\/\/www.esplac.cat\/equip-organitzacio-esplaiada\/\" \/>\n<meta property=\"og:locale\" content=\"en_US\" \/>\n<meta property=\"og:type\" content=\"article\" \/>\n<meta property=\"og:title\" content=\"Suma&#039;t a l&#039;Equip d&#039;Organitzaci\u00f3 de l&#039;Esplaiada! - Esplac\" \/>\n<meta property=\"og:description\" content=\"Ja et pots inscriure a l\u2019equip d\u2019organitzaci\u00f3 de l&#039;Esplaiada per ajudar amb la dinamitzaci\u00f3 i la log\u00edstica de la trobada m\u00e9s esperada!\" \/>\n<meta property=\"og:url\" content=\"https:\/\/www.esplac.cat\/equip-organitzacio-esplaiada\/\" \/>\n<meta property=\"og:site_name\" content=\"Esplac\" \/>\n<meta property=\"article:published_time\" content=\"2025-01-08T08:00:30+00:00\" \/>\n<meta property=\"article:modified_time\" content=\"2025-01-08T09:10:34+00:00\" \/>\n<meta property=\"og:image\" content=\"https:\/\/www.esplac.cat\/wp-content\/uploads\/2025\/01\/Equip-Organitzacio.jpg\" \/>\n\t<meta property=\"og:image:width\" content=\"1697\" \/>\n\t<meta property=\"og:image:height\" content=\"700\" \/>\n\t<meta property=\"og:image:type\" content=\"image\/jpeg\" \/>\n<meta name=\"author\" content=\"Comunicaci\u00f3 Esplac\" \/>\n<meta name=\"twitter:card\" content=\"summary_large_image\" \/>\n<meta name=\"twitter:label1\" content=\"Written by\" \/>\n\t<meta name=\"twitter:data1\" content=\"Comunicaci\u00f3 Esplac\" \/>\n\t<meta name=\"twitter:label2\" content=\"Est. reading time\" \/>\n\t<meta name=\"twitter:data2\" content=\"1 minute\" \/>\n<script type=\"application\/ld+json\" class=\"yoast-schema-graph\">{\"@context\":\"https:\\\/\\\/schema.org\",\"@graph\":[{\"@type\":\"Article\",\"@id\":\"https:\\\/\\\/www.esplac.cat\\\/equip-organitzacio-esplaiada\\\/#article\",\"isPartOf\":{\"@id\":\"https:\\\/\\\/www.esplac.cat\\\/equip-organitzacio-esplaiada\\\/\"},\"author\":{\"name\":\"Comunicaci\u00f3 Esplac\",\"@id\":\"https:\\\/\\\/www.esplac.cat\\\/#\\\/schema\\\/person\\\/908383cf240be18b68f8855d0583faca\"},\"headline\":\"Suma&#8217;t a l&#8217;Equip d&#8217;Organitzaci\u00f3 de l&#8217;Esplaiada!\",\"datePublished\":\"2025-01-08T08:00:30+00:00\",\"dateModified\":\"2025-01-08T09:10:34+00:00\",\"mainEntityOfPage\":{\"@id\":\"https:\\\/\\\/www.esplac.cat\\\/equip-organitzacio-esplaiada\\\/\"},\"wordCount\":1597,\"publisher\":{\"@id\":\"https:\\\/\\\/www.esplac.cat\\\/#organization\"},\"image\":{\"@id\":\"https:\\\/\\\/www.esplac.cat\\\/equip-organitzacio-esplaiada\\\/#primaryimage\"},\"thumbnailUrl\":\"https:\\\/\\\/www.esplac.cat\\\/wp-content\\\/uploads\\\/2025\\\/01\\\/Equip-Organitzacio.jpg\",\"articleSection\":[\"Activitats esplac\",\"Esplaiada\"],\"inLanguage\":\"en-US\"},{\"@type\":\"WebPage\",\"@id\":\"https:\\\/\\\/www.esplac.cat\\\/equip-organitzacio-esplaiada\\\/\",\"url\":\"https:\\\/\\\/www.esplac.cat\\\/equip-organitzacio-esplaiada\\\/\",\"name\":\"Suma't a l'Equip d'Organitzaci\u00f3 de l'Esplaiada! - Esplac\",\"isPartOf\":{\"@id\":\"https:\\\/\\\/www.esplac.cat\\\/#website\"},\"primaryImageOfPage\":{\"@id\":\"https:\\\/\\\/www.esplac.cat\\\/equip-organitzacio-esplaiada\\\/#primaryimage\"},\"image\":{\"@id\":\"https:\\\/\\\/www.esplac.cat\\\/equip-organitzacio-esplaiada\\\/#primaryimage\"},\"thumbnailUrl\":\"https:\\\/\\\/www.esplac.cat\\\/wp-content\\\/uploads\\\/2025\\\/01\\\/Equip-Organitzacio.jpg\",\"datePublished\":\"2025-01-08T08:00:30+00:00\",\"dateModified\":\"2025-01-08T09:10:34+00:00\",\"description\":\"Ja et pots inscriure a l\u2019equip d\u2019organitzaci\u00f3 de l'Esplaiada per ajudar amb la dinamitzaci\u00f3 i la log\u00edstica de la trobada m\u00e9s esperada!\",\"breadcrumb\":{\"@id\":\"https:\\\/\\\/www.esplac.cat\\\/equip-organitzacio-esplaiada\\\/#breadcrumb\"},\"inLanguage\":\"en-US\",\"potentialAction\":[{\"@type\":\"ReadAction\",\"target\":[\"https:\\\/\\\/www.esplac.cat\\\/equip-organitzacio-esplaiada\\\/\"]}]},{\"@type\":\"ImageObject\",\"inLanguage\":\"en-US\",\"@id\":\"https:\\\/\\\/www.esplac.cat\\\/equip-organitzacio-esplaiada\\\/#primaryimage\",\"url\":\"https:\\\/\\\/www.esplac.cat\\\/wp-content\\\/uploads\\\/2025\\\/01\\\/Equip-Organitzacio.jpg\",\"contentUrl\":\"https:\\\/\\\/www.esplac.cat\\\/wp-content\\\/uploads\\\/2025\\\/01\\\/Equip-Organitzacio.jpg\",\"width\":1697,\"height\":700,\"caption\":\"Equip Organitzaci\u00f3\"},{\"@type\":\"BreadcrumbList\",\"@id\":\"https:\\\/\\\/www.esplac.cat\\\/equip-organitzacio-esplaiada\\\/#breadcrumb\",\"itemListElement\":[{\"@type\":\"ListItem\",\"position\":1,\"name\":\"Inici\",\"item\":\"https:\\\/\\\/www.esplac.cat\\\/en\\\/\"},{\"@type\":\"ListItem\",\"position\":2,\"name\":\"Suma&#8217;t a l&#8217;Equip d&#8217;Organitzaci\u00f3 de l&#8217;Esplaiada!\"}]},{\"@type\":\"WebSite\",\"@id\":\"https:\\\/\\\/www.esplac.cat\\\/#website\",\"url\":\"https:\\\/\\\/www.esplac.cat\\\/\",\"name\":\"Esplac\",\"description\":\"Esplais Catalans\",\"publisher\":{\"@id\":\"https:\\\/\\\/www.esplac.cat\\\/#organization\"},\"potentialAction\":[{\"@type\":\"SearchAction\",\"target\":{\"@type\":\"EntryPoint\",\"urlTemplate\":\"https:\\\/\\\/www.esplac.cat\\\/?s={search_term_string}\"},\"query-input\":{\"@type\":\"PropertyValueSpecification\",\"valueRequired\":true,\"valueName\":\"search_term_string\"}}],\"inLanguage\":\"en-US\"},{\"@type\":\"Organization\",\"@id\":\"https:\\\/\\\/www.esplac.cat\\\/#organization\",\"name\":\"Esplac\",\"url\":\"https:\\\/\\\/www.esplac.cat\\\/\",\"logo\":{\"@type\":\"ImageObject\",\"inLanguage\":\"en-US\",\"@id\":\"https:\\\/\\\/www.esplac.cat\\\/#\\\/schema\\\/logo\\\/image\\\/\",\"url\":\"https:\\\/\\\/www.esplac.cat\\\/wp-content\\\/uploads\\\/2019\\\/08\\\/logox2.png\",\"contentUrl\":\"https:\\\/\\\/www.esplac.cat\\\/wp-content\\\/uploads\\\/2019\\\/08\\\/logox2.png\",\"width\":600,\"height\":295,\"caption\":\"Esplac\"},\"image\":{\"@id\":\"https:\\\/\\\/www.esplac.cat\\\/#\\\/schema\\\/logo\\\/image\\\/\"}},{\"@type\":\"Person\",\"@id\":\"https:\\\/\\\/www.esplac.cat\\\/#\\\/schema\\\/person\\\/908383cf240be18b68f8855d0583faca\",\"name\":\"Comunicaci\u00f3 Esplac\",\"image\":{\"@type\":\"ImageObject\",\"inLanguage\":\"en-US\",\"@id\":\"https:\\\/\\\/secure.gravatar.com\\\/avatar\\\/7a4cf8feb412a76ea4a740ca02d95b06b2907b5a6c648c2dd0a1082a093c3141?s=96&d=mm&r=g\",\"url\":\"https:\\\/\\\/secure.gravatar.com\\\/avatar\\\/7a4cf8feb412a76ea4a740ca02d95b06b2907b5a6c648c2dd0a1082a093c3141?s=96&d=mm&r=g\",\"contentUrl\":\"https:\\\/\\\/secure.gravatar.com\\\/avatar\\\/7a4cf8feb412a76ea4a740ca02d95b06b2907b5a6c648c2dd0a1082a093c3141?s=96&d=mm&r=g\",\"caption\":\"Comunicaci\u00f3 Esplac\"}}]}<\/script>\n<!-- \/ Yoast SEO plugin. -->","yoast_head_json":{"title":"Suma't a l'Equip d'Organitzaci\u00f3 de l'Esplaiada! - Esplac","description":"Ja et pots inscriure a l\u2019equip d\u2019organitzaci\u00f3 de l'Esplaiada per ajudar amb la dinamitzaci\u00f3 i la log\u00edstica de la trobada m\u00e9s esperada!","robots":{"index":"index","follow":"follow","max-snippet":"max-snippet:-1","max-image-preview":"max-image-preview:large","max-video-preview":"max-video-preview:-1"},"canonical":"https:\/\/www.esplac.cat\/equip-organitzacio-esplaiada\/","og_locale":"en_US","og_type":"article","og_title":"Suma't a l'Equip d'Organitzaci\u00f3 de l'Esplaiada! - Esplac","og_description":"Ja et pots inscriure a l\u2019equip d\u2019organitzaci\u00f3 de l'Esplaiada per ajudar amb la dinamitzaci\u00f3 i la log\u00edstica de la trobada m\u00e9s esperada!","og_url":"https:\/\/www.esplac.cat\/equip-organitzacio-esplaiada\/","og_site_name":"Esplac","article_published_time":"2025-01-08T08:00:30+00:00","article_modified_time":"2025-01-08T09:10:34+00:00","og_image":[{"width":1697,"height":700,"url":"https:\/\/www.esplac.cat\/wp-content\/uploads\/2025\/01\/Equip-Organitzacio.jpg","type":"image\/jpeg"}],"author":"Comunicaci\u00f3 Esplac","twitter_card":"summary_large_image","twitter_misc":{"Written by":"Comunicaci\u00f3 Esplac","Est. reading time":"1 minute"},"schema":{"@context":"https:\/\/schema.org","@graph":[{"@type":"Article","@id":"https:\/\/www.esplac.cat\/equip-organitzacio-esplaiada\/#article","isPartOf":{"@id":"https:\/\/www.esplac.cat\/equip-organitzacio-esplaiada\/"},"author":{"name":"Comunicaci\u00f3 Esplac","@id":"https:\/\/www.esplac.cat\/#\/schema\/person\/908383cf240be18b68f8855d0583faca"},"headline":"Suma&#8217;t a l&#8217;Equip d&#8217;Organitzaci\u00f3 de l&#8217;Esplaiada!","datePublished":"2025-01-08T08:00:30+00:00","dateModified":"2025-01-08T09:10:34+00:00","mainEntityOfPage":{"@id":"https:\/\/www.esplac.cat\/equip-organitzacio-esplaiada\/"},"wordCount":1597,"publisher":{"@id":"https:\/\/www.esplac.cat\/#organization"},"image":{"@id":"https:\/\/www.esplac.cat\/equip-organitzacio-esplaiada\/#primaryimage"},"thumbnailUrl":"https:\/\/www.esplac.cat\/wp-content\/uploads\/2025\/01\/Equip-Organitzacio.jpg","articleSection":["Activitats esplac","Esplaiada"],"inLanguage":"en-US"},{"@type":"WebPage","@id":"https:\/\/www.esplac.cat\/equip-organitzacio-esplaiada\/","url":"https:\/\/www.esplac.cat\/equip-organitzacio-esplaiada\/","name":"Suma't a l'Equip d'Organitzaci\u00f3 de l'Esplaiada! - Esplac","isPartOf":{"@id":"https:\/\/www.esplac.cat\/#website"},"primaryImageOfPage":{"@id":"https:\/\/www.esplac.cat\/equip-organitzacio-esplaiada\/#primaryimage"},"image":{"@id":"https:\/\/www.esplac.cat\/equip-organitzacio-esplaiada\/#primaryimage"},"thumbnailUrl":"https:\/\/www.esplac.cat\/wp-content\/uploads\/2025\/01\/Equip-Organitzacio.jpg","datePublished":"2025-01-08T08:00:30+00:00","dateModified":"2025-01-08T09:10:34+00:00","description":"Ja et pots inscriure a l\u2019equip d\u2019organitzaci\u00f3 de l'Esplaiada per ajudar amb la dinamitzaci\u00f3 i la log\u00edstica de la trobada m\u00e9s esperada!","breadcrumb":{"@id":"https:\/\/www.esplac.cat\/equip-organitzacio-esplaiada\/#breadcrumb"},"inLanguage":"en-US","potentialAction":[{"@type":"ReadAction","target":["https:\/\/www.esplac.cat\/equip-organitzacio-esplaiada\/"]}]},{"@type":"ImageObject","inLanguage":"en-US","@id":"https:\/\/www.esplac.cat\/equip-organitzacio-esplaiada\/#primaryimage","url":"https:\/\/www.esplac.cat\/wp-content\/uploads\/2025\/01\/Equip-Organitzacio.jpg","contentUrl":"https:\/\/www.esplac.cat\/wp-content\/uploads\/2025\/01\/Equip-Organitzacio.jpg","width":1697,"height":700,"caption":"Equip Organitzaci\u00f3"},{"@type":"BreadcrumbList","@id":"https:\/\/www.esplac.cat\/equip-organitzacio-esplaiada\/#breadcrumb","itemListElement":[{"@type":"ListItem","position":1,"name":"Inici","item":"https:\/\/www.esplac.cat\/en\/"},{"@type":"ListItem","position":2,"name":"Suma&#8217;t a l&#8217;Equip d&#8217;Organitzaci\u00f3 de l&#8217;Esplaiada!"}]},{"@type":"WebSite","@id":"https:\/\/www.esplac.cat\/#website","url":"https:\/\/www.esplac.cat\/","name":"Esplac","description":"Esplais Catalans","publisher":{"@id":"https:\/\/www.esplac.cat\/#organization"},"potentialAction":[{"@type":"SearchAction","target":{"@type":"EntryPoint","urlTemplate":"https:\/\/www.esplac.cat\/?s={search_term_string}"},"query-input":{"@type":"PropertyValueSpecification","valueRequired":true,"valueName":"search_term_string"}}],"inLanguage":"en-US"},{"@type":"Organization","@id":"https:\/\/www.esplac.cat\/#organization","name":"Esplac","url":"https:\/\/www.esplac.cat\/","logo":{"@type":"ImageObject","inLanguage":"en-US","@id":"https:\/\/www.esplac.cat\/#\/schema\/logo\/image\/","url":"https:\/\/www.esplac.cat\/wp-content\/uploads\/2019\/08\/logox2.png","contentUrl":"https:\/\/www.esplac.cat\/wp-content\/uploads\/2019\/08\/logox2.png","width":600,"height":295,"caption":"Esplac"},"image":{"@id":"https:\/\/www.esplac.cat\/#\/schema\/logo\/image\/"}},{"@type":"Person","@id":"https:\/\/www.esplac.cat\/#\/schema\/person\/908383cf240be18b68f8855d0583faca","name":"Comunicaci\u00f3 Esplac","image":{"@type":"ImageObject","inLanguage":"en-US","@id":"https:\/\/secure.gravatar.com\/avatar\/7a4cf8feb412a76ea4a740ca02d95b06b2907b5a6c648c2dd0a1082a093c3141?s=96&d=mm&r=g","url":"https:\/\/secure.gravatar.com\/avatar\/7a4cf8feb412a76ea4a740ca02d95b06b2907b5a6c648c2dd0a1082a093c3141?s=96&d=mm&r=g","contentUrl":"https:\/\/secure.gravatar.com\/avatar\/7a4cf8feb412a76ea4a740ca02d95b06b2907b5a6c648c2dd0a1082a093c3141?s=96&d=mm&r=g","caption":"Comunicaci\u00f3 Esplac"}}]}},"_links":{"self":[{"href":"https:\/\/www.esplac.cat\/en\/wp-json\/wp\/v2\/posts\/52110","targetHints":{"allow":["GET"]}}],"collection":[{"href":"https:\/\/www.esplac.cat\/en\/wp-json\/wp\/v2\/posts"}],"about":[{"href":"https:\/\/www.esplac.cat\/en\/wp-json\/wp\/v2\/types\/post"}],"author":[{"embeddable":true,"href":"https:\/\/www.esplac.cat\/en\/wp-json\/wp\/v2\/users\/3"}],"replies":[{"embeddable":true,"href":"https:\/\/www.esplac.cat\/en\/wp-json\/wp\/v2\/comments?post=52110"}],"version-history":[{"count":5,"href":"https:\/\/www.esplac.cat\/en\/wp-json\/wp\/v2\/posts\/52110\/revisions"}],"predecessor-version":[{"id":52118,"href":"https:\/\/www.esplac.cat\/en\/wp-json\/wp\/v2\/posts\/52110\/revisions\/52118"}],"wp:featuredmedia":[{"embeddable":true,"href":"https:\/\/www.esplac.cat\/en\/wp-json\/wp\/v2\/media\/52112"}],"wp:attachment":[{"href":"https:\/\/www.esplac.cat\/en\/wp-json\/wp\/v2\/media?parent=52110"}],"wp:term":[{"taxonomy":"category","embeddable":true,"href":"https:\/\/www.esplac.cat\/en\/wp-json\/wp\/v2\/categories?post=52110"},{"taxonomy":"post_tag","embeddable":true,"href":"https:\/\/www.esplac.cat\/en\/wp-json\/wp\/v2\/tags?post=52110"}],"curies":[{"name":"wp","href":"https:\/\/api.w.org\/{rel}","templated":true}]}}