{"id":52382,"date":"2025-01-30T13:13:08","date_gmt":"2025-01-30T11:13:08","guid":{"rendered":"https:\/\/www.esplac.cat\/?p=52382"},"modified":"2025-01-30T14:12:42","modified_gmt":"2025-01-30T12:12:42","slug":"una-cinquantena-dexdirigents-desplac-es-reuneixen-en-una-trobada-molt-especial","status":"publish","type":"post","link":"https:\/\/www.esplac.cat\/en\/una-cinquantena-dexdirigents-desplac-es-reuneixen-en-una-trobada-molt-especial\/","title":{"rendered":"Una cinquantena d\u2019exdirigents d\u2019Esplac es reuneixen en una trobada molt especial!"},"content":{"rendered":"<div class=\"fusion-fullwidth fullwidth-box fusion-builder-row-1 fusion-flex-container has-pattern-background has-mask-background nonhundred-percent-fullwidth non-hundred-percent-height-scrolling\" style=\"--awb-border-radius-top-left:0px;--awb-border-radius-top-right:0px;--awb-border-radius-bottom-right:0px;--awb-border-radius-bottom-left:0px;--awb-flex-wrap:wrap;\" ><div class=\"fusion-builder-row fusion-row fusion-flex-align-items-flex-start fusion-flex-content-wrap\" style=\"max-width:1248px;margin-left: calc(-4% \/ 2 );margin-right: calc(-4% \/ 2 );\"><div class=\"fusion-layout-column fusion_builder_column fusion-builder-column-0 fusion_builder_column_1_1 1_1 fusion-flex-column\" style=\"--awb-bg-size:cover;--awb-width-large:100%;--awb-margin-top-large:0px;--awb-spacing-right-large:1.92%;--awb-margin-bottom-large:20px;--awb-spacing-left-large:1.92%;--awb-width-medium:100%;--awb-order-medium:0;--awb-spacing-right-medium:1.92%;--awb-spacing-left-medium:1.92%;--awb-width-small:100%;--awb-order-small:0;--awb-spacing-right-small:1.92%;--awb-spacing-left-small:1.92%;\"><div class=\"fusion-column-wrapper fusion-column-has-shadow fusion-flex-justify-content-flex-start fusion-content-layout-column\"><div class=\"fusion-text fusion-text-1\"><h6><strong>El divendres 24 de gener s\u2019ha celebrat per primer cop una trobada on hi han participat membres i exmembres de l\u2019Equip de Coordinaci\u00f3 d\u2019Esplac, que anteriorment era l\u2019Equip de Direcci\u00f3. Ha sigut un espai molt bonic on s\u2019han compartit records i experi\u00e8ncies!<\/strong><\/h6>\n<p>El divendres 24 de gener va tenir lloc la <strong>primera trobada d\u2019exdirigents d\u2019Esplais Catalans<\/strong>, on van participar 46 persones. L\u2019espai va reunir gent de diferents generacions, entre qui hi havia algunes de les persones que van viure la fundaci\u00f3 de l\u2019entitat!<\/p>\n<p>La trobada va arrencar a les 18:30h de la tarda al Palau Robert, on es va visitar l&#8217;exposici\u00f3 <span style=\"color: #f69d0b;\"><a style=\"color: #f69d0b;\" href=\"https:\/\/www.social.cat\/reportatge\/22274\/cul-a-terra-homenatge-caus-esplais-escoles-vida\" target=\"_blank\" rel=\"noopener\"><em><strong>Cul a terra<\/strong><\/em><\/a><\/span>, una mostra impulsada pel Departament de Drets Socials i Inclusi\u00f3 i el Palau Robert que il\u00b7lustra, documenta i posa en valor l\u2019activitat d\u2019esplais i caus i la seva gran capacitat per a la transmissi\u00f3 de valors. La visita va ser un espai ideal per compartir viv\u00e8ncies de l\u2019Esplai i d\u2019Esplac, cosa que va trencar el gel i va obrir la porta a con\u00e8ixer-se millor.<\/p>\n<p>Un cop acabada la visita, les i els exdirigents van anar a l&#8217;<span style=\"color: #f69d0b;\"><a style=\"color: #f69d0b;\" href=\"https:\/\/escolaelsol.coop\/\" target=\"_blank\" rel=\"noopener\"><strong>Escola Lliure el Sol<\/strong><\/a><\/span>, on van sopar i van fer diverses din\u00e0miques. En primer lloc, l\u2019Equip de Coordinaci\u00f3 (Equico) actual va explicar els projectes que s\u2019estan duent a terme ara a Esplac, aix\u00ed com els reptes que en aquest moment afronta l\u2019entitat i els principals esdeveniments que han passat els \u00faltims anys. Despr\u00e9s es va repartir un petit obsequi a tothom i, finalment, es va fer un concurs d&#8217;an\u00e8cdotes entre generacions.<\/p>\n<p>Amb tot, <strong>va ser una nit molt bonica de retrobament, on es van compartir experi\u00e8ncies i records d\u2019all\u00f2 m\u00e9s diversos<\/strong>, fent un rep\u00e0s general de tota la vida d\u2019Esplac. Com no podia ser d\u2019altra manera, durant la nit van sonar can\u00e7ons de diferents Esplaiades i Trobades Generals, que \u00e9s com se les anomenava abans. Per a algunes persones la trobada va ser especialment emotiva, hi ha gent que feia trenta anys que no es veia!<\/p>\n<p>Una de les parts m\u00e9s gratificants de la trobada ha estat veure que, per molt que passin els anys, <strong>el projecte d\u2019Esplac continua endavant amb for\u00e7a i amb un sentit de fons que es mant\u00e9 intacte<\/strong>. Connectar la realitat actual de l\u2019associaci\u00f3 amb la seva hist\u00f2ria i traject\u00f2ria \u00e9s una manera de prendre consci\u00e8ncia de la rellev\u00e0ncia del que es fa a Esplac, un projecte que ha marcat la vida de moltes persones.<\/p>\n<p>Amb tot, l\u2019experi\u00e8ncia ha agradat tant que ja hi ha intenci\u00f3 de repetir-la! La idea \u00e9s generar una trobada peri\u00f2dica de totes les membres d&#8217;Equips de Direcci\u00f3 i de Coordinaci\u00f3 d&#8217;Esplac, que s\u2019anomenar\u00e0 EXplac.<\/p>\n<\/div><div style=\"text-align:center;\"><a class=\"fusion-button button-flat fusion-button-default-size button-default fusion-button-default button-1 fusion-button-default-span fusion-button-default-type\" style=\"--button_margin-top:50px;--button_margin-bottom:50px;\" target=\"_self\" href=\"https:\/\/flic.kr\/s\/aHBqjBZLKA\"><span class=\"fusion-button-text\">La trobada, en imatges!<\/span><\/a><\/div><a data-flickr-embed=\"true\" href=\"https:\/\/www.flickr.com\/photos\/esplaiscatalans\/albums\/72177720323499496\" title=\"Trobada Explac\"><img decoding=\"async\" src=\"https:\/\/live.staticflickr.com\/65535\/54296370711_92a378bc3a_b.jpg\" width=\"1024\" height=\"768\" alt=\"Trobada Explac\"\/><\/a><script async src=\"\/\/embedr.flickr.com\/assets\/client-code.js\" charset=\"utf-8\"><\/script><\/div><\/div><\/div><\/div>\n","protected":false},"excerpt":{"rendered":"","protected":false},"author":3,"featured_media":52384,"comment_status":"closed","ping_status":"closed","sticky":false,"template":"","format":"standard","meta":{"om_disable_all_campaigns":false,"_monsterinsights_skip_tracking":false,"_monsterinsights_sitenote_active":false,"_monsterinsights_sitenote_note":"","_monsterinsights_sitenote_category":0,"_uf_show_specific_survey":0,"_uf_disable_surveys":false,"footnotes":""},"categories":[1339,1,1396],"tags":[],"class_list":["post-52382","post","type-post","status-publish","format-standard","has-post-thumbnail","hentry","category-equip-de-coordinacio","category-sense-categoria","category-socies"],"yoast_head":"<!-- This site is optimized with the Yoast SEO plugin v27.4 - https:\/\/yoast.com\/product\/yoast-seo-wordpress\/ -->\n<title>Exdirigents d\u2019Esplac es reuneixen en una trobada molt especial!<\/title>\n<meta name=\"description\" content=\"El 24 de gener s\u2019ha celebrat per primer cop una trobada on hi han participat membres i exmembres de l\u2019Equip de Coordinaci\u00f3 d\u2019Esplac.\" \/>\n<meta name=\"robots\" content=\"index, follow, max-snippet:-1, max-image-preview:large, max-video-preview:-1\" \/>\n<link rel=\"canonical\" href=\"https:\/\/www.esplac.cat\/una-cinquantena-dexdirigents-desplac-es-reuneixen-en-una-trobada-molt-especial\/\" \/>\n<meta property=\"og:locale\" content=\"en_US\" \/>\n<meta property=\"og:type\" content=\"article\" \/>\n<meta property=\"og:title\" content=\"Exdirigents d\u2019Esplac es reuneixen en una trobada molt especial!\" \/>\n<meta property=\"og:description\" content=\"El 24 de gener s\u2019ha celebrat per primer cop una trobada on hi han participat membres i exmembres de l\u2019Equip de Coordinaci\u00f3 d\u2019Esplac.\" \/>\n<meta property=\"og:url\" content=\"https:\/\/www.esplac.cat\/una-cinquantena-dexdirigents-desplac-es-reuneixen-en-una-trobada-molt-especial\/\" \/>\n<meta property=\"og:site_name\" content=\"Esplac\" \/>\n<meta property=\"article:published_time\" content=\"2025-01-30T11:13:08+00:00\" \/>\n<meta property=\"article:modified_time\" content=\"2025-01-30T12:12:42+00:00\" \/>\n<meta property=\"og:image\" content=\"https:\/\/www.esplac.cat\/wp-content\/uploads\/2025\/01\/EXplac.jpg\" \/>\n\t<meta property=\"og:image:width\" content=\"1697\" \/>\n\t<meta property=\"og:image:height\" content=\"700\" \/>\n\t<meta property=\"og:image:type\" content=\"image\/jpeg\" \/>\n<meta name=\"author\" content=\"Comunicaci\u00f3 Esplac\" \/>\n<meta name=\"twitter:card\" content=\"summary_large_image\" \/>\n<meta name=\"twitter:label1\" content=\"Written by\" \/>\n\t<meta name=\"twitter:data1\" content=\"Comunicaci\u00f3 Esplac\" \/>\n\t<meta name=\"twitter:label2\" content=\"Est. reading time\" \/>\n\t<meta name=\"twitter:data2\" content=\"3 minutes\" \/>\n<script type=\"application\/ld+json\" class=\"yoast-schema-graph\">{\"@context\":\"https:\\\/\\\/schema.org\",\"@graph\":[{\"@type\":\"Article\",\"@id\":\"https:\\\/\\\/www.esplac.cat\\\/una-cinquantena-dexdirigents-desplac-es-reuneixen-en-una-trobada-molt-especial\\\/#article\",\"isPartOf\":{\"@id\":\"https:\\\/\\\/www.esplac.cat\\\/una-cinquantena-dexdirigents-desplac-es-reuneixen-en-una-trobada-molt-especial\\\/\"},\"author\":{\"name\":\"Comunicaci\u00f3 Esplac\",\"@id\":\"https:\\\/\\\/www.esplac.cat\\\/#\\\/schema\\\/person\\\/908383cf240be18b68f8855d0583faca\"},\"headline\":\"Una cinquantena d\u2019exdirigents d\u2019Esplac es reuneixen en una trobada molt especial!\",\"datePublished\":\"2025-01-30T11:13:08+00:00\",\"dateModified\":\"2025-01-30T12:12:42+00:00\",\"mainEntityOfPage\":{\"@id\":\"https:\\\/\\\/www.esplac.cat\\\/una-cinquantena-dexdirigents-desplac-es-reuneixen-en-una-trobada-molt-especial\\\/\"},\"wordCount\":1687,\"publisher\":{\"@id\":\"https:\\\/\\\/www.esplac.cat\\\/#organization\"},\"image\":{\"@id\":\"https:\\\/\\\/www.esplac.cat\\\/una-cinquantena-dexdirigents-desplac-es-reuneixen-en-una-trobada-molt-especial\\\/#primaryimage\"},\"thumbnailUrl\":\"https:\\\/\\\/www.esplac.cat\\\/wp-content\\\/uploads\\\/2025\\\/01\\\/EXplac.jpg\",\"articleSection\":[\"Equip de Coordinaci\u00f3\",\"Sense categoria\",\"S\u00f2cies\"],\"inLanguage\":\"en-US\"},{\"@type\":\"WebPage\",\"@id\":\"https:\\\/\\\/www.esplac.cat\\\/una-cinquantena-dexdirigents-desplac-es-reuneixen-en-una-trobada-molt-especial\\\/\",\"url\":\"https:\\\/\\\/www.esplac.cat\\\/una-cinquantena-dexdirigents-desplac-es-reuneixen-en-una-trobada-molt-especial\\\/\",\"name\":\"Exdirigents d\u2019Esplac es reuneixen en una trobada molt especial!\",\"isPartOf\":{\"@id\":\"https:\\\/\\\/www.esplac.cat\\\/#website\"},\"primaryImageOfPage\":{\"@id\":\"https:\\\/\\\/www.esplac.cat\\\/una-cinquantena-dexdirigents-desplac-es-reuneixen-en-una-trobada-molt-especial\\\/#primaryimage\"},\"image\":{\"@id\":\"https:\\\/\\\/www.esplac.cat\\\/una-cinquantena-dexdirigents-desplac-es-reuneixen-en-una-trobada-molt-especial\\\/#primaryimage\"},\"thumbnailUrl\":\"https:\\\/\\\/www.esplac.cat\\\/wp-content\\\/uploads\\\/2025\\\/01\\\/EXplac.jpg\",\"datePublished\":\"2025-01-30T11:13:08+00:00\",\"dateModified\":\"2025-01-30T12:12:42+00:00\",\"description\":\"El 24 de gener s\u2019ha celebrat per primer cop una trobada on hi han participat membres i exmembres de l\u2019Equip de Coordinaci\u00f3 d\u2019Esplac.\",\"breadcrumb\":{\"@id\":\"https:\\\/\\\/www.esplac.cat\\\/una-cinquantena-dexdirigents-desplac-es-reuneixen-en-una-trobada-molt-especial\\\/#breadcrumb\"},\"inLanguage\":\"en-US\",\"potentialAction\":[{\"@type\":\"ReadAction\",\"target\":[\"https:\\\/\\\/www.esplac.cat\\\/una-cinquantena-dexdirigents-desplac-es-reuneixen-en-una-trobada-molt-especial\\\/\"]}]},{\"@type\":\"ImageObject\",\"inLanguage\":\"en-US\",\"@id\":\"https:\\\/\\\/www.esplac.cat\\\/una-cinquantena-dexdirigents-desplac-es-reuneixen-en-una-trobada-molt-especial\\\/#primaryimage\",\"url\":\"https:\\\/\\\/www.esplac.cat\\\/wp-content\\\/uploads\\\/2025\\\/01\\\/EXplac.jpg\",\"contentUrl\":\"https:\\\/\\\/www.esplac.cat\\\/wp-content\\\/uploads\\\/2025\\\/01\\\/EXplac.jpg\",\"width\":1697,\"height\":700},{\"@type\":\"BreadcrumbList\",\"@id\":\"https:\\\/\\\/www.esplac.cat\\\/una-cinquantena-dexdirigents-desplac-es-reuneixen-en-una-trobada-molt-especial\\\/#breadcrumb\",\"itemListElement\":[{\"@type\":\"ListItem\",\"position\":1,\"name\":\"Inici\",\"item\":\"https:\\\/\\\/www.esplac.cat\\\/en\\\/\"},{\"@type\":\"ListItem\",\"position\":2,\"name\":\"Una cinquantena d\u2019exdirigents d\u2019Esplac es reuneixen en una trobada molt especial!\"}]},{\"@type\":\"WebSite\",\"@id\":\"https:\\\/\\\/www.esplac.cat\\\/#website\",\"url\":\"https:\\\/\\\/www.esplac.cat\\\/\",\"name\":\"Esplac\",\"description\":\"Esplais Catalans\",\"publisher\":{\"@id\":\"https:\\\/\\\/www.esplac.cat\\\/#organization\"},\"potentialAction\":[{\"@type\":\"SearchAction\",\"target\":{\"@type\":\"EntryPoint\",\"urlTemplate\":\"https:\\\/\\\/www.esplac.cat\\\/?s={search_term_string}\"},\"query-input\":{\"@type\":\"PropertyValueSpecification\",\"valueRequired\":true,\"valueName\":\"search_term_string\"}}],\"inLanguage\":\"en-US\"},{\"@type\":\"Organization\",\"@id\":\"https:\\\/\\\/www.esplac.cat\\\/#organization\",\"name\":\"Esplac\",\"url\":\"https:\\\/\\\/www.esplac.cat\\\/\",\"logo\":{\"@type\":\"ImageObject\",\"inLanguage\":\"en-US\",\"@id\":\"https:\\\/\\\/www.esplac.cat\\\/#\\\/schema\\\/logo\\\/image\\\/\",\"url\":\"https:\\\/\\\/www.esplac.cat\\\/wp-content\\\/uploads\\\/2019\\\/08\\\/logox2.png\",\"contentUrl\":\"https:\\\/\\\/www.esplac.cat\\\/wp-content\\\/uploads\\\/2019\\\/08\\\/logox2.png\",\"width\":600,\"height\":295,\"caption\":\"Esplac\"},\"image\":{\"@id\":\"https:\\\/\\\/www.esplac.cat\\\/#\\\/schema\\\/logo\\\/image\\\/\"}},{\"@type\":\"Person\",\"@id\":\"https:\\\/\\\/www.esplac.cat\\\/#\\\/schema\\\/person\\\/908383cf240be18b68f8855d0583faca\",\"name\":\"Comunicaci\u00f3 Esplac\",\"image\":{\"@type\":\"ImageObject\",\"inLanguage\":\"en-US\",\"@id\":\"https:\\\/\\\/secure.gravatar.com\\\/avatar\\\/7a4cf8feb412a76ea4a740ca02d95b06b2907b5a6c648c2dd0a1082a093c3141?s=96&d=mm&r=g\",\"url\":\"https:\\\/\\\/secure.gravatar.com\\\/avatar\\\/7a4cf8feb412a76ea4a740ca02d95b06b2907b5a6c648c2dd0a1082a093c3141?s=96&d=mm&r=g\",\"contentUrl\":\"https:\\\/\\\/secure.gravatar.com\\\/avatar\\\/7a4cf8feb412a76ea4a740ca02d95b06b2907b5a6c648c2dd0a1082a093c3141?s=96&d=mm&r=g\",\"caption\":\"Comunicaci\u00f3 Esplac\"}}]}<\/script>\n<!-- \/ Yoast SEO plugin. -->","yoast_head_json":{"title":"Exdirigents d\u2019Esplac es reuneixen en una trobada molt especial!","description":"El 24 de gener s\u2019ha celebrat per primer cop una trobada on hi han participat membres i exmembres de l\u2019Equip de Coordinaci\u00f3 d\u2019Esplac.","robots":{"index":"index","follow":"follow","max-snippet":"max-snippet:-1","max-image-preview":"max-image-preview:large","max-video-preview":"max-video-preview:-1"},"canonical":"https:\/\/www.esplac.cat\/una-cinquantena-dexdirigents-desplac-es-reuneixen-en-una-trobada-molt-especial\/","og_locale":"en_US","og_type":"article","og_title":"Exdirigents d\u2019Esplac es reuneixen en una trobada molt especial!","og_description":"El 24 de gener s\u2019ha celebrat per primer cop una trobada on hi han participat membres i exmembres de l\u2019Equip de Coordinaci\u00f3 d\u2019Esplac.","og_url":"https:\/\/www.esplac.cat\/una-cinquantena-dexdirigents-desplac-es-reuneixen-en-una-trobada-molt-especial\/","og_site_name":"Esplac","article_published_time":"2025-01-30T11:13:08+00:00","article_modified_time":"2025-01-30T12:12:42+00:00","og_image":[{"width":1697,"height":700,"url":"https:\/\/www.esplac.cat\/wp-content\/uploads\/2025\/01\/EXplac.jpg","type":"image\/jpeg"}],"author":"Comunicaci\u00f3 Esplac","twitter_card":"summary_large_image","twitter_misc":{"Written by":"Comunicaci\u00f3 Esplac","Est. reading time":"3 minutes"},"schema":{"@context":"https:\/\/schema.org","@graph":[{"@type":"Article","@id":"https:\/\/www.esplac.cat\/una-cinquantena-dexdirigents-desplac-es-reuneixen-en-una-trobada-molt-especial\/#article","isPartOf":{"@id":"https:\/\/www.esplac.cat\/una-cinquantena-dexdirigents-desplac-es-reuneixen-en-una-trobada-molt-especial\/"},"author":{"name":"Comunicaci\u00f3 Esplac","@id":"https:\/\/www.esplac.cat\/#\/schema\/person\/908383cf240be18b68f8855d0583faca"},"headline":"Una cinquantena d\u2019exdirigents d\u2019Esplac es reuneixen en una trobada molt especial!","datePublished":"2025-01-30T11:13:08+00:00","dateModified":"2025-01-30T12:12:42+00:00","mainEntityOfPage":{"@id":"https:\/\/www.esplac.cat\/una-cinquantena-dexdirigents-desplac-es-reuneixen-en-una-trobada-molt-especial\/"},"wordCount":1687,"publisher":{"@id":"https:\/\/www.esplac.cat\/#organization"},"image":{"@id":"https:\/\/www.esplac.cat\/una-cinquantena-dexdirigents-desplac-es-reuneixen-en-una-trobada-molt-especial\/#primaryimage"},"thumbnailUrl":"https:\/\/www.esplac.cat\/wp-content\/uploads\/2025\/01\/EXplac.jpg","articleSection":["Equip de Coordinaci\u00f3","Sense categoria","S\u00f2cies"],"inLanguage":"en-US"},{"@type":"WebPage","@id":"https:\/\/www.esplac.cat\/una-cinquantena-dexdirigents-desplac-es-reuneixen-en-una-trobada-molt-especial\/","url":"https:\/\/www.esplac.cat\/una-cinquantena-dexdirigents-desplac-es-reuneixen-en-una-trobada-molt-especial\/","name":"Exdirigents d\u2019Esplac es reuneixen en una trobada molt especial!","isPartOf":{"@id":"https:\/\/www.esplac.cat\/#website"},"primaryImageOfPage":{"@id":"https:\/\/www.esplac.cat\/una-cinquantena-dexdirigents-desplac-es-reuneixen-en-una-trobada-molt-especial\/#primaryimage"},"image":{"@id":"https:\/\/www.esplac.cat\/una-cinquantena-dexdirigents-desplac-es-reuneixen-en-una-trobada-molt-especial\/#primaryimage"},"thumbnailUrl":"https:\/\/www.esplac.cat\/wp-content\/uploads\/2025\/01\/EXplac.jpg","datePublished":"2025-01-30T11:13:08+00:00","dateModified":"2025-01-30T12:12:42+00:00","description":"El 24 de gener s\u2019ha celebrat per primer cop una trobada on hi han participat membres i exmembres de l\u2019Equip de Coordinaci\u00f3 d\u2019Esplac.","breadcrumb":{"@id":"https:\/\/www.esplac.cat\/una-cinquantena-dexdirigents-desplac-es-reuneixen-en-una-trobada-molt-especial\/#breadcrumb"},"inLanguage":"en-US","potentialAction":[{"@type":"ReadAction","target":["https:\/\/www.esplac.cat\/una-cinquantena-dexdirigents-desplac-es-reuneixen-en-una-trobada-molt-especial\/"]}]},{"@type":"ImageObject","inLanguage":"en-US","@id":"https:\/\/www.esplac.cat\/una-cinquantena-dexdirigents-desplac-es-reuneixen-en-una-trobada-molt-especial\/#primaryimage","url":"https:\/\/www.esplac.cat\/wp-content\/uploads\/2025\/01\/EXplac.jpg","contentUrl":"https:\/\/www.esplac.cat\/wp-content\/uploads\/2025\/01\/EXplac.jpg","width":1697,"height":700},{"@type":"BreadcrumbList","@id":"https:\/\/www.esplac.cat\/una-cinquantena-dexdirigents-desplac-es-reuneixen-en-una-trobada-molt-especial\/#breadcrumb","itemListElement":[{"@type":"ListItem","position":1,"name":"Inici","item":"https:\/\/www.esplac.cat\/en\/"},{"@type":"ListItem","position":2,"name":"Una cinquantena d\u2019exdirigents d\u2019Esplac es reuneixen en una trobada molt especial!"}]},{"@type":"WebSite","@id":"https:\/\/www.esplac.cat\/#website","url":"https:\/\/www.esplac.cat\/","name":"Esplac","description":"Esplais Catalans","publisher":{"@id":"https:\/\/www.esplac.cat\/#organization"},"potentialAction":[{"@type":"SearchAction","target":{"@type":"EntryPoint","urlTemplate":"https:\/\/www.esplac.cat\/?s={search_term_string}"},"query-input":{"@type":"PropertyValueSpecification","valueRequired":true,"valueName":"search_term_string"}}],"inLanguage":"en-US"},{"@type":"Organization","@id":"https:\/\/www.esplac.cat\/#organization","name":"Esplac","url":"https:\/\/www.esplac.cat\/","logo":{"@type":"ImageObject","inLanguage":"en-US","@id":"https:\/\/www.esplac.cat\/#\/schema\/logo\/image\/","url":"https:\/\/www.esplac.cat\/wp-content\/uploads\/2019\/08\/logox2.png","contentUrl":"https:\/\/www.esplac.cat\/wp-content\/uploads\/2019\/08\/logox2.png","width":600,"height":295,"caption":"Esplac"},"image":{"@id":"https:\/\/www.esplac.cat\/#\/schema\/logo\/image\/"}},{"@type":"Person","@id":"https:\/\/www.esplac.cat\/#\/schema\/person\/908383cf240be18b68f8855d0583faca","name":"Comunicaci\u00f3 Esplac","image":{"@type":"ImageObject","inLanguage":"en-US","@id":"https:\/\/secure.gravatar.com\/avatar\/7a4cf8feb412a76ea4a740ca02d95b06b2907b5a6c648c2dd0a1082a093c3141?s=96&d=mm&r=g","url":"https:\/\/secure.gravatar.com\/avatar\/7a4cf8feb412a76ea4a740ca02d95b06b2907b5a6c648c2dd0a1082a093c3141?s=96&d=mm&r=g","contentUrl":"https:\/\/secure.gravatar.com\/avatar\/7a4cf8feb412a76ea4a740ca02d95b06b2907b5a6c648c2dd0a1082a093c3141?s=96&d=mm&r=g","caption":"Comunicaci\u00f3 Esplac"}}]}},"_links":{"self":[{"href":"https:\/\/www.esplac.cat\/en\/wp-json\/wp\/v2\/posts\/52382","targetHints":{"allow":["GET"]}}],"collection":[{"href":"https:\/\/www.esplac.cat\/en\/wp-json\/wp\/v2\/posts"}],"about":[{"href":"https:\/\/www.esplac.cat\/en\/wp-json\/wp\/v2\/types\/post"}],"author":[{"embeddable":true,"href":"https:\/\/www.esplac.cat\/en\/wp-json\/wp\/v2\/users\/3"}],"replies":[{"embeddable":true,"href":"https:\/\/www.esplac.cat\/en\/wp-json\/wp\/v2\/comments?post=52382"}],"version-history":[{"count":5,"href":"https:\/\/www.esplac.cat\/en\/wp-json\/wp\/v2\/posts\/52382\/revisions"}],"predecessor-version":[{"id":52390,"href":"https:\/\/www.esplac.cat\/en\/wp-json\/wp\/v2\/posts\/52382\/revisions\/52390"}],"wp:featuredmedia":[{"embeddable":true,"href":"https:\/\/www.esplac.cat\/en\/wp-json\/wp\/v2\/media\/52384"}],"wp:attachment":[{"href":"https:\/\/www.esplac.cat\/en\/wp-json\/wp\/v2\/media?parent=52382"}],"wp:term":[{"taxonomy":"category","embeddable":true,"href":"https:\/\/www.esplac.cat\/en\/wp-json\/wp\/v2\/categories?post=52382"},{"taxonomy":"post_tag","embeddable":true,"href":"https:\/\/www.esplac.cat\/en\/wp-json\/wp\/v2\/tags?post=52382"}],"curies":[{"name":"wp","href":"https:\/\/api.w.org\/{rel}","templated":true}]}}