{"id":52441,"date":"2025-02-06T12:30:11","date_gmt":"2025-02-06T10:30:11","guid":{"rendered":"https:\/\/www.esplac.cat\/?p=52441"},"modified":"2025-02-11T14:35:37","modified_gmt":"2025-02-11T12:35:37","slug":"fem-creixer-leducacio-que-revoluciona","status":"publish","type":"post","link":"https:\/\/www.esplac.cat\/en\/fem-creixer-leducacio-que-revoluciona\/","title":{"rendered":"&#8220;Fem cr\u00e9ixer l&#8217;educaci\u00f3 que revoluciona&#8221;, coneix la nova campanya d&#8217;Esplais Catalans"},"content":{"rendered":"<div class=\"fusion-fullwidth fullwidth-box fusion-builder-row-1 fusion-flex-container nonhundred-percent-fullwidth non-hundred-percent-height-scrolling\" style=\"--awb-border-radius-top-left:0px;--awb-border-radius-top-right:0px;--awb-border-radius-bottom-right:0px;--awb-border-radius-bottom-left:0px;--awb-flex-wrap:wrap;\" ><div class=\"fusion-builder-row fusion-row fusion-flex-align-items-flex-start fusion-flex-content-wrap\" style=\"max-width:1248px;margin-left: calc(-4% \/ 2 );margin-right: calc(-4% \/ 2 );\"><div class=\"fusion-layout-column fusion_builder_column fusion-builder-column-0 fusion_builder_column_1_1 1_1 fusion-flex-column\" style=\"--awb-bg-size:cover;--awb-width-large:100%;--awb-margin-top-large:0px;--awb-spacing-right-large:1.92%;--awb-margin-bottom-large:0px;--awb-spacing-left-large:1.92%;--awb-width-medium:100%;--awb-spacing-right-medium:1.92%;--awb-spacing-left-medium:1.92%;--awb-width-small:100%;--awb-spacing-right-small:1.92%;--awb-spacing-left-small:1.92%;\"><div class=\"fusion-column-wrapper fusion-flex-justify-content-flex-start fusion-content-layout-column\"><div class=\"fusion-text fusion-text-1\"><h6><strong>Esplais Catalans llancem una campanya que reivindica el valor de la tasca educativa dels esplais laics i voluntaris<\/strong><\/h6>\n<p>Des de fa un temps des d&#8217;<strong>Esplais Catalans treballem per reivindicar la tasca dels esplais i la seva implicaci\u00f3 en la societat i la transformaci\u00f3 social<\/strong>. Tot i aix\u00f2, sovint no tothom coneix all\u00f2 que realitzem, els valors amb que eduquem o l&#8217;impacte que tenim en els nostres pobles, ciutats o barris.<\/p>\n<p><a href=\"http:\/\/esplac.cat\"><strong><span style=\"color: #f69d0b;\">Esplais Catalans<\/span><\/strong><\/a> (o tamb\u00e9 coneguts com a Esplac) el conformem m\u00e9s de 100 esplais a m\u00e9s 70 municipis del territori catal\u00e0 i englobem una totalitat de 2.084 monis voluntaris i 7.803\u00a0 infants i joves. Sota el lema <strong>&#8220;El canvi comen\u00e7a a l&#8217;esplai. Fem cr\u00e9ixer l&#8217;educaci\u00f3 que revoluciona!&#8221; <\/strong>des de l&#8217;associaci\u00f3 impulsem una nova campanya comunicativa per sumar m\u00e9s s\u00f2cies i socis al projecte amb l&#8217;objectiu de fer con\u00e8ixer tot all\u00f2 que fem els esplais dia a dia i augmentar el finan\u00e7ament propi dels esplais i d&#8217;Esplac.<\/p>\n<p>I per qu\u00e8 diem que revoluciona, la forma en qu\u00e8 eduquem? Doncs perqu\u00e8 entenem que la nostra manera de fer-ho, els valors en qu\u00e8 ho fem i les idees que tenim s\u00f3n transformadors i revolucionaris. En el context actual on els discursos d&#8217;odi i la desinformaci\u00f3 van a l&#8217;al\u00e7a creiem en la necessitat d&#8217;una <strong>alternativa educativa real<\/strong>. Per aquest motiu seguim reivindicant el nostre model d&#8217;esplai, ara amb una nova campanya, imatge i esl\u00f2gan, que marcar\u00e0 una nova era per Esplais Catalans!<\/p>\n<p>Descobreix-ho tot sobre la campanya de s\u00f2cies a l&#8217;apartat web<strong> <span style=\"color: #f69d0b;\"><a style=\"color: #f69d0b;\" href=\"https:\/\/www.esplac.cat\/fes-te-socia\/\" target=\"_blank\" rel=\"noopener\">fes-te s\u00f2cia.<\/a><\/span><\/strong><\/p>\n<p><strong> I ja saps, no dubtis en sumar-te als que fem cr\u00e9ixer l&#8217;educaci\u00f3 que revoluciona!<\/strong><\/p>\n<div class=\"video-shortcode\"><iframe class=\"fusion-hidden\" data-privacy-type=\"youtube\" src=\"\" title=\"\u2063 &quot;Fem cr\u00e9ixer l&#039;educaci\u00f3 que revoluciona&quot; | Fes-te s\u00f2cia d&#039;Esplais Catalans\" width=\"1200\" height=\"675\" data-privacy-src=\"https:\/\/www.youtube.com\/embed\/WSHcrYJg264?feature=oembed\" frameborder=\"0\" allow=\"accelerometer; autoplay; clipboard-write; encrypted-media; gyroscope; picture-in-picture; web-share\" referrerpolicy=\"strict-origin-when-cross-origin\" allowfullscreen><\/iframe><div class=\"fusion-privacy-placeholder\" style=\"width:1200px; height:675px;\" data-privacy-type=\"youtube\"><div class=\"fusion-privacy-placeholder-content\"><div class=\"fusion-privacy-label\">For privacy reasons YouTube needs your permission to be loaded. For more details, please see our <a class=\"privacy-policy-link\" href=\"https:\/\/www.esplac.cat\/avis-legal\/\" rel=\"privacy-policy\">Av\u00eds Legal<\/a>.<\/div><a href=\"\" data-privacy-type=\"youtube\" class=\"fusion-button button-default fusion-button-default-size button fusion-privacy-consent\">I Accept<\/a><\/div><\/div><\/div>\n<div class=\"fusion-layout-column fusion_builder_column fusion-builder-column-9 fusion_builder_column_1_3 1_3 fusion-flex-column\">\n<div class=\"fusion-column-wrapper fusion-column-has-shadow fusion-flex-justify-content-flex-start fusion-content-layout-column\">\n<div class=\"fusion-counters-box counters-box row fusion-clearfix fusion-columns-1\">\n<div class=\"fusion-counter-box fusion-column col-counter-box counter-box-wrapper col-lg-12 col-md-12 col-sm-12\" data-animationoffset=\"top-into-view\">\n<div class=\"counter-box-container\"><\/div>\n<\/div>\n<\/div>\n<\/div>\n<\/div>\n<div class=\"fusion-layout-column fusion_builder_column fusion-builder-column-11 fusion_builder_column_1_3 1_3 fusion-flex-column\">\n<div class=\"fusion-column-wrapper fusion-column-has-shadow fusion-flex-justify-content-flex-start fusion-content-layout-column\">\n<div class=\"fusion-counters-box counters-box row fusion-clearfix fusion-columns-1\">\n<div class=\"fusion-counter-box fusion-column col-counter-box counter-box-wrapper col-lg-12 col-md-12 col-sm-12\" data-animationoffset=\"top-into-view\">\n<div class=\"counter-box-container\">\n<div class=\"content-box-percentage content-box-counter\"><\/div>\n<\/div>\n<\/div>\n<\/div>\n<\/div>\n<\/div>\n<\/div><\/div><\/div><\/div><\/div>\n","protected":false},"excerpt":{"rendered":"","protected":false},"author":3,"featured_media":52427,"comment_status":"closed","ping_status":"closed","sticky":false,"template":"","format":"standard","meta":{"om_disable_all_campaigns":false,"_monsterinsights_skip_tracking":false,"_monsterinsights_sitenote_active":false,"_monsterinsights_sitenote_note":"","_monsterinsights_sitenote_category":0,"_uf_show_specific_survey":0,"_uf_disable_surveys":false,"footnotes":""},"categories":[1563,1,1396],"tags":[],"class_list":["post-52441","post","type-post","status-publish","format-standard","has-post-thumbnail","hentry","category-leducacio-que-revoluciona","category-sense-categoria","category-socies"],"yoast_head":"<!-- This site is optimized with the Yoast SEO plugin v27.4 - https:\/\/yoast.com\/product\/yoast-seo-wordpress\/ -->\n<title>&quot;Fem cr\u00e9ixer l&#039;educaci\u00f3 que revoluciona&quot;, coneix la nova campanya d&#039;Esplais Catalans - Esplac<\/title>\n<meta name=\"description\" content=\"Fem cr\u00e9ixer l&#039;educaci\u00f3 que revoluciona. Fes-te s\u00f2cia d&#039;Esplais Catalans i ajuda&#039;ns a fer possible la tasca dels esplais i d&#039;Esplac!\" \/>\n<meta name=\"robots\" content=\"index, follow, max-snippet:-1, max-image-preview:large, max-video-preview:-1\" \/>\n<link rel=\"canonical\" href=\"https:\/\/www.esplac.cat\/fem-creixer-leducacio-que-revoluciona\/\" \/>\n<meta property=\"og:locale\" content=\"en_US\" \/>\n<meta property=\"og:type\" content=\"article\" \/>\n<meta property=\"og:title\" content=\"&quot;Fem cr\u00e9ixer l&#039;educaci\u00f3 que revoluciona&quot;, coneix la nova campanya d&#039;Esplais Catalans - Esplac\" \/>\n<meta property=\"og:description\" content=\"Fem cr\u00e9ixer l&#039;educaci\u00f3 que revoluciona. Fes-te s\u00f2cia d&#039;Esplais Catalans i ajuda&#039;ns a fer possible la tasca dels esplais i d&#039;Esplac!\" \/>\n<meta property=\"og:url\" content=\"https:\/\/www.esplac.cat\/fem-creixer-leducacio-que-revoluciona\/\" \/>\n<meta property=\"og:site_name\" content=\"Esplac\" \/>\n<meta property=\"article:published_time\" content=\"2025-02-06T10:30:11+00:00\" \/>\n<meta property=\"article:modified_time\" content=\"2025-02-11T12:35:37+00:00\" \/>\n<meta property=\"og:image\" content=\"https:\/\/www.esplac.cat\/wp-content\/uploads\/2025\/02\/ESPLAC_2025_2.png\" \/>\n\t<meta property=\"og:image:width\" content=\"1697\" \/>\n\t<meta property=\"og:image:height\" content=\"700\" \/>\n\t<meta property=\"og:image:type\" content=\"image\/png\" \/>\n<meta name=\"author\" content=\"Comunicaci\u00f3 Esplac\" \/>\n<meta name=\"twitter:card\" content=\"summary_large_image\" \/>\n<meta name=\"twitter:label1\" content=\"Written by\" \/>\n\t<meta name=\"twitter:data1\" content=\"Comunicaci\u00f3 Esplac\" \/>\n\t<meta name=\"twitter:label2\" content=\"Est. reading time\" \/>\n\t<meta name=\"twitter:data2\" content=\"2 minutes\" \/>\n<script type=\"application\/ld+json\" class=\"yoast-schema-graph\">{\"@context\":\"https:\\\/\\\/schema.org\",\"@graph\":[{\"@type\":\"Article\",\"@id\":\"https:\\\/\\\/www.esplac.cat\\\/fem-creixer-leducacio-que-revoluciona\\\/#article\",\"isPartOf\":{\"@id\":\"https:\\\/\\\/www.esplac.cat\\\/fem-creixer-leducacio-que-revoluciona\\\/\"},\"author\":{\"name\":\"Comunicaci\u00f3 Esplac\",\"@id\":\"https:\\\/\\\/www.esplac.cat\\\/#\\\/schema\\\/person\\\/908383cf240be18b68f8855d0583faca\"},\"headline\":\"&#8220;Fem cr\u00e9ixer l&#8217;educaci\u00f3 que revoluciona&#8221;, coneix la nova campanya d&#8217;Esplais Catalans\",\"datePublished\":\"2025-02-06T10:30:11+00:00\",\"dateModified\":\"2025-02-11T12:35:37+00:00\",\"mainEntityOfPage\":{\"@id\":\"https:\\\/\\\/www.esplac.cat\\\/fem-creixer-leducacio-que-revoluciona\\\/\"},\"wordCount\":554,\"publisher\":{\"@id\":\"https:\\\/\\\/www.esplac.cat\\\/#organization\"},\"image\":{\"@id\":\"https:\\\/\\\/www.esplac.cat\\\/fem-creixer-leducacio-que-revoluciona\\\/#primaryimage\"},\"thumbnailUrl\":\"https:\\\/\\\/www.esplac.cat\\\/wp-content\\\/uploads\\\/2025\\\/02\\\/ESPLAC_2025_2.png\",\"articleSection\":[\"L'educaci\u00f3 que revoluciona\",\"Sense categoria\",\"S\u00f2cies\"],\"inLanguage\":\"en-US\"},{\"@type\":\"WebPage\",\"@id\":\"https:\\\/\\\/www.esplac.cat\\\/fem-creixer-leducacio-que-revoluciona\\\/\",\"url\":\"https:\\\/\\\/www.esplac.cat\\\/fem-creixer-leducacio-que-revoluciona\\\/\",\"name\":\"\\\"Fem cr\u00e9ixer l'educaci\u00f3 que revoluciona\\\", coneix la nova campanya d'Esplais Catalans - Esplac\",\"isPartOf\":{\"@id\":\"https:\\\/\\\/www.esplac.cat\\\/#website\"},\"primaryImageOfPage\":{\"@id\":\"https:\\\/\\\/www.esplac.cat\\\/fem-creixer-leducacio-que-revoluciona\\\/#primaryimage\"},\"image\":{\"@id\":\"https:\\\/\\\/www.esplac.cat\\\/fem-creixer-leducacio-que-revoluciona\\\/#primaryimage\"},\"thumbnailUrl\":\"https:\\\/\\\/www.esplac.cat\\\/wp-content\\\/uploads\\\/2025\\\/02\\\/ESPLAC_2025_2.png\",\"datePublished\":\"2025-02-06T10:30:11+00:00\",\"dateModified\":\"2025-02-11T12:35:37+00:00\",\"description\":\"Fem cr\u00e9ixer l'educaci\u00f3 que revoluciona. Fes-te s\u00f2cia d'Esplais Catalans i ajuda'ns a fer possible la tasca dels esplais i d'Esplac!\",\"breadcrumb\":{\"@id\":\"https:\\\/\\\/www.esplac.cat\\\/fem-creixer-leducacio-que-revoluciona\\\/#breadcrumb\"},\"inLanguage\":\"en-US\",\"potentialAction\":[{\"@type\":\"ReadAction\",\"target\":[\"https:\\\/\\\/www.esplac.cat\\\/fem-creixer-leducacio-que-revoluciona\\\/\"]}]},{\"@type\":\"ImageObject\",\"inLanguage\":\"en-US\",\"@id\":\"https:\\\/\\\/www.esplac.cat\\\/fem-creixer-leducacio-que-revoluciona\\\/#primaryimage\",\"url\":\"https:\\\/\\\/www.esplac.cat\\\/wp-content\\\/uploads\\\/2025\\\/02\\\/ESPLAC_2025_2.png\",\"contentUrl\":\"https:\\\/\\\/www.esplac.cat\\\/wp-content\\\/uploads\\\/2025\\\/02\\\/ESPLAC_2025_2.png\",\"width\":1697,\"height\":700},{\"@type\":\"BreadcrumbList\",\"@id\":\"https:\\\/\\\/www.esplac.cat\\\/fem-creixer-leducacio-que-revoluciona\\\/#breadcrumb\",\"itemListElement\":[{\"@type\":\"ListItem\",\"position\":1,\"name\":\"Inici\",\"item\":\"https:\\\/\\\/www.esplac.cat\\\/en\\\/\"},{\"@type\":\"ListItem\",\"position\":2,\"name\":\"&#8220;Fem cr\u00e9ixer l&#8217;educaci\u00f3 que revoluciona&#8221;, coneix la nova campanya d&#8217;Esplais Catalans\"}]},{\"@type\":\"WebSite\",\"@id\":\"https:\\\/\\\/www.esplac.cat\\\/#website\",\"url\":\"https:\\\/\\\/www.esplac.cat\\\/\",\"name\":\"Esplac\",\"description\":\"Esplais Catalans\",\"publisher\":{\"@id\":\"https:\\\/\\\/www.esplac.cat\\\/#organization\"},\"potentialAction\":[{\"@type\":\"SearchAction\",\"target\":{\"@type\":\"EntryPoint\",\"urlTemplate\":\"https:\\\/\\\/www.esplac.cat\\\/?s={search_term_string}\"},\"query-input\":{\"@type\":\"PropertyValueSpecification\",\"valueRequired\":true,\"valueName\":\"search_term_string\"}}],\"inLanguage\":\"en-US\"},{\"@type\":\"Organization\",\"@id\":\"https:\\\/\\\/www.esplac.cat\\\/#organization\",\"name\":\"Esplac\",\"url\":\"https:\\\/\\\/www.esplac.cat\\\/\",\"logo\":{\"@type\":\"ImageObject\",\"inLanguage\":\"en-US\",\"@id\":\"https:\\\/\\\/www.esplac.cat\\\/#\\\/schema\\\/logo\\\/image\\\/\",\"url\":\"https:\\\/\\\/www.esplac.cat\\\/wp-content\\\/uploads\\\/2019\\\/08\\\/logox2.png\",\"contentUrl\":\"https:\\\/\\\/www.esplac.cat\\\/wp-content\\\/uploads\\\/2019\\\/08\\\/logox2.png\",\"width\":600,\"height\":295,\"caption\":\"Esplac\"},\"image\":{\"@id\":\"https:\\\/\\\/www.esplac.cat\\\/#\\\/schema\\\/logo\\\/image\\\/\"}},{\"@type\":\"Person\",\"@id\":\"https:\\\/\\\/www.esplac.cat\\\/#\\\/schema\\\/person\\\/908383cf240be18b68f8855d0583faca\",\"name\":\"Comunicaci\u00f3 Esplac\",\"image\":{\"@type\":\"ImageObject\",\"inLanguage\":\"en-US\",\"@id\":\"https:\\\/\\\/secure.gravatar.com\\\/avatar\\\/7a4cf8feb412a76ea4a740ca02d95b06b2907b5a6c648c2dd0a1082a093c3141?s=96&d=mm&r=g\",\"url\":\"https:\\\/\\\/secure.gravatar.com\\\/avatar\\\/7a4cf8feb412a76ea4a740ca02d95b06b2907b5a6c648c2dd0a1082a093c3141?s=96&d=mm&r=g\",\"contentUrl\":\"https:\\\/\\\/secure.gravatar.com\\\/avatar\\\/7a4cf8feb412a76ea4a740ca02d95b06b2907b5a6c648c2dd0a1082a093c3141?s=96&d=mm&r=g\",\"caption\":\"Comunicaci\u00f3 Esplac\"}}]}<\/script>\n<!-- \/ Yoast SEO plugin. -->","yoast_head_json":{"title":"\"Fem cr\u00e9ixer l'educaci\u00f3 que revoluciona\", coneix la nova campanya d'Esplais Catalans - Esplac","description":"Fem cr\u00e9ixer l'educaci\u00f3 que revoluciona. Fes-te s\u00f2cia d'Esplais Catalans i ajuda'ns a fer possible la tasca dels esplais i d'Esplac!","robots":{"index":"index","follow":"follow","max-snippet":"max-snippet:-1","max-image-preview":"max-image-preview:large","max-video-preview":"max-video-preview:-1"},"canonical":"https:\/\/www.esplac.cat\/fem-creixer-leducacio-que-revoluciona\/","og_locale":"en_US","og_type":"article","og_title":"\"Fem cr\u00e9ixer l'educaci\u00f3 que revoluciona\", coneix la nova campanya d'Esplais Catalans - Esplac","og_description":"Fem cr\u00e9ixer l'educaci\u00f3 que revoluciona. Fes-te s\u00f2cia d'Esplais Catalans i ajuda'ns a fer possible la tasca dels esplais i d'Esplac!","og_url":"https:\/\/www.esplac.cat\/fem-creixer-leducacio-que-revoluciona\/","og_site_name":"Esplac","article_published_time":"2025-02-06T10:30:11+00:00","article_modified_time":"2025-02-11T12:35:37+00:00","og_image":[{"width":1697,"height":700,"url":"https:\/\/www.esplac.cat\/wp-content\/uploads\/2025\/02\/ESPLAC_2025_2.png","type":"image\/png"}],"author":"Comunicaci\u00f3 Esplac","twitter_card":"summary_large_image","twitter_misc":{"Written by":"Comunicaci\u00f3 Esplac","Est. reading time":"2 minutes"},"schema":{"@context":"https:\/\/schema.org","@graph":[{"@type":"Article","@id":"https:\/\/www.esplac.cat\/fem-creixer-leducacio-que-revoluciona\/#article","isPartOf":{"@id":"https:\/\/www.esplac.cat\/fem-creixer-leducacio-que-revoluciona\/"},"author":{"name":"Comunicaci\u00f3 Esplac","@id":"https:\/\/www.esplac.cat\/#\/schema\/person\/908383cf240be18b68f8855d0583faca"},"headline":"&#8220;Fem cr\u00e9ixer l&#8217;educaci\u00f3 que revoluciona&#8221;, coneix la nova campanya d&#8217;Esplais Catalans","datePublished":"2025-02-06T10:30:11+00:00","dateModified":"2025-02-11T12:35:37+00:00","mainEntityOfPage":{"@id":"https:\/\/www.esplac.cat\/fem-creixer-leducacio-que-revoluciona\/"},"wordCount":554,"publisher":{"@id":"https:\/\/www.esplac.cat\/#organization"},"image":{"@id":"https:\/\/www.esplac.cat\/fem-creixer-leducacio-que-revoluciona\/#primaryimage"},"thumbnailUrl":"https:\/\/www.esplac.cat\/wp-content\/uploads\/2025\/02\/ESPLAC_2025_2.png","articleSection":["L'educaci\u00f3 que revoluciona","Sense categoria","S\u00f2cies"],"inLanguage":"en-US"},{"@type":"WebPage","@id":"https:\/\/www.esplac.cat\/fem-creixer-leducacio-que-revoluciona\/","url":"https:\/\/www.esplac.cat\/fem-creixer-leducacio-que-revoluciona\/","name":"\"Fem cr\u00e9ixer l'educaci\u00f3 que revoluciona\", coneix la nova campanya d'Esplais Catalans - Esplac","isPartOf":{"@id":"https:\/\/www.esplac.cat\/#website"},"primaryImageOfPage":{"@id":"https:\/\/www.esplac.cat\/fem-creixer-leducacio-que-revoluciona\/#primaryimage"},"image":{"@id":"https:\/\/www.esplac.cat\/fem-creixer-leducacio-que-revoluciona\/#primaryimage"},"thumbnailUrl":"https:\/\/www.esplac.cat\/wp-content\/uploads\/2025\/02\/ESPLAC_2025_2.png","datePublished":"2025-02-06T10:30:11+00:00","dateModified":"2025-02-11T12:35:37+00:00","description":"Fem cr\u00e9ixer l'educaci\u00f3 que revoluciona. Fes-te s\u00f2cia d'Esplais Catalans i ajuda'ns a fer possible la tasca dels esplais i d'Esplac!","breadcrumb":{"@id":"https:\/\/www.esplac.cat\/fem-creixer-leducacio-que-revoluciona\/#breadcrumb"},"inLanguage":"en-US","potentialAction":[{"@type":"ReadAction","target":["https:\/\/www.esplac.cat\/fem-creixer-leducacio-que-revoluciona\/"]}]},{"@type":"ImageObject","inLanguage":"en-US","@id":"https:\/\/www.esplac.cat\/fem-creixer-leducacio-que-revoluciona\/#primaryimage","url":"https:\/\/www.esplac.cat\/wp-content\/uploads\/2025\/02\/ESPLAC_2025_2.png","contentUrl":"https:\/\/www.esplac.cat\/wp-content\/uploads\/2025\/02\/ESPLAC_2025_2.png","width":1697,"height":700},{"@type":"BreadcrumbList","@id":"https:\/\/www.esplac.cat\/fem-creixer-leducacio-que-revoluciona\/#breadcrumb","itemListElement":[{"@type":"ListItem","position":1,"name":"Inici","item":"https:\/\/www.esplac.cat\/en\/"},{"@type":"ListItem","position":2,"name":"&#8220;Fem cr\u00e9ixer l&#8217;educaci\u00f3 que revoluciona&#8221;, coneix la nova campanya d&#8217;Esplais Catalans"}]},{"@type":"WebSite","@id":"https:\/\/www.esplac.cat\/#website","url":"https:\/\/www.esplac.cat\/","name":"Esplac","description":"Esplais Catalans","publisher":{"@id":"https:\/\/www.esplac.cat\/#organization"},"potentialAction":[{"@type":"SearchAction","target":{"@type":"EntryPoint","urlTemplate":"https:\/\/www.esplac.cat\/?s={search_term_string}"},"query-input":{"@type":"PropertyValueSpecification","valueRequired":true,"valueName":"search_term_string"}}],"inLanguage":"en-US"},{"@type":"Organization","@id":"https:\/\/www.esplac.cat\/#organization","name":"Esplac","url":"https:\/\/www.esplac.cat\/","logo":{"@type":"ImageObject","inLanguage":"en-US","@id":"https:\/\/www.esplac.cat\/#\/schema\/logo\/image\/","url":"https:\/\/www.esplac.cat\/wp-content\/uploads\/2019\/08\/logox2.png","contentUrl":"https:\/\/www.esplac.cat\/wp-content\/uploads\/2019\/08\/logox2.png","width":600,"height":295,"caption":"Esplac"},"image":{"@id":"https:\/\/www.esplac.cat\/#\/schema\/logo\/image\/"}},{"@type":"Person","@id":"https:\/\/www.esplac.cat\/#\/schema\/person\/908383cf240be18b68f8855d0583faca","name":"Comunicaci\u00f3 Esplac","image":{"@type":"ImageObject","inLanguage":"en-US","@id":"https:\/\/secure.gravatar.com\/avatar\/7a4cf8feb412a76ea4a740ca02d95b06b2907b5a6c648c2dd0a1082a093c3141?s=96&d=mm&r=g","url":"https:\/\/secure.gravatar.com\/avatar\/7a4cf8feb412a76ea4a740ca02d95b06b2907b5a6c648c2dd0a1082a093c3141?s=96&d=mm&r=g","contentUrl":"https:\/\/secure.gravatar.com\/avatar\/7a4cf8feb412a76ea4a740ca02d95b06b2907b5a6c648c2dd0a1082a093c3141?s=96&d=mm&r=g","caption":"Comunicaci\u00f3 Esplac"}}]}},"_links":{"self":[{"href":"https:\/\/www.esplac.cat\/en\/wp-json\/wp\/v2\/posts\/52441","targetHints":{"allow":["GET"]}}],"collection":[{"href":"https:\/\/www.esplac.cat\/en\/wp-json\/wp\/v2\/posts"}],"about":[{"href":"https:\/\/www.esplac.cat\/en\/wp-json\/wp\/v2\/types\/post"}],"author":[{"embeddable":true,"href":"https:\/\/www.esplac.cat\/en\/wp-json\/wp\/v2\/users\/3"}],"replies":[{"embeddable":true,"href":"https:\/\/www.esplac.cat\/en\/wp-json\/wp\/v2\/comments?post=52441"}],"version-history":[{"count":4,"href":"https:\/\/www.esplac.cat\/en\/wp-json\/wp\/v2\/posts\/52441\/revisions"}],"predecessor-version":[{"id":52481,"href":"https:\/\/www.esplac.cat\/en\/wp-json\/wp\/v2\/posts\/52441\/revisions\/52481"}],"wp:featuredmedia":[{"embeddable":true,"href":"https:\/\/www.esplac.cat\/en\/wp-json\/wp\/v2\/media\/52427"}],"wp:attachment":[{"href":"https:\/\/www.esplac.cat\/en\/wp-json\/wp\/v2\/media?parent=52441"}],"wp:term":[{"taxonomy":"category","embeddable":true,"href":"https:\/\/www.esplac.cat\/en\/wp-json\/wp\/v2\/categories?post=52441"},{"taxonomy":"post_tag","embeddable":true,"href":"https:\/\/www.esplac.cat\/en\/wp-json\/wp\/v2\/tags?post=52441"}],"curies":[{"name":"wp","href":"https:\/\/api.w.org\/{rel}","templated":true}]}}