{"id":52528,"date":"2025-02-11T15:45:44","date_gmt":"2025-02-11T13:45:44","guid":{"rendered":"https:\/\/www.esplac.cat\/?p=52528"},"modified":"2025-03-04T14:28:14","modified_gmt":"2025-03-04T12:28:14","slug":"tot-a-punt-perque-pugueu-apuntar-vos-cursos-estiu","status":"publish","type":"post","link":"https:\/\/www.esplac.cat\/en\/tot-a-punt-perque-pugueu-apuntar-vos-cursos-estiu\/","title":{"rendered":"Tot a punt perqu\u00e8 pugueu apuntar-vos als cursos d\u2019estiu!"},"content":{"rendered":"<div class=\"fusion-fullwidth fullwidth-box fusion-builder-row-1 fusion-flex-container has-pattern-background has-mask-background nonhundred-percent-fullwidth non-hundred-percent-height-scrolling\" style=\"--awb-border-radius-top-left:0px;--awb-border-radius-top-right:0px;--awb-border-radius-bottom-right:0px;--awb-border-radius-bottom-left:0px;--awb-flex-wrap:wrap;\" ><div class=\"fusion-builder-row fusion-row fusion-flex-align-items-flex-start fusion-flex-content-wrap\" style=\"max-width:1248px;margin-left: calc(-4% \/ 2 );margin-right: calc(-4% \/ 2 );\"><div class=\"fusion-layout-column fusion_builder_column fusion-builder-column-0 fusion_builder_column_1_1 1_1 fusion-flex-column\" style=\"--awb-bg-size:cover;--awb-width-large:100%;--awb-margin-top-large:0px;--awb-spacing-right-large:1.92%;--awb-margin-bottom-large:20px;--awb-spacing-left-large:1.92%;--awb-width-medium:100%;--awb-order-medium:0;--awb-spacing-right-medium:1.92%;--awb-spacing-left-medium:1.92%;--awb-width-small:100%;--awb-order-small:0;--awb-spacing-right-small:1.92%;--awb-spacing-left-small:1.92%;\"><div class=\"fusion-column-wrapper fusion-column-has-shadow fusion-flex-justify-content-flex-start fusion-content-layout-column\"><div class=\"fusion-text fusion-text-1\"><h6><b>Descobreix com apuntar-te als cursos de monis i dires que dissenyem conjuntament amb l\u2019Escola Lliure el Sol perqu\u00e8 s\u2019adaptin a la realitat dels esplais!<\/b><\/h6>\n<p>Els <a href=\"https:\/\/www.esplac.cat\/marta-mata\/\" target=\"_blank\" rel=\"noopener\"><strong><span style=\"color: #f69d0b;\">cursos Marta Mata<\/span><\/strong><\/a> s\u00f3n cursos de monitores i monitors (Creixement) i directores i directors (\u00c8xit) de lleure que ofereix l\u2019<span style=\"color: #f69d0b;\"><a style=\"color: #f69d0b;\" href=\"https:\/\/escolaelsol.coop\/\" target=\"_blank\" rel=\"noopener\"><strong>Escola Lliure el Sol<\/strong><\/a> <\/span>dirigits espec\u00edficament a les monis dels esplais d\u2019Esplac. L\u2019Escola Lliure el Sol i Esplac dissenyem conjuntament aquests cursos per tal que el seu temari s\u2019ajusti al nostre ideari i a la realitat dels esplais d\u2019Esplac, per tal de garantir una formaci\u00f3 ajustada a les necessitats espec\u00edfiques.<\/p>\n<p><strong>Aquest estiu, oferirem els seg\u00fcents cursos:<\/strong><\/p>\n<ul>\n<li><span style=\"color: #f69d0b;\"><a style=\"color: #f69d0b;\" href=\"https:\/\/escolaelsol.coop\/formacions\/Curs-Marta-Mata-Creixement-Cal-Mata-1a-quinzena\/3494\/\" target=\"_blank\" rel=\"noopener\">Curs de monitores a Cal Mata de l\u20191 a l\u201911 d\u2019agost<\/a><\/span><\/li>\n<li><span style=\"color: #f69d0b;\"><a style=\"color: #f69d0b;\" href=\"https:\/\/escolaelsol.coop\/formacions\/Curs-Marta-Mata-Creixement-La-Censada-1a-quinzena\/3495\/\" target=\"_blank\" rel=\"noopener\">Curs de monitores a La Censada de l\u20191 a l\u201911 d\u2019agost<\/a><\/span><\/li>\n<li><span style=\"color: #f69d0b;\"><a style=\"color: #f69d0b;\" href=\"https:\/\/escolaelsol.coop\/formacions\/Curs-Marta-Mata-xit-Cal-Mata\/3492\/\" target=\"_blank\" rel=\"noopener\">Curs de directores a Cal Mata de l\u20191 a l\u201911 d\u2019agost<\/a><\/span><\/li>\n<li><span style=\"color: #f69d0b;\"><a style=\"color: #f69d0b;\" href=\"https:\/\/escolaelsol.coop\/formacions\/Curs-Marta-Mata-Creixement-Cal-Mata-2a-quinzena-Grup-1\/3496\/\" target=\"_blank\" rel=\"noopener\">Curs de monitores a Cal Mata del 12 al 24 d\u2019agost<\/a><\/span><\/li>\n<li><span style=\"color: #f69d0b;\"><a style=\"color: #f69d0b;\" href=\"https:\/\/escolaelsol.coop\/formacions\/Curs-Marta-Mata-Creixement-Cal-Mata-2a-quinzena-Grup-2\/3497\/\" target=\"_blank\" rel=\"noopener\">Curs de monitores a Cal Mata del 12 al 24 d\u2019agost<\/a><\/span><\/li>\n<\/ul>\n<h4><span style=\"color: #f69d0b;\"><strong>Alerta, hi ha canvis en el m\u00e8tode d\u2019inscripcions!<\/strong><\/span><\/h4>\n<p>Aquest any <strong>canviem el model d\u2019inscripci\u00f3<\/strong> que hem seguit els \u00faltims tres anys i no hi haur\u00e0 preinscripcions. El sistema de preinscripcions el vam comen\u00e7ar a aplicar en un moment en qu\u00e8 hi havia una gran demanda de persones que volien fer els cursos, de manera que alguns d\u2019ells s\u2019havien arribat a omplir fins a 5 minuts despr\u00e9s d\u2019obrir-ne les inscripcions. A m\u00e9s, a la majoria dels cursos la diversitat de persones dels sectors era molt baixa, de manera que aix\u00f2 no afavoria a la diversitat que ens agrada que hi hagi a aquests cursos.<\/p>\n<p>En els \u00faltims anys ens hem trobat com la demanda ha disminu\u00eft, de manera que en els \u00faltims anys molt poques persones s\u2019han arribat a quedar fora dels cursos. <strong>\u00c9s per aix\u00f2 que hem volgut eliminar el sistema de preinscripcions i, alhora, aplicar un nou sistema per beneficiar als sectors que volem que participin m\u00e9s als cursos<\/strong>.<\/p>\n<p>\u00c9s per aix\u00f2 que el m\u00e8tode d\u2019inscripcions ser\u00e0 el seg\u00fcent:<\/p>\n<blockquote>\n<p><strong>De l\u201911 de febrer al 2 de mar\u00e7<\/strong> I Les monitores dels sectors que participen menys als cursos podran apuntar-se al formulari que rebran per correu per rebre l\u2019enlla\u00e7 el 3 de mar\u00e7.<br \/>\n<strong>3 de mar\u00e7<\/strong> I Esplac comprovarem les dades de les inscrites a l\u2019Era i us enviarem el formulari d\u2019inscripci\u00f3.<br \/>\n<strong>4 de mar\u00e7<\/strong> I S\u2019obren inscripcions per les monitores de tots els esplais.<\/p>\n<\/blockquote>\n<h4><span style=\"color: #f69d0b;\"><strong>Quins sectors rebran el formulari entre l\u201911 i el 2 de mar\u00e7?<\/strong><\/span><\/h4>\n<ul>\n<li>Camp de Tarragona<\/li>\n<li>Pened\u00e8s, Garraf i Anoia<\/li>\n<li>Baix Bes\u00f2s<\/li>\n<li>Vall\u00e8s Oriental<\/li>\n<li>Bages, Bergued\u00e0 i La Cerdanya<\/li>\n<li>Ripoll\u00e8s, Osona i Moian\u00e8s<\/li>\n<li>Maresme<\/li>\n<li>Girona<\/li>\n<\/ul>\n<p>\u00c9s a dir, les persones inscrites al formulari, nom\u00e9s tindran un dia de prioritat per sobre de la resta de monitores d\u2019Esplac. <strong>Si el dia 3 de mar\u00e7 no heu pogut inscriure-us, no passa res, podreu seguir-ho fent fins que s\u2019acabin les places<\/strong>. Si teniu dubtes sobre els cursos o el sistema d\u2019inscripci\u00f3 podeu trucar a l\u2019Escola Lliure el Sol.<\/p>\n<p>Us animem a participar als cursos Marta Mata, per enfortir-vos a vosaltres com a monitores i com a persones, con\u00e8ixer altres esplais i les seves maneres de funcionar, crear xarxa i sobretot, enfortir l\u2019associacionisme educatiu de base volunt\u00e0ria!<\/p>\n<\/div><div class=\"fusion-image-before-after-wrapper type-switch hover-type-together has-alignment align-center fusion-image-before-after-wrapper-1\" style=\"--awb-font-size:13px;--awb-bordersize:0px;--awb-accent-color-bg:rgba(255,255,255,0.15);--awb-transition-time:0.5s;--awb-margin-top:15px;--awb-margin-bottom:15px;\"><div class=\"fusion-image-before-after-element fusion-image-switch fusion-image-before-after-1\"><img decoding=\"async\" class=\"fusion-image-switch-before\" src=\"https:\/\/www.esplac.cat\/wp-content\/uploads\/2025\/02\/2025-724x1024.jpg\" width=\"724\" height=\"1024\"><img decoding=\"async\" class=\"fusion-image-switch-after\" src=\"https:\/\/www.esplac.cat\/wp-content\/uploads\/2025\/02\/2025.2-724x1024.jpg\" width=\"724\" height=\"1024\"><\/a><\/div><\/div><\/div><\/div><\/div><\/div>\n","protected":false},"excerpt":{"rendered":"","protected":false},"author":3,"featured_media":52538,"comment_status":"closed","ping_status":"closed","sticky":false,"template":"","format":"standard","meta":{"om_disable_all_campaigns":false,"_monsterinsights_skip_tracking":false,"_monsterinsights_sitenote_active":false,"_monsterinsights_sitenote_note":"","_monsterinsights_sitenote_category":0,"_uf_show_specific_survey":0,"_uf_disable_surveys":false,"footnotes":""},"categories":[1131,1],"tags":[],"class_list":["post-52528","post","type-post","status-publish","format-standard","has-post-thumbnail","hentry","category-cursos-formacions","category-sense-categoria"],"yoast_head":"<!-- This site is optimized with the Yoast SEO plugin v27.4 - https:\/\/yoast.com\/product\/yoast-seo-wordpress\/ -->\n<title>Tot a punt perqu\u00e8 pugueu apuntar-vos als cursos d\u2019estiu! - Esplac<\/title>\n<meta name=\"description\" content=\"Descobreix com apuntar-te als cursos de monis i dires que dissenyem conjuntament amb l\u2019Escola Lliure el Sol perqu\u00e8 s\u2019adaptin a la realitat dels esplais!\" \/>\n<meta name=\"robots\" content=\"index, follow, max-snippet:-1, max-image-preview:large, max-video-preview:-1\" \/>\n<link rel=\"canonical\" href=\"https:\/\/www.esplac.cat\/tot-a-punt-perque-pugueu-apuntar-vos-cursos-estiu\/\" \/>\n<meta property=\"og:locale\" content=\"en_US\" \/>\n<meta property=\"og:type\" content=\"article\" \/>\n<meta property=\"og:title\" content=\"Tot a punt perqu\u00e8 pugueu apuntar-vos als cursos d\u2019estiu! - Esplac\" \/>\n<meta property=\"og:description\" content=\"Descobreix com apuntar-te als cursos de monis i dires que dissenyem conjuntament amb l\u2019Escola Lliure el Sol perqu\u00e8 s\u2019adaptin a la realitat dels esplais!\" \/>\n<meta property=\"og:url\" content=\"https:\/\/www.esplac.cat\/tot-a-punt-perque-pugueu-apuntar-vos-cursos-estiu\/\" \/>\n<meta property=\"og:site_name\" content=\"Esplac\" \/>\n<meta property=\"article:published_time\" content=\"2025-02-11T13:45:44+00:00\" \/>\n<meta property=\"article:modified_time\" content=\"2025-03-04T12:28:14+00:00\" \/>\n<meta property=\"og:image\" content=\"https:\/\/www.esplac.cat\/wp-content\/uploads\/2025\/02\/Cursos-MM-2025.jpg\" \/>\n\t<meta property=\"og:image:width\" content=\"1697\" \/>\n\t<meta property=\"og:image:height\" content=\"700\" \/>\n\t<meta property=\"og:image:type\" content=\"image\/jpeg\" \/>\n<meta name=\"author\" content=\"Comunicaci\u00f3 Esplac\" \/>\n<meta name=\"twitter:card\" content=\"summary_large_image\" \/>\n<meta name=\"twitter:label1\" content=\"Written by\" \/>\n\t<meta name=\"twitter:data1\" content=\"Comunicaci\u00f3 Esplac\" \/>\n\t<meta name=\"twitter:label2\" content=\"Est. reading time\" \/>\n\t<meta name=\"twitter:data2\" content=\"4 minutes\" \/>\n<script type=\"application\/ld+json\" class=\"yoast-schema-graph\">{\"@context\":\"https:\\\/\\\/schema.org\",\"@graph\":[{\"@type\":\"Article\",\"@id\":\"https:\\\/\\\/www.esplac.cat\\\/tot-a-punt-perque-pugueu-apuntar-vos-cursos-estiu\\\/#article\",\"isPartOf\":{\"@id\":\"https:\\\/\\\/www.esplac.cat\\\/tot-a-punt-perque-pugueu-apuntar-vos-cursos-estiu\\\/\"},\"author\":{\"name\":\"Comunicaci\u00f3 Esplac\",\"@id\":\"https:\\\/\\\/www.esplac.cat\\\/#\\\/schema\\\/person\\\/908383cf240be18b68f8855d0583faca\"},\"headline\":\"Tot a punt perqu\u00e8 pugueu apuntar-vos als cursos d\u2019estiu!\",\"datePublished\":\"2025-02-11T13:45:44+00:00\",\"dateModified\":\"2025-03-04T12:28:14+00:00\",\"mainEntityOfPage\":{\"@id\":\"https:\\\/\\\/www.esplac.cat\\\/tot-a-punt-perque-pugueu-apuntar-vos-cursos-estiu\\\/\"},\"wordCount\":1632,\"publisher\":{\"@id\":\"https:\\\/\\\/www.esplac.cat\\\/#organization\"},\"image\":{\"@id\":\"https:\\\/\\\/www.esplac.cat\\\/tot-a-punt-perque-pugueu-apuntar-vos-cursos-estiu\\\/#primaryimage\"},\"thumbnailUrl\":\"https:\\\/\\\/www.esplac.cat\\\/wp-content\\\/uploads\\\/2025\\\/02\\\/Cursos-MM-2025.jpg\",\"articleSection\":[\"Cursos i formacions\",\"Sense categoria\"],\"inLanguage\":\"en-US\"},{\"@type\":\"WebPage\",\"@id\":\"https:\\\/\\\/www.esplac.cat\\\/tot-a-punt-perque-pugueu-apuntar-vos-cursos-estiu\\\/\",\"url\":\"https:\\\/\\\/www.esplac.cat\\\/tot-a-punt-perque-pugueu-apuntar-vos-cursos-estiu\\\/\",\"name\":\"Tot a punt perqu\u00e8 pugueu apuntar-vos als cursos d\u2019estiu! - Esplac\",\"isPartOf\":{\"@id\":\"https:\\\/\\\/www.esplac.cat\\\/#website\"},\"primaryImageOfPage\":{\"@id\":\"https:\\\/\\\/www.esplac.cat\\\/tot-a-punt-perque-pugueu-apuntar-vos-cursos-estiu\\\/#primaryimage\"},\"image\":{\"@id\":\"https:\\\/\\\/www.esplac.cat\\\/tot-a-punt-perque-pugueu-apuntar-vos-cursos-estiu\\\/#primaryimage\"},\"thumbnailUrl\":\"https:\\\/\\\/www.esplac.cat\\\/wp-content\\\/uploads\\\/2025\\\/02\\\/Cursos-MM-2025.jpg\",\"datePublished\":\"2025-02-11T13:45:44+00:00\",\"dateModified\":\"2025-03-04T12:28:14+00:00\",\"description\":\"Descobreix com apuntar-te als cursos de monis i dires que dissenyem conjuntament amb l\u2019Escola Lliure el Sol perqu\u00e8 s\u2019adaptin a la realitat dels esplais!\",\"breadcrumb\":{\"@id\":\"https:\\\/\\\/www.esplac.cat\\\/tot-a-punt-perque-pugueu-apuntar-vos-cursos-estiu\\\/#breadcrumb\"},\"inLanguage\":\"en-US\",\"potentialAction\":[{\"@type\":\"ReadAction\",\"target\":[\"https:\\\/\\\/www.esplac.cat\\\/tot-a-punt-perque-pugueu-apuntar-vos-cursos-estiu\\\/\"]}]},{\"@type\":\"ImageObject\",\"inLanguage\":\"en-US\",\"@id\":\"https:\\\/\\\/www.esplac.cat\\\/tot-a-punt-perque-pugueu-apuntar-vos-cursos-estiu\\\/#primaryimage\",\"url\":\"https:\\\/\\\/www.esplac.cat\\\/wp-content\\\/uploads\\\/2025\\\/02\\\/Cursos-MM-2025.jpg\",\"contentUrl\":\"https:\\\/\\\/www.esplac.cat\\\/wp-content\\\/uploads\\\/2025\\\/02\\\/Cursos-MM-2025.jpg\",\"width\":1697,\"height\":700,\"caption\":\"Cursos Marta Mata\"},{\"@type\":\"BreadcrumbList\",\"@id\":\"https:\\\/\\\/www.esplac.cat\\\/tot-a-punt-perque-pugueu-apuntar-vos-cursos-estiu\\\/#breadcrumb\",\"itemListElement\":[{\"@type\":\"ListItem\",\"position\":1,\"name\":\"Inici\",\"item\":\"https:\\\/\\\/www.esplac.cat\\\/en\\\/\"},{\"@type\":\"ListItem\",\"position\":2,\"name\":\"Tot a punt perqu\u00e8 pugueu apuntar-vos als cursos d\u2019estiu!\"}]},{\"@type\":\"WebSite\",\"@id\":\"https:\\\/\\\/www.esplac.cat\\\/#website\",\"url\":\"https:\\\/\\\/www.esplac.cat\\\/\",\"name\":\"Esplac\",\"description\":\"Esplais Catalans\",\"publisher\":{\"@id\":\"https:\\\/\\\/www.esplac.cat\\\/#organization\"},\"potentialAction\":[{\"@type\":\"SearchAction\",\"target\":{\"@type\":\"EntryPoint\",\"urlTemplate\":\"https:\\\/\\\/www.esplac.cat\\\/?s={search_term_string}\"},\"query-input\":{\"@type\":\"PropertyValueSpecification\",\"valueRequired\":true,\"valueName\":\"search_term_string\"}}],\"inLanguage\":\"en-US\"},{\"@type\":\"Organization\",\"@id\":\"https:\\\/\\\/www.esplac.cat\\\/#organization\",\"name\":\"Esplac\",\"url\":\"https:\\\/\\\/www.esplac.cat\\\/\",\"logo\":{\"@type\":\"ImageObject\",\"inLanguage\":\"en-US\",\"@id\":\"https:\\\/\\\/www.esplac.cat\\\/#\\\/schema\\\/logo\\\/image\\\/\",\"url\":\"https:\\\/\\\/www.esplac.cat\\\/wp-content\\\/uploads\\\/2019\\\/08\\\/logox2.png\",\"contentUrl\":\"https:\\\/\\\/www.esplac.cat\\\/wp-content\\\/uploads\\\/2019\\\/08\\\/logox2.png\",\"width\":600,\"height\":295,\"caption\":\"Esplac\"},\"image\":{\"@id\":\"https:\\\/\\\/www.esplac.cat\\\/#\\\/schema\\\/logo\\\/image\\\/\"}},{\"@type\":\"Person\",\"@id\":\"https:\\\/\\\/www.esplac.cat\\\/#\\\/schema\\\/person\\\/908383cf240be18b68f8855d0583faca\",\"name\":\"Comunicaci\u00f3 Esplac\",\"image\":{\"@type\":\"ImageObject\",\"inLanguage\":\"en-US\",\"@id\":\"https:\\\/\\\/secure.gravatar.com\\\/avatar\\\/7a4cf8feb412a76ea4a740ca02d95b06b2907b5a6c648c2dd0a1082a093c3141?s=96&d=mm&r=g\",\"url\":\"https:\\\/\\\/secure.gravatar.com\\\/avatar\\\/7a4cf8feb412a76ea4a740ca02d95b06b2907b5a6c648c2dd0a1082a093c3141?s=96&d=mm&r=g\",\"contentUrl\":\"https:\\\/\\\/secure.gravatar.com\\\/avatar\\\/7a4cf8feb412a76ea4a740ca02d95b06b2907b5a6c648c2dd0a1082a093c3141?s=96&d=mm&r=g\",\"caption\":\"Comunicaci\u00f3 Esplac\"}}]}<\/script>\n<!-- \/ Yoast SEO plugin. -->","yoast_head_json":{"title":"Tot a punt perqu\u00e8 pugueu apuntar-vos als cursos d\u2019estiu! - Esplac","description":"Descobreix com apuntar-te als cursos de monis i dires que dissenyem conjuntament amb l\u2019Escola Lliure el Sol perqu\u00e8 s\u2019adaptin a la realitat dels esplais!","robots":{"index":"index","follow":"follow","max-snippet":"max-snippet:-1","max-image-preview":"max-image-preview:large","max-video-preview":"max-video-preview:-1"},"canonical":"https:\/\/www.esplac.cat\/tot-a-punt-perque-pugueu-apuntar-vos-cursos-estiu\/","og_locale":"en_US","og_type":"article","og_title":"Tot a punt perqu\u00e8 pugueu apuntar-vos als cursos d\u2019estiu! - Esplac","og_description":"Descobreix com apuntar-te als cursos de monis i dires que dissenyem conjuntament amb l\u2019Escola Lliure el Sol perqu\u00e8 s\u2019adaptin a la realitat dels esplais!","og_url":"https:\/\/www.esplac.cat\/tot-a-punt-perque-pugueu-apuntar-vos-cursos-estiu\/","og_site_name":"Esplac","article_published_time":"2025-02-11T13:45:44+00:00","article_modified_time":"2025-03-04T12:28:14+00:00","og_image":[{"width":1697,"height":700,"url":"https:\/\/www.esplac.cat\/wp-content\/uploads\/2025\/02\/Cursos-MM-2025.jpg","type":"image\/jpeg"}],"author":"Comunicaci\u00f3 Esplac","twitter_card":"summary_large_image","twitter_misc":{"Written by":"Comunicaci\u00f3 Esplac","Est. reading time":"4 minutes"},"schema":{"@context":"https:\/\/schema.org","@graph":[{"@type":"Article","@id":"https:\/\/www.esplac.cat\/tot-a-punt-perque-pugueu-apuntar-vos-cursos-estiu\/#article","isPartOf":{"@id":"https:\/\/www.esplac.cat\/tot-a-punt-perque-pugueu-apuntar-vos-cursos-estiu\/"},"author":{"name":"Comunicaci\u00f3 Esplac","@id":"https:\/\/www.esplac.cat\/#\/schema\/person\/908383cf240be18b68f8855d0583faca"},"headline":"Tot a punt perqu\u00e8 pugueu apuntar-vos als cursos d\u2019estiu!","datePublished":"2025-02-11T13:45:44+00:00","dateModified":"2025-03-04T12:28:14+00:00","mainEntityOfPage":{"@id":"https:\/\/www.esplac.cat\/tot-a-punt-perque-pugueu-apuntar-vos-cursos-estiu\/"},"wordCount":1632,"publisher":{"@id":"https:\/\/www.esplac.cat\/#organization"},"image":{"@id":"https:\/\/www.esplac.cat\/tot-a-punt-perque-pugueu-apuntar-vos-cursos-estiu\/#primaryimage"},"thumbnailUrl":"https:\/\/www.esplac.cat\/wp-content\/uploads\/2025\/02\/Cursos-MM-2025.jpg","articleSection":["Cursos i formacions","Sense categoria"],"inLanguage":"en-US"},{"@type":"WebPage","@id":"https:\/\/www.esplac.cat\/tot-a-punt-perque-pugueu-apuntar-vos-cursos-estiu\/","url":"https:\/\/www.esplac.cat\/tot-a-punt-perque-pugueu-apuntar-vos-cursos-estiu\/","name":"Tot a punt perqu\u00e8 pugueu apuntar-vos als cursos d\u2019estiu! - Esplac","isPartOf":{"@id":"https:\/\/www.esplac.cat\/#website"},"primaryImageOfPage":{"@id":"https:\/\/www.esplac.cat\/tot-a-punt-perque-pugueu-apuntar-vos-cursos-estiu\/#primaryimage"},"image":{"@id":"https:\/\/www.esplac.cat\/tot-a-punt-perque-pugueu-apuntar-vos-cursos-estiu\/#primaryimage"},"thumbnailUrl":"https:\/\/www.esplac.cat\/wp-content\/uploads\/2025\/02\/Cursos-MM-2025.jpg","datePublished":"2025-02-11T13:45:44+00:00","dateModified":"2025-03-04T12:28:14+00:00","description":"Descobreix com apuntar-te als cursos de monis i dires que dissenyem conjuntament amb l\u2019Escola Lliure el Sol perqu\u00e8 s\u2019adaptin a la realitat dels esplais!","breadcrumb":{"@id":"https:\/\/www.esplac.cat\/tot-a-punt-perque-pugueu-apuntar-vos-cursos-estiu\/#breadcrumb"},"inLanguage":"en-US","potentialAction":[{"@type":"ReadAction","target":["https:\/\/www.esplac.cat\/tot-a-punt-perque-pugueu-apuntar-vos-cursos-estiu\/"]}]},{"@type":"ImageObject","inLanguage":"en-US","@id":"https:\/\/www.esplac.cat\/tot-a-punt-perque-pugueu-apuntar-vos-cursos-estiu\/#primaryimage","url":"https:\/\/www.esplac.cat\/wp-content\/uploads\/2025\/02\/Cursos-MM-2025.jpg","contentUrl":"https:\/\/www.esplac.cat\/wp-content\/uploads\/2025\/02\/Cursos-MM-2025.jpg","width":1697,"height":700,"caption":"Cursos Marta Mata"},{"@type":"BreadcrumbList","@id":"https:\/\/www.esplac.cat\/tot-a-punt-perque-pugueu-apuntar-vos-cursos-estiu\/#breadcrumb","itemListElement":[{"@type":"ListItem","position":1,"name":"Inici","item":"https:\/\/www.esplac.cat\/en\/"},{"@type":"ListItem","position":2,"name":"Tot a punt perqu\u00e8 pugueu apuntar-vos als cursos d\u2019estiu!"}]},{"@type":"WebSite","@id":"https:\/\/www.esplac.cat\/#website","url":"https:\/\/www.esplac.cat\/","name":"Esplac","description":"Esplais Catalans","publisher":{"@id":"https:\/\/www.esplac.cat\/#organization"},"potentialAction":[{"@type":"SearchAction","target":{"@type":"EntryPoint","urlTemplate":"https:\/\/www.esplac.cat\/?s={search_term_string}"},"query-input":{"@type":"PropertyValueSpecification","valueRequired":true,"valueName":"search_term_string"}}],"inLanguage":"en-US"},{"@type":"Organization","@id":"https:\/\/www.esplac.cat\/#organization","name":"Esplac","url":"https:\/\/www.esplac.cat\/","logo":{"@type":"ImageObject","inLanguage":"en-US","@id":"https:\/\/www.esplac.cat\/#\/schema\/logo\/image\/","url":"https:\/\/www.esplac.cat\/wp-content\/uploads\/2019\/08\/logox2.png","contentUrl":"https:\/\/www.esplac.cat\/wp-content\/uploads\/2019\/08\/logox2.png","width":600,"height":295,"caption":"Esplac"},"image":{"@id":"https:\/\/www.esplac.cat\/#\/schema\/logo\/image\/"}},{"@type":"Person","@id":"https:\/\/www.esplac.cat\/#\/schema\/person\/908383cf240be18b68f8855d0583faca","name":"Comunicaci\u00f3 Esplac","image":{"@type":"ImageObject","inLanguage":"en-US","@id":"https:\/\/secure.gravatar.com\/avatar\/7a4cf8feb412a76ea4a740ca02d95b06b2907b5a6c648c2dd0a1082a093c3141?s=96&d=mm&r=g","url":"https:\/\/secure.gravatar.com\/avatar\/7a4cf8feb412a76ea4a740ca02d95b06b2907b5a6c648c2dd0a1082a093c3141?s=96&d=mm&r=g","contentUrl":"https:\/\/secure.gravatar.com\/avatar\/7a4cf8feb412a76ea4a740ca02d95b06b2907b5a6c648c2dd0a1082a093c3141?s=96&d=mm&r=g","caption":"Comunicaci\u00f3 Esplac"}}]}},"_links":{"self":[{"href":"https:\/\/www.esplac.cat\/en\/wp-json\/wp\/v2\/posts\/52528","targetHints":{"allow":["GET"]}}],"collection":[{"href":"https:\/\/www.esplac.cat\/en\/wp-json\/wp\/v2\/posts"}],"about":[{"href":"https:\/\/www.esplac.cat\/en\/wp-json\/wp\/v2\/types\/post"}],"author":[{"embeddable":true,"href":"https:\/\/www.esplac.cat\/en\/wp-json\/wp\/v2\/users\/3"}],"replies":[{"embeddable":true,"href":"https:\/\/www.esplac.cat\/en\/wp-json\/wp\/v2\/comments?post=52528"}],"version-history":[{"count":17,"href":"https:\/\/www.esplac.cat\/en\/wp-json\/wp\/v2\/posts\/52528\/revisions"}],"predecessor-version":[{"id":52547,"href":"https:\/\/www.esplac.cat\/en\/wp-json\/wp\/v2\/posts\/52528\/revisions\/52547"}],"wp:featuredmedia":[{"embeddable":true,"href":"https:\/\/www.esplac.cat\/en\/wp-json\/wp\/v2\/media\/52538"}],"wp:attachment":[{"href":"https:\/\/www.esplac.cat\/en\/wp-json\/wp\/v2\/media?parent=52528"}],"wp:term":[{"taxonomy":"category","embeddable":true,"href":"https:\/\/www.esplac.cat\/en\/wp-json\/wp\/v2\/categories?post=52528"},{"taxonomy":"post_tag","embeddable":true,"href":"https:\/\/www.esplac.cat\/en\/wp-json\/wp\/v2\/tags?post=52528"}],"curies":[{"name":"wp","href":"https:\/\/api.w.org\/{rel}","templated":true}]}}