{"id":52576,"date":"2025-02-18T15:35:04","date_gmt":"2025-02-18T13:35:04","guid":{"rendered":"https:\/\/www.esplac.cat\/?p=52576"},"modified":"2025-04-08T12:39:12","modified_gmt":"2025-04-08T10:39:12","slug":"plantegem-reptes-pendents-abordar-antifeixisme-esplai-escola-esplac","status":"publish","type":"post","link":"https:\/\/www.esplac.cat\/en\/plantegem-reptes-pendents-abordar-antifeixisme-esplai-escola-esplac\/","title":{"rendered":"Posem sobre la taula els reptes pendents per abordar l\u2019antifeixisme des de l\u2019esplai a l&#8217;onzena edici\u00f3 de l\u2019Escola d\u2019Esplac"},"content":{"rendered":"<div class=\"fusion-fullwidth fullwidth-box fusion-builder-row-1 fusion-flex-container has-pattern-background has-mask-background nonhundred-percent-fullwidth non-hundred-percent-height-scrolling\" style=\"--awb-border-radius-top-left:0px;--awb-border-radius-top-right:0px;--awb-border-radius-bottom-right:0px;--awb-border-radius-bottom-left:0px;--awb-flex-wrap:wrap;\" ><div class=\"fusion-builder-row fusion-row fusion-flex-align-items-flex-start fusion-flex-content-wrap\" style=\"max-width:1248px;margin-left: calc(-4% \/ 2 );margin-right: calc(-4% \/ 2 );\"><div class=\"fusion-layout-column fusion_builder_column fusion-builder-column-0 fusion_builder_column_1_1 1_1 fusion-flex-column\" style=\"--awb-bg-size:cover;--awb-width-large:100%;--awb-margin-top-large:0px;--awb-spacing-right-large:1.92%;--awb-margin-bottom-large:20px;--awb-spacing-left-large:1.92%;--awb-width-medium:100%;--awb-order-medium:0;--awb-spacing-right-medium:1.92%;--awb-spacing-left-medium:1.92%;--awb-width-small:100%;--awb-order-small:0;--awb-spacing-right-small:1.92%;--awb-spacing-left-small:1.92%;\"><div class=\"fusion-column-wrapper fusion-column-has-shadow fusion-flex-justify-content-flex-start fusion-content-layout-column\"><div class=\"fusion-text fusion-text-1\"><h6><strong>El cap de setmana del 15 i 16 de febrer hem celebrat a Santa Coloma de Gramenet l&#8217;onzena edici\u00f3 de l&#8217;Escola d&#8217;Esplac, sota el lema &#8216;Esplais antifeixistes: educant en valors, lluitant contra l&#8217;opressi\u00f3&#8217;.\u00a0<\/strong><\/h6>\n<p>Durant l&#8217;<span style=\"color: #f69d0b;\"><a style=\"color: #f69d0b;\" href=\"https:\/\/www.esplac.cat\/formacions\/escola-esplac\/\" target=\"_blank\" rel=\"noopener\"><strong>Escola d&#8217;Esplac 2025<\/strong><\/a> <\/span>hem debatut sobre quin \u00e9s <strong>el paper del lleure educatiu en la lluita antifeixista davant l&#8217;auge innegable d&#8217;uns discursos que defensen l\u2019hegemonia privilegiada de sempre<\/strong>. I ho hem fet de la m\u00e0 de persones i col\u00b7lectius que, des de pr\u00e0ctiques diverses, en el seu dia a dia confronten l&#8217;estructura d&#8217;un sistema violent que pret\u00e9n esborrar tota diversitat i dissid\u00e8ncia. La trobada ha constat de <strong>set espais formatius<\/strong>, entre pon\u00e8ncies, tallers, una taula rodona i una exposici\u00f3 interactiva, a partir dels quals hem assenyalat alguns dels reptes pendents a treballar des dels esplais.<\/p>\n<p>La jornada de dissabte ha arrencat amb una taula rodona a c\u00e0rrec de <a href=\"https:\/\/x.com\/Mamadou_Yeroo\" target=\"_blank\" rel=\"noopener\"><strong><span style=\"color: #f69d0b;\">Mamadou Yero Seydi<\/span><\/strong><\/a>, <span style=\"color: #f69d0b;\"><a style=\"color: #f69d0b;\" href=\"https:\/\/x.com\/miki_batalla?ref_src=twsrc%5Egoogle%7Ctwcamp%5Eserp%7Ctwgr%5Eauthor\" target=\"_blank\" rel=\"noopener\"><strong>Rub\u00e8n Suri\u00f1ach<\/strong><\/a> <\/span>i membres del col\u00b7lectiu <span style=\"color: #f69d0b;\"><a style=\"color: #f69d0b;\" href=\"https:\/\/www.instagram.com\/la.maquia\/\" target=\"_blank\" rel=\"noopener\"><strong>La M\u00e0quia &#8211; Azad\u00ee Jin<\/strong><\/a> <\/span>on, <strong>a trav\u00e9s de diferents mirades i experi\u00e8ncies, s\u2019ha definit qu\u00e8 entenem per antifeixisme i qu\u00e8 podem fer per combatre&#8217;l<\/strong>. El dia ha seguit amb una pon\u00e8ncia a c\u00e0rrec de <span style=\"color: #f69d0b;\"><a style=\"color: #f69d0b;\" href=\"https:\/\/x.com\/MGarciaMorante\" target=\"_blank\" rel=\"noopener\"><strong>Marina Garcia Morante<\/strong><\/a><\/span>, mestra d\u2019atenci\u00f3 a la diversitat i doctoranda en Psicologia de l\u2019educaci\u00f3 vinculada a la lluita transfeminista, antiracista i antifeixista a trav\u00e9s de diferents col\u00b7lectius i lluites de barri. En aquesta xerrada, centrada en <strong>el paper del jovent a l&#8217;hora de fer front a l\u2019odi i la indifer\u00e8ncia<\/strong>, s&#8217;ha parlat de la import\u00e0ncia de construir un antifeixisme que sigui veritablement interseccional i la necessitat d&#8217;interpel\u00b7lar els joves amb qui treballem per connectar-hi des de la lluita.<\/p>\n<p>Dissabte a la tarda ha arribat el moment dels <strong>tallers formatius, <\/strong>a c\u00e0rrec del <a href=\"https:\/\/x.com\/rocblackblock\" target=\"_blank\" rel=\"noopener\"><strong><span style=\"color: #f69d0b;\">Roc Blackblock<\/span><\/strong><\/a> de <span style=\"color: #f69d0b;\"><a style=\"color: #f69d0b;\" href=\"https:\/\/x.com\/mursdebitacola\" target=\"_blank\" rel=\"noopener\"><strong>Murs de Bit\u00e0cola<\/strong><\/a><\/span>, el <span style=\"color: #f69d0b;\"><a style=\"color: #f69d0b;\" href=\"https:\/\/x.com\/GPMatildeLanda\" target=\"_blank\" rel=\"noopener\"><strong>Gimn\u00e0s Popular Matilde Landa<\/strong><\/a><\/span> i l\u2019historiador i professor colomenc <strong>Juanjo Gallardo Romero<\/strong>. En aquests, ens hem aproximat a la lluita antifeixista des de tres branques diferents: l\u2019art urb\u00e0, l\u2019autodefensa i la mem\u00f2ria hist\u00f2rica.<\/p>\n<p>Diumenge l&#8217;Escola d&#8217;Esplac ha seguit en marxa i el dia ha comen\u00e7at amb una exposici\u00f3 participativa. Sota el t\u00edtol <em><strong>Educaci\u00f3 en el lleure: del franquisme fins ara. Amb quin fil cosim el present?<\/strong>, <\/em>aquest espai ha servit per a reflexionar sobre el paper del lleure associatiu durant la dictura i la transici\u00f3, aix\u00ed com recollir algunes conclusions d&#8217;aquesta trobada formativa i fer un aterratge d&#8217;idees i pr\u00e0ctiques per aplicar als esplais. Per \u00faltim, <strong>Pol Andi\u00f1ach<\/strong>, periodista, escriptor i youtuber i coordinador de <a href=\"https:\/\/www.youtube.com\/channel\/UCBGhz1moVqt0Q7LaB0AXUrg\" target=\"_blank\" rel=\"noopener\"><span style=\"color: #f69d0b;\"><strong>Cuellilargo<\/strong><\/span><\/a>, ha posat punt i final a l&#8217;Escola d&#8217;Esplac amb la pon\u00e8ncia <strong><em>El m\u00f3n que ha d\u2019apar\u00e8ixer. Reptes i escenaris de l\u2019antifeixisme. <\/em><\/strong>En aquesta, s&#8217;han analitzat quines estrat\u00e8gies tenen les monitores i els monitors per respondre al feixisme i s&#8217;ha debatut sobre qui ha de protagonitzar la lluita.<\/p>\n<p>Amb tot, aquesta Escola d\u2019Esplac ens ha servit per <strong>prendre consci\u00e8ncia dels reptes que els esplais tenim al davant a l&#8217;hora de convertir-nos en un model educatiu realment antifeixista<\/strong> i ha refermat la necessitat de generar espais de reflexi\u00f3 i trobada on col\u00b7lectivitzar aprenentatges i pr\u00e0ctiques concretes. Per la Martina Picas i la Mariona Guill\u00e9n, de l\u2019Equip de Coordinaci\u00f3, \u201cen un context social i pol\u00edtic en qu\u00e8 els discursos d\u2019odi estan en auge, els esplais hem de prendre consci\u00e8ncia del rol que tenim com a agent educatiu transformador. <strong>Volem ser referents coherents amb els valors en qu\u00e8 eduquem, entendre l\u2019antifeixisme des d\u2019una mirada \u00e0mplia, plural, interseccional i treballar en xarxa per combatre&#8217;l<\/strong>\u201d.<\/p>\n<p>Ben aviat podreu consultar tots els continguts de l&#8217;Escola d&#8217;Esplac al <span style=\"color: #f69d0b;\"><a style=\"color: #f69d0b;\" href=\"https:\/\/www.esplac.cat\/formacions\/escola-esplac\/\" target=\"_blank\" rel=\"noopener\"><strong>web<\/strong><\/a><\/span> i al nostre <strong><span style=\"color: #f69d0b;\"><a style=\"color: #f69d0b;\" href=\"https:\/\/www.youtube.com\/@EsplaisCatalans\" target=\"_blank\" rel=\"noopener\">canal de Youtube<\/a><\/span>.<\/strong> Estigueu atentes i atents!<\/p>\n<\/div><div style=\"text-align:center;\"><a class=\"fusion-button button-flat fusion-button-default-size button-default fusion-button-default button-1 fusion-button-default-span fusion-button-default-type\" style=\"--button_margin-top:30px;--button_margin-bottom:30px;\" target=\"_self\" href=\"https:\/\/flic.kr\/s\/aHBqjC2Ydx\"><span class=\"fusion-button-text\">L&#8217;Escola d&#8217;Esplac, en imatges!<\/span><\/a><\/div><blockquote class=\"instagram-media\" data-instgrm-captioned data-instgrm-permalink=\"https:\/\/www.instagram.com\/p\/DGI3s-PqtB3\/?utm_source=ig_embed&utm_campaign=loading\" data-instgrm-version=\"14\" style=\" background:#FFF; border:0; border-radius:3px; box-shadow:0 0 1px 0 rgba(0,0,0,0.5),0 1px 10px 0 rgba(0,0,0,0.15); margin: 1px; max-width:540px; min-width:326px; padding:0; width:99.375%; width:-webkit-calc(100% - 2px); width:calc(100% - 2px);\"><div style=\"padding:16px;\"> <a href=\"https:\/\/www.instagram.com\/p\/DGI3s-PqtB3\/?utm_source=ig_embed&utm_campaign=loading\" style=\" background:#FFFFFF; line-height:0; padding:0 0; text-align:center; text-decoration:none; width:100%;\" target=\"_blank\"> <div style=\" display: flex; flex-direction: row; align-items: center;\"> <div style=\"background-color: #F4F4F4; border-radius: 50%; flex-grow: 0; height: 40px; margin-right: 14px; width: 40px;\"><\/div> <div style=\"display: flex; flex-direction: column; flex-grow: 1; justify-content: center;\"> <div style=\" background-color: #F4F4F4; border-radius: 4px; flex-grow: 0; height: 14px; margin-bottom: 6px; width: 100px;\"><\/div> <div style=\" background-color: #F4F4F4; border-radius: 4px; flex-grow: 0; height: 14px; width: 60px;\"><\/div><\/div><\/div><div style=\"padding: 19% 0;\"><\/div> <div style=\"display:block; height:50px; margin:0 auto 12px; width:50px;\"><svg width=\"50px\" height=\"50px\" viewBox=\"0 0 60 60\" version=\"1.1\" xmlns=\"https:\/\/www.w3.org\/2000\/svg\" xmlns:xlink=\"https:\/\/www.w3.org\/1999\/xlink\"><g stroke=\"none\" stroke-width=\"1\" fill=\"none\" fill-rule=\"evenodd\"><g transform=\"translate(-511.000000, -20.000000)\" fill=\"#000000\"><g><path d=\"M556.869,30.41 C554.814,30.41 553.148,32.076 553.148,34.131 C553.148,36.186 554.814,37.852 556.869,37.852 C558.924,37.852 560.59,36.186 560.59,34.131 C560.59,32.076 558.924,30.41 556.869,30.41 M541,60.657 C535.114,60.657 530.342,55.887 530.342,50 C530.342,44.114 535.114,39.342 541,39.342 C546.887,39.342 551.658,44.114 551.658,50 C551.658,55.887 546.887,60.657 541,60.657 M541,33.886 C532.1,33.886 524.886,41.1 524.886,50 C524.886,58.899 532.1,66.113 541,66.113 C549.9,66.113 557.115,58.899 557.115,50 C557.115,41.1 549.9,33.886 541,33.886 M565.378,62.101 C565.244,65.022 564.756,66.606 564.346,67.663 C563.803,69.06 563.154,70.057 562.106,71.106 C561.058,72.155 560.06,72.803 558.662,73.347 C557.607,73.757 556.021,74.244 553.102,74.378 C549.944,74.521 548.997,74.552 541,74.552 C533.003,74.552 532.056,74.521 528.898,74.378 C525.979,74.244 524.393,73.757 523.338,73.347 C521.94,72.803 520.942,72.155 519.894,71.106 C518.846,70.057 518.197,69.06 517.654,67.663 C517.244,66.606 516.755,65.022 516.623,62.101 C516.479,58.943 516.448,57.996 516.448,50 C516.448,42.003 516.479,41.056 516.623,37.899 C516.755,34.978 517.244,33.391 517.654,32.338 C518.197,30.938 518.846,29.942 519.894,28.894 C520.942,27.846 521.94,27.196 523.338,26.654 C524.393,26.244 525.979,25.756 528.898,25.623 C532.057,25.479 533.004,25.448 541,25.448 C548.997,25.448 549.943,25.479 553.102,25.623 C556.021,25.756 557.607,26.244 558.662,26.654 C560.06,27.196 561.058,27.846 562.106,28.894 C563.154,29.942 563.803,30.938 564.346,32.338 C564.756,33.391 565.244,34.978 565.378,37.899 C565.522,41.056 565.552,42.003 565.552,50 C565.552,57.996 565.522,58.943 565.378,62.101 M570.82,37.631 C570.674,34.438 570.167,32.258 569.425,30.349 C568.659,28.377 567.633,26.702 565.965,25.035 C564.297,23.368 562.623,22.342 560.652,21.575 C558.743,20.834 556.562,20.326 553.369,20.18 C550.169,20.033 549.148,20 541,20 C532.853,20 531.831,20.033 528.631,20.18 C525.438,20.326 523.257,20.834 521.349,21.575 C519.376,22.342 517.703,23.368 516.035,25.035 C514.368,26.702 513.342,28.377 512.574,30.349 C511.834,32.258 511.326,34.438 511.181,37.631 C511.035,40.831 511,41.851 511,50 C511,58.147 511.035,59.17 511.181,62.369 C511.326,65.562 511.834,67.743 512.574,69.651 C513.342,71.625 514.368,73.296 516.035,74.965 C517.703,76.634 519.376,77.658 521.349,78.425 C523.257,79.167 525.438,79.673 528.631,79.82 C531.831,79.965 532.853,80.001 541,80.001 C549.148,80.001 550.169,79.965 553.369,79.82 C556.562,79.673 558.743,79.167 560.652,78.425 C562.623,77.658 564.297,76.634 565.965,74.965 C567.633,73.296 568.659,71.625 569.425,69.651 C570.167,67.743 570.674,65.562 570.82,62.369 C570.966,59.17 571,58.147 571,50 C571,41.851 570.966,40.831 570.82,37.631\"><\/path><\/g><\/g><\/g><\/svg><\/div><div style=\"padding-top: 8px;\"> <div style=\" color:#3897f0; font-family:Arial,sans-serif; font-size:14px; font-style:normal; font-weight:550; line-height:18px;\">View this post on Instagram<\/div><\/div><div style=\"padding: 12.5% 0;\"><\/div> <div style=\"display: flex; flex-direction: row; margin-bottom: 14px; align-items: center;\"><div> <div style=\"background-color: #F4F4F4; border-radius: 50%; height: 12.5px; width: 12.5px; transform: translateX(0px) translateY(7px);\"><\/div> <div style=\"background-color: #F4F4F4; height: 12.5px; transform: rotate(-45deg) translateX(3px) translateY(1px); width: 12.5px; flex-grow: 0; margin-right: 14px; margin-left: 2px;\"><\/div> <div style=\"background-color: #F4F4F4; border-radius: 50%; height: 12.5px; width: 12.5px; transform: translateX(9px) translateY(-18px);\"><\/div><\/div><div style=\"margin-left: 8px;\"> <div style=\" background-color: #F4F4F4; border-radius: 50%; flex-grow: 0; height: 20px; width: 20px;\"><\/div> <div style=\" width: 0; height: 0; border-top: 2px solid transparent; border-left: 6px solid #f4f4f4; border-bottom: 2px solid transparent; transform: translateX(16px) translateY(-4px) rotate(30deg)\"><\/div><\/div><div style=\"margin-left: auto;\"> <div style=\" width: 0px; border-top: 8px solid #F4F4F4; border-right: 8px solid transparent; transform: translateY(16px);\"><\/div> <div style=\" background-color: #F4F4F4; flex-grow: 0; height: 12px; width: 16px; transform: translateY(-4px);\"><\/div> <div style=\" width: 0; height: 0; border-top: 8px solid #F4F4F4; border-left: 8px solid transparent; transform: translateY(-4px) translateX(8px);\"><\/div><\/div><\/div> <div style=\"display: flex; flex-direction: column; flex-grow: 1; justify-content: center; margin-bottom: 24px;\"> <div style=\" background-color: #F4F4F4; border-radius: 4px; flex-grow: 0; height: 14px; margin-bottom: 6px; width: 224px;\"><\/div> <div style=\" background-color: #F4F4F4; border-radius: 4px; flex-grow: 0; height: 14px; width: 144px;\"><\/div><\/div><\/a><p style=\" color:#c9c8cd; font-family:Arial,sans-serif; font-size:14px; line-height:17px; margin-bottom:0; margin-top:8px; overflow:hidden; padding:8px 0 7px; text-align:center; text-overflow:ellipsis; white-space:nowrap;\"><a href=\"https:\/\/www.instagram.com\/p\/DGI3s-PqtB3\/?utm_source=ig_embed&utm_campaign=loading\" style=\" color:#c9c8cd; font-family:Arial,sans-serif; font-size:14px; font-style:normal; font-weight:normal; line-height:17px; text-decoration:none;\" target=\"_blank\">A post shared by Esplais Catalans (Esplac) (@esplaiscatalans)<\/a><\/p><\/div><\/blockquote>\n<script async src=\"\/\/www.instagram.com\/embed.js\"><\/script><\/div><\/div><\/div><\/div>\n","protected":false},"excerpt":{"rendered":"","protected":false},"author":3,"featured_media":52578,"comment_status":"closed","ping_status":"closed","sticky":false,"template":"","format":"standard","meta":{"om_disable_all_campaigns":false,"_monsterinsights_skip_tracking":false,"_monsterinsights_sitenote_active":false,"_monsterinsights_sitenote_note":"","_monsterinsights_sitenote_category":0,"_uf_show_specific_survey":0,"_uf_disable_surveys":false,"footnotes":""},"categories":[1111,1129,1,1396],"tags":[],"class_list":["post-52576","post","type-post","status-publish","format-standard","has-post-thumbnail","hentry","category-activitats-esplac","category-escola-desplac","category-sense-categoria","category-socies"],"yoast_head":"<!-- This site is optimized with the Yoast SEO plugin v27.4 - https:\/\/yoast.com\/product\/yoast-seo-wordpress\/ -->\n<title>Posem sobre la taula els reptes pendents per abordar l\u2019antifeixisme des de l\u2019esplai a l&#039;onzena edici\u00f3 de l\u2019Escola d\u2019Esplac - Esplac<\/title>\n<meta name=\"description\" content=\"El cap de setmana del 15 i 16 de febrer hem celebrat l&#039;onzena edici\u00f3 de l&#039;Escola d&#039;Esplac, sota el lema &#039;Esplais antifeixistes: educant en valors, lluitant contra l&#039;opressi\u00f3&#039;.\u00a0\" \/>\n<meta name=\"robots\" content=\"index, follow, max-snippet:-1, max-image-preview:large, max-video-preview:-1\" \/>\n<link rel=\"canonical\" href=\"https:\/\/www.esplac.cat\/plantegem-reptes-pendents-abordar-antifeixisme-esplai-escola-esplac\/\" \/>\n<meta property=\"og:locale\" content=\"en_US\" \/>\n<meta property=\"og:type\" content=\"article\" \/>\n<meta property=\"og:title\" content=\"Posem sobre la taula els reptes pendents per abordar l\u2019antifeixisme des de l\u2019esplai a l&#039;onzena edici\u00f3 de l\u2019Escola d\u2019Esplac - Esplac\" \/>\n<meta property=\"og:description\" content=\"El cap de setmana del 15 i 16 de febrer hem celebrat l&#039;onzena edici\u00f3 de l&#039;Escola d&#039;Esplac, sota el lema &#039;Esplais antifeixistes: educant en valors, lluitant contra l&#039;opressi\u00f3&#039;.\u00a0\" \/>\n<meta property=\"og:url\" content=\"https:\/\/www.esplac.cat\/plantegem-reptes-pendents-abordar-antifeixisme-esplai-escola-esplac\/\" \/>\n<meta property=\"og:site_name\" content=\"Esplac\" \/>\n<meta property=\"article:published_time\" content=\"2025-02-18T13:35:04+00:00\" \/>\n<meta property=\"article:modified_time\" content=\"2025-04-08T10:39:12+00:00\" \/>\n<meta property=\"og:image\" content=\"https:\/\/www.esplac.cat\/wp-content\/uploads\/2025\/02\/EE2.jpg\" \/>\n\t<meta property=\"og:image:width\" content=\"1697\" \/>\n\t<meta property=\"og:image:height\" content=\"700\" \/>\n\t<meta property=\"og:image:type\" content=\"image\/jpeg\" \/>\n<meta name=\"author\" content=\"Comunicaci\u00f3 Esplac\" \/>\n<meta name=\"twitter:card\" content=\"summary_large_image\" \/>\n<meta name=\"twitter:label1\" content=\"Written by\" \/>\n\t<meta name=\"twitter:data1\" content=\"Comunicaci\u00f3 Esplac\" \/>\n\t<meta name=\"twitter:label2\" content=\"Est. reading time\" \/>\n\t<meta name=\"twitter:data2\" content=\"4 minutes\" \/>\n<script type=\"application\/ld+json\" class=\"yoast-schema-graph\">{\"@context\":\"https:\\\/\\\/schema.org\",\"@graph\":[{\"@type\":\"Article\",\"@id\":\"https:\\\/\\\/www.esplac.cat\\\/plantegem-reptes-pendents-abordar-antifeixisme-esplai-escola-esplac\\\/#article\",\"isPartOf\":{\"@id\":\"https:\\\/\\\/www.esplac.cat\\\/plantegem-reptes-pendents-abordar-antifeixisme-esplai-escola-esplac\\\/\"},\"author\":{\"name\":\"Comunicaci\u00f3 Esplac\",\"@id\":\"https:\\\/\\\/www.esplac.cat\\\/#\\\/schema\\\/person\\\/908383cf240be18b68f8855d0583faca\"},\"headline\":\"Posem sobre la taula els reptes pendents per abordar l\u2019antifeixisme des de l\u2019esplai a l&#8217;onzena edici\u00f3 de l\u2019Escola d\u2019Esplac\",\"datePublished\":\"2025-02-18T13:35:04+00:00\",\"dateModified\":\"2025-04-08T10:39:12+00:00\",\"mainEntityOfPage\":{\"@id\":\"https:\\\/\\\/www.esplac.cat\\\/plantegem-reptes-pendents-abordar-antifeixisme-esplai-escola-esplac\\\/\"},\"wordCount\":3007,\"publisher\":{\"@id\":\"https:\\\/\\\/www.esplac.cat\\\/#organization\"},\"image\":{\"@id\":\"https:\\\/\\\/www.esplac.cat\\\/plantegem-reptes-pendents-abordar-antifeixisme-esplai-escola-esplac\\\/#primaryimage\"},\"thumbnailUrl\":\"https:\\\/\\\/www.esplac.cat\\\/wp-content\\\/uploads\\\/2025\\\/02\\\/EE2.jpg\",\"articleSection\":[\"Activitats esplac\",\"Escola d'Esplac\",\"Sense categoria\",\"S\u00f2cies\"],\"inLanguage\":\"en-US\"},{\"@type\":\"WebPage\",\"@id\":\"https:\\\/\\\/www.esplac.cat\\\/plantegem-reptes-pendents-abordar-antifeixisme-esplai-escola-esplac\\\/\",\"url\":\"https:\\\/\\\/www.esplac.cat\\\/plantegem-reptes-pendents-abordar-antifeixisme-esplai-escola-esplac\\\/\",\"name\":\"Posem sobre la taula els reptes pendents per abordar l\u2019antifeixisme des de l\u2019esplai a l'onzena edici\u00f3 de l\u2019Escola d\u2019Esplac - Esplac\",\"isPartOf\":{\"@id\":\"https:\\\/\\\/www.esplac.cat\\\/#website\"},\"primaryImageOfPage\":{\"@id\":\"https:\\\/\\\/www.esplac.cat\\\/plantegem-reptes-pendents-abordar-antifeixisme-esplai-escola-esplac\\\/#primaryimage\"},\"image\":{\"@id\":\"https:\\\/\\\/www.esplac.cat\\\/plantegem-reptes-pendents-abordar-antifeixisme-esplai-escola-esplac\\\/#primaryimage\"},\"thumbnailUrl\":\"https:\\\/\\\/www.esplac.cat\\\/wp-content\\\/uploads\\\/2025\\\/02\\\/EE2.jpg\",\"datePublished\":\"2025-02-18T13:35:04+00:00\",\"dateModified\":\"2025-04-08T10:39:12+00:00\",\"description\":\"El cap de setmana del 15 i 16 de febrer hem celebrat l'onzena edici\u00f3 de l'Escola d'Esplac, sota el lema 'Esplais antifeixistes: educant en valors, lluitant contra l'opressi\u00f3'.\u00a0\",\"breadcrumb\":{\"@id\":\"https:\\\/\\\/www.esplac.cat\\\/plantegem-reptes-pendents-abordar-antifeixisme-esplai-escola-esplac\\\/#breadcrumb\"},\"inLanguage\":\"en-US\",\"potentialAction\":[{\"@type\":\"ReadAction\",\"target\":[\"https:\\\/\\\/www.esplac.cat\\\/plantegem-reptes-pendents-abordar-antifeixisme-esplai-escola-esplac\\\/\"]}]},{\"@type\":\"ImageObject\",\"inLanguage\":\"en-US\",\"@id\":\"https:\\\/\\\/www.esplac.cat\\\/plantegem-reptes-pendents-abordar-antifeixisme-esplai-escola-esplac\\\/#primaryimage\",\"url\":\"https:\\\/\\\/www.esplac.cat\\\/wp-content\\\/uploads\\\/2025\\\/02\\\/EE2.jpg\",\"contentUrl\":\"https:\\\/\\\/www.esplac.cat\\\/wp-content\\\/uploads\\\/2025\\\/02\\\/EE2.jpg\",\"width\":1697,\"height\":700,\"caption\":\"Escola Esplac\"},{\"@type\":\"BreadcrumbList\",\"@id\":\"https:\\\/\\\/www.esplac.cat\\\/plantegem-reptes-pendents-abordar-antifeixisme-esplai-escola-esplac\\\/#breadcrumb\",\"itemListElement\":[{\"@type\":\"ListItem\",\"position\":1,\"name\":\"Inici\",\"item\":\"https:\\\/\\\/www.esplac.cat\\\/en\\\/\"},{\"@type\":\"ListItem\",\"position\":2,\"name\":\"Posem sobre la taula els reptes pendents per abordar l\u2019antifeixisme des de l\u2019esplai a l&#8217;onzena edici\u00f3 de l\u2019Escola d\u2019Esplac\"}]},{\"@type\":\"WebSite\",\"@id\":\"https:\\\/\\\/www.esplac.cat\\\/#website\",\"url\":\"https:\\\/\\\/www.esplac.cat\\\/\",\"name\":\"Esplac\",\"description\":\"Esplais Catalans\",\"publisher\":{\"@id\":\"https:\\\/\\\/www.esplac.cat\\\/#organization\"},\"potentialAction\":[{\"@type\":\"SearchAction\",\"target\":{\"@type\":\"EntryPoint\",\"urlTemplate\":\"https:\\\/\\\/www.esplac.cat\\\/?s={search_term_string}\"},\"query-input\":{\"@type\":\"PropertyValueSpecification\",\"valueRequired\":true,\"valueName\":\"search_term_string\"}}],\"inLanguage\":\"en-US\"},{\"@type\":\"Organization\",\"@id\":\"https:\\\/\\\/www.esplac.cat\\\/#organization\",\"name\":\"Esplac\",\"url\":\"https:\\\/\\\/www.esplac.cat\\\/\",\"logo\":{\"@type\":\"ImageObject\",\"inLanguage\":\"en-US\",\"@id\":\"https:\\\/\\\/www.esplac.cat\\\/#\\\/schema\\\/logo\\\/image\\\/\",\"url\":\"https:\\\/\\\/www.esplac.cat\\\/wp-content\\\/uploads\\\/2019\\\/08\\\/logox2.png\",\"contentUrl\":\"https:\\\/\\\/www.esplac.cat\\\/wp-content\\\/uploads\\\/2019\\\/08\\\/logox2.png\",\"width\":600,\"height\":295,\"caption\":\"Esplac\"},\"image\":{\"@id\":\"https:\\\/\\\/www.esplac.cat\\\/#\\\/schema\\\/logo\\\/image\\\/\"}},{\"@type\":\"Person\",\"@id\":\"https:\\\/\\\/www.esplac.cat\\\/#\\\/schema\\\/person\\\/908383cf240be18b68f8855d0583faca\",\"name\":\"Comunicaci\u00f3 Esplac\",\"image\":{\"@type\":\"ImageObject\",\"inLanguage\":\"en-US\",\"@id\":\"https:\\\/\\\/secure.gravatar.com\\\/avatar\\\/7a4cf8feb412a76ea4a740ca02d95b06b2907b5a6c648c2dd0a1082a093c3141?s=96&d=mm&r=g\",\"url\":\"https:\\\/\\\/secure.gravatar.com\\\/avatar\\\/7a4cf8feb412a76ea4a740ca02d95b06b2907b5a6c648c2dd0a1082a093c3141?s=96&d=mm&r=g\",\"contentUrl\":\"https:\\\/\\\/secure.gravatar.com\\\/avatar\\\/7a4cf8feb412a76ea4a740ca02d95b06b2907b5a6c648c2dd0a1082a093c3141?s=96&d=mm&r=g\",\"caption\":\"Comunicaci\u00f3 Esplac\"}}]}<\/script>\n<!-- \/ Yoast SEO plugin. -->","yoast_head_json":{"title":"Posem sobre la taula els reptes pendents per abordar l\u2019antifeixisme des de l\u2019esplai a l'onzena edici\u00f3 de l\u2019Escola d\u2019Esplac - Esplac","description":"El cap de setmana del 15 i 16 de febrer hem celebrat l'onzena edici\u00f3 de l'Escola d'Esplac, sota el lema 'Esplais antifeixistes: educant en valors, lluitant contra l'opressi\u00f3'.\u00a0","robots":{"index":"index","follow":"follow","max-snippet":"max-snippet:-1","max-image-preview":"max-image-preview:large","max-video-preview":"max-video-preview:-1"},"canonical":"https:\/\/www.esplac.cat\/plantegem-reptes-pendents-abordar-antifeixisme-esplai-escola-esplac\/","og_locale":"en_US","og_type":"article","og_title":"Posem sobre la taula els reptes pendents per abordar l\u2019antifeixisme des de l\u2019esplai a l'onzena edici\u00f3 de l\u2019Escola d\u2019Esplac - Esplac","og_description":"El cap de setmana del 15 i 16 de febrer hem celebrat l'onzena edici\u00f3 de l'Escola d'Esplac, sota el lema 'Esplais antifeixistes: educant en valors, lluitant contra l'opressi\u00f3'.\u00a0","og_url":"https:\/\/www.esplac.cat\/plantegem-reptes-pendents-abordar-antifeixisme-esplai-escola-esplac\/","og_site_name":"Esplac","article_published_time":"2025-02-18T13:35:04+00:00","article_modified_time":"2025-04-08T10:39:12+00:00","og_image":[{"width":1697,"height":700,"url":"https:\/\/www.esplac.cat\/wp-content\/uploads\/2025\/02\/EE2.jpg","type":"image\/jpeg"}],"author":"Comunicaci\u00f3 Esplac","twitter_card":"summary_large_image","twitter_misc":{"Written by":"Comunicaci\u00f3 Esplac","Est. reading time":"4 minutes"},"schema":{"@context":"https:\/\/schema.org","@graph":[{"@type":"Article","@id":"https:\/\/www.esplac.cat\/plantegem-reptes-pendents-abordar-antifeixisme-esplai-escola-esplac\/#article","isPartOf":{"@id":"https:\/\/www.esplac.cat\/plantegem-reptes-pendents-abordar-antifeixisme-esplai-escola-esplac\/"},"author":{"name":"Comunicaci\u00f3 Esplac","@id":"https:\/\/www.esplac.cat\/#\/schema\/person\/908383cf240be18b68f8855d0583faca"},"headline":"Posem sobre la taula els reptes pendents per abordar l\u2019antifeixisme des de l\u2019esplai a l&#8217;onzena edici\u00f3 de l\u2019Escola d\u2019Esplac","datePublished":"2025-02-18T13:35:04+00:00","dateModified":"2025-04-08T10:39:12+00:00","mainEntityOfPage":{"@id":"https:\/\/www.esplac.cat\/plantegem-reptes-pendents-abordar-antifeixisme-esplai-escola-esplac\/"},"wordCount":3007,"publisher":{"@id":"https:\/\/www.esplac.cat\/#organization"},"image":{"@id":"https:\/\/www.esplac.cat\/plantegem-reptes-pendents-abordar-antifeixisme-esplai-escola-esplac\/#primaryimage"},"thumbnailUrl":"https:\/\/www.esplac.cat\/wp-content\/uploads\/2025\/02\/EE2.jpg","articleSection":["Activitats esplac","Escola d'Esplac","Sense categoria","S\u00f2cies"],"inLanguage":"en-US"},{"@type":"WebPage","@id":"https:\/\/www.esplac.cat\/plantegem-reptes-pendents-abordar-antifeixisme-esplai-escola-esplac\/","url":"https:\/\/www.esplac.cat\/plantegem-reptes-pendents-abordar-antifeixisme-esplai-escola-esplac\/","name":"Posem sobre la taula els reptes pendents per abordar l\u2019antifeixisme des de l\u2019esplai a l'onzena edici\u00f3 de l\u2019Escola d\u2019Esplac - Esplac","isPartOf":{"@id":"https:\/\/www.esplac.cat\/#website"},"primaryImageOfPage":{"@id":"https:\/\/www.esplac.cat\/plantegem-reptes-pendents-abordar-antifeixisme-esplai-escola-esplac\/#primaryimage"},"image":{"@id":"https:\/\/www.esplac.cat\/plantegem-reptes-pendents-abordar-antifeixisme-esplai-escola-esplac\/#primaryimage"},"thumbnailUrl":"https:\/\/www.esplac.cat\/wp-content\/uploads\/2025\/02\/EE2.jpg","datePublished":"2025-02-18T13:35:04+00:00","dateModified":"2025-04-08T10:39:12+00:00","description":"El cap de setmana del 15 i 16 de febrer hem celebrat l'onzena edici\u00f3 de l'Escola d'Esplac, sota el lema 'Esplais antifeixistes: educant en valors, lluitant contra l'opressi\u00f3'.\u00a0","breadcrumb":{"@id":"https:\/\/www.esplac.cat\/plantegem-reptes-pendents-abordar-antifeixisme-esplai-escola-esplac\/#breadcrumb"},"inLanguage":"en-US","potentialAction":[{"@type":"ReadAction","target":["https:\/\/www.esplac.cat\/plantegem-reptes-pendents-abordar-antifeixisme-esplai-escola-esplac\/"]}]},{"@type":"ImageObject","inLanguage":"en-US","@id":"https:\/\/www.esplac.cat\/plantegem-reptes-pendents-abordar-antifeixisme-esplai-escola-esplac\/#primaryimage","url":"https:\/\/www.esplac.cat\/wp-content\/uploads\/2025\/02\/EE2.jpg","contentUrl":"https:\/\/www.esplac.cat\/wp-content\/uploads\/2025\/02\/EE2.jpg","width":1697,"height":700,"caption":"Escola Esplac"},{"@type":"BreadcrumbList","@id":"https:\/\/www.esplac.cat\/plantegem-reptes-pendents-abordar-antifeixisme-esplai-escola-esplac\/#breadcrumb","itemListElement":[{"@type":"ListItem","position":1,"name":"Inici","item":"https:\/\/www.esplac.cat\/en\/"},{"@type":"ListItem","position":2,"name":"Posem sobre la taula els reptes pendents per abordar l\u2019antifeixisme des de l\u2019esplai a l&#8217;onzena edici\u00f3 de l\u2019Escola d\u2019Esplac"}]},{"@type":"WebSite","@id":"https:\/\/www.esplac.cat\/#website","url":"https:\/\/www.esplac.cat\/","name":"Esplac","description":"Esplais Catalans","publisher":{"@id":"https:\/\/www.esplac.cat\/#organization"},"potentialAction":[{"@type":"SearchAction","target":{"@type":"EntryPoint","urlTemplate":"https:\/\/www.esplac.cat\/?s={search_term_string}"},"query-input":{"@type":"PropertyValueSpecification","valueRequired":true,"valueName":"search_term_string"}}],"inLanguage":"en-US"},{"@type":"Organization","@id":"https:\/\/www.esplac.cat\/#organization","name":"Esplac","url":"https:\/\/www.esplac.cat\/","logo":{"@type":"ImageObject","inLanguage":"en-US","@id":"https:\/\/www.esplac.cat\/#\/schema\/logo\/image\/","url":"https:\/\/www.esplac.cat\/wp-content\/uploads\/2019\/08\/logox2.png","contentUrl":"https:\/\/www.esplac.cat\/wp-content\/uploads\/2019\/08\/logox2.png","width":600,"height":295,"caption":"Esplac"},"image":{"@id":"https:\/\/www.esplac.cat\/#\/schema\/logo\/image\/"}},{"@type":"Person","@id":"https:\/\/www.esplac.cat\/#\/schema\/person\/908383cf240be18b68f8855d0583faca","name":"Comunicaci\u00f3 Esplac","image":{"@type":"ImageObject","inLanguage":"en-US","@id":"https:\/\/secure.gravatar.com\/avatar\/7a4cf8feb412a76ea4a740ca02d95b06b2907b5a6c648c2dd0a1082a093c3141?s=96&d=mm&r=g","url":"https:\/\/secure.gravatar.com\/avatar\/7a4cf8feb412a76ea4a740ca02d95b06b2907b5a6c648c2dd0a1082a093c3141?s=96&d=mm&r=g","contentUrl":"https:\/\/secure.gravatar.com\/avatar\/7a4cf8feb412a76ea4a740ca02d95b06b2907b5a6c648c2dd0a1082a093c3141?s=96&d=mm&r=g","caption":"Comunicaci\u00f3 Esplac"}}]}},"_links":{"self":[{"href":"https:\/\/www.esplac.cat\/en\/wp-json\/wp\/v2\/posts\/52576","targetHints":{"allow":["GET"]}}],"collection":[{"href":"https:\/\/www.esplac.cat\/en\/wp-json\/wp\/v2\/posts"}],"about":[{"href":"https:\/\/www.esplac.cat\/en\/wp-json\/wp\/v2\/types\/post"}],"author":[{"embeddable":true,"href":"https:\/\/www.esplac.cat\/en\/wp-json\/wp\/v2\/users\/3"}],"replies":[{"embeddable":true,"href":"https:\/\/www.esplac.cat\/en\/wp-json\/wp\/v2\/comments?post=52576"}],"version-history":[{"count":12,"href":"https:\/\/www.esplac.cat\/en\/wp-json\/wp\/v2\/posts\/52576\/revisions"}],"predecessor-version":[{"id":52595,"href":"https:\/\/www.esplac.cat\/en\/wp-json\/wp\/v2\/posts\/52576\/revisions\/52595"}],"wp:featuredmedia":[{"embeddable":true,"href":"https:\/\/www.esplac.cat\/en\/wp-json\/wp\/v2\/media\/52578"}],"wp:attachment":[{"href":"https:\/\/www.esplac.cat\/en\/wp-json\/wp\/v2\/media?parent=52576"}],"wp:term":[{"taxonomy":"category","embeddable":true,"href":"https:\/\/www.esplac.cat\/en\/wp-json\/wp\/v2\/categories?post=52576"},{"taxonomy":"post_tag","embeddable":true,"href":"https:\/\/www.esplac.cat\/en\/wp-json\/wp\/v2\/tags?post=52576"}],"curies":[{"name":"wp","href":"https:\/\/api.w.org\/{rel}","templated":true}]}}