{"id":52703,"date":"2025-02-27T08:00:08","date_gmt":"2025-02-27T06:00:08","guid":{"rendered":"https:\/\/www.esplac.cat\/?p=52703"},"modified":"2026-03-20T14:35:36","modified_gmt":"2026-03-20T12:35:36","slug":"record-participacio-domingeo-formatiu-barcelona-nord-est","status":"publish","type":"post","link":"https:\/\/www.esplac.cat\/en\/record-participacio-domingeo-formatiu-barcelona-nord-est\/","title":{"rendered":"Nou r\u00e8cord de participaci\u00f3 al Domingeo Formatiu de Barcelona Nord-Est!"},"content":{"rendered":"<div class=\"fusion-fullwidth fullwidth-box fusion-builder-row-1 fusion-flex-container has-pattern-background has-mask-background nonhundred-percent-fullwidth non-hundred-percent-height-scrolling\" style=\"--awb-border-radius-top-left:0px;--awb-border-radius-top-right:0px;--awb-border-radius-bottom-right:0px;--awb-border-radius-bottom-left:0px;--awb-flex-wrap:wrap;\" ><div class=\"fusion-builder-row fusion-row fusion-flex-align-items-flex-start fusion-flex-content-wrap\" style=\"max-width:1248px;margin-left: calc(-4% \/ 2 );margin-right: calc(-4% \/ 2 );\"><div class=\"fusion-layout-column fusion_builder_column fusion-builder-column-0 fusion_builder_column_1_1 1_1 fusion-flex-column\" style=\"--awb-bg-size:cover;--awb-width-large:100%;--awb-margin-top-large:0px;--awb-spacing-right-large:1.92%;--awb-margin-bottom-large:20px;--awb-spacing-left-large:1.92%;--awb-width-medium:100%;--awb-order-medium:0;--awb-spacing-right-medium:1.92%;--awb-spacing-left-medium:1.92%;--awb-width-small:100%;--awb-order-small:0;--awb-spacing-right-small:1.92%;--awb-spacing-left-small:1.92%;\"><div class=\"fusion-column-wrapper fusion-column-has-shadow fusion-flex-justify-content-flex-start fusion-content-layout-column\"><div class=\"fusion-text fusion-text-1\"><h6><b>El Sector Barcelona Nord-Est celebra un diumenge ple de formaci\u00f3 al Casal de Joves Girapells, just abans de la privatitzaci\u00f3 de la gesti\u00f3 de l\u2019equipament.<\/b><\/h6>\n<p><span style=\"font-weight: 300;\">El diumenge 23 de febrer el <\/span><a href=\"https:\/\/www.esplac.cat\/sectors-geografics\/barcelona-nord-est\/\"><span style=\"font-weight: 300;\"><span style=\"color: #f69d0b;\"><strong>Sector Barcelona Nord-Est<\/strong><\/span> <\/span><\/a><span style=\"font-weight: 300;\">\u00a0ha celebrat el seu <\/span><b>Domingeo Formatiu<\/b><span style=\"font-weight: 300;\"> al <\/span><b>Casal de Joves Girapells<\/b><span style=\"font-weight: 300;\">. En els darrers anys els esplais del sector han apostat per aquest format per tal d\u2019aprofundir en diverses tem\u00e0tiques d\u2019inter\u00e8s per a les monitores i monitors del territori, formant-se col\u00b7lectivament per tal de formular respostes conjuntes a problem\u00e0tiques que a priori poden semblar casu\u00edstiques a\u00efllades de cada esplai.<\/span><\/p>\n<p><span style=\"font-weight: 300;\">Tot assolint un nou r\u00e8cord de participaci\u00f3, un total de 45 monis de 5 esplais diferents han assistit a l\u2019activitat. L\u2019<\/span><span style=\"color: #f69d0b;\"><strong><a style=\"color: #f69d0b;\" href=\"https:\/\/escolaelsol.coop\/\">Escola lliure el Sol<\/a><\/strong><\/span><span style=\"font-weight: 300;\"> ha ofert una formaci\u00f3 sobre estrat\u00e8gies de <\/span><b>prevenci\u00f3 del consum de drogues<\/b><span style=\"font-weight: 300;\"> amb joves i sobre <\/span><b>alimentaci\u00f3 saludable i trastorns alimentaris<\/b><span style=\"font-weight: 300;\">, dues tem\u00e0tiques molt presents en la tasca educativa dels esplais que de vegades poden quedar difuminades pel tab\u00fa i estigma social que existeix respecte als dos temes.\u00a0\u00a0<\/span><\/p>\n<p><span style=\"font-weight: 300;\">El Domingeo Formatiu s\u2019ha celebrat al Casal de Joves Girapells, un <\/span><b>espai municipal que des del 2015 seguia un model de gesti\u00f3 c\u00edvica<\/b><span style=\"font-weight: 300;\">, permeten a les joves del barri organitzar-se i gestionar el seu propi espai a trav\u00e9s de l\u2019Assemblea de Joves del Girapells. El proper 30 de mar\u00e7<\/span><b> l\u2019Ajuntament de Barcelona trencar\u00e0 amb el model de gesti\u00f3 actual negant el di\u00e0leg amb l\u2019assemblea de joves<\/b><span style=\"font-weight: 300;\">, privatitzant la gesti\u00f3 de l\u2019espai a partir d\u2019un proc\u00e9s de concessi\u00f3 p\u00fablica ple d\u2019irregularitats i molt poc transparent. Per con\u00e8ixer amb m\u00e9s profunditat la campanya de den\u00fancia organitzada per les joves del Girapells podeu seguir al seu compte d\u2019Instagram <\/span><span style=\"color: #f69d0b;\"><strong><a style=\"color: #f69d0b;\" href=\"https:\/\/www.instagram.com\/cjgirapells\/\">@cjgirapells<\/a><\/strong><\/span><span style=\"font-weight: 300;\">.<\/span><\/p>\n<p><span style=\"font-weight: 300;\">Les monitores i monitors del sector Barcelona Nord-Est agreixen al Casal Jove Girapells haver acollit el Domingeo Formatiu i animem a tothom a assistir a la concentraci\u00f3 del proper 14 de mar\u00e7 en rebuig a la situaci\u00f3 en qu\u00e8 es troba aquest espai.<\/span><\/p>\n<h6><\/h6>\n<\/div><div class=\"fusion-image-element \" style=\"text-align:right;--awb-caption-title-font-family:var(--h2_typography-font-family);--awb-caption-title-font-weight:var(--h2_typography-font-weight);--awb-caption-title-font-style:var(--h2_typography-font-style);--awb-caption-title-size:var(--h2_typography-font-size);--awb-caption-title-transform:var(--h2_typography-text-transform);--awb-caption-title-line-height:var(--h2_typography-line-height);--awb-caption-title-letter-spacing:var(--h2_typography-letter-spacing);\"><span class=\" fusion-imageframe imageframe-none imageframe-1 hover-type-none\"><img decoding=\"async\" width=\"600\" height=\"200\" title=\"Amb el suport de\" src=\"https:\/\/www.esplac.cat\/wp-content\/uploads\/2025\/11\/Amb-el-suport-de.jpg\" alt class=\"img-responsive wp-image-55461\" srcset=\"https:\/\/www.esplac.cat\/wp-content\/uploads\/2025\/11\/Amb-el-suport-de-200x67.jpg 200w, https:\/\/www.esplac.cat\/wp-content\/uploads\/2025\/11\/Amb-el-suport-de-400x133.jpg 400w, https:\/\/www.esplac.cat\/wp-content\/uploads\/2025\/11\/Amb-el-suport-de.jpg 600w\" sizes=\"(max-width: 1024px) 100vw, (max-width: 640px) 100vw, 600px\" \/><\/span><\/div><\/div><\/div><\/div><\/div>\n","protected":false},"excerpt":{"rendered":"","protected":false},"author":3,"featured_media":52705,"comment_status":"closed","ping_status":"closed","sticky":false,"template":"","format":"standard","meta":{"om_disable_all_campaigns":false,"_monsterinsights_skip_tracking":false,"_monsterinsights_sitenote_active":false,"_monsterinsights_sitenote_note":"","_monsterinsights_sitenote_category":0,"_uf_show_specific_survey":0,"_uf_disable_surveys":false,"footnotes":""},"categories":[1110,1128,1398],"tags":[],"class_list":["post-52703","post","type-post","status-publish","format-standard","has-post-thumbnail","hentry","category-activitats-sectors","category-sector-barcelona","category-sector-barcelona-nord-est"],"yoast_head":"<!-- This site is optimized with the Yoast SEO plugin v27.4 - https:\/\/yoast.com\/product\/yoast-seo-wordpress\/ -->\n<title>Domingueo Formatiu al Sector Barcelona Nord-Est!<\/title>\n<meta name=\"description\" content=\"El Sector Barcelona Nord-Est celebra un nou Domingueo Formatiu al Casal de Joves Girapells, poc abans de la privatitzaci\u00f3 d&#039;aquest espai\" \/>\n<meta name=\"robots\" content=\"index, follow, max-snippet:-1, max-image-preview:large, max-video-preview:-1\" \/>\n<link rel=\"canonical\" href=\"https:\/\/www.esplac.cat\/record-participacio-domingeo-formatiu-barcelona-nord-est\/\" \/>\n<meta property=\"og:locale\" content=\"en_US\" \/>\n<meta property=\"og:type\" content=\"article\" \/>\n<meta property=\"og:title\" content=\"Domingueo Formatiu al Sector Barcelona Nord-Est!\" \/>\n<meta property=\"og:description\" content=\"El Sector Barcelona Nord-Est celebra un nou Domingueo Formatiu al Casal de Joves Girapells, poc abans de la privatitzaci\u00f3 d&#039;aquest espai\" \/>\n<meta property=\"og:url\" content=\"https:\/\/www.esplac.cat\/record-participacio-domingeo-formatiu-barcelona-nord-est\/\" \/>\n<meta property=\"og:site_name\" content=\"Esplac\" \/>\n<meta property=\"article:published_time\" content=\"2025-02-27T06:00:08+00:00\" \/>\n<meta property=\"article:modified_time\" content=\"2026-03-20T12:35:36+00:00\" \/>\n<meta property=\"og:image\" content=\"https:\/\/www.esplac.cat\/wp-content\/uploads\/2025\/02\/Domingueo-Formatiu-BCN-NE.jpg\" \/>\n\t<meta property=\"og:image:width\" content=\"1697\" \/>\n\t<meta property=\"og:image:height\" content=\"700\" \/>\n\t<meta property=\"og:image:type\" content=\"image\/jpeg\" \/>\n<meta name=\"author\" content=\"Comunicaci\u00f3 Esplac\" \/>\n<meta name=\"twitter:card\" content=\"summary_large_image\" \/>\n<meta name=\"twitter:label1\" content=\"Written by\" \/>\n\t<meta name=\"twitter:data1\" content=\"Comunicaci\u00f3 Esplac\" \/>\n\t<meta name=\"twitter:label2\" content=\"Est. reading time\" \/>\n\t<meta name=\"twitter:data2\" content=\"2 minutes\" \/>\n<script type=\"application\/ld+json\" class=\"yoast-schema-graph\">{\"@context\":\"https:\\\/\\\/schema.org\",\"@graph\":[{\"@type\":\"Article\",\"@id\":\"https:\\\/\\\/www.esplac.cat\\\/record-participacio-domingeo-formatiu-barcelona-nord-est\\\/#article\",\"isPartOf\":{\"@id\":\"https:\\\/\\\/www.esplac.cat\\\/record-participacio-domingeo-formatiu-barcelona-nord-est\\\/\"},\"author\":{\"name\":\"Comunicaci\u00f3 Esplac\",\"@id\":\"https:\\\/\\\/www.esplac.cat\\\/#\\\/schema\\\/person\\\/908383cf240be18b68f8855d0583faca\"},\"headline\":\"Nou r\u00e8cord de participaci\u00f3 al Domingeo Formatiu de Barcelona Nord-Est!\",\"datePublished\":\"2025-02-27T06:00:08+00:00\",\"dateModified\":\"2026-03-20T12:35:36+00:00\",\"mainEntityOfPage\":{\"@id\":\"https:\\\/\\\/www.esplac.cat\\\/record-participacio-domingeo-formatiu-barcelona-nord-est\\\/\"},\"wordCount\":1595,\"publisher\":{\"@id\":\"https:\\\/\\\/www.esplac.cat\\\/#organization\"},\"image\":{\"@id\":\"https:\\\/\\\/www.esplac.cat\\\/record-participacio-domingeo-formatiu-barcelona-nord-est\\\/#primaryimage\"},\"thumbnailUrl\":\"https:\\\/\\\/www.esplac.cat\\\/wp-content\\\/uploads\\\/2025\\\/02\\\/Domingueo-Formatiu-BCN-NE.jpg\",\"articleSection\":[\"Activitats sectors\",\"Sector Barcelona\",\"Sector Barcelona Nord-Est\"],\"inLanguage\":\"en-US\"},{\"@type\":\"WebPage\",\"@id\":\"https:\\\/\\\/www.esplac.cat\\\/record-participacio-domingeo-formatiu-barcelona-nord-est\\\/\",\"url\":\"https:\\\/\\\/www.esplac.cat\\\/record-participacio-domingeo-formatiu-barcelona-nord-est\\\/\",\"name\":\"Domingueo Formatiu al Sector Barcelona Nord-Est!\",\"isPartOf\":{\"@id\":\"https:\\\/\\\/www.esplac.cat\\\/#website\"},\"primaryImageOfPage\":{\"@id\":\"https:\\\/\\\/www.esplac.cat\\\/record-participacio-domingeo-formatiu-barcelona-nord-est\\\/#primaryimage\"},\"image\":{\"@id\":\"https:\\\/\\\/www.esplac.cat\\\/record-participacio-domingeo-formatiu-barcelona-nord-est\\\/#primaryimage\"},\"thumbnailUrl\":\"https:\\\/\\\/www.esplac.cat\\\/wp-content\\\/uploads\\\/2025\\\/02\\\/Domingueo-Formatiu-BCN-NE.jpg\",\"datePublished\":\"2025-02-27T06:00:08+00:00\",\"dateModified\":\"2026-03-20T12:35:36+00:00\",\"description\":\"El Sector Barcelona Nord-Est celebra un nou Domingueo Formatiu al Casal de Joves Girapells, poc abans de la privatitzaci\u00f3 d'aquest espai\",\"breadcrumb\":{\"@id\":\"https:\\\/\\\/www.esplac.cat\\\/record-participacio-domingeo-formatiu-barcelona-nord-est\\\/#breadcrumb\"},\"inLanguage\":\"en-US\",\"potentialAction\":[{\"@type\":\"ReadAction\",\"target\":[\"https:\\\/\\\/www.esplac.cat\\\/record-participacio-domingeo-formatiu-barcelona-nord-est\\\/\"]}]},{\"@type\":\"ImageObject\",\"inLanguage\":\"en-US\",\"@id\":\"https:\\\/\\\/www.esplac.cat\\\/record-participacio-domingeo-formatiu-barcelona-nord-est\\\/#primaryimage\",\"url\":\"https:\\\/\\\/www.esplac.cat\\\/wp-content\\\/uploads\\\/2025\\\/02\\\/Domingueo-Formatiu-BCN-NE.jpg\",\"contentUrl\":\"https:\\\/\\\/www.esplac.cat\\\/wp-content\\\/uploads\\\/2025\\\/02\\\/Domingueo-Formatiu-BCN-NE.jpg\",\"width\":1697,\"height\":700,\"caption\":\"Domingueo Formatiu\"},{\"@type\":\"BreadcrumbList\",\"@id\":\"https:\\\/\\\/www.esplac.cat\\\/record-participacio-domingeo-formatiu-barcelona-nord-est\\\/#breadcrumb\",\"itemListElement\":[{\"@type\":\"ListItem\",\"position\":1,\"name\":\"Inici\",\"item\":\"https:\\\/\\\/www.esplac.cat\\\/en\\\/\"},{\"@type\":\"ListItem\",\"position\":2,\"name\":\"Nou r\u00e8cord de participaci\u00f3 al Domingeo Formatiu de Barcelona Nord-Est!\"}]},{\"@type\":\"WebSite\",\"@id\":\"https:\\\/\\\/www.esplac.cat\\\/#website\",\"url\":\"https:\\\/\\\/www.esplac.cat\\\/\",\"name\":\"Esplac\",\"description\":\"Esplais Catalans\",\"publisher\":{\"@id\":\"https:\\\/\\\/www.esplac.cat\\\/#organization\"},\"potentialAction\":[{\"@type\":\"SearchAction\",\"target\":{\"@type\":\"EntryPoint\",\"urlTemplate\":\"https:\\\/\\\/www.esplac.cat\\\/?s={search_term_string}\"},\"query-input\":{\"@type\":\"PropertyValueSpecification\",\"valueRequired\":true,\"valueName\":\"search_term_string\"}}],\"inLanguage\":\"en-US\"},{\"@type\":\"Organization\",\"@id\":\"https:\\\/\\\/www.esplac.cat\\\/#organization\",\"name\":\"Esplac\",\"url\":\"https:\\\/\\\/www.esplac.cat\\\/\",\"logo\":{\"@type\":\"ImageObject\",\"inLanguage\":\"en-US\",\"@id\":\"https:\\\/\\\/www.esplac.cat\\\/#\\\/schema\\\/logo\\\/image\\\/\",\"url\":\"https:\\\/\\\/www.esplac.cat\\\/wp-content\\\/uploads\\\/2019\\\/08\\\/logox2.png\",\"contentUrl\":\"https:\\\/\\\/www.esplac.cat\\\/wp-content\\\/uploads\\\/2019\\\/08\\\/logox2.png\",\"width\":600,\"height\":295,\"caption\":\"Esplac\"},\"image\":{\"@id\":\"https:\\\/\\\/www.esplac.cat\\\/#\\\/schema\\\/logo\\\/image\\\/\"}},{\"@type\":\"Person\",\"@id\":\"https:\\\/\\\/www.esplac.cat\\\/#\\\/schema\\\/person\\\/908383cf240be18b68f8855d0583faca\",\"name\":\"Comunicaci\u00f3 Esplac\",\"image\":{\"@type\":\"ImageObject\",\"inLanguage\":\"en-US\",\"@id\":\"https:\\\/\\\/secure.gravatar.com\\\/avatar\\\/7a4cf8feb412a76ea4a740ca02d95b06b2907b5a6c648c2dd0a1082a093c3141?s=96&d=mm&r=g\",\"url\":\"https:\\\/\\\/secure.gravatar.com\\\/avatar\\\/7a4cf8feb412a76ea4a740ca02d95b06b2907b5a6c648c2dd0a1082a093c3141?s=96&d=mm&r=g\",\"contentUrl\":\"https:\\\/\\\/secure.gravatar.com\\\/avatar\\\/7a4cf8feb412a76ea4a740ca02d95b06b2907b5a6c648c2dd0a1082a093c3141?s=96&d=mm&r=g\",\"caption\":\"Comunicaci\u00f3 Esplac\"}}]}<\/script>\n<!-- \/ Yoast SEO plugin. -->","yoast_head_json":{"title":"Domingueo Formatiu al Sector Barcelona Nord-Est!","description":"El Sector Barcelona Nord-Est celebra un nou Domingueo Formatiu al Casal de Joves Girapells, poc abans de la privatitzaci\u00f3 d'aquest espai","robots":{"index":"index","follow":"follow","max-snippet":"max-snippet:-1","max-image-preview":"max-image-preview:large","max-video-preview":"max-video-preview:-1"},"canonical":"https:\/\/www.esplac.cat\/record-participacio-domingeo-formatiu-barcelona-nord-est\/","og_locale":"en_US","og_type":"article","og_title":"Domingueo Formatiu al Sector Barcelona Nord-Est!","og_description":"El Sector Barcelona Nord-Est celebra un nou Domingueo Formatiu al Casal de Joves Girapells, poc abans de la privatitzaci\u00f3 d'aquest espai","og_url":"https:\/\/www.esplac.cat\/record-participacio-domingeo-formatiu-barcelona-nord-est\/","og_site_name":"Esplac","article_published_time":"2025-02-27T06:00:08+00:00","article_modified_time":"2026-03-20T12:35:36+00:00","og_image":[{"width":1697,"height":700,"url":"https:\/\/www.esplac.cat\/wp-content\/uploads\/2025\/02\/Domingueo-Formatiu-BCN-NE.jpg","type":"image\/jpeg"}],"author":"Comunicaci\u00f3 Esplac","twitter_card":"summary_large_image","twitter_misc":{"Written by":"Comunicaci\u00f3 Esplac","Est. reading time":"2 minutes"},"schema":{"@context":"https:\/\/schema.org","@graph":[{"@type":"Article","@id":"https:\/\/www.esplac.cat\/record-participacio-domingeo-formatiu-barcelona-nord-est\/#article","isPartOf":{"@id":"https:\/\/www.esplac.cat\/record-participacio-domingeo-formatiu-barcelona-nord-est\/"},"author":{"name":"Comunicaci\u00f3 Esplac","@id":"https:\/\/www.esplac.cat\/#\/schema\/person\/908383cf240be18b68f8855d0583faca"},"headline":"Nou r\u00e8cord de participaci\u00f3 al Domingeo Formatiu de Barcelona Nord-Est!","datePublished":"2025-02-27T06:00:08+00:00","dateModified":"2026-03-20T12:35:36+00:00","mainEntityOfPage":{"@id":"https:\/\/www.esplac.cat\/record-participacio-domingeo-formatiu-barcelona-nord-est\/"},"wordCount":1595,"publisher":{"@id":"https:\/\/www.esplac.cat\/#organization"},"image":{"@id":"https:\/\/www.esplac.cat\/record-participacio-domingeo-formatiu-barcelona-nord-est\/#primaryimage"},"thumbnailUrl":"https:\/\/www.esplac.cat\/wp-content\/uploads\/2025\/02\/Domingueo-Formatiu-BCN-NE.jpg","articleSection":["Activitats sectors","Sector Barcelona","Sector Barcelona Nord-Est"],"inLanguage":"en-US"},{"@type":"WebPage","@id":"https:\/\/www.esplac.cat\/record-participacio-domingeo-formatiu-barcelona-nord-est\/","url":"https:\/\/www.esplac.cat\/record-participacio-domingeo-formatiu-barcelona-nord-est\/","name":"Domingueo Formatiu al Sector Barcelona Nord-Est!","isPartOf":{"@id":"https:\/\/www.esplac.cat\/#website"},"primaryImageOfPage":{"@id":"https:\/\/www.esplac.cat\/record-participacio-domingeo-formatiu-barcelona-nord-est\/#primaryimage"},"image":{"@id":"https:\/\/www.esplac.cat\/record-participacio-domingeo-formatiu-barcelona-nord-est\/#primaryimage"},"thumbnailUrl":"https:\/\/www.esplac.cat\/wp-content\/uploads\/2025\/02\/Domingueo-Formatiu-BCN-NE.jpg","datePublished":"2025-02-27T06:00:08+00:00","dateModified":"2026-03-20T12:35:36+00:00","description":"El Sector Barcelona Nord-Est celebra un nou Domingueo Formatiu al Casal de Joves Girapells, poc abans de la privatitzaci\u00f3 d'aquest espai","breadcrumb":{"@id":"https:\/\/www.esplac.cat\/record-participacio-domingeo-formatiu-barcelona-nord-est\/#breadcrumb"},"inLanguage":"en-US","potentialAction":[{"@type":"ReadAction","target":["https:\/\/www.esplac.cat\/record-participacio-domingeo-formatiu-barcelona-nord-est\/"]}]},{"@type":"ImageObject","inLanguage":"en-US","@id":"https:\/\/www.esplac.cat\/record-participacio-domingeo-formatiu-barcelona-nord-est\/#primaryimage","url":"https:\/\/www.esplac.cat\/wp-content\/uploads\/2025\/02\/Domingueo-Formatiu-BCN-NE.jpg","contentUrl":"https:\/\/www.esplac.cat\/wp-content\/uploads\/2025\/02\/Domingueo-Formatiu-BCN-NE.jpg","width":1697,"height":700,"caption":"Domingueo Formatiu"},{"@type":"BreadcrumbList","@id":"https:\/\/www.esplac.cat\/record-participacio-domingeo-formatiu-barcelona-nord-est\/#breadcrumb","itemListElement":[{"@type":"ListItem","position":1,"name":"Inici","item":"https:\/\/www.esplac.cat\/en\/"},{"@type":"ListItem","position":2,"name":"Nou r\u00e8cord de participaci\u00f3 al Domingeo Formatiu de Barcelona Nord-Est!"}]},{"@type":"WebSite","@id":"https:\/\/www.esplac.cat\/#website","url":"https:\/\/www.esplac.cat\/","name":"Esplac","description":"Esplais Catalans","publisher":{"@id":"https:\/\/www.esplac.cat\/#organization"},"potentialAction":[{"@type":"SearchAction","target":{"@type":"EntryPoint","urlTemplate":"https:\/\/www.esplac.cat\/?s={search_term_string}"},"query-input":{"@type":"PropertyValueSpecification","valueRequired":true,"valueName":"search_term_string"}}],"inLanguage":"en-US"},{"@type":"Organization","@id":"https:\/\/www.esplac.cat\/#organization","name":"Esplac","url":"https:\/\/www.esplac.cat\/","logo":{"@type":"ImageObject","inLanguage":"en-US","@id":"https:\/\/www.esplac.cat\/#\/schema\/logo\/image\/","url":"https:\/\/www.esplac.cat\/wp-content\/uploads\/2019\/08\/logox2.png","contentUrl":"https:\/\/www.esplac.cat\/wp-content\/uploads\/2019\/08\/logox2.png","width":600,"height":295,"caption":"Esplac"},"image":{"@id":"https:\/\/www.esplac.cat\/#\/schema\/logo\/image\/"}},{"@type":"Person","@id":"https:\/\/www.esplac.cat\/#\/schema\/person\/908383cf240be18b68f8855d0583faca","name":"Comunicaci\u00f3 Esplac","image":{"@type":"ImageObject","inLanguage":"en-US","@id":"https:\/\/secure.gravatar.com\/avatar\/7a4cf8feb412a76ea4a740ca02d95b06b2907b5a6c648c2dd0a1082a093c3141?s=96&d=mm&r=g","url":"https:\/\/secure.gravatar.com\/avatar\/7a4cf8feb412a76ea4a740ca02d95b06b2907b5a6c648c2dd0a1082a093c3141?s=96&d=mm&r=g","contentUrl":"https:\/\/secure.gravatar.com\/avatar\/7a4cf8feb412a76ea4a740ca02d95b06b2907b5a6c648c2dd0a1082a093c3141?s=96&d=mm&r=g","caption":"Comunicaci\u00f3 Esplac"}}]}},"_links":{"self":[{"href":"https:\/\/www.esplac.cat\/en\/wp-json\/wp\/v2\/posts\/52703","targetHints":{"allow":["GET"]}}],"collection":[{"href":"https:\/\/www.esplac.cat\/en\/wp-json\/wp\/v2\/posts"}],"about":[{"href":"https:\/\/www.esplac.cat\/en\/wp-json\/wp\/v2\/types\/post"}],"author":[{"embeddable":true,"href":"https:\/\/www.esplac.cat\/en\/wp-json\/wp\/v2\/users\/3"}],"replies":[{"embeddable":true,"href":"https:\/\/www.esplac.cat\/en\/wp-json\/wp\/v2\/comments?post=52703"}],"version-history":[{"count":3,"href":"https:\/\/www.esplac.cat\/en\/wp-json\/wp\/v2\/posts\/52703\/revisions"}],"predecessor-version":[{"id":55754,"href":"https:\/\/www.esplac.cat\/en\/wp-json\/wp\/v2\/posts\/52703\/revisions\/55754"}],"wp:featuredmedia":[{"embeddable":true,"href":"https:\/\/www.esplac.cat\/en\/wp-json\/wp\/v2\/media\/52705"}],"wp:attachment":[{"href":"https:\/\/www.esplac.cat\/en\/wp-json\/wp\/v2\/media?parent=52703"}],"wp:term":[{"taxonomy":"category","embeddable":true,"href":"https:\/\/www.esplac.cat\/en\/wp-json\/wp\/v2\/categories?post=52703"},{"taxonomy":"post_tag","embeddable":true,"href":"https:\/\/www.esplac.cat\/en\/wp-json\/wp\/v2\/tags?post=52703"}],"curies":[{"name":"wp","href":"https:\/\/api.w.org\/{rel}","templated":true}]}}