{"id":52852,"date":"2025-03-04T14:53:20","date_gmt":"2025-03-04T12:53:20","guid":{"rendered":"https:\/\/www.esplac.cat\/?p=52852"},"modified":"2026-03-20T14:33:42","modified_gmt":"2026-03-20T12:33:42","slug":"formacio-calcotada-cohesio-sector-barcelona-oest","status":"publish","type":"post","link":"https:\/\/www.esplac.cat\/en\/formacio-calcotada-cohesio-sector-barcelona-oest\/","title":{"rendered":"Formaci\u00f3 i cal\u00e7otada: cohesi\u00f3 al Sector Barcelona Oest!"},"content":{"rendered":"<div class=\"fusion-fullwidth fullwidth-box fusion-builder-row-1 fusion-flex-container has-pattern-background has-mask-background nonhundred-percent-fullwidth non-hundred-percent-height-scrolling\" style=\"--awb-border-radius-top-left:0px;--awb-border-radius-top-right:0px;--awb-border-radius-bottom-right:0px;--awb-border-radius-bottom-left:0px;--awb-flex-wrap:wrap;\" ><div class=\"fusion-builder-row fusion-row fusion-flex-align-items-flex-start fusion-flex-content-wrap\" style=\"max-width:1248px;margin-left: calc(-4% \/ 2 );margin-right: calc(-4% \/ 2 );\"><div class=\"fusion-layout-column fusion_builder_column fusion-builder-column-0 fusion_builder_column_1_1 1_1 fusion-flex-column\" style=\"--awb-bg-size:cover;--awb-width-large:100%;--awb-margin-top-large:0px;--awb-spacing-right-large:1.92%;--awb-margin-bottom-large:20px;--awb-spacing-left-large:1.92%;--awb-width-medium:100%;--awb-order-medium:0;--awb-spacing-right-medium:1.92%;--awb-spacing-left-medium:1.92%;--awb-width-small:100%;--awb-order-small:0;--awb-spacing-right-small:1.92%;--awb-spacing-left-small:1.92%;\"><div class=\"fusion-column-wrapper fusion-column-has-shadow fusion-flex-justify-content-flex-start fusion-content-layout-column\"><div class=\"fusion-text fusion-text-1\"><h6><strong>Les monitores i els monitors del Sector Barcelona Oest s\u2019han trobat aquest diumenge al Domingueo Formatiu per formar-se conjuntament i compartir experi\u00e8ncies.<\/strong><\/h6>\n<p>M\u00e9s d\u2019una quarantena de monitores i monitors dels esplais del <span style=\"color: #f69d0b;\"><a style=\"color: #f69d0b;\" href=\"https:\/\/www.esplac.cat\/sectors-geografics\/barcelona-oest\/\" target=\"_blank\" rel=\"noopener\"><strong>Sector Barcelona Oest<\/strong><\/a><\/span> s\u2019han trobat aquest diumenge a l\u2019<span style=\"color: #f69d0b;\"><a style=\"color: #f69d0b;\" href=\"https:\/\/ajuntament.barcelona.cat\/espaisverds\/ca\/participa-hi\/cessio-despais-municipals\/espais-en-actiu\/espai-gardenyes\" target=\"_blank\" rel=\"noopener\"><strong>Espai Gardenyes<\/strong><\/a><\/span> (Sarri\u00e0), en el marc de l\u2019activitat anual del Domingueo Formatiu.<\/p>\n<p>Durant el mat\u00ed, monitores i monitors s\u2019han format en dues tem\u00e0tiques, les quals havien escollit pr\u00e8viament: <strong>Eines did\u00e0ctiques<\/strong> i <strong>Detecci\u00f3 i prevenci\u00f3 d\u2019assetjament i bullying<\/strong>. En aquests espais, les monis han pogut debatre i formar-se col\u00b7lectivament, definint nous reptes pels esplais en aquests dos \u00e0mbits.<\/p>\n<p>Despr\u00e9s de l\u2019espai formatiu, la comissi\u00f3 que preparava l\u2019activitat ha dinamitzat diversos<strong> jocs de cohesi\u00f3<\/strong> per teixir vincles entre els diferents esplais. Monis i dirigents han valorat molt positivament aquesta trobada del sector, que <strong>fomenta la formaci\u00f3 i la cohesi\u00f3 al territori<\/strong>!<\/p>\n<\/div><div class=\"fusion-image-element \" style=\"text-align:right;--awb-caption-title-font-family:var(--h2_typography-font-family);--awb-caption-title-font-weight:var(--h2_typography-font-weight);--awb-caption-title-font-style:var(--h2_typography-font-style);--awb-caption-title-size:var(--h2_typography-font-size);--awb-caption-title-transform:var(--h2_typography-text-transform);--awb-caption-title-line-height:var(--h2_typography-line-height);--awb-caption-title-letter-spacing:var(--h2_typography-letter-spacing);\"><span class=\" fusion-imageframe imageframe-none imageframe-1 hover-type-none\"><img decoding=\"async\" width=\"600\" height=\"200\" title=\"Amb el suport de\" src=\"https:\/\/www.esplac.cat\/wp-content\/uploads\/2025\/11\/Amb-el-suport-de.jpg\" alt class=\"img-responsive wp-image-55461\" srcset=\"https:\/\/www.esplac.cat\/wp-content\/uploads\/2025\/11\/Amb-el-suport-de-200x67.jpg 200w, https:\/\/www.esplac.cat\/wp-content\/uploads\/2025\/11\/Amb-el-suport-de-400x133.jpg 400w, https:\/\/www.esplac.cat\/wp-content\/uploads\/2025\/11\/Amb-el-suport-de.jpg 600w\" sizes=\"(max-width: 1024px) 100vw, (max-width: 640px) 100vw, 600px\" \/><\/span><\/div><\/div><\/div><\/div><\/div>\n","protected":false},"excerpt":{"rendered":"","protected":false},"author":3,"featured_media":52854,"comment_status":"closed","ping_status":"closed","sticky":false,"template":"","format":"standard","meta":{"om_disable_all_campaigns":false,"_monsterinsights_skip_tracking":false,"_monsterinsights_sitenote_active":false,"_monsterinsights_sitenote_note":"","_monsterinsights_sitenote_category":0,"_uf_show_specific_survey":0,"_uf_disable_surveys":false,"footnotes":""},"categories":[1110,1128,1399,1],"tags":[],"class_list":["post-52852","post","type-post","status-publish","format-standard","has-post-thumbnail","hentry","category-activitats-sectors","category-sector-barcelona","category-sector-barcelona-oest","category-sense-categoria"],"yoast_head":"<!-- This site is optimized with the Yoast SEO plugin v27.4 - https:\/\/yoast.com\/product\/yoast-seo-wordpress\/ -->\n<title>Formaci\u00f3 i cal\u00e7otada: cohesi\u00f3 al Sector Barcelona Oest! - Esplac<\/title>\n<meta name=\"description\" content=\"El Sector Barcelona Oest s\u2019ha trobat aquest diumenge al Domingueo Formatiu per formar-se conjuntament i compartir experi\u00e8ncies.\" \/>\n<meta name=\"robots\" content=\"index, follow, max-snippet:-1, max-image-preview:large, max-video-preview:-1\" \/>\n<link rel=\"canonical\" href=\"https:\/\/www.esplac.cat\/formacio-calcotada-cohesio-sector-barcelona-oest\/\" \/>\n<meta property=\"og:locale\" content=\"en_US\" \/>\n<meta property=\"og:type\" content=\"article\" \/>\n<meta property=\"og:title\" content=\"Formaci\u00f3 i cal\u00e7otada: cohesi\u00f3 al Sector Barcelona Oest! - Esplac\" \/>\n<meta property=\"og:description\" content=\"El Sector Barcelona Oest s\u2019ha trobat aquest diumenge al Domingueo Formatiu per formar-se conjuntament i compartir experi\u00e8ncies.\" \/>\n<meta property=\"og:url\" content=\"https:\/\/www.esplac.cat\/formacio-calcotada-cohesio-sector-barcelona-oest\/\" \/>\n<meta property=\"og:site_name\" content=\"Esplac\" \/>\n<meta property=\"article:published_time\" content=\"2025-03-04T12:53:20+00:00\" \/>\n<meta property=\"article:modified_time\" content=\"2026-03-20T12:33:42+00:00\" \/>\n<meta property=\"og:image\" content=\"https:\/\/www.esplac.cat\/wp-content\/uploads\/2025\/03\/Domingueo_Formatiu_BCN_Oest.jpg\" \/>\n\t<meta property=\"og:image:width\" content=\"1697\" \/>\n\t<meta property=\"og:image:height\" content=\"700\" \/>\n\t<meta property=\"og:image:type\" content=\"image\/jpeg\" \/>\n<meta name=\"author\" content=\"Comunicaci\u00f3 Esplac\" \/>\n<meta name=\"twitter:card\" content=\"summary_large_image\" \/>\n<meta name=\"twitter:label1\" content=\"Written by\" \/>\n\t<meta name=\"twitter:data1\" content=\"Comunicaci\u00f3 Esplac\" \/>\n\t<meta name=\"twitter:label2\" content=\"Est. reading time\" \/>\n\t<meta name=\"twitter:data2\" content=\"1 minute\" \/>\n<script type=\"application\/ld+json\" class=\"yoast-schema-graph\">{\"@context\":\"https:\\\/\\\/schema.org\",\"@graph\":[{\"@type\":\"Article\",\"@id\":\"https:\\\/\\\/www.esplac.cat\\\/formacio-calcotada-cohesio-sector-barcelona-oest\\\/#article\",\"isPartOf\":{\"@id\":\"https:\\\/\\\/www.esplac.cat\\\/formacio-calcotada-cohesio-sector-barcelona-oest\\\/\"},\"author\":{\"name\":\"Comunicaci\u00f3 Esplac\",\"@id\":\"https:\\\/\\\/www.esplac.cat\\\/#\\\/schema\\\/person\\\/908383cf240be18b68f8855d0583faca\"},\"headline\":\"Formaci\u00f3 i cal\u00e7otada: cohesi\u00f3 al Sector Barcelona Oest!\",\"datePublished\":\"2025-03-04T12:53:20+00:00\",\"dateModified\":\"2026-03-20T12:33:42+00:00\",\"mainEntityOfPage\":{\"@id\":\"https:\\\/\\\/www.esplac.cat\\\/formacio-calcotada-cohesio-sector-barcelona-oest\\\/\"},\"wordCount\":1410,\"publisher\":{\"@id\":\"https:\\\/\\\/www.esplac.cat\\\/#organization\"},\"image\":{\"@id\":\"https:\\\/\\\/www.esplac.cat\\\/formacio-calcotada-cohesio-sector-barcelona-oest\\\/#primaryimage\"},\"thumbnailUrl\":\"https:\\\/\\\/www.esplac.cat\\\/wp-content\\\/uploads\\\/2025\\\/03\\\/Domingueo_Formatiu_BCN_Oest.jpg\",\"articleSection\":[\"Activitats sectors\",\"Sector Barcelona\",\"Sector Barcelona Oest\",\"Sense categoria\"],\"inLanguage\":\"en-US\"},{\"@type\":\"WebPage\",\"@id\":\"https:\\\/\\\/www.esplac.cat\\\/formacio-calcotada-cohesio-sector-barcelona-oest\\\/\",\"url\":\"https:\\\/\\\/www.esplac.cat\\\/formacio-calcotada-cohesio-sector-barcelona-oest\\\/\",\"name\":\"Formaci\u00f3 i cal\u00e7otada: cohesi\u00f3 al Sector Barcelona Oest! - Esplac\",\"isPartOf\":{\"@id\":\"https:\\\/\\\/www.esplac.cat\\\/#website\"},\"primaryImageOfPage\":{\"@id\":\"https:\\\/\\\/www.esplac.cat\\\/formacio-calcotada-cohesio-sector-barcelona-oest\\\/#primaryimage\"},\"image\":{\"@id\":\"https:\\\/\\\/www.esplac.cat\\\/formacio-calcotada-cohesio-sector-barcelona-oest\\\/#primaryimage\"},\"thumbnailUrl\":\"https:\\\/\\\/www.esplac.cat\\\/wp-content\\\/uploads\\\/2025\\\/03\\\/Domingueo_Formatiu_BCN_Oest.jpg\",\"datePublished\":\"2025-03-04T12:53:20+00:00\",\"dateModified\":\"2026-03-20T12:33:42+00:00\",\"description\":\"El Sector Barcelona Oest s\u2019ha trobat aquest diumenge al Domingueo Formatiu per formar-se conjuntament i compartir experi\u00e8ncies.\",\"breadcrumb\":{\"@id\":\"https:\\\/\\\/www.esplac.cat\\\/formacio-calcotada-cohesio-sector-barcelona-oest\\\/#breadcrumb\"},\"inLanguage\":\"en-US\",\"potentialAction\":[{\"@type\":\"ReadAction\",\"target\":[\"https:\\\/\\\/www.esplac.cat\\\/formacio-calcotada-cohesio-sector-barcelona-oest\\\/\"]}]},{\"@type\":\"ImageObject\",\"inLanguage\":\"en-US\",\"@id\":\"https:\\\/\\\/www.esplac.cat\\\/formacio-calcotada-cohesio-sector-barcelona-oest\\\/#primaryimage\",\"url\":\"https:\\\/\\\/www.esplac.cat\\\/wp-content\\\/uploads\\\/2025\\\/03\\\/Domingueo_Formatiu_BCN_Oest.jpg\",\"contentUrl\":\"https:\\\/\\\/www.esplac.cat\\\/wp-content\\\/uploads\\\/2025\\\/03\\\/Domingueo_Formatiu_BCN_Oest.jpg\",\"width\":1697,\"height\":700,\"caption\":\"sector barcelona oest\"},{\"@type\":\"BreadcrumbList\",\"@id\":\"https:\\\/\\\/www.esplac.cat\\\/formacio-calcotada-cohesio-sector-barcelona-oest\\\/#breadcrumb\",\"itemListElement\":[{\"@type\":\"ListItem\",\"position\":1,\"name\":\"Inici\",\"item\":\"https:\\\/\\\/www.esplac.cat\\\/en\\\/\"},{\"@type\":\"ListItem\",\"position\":2,\"name\":\"Formaci\u00f3 i cal\u00e7otada: cohesi\u00f3 al Sector Barcelona Oest!\"}]},{\"@type\":\"WebSite\",\"@id\":\"https:\\\/\\\/www.esplac.cat\\\/#website\",\"url\":\"https:\\\/\\\/www.esplac.cat\\\/\",\"name\":\"Esplac\",\"description\":\"Esplais Catalans\",\"publisher\":{\"@id\":\"https:\\\/\\\/www.esplac.cat\\\/#organization\"},\"potentialAction\":[{\"@type\":\"SearchAction\",\"target\":{\"@type\":\"EntryPoint\",\"urlTemplate\":\"https:\\\/\\\/www.esplac.cat\\\/?s={search_term_string}\"},\"query-input\":{\"@type\":\"PropertyValueSpecification\",\"valueRequired\":true,\"valueName\":\"search_term_string\"}}],\"inLanguage\":\"en-US\"},{\"@type\":\"Organization\",\"@id\":\"https:\\\/\\\/www.esplac.cat\\\/#organization\",\"name\":\"Esplac\",\"url\":\"https:\\\/\\\/www.esplac.cat\\\/\",\"logo\":{\"@type\":\"ImageObject\",\"inLanguage\":\"en-US\",\"@id\":\"https:\\\/\\\/www.esplac.cat\\\/#\\\/schema\\\/logo\\\/image\\\/\",\"url\":\"https:\\\/\\\/www.esplac.cat\\\/wp-content\\\/uploads\\\/2019\\\/08\\\/logox2.png\",\"contentUrl\":\"https:\\\/\\\/www.esplac.cat\\\/wp-content\\\/uploads\\\/2019\\\/08\\\/logox2.png\",\"width\":600,\"height\":295,\"caption\":\"Esplac\"},\"image\":{\"@id\":\"https:\\\/\\\/www.esplac.cat\\\/#\\\/schema\\\/logo\\\/image\\\/\"}},{\"@type\":\"Person\",\"@id\":\"https:\\\/\\\/www.esplac.cat\\\/#\\\/schema\\\/person\\\/908383cf240be18b68f8855d0583faca\",\"name\":\"Comunicaci\u00f3 Esplac\",\"image\":{\"@type\":\"ImageObject\",\"inLanguage\":\"en-US\",\"@id\":\"https:\\\/\\\/secure.gravatar.com\\\/avatar\\\/7a4cf8feb412a76ea4a740ca02d95b06b2907b5a6c648c2dd0a1082a093c3141?s=96&d=mm&r=g\",\"url\":\"https:\\\/\\\/secure.gravatar.com\\\/avatar\\\/7a4cf8feb412a76ea4a740ca02d95b06b2907b5a6c648c2dd0a1082a093c3141?s=96&d=mm&r=g\",\"contentUrl\":\"https:\\\/\\\/secure.gravatar.com\\\/avatar\\\/7a4cf8feb412a76ea4a740ca02d95b06b2907b5a6c648c2dd0a1082a093c3141?s=96&d=mm&r=g\",\"caption\":\"Comunicaci\u00f3 Esplac\"}}]}<\/script>\n<!-- \/ Yoast SEO plugin. -->","yoast_head_json":{"title":"Formaci\u00f3 i cal\u00e7otada: cohesi\u00f3 al Sector Barcelona Oest! - Esplac","description":"El Sector Barcelona Oest s\u2019ha trobat aquest diumenge al Domingueo Formatiu per formar-se conjuntament i compartir experi\u00e8ncies.","robots":{"index":"index","follow":"follow","max-snippet":"max-snippet:-1","max-image-preview":"max-image-preview:large","max-video-preview":"max-video-preview:-1"},"canonical":"https:\/\/www.esplac.cat\/formacio-calcotada-cohesio-sector-barcelona-oest\/","og_locale":"en_US","og_type":"article","og_title":"Formaci\u00f3 i cal\u00e7otada: cohesi\u00f3 al Sector Barcelona Oest! - Esplac","og_description":"El Sector Barcelona Oest s\u2019ha trobat aquest diumenge al Domingueo Formatiu per formar-se conjuntament i compartir experi\u00e8ncies.","og_url":"https:\/\/www.esplac.cat\/formacio-calcotada-cohesio-sector-barcelona-oest\/","og_site_name":"Esplac","article_published_time":"2025-03-04T12:53:20+00:00","article_modified_time":"2026-03-20T12:33:42+00:00","og_image":[{"width":1697,"height":700,"url":"https:\/\/www.esplac.cat\/wp-content\/uploads\/2025\/03\/Domingueo_Formatiu_BCN_Oest.jpg","type":"image\/jpeg"}],"author":"Comunicaci\u00f3 Esplac","twitter_card":"summary_large_image","twitter_misc":{"Written by":"Comunicaci\u00f3 Esplac","Est. reading time":"1 minute"},"schema":{"@context":"https:\/\/schema.org","@graph":[{"@type":"Article","@id":"https:\/\/www.esplac.cat\/formacio-calcotada-cohesio-sector-barcelona-oest\/#article","isPartOf":{"@id":"https:\/\/www.esplac.cat\/formacio-calcotada-cohesio-sector-barcelona-oest\/"},"author":{"name":"Comunicaci\u00f3 Esplac","@id":"https:\/\/www.esplac.cat\/#\/schema\/person\/908383cf240be18b68f8855d0583faca"},"headline":"Formaci\u00f3 i cal\u00e7otada: cohesi\u00f3 al Sector Barcelona Oest!","datePublished":"2025-03-04T12:53:20+00:00","dateModified":"2026-03-20T12:33:42+00:00","mainEntityOfPage":{"@id":"https:\/\/www.esplac.cat\/formacio-calcotada-cohesio-sector-barcelona-oest\/"},"wordCount":1410,"publisher":{"@id":"https:\/\/www.esplac.cat\/#organization"},"image":{"@id":"https:\/\/www.esplac.cat\/formacio-calcotada-cohesio-sector-barcelona-oest\/#primaryimage"},"thumbnailUrl":"https:\/\/www.esplac.cat\/wp-content\/uploads\/2025\/03\/Domingueo_Formatiu_BCN_Oest.jpg","articleSection":["Activitats sectors","Sector Barcelona","Sector Barcelona Oest","Sense categoria"],"inLanguage":"en-US"},{"@type":"WebPage","@id":"https:\/\/www.esplac.cat\/formacio-calcotada-cohesio-sector-barcelona-oest\/","url":"https:\/\/www.esplac.cat\/formacio-calcotada-cohesio-sector-barcelona-oest\/","name":"Formaci\u00f3 i cal\u00e7otada: cohesi\u00f3 al Sector Barcelona Oest! - Esplac","isPartOf":{"@id":"https:\/\/www.esplac.cat\/#website"},"primaryImageOfPage":{"@id":"https:\/\/www.esplac.cat\/formacio-calcotada-cohesio-sector-barcelona-oest\/#primaryimage"},"image":{"@id":"https:\/\/www.esplac.cat\/formacio-calcotada-cohesio-sector-barcelona-oest\/#primaryimage"},"thumbnailUrl":"https:\/\/www.esplac.cat\/wp-content\/uploads\/2025\/03\/Domingueo_Formatiu_BCN_Oest.jpg","datePublished":"2025-03-04T12:53:20+00:00","dateModified":"2026-03-20T12:33:42+00:00","description":"El Sector Barcelona Oest s\u2019ha trobat aquest diumenge al Domingueo Formatiu per formar-se conjuntament i compartir experi\u00e8ncies.","breadcrumb":{"@id":"https:\/\/www.esplac.cat\/formacio-calcotada-cohesio-sector-barcelona-oest\/#breadcrumb"},"inLanguage":"en-US","potentialAction":[{"@type":"ReadAction","target":["https:\/\/www.esplac.cat\/formacio-calcotada-cohesio-sector-barcelona-oest\/"]}]},{"@type":"ImageObject","inLanguage":"en-US","@id":"https:\/\/www.esplac.cat\/formacio-calcotada-cohesio-sector-barcelona-oest\/#primaryimage","url":"https:\/\/www.esplac.cat\/wp-content\/uploads\/2025\/03\/Domingueo_Formatiu_BCN_Oest.jpg","contentUrl":"https:\/\/www.esplac.cat\/wp-content\/uploads\/2025\/03\/Domingueo_Formatiu_BCN_Oest.jpg","width":1697,"height":700,"caption":"sector barcelona oest"},{"@type":"BreadcrumbList","@id":"https:\/\/www.esplac.cat\/formacio-calcotada-cohesio-sector-barcelona-oest\/#breadcrumb","itemListElement":[{"@type":"ListItem","position":1,"name":"Inici","item":"https:\/\/www.esplac.cat\/en\/"},{"@type":"ListItem","position":2,"name":"Formaci\u00f3 i cal\u00e7otada: cohesi\u00f3 al Sector Barcelona Oest!"}]},{"@type":"WebSite","@id":"https:\/\/www.esplac.cat\/#website","url":"https:\/\/www.esplac.cat\/","name":"Esplac","description":"Esplais Catalans","publisher":{"@id":"https:\/\/www.esplac.cat\/#organization"},"potentialAction":[{"@type":"SearchAction","target":{"@type":"EntryPoint","urlTemplate":"https:\/\/www.esplac.cat\/?s={search_term_string}"},"query-input":{"@type":"PropertyValueSpecification","valueRequired":true,"valueName":"search_term_string"}}],"inLanguage":"en-US"},{"@type":"Organization","@id":"https:\/\/www.esplac.cat\/#organization","name":"Esplac","url":"https:\/\/www.esplac.cat\/","logo":{"@type":"ImageObject","inLanguage":"en-US","@id":"https:\/\/www.esplac.cat\/#\/schema\/logo\/image\/","url":"https:\/\/www.esplac.cat\/wp-content\/uploads\/2019\/08\/logox2.png","contentUrl":"https:\/\/www.esplac.cat\/wp-content\/uploads\/2019\/08\/logox2.png","width":600,"height":295,"caption":"Esplac"},"image":{"@id":"https:\/\/www.esplac.cat\/#\/schema\/logo\/image\/"}},{"@type":"Person","@id":"https:\/\/www.esplac.cat\/#\/schema\/person\/908383cf240be18b68f8855d0583faca","name":"Comunicaci\u00f3 Esplac","image":{"@type":"ImageObject","inLanguage":"en-US","@id":"https:\/\/secure.gravatar.com\/avatar\/7a4cf8feb412a76ea4a740ca02d95b06b2907b5a6c648c2dd0a1082a093c3141?s=96&d=mm&r=g","url":"https:\/\/secure.gravatar.com\/avatar\/7a4cf8feb412a76ea4a740ca02d95b06b2907b5a6c648c2dd0a1082a093c3141?s=96&d=mm&r=g","contentUrl":"https:\/\/secure.gravatar.com\/avatar\/7a4cf8feb412a76ea4a740ca02d95b06b2907b5a6c648c2dd0a1082a093c3141?s=96&d=mm&r=g","caption":"Comunicaci\u00f3 Esplac"}}]}},"_links":{"self":[{"href":"https:\/\/www.esplac.cat\/en\/wp-json\/wp\/v2\/posts\/52852","targetHints":{"allow":["GET"]}}],"collection":[{"href":"https:\/\/www.esplac.cat\/en\/wp-json\/wp\/v2\/posts"}],"about":[{"href":"https:\/\/www.esplac.cat\/en\/wp-json\/wp\/v2\/types\/post"}],"author":[{"embeddable":true,"href":"https:\/\/www.esplac.cat\/en\/wp-json\/wp\/v2\/users\/3"}],"replies":[{"embeddable":true,"href":"https:\/\/www.esplac.cat\/en\/wp-json\/wp\/v2\/comments?post=52852"}],"version-history":[{"count":4,"href":"https:\/\/www.esplac.cat\/en\/wp-json\/wp\/v2\/posts\/52852\/revisions"}],"predecessor-version":[{"id":55753,"href":"https:\/\/www.esplac.cat\/en\/wp-json\/wp\/v2\/posts\/52852\/revisions\/55753"}],"wp:featuredmedia":[{"embeddable":true,"href":"https:\/\/www.esplac.cat\/en\/wp-json\/wp\/v2\/media\/52854"}],"wp:attachment":[{"href":"https:\/\/www.esplac.cat\/en\/wp-json\/wp\/v2\/media?parent=52852"}],"wp:term":[{"taxonomy":"category","embeddable":true,"href":"https:\/\/www.esplac.cat\/en\/wp-json\/wp\/v2\/categories?post=52852"},{"taxonomy":"post_tag","embeddable":true,"href":"https:\/\/www.esplac.cat\/en\/wp-json\/wp\/v2\/tags?post=52852"}],"curies":[{"name":"wp","href":"https:\/\/api.w.org\/{rel}","templated":true}]}}