{"id":52868,"date":"2025-03-05T18:48:54","date_gmt":"2025-03-05T16:48:54","guid":{"rendered":"https:\/\/www.esplac.cat\/?p=52868"},"modified":"2025-03-06T09:54:43","modified_gmt":"2025-03-06T07:54:43","slug":"ja-podeu-coneixer-el-programa-de-lesplaiada","status":"publish","type":"post","link":"https:\/\/www.esplac.cat\/en\/ja-podeu-coneixer-el-programa-de-lesplaiada\/","title":{"rendered":"Consulta el programa de l\u2019Esplaiada i descobreix tot el que farem durant el cap de setmana!"},"content":{"rendered":"<div class=\"fusion-fullwidth fullwidth-box fusion-builder-row-1 fusion-flex-container has-pattern-background has-mask-background nonhundred-percent-fullwidth non-hundred-percent-height-scrolling\" style=\"--awb-border-radius-top-left:0px;--awb-border-radius-top-right:0px;--awb-border-radius-bottom-right:0px;--awb-border-radius-bottom-left:0px;--awb-flex-wrap:wrap;\" ><div class=\"fusion-builder-row fusion-row fusion-flex-align-items-flex-start fusion-flex-content-wrap\" style=\"max-width:1248px;margin-left: calc(-4% \/ 2 );margin-right: calc(-4% \/ 2 );\"><div class=\"fusion-layout-column fusion_builder_column fusion-builder-column-0 fusion_builder_column_1_1 1_1 fusion-flex-column\" style=\"--awb-bg-size:cover;--awb-width-large:100%;--awb-margin-top-large:0px;--awb-spacing-right-large:1.92%;--awb-margin-bottom-large:20px;--awb-spacing-left-large:1.92%;--awb-width-medium:100%;--awb-order-medium:0;--awb-spacing-right-medium:1.92%;--awb-spacing-left-medium:1.92%;--awb-width-small:100%;--awb-order-small:0;--awb-spacing-right-small:1.92%;--awb-spacing-left-small:1.92%;\"><div class=\"fusion-column-wrapper fusion-column-has-shadow fusion-flex-justify-content-flex-start fusion-content-layout-column\"><div class=\"fusion-text fusion-text-1\"><h6><b>Concert de PD per joves, activitats i taller per treballar els discursos d\u2019odi, l\u2019acte unitari i molt m\u00e9s!<\/b><\/h6>\n<p><strong>El programa de la trobada m\u00e9s gran d\u2019Esplac ja est\u00e0 disponible!<\/strong> Com ja sabeu, se celebrar\u00e0 a Vilanova i la Geltr\u00fa els dies <strong>16, 17 i 18 de maig<\/strong> amb un cap de setmana ple d\u2019activitats en qu\u00e8 farem tremolar el terra contra l\u2019odi que pret\u00e9n escampar-se arreu, reivindicant els esplais com un basti\u00f3 de confrontaci\u00f3 d\u2019aquests i com una eina per enfortir l\u2019alternativa.<\/p>\n<p>El divendres pujaran les joves dels esplais que muntaran les tendes a la zona d\u2019acampada (Espai Bisbal), faran jocs de coneixen\u00e7a i celebraran el concert de PD a la Nau de Joventut amb tres propostes brillants. Aviat tindreu m\u00e9s informaci\u00f3 sobre aquests al compte d\u2019<a href=\"https:\/\/www.instagram.com\/esplaiada\/\"><span style=\"color: #ffcc00;\"><strong><span style=\"color: #f69d0b;\">@esplaiada<\/span><\/strong><\/span><\/a>.<\/p>\n<p>Dissabte arribareu tots els esplais i farem les inscripcions a la Pla\u00e7a de l\u2019Associaci\u00f3 dels Alumnes Obrers i durant el mat\u00ed farem activitats autogestionades per con\u00e8ixer-nos, mentre les joves faran activitats del recurs elaborat per Esplac. A la tarda de dissabte es faran activitats arreu de places i parcs de la ciutat i les joves faran tallers a c\u00e0rrec de diverses entitats externes.<\/p>\n<p>Diumenge ser\u00e0 la culminaci\u00f3 de tot el treball fet durant el curs: l\u2019<strong>acte unitari<\/strong>. En aquest comptarem amb la dinamitzaci\u00f3 del Grup de Treball de l\u2019Esplaiada, posarem de manifest la nostra tasca davant l\u2019odi i les diferents expressions que pren i acabarem amb la dinamitzaci\u00f3 del grup que ha fet la can\u00e7\u00f3 d\u2019aquesta edici\u00f3. Esteu preparades per aprendre-us la lletra i el ball?<\/p>\n<p>Recordeu que <strong>us podeu inscriure a l\u2019Esplaiada fins al 31 de mar\u00e7!<\/strong> Ja teniu disponible al correu de l&#8217;esplai un v\u00eddeo de suport en qu\u00e8 hem gravat pantalla i hem seguit les diferents passes! A m\u00e9s, recordeu que al<a href=\"https:\/\/www.esplac.cat\/trobades\/esplaiada\/\"><strong><span style=\"color: #f69d0b;\"> web de l&#8217;Esplaiada<\/span><\/strong><\/a> podeu trobar un apartat de FAQS!<\/p>\n<\/div><div class=\"fusion-image-element \" style=\"text-align:center;--awb-caption-title-font-family:var(--h2_typography-font-family);--awb-caption-title-font-weight:var(--h2_typography-font-weight);--awb-caption-title-font-style:var(--h2_typography-font-style);--awb-caption-title-size:var(--h2_typography-font-size);--awb-caption-title-transform:var(--h2_typography-text-transform);--awb-caption-title-line-height:var(--h2_typography-line-height);--awb-caption-title-letter-spacing:var(--h2_typography-letter-spacing);\"><span class=\" fusion-imageframe imageframe-none imageframe-1 hover-type-none\"><img decoding=\"async\" width=\"600\" height=\"849\" alt=\"esplaiada\" title=\"PROGRAMA-RGB_page-0001\" src=\"https:\/\/www.esplac.cat\/wp-content\/uploads\/2025\/03\/PROGRAMA-RGB_page-0001-600x849.jpg\" class=\"img-responsive wp-image-52865\" srcset=\"https:\/\/www.esplac.cat\/wp-content\/uploads\/2025\/03\/PROGRAMA-RGB_page-0001-200x283.jpg 200w, https:\/\/www.esplac.cat\/wp-content\/uploads\/2025\/03\/PROGRAMA-RGB_page-0001-400x566.jpg 400w, https:\/\/www.esplac.cat\/wp-content\/uploads\/2025\/03\/PROGRAMA-RGB_page-0001-600x849.jpg 600w, https:\/\/www.esplac.cat\/wp-content\/uploads\/2025\/03\/PROGRAMA-RGB_page-0001-800x1132.jpg 800w, https:\/\/www.esplac.cat\/wp-content\/uploads\/2025\/03\/PROGRAMA-RGB_page-0001-1200x1697.jpg 1200w, https:\/\/www.esplac.cat\/wp-content\/uploads\/2025\/03\/PROGRAMA-RGB_page-0001.jpg 1754w\" sizes=\"(max-width: 1024px) 100vw, (max-width: 640px) 100vw, 1200px\" \/><\/span><\/div><div style=\"text-align:center;\"><a class=\"fusion-button button-flat fusion-button-default-size button-default fusion-button-default button-1 fusion-button-default-span fusion-button-default-type\" style=\"--button_margin-top:50px;--button_margin-bottom:50px;\" target=\"_self\" href=\"https:\/\/www.esplac.cat\/trobades\/esplaiada\/\"><span class=\"fusion-button-text\">M\u00e9s sobre l&#8217;esplaiada!<\/span><\/a><\/div><\/div><\/div><\/div><\/div>\n","protected":false},"excerpt":{"rendered":"","protected":false},"author":3,"featured_media":52877,"comment_status":"closed","ping_status":"closed","sticky":false,"template":"","format":"standard","meta":{"om_disable_all_campaigns":false,"_monsterinsights_skip_tracking":false,"_monsterinsights_sitenote_active":false,"_monsterinsights_sitenote_note":"","_monsterinsights_sitenote_category":0,"_uf_show_specific_survey":0,"_uf_disable_surveys":false,"footnotes":""},"categories":[1111,1136,1],"tags":[],"class_list":["post-52868","post","type-post","status-publish","format-standard","has-post-thumbnail","hentry","category-activitats-esplac","category-esplaiada","category-sense-categoria"],"yoast_head":"<!-- This site is optimized with the Yoast SEO plugin v27.4 - https:\/\/yoast.com\/product\/yoast-seo-wordpress\/ -->\n<title>Consulta el programa de l&#039;Esplaiada 2025!<\/title>\n<meta name=\"description\" content=\"Concert de PD per joves, activitats i taller per treballar els discursos d\u2019odi, l\u2019acte unitari i molt m\u00e9s!\" \/>\n<meta name=\"robots\" content=\"index, follow, max-snippet:-1, max-image-preview:large, max-video-preview:-1\" \/>\n<link rel=\"canonical\" href=\"https:\/\/www.esplac.cat\/ja-podeu-coneixer-el-programa-de-lesplaiada\/\" \/>\n<meta property=\"og:locale\" content=\"en_US\" \/>\n<meta property=\"og:type\" content=\"article\" \/>\n<meta property=\"og:title\" content=\"Consulta el programa de l&#039;Esplaiada 2025!\" \/>\n<meta property=\"og:description\" content=\"Concert de PD per joves, activitats i taller per treballar els discursos d\u2019odi, l\u2019acte unitari i molt m\u00e9s!\" \/>\n<meta property=\"og:url\" content=\"https:\/\/www.esplac.cat\/ja-podeu-coneixer-el-programa-de-lesplaiada\/\" \/>\n<meta property=\"og:site_name\" content=\"Esplac\" \/>\n<meta property=\"article:published_time\" content=\"2025-03-05T16:48:54+00:00\" \/>\n<meta property=\"article:modified_time\" content=\"2025-03-06T07:54:43+00:00\" \/>\n<meta property=\"og:image\" content=\"https:\/\/www.esplac.cat\/wp-content\/uploads\/2025\/03\/Esplaiada_Programa.jpg\" \/>\n\t<meta property=\"og:image:width\" content=\"1697\" \/>\n\t<meta property=\"og:image:height\" content=\"700\" \/>\n\t<meta property=\"og:image:type\" content=\"image\/jpeg\" \/>\n<meta name=\"author\" content=\"Comunicaci\u00f3 Esplac\" \/>\n<meta name=\"twitter:card\" content=\"summary_large_image\" \/>\n<meta name=\"twitter:label1\" content=\"Written by\" \/>\n\t<meta name=\"twitter:data1\" content=\"Comunicaci\u00f3 Esplac\" \/>\n\t<meta name=\"twitter:label2\" content=\"Est. reading time\" \/>\n\t<meta name=\"twitter:data2\" content=\"3 minutes\" \/>\n<script type=\"application\/ld+json\" class=\"yoast-schema-graph\">{\"@context\":\"https:\\\/\\\/schema.org\",\"@graph\":[{\"@type\":\"Article\",\"@id\":\"https:\\\/\\\/www.esplac.cat\\\/ja-podeu-coneixer-el-programa-de-lesplaiada\\\/#article\",\"isPartOf\":{\"@id\":\"https:\\\/\\\/www.esplac.cat\\\/ja-podeu-coneixer-el-programa-de-lesplaiada\\\/\"},\"author\":{\"name\":\"Comunicaci\u00f3 Esplac\",\"@id\":\"https:\\\/\\\/www.esplac.cat\\\/#\\\/schema\\\/person\\\/908383cf240be18b68f8855d0583faca\"},\"headline\":\"Consulta el programa de l\u2019Esplaiada i descobreix tot el que farem durant el cap de setmana!\",\"datePublished\":\"2025-03-05T16:48:54+00:00\",\"dateModified\":\"2025-03-06T07:54:43+00:00\",\"mainEntityOfPage\":{\"@id\":\"https:\\\/\\\/www.esplac.cat\\\/ja-podeu-coneixer-el-programa-de-lesplaiada\\\/\"},\"wordCount\":1768,\"publisher\":{\"@id\":\"https:\\\/\\\/www.esplac.cat\\\/#organization\"},\"image\":{\"@id\":\"https:\\\/\\\/www.esplac.cat\\\/ja-podeu-coneixer-el-programa-de-lesplaiada\\\/#primaryimage\"},\"thumbnailUrl\":\"https:\\\/\\\/www.esplac.cat\\\/wp-content\\\/uploads\\\/2025\\\/03\\\/Esplaiada_Programa.jpg\",\"articleSection\":[\"Activitats esplac\",\"Esplaiada\",\"Sense categoria\"],\"inLanguage\":\"en-US\"},{\"@type\":\"WebPage\",\"@id\":\"https:\\\/\\\/www.esplac.cat\\\/ja-podeu-coneixer-el-programa-de-lesplaiada\\\/\",\"url\":\"https:\\\/\\\/www.esplac.cat\\\/ja-podeu-coneixer-el-programa-de-lesplaiada\\\/\",\"name\":\"Consulta el programa de l'Esplaiada 2025!\",\"isPartOf\":{\"@id\":\"https:\\\/\\\/www.esplac.cat\\\/#website\"},\"primaryImageOfPage\":{\"@id\":\"https:\\\/\\\/www.esplac.cat\\\/ja-podeu-coneixer-el-programa-de-lesplaiada\\\/#primaryimage\"},\"image\":{\"@id\":\"https:\\\/\\\/www.esplac.cat\\\/ja-podeu-coneixer-el-programa-de-lesplaiada\\\/#primaryimage\"},\"thumbnailUrl\":\"https:\\\/\\\/www.esplac.cat\\\/wp-content\\\/uploads\\\/2025\\\/03\\\/Esplaiada_Programa.jpg\",\"datePublished\":\"2025-03-05T16:48:54+00:00\",\"dateModified\":\"2025-03-06T07:54:43+00:00\",\"description\":\"Concert de PD per joves, activitats i taller per treballar els discursos d\u2019odi, l\u2019acte unitari i molt m\u00e9s!\",\"breadcrumb\":{\"@id\":\"https:\\\/\\\/www.esplac.cat\\\/ja-podeu-coneixer-el-programa-de-lesplaiada\\\/#breadcrumb\"},\"inLanguage\":\"en-US\",\"potentialAction\":[{\"@type\":\"ReadAction\",\"target\":[\"https:\\\/\\\/www.esplac.cat\\\/ja-podeu-coneixer-el-programa-de-lesplaiada\\\/\"]}]},{\"@type\":\"ImageObject\",\"inLanguage\":\"en-US\",\"@id\":\"https:\\\/\\\/www.esplac.cat\\\/ja-podeu-coneixer-el-programa-de-lesplaiada\\\/#primaryimage\",\"url\":\"https:\\\/\\\/www.esplac.cat\\\/wp-content\\\/uploads\\\/2025\\\/03\\\/Esplaiada_Programa.jpg\",\"contentUrl\":\"https:\\\/\\\/www.esplac.cat\\\/wp-content\\\/uploads\\\/2025\\\/03\\\/Esplaiada_Programa.jpg\",\"width\":1697,\"height\":700,\"caption\":\"esplaiada\"},{\"@type\":\"BreadcrumbList\",\"@id\":\"https:\\\/\\\/www.esplac.cat\\\/ja-podeu-coneixer-el-programa-de-lesplaiada\\\/#breadcrumb\",\"itemListElement\":[{\"@type\":\"ListItem\",\"position\":1,\"name\":\"Inici\",\"item\":\"https:\\\/\\\/www.esplac.cat\\\/en\\\/\"},{\"@type\":\"ListItem\",\"position\":2,\"name\":\"Consulta el programa de l\u2019Esplaiada i descobreix tot el que farem durant el cap de setmana!\"}]},{\"@type\":\"WebSite\",\"@id\":\"https:\\\/\\\/www.esplac.cat\\\/#website\",\"url\":\"https:\\\/\\\/www.esplac.cat\\\/\",\"name\":\"Esplac\",\"description\":\"Esplais Catalans\",\"publisher\":{\"@id\":\"https:\\\/\\\/www.esplac.cat\\\/#organization\"},\"potentialAction\":[{\"@type\":\"SearchAction\",\"target\":{\"@type\":\"EntryPoint\",\"urlTemplate\":\"https:\\\/\\\/www.esplac.cat\\\/?s={search_term_string}\"},\"query-input\":{\"@type\":\"PropertyValueSpecification\",\"valueRequired\":true,\"valueName\":\"search_term_string\"}}],\"inLanguage\":\"en-US\"},{\"@type\":\"Organization\",\"@id\":\"https:\\\/\\\/www.esplac.cat\\\/#organization\",\"name\":\"Esplac\",\"url\":\"https:\\\/\\\/www.esplac.cat\\\/\",\"logo\":{\"@type\":\"ImageObject\",\"inLanguage\":\"en-US\",\"@id\":\"https:\\\/\\\/www.esplac.cat\\\/#\\\/schema\\\/logo\\\/image\\\/\",\"url\":\"https:\\\/\\\/www.esplac.cat\\\/wp-content\\\/uploads\\\/2019\\\/08\\\/logox2.png\",\"contentUrl\":\"https:\\\/\\\/www.esplac.cat\\\/wp-content\\\/uploads\\\/2019\\\/08\\\/logox2.png\",\"width\":600,\"height\":295,\"caption\":\"Esplac\"},\"image\":{\"@id\":\"https:\\\/\\\/www.esplac.cat\\\/#\\\/schema\\\/logo\\\/image\\\/\"}},{\"@type\":\"Person\",\"@id\":\"https:\\\/\\\/www.esplac.cat\\\/#\\\/schema\\\/person\\\/908383cf240be18b68f8855d0583faca\",\"name\":\"Comunicaci\u00f3 Esplac\",\"image\":{\"@type\":\"ImageObject\",\"inLanguage\":\"en-US\",\"@id\":\"https:\\\/\\\/secure.gravatar.com\\\/avatar\\\/7a4cf8feb412a76ea4a740ca02d95b06b2907b5a6c648c2dd0a1082a093c3141?s=96&d=mm&r=g\",\"url\":\"https:\\\/\\\/secure.gravatar.com\\\/avatar\\\/7a4cf8feb412a76ea4a740ca02d95b06b2907b5a6c648c2dd0a1082a093c3141?s=96&d=mm&r=g\",\"contentUrl\":\"https:\\\/\\\/secure.gravatar.com\\\/avatar\\\/7a4cf8feb412a76ea4a740ca02d95b06b2907b5a6c648c2dd0a1082a093c3141?s=96&d=mm&r=g\",\"caption\":\"Comunicaci\u00f3 Esplac\"}}]}<\/script>\n<!-- \/ Yoast SEO plugin. -->","yoast_head_json":{"title":"Consulta el programa de l'Esplaiada 2025!","description":"Concert de PD per joves, activitats i taller per treballar els discursos d\u2019odi, l\u2019acte unitari i molt m\u00e9s!","robots":{"index":"index","follow":"follow","max-snippet":"max-snippet:-1","max-image-preview":"max-image-preview:large","max-video-preview":"max-video-preview:-1"},"canonical":"https:\/\/www.esplac.cat\/ja-podeu-coneixer-el-programa-de-lesplaiada\/","og_locale":"en_US","og_type":"article","og_title":"Consulta el programa de l'Esplaiada 2025!","og_description":"Concert de PD per joves, activitats i taller per treballar els discursos d\u2019odi, l\u2019acte unitari i molt m\u00e9s!","og_url":"https:\/\/www.esplac.cat\/ja-podeu-coneixer-el-programa-de-lesplaiada\/","og_site_name":"Esplac","article_published_time":"2025-03-05T16:48:54+00:00","article_modified_time":"2025-03-06T07:54:43+00:00","og_image":[{"width":1697,"height":700,"url":"https:\/\/www.esplac.cat\/wp-content\/uploads\/2025\/03\/Esplaiada_Programa.jpg","type":"image\/jpeg"}],"author":"Comunicaci\u00f3 Esplac","twitter_card":"summary_large_image","twitter_misc":{"Written by":"Comunicaci\u00f3 Esplac","Est. reading time":"3 minutes"},"schema":{"@context":"https:\/\/schema.org","@graph":[{"@type":"Article","@id":"https:\/\/www.esplac.cat\/ja-podeu-coneixer-el-programa-de-lesplaiada\/#article","isPartOf":{"@id":"https:\/\/www.esplac.cat\/ja-podeu-coneixer-el-programa-de-lesplaiada\/"},"author":{"name":"Comunicaci\u00f3 Esplac","@id":"https:\/\/www.esplac.cat\/#\/schema\/person\/908383cf240be18b68f8855d0583faca"},"headline":"Consulta el programa de l\u2019Esplaiada i descobreix tot el que farem durant el cap de setmana!","datePublished":"2025-03-05T16:48:54+00:00","dateModified":"2025-03-06T07:54:43+00:00","mainEntityOfPage":{"@id":"https:\/\/www.esplac.cat\/ja-podeu-coneixer-el-programa-de-lesplaiada\/"},"wordCount":1768,"publisher":{"@id":"https:\/\/www.esplac.cat\/#organization"},"image":{"@id":"https:\/\/www.esplac.cat\/ja-podeu-coneixer-el-programa-de-lesplaiada\/#primaryimage"},"thumbnailUrl":"https:\/\/www.esplac.cat\/wp-content\/uploads\/2025\/03\/Esplaiada_Programa.jpg","articleSection":["Activitats esplac","Esplaiada","Sense categoria"],"inLanguage":"en-US"},{"@type":"WebPage","@id":"https:\/\/www.esplac.cat\/ja-podeu-coneixer-el-programa-de-lesplaiada\/","url":"https:\/\/www.esplac.cat\/ja-podeu-coneixer-el-programa-de-lesplaiada\/","name":"Consulta el programa de l'Esplaiada 2025!","isPartOf":{"@id":"https:\/\/www.esplac.cat\/#website"},"primaryImageOfPage":{"@id":"https:\/\/www.esplac.cat\/ja-podeu-coneixer-el-programa-de-lesplaiada\/#primaryimage"},"image":{"@id":"https:\/\/www.esplac.cat\/ja-podeu-coneixer-el-programa-de-lesplaiada\/#primaryimage"},"thumbnailUrl":"https:\/\/www.esplac.cat\/wp-content\/uploads\/2025\/03\/Esplaiada_Programa.jpg","datePublished":"2025-03-05T16:48:54+00:00","dateModified":"2025-03-06T07:54:43+00:00","description":"Concert de PD per joves, activitats i taller per treballar els discursos d\u2019odi, l\u2019acte unitari i molt m\u00e9s!","breadcrumb":{"@id":"https:\/\/www.esplac.cat\/ja-podeu-coneixer-el-programa-de-lesplaiada\/#breadcrumb"},"inLanguage":"en-US","potentialAction":[{"@type":"ReadAction","target":["https:\/\/www.esplac.cat\/ja-podeu-coneixer-el-programa-de-lesplaiada\/"]}]},{"@type":"ImageObject","inLanguage":"en-US","@id":"https:\/\/www.esplac.cat\/ja-podeu-coneixer-el-programa-de-lesplaiada\/#primaryimage","url":"https:\/\/www.esplac.cat\/wp-content\/uploads\/2025\/03\/Esplaiada_Programa.jpg","contentUrl":"https:\/\/www.esplac.cat\/wp-content\/uploads\/2025\/03\/Esplaiada_Programa.jpg","width":1697,"height":700,"caption":"esplaiada"},{"@type":"BreadcrumbList","@id":"https:\/\/www.esplac.cat\/ja-podeu-coneixer-el-programa-de-lesplaiada\/#breadcrumb","itemListElement":[{"@type":"ListItem","position":1,"name":"Inici","item":"https:\/\/www.esplac.cat\/en\/"},{"@type":"ListItem","position":2,"name":"Consulta el programa de l\u2019Esplaiada i descobreix tot el que farem durant el cap de setmana!"}]},{"@type":"WebSite","@id":"https:\/\/www.esplac.cat\/#website","url":"https:\/\/www.esplac.cat\/","name":"Esplac","description":"Esplais Catalans","publisher":{"@id":"https:\/\/www.esplac.cat\/#organization"},"potentialAction":[{"@type":"SearchAction","target":{"@type":"EntryPoint","urlTemplate":"https:\/\/www.esplac.cat\/?s={search_term_string}"},"query-input":{"@type":"PropertyValueSpecification","valueRequired":true,"valueName":"search_term_string"}}],"inLanguage":"en-US"},{"@type":"Organization","@id":"https:\/\/www.esplac.cat\/#organization","name":"Esplac","url":"https:\/\/www.esplac.cat\/","logo":{"@type":"ImageObject","inLanguage":"en-US","@id":"https:\/\/www.esplac.cat\/#\/schema\/logo\/image\/","url":"https:\/\/www.esplac.cat\/wp-content\/uploads\/2019\/08\/logox2.png","contentUrl":"https:\/\/www.esplac.cat\/wp-content\/uploads\/2019\/08\/logox2.png","width":600,"height":295,"caption":"Esplac"},"image":{"@id":"https:\/\/www.esplac.cat\/#\/schema\/logo\/image\/"}},{"@type":"Person","@id":"https:\/\/www.esplac.cat\/#\/schema\/person\/908383cf240be18b68f8855d0583faca","name":"Comunicaci\u00f3 Esplac","image":{"@type":"ImageObject","inLanguage":"en-US","@id":"https:\/\/secure.gravatar.com\/avatar\/7a4cf8feb412a76ea4a740ca02d95b06b2907b5a6c648c2dd0a1082a093c3141?s=96&d=mm&r=g","url":"https:\/\/secure.gravatar.com\/avatar\/7a4cf8feb412a76ea4a740ca02d95b06b2907b5a6c648c2dd0a1082a093c3141?s=96&d=mm&r=g","contentUrl":"https:\/\/secure.gravatar.com\/avatar\/7a4cf8feb412a76ea4a740ca02d95b06b2907b5a6c648c2dd0a1082a093c3141?s=96&d=mm&r=g","caption":"Comunicaci\u00f3 Esplac"}}]}},"_links":{"self":[{"href":"https:\/\/www.esplac.cat\/en\/wp-json\/wp\/v2\/posts\/52868","targetHints":{"allow":["GET"]}}],"collection":[{"href":"https:\/\/www.esplac.cat\/en\/wp-json\/wp\/v2\/posts"}],"about":[{"href":"https:\/\/www.esplac.cat\/en\/wp-json\/wp\/v2\/types\/post"}],"author":[{"embeddable":true,"href":"https:\/\/www.esplac.cat\/en\/wp-json\/wp\/v2\/users\/3"}],"replies":[{"embeddable":true,"href":"https:\/\/www.esplac.cat\/en\/wp-json\/wp\/v2\/comments?post=52868"}],"version-history":[{"count":6,"href":"https:\/\/www.esplac.cat\/en\/wp-json\/wp\/v2\/posts\/52868\/revisions"}],"predecessor-version":[{"id":52880,"href":"https:\/\/www.esplac.cat\/en\/wp-json\/wp\/v2\/posts\/52868\/revisions\/52880"}],"wp:featuredmedia":[{"embeddable":true,"href":"https:\/\/www.esplac.cat\/en\/wp-json\/wp\/v2\/media\/52877"}],"wp:attachment":[{"href":"https:\/\/www.esplac.cat\/en\/wp-json\/wp\/v2\/media?parent=52868"}],"wp:term":[{"taxonomy":"category","embeddable":true,"href":"https:\/\/www.esplac.cat\/en\/wp-json\/wp\/v2\/categories?post=52868"},{"taxonomy":"post_tag","embeddable":true,"href":"https:\/\/www.esplac.cat\/en\/wp-json\/wp\/v2\/tags?post=52868"}],"curies":[{"name":"wp","href":"https:\/\/api.w.org\/{rel}","templated":true}]}}