{"id":52898,"date":"2025-03-18T08:00:24","date_gmt":"2025-03-18T06:00:24","guid":{"rendered":"https:\/\/www.esplac.cat\/?p=52898"},"modified":"2026-02-26T17:05:46","modified_gmt":"2026-02-26T15:05:46","slug":"material-comunicatiu-escola-esplac-2025","status":"publish","type":"post","link":"https:\/\/www.esplac.cat\/en\/material-comunicatiu-escola-esplac-2025\/","title":{"rendered":"Ja teniu disponible tot el material comunicatiu de l&#8217;Escola d&#8217;Esplac 2025!"},"content":{"rendered":"<div class=\"fusion-fullwidth fullwidth-box fusion-builder-row-1 fusion-flex-container has-pattern-background has-mask-background nonhundred-percent-fullwidth non-hundred-percent-height-scrolling\" style=\"--awb-border-radius-top-left:0px;--awb-border-radius-top-right:0px;--awb-border-radius-bottom-right:0px;--awb-border-radius-bottom-left:0px;--awb-flex-wrap:wrap;\" ><div class=\"fusion-builder-row fusion-row fusion-flex-align-items-flex-start fusion-flex-content-wrap\" style=\"max-width:1248px;margin-left: calc(-4% \/ 2 );margin-right: calc(-4% \/ 2 );\"><div class=\"fusion-layout-column fusion_builder_column fusion-builder-column-0 fusion_builder_column_1_1 1_1 fusion-flex-column\" style=\"--awb-bg-size:cover;--awb-width-large:100%;--awb-margin-top-large:0px;--awb-spacing-right-large:1.92%;--awb-margin-bottom-large:20px;--awb-spacing-left-large:1.92%;--awb-width-medium:100%;--awb-order-medium:0;--awb-spacing-right-medium:1.92%;--awb-spacing-left-medium:1.92%;--awb-width-small:100%;--awb-order-small:0;--awb-spacing-right-small:1.92%;--awb-spacing-left-small:1.92%;\"><div class=\"fusion-column-wrapper fusion-column-has-shadow fusion-flex-justify-content-flex-start fusion-content-layout-column\"><div class=\"fusion-text fusion-text-1\"><h6><strong>Els v\u00eddeos de l\u2019Escola d\u2019Esplac 2025 es poden veure al canal de Youtube d\u2019Esplais Catalans i al Flicker trobareu totes les fotografies del cap de setmana. A m\u00e9s, aquest any podeu escoltar per primer cop totes les xerrades en format p\u00f2dcast!<\/strong><\/h6>\n<p>Sota el lema <strong><em>Esplais antifeixistes: educant en valors, lluitant contra l&#8217;opressi\u00f3<\/em><\/strong>, a l&#8217;onzena edici\u00f3 de l\u2019<a href=\"https:\/\/www.esplac.cat\/formacions\/escola-esplac\/\" target=\"_blank\" rel=\"noopener\"><strong><span style=\"color: #f69d0b;\">Escola d\u2019Esplac<\/span><\/strong><\/a> hem debatut sobre quin \u00e9s el paper del lleure educatiu en la lluita antifeixista davant l\u2019auge innegable d\u2019uns discursos que defensen l\u2019hegemonia privilegiada de sempre. I ho hem fet de la m\u00e0 de persones i col\u00b7lectius que, des de pr\u00e0ctiques diverses, en el seu dia a dia confronten l\u2019estructura d\u2019un sistema violent que pret\u00e9n esborrar tota diversitat i dissid\u00e8ncia.<\/p>\n<p>Aquesta trobada formativa ens ha servit per prendre consci\u00e8ncia dels <strong>reptes que els esplais tenim al davant a l\u2019hora de convertir-nos en un model educatiu realment antifeixista<\/strong> i ha refermat la necessitat de generar espais de reflexi\u00f3 i trobada on col\u00b7lectivitzar aprenentatges i pr\u00e0ctiques concretes. Tant si vau venir com si no, us animem a recuperar tot all\u00f2 sobre el que es va parlar. I el millor de tot \u00e9s que us ho posem molt f\u00e0cil! Al <span style=\"color: #f69d0b;\"><a style=\"color: #f69d0b;\" href=\"https:\/\/www.youtube.com\/playlist?list=PLA_E8rFAz2-NmkPmKLtx1olUckfPndBk8\"><strong>canal de Youtube d\u2019Esplais Catalans <\/strong><\/a><\/span>podeu recuperar la taula rodona i les dues pon\u00e8ncies de l\u2019Escola d\u2019Esplac completes, aix\u00ed com quatre v\u00eddeos-resum del cap de setmana on con\u00e8ixer les reflexions de ponents, talleristes i participants. Al <strong><span style=\"color: #f69d0b;\"><a style=\"color: #f69d0b;\" href=\"https:\/\/flic.kr\/s\/aHBqjC2Ydx\" target=\"_blank\" rel=\"noopener\">Flickr<\/a><\/span><\/strong> podeu veure les fotografies del cap de setmana i en <span style=\"color: #ff9900;\"><strong><a style=\"color: #ff9900;\" href=\"https:\/\/view.genially.com\/68e613b87b04e03549524eb4\/interactive-content-recorreu-de-forma-interactiva-per-lexposicio-de-lescola-desplac-2025\">aquest enlla\u00e7 consultar<\/a><\/strong><\/span> el resum en l\u00ednia de l&#8217;exposici\u00f3.<\/p>\n<\/div><div class=\"fusion-video fusion-youtube\" style=\"--awb-max-width:800px;--awb-max-height:450px;--awb-align-self:center;--awb-width:100%;--awb-margin-top:50px;--awb-margin-bottom:50px;\"><div class=\"video-shortcode\"><div class=\"fluid-width-video-wrapper\" style=\"padding-top:56.25%;\" ><iframe class=\"fusion-hidden\" data-privacy-type=\"youtube\" src=\"\" title=\"YouTube video player 1\" data-privacy-src=\"https:\/\/www.youtube.com\/embed\/bWgaclzuuyE?wmode=transparent&autoplay=0\" width=\"800\" height=\"450\" allowfullscreen allow=\"autoplay; fullscreen\"><\/iframe><div class=\"fusion-privacy-placeholder\" style=\"width:800px; height:450px;\" data-privacy-type=\"youtube\"><div class=\"fusion-privacy-placeholder-content\"><div class=\"fusion-privacy-label\">For privacy reasons YouTube needs your permission to be loaded. For more details, please see our <a class=\"privacy-policy-link\" href=\"https:\/\/www.esplac.cat\/avis-legal\/\" rel=\"privacy-policy\">Av\u00eds Legal<\/a>.<\/div><a href=\"\" data-privacy-type=\"youtube\" class=\"fusion-button button-default fusion-button-default-size button fusion-privacy-consent\">I Accept<\/a><\/div><\/div><\/div><\/div><\/div><div class=\"fusion-text fusion-text-2\"><h4><span style=\"color: #f69d0b;\"><strong>L&#8217;Escola d&#8217;Esplac 2025 arriba en format podcast!<\/strong><\/span><\/h4>\n<p>Alhora, tenim una novetat! Per primer cop aquest any <strong>podeu escoltar les xerrades de l&#8217;Escola d&#8217;Esplac en format p\u00f2dcast a la plataforma Ivoox<\/strong>. Aix\u00ed que ja ho saps, tant se val si est\u00e0s cuinant per preparar-te el tupper o esperant un tren de la Renfe que torna arribar tard: sempre \u00e9s un bon moment per pensar sobre l&#8217;antifeixisme i reflexionar sobre tot all\u00f2 que podem canviar des de l&#8217;esplai.<\/p>\n<\/div><iframe src=\"https:\/\/www.ivoox.com\/player_ej_141594542_6_1.html?c1=000000\" width=\"100%\" height=\"200\" frameborder=\"0\" allowfullscreen=\"\" scrolling=\"no\" loading=\"lazy\"><\/iframe><iframe src=\"https:\/\/www.ivoox.com\/player_ej_141630035_6_1.html?c1=000000\" width=\"100%\" height=\"200\" frameborder=\"0\" allowfullscreen=\"\" scrolling=\"no\" loading=\"lazy\"><\/iframe><iframe src=\"https:\/\/www.ivoox.com\/player_ej_141630081_6_1.html?c1=000000\" width=\"100%\" height=\"200\" frameborder=\"0\" allowfullscreen=\"\" scrolling=\"no\" loading=\"lazy\"><\/iframe><\/div><\/div><\/div><\/div>\n","protected":false},"excerpt":{"rendered":"","protected":false},"author":3,"featured_media":52900,"comment_status":"closed","ping_status":"closed","sticky":false,"template":"","format":"standard","meta":{"om_disable_all_campaigns":false,"_monsterinsights_skip_tracking":false,"_monsterinsights_sitenote_active":false,"_monsterinsights_sitenote_note":"","_monsterinsights_sitenote_category":0,"_uf_show_specific_survey":0,"_uf_disable_surveys":false,"footnotes":""},"categories":[1111,1129,1396],"tags":[],"class_list":["post-52898","post","type-post","status-publish","format-standard","has-post-thumbnail","hentry","category-activitats-esplac","category-escola-desplac","category-socies"],"yoast_head":"<!-- This site is optimized with the Yoast SEO plugin v27.4 - https:\/\/yoast.com\/product\/yoast-seo-wordpress\/ -->\n<title>Ja teniu disponible el mater. al comunicatiu de l&#039;Escola d&#039;Esplac!<\/title>\n<meta name=\"description\" content=\"Ja podeu veure els v\u00eddeos de l&#039;Escola d&#039;Esplac 2025. A m\u00e9s, aquest any podeu escoltar per primer cop totes les xerrades en format p\u00f2dcast!\" \/>\n<meta name=\"robots\" content=\"index, follow, max-snippet:-1, max-image-preview:large, max-video-preview:-1\" \/>\n<link rel=\"canonical\" href=\"https:\/\/www.esplac.cat\/material-comunicatiu-escola-esplac-2025\/\" \/>\n<meta property=\"og:locale\" content=\"en_US\" \/>\n<meta property=\"og:type\" content=\"article\" \/>\n<meta property=\"og:title\" content=\"Ja teniu disponible el mater. al comunicatiu de l&#039;Escola d&#039;Esplac!\" \/>\n<meta property=\"og:description\" content=\"Ja podeu veure els v\u00eddeos de l&#039;Escola d&#039;Esplac 2025. A m\u00e9s, aquest any podeu escoltar per primer cop totes les xerrades en format p\u00f2dcast!\" \/>\n<meta property=\"og:url\" content=\"https:\/\/www.esplac.cat\/material-comunicatiu-escola-esplac-2025\/\" \/>\n<meta property=\"og:site_name\" content=\"Esplac\" \/>\n<meta property=\"article:published_time\" content=\"2025-03-18T06:00:24+00:00\" \/>\n<meta property=\"article:modified_time\" content=\"2026-02-26T15:05:46+00:00\" \/>\n<meta property=\"og:image\" content=\"https:\/\/www.esplac.cat\/wp-content\/uploads\/2025\/03\/EE25_Material_Comunicatiu.jpg\" \/>\n\t<meta property=\"og:image:width\" content=\"1697\" \/>\n\t<meta property=\"og:image:height\" content=\"700\" \/>\n\t<meta property=\"og:image:type\" content=\"image\/jpeg\" \/>\n<meta name=\"author\" content=\"Comunicaci\u00f3 Esplac\" \/>\n<meta name=\"twitter:card\" content=\"summary_large_image\" \/>\n<meta name=\"twitter:label1\" content=\"Written by\" \/>\n\t<meta name=\"twitter:data1\" content=\"Comunicaci\u00f3 Esplac\" \/>\n\t<meta name=\"twitter:label2\" content=\"Est. reading time\" \/>\n\t<meta name=\"twitter:data2\" content=\"2 minutes\" \/>\n<script type=\"application\/ld+json\" class=\"yoast-schema-graph\">{\"@context\":\"https:\\\/\\\/schema.org\",\"@graph\":[{\"@type\":\"Article\",\"@id\":\"https:\\\/\\\/www.esplac.cat\\\/material-comunicatiu-escola-esplac-2025\\\/#article\",\"isPartOf\":{\"@id\":\"https:\\\/\\\/www.esplac.cat\\\/material-comunicatiu-escola-esplac-2025\\\/\"},\"author\":{\"name\":\"Comunicaci\u00f3 Esplac\",\"@id\":\"https:\\\/\\\/www.esplac.cat\\\/#\\\/schema\\\/person\\\/908383cf240be18b68f8855d0583faca\"},\"headline\":\"Ja teniu disponible tot el material comunicatiu de l&#8217;Escola d&#8217;Esplac 2025!\",\"datePublished\":\"2025-03-18T06:00:24+00:00\",\"dateModified\":\"2026-02-26T15:05:46+00:00\",\"mainEntityOfPage\":{\"@id\":\"https:\\\/\\\/www.esplac.cat\\\/material-comunicatiu-escola-esplac-2025\\\/\"},\"wordCount\":1551,\"publisher\":{\"@id\":\"https:\\\/\\\/www.esplac.cat\\\/#organization\"},\"image\":{\"@id\":\"https:\\\/\\\/www.esplac.cat\\\/material-comunicatiu-escola-esplac-2025\\\/#primaryimage\"},\"thumbnailUrl\":\"https:\\\/\\\/www.esplac.cat\\\/wp-content\\\/uploads\\\/2025\\\/03\\\/EE25_Material_Comunicatiu.jpg\",\"articleSection\":[\"Activitats esplac\",\"Escola d'Esplac\",\"S\u00f2cies\"],\"inLanguage\":\"en-US\"},{\"@type\":\"WebPage\",\"@id\":\"https:\\\/\\\/www.esplac.cat\\\/material-comunicatiu-escola-esplac-2025\\\/\",\"url\":\"https:\\\/\\\/www.esplac.cat\\\/material-comunicatiu-escola-esplac-2025\\\/\",\"name\":\"Ja teniu disponible el mater. al comunicatiu de l'Escola d'Esplac!\",\"isPartOf\":{\"@id\":\"https:\\\/\\\/www.esplac.cat\\\/#website\"},\"primaryImageOfPage\":{\"@id\":\"https:\\\/\\\/www.esplac.cat\\\/material-comunicatiu-escola-esplac-2025\\\/#primaryimage\"},\"image\":{\"@id\":\"https:\\\/\\\/www.esplac.cat\\\/material-comunicatiu-escola-esplac-2025\\\/#primaryimage\"},\"thumbnailUrl\":\"https:\\\/\\\/www.esplac.cat\\\/wp-content\\\/uploads\\\/2025\\\/03\\\/EE25_Material_Comunicatiu.jpg\",\"datePublished\":\"2025-03-18T06:00:24+00:00\",\"dateModified\":\"2026-02-26T15:05:46+00:00\",\"description\":\"Ja podeu veure els v\u00eddeos de l'Escola d'Esplac 2025. A m\u00e9s, aquest any podeu escoltar per primer cop totes les xerrades en format p\u00f2dcast!\",\"breadcrumb\":{\"@id\":\"https:\\\/\\\/www.esplac.cat\\\/material-comunicatiu-escola-esplac-2025\\\/#breadcrumb\"},\"inLanguage\":\"en-US\",\"potentialAction\":[{\"@type\":\"ReadAction\",\"target\":[\"https:\\\/\\\/www.esplac.cat\\\/material-comunicatiu-escola-esplac-2025\\\/\"]}]},{\"@type\":\"ImageObject\",\"inLanguage\":\"en-US\",\"@id\":\"https:\\\/\\\/www.esplac.cat\\\/material-comunicatiu-escola-esplac-2025\\\/#primaryimage\",\"url\":\"https:\\\/\\\/www.esplac.cat\\\/wp-content\\\/uploads\\\/2025\\\/03\\\/EE25_Material_Comunicatiu.jpg\",\"contentUrl\":\"https:\\\/\\\/www.esplac.cat\\\/wp-content\\\/uploads\\\/2025\\\/03\\\/EE25_Material_Comunicatiu.jpg\",\"width\":1697,\"height\":700,\"caption\":\"Escola Esplac\"},{\"@type\":\"BreadcrumbList\",\"@id\":\"https:\\\/\\\/www.esplac.cat\\\/material-comunicatiu-escola-esplac-2025\\\/#breadcrumb\",\"itemListElement\":[{\"@type\":\"ListItem\",\"position\":1,\"name\":\"Inici\",\"item\":\"https:\\\/\\\/www.esplac.cat\\\/en\\\/\"},{\"@type\":\"ListItem\",\"position\":2,\"name\":\"Ja teniu disponible tot el material comunicatiu de l&#8217;Escola d&#8217;Esplac 2025!\"}]},{\"@type\":\"WebSite\",\"@id\":\"https:\\\/\\\/www.esplac.cat\\\/#website\",\"url\":\"https:\\\/\\\/www.esplac.cat\\\/\",\"name\":\"Esplac\",\"description\":\"Esplais Catalans\",\"publisher\":{\"@id\":\"https:\\\/\\\/www.esplac.cat\\\/#organization\"},\"potentialAction\":[{\"@type\":\"SearchAction\",\"target\":{\"@type\":\"EntryPoint\",\"urlTemplate\":\"https:\\\/\\\/www.esplac.cat\\\/?s={search_term_string}\"},\"query-input\":{\"@type\":\"PropertyValueSpecification\",\"valueRequired\":true,\"valueName\":\"search_term_string\"}}],\"inLanguage\":\"en-US\"},{\"@type\":\"Organization\",\"@id\":\"https:\\\/\\\/www.esplac.cat\\\/#organization\",\"name\":\"Esplac\",\"url\":\"https:\\\/\\\/www.esplac.cat\\\/\",\"logo\":{\"@type\":\"ImageObject\",\"inLanguage\":\"en-US\",\"@id\":\"https:\\\/\\\/www.esplac.cat\\\/#\\\/schema\\\/logo\\\/image\\\/\",\"url\":\"https:\\\/\\\/www.esplac.cat\\\/wp-content\\\/uploads\\\/2019\\\/08\\\/logox2.png\",\"contentUrl\":\"https:\\\/\\\/www.esplac.cat\\\/wp-content\\\/uploads\\\/2019\\\/08\\\/logox2.png\",\"width\":600,\"height\":295,\"caption\":\"Esplac\"},\"image\":{\"@id\":\"https:\\\/\\\/www.esplac.cat\\\/#\\\/schema\\\/logo\\\/image\\\/\"}},{\"@type\":\"Person\",\"@id\":\"https:\\\/\\\/www.esplac.cat\\\/#\\\/schema\\\/person\\\/908383cf240be18b68f8855d0583faca\",\"name\":\"Comunicaci\u00f3 Esplac\",\"image\":{\"@type\":\"ImageObject\",\"inLanguage\":\"en-US\",\"@id\":\"https:\\\/\\\/secure.gravatar.com\\\/avatar\\\/7a4cf8feb412a76ea4a740ca02d95b06b2907b5a6c648c2dd0a1082a093c3141?s=96&d=mm&r=g\",\"url\":\"https:\\\/\\\/secure.gravatar.com\\\/avatar\\\/7a4cf8feb412a76ea4a740ca02d95b06b2907b5a6c648c2dd0a1082a093c3141?s=96&d=mm&r=g\",\"contentUrl\":\"https:\\\/\\\/secure.gravatar.com\\\/avatar\\\/7a4cf8feb412a76ea4a740ca02d95b06b2907b5a6c648c2dd0a1082a093c3141?s=96&d=mm&r=g\",\"caption\":\"Comunicaci\u00f3 Esplac\"}}]}<\/script>\n<!-- \/ Yoast SEO plugin. -->","yoast_head_json":{"title":"Ja teniu disponible el mater. al comunicatiu de l'Escola d'Esplac!","description":"Ja podeu veure els v\u00eddeos de l'Escola d'Esplac 2025. A m\u00e9s, aquest any podeu escoltar per primer cop totes les xerrades en format p\u00f2dcast!","robots":{"index":"index","follow":"follow","max-snippet":"max-snippet:-1","max-image-preview":"max-image-preview:large","max-video-preview":"max-video-preview:-1"},"canonical":"https:\/\/www.esplac.cat\/material-comunicatiu-escola-esplac-2025\/","og_locale":"en_US","og_type":"article","og_title":"Ja teniu disponible el mater. al comunicatiu de l'Escola d'Esplac!","og_description":"Ja podeu veure els v\u00eddeos de l'Escola d'Esplac 2025. A m\u00e9s, aquest any podeu escoltar per primer cop totes les xerrades en format p\u00f2dcast!","og_url":"https:\/\/www.esplac.cat\/material-comunicatiu-escola-esplac-2025\/","og_site_name":"Esplac","article_published_time":"2025-03-18T06:00:24+00:00","article_modified_time":"2026-02-26T15:05:46+00:00","og_image":[{"width":1697,"height":700,"url":"https:\/\/www.esplac.cat\/wp-content\/uploads\/2025\/03\/EE25_Material_Comunicatiu.jpg","type":"image\/jpeg"}],"author":"Comunicaci\u00f3 Esplac","twitter_card":"summary_large_image","twitter_misc":{"Written by":"Comunicaci\u00f3 Esplac","Est. reading time":"2 minutes"},"schema":{"@context":"https:\/\/schema.org","@graph":[{"@type":"Article","@id":"https:\/\/www.esplac.cat\/material-comunicatiu-escola-esplac-2025\/#article","isPartOf":{"@id":"https:\/\/www.esplac.cat\/material-comunicatiu-escola-esplac-2025\/"},"author":{"name":"Comunicaci\u00f3 Esplac","@id":"https:\/\/www.esplac.cat\/#\/schema\/person\/908383cf240be18b68f8855d0583faca"},"headline":"Ja teniu disponible tot el material comunicatiu de l&#8217;Escola d&#8217;Esplac 2025!","datePublished":"2025-03-18T06:00:24+00:00","dateModified":"2026-02-26T15:05:46+00:00","mainEntityOfPage":{"@id":"https:\/\/www.esplac.cat\/material-comunicatiu-escola-esplac-2025\/"},"wordCount":1551,"publisher":{"@id":"https:\/\/www.esplac.cat\/#organization"},"image":{"@id":"https:\/\/www.esplac.cat\/material-comunicatiu-escola-esplac-2025\/#primaryimage"},"thumbnailUrl":"https:\/\/www.esplac.cat\/wp-content\/uploads\/2025\/03\/EE25_Material_Comunicatiu.jpg","articleSection":["Activitats esplac","Escola d'Esplac","S\u00f2cies"],"inLanguage":"en-US"},{"@type":"WebPage","@id":"https:\/\/www.esplac.cat\/material-comunicatiu-escola-esplac-2025\/","url":"https:\/\/www.esplac.cat\/material-comunicatiu-escola-esplac-2025\/","name":"Ja teniu disponible el mater. al comunicatiu de l'Escola d'Esplac!","isPartOf":{"@id":"https:\/\/www.esplac.cat\/#website"},"primaryImageOfPage":{"@id":"https:\/\/www.esplac.cat\/material-comunicatiu-escola-esplac-2025\/#primaryimage"},"image":{"@id":"https:\/\/www.esplac.cat\/material-comunicatiu-escola-esplac-2025\/#primaryimage"},"thumbnailUrl":"https:\/\/www.esplac.cat\/wp-content\/uploads\/2025\/03\/EE25_Material_Comunicatiu.jpg","datePublished":"2025-03-18T06:00:24+00:00","dateModified":"2026-02-26T15:05:46+00:00","description":"Ja podeu veure els v\u00eddeos de l'Escola d'Esplac 2025. A m\u00e9s, aquest any podeu escoltar per primer cop totes les xerrades en format p\u00f2dcast!","breadcrumb":{"@id":"https:\/\/www.esplac.cat\/material-comunicatiu-escola-esplac-2025\/#breadcrumb"},"inLanguage":"en-US","potentialAction":[{"@type":"ReadAction","target":["https:\/\/www.esplac.cat\/material-comunicatiu-escola-esplac-2025\/"]}]},{"@type":"ImageObject","inLanguage":"en-US","@id":"https:\/\/www.esplac.cat\/material-comunicatiu-escola-esplac-2025\/#primaryimage","url":"https:\/\/www.esplac.cat\/wp-content\/uploads\/2025\/03\/EE25_Material_Comunicatiu.jpg","contentUrl":"https:\/\/www.esplac.cat\/wp-content\/uploads\/2025\/03\/EE25_Material_Comunicatiu.jpg","width":1697,"height":700,"caption":"Escola Esplac"},{"@type":"BreadcrumbList","@id":"https:\/\/www.esplac.cat\/material-comunicatiu-escola-esplac-2025\/#breadcrumb","itemListElement":[{"@type":"ListItem","position":1,"name":"Inici","item":"https:\/\/www.esplac.cat\/en\/"},{"@type":"ListItem","position":2,"name":"Ja teniu disponible tot el material comunicatiu de l&#8217;Escola d&#8217;Esplac 2025!"}]},{"@type":"WebSite","@id":"https:\/\/www.esplac.cat\/#website","url":"https:\/\/www.esplac.cat\/","name":"Esplac","description":"Esplais Catalans","publisher":{"@id":"https:\/\/www.esplac.cat\/#organization"},"potentialAction":[{"@type":"SearchAction","target":{"@type":"EntryPoint","urlTemplate":"https:\/\/www.esplac.cat\/?s={search_term_string}"},"query-input":{"@type":"PropertyValueSpecification","valueRequired":true,"valueName":"search_term_string"}}],"inLanguage":"en-US"},{"@type":"Organization","@id":"https:\/\/www.esplac.cat\/#organization","name":"Esplac","url":"https:\/\/www.esplac.cat\/","logo":{"@type":"ImageObject","inLanguage":"en-US","@id":"https:\/\/www.esplac.cat\/#\/schema\/logo\/image\/","url":"https:\/\/www.esplac.cat\/wp-content\/uploads\/2019\/08\/logox2.png","contentUrl":"https:\/\/www.esplac.cat\/wp-content\/uploads\/2019\/08\/logox2.png","width":600,"height":295,"caption":"Esplac"},"image":{"@id":"https:\/\/www.esplac.cat\/#\/schema\/logo\/image\/"}},{"@type":"Person","@id":"https:\/\/www.esplac.cat\/#\/schema\/person\/908383cf240be18b68f8855d0583faca","name":"Comunicaci\u00f3 Esplac","image":{"@type":"ImageObject","inLanguage":"en-US","@id":"https:\/\/secure.gravatar.com\/avatar\/7a4cf8feb412a76ea4a740ca02d95b06b2907b5a6c648c2dd0a1082a093c3141?s=96&d=mm&r=g","url":"https:\/\/secure.gravatar.com\/avatar\/7a4cf8feb412a76ea4a740ca02d95b06b2907b5a6c648c2dd0a1082a093c3141?s=96&d=mm&r=g","contentUrl":"https:\/\/secure.gravatar.com\/avatar\/7a4cf8feb412a76ea4a740ca02d95b06b2907b5a6c648c2dd0a1082a093c3141?s=96&d=mm&r=g","caption":"Comunicaci\u00f3 Esplac"}}]}},"_links":{"self":[{"href":"https:\/\/www.esplac.cat\/en\/wp-json\/wp\/v2\/posts\/52898","targetHints":{"allow":["GET"]}}],"collection":[{"href":"https:\/\/www.esplac.cat\/en\/wp-json\/wp\/v2\/posts"}],"about":[{"href":"https:\/\/www.esplac.cat\/en\/wp-json\/wp\/v2\/types\/post"}],"author":[{"embeddable":true,"href":"https:\/\/www.esplac.cat\/en\/wp-json\/wp\/v2\/users\/3"}],"replies":[{"embeddable":true,"href":"https:\/\/www.esplac.cat\/en\/wp-json\/wp\/v2\/comments?post=52898"}],"version-history":[{"count":16,"href":"https:\/\/www.esplac.cat\/en\/wp-json\/wp\/v2\/posts\/52898\/revisions"}],"predecessor-version":[{"id":55540,"href":"https:\/\/www.esplac.cat\/en\/wp-json\/wp\/v2\/posts\/52898\/revisions\/55540"}],"wp:featuredmedia":[{"embeddable":true,"href":"https:\/\/www.esplac.cat\/en\/wp-json\/wp\/v2\/media\/52900"}],"wp:attachment":[{"href":"https:\/\/www.esplac.cat\/en\/wp-json\/wp\/v2\/media?parent=52898"}],"wp:term":[{"taxonomy":"category","embeddable":true,"href":"https:\/\/www.esplac.cat\/en\/wp-json\/wp\/v2\/categories?post=52898"},{"taxonomy":"post_tag","embeddable":true,"href":"https:\/\/www.esplac.cat\/en\/wp-json\/wp\/v2\/tags?post=52898"}],"curies":[{"name":"wp","href":"https:\/\/api.w.org\/{rel}","templated":true}]}}